{"id":96188,"date":"2022-11-30T14:55:16","date_gmt":"2022-11-30T17:55:16","guid":{"rendered":"https:\/\/redenoticiaz.com.br\/litoralsp\/?p=96188"},"modified":"2022-11-30T14:55:16","modified_gmt":"2022-11-30T17:55:16","slug":"praia-grande-faz-nova-convocacao-para-guarda-vidas-temporarios","status":"publish","type":"post","link":"https:\/\/redenoticiaz.com.br\/litoralsp\/2022\/11\/30\/praia-grande-faz-nova-convocacao-para-guarda-vidas-temporarios","title":{"rendered":"Praia Grande faz nova convoca\u00e7\u00e3o para guarda-vidas tempor\u00e1rios"},"content":{"rendered":"<p>A Prefeitura de Praia Grande est\u00e1 convocando mais uma lista de \u00a0aprovados para o Curso de Forma\u00e7\u00e3o de auxiliar de Guarda-vidas \u00a0tempor\u00e1rio (processo seletivo 003\/2022). Os aprovados atuar\u00e3o no \u00a0refor\u00e7o das praias durante a temporada de ver\u00e3o.<\/p>\n<p>Os convocados devem comparecer \u00e0 Sede do 2\u00ba Subgrupamento de Bombeiros \u00a0Mar\u00edtimo, situado \u00e0 Rua Gilberto Fouad Beck,110, Bairro Mirim, no dia \u00a005 de dezembro, \u00e0s 08 horas, munidos de documento de identifica\u00e7\u00e3o com \u00a0foto.<\/p>\n<p>Para ter acesso \u00e0 lista de aprovados e outras informa\u00e7\u00f5es sobre o \u00a0processo seletivo, os interessados devem acessar o site do Munic\u00edpio \u00a0(<a href=\"http:\/\/www.praiagrande.sp.gov.br\/\" target=\"_blank\" rel=\"noopener noreferrer\">www.praiagrande.sp.gov.br<\/a>), clicar em \u2018Servi\u00e7os Online\u2019 e depois \u00a0clicar em Concursos P\u00fablicos.<\/p>\n<p>O processo seletivo inclui a aplica\u00e7\u00e3o de provas f\u00edsicas, com nata\u00e7\u00e3o \u00a0e corrida na areia da praia, al\u00e9m de um curso de forma\u00e7\u00e3o. Os \u00a0contratados ter\u00e3o carga hor\u00e1ria de 40 horas semanais e sal\u00e1rio bruto \u00a0de R$ 1.800,00.<\/p>\n<p><strong>Leia mais<\/strong><\/p>\n<p><a href=\"https:\/\/redenoticiaz.com.br\/litoralsp\/2022\/11\/29\/caravana-coca-cola-passara-por-praia-grande-sao-vicente-santos-e-cubatao\">Caravana Coca-Cola passar\u00e1 por Praia Grande, S\u00e3o Vicente, Santos e Cubat\u00e3o<\/a><\/p>\n","protected":false},"excerpt":{"rendered":"<p>A Prefeitura de Praia Grande est\u00e1 convocando mais uma lista de \u00a0aprovados para o Curso de Forma\u00e7\u00e3o de auxiliar de Guarda-vidas \u00a0tempor\u00e1rio (processo seletivo 003\/2022). Os aprovados atuar\u00e3o no \u00a0refor\u00e7o das praias durante a temporada de ver\u00e3o. Os convocados devem comparecer \u00e0 Sede do 2\u00ba Subgrupamento de Bombeiros \u00a0Mar\u00edtimo, situado \u00e0 Rua Gilberto Fouad Beck,110, &hellip;<\/p>\n","protected":false},"author":12,"featured_media":95137,"comment_status":"open","ping_status":"closed","sticky":false,"template":"","format":"standard","meta":{"footnotes":""},"categories":[182],"tags":[8377,1101,61389],"class_list":["post-96188","post","type-post","status-publish","format-standard","has-post-thumbnail","hentry","category-praia-grande","tag-guarda-vidas","tag-praia-grande","tag-reforco-das-praias"],"yoast_head":"<!-- This site is optimized with the Yoast SEO plugin v27.5 - https:\/\/yoast.com\/product\/yoast-seo-wordpress\/ -->\n<title>Praia Grande faz nova convoca\u00e7\u00e3o para guarda-vidas tempor\u00e1rios - Litoral SP<\/title>\n<meta name=\"description\" content=\"A Prefeitura de Praia Grande est\u00e1 convocando mais uma lista de \u00a0aprovados para o Curso de Forma\u00e7\u00e3o de auxiliar de Guarda-vidas \u00a0tempor\u00e1rio (processo seletivo 003\/2022).\" \/>\n<meta name=\"robots\" content=\"index, follow, max-snippet:-1, max-image-preview:large, max-video-preview:-1\" \/>\n<link rel=\"canonical\" href=\"https:\/\/redenoticiaz.com.br\/litoralsp\/2022\/11\/30\/praia-grande-faz-nova-convocacao-para-guarda-vidas-temporarios\" \/>\n<meta property=\"og:locale\" content=\"pt_BR\" \/>\n<meta property=\"og:type\" content=\"article\" \/>\n<meta property=\"og:title\" content=\"Praia Grande faz nova convoca\u00e7\u00e3o para guarda-vidas tempor\u00e1rios - Litoral SP\" \/>\n<meta property=\"og:description\" content=\"A Prefeitura de Praia Grande est\u00e1 convocando mais uma lista de \u00a0aprovados para o Curso de Forma\u00e7\u00e3o de auxiliar de Guarda-vidas \u00a0tempor\u00e1rio (processo seletivo 003\/2022).\" \/>\n<meta property=\"og:url\" content=\"https:\/\/redenoticiaz.com.br\/litoralsp\/2022\/11\/30\/praia-grande-faz-nova-convocacao-para-guarda-vidas-temporarios\" \/>\n<meta property=\"og:site_name\" content=\"Litoral SP\" \/>\n<meta property=\"article:published_time\" content=\"2022-11-30T17:55:16+00:00\" \/>\n<meta property=\"og:image\" content=\"https:\/\/redenoticiaz.com.br\/litoralsp\/wp-content\/uploads\/sites\/3\/2022\/11\/orla_aerea_foto_jairo_marques-2-575x381-1.jpg\" \/>\n\t<meta property=\"og:image:width\" content=\"575\" \/>\n\t<meta property=\"og:image:height\" content=\"381\" \/>\n\t<meta property=\"og:image:type\" content=\"image\/jpeg\" \/>\n<meta name=\"author\" content=\"Gustavo Silva\" \/>\n<meta name=\"twitter:card\" content=\"summary_large_image\" \/>\n<meta name=\"twitter:label1\" content=\"Escrito por\" \/>\n\t<meta name=\"twitter:data1\" content=\"Gustavo Silva\" \/>\n\t<meta name=\"twitter:label2\" content=\"Est. tempo de leitura\" \/>\n\t<meta name=\"twitter:data2\" content=\"1 minuto\" \/>\n<script type=\"application\/ld+json\" class=\"yoast-schema-graph\">{\"@context\":\"https:\\\/\\\/schema.org\",\"@graph\":[{\"@type\":\"Article\",\"@id\":\"https:\\\/\\\/redenoticiaz.com.br\\\/litoralsp\\\/2022\\\/11\\\/30\\\/praia-grande-faz-nova-convocacao-para-guarda-vidas-temporarios#article\",\"isPartOf\":{\"@id\":\"https:\\\/\\\/redenoticiaz.com.br\\\/litoralsp\\\/2022\\\/11\\\/30\\\/praia-grande-faz-nova-convocacao-para-guarda-vidas-temporarios\"},\"author\":{\"name\":\"Gustavo Silva\",\"@id\":\"https:\\\/\\\/redenoticiaz.com.br\\\/litoralsp\\\/#\\\/schema\\\/person\\\/16057b37a3c0ee6b096d7f887c566e2e\"},\"headline\":\"Praia Grande faz nova convoca\u00e7\u00e3o para guarda-vidas tempor\u00e1rios\",\"datePublished\":\"2022-11-30T17:55:16+00:00\",\"mainEntityOfPage\":{\"@id\":\"https:\\\/\\\/redenoticiaz.com.br\\\/litoralsp\\\/2022\\\/11\\\/30\\\/praia-grande-faz-nova-convocacao-para-guarda-vidas-temporarios\"},\"wordCount\":182,\"commentCount\":0,\"publisher\":{\"@id\":\"https:\\\/\\\/redenoticiaz.com.br\\\/litoralsp\\\/#organization\"},\"image\":{\"@id\":\"https:\\\/\\\/redenoticiaz.com.br\\\/litoralsp\\\/2022\\\/11\\\/30\\\/praia-grande-faz-nova-convocacao-para-guarda-vidas-temporarios#primaryimage\"},\"thumbnailUrl\":\"https:\\\/\\\/redenoticiaz.com.br\\\/litoralsp\\\/wp-content\\\/uploads\\\/sites\\\/3\\\/2022\\\/11\\\/orla_aerea_foto_jairo_marques-2-575x381-1.jpg\",\"keywords\":[\"GUARDA-VIDAS\",\"PRAIA GRANDE\",\"refor\u00e7o das praias\"],\"articleSection\":[\"Praia Grande\"],\"inLanguage\":\"pt-BR\",\"potentialAction\":[{\"@type\":\"CommentAction\",\"name\":\"Comment\",\"target\":[\"https:\\\/\\\/redenoticiaz.com.br\\\/litoralsp\\\/2022\\\/11\\\/30\\\/praia-grande-faz-nova-convocacao-para-guarda-vidas-temporarios#respond\"]}]},{\"@type\":\"WebPage\",\"@id\":\"https:\\\/\\\/redenoticiaz.com.br\\\/litoralsp\\\/2022\\\/11\\\/30\\\/praia-grande-faz-nova-convocacao-para-guarda-vidas-temporarios\",\"url\":\"https:\\\/\\\/redenoticiaz.com.br\\\/litoralsp\\\/2022\\\/11\\\/30\\\/praia-grande-faz-nova-convocacao-para-guarda-vidas-temporarios\",\"name\":\"Praia Grande faz nova convoca\u00e7\u00e3o para guarda-vidas tempor\u00e1rios - Litoral SP\",\"isPartOf\":{\"@id\":\"https:\\\/\\\/redenoticiaz.com.br\\\/litoralsp\\\/#website\"},\"primaryImageOfPage\":{\"@id\":\"https:\\\/\\\/redenoticiaz.com.br\\\/litoralsp\\\/2022\\\/11\\\/30\\\/praia-grande-faz-nova-convocacao-para-guarda-vidas-temporarios#primaryimage\"},\"image\":{\"@id\":\"https:\\\/\\\/redenoticiaz.com.br\\\/litoralsp\\\/2022\\\/11\\\/30\\\/praia-grande-faz-nova-convocacao-para-guarda-vidas-temporarios#primaryimage\"},\"thumbnailUrl\":\"https:\\\/\\\/redenoticiaz.com.br\\\/litoralsp\\\/wp-content\\\/uploads\\\/sites\\\/3\\\/2022\\\/11\\\/orla_aerea_foto_jairo_marques-2-575x381-1.jpg\",\"datePublished\":\"2022-11-30T17:55:16+00:00\",\"description\":\"A Prefeitura de Praia Grande est\u00e1 convocando mais uma lista de \u00a0aprovados para o Curso de Forma\u00e7\u00e3o de auxiliar de Guarda-vidas \u00a0tempor\u00e1rio (processo seletivo 003\\\/2022).\",\"inLanguage\":\"pt-BR\",\"potentialAction\":[{\"@type\":\"ReadAction\",\"target\":[\"https:\\\/\\\/redenoticiaz.com.br\\\/litoralsp\\\/2022\\\/11\\\/30\\\/praia-grande-faz-nova-convocacao-para-guarda-vidas-temporarios\"]}]},{\"@type\":\"ImageObject\",\"inLanguage\":\"pt-BR\",\"@id\":\"https:\\\/\\\/redenoticiaz.com.br\\\/litoralsp\\\/2022\\\/11\\\/30\\\/praia-grande-faz-nova-convocacao-para-guarda-vidas-temporarios#primaryimage\",\"url\":\"https:\\\/\\\/redenoticiaz.com.br\\\/litoralsp\\\/wp-content\\\/uploads\\\/sites\\\/3\\\/2022\\\/11\\\/orla_aerea_foto_jairo_marques-2-575x381-1.jpg\",\"contentUrl\":\"https:\\\/\\\/redenoticiaz.com.br\\\/litoralsp\\\/wp-content\\\/uploads\\\/sites\\\/3\\\/2022\\\/11\\\/orla_aerea_foto_jairo_marques-2-575x381-1.jpg\",\"width\":575,\"height\":381,\"caption\":\"Adolescente v\u00edtima de afogamento \u00e9 encontrado sem vida em Praia Grande\"},{\"@type\":\"WebSite\",\"@id\":\"https:\\\/\\\/redenoticiaz.com.br\\\/litoralsp\\\/#website\",\"url\":\"https:\\\/\\\/redenoticiaz.com.br\\\/litoralsp\\\/\",\"name\":\"Litoral SP\",\"description\":\"Rede NoticiaZ\",\"publisher\":{\"@id\":\"https:\\\/\\\/redenoticiaz.com.br\\\/litoralsp\\\/#organization\"},\"potentialAction\":[{\"@type\":\"SearchAction\",\"target\":{\"@type\":\"EntryPoint\",\"urlTemplate\":\"https:\\\/\\\/redenoticiaz.com.br\\\/litoralsp\\\/?s={search_term_string}\"},\"query-input\":{\"@type\":\"PropertyValueSpecification\",\"valueRequired\":true,\"valueName\":\"search_term_string\"}}],\"inLanguage\":\"pt-BR\"},{\"@type\":\"Organization\",\"@id\":\"https:\\\/\\\/redenoticiaz.com.br\\\/litoralsp\\\/#organization\",\"name\":\"Litoral SP\",\"url\":\"https:\\\/\\\/redenoticiaz.com.br\\\/litoralsp\\\/\",\"logo\":{\"@type\":\"ImageObject\",\"inLanguage\":\"pt-BR\",\"@id\":\"https:\\\/\\\/redenoticiaz.com.br\\\/litoralsp\\\/#\\\/schema\\\/logo\\\/image\\\/\",\"url\":\"https:\\\/\\\/redenoticiaz.com.br\\\/litoralsp\\\/wp-content\\\/uploads\\\/sites\\\/3\\\/2020\\\/11\\\/logo.jpg\",\"contentUrl\":\"https:\\\/\\\/redenoticiaz.com.br\\\/litoralsp\\\/wp-content\\\/uploads\\\/sites\\\/3\\\/2020\\\/11\\\/logo.jpg\",\"width\":400,\"height\":250,\"caption\":\"Litoral SP\"},\"image\":{\"@id\":\"https:\\\/\\\/redenoticiaz.com.br\\\/litoralsp\\\/#\\\/schema\\\/logo\\\/image\\\/\"}},{\"@type\":\"Person\",\"@id\":\"https:\\\/\\\/redenoticiaz.com.br\\\/litoralsp\\\/#\\\/schema\\\/person\\\/16057b37a3c0ee6b096d7f887c566e2e\",\"name\":\"Gustavo Silva\",\"image\":{\"@type\":\"ImageObject\",\"inLanguage\":\"pt-BR\",\"@id\":\"https:\\\/\\\/secure.gravatar.com\\\/avatar\\\/3ee4e82f93b26de0a7cf4ea5eb7893da637ed6bb0c9170c58065944c56e28a33?s=96&d=mm&r=g\",\"url\":\"https:\\\/\\\/secure.gravatar.com\\\/avatar\\\/3ee4e82f93b26de0a7cf4ea5eb7893da637ed6bb0c9170c58065944c56e28a33?s=96&d=mm&r=g\",\"contentUrl\":\"https:\\\/\\\/secure.gravatar.com\\\/avatar\\\/3ee4e82f93b26de0a7cf4ea5eb7893da637ed6bb0c9170c58065944c56e28a33?s=96&d=mm&r=g\",\"caption\":\"Gustavo Silva\"},\"url\":\"https:\\\/\\\/redenoticiaz.com.br\\\/litoralsp\\\/author\\\/gustavosilva\"}]}<\/script>\n<!-- \/ Yoast SEO plugin. -->","yoast_head_json":{"title":"Praia Grande faz nova convoca\u00e7\u00e3o para guarda-vidas tempor\u00e1rios - Litoral SP","description":"A Prefeitura de Praia Grande est\u00e1 convocando mais uma lista de \u00a0aprovados para o Curso de Forma\u00e7\u00e3o de auxiliar de Guarda-vidas \u00a0tempor\u00e1rio (processo seletivo 003\/2022).","robots":{"index":"index","follow":"follow","max-snippet":"max-snippet:-1","max-image-preview":"max-image-preview:large","max-video-preview":"max-video-preview:-1"},"canonical":"https:\/\/redenoticiaz.com.br\/litoralsp\/2022\/11\/30\/praia-grande-faz-nova-convocacao-para-guarda-vidas-temporarios","og_locale":"pt_BR","og_type":"article","og_title":"Praia Grande faz nova convoca\u00e7\u00e3o para guarda-vidas tempor\u00e1rios - Litoral SP","og_description":"A Prefeitura de Praia Grande est\u00e1 convocando mais uma lista de \u00a0aprovados para o Curso de Forma\u00e7\u00e3o de auxiliar de Guarda-vidas \u00a0tempor\u00e1rio (processo seletivo 003\/2022).","og_url":"https:\/\/redenoticiaz.com.br\/litoralsp\/2022\/11\/30\/praia-grande-faz-nova-convocacao-para-guarda-vidas-temporarios","og_site_name":"Litoral SP","article_published_time":"2022-11-30T17:55:16+00:00","og_image":[{"width":575,"height":381,"url":"https:\/\/redenoticiaz.com.br\/litoralsp\/wp-content\/uploads\/sites\/3\/2022\/11\/orla_aerea_foto_jairo_marques-2-575x381-1.jpg","type":"image\/jpeg"}],"author":"Gustavo Silva","twitter_card":"summary_large_image","twitter_misc":{"Escrito por":"Gustavo Silva","Est. tempo de leitura":"1 minuto"},"schema":{"@context":"https:\/\/schema.org","@graph":[{"@type":"Article","@id":"https:\/\/redenoticiaz.com.br\/litoralsp\/2022\/11\/30\/praia-grande-faz-nova-convocacao-para-guarda-vidas-temporarios#article","isPartOf":{"@id":"https:\/\/redenoticiaz.com.br\/litoralsp\/2022\/11\/30\/praia-grande-faz-nova-convocacao-para-guarda-vidas-temporarios"},"author":{"name":"Gustavo Silva","@id":"https:\/\/redenoticiaz.com.br\/litoralsp\/#\/schema\/person\/16057b37a3c0ee6b096d7f887c566e2e"},"headline":"Praia Grande faz nova convoca\u00e7\u00e3o para guarda-vidas tempor\u00e1rios","datePublished":"2022-11-30T17:55:16+00:00","mainEntityOfPage":{"@id":"https:\/\/redenoticiaz.com.br\/litoralsp\/2022\/11\/30\/praia-grande-faz-nova-convocacao-para-guarda-vidas-temporarios"},"wordCount":182,"commentCount":0,"publisher":{"@id":"https:\/\/redenoticiaz.com.br\/litoralsp\/#organization"},"image":{"@id":"https:\/\/redenoticiaz.com.br\/litoralsp\/2022\/11\/30\/praia-grande-faz-nova-convocacao-para-guarda-vidas-temporarios#primaryimage"},"thumbnailUrl":"https:\/\/redenoticiaz.com.br\/litoralsp\/wp-content\/uploads\/sites\/3\/2022\/11\/orla_aerea_foto_jairo_marques-2-575x381-1.jpg","keywords":["GUARDA-VIDAS","PRAIA GRANDE","refor\u00e7o das praias"],"articleSection":["Praia Grande"],"inLanguage":"pt-BR","potentialAction":[{"@type":"CommentAction","name":"Comment","target":["https:\/\/redenoticiaz.com.br\/litoralsp\/2022\/11\/30\/praia-grande-faz-nova-convocacao-para-guarda-vidas-temporarios#respond"]}]},{"@type":"WebPage","@id":"https:\/\/redenoticiaz.com.br\/litoralsp\/2022\/11\/30\/praia-grande-faz-nova-convocacao-para-guarda-vidas-temporarios","url":"https:\/\/redenoticiaz.com.br\/litoralsp\/2022\/11\/30\/praia-grande-faz-nova-convocacao-para-guarda-vidas-temporarios","name":"Praia Grande faz nova convoca\u00e7\u00e3o para guarda-vidas tempor\u00e1rios - Litoral SP","isPartOf":{"@id":"https:\/\/redenoticiaz.com.br\/litoralsp\/#website"},"primaryImageOfPage":{"@id":"https:\/\/redenoticiaz.com.br\/litoralsp\/2022\/11\/30\/praia-grande-faz-nova-convocacao-para-guarda-vidas-temporarios#primaryimage"},"image":{"@id":"https:\/\/redenoticiaz.com.br\/litoralsp\/2022\/11\/30\/praia-grande-faz-nova-convocacao-para-guarda-vidas-temporarios#primaryimage"},"thumbnailUrl":"https:\/\/redenoticiaz.com.br\/litoralsp\/wp-content\/uploads\/sites\/3\/2022\/11\/orla_aerea_foto_jairo_marques-2-575x381-1.jpg","datePublished":"2022-11-30T17:55:16+00:00","description":"A Prefeitura de Praia Grande est\u00e1 convocando mais uma lista de \u00a0aprovados para o Curso de Forma\u00e7\u00e3o de auxiliar de Guarda-vidas \u00a0tempor\u00e1rio (processo seletivo 003\/2022).","inLanguage":"pt-BR","potentialAction":[{"@type":"ReadAction","target":["https:\/\/redenoticiaz.com.br\/litoralsp\/2022\/11\/30\/praia-grande-faz-nova-convocacao-para-guarda-vidas-temporarios"]}]},{"@type":"ImageObject","inLanguage":"pt-BR","@id":"https:\/\/redenoticiaz.com.br\/litoralsp\/2022\/11\/30\/praia-grande-faz-nova-convocacao-para-guarda-vidas-temporarios#primaryimage","url":"https:\/\/redenoticiaz.com.br\/litoralsp\/wp-content\/uploads\/sites\/3\/2022\/11\/orla_aerea_foto_jairo_marques-2-575x381-1.jpg","contentUrl":"https:\/\/redenoticiaz.com.br\/litoralsp\/wp-content\/uploads\/sites\/3\/2022\/11\/orla_aerea_foto_jairo_marques-2-575x381-1.jpg","width":575,"height":381,"caption":"Adolescente v\u00edtima de afogamento \u00e9 encontrado sem vida em Praia Grande"},{"@type":"WebSite","@id":"https:\/\/redenoticiaz.com.br\/litoralsp\/#website","url":"https:\/\/redenoticiaz.com.br\/litoralsp\/","name":"Litoral SP","description":"Rede NoticiaZ","publisher":{"@id":"https:\/\/redenoticiaz.com.br\/litoralsp\/#organization"},"potentialAction":[{"@type":"SearchAction","target":{"@type":"EntryPoint","urlTemplate":"https:\/\/redenoticiaz.com.br\/litoralsp\/?s={search_term_string}"},"query-input":{"@type":"PropertyValueSpecification","valueRequired":true,"valueName":"search_term_string"}}],"inLanguage":"pt-BR"},{"@type":"Organization","@id":"https:\/\/redenoticiaz.com.br\/litoralsp\/#organization","name":"Litoral SP","url":"https:\/\/redenoticiaz.com.br\/litoralsp\/","logo":{"@type":"ImageObject","inLanguage":"pt-BR","@id":"https:\/\/redenoticiaz.com.br\/litoralsp\/#\/schema\/logo\/image\/","url":"https:\/\/redenoticiaz.com.br\/litoralsp\/wp-content\/uploads\/sites\/3\/2020\/11\/logo.jpg","contentUrl":"https:\/\/redenoticiaz.com.br\/litoralsp\/wp-content\/uploads\/sites\/3\/2020\/11\/logo.jpg","width":400,"height":250,"caption":"Litoral SP"},"image":{"@id":"https:\/\/redenoticiaz.com.br\/litoralsp\/#\/schema\/logo\/image\/"}},{"@type":"Person","@id":"https:\/\/redenoticiaz.com.br\/litoralsp\/#\/schema\/person\/16057b37a3c0ee6b096d7f887c566e2e","name":"Gustavo Silva","image":{"@type":"ImageObject","inLanguage":"pt-BR","@id":"https:\/\/secure.gravatar.com\/avatar\/3ee4e82f93b26de0a7cf4ea5eb7893da637ed6bb0c9170c58065944c56e28a33?s=96&d=mm&r=g","url":"https:\/\/secure.gravatar.com\/avatar\/3ee4e82f93b26de0a7cf4ea5eb7893da637ed6bb0c9170c58065944c56e28a33?s=96&d=mm&r=g","contentUrl":"https:\/\/secure.gravatar.com\/avatar\/3ee4e82f93b26de0a7cf4ea5eb7893da637ed6bb0c9170c58065944c56e28a33?s=96&d=mm&r=g","caption":"Gustavo Silva"},"url":"https:\/\/redenoticiaz.com.br\/litoralsp\/author\/gustavosilva"}]}},"_links":{"self":[{"href":"https:\/\/redenoticiaz.com.br\/litoralsp\/wp-json\/wp\/v2\/posts\/96188","targetHints":{"allow":["GET"]}}],"collection":[{"href":"https:\/\/redenoticiaz.com.br\/litoralsp\/wp-json\/wp\/v2\/posts"}],"about":[{"href":"https:\/\/redenoticiaz.com.br\/litoralsp\/wp-json\/wp\/v2\/types\/post"}],"author":[{"embeddable":true,"href":"https:\/\/redenoticiaz.com.br\/litoralsp\/wp-json\/wp\/v2\/users\/12"}],"replies":[{"embeddable":true,"href":"https:\/\/redenoticiaz.com.br\/litoralsp\/wp-json\/wp\/v2\/comments?post=96188"}],"version-history":[{"count":1,"href":"https:\/\/redenoticiaz.com.br\/litoralsp\/wp-json\/wp\/v2\/posts\/96188\/revisions"}],"predecessor-version":[{"id":96189,"href":"https:\/\/redenoticiaz.com.br\/litoralsp\/wp-json\/wp\/v2\/posts\/96188\/revisions\/96189"}],"wp:featuredmedia":[{"embeddable":true,"href":"https:\/\/redenoticiaz.com.br\/litoralsp\/wp-json\/wp\/v2\/media\/95137"}],"wp:attachment":[{"href":"https:\/\/redenoticiaz.com.br\/litoralsp\/wp-json\/wp\/v2\/media?parent=96188"}],"wp:term":[{"taxonomy":"category","embeddable":true,"href":"https:\/\/redenoticiaz.com.br\/litoralsp\/wp-json\/wp\/v2\/categories?post=96188"},{"taxonomy":"post_tag","embeddable":true,"href":"https:\/\/redenoticiaz.com.br\/litoralsp\/wp-json\/wp\/v2\/tags?post=96188"}],"curies":[{"name":"wp","href":"https:\/\/api.w.org\/{rel}","templated":true}]}}