{"id":96190,"date":"2022-11-30T15:01:39","date_gmt":"2022-11-30T18:01:39","guid":{"rendered":"https:\/\/redenoticiaz.com.br\/litoralsp\/?p=96190"},"modified":"2022-11-30T15:01:39","modified_gmt":"2022-11-30T18:01:39","slug":"guaruja-tera-carreata-de-natal-no-dia-18-de-dezembro","status":"publish","type":"post","link":"https:\/\/redenoticiaz.com.br\/litoralsp\/2022\/11\/30\/guaruja-tera-carreata-de-natal-no-dia-18-de-dezembro","title":{"rendered":"Guaruj\u00e1 ter\u00e1 carreata de natal no dia 18 de dezembro"},"content":{"rendered":"<p class=\"mvp-post-title left entry-title\" data-raofz=\"56\"><span style=\"font-size: 16px;font-weight: 400\">A magia e o encanto do Natal v\u00e3o tomar conta da P\u00e9rola do Atl\u00e2ntico no dia 18 de dezembro, \u00faltimo domingo antes da grande data. \u00c9 que a Prefeitura de Guaruj\u00e1 realizar\u00e1 a Carreata de Natal, que percorrer\u00e1 as principais vias da Cidade. O evento \u00e9 gratuito e voltado a todos os mun\u00edcipes e turistas. Organizada pela Secretaria Municipal de Cultura (Secult), a iniciativa acontece em parceria com as demais secretarias municipais.<\/span><\/p>\n<div class=\"mvp-author-info-wrap left relative\" data-raofz=\"16\">\n<p data-raofz=\"17\">A concentra\u00e7\u00e3o ter\u00e1 in\u00edcio \u00e0s 16h30, na Pra\u00e7a 14 Bis, em Vicente de Carvalho, com sa\u00edda do local, por volta das 18 horas. O trajeto seguir\u00e1 ao longo da Avenida Santos Dumont, chegando \u00e0 \u00e1rea central da Cidade, pela Avenida Puglisi. Depois, passar\u00e1 pela Pra\u00e7a dos Expedicion\u00e1rios (na Praia de Pitangueiras), com t\u00e9rmino e dispers\u00e3o na Pra\u00e7a Hor\u00e1cio Lafer, na Praia da Enseada. Guarda civis municipais, agentes de tr\u00e2nsito e outros profissionais da Administra\u00e7\u00e3o Municipal dar\u00e3o o apoio durante o desfile.<\/p>\n<p data-raofz=\"17\">Todo o percurso ter\u00e1, aproximadamente, nove quil\u00f4metros de extens\u00e3o. A previs\u00e3o dos organizadores \u00e9 de que o trajeto seja conclu\u00eddo em pelo menos duas horas e meia. Para as tradicionais fotos, a Pra\u00e7a Hor\u00e1cio Lafer estar\u00e1 decorada com uma estrutura natalina e reunir\u00e1 ainda apresenta\u00e7\u00f5es musicais e culturais.<\/p>\n<p data-raofz=\"17\"><strong>Leia mais<\/strong><\/p>\n<p data-raofz=\"17\"><a href=\"https:\/\/redenoticiaz.com.br\/litoralsp\/2022\/11\/29\/jovem-que-atuava-no-trafico-da-regiao-e-preso-em-guaruja\">Jovem que atuava no tr\u00e1fico da regi\u00e3o \u00e9 preso em Guaruj\u00e1<\/a><\/p>\n<\/div>\n","protected":false},"excerpt":{"rendered":"<p>A magia e o encanto do Natal v\u00e3o tomar conta da P\u00e9rola do Atl\u00e2ntico no dia 18 de dezembro, \u00faltimo domingo antes da grande data. \u00c9 que a Prefeitura de Guaruj\u00e1 realizar\u00e1 a Carreata de Natal, que percorrer\u00e1 as principais vias da Cidade. O evento \u00e9 gratuito e voltado a todos os mun\u00edcipes e turistas. &hellip;<\/p>\n","protected":false},"author":12,"featured_media":96191,"comment_status":"open","ping_status":"closed","sticky":false,"template":"","format":"standard","meta":{"footnotes":""},"categories":[187],"tags":[6426,101,36289,61390],"class_list":["post-96190","post","type-post","status-publish","format-standard","has-post-thumbnail","hentry","category-guaruja","tag-guaruja-2","tag-natal","tag-praca-14-bis","tag-praca-horacio-lafer"],"yoast_head":"<!-- This site is optimized with the Yoast SEO plugin v27.5 - https:\/\/yoast.com\/product\/yoast-seo-wordpress\/ -->\n<title>Guaruj\u00e1 ter\u00e1 carreata de natal no dia 18 de dezembro - Litoral SP<\/title>\n<meta name=\"description\" content=\"A magia e o encanto do Natal v\u00e3o tomar conta da P\u00e9rola do Atl\u00e2ntico no dia 18 de dezembro, \u00faltimo domingo antes da grande data.\" \/>\n<meta name=\"robots\" content=\"index, follow, max-snippet:-1, max-image-preview:large, max-video-preview:-1\" \/>\n<link rel=\"canonical\" href=\"https:\/\/redenoticiaz.com.br\/litoralsp\/2022\/11\/30\/guaruja-tera-carreata-de-natal-no-dia-18-de-dezembro\" \/>\n<meta property=\"og:locale\" content=\"pt_BR\" \/>\n<meta property=\"og:type\" content=\"article\" \/>\n<meta property=\"og:title\" content=\"Guaruj\u00e1 ter\u00e1 carreata de natal no dia 18 de dezembro - Litoral SP\" \/>\n<meta property=\"og:description\" content=\"A magia e o encanto do Natal v\u00e3o tomar conta da P\u00e9rola do Atl\u00e2ntico no dia 18 de dezembro, \u00faltimo domingo antes da grande data.\" \/>\n<meta property=\"og:url\" content=\"https:\/\/redenoticiaz.com.br\/litoralsp\/2022\/11\/30\/guaruja-tera-carreata-de-natal-no-dia-18-de-dezembro\" \/>\n<meta property=\"og:site_name\" content=\"Litoral SP\" \/>\n<meta property=\"article:published_time\" content=\"2022-11-30T18:01:39+00:00\" \/>\n<meta property=\"og:image\" content=\"https:\/\/redenoticiaz.com.br\/litoralsp\/wp-content\/uploads\/sites\/3\/2022\/11\/49228763473_0fec5afc7f_o-1-2048x1152-1-scaled.jpg\" \/>\n\t<meta property=\"og:image:width\" content=\"1920\" \/>\n\t<meta property=\"og:image:height\" content=\"1080\" \/>\n\t<meta property=\"og:image:type\" content=\"image\/jpeg\" \/>\n<meta name=\"author\" content=\"Gustavo Silva\" \/>\n<meta name=\"twitter:card\" content=\"summary_large_image\" \/>\n<meta name=\"twitter:label1\" content=\"Escrito por\" \/>\n\t<meta name=\"twitter:data1\" content=\"Gustavo Silva\" \/>\n\t<meta name=\"twitter:label2\" content=\"Est. tempo de leitura\" \/>\n\t<meta name=\"twitter:data2\" content=\"2 minutos\" \/>\n<script type=\"application\/ld+json\" class=\"yoast-schema-graph\">{\"@context\":\"https:\\\/\\\/schema.org\",\"@graph\":[{\"@type\":\"Article\",\"@id\":\"https:\\\/\\\/redenoticiaz.com.br\\\/litoralsp\\\/2022\\\/11\\\/30\\\/guaruja-tera-carreata-de-natal-no-dia-18-de-dezembro#article\",\"isPartOf\":{\"@id\":\"https:\\\/\\\/redenoticiaz.com.br\\\/litoralsp\\\/2022\\\/11\\\/30\\\/guaruja-tera-carreata-de-natal-no-dia-18-de-dezembro\"},\"author\":{\"name\":\"Gustavo Silva\",\"@id\":\"https:\\\/\\\/redenoticiaz.com.br\\\/litoralsp\\\/#\\\/schema\\\/person\\\/16057b37a3c0ee6b096d7f887c566e2e\"},\"headline\":\"Guaruj\u00e1 ter\u00e1 carreata de natal no dia 18 de dezembro\",\"datePublished\":\"2022-11-30T18:01:39+00:00\",\"mainEntityOfPage\":{\"@id\":\"https:\\\/\\\/redenoticiaz.com.br\\\/litoralsp\\\/2022\\\/11\\\/30\\\/guaruja-tera-carreata-de-natal-no-dia-18-de-dezembro\"},\"wordCount\":241,\"commentCount\":0,\"publisher\":{\"@id\":\"https:\\\/\\\/redenoticiaz.com.br\\\/litoralsp\\\/#organization\"},\"image\":{\"@id\":\"https:\\\/\\\/redenoticiaz.com.br\\\/litoralsp\\\/2022\\\/11\\\/30\\\/guaruja-tera-carreata-de-natal-no-dia-18-de-dezembro#primaryimage\"},\"thumbnailUrl\":\"https:\\\/\\\/redenoticiaz.com.br\\\/litoralsp\\\/wp-content\\\/uploads\\\/sites\\\/3\\\/2022\\\/11\\\/49228763473_0fec5afc7f_o-1-2048x1152-1-scaled.jpg\",\"keywords\":[\"Guaruj\u00e1\",\"NATAL\",\"PRA\u00c7A 14 BIS\",\"Pra\u00e7a Hor\u00e1cio Lafer\"],\"articleSection\":[\"Guaruj\u00e1\"],\"inLanguage\":\"pt-BR\",\"potentialAction\":[{\"@type\":\"CommentAction\",\"name\":\"Comment\",\"target\":[\"https:\\\/\\\/redenoticiaz.com.br\\\/litoralsp\\\/2022\\\/11\\\/30\\\/guaruja-tera-carreata-de-natal-no-dia-18-de-dezembro#respond\"]}]},{\"@type\":\"WebPage\",\"@id\":\"https:\\\/\\\/redenoticiaz.com.br\\\/litoralsp\\\/2022\\\/11\\\/30\\\/guaruja-tera-carreata-de-natal-no-dia-18-de-dezembro\",\"url\":\"https:\\\/\\\/redenoticiaz.com.br\\\/litoralsp\\\/2022\\\/11\\\/30\\\/guaruja-tera-carreata-de-natal-no-dia-18-de-dezembro\",\"name\":\"Guaruj\u00e1 ter\u00e1 carreata de natal no dia 18 de dezembro - Litoral SP\",\"isPartOf\":{\"@id\":\"https:\\\/\\\/redenoticiaz.com.br\\\/litoralsp\\\/#website\"},\"primaryImageOfPage\":{\"@id\":\"https:\\\/\\\/redenoticiaz.com.br\\\/litoralsp\\\/2022\\\/11\\\/30\\\/guaruja-tera-carreata-de-natal-no-dia-18-de-dezembro#primaryimage\"},\"image\":{\"@id\":\"https:\\\/\\\/redenoticiaz.com.br\\\/litoralsp\\\/2022\\\/11\\\/30\\\/guaruja-tera-carreata-de-natal-no-dia-18-de-dezembro#primaryimage\"},\"thumbnailUrl\":\"https:\\\/\\\/redenoticiaz.com.br\\\/litoralsp\\\/wp-content\\\/uploads\\\/sites\\\/3\\\/2022\\\/11\\\/49228763473_0fec5afc7f_o-1-2048x1152-1-scaled.jpg\",\"datePublished\":\"2022-11-30T18:01:39+00:00\",\"description\":\"A magia e o encanto do Natal v\u00e3o tomar conta da P\u00e9rola do Atl\u00e2ntico no dia 18 de dezembro, \u00faltimo domingo antes da grande data.\",\"inLanguage\":\"pt-BR\",\"potentialAction\":[{\"@type\":\"ReadAction\",\"target\":[\"https:\\\/\\\/redenoticiaz.com.br\\\/litoralsp\\\/2022\\\/11\\\/30\\\/guaruja-tera-carreata-de-natal-no-dia-18-de-dezembro\"]}]},{\"@type\":\"ImageObject\",\"inLanguage\":\"pt-BR\",\"@id\":\"https:\\\/\\\/redenoticiaz.com.br\\\/litoralsp\\\/2022\\\/11\\\/30\\\/guaruja-tera-carreata-de-natal-no-dia-18-de-dezembro#primaryimage\",\"url\":\"https:\\\/\\\/redenoticiaz.com.br\\\/litoralsp\\\/wp-content\\\/uploads\\\/sites\\\/3\\\/2022\\\/11\\\/49228763473_0fec5afc7f_o-1-2048x1152-1-scaled.jpg\",\"contentUrl\":\"https:\\\/\\\/redenoticiaz.com.br\\\/litoralsp\\\/wp-content\\\/uploads\\\/sites\\\/3\\\/2022\\\/11\\\/49228763473_0fec5afc7f_o-1-2048x1152-1-scaled.jpg\",\"width\":1920,\"height\":1080,\"caption\":\"Guaruj\u00e1 ter\u00e1 carreata de natal no dia 18 de dezembro\"},{\"@type\":\"WebSite\",\"@id\":\"https:\\\/\\\/redenoticiaz.com.br\\\/litoralsp\\\/#website\",\"url\":\"https:\\\/\\\/redenoticiaz.com.br\\\/litoralsp\\\/\",\"name\":\"Litoral SP\",\"description\":\"Rede NoticiaZ\",\"publisher\":{\"@id\":\"https:\\\/\\\/redenoticiaz.com.br\\\/litoralsp\\\/#organization\"},\"potentialAction\":[{\"@type\":\"SearchAction\",\"target\":{\"@type\":\"EntryPoint\",\"urlTemplate\":\"https:\\\/\\\/redenoticiaz.com.br\\\/litoralsp\\\/?s={search_term_string}\"},\"query-input\":{\"@type\":\"PropertyValueSpecification\",\"valueRequired\":true,\"valueName\":\"search_term_string\"}}],\"inLanguage\":\"pt-BR\"},{\"@type\":\"Organization\",\"@id\":\"https:\\\/\\\/redenoticiaz.com.br\\\/litoralsp\\\/#organization\",\"name\":\"Litoral SP\",\"url\":\"https:\\\/\\\/redenoticiaz.com.br\\\/litoralsp\\\/\",\"logo\":{\"@type\":\"ImageObject\",\"inLanguage\":\"pt-BR\",\"@id\":\"https:\\\/\\\/redenoticiaz.com.br\\\/litoralsp\\\/#\\\/schema\\\/logo\\\/image\\\/\",\"url\":\"https:\\\/\\\/redenoticiaz.com.br\\\/litoralsp\\\/wp-content\\\/uploads\\\/sites\\\/3\\\/2020\\\/11\\\/logo.jpg\",\"contentUrl\":\"https:\\\/\\\/redenoticiaz.com.br\\\/litoralsp\\\/wp-content\\\/uploads\\\/sites\\\/3\\\/2020\\\/11\\\/logo.jpg\",\"width\":400,\"height\":250,\"caption\":\"Litoral SP\"},\"image\":{\"@id\":\"https:\\\/\\\/redenoticiaz.com.br\\\/litoralsp\\\/#\\\/schema\\\/logo\\\/image\\\/\"}},{\"@type\":\"Person\",\"@id\":\"https:\\\/\\\/redenoticiaz.com.br\\\/litoralsp\\\/#\\\/schema\\\/person\\\/16057b37a3c0ee6b096d7f887c566e2e\",\"name\":\"Gustavo Silva\",\"image\":{\"@type\":\"ImageObject\",\"inLanguage\":\"pt-BR\",\"@id\":\"https:\\\/\\\/secure.gravatar.com\\\/avatar\\\/3ee4e82f93b26de0a7cf4ea5eb7893da637ed6bb0c9170c58065944c56e28a33?s=96&d=mm&r=g\",\"url\":\"https:\\\/\\\/secure.gravatar.com\\\/avatar\\\/3ee4e82f93b26de0a7cf4ea5eb7893da637ed6bb0c9170c58065944c56e28a33?s=96&d=mm&r=g\",\"contentUrl\":\"https:\\\/\\\/secure.gravatar.com\\\/avatar\\\/3ee4e82f93b26de0a7cf4ea5eb7893da637ed6bb0c9170c58065944c56e28a33?s=96&d=mm&r=g\",\"caption\":\"Gustavo Silva\"},\"url\":\"https:\\\/\\\/redenoticiaz.com.br\\\/litoralsp\\\/author\\\/gustavosilva\"}]}<\/script>\n<!-- \/ Yoast SEO plugin. -->","yoast_head_json":{"title":"Guaruj\u00e1 ter\u00e1 carreata de natal no dia 18 de dezembro - Litoral SP","description":"A magia e o encanto do Natal v\u00e3o tomar conta da P\u00e9rola do Atl\u00e2ntico no dia 18 de dezembro, \u00faltimo domingo antes da grande data.","robots":{"index":"index","follow":"follow","max-snippet":"max-snippet:-1","max-image-preview":"max-image-preview:large","max-video-preview":"max-video-preview:-1"},"canonical":"https:\/\/redenoticiaz.com.br\/litoralsp\/2022\/11\/30\/guaruja-tera-carreata-de-natal-no-dia-18-de-dezembro","og_locale":"pt_BR","og_type":"article","og_title":"Guaruj\u00e1 ter\u00e1 carreata de natal no dia 18 de dezembro - Litoral SP","og_description":"A magia e o encanto do Natal v\u00e3o tomar conta da P\u00e9rola do Atl\u00e2ntico no dia 18 de dezembro, \u00faltimo domingo antes da grande data.","og_url":"https:\/\/redenoticiaz.com.br\/litoralsp\/2022\/11\/30\/guaruja-tera-carreata-de-natal-no-dia-18-de-dezembro","og_site_name":"Litoral SP","article_published_time":"2022-11-30T18:01:39+00:00","og_image":[{"width":1920,"height":1080,"url":"https:\/\/redenoticiaz.com.br\/litoralsp\/wp-content\/uploads\/sites\/3\/2022\/11\/49228763473_0fec5afc7f_o-1-2048x1152-1-scaled.jpg","type":"image\/jpeg"}],"author":"Gustavo Silva","twitter_card":"summary_large_image","twitter_misc":{"Escrito por":"Gustavo Silva","Est. tempo de leitura":"2 minutos"},"schema":{"@context":"https:\/\/schema.org","@graph":[{"@type":"Article","@id":"https:\/\/redenoticiaz.com.br\/litoralsp\/2022\/11\/30\/guaruja-tera-carreata-de-natal-no-dia-18-de-dezembro#article","isPartOf":{"@id":"https:\/\/redenoticiaz.com.br\/litoralsp\/2022\/11\/30\/guaruja-tera-carreata-de-natal-no-dia-18-de-dezembro"},"author":{"name":"Gustavo Silva","@id":"https:\/\/redenoticiaz.com.br\/litoralsp\/#\/schema\/person\/16057b37a3c0ee6b096d7f887c566e2e"},"headline":"Guaruj\u00e1 ter\u00e1 carreata de natal no dia 18 de dezembro","datePublished":"2022-11-30T18:01:39+00:00","mainEntityOfPage":{"@id":"https:\/\/redenoticiaz.com.br\/litoralsp\/2022\/11\/30\/guaruja-tera-carreata-de-natal-no-dia-18-de-dezembro"},"wordCount":241,"commentCount":0,"publisher":{"@id":"https:\/\/redenoticiaz.com.br\/litoralsp\/#organization"},"image":{"@id":"https:\/\/redenoticiaz.com.br\/litoralsp\/2022\/11\/30\/guaruja-tera-carreata-de-natal-no-dia-18-de-dezembro#primaryimage"},"thumbnailUrl":"https:\/\/redenoticiaz.com.br\/litoralsp\/wp-content\/uploads\/sites\/3\/2022\/11\/49228763473_0fec5afc7f_o-1-2048x1152-1-scaled.jpg","keywords":["Guaruj\u00e1","NATAL","PRA\u00c7A 14 BIS","Pra\u00e7a Hor\u00e1cio Lafer"],"articleSection":["Guaruj\u00e1"],"inLanguage":"pt-BR","potentialAction":[{"@type":"CommentAction","name":"Comment","target":["https:\/\/redenoticiaz.com.br\/litoralsp\/2022\/11\/30\/guaruja-tera-carreata-de-natal-no-dia-18-de-dezembro#respond"]}]},{"@type":"WebPage","@id":"https:\/\/redenoticiaz.com.br\/litoralsp\/2022\/11\/30\/guaruja-tera-carreata-de-natal-no-dia-18-de-dezembro","url":"https:\/\/redenoticiaz.com.br\/litoralsp\/2022\/11\/30\/guaruja-tera-carreata-de-natal-no-dia-18-de-dezembro","name":"Guaruj\u00e1 ter\u00e1 carreata de natal no dia 18 de dezembro - Litoral SP","isPartOf":{"@id":"https:\/\/redenoticiaz.com.br\/litoralsp\/#website"},"primaryImageOfPage":{"@id":"https:\/\/redenoticiaz.com.br\/litoralsp\/2022\/11\/30\/guaruja-tera-carreata-de-natal-no-dia-18-de-dezembro#primaryimage"},"image":{"@id":"https:\/\/redenoticiaz.com.br\/litoralsp\/2022\/11\/30\/guaruja-tera-carreata-de-natal-no-dia-18-de-dezembro#primaryimage"},"thumbnailUrl":"https:\/\/redenoticiaz.com.br\/litoralsp\/wp-content\/uploads\/sites\/3\/2022\/11\/49228763473_0fec5afc7f_o-1-2048x1152-1-scaled.jpg","datePublished":"2022-11-30T18:01:39+00:00","description":"A magia e o encanto do Natal v\u00e3o tomar conta da P\u00e9rola do Atl\u00e2ntico no dia 18 de dezembro, \u00faltimo domingo antes da grande data.","inLanguage":"pt-BR","potentialAction":[{"@type":"ReadAction","target":["https:\/\/redenoticiaz.com.br\/litoralsp\/2022\/11\/30\/guaruja-tera-carreata-de-natal-no-dia-18-de-dezembro"]}]},{"@type":"ImageObject","inLanguage":"pt-BR","@id":"https:\/\/redenoticiaz.com.br\/litoralsp\/2022\/11\/30\/guaruja-tera-carreata-de-natal-no-dia-18-de-dezembro#primaryimage","url":"https:\/\/redenoticiaz.com.br\/litoralsp\/wp-content\/uploads\/sites\/3\/2022\/11\/49228763473_0fec5afc7f_o-1-2048x1152-1-scaled.jpg","contentUrl":"https:\/\/redenoticiaz.com.br\/litoralsp\/wp-content\/uploads\/sites\/3\/2022\/11\/49228763473_0fec5afc7f_o-1-2048x1152-1-scaled.jpg","width":1920,"height":1080,"caption":"Guaruj\u00e1 ter\u00e1 carreata de natal no dia 18 de dezembro"},{"@type":"WebSite","@id":"https:\/\/redenoticiaz.com.br\/litoralsp\/#website","url":"https:\/\/redenoticiaz.com.br\/litoralsp\/","name":"Litoral SP","description":"Rede NoticiaZ","publisher":{"@id":"https:\/\/redenoticiaz.com.br\/litoralsp\/#organization"},"potentialAction":[{"@type":"SearchAction","target":{"@type":"EntryPoint","urlTemplate":"https:\/\/redenoticiaz.com.br\/litoralsp\/?s={search_term_string}"},"query-input":{"@type":"PropertyValueSpecification","valueRequired":true,"valueName":"search_term_string"}}],"inLanguage":"pt-BR"},{"@type":"Organization","@id":"https:\/\/redenoticiaz.com.br\/litoralsp\/#organization","name":"Litoral SP","url":"https:\/\/redenoticiaz.com.br\/litoralsp\/","logo":{"@type":"ImageObject","inLanguage":"pt-BR","@id":"https:\/\/redenoticiaz.com.br\/litoralsp\/#\/schema\/logo\/image\/","url":"https:\/\/redenoticiaz.com.br\/litoralsp\/wp-content\/uploads\/sites\/3\/2020\/11\/logo.jpg","contentUrl":"https:\/\/redenoticiaz.com.br\/litoralsp\/wp-content\/uploads\/sites\/3\/2020\/11\/logo.jpg","width":400,"height":250,"caption":"Litoral SP"},"image":{"@id":"https:\/\/redenoticiaz.com.br\/litoralsp\/#\/schema\/logo\/image\/"}},{"@type":"Person","@id":"https:\/\/redenoticiaz.com.br\/litoralsp\/#\/schema\/person\/16057b37a3c0ee6b096d7f887c566e2e","name":"Gustavo Silva","image":{"@type":"ImageObject","inLanguage":"pt-BR","@id":"https:\/\/secure.gravatar.com\/avatar\/3ee4e82f93b26de0a7cf4ea5eb7893da637ed6bb0c9170c58065944c56e28a33?s=96&d=mm&r=g","url":"https:\/\/secure.gravatar.com\/avatar\/3ee4e82f93b26de0a7cf4ea5eb7893da637ed6bb0c9170c58065944c56e28a33?s=96&d=mm&r=g","contentUrl":"https:\/\/secure.gravatar.com\/avatar\/3ee4e82f93b26de0a7cf4ea5eb7893da637ed6bb0c9170c58065944c56e28a33?s=96&d=mm&r=g","caption":"Gustavo Silva"},"url":"https:\/\/redenoticiaz.com.br\/litoralsp\/author\/gustavosilva"}]}},"_links":{"self":[{"href":"https:\/\/redenoticiaz.com.br\/litoralsp\/wp-json\/wp\/v2\/posts\/96190","targetHints":{"allow":["GET"]}}],"collection":[{"href":"https:\/\/redenoticiaz.com.br\/litoralsp\/wp-json\/wp\/v2\/posts"}],"about":[{"href":"https:\/\/redenoticiaz.com.br\/litoralsp\/wp-json\/wp\/v2\/types\/post"}],"author":[{"embeddable":true,"href":"https:\/\/redenoticiaz.com.br\/litoralsp\/wp-json\/wp\/v2\/users\/12"}],"replies":[{"embeddable":true,"href":"https:\/\/redenoticiaz.com.br\/litoralsp\/wp-json\/wp\/v2\/comments?post=96190"}],"version-history":[{"count":1,"href":"https:\/\/redenoticiaz.com.br\/litoralsp\/wp-json\/wp\/v2\/posts\/96190\/revisions"}],"predecessor-version":[{"id":96192,"href":"https:\/\/redenoticiaz.com.br\/litoralsp\/wp-json\/wp\/v2\/posts\/96190\/revisions\/96192"}],"wp:featuredmedia":[{"embeddable":true,"href":"https:\/\/redenoticiaz.com.br\/litoralsp\/wp-json\/wp\/v2\/media\/96191"}],"wp:attachment":[{"href":"https:\/\/redenoticiaz.com.br\/litoralsp\/wp-json\/wp\/v2\/media?parent=96190"}],"wp:term":[{"taxonomy":"category","embeddable":true,"href":"https:\/\/redenoticiaz.com.br\/litoralsp\/wp-json\/wp\/v2\/categories?post=96190"},{"taxonomy":"post_tag","embeddable":true,"href":"https:\/\/redenoticiaz.com.br\/litoralsp\/wp-json\/wp\/v2\/tags?post=96190"}],"curies":[{"name":"wp","href":"https:\/\/api.w.org\/{rel}","templated":true}]}}