{"id":96242,"date":"2022-12-01T08:36:14","date_gmt":"2022-12-01T11:36:14","guid":{"rendered":"https:\/\/redenoticiaz.com.br\/litoralsp\/?p=96242"},"modified":"2022-12-01T08:36:14","modified_gmt":"2022-12-01T11:36:14","slug":"problema-no-fornecimento-de-agua-no-guaruja-e-investigado-pelo-mp","status":"publish","type":"post","link":"https:\/\/redenoticiaz.com.br\/litoralsp\/2022\/12\/01\/problema-no-fornecimento-de-agua-no-guaruja-e-investigado-pelo-mp","title":{"rendered":"Problema no fornecimento de \u00e1gua no Guaruj\u00e1 \u00e9 investigado pelo MP"},"content":{"rendered":"<div id=\"chunk-4en52\">\n<div class=\"mc-column content-text active-extra-styles \" data-block-type=\"unstyled\" data-block-weight=\"69\" data-block-id=\"3\">\n<p class=\"content-text__container \" data-track-category=\"Link no Texto\" data-track-links=\"\">Nos \u00faltimos dias, moradores do Guaruj\u00e1 tem reclamado de problemas no<strong> fornecimento e abastecimento de \u00e1gua<\/strong> em alguns bairros. O caso foi parar no Minist\u00e9rio P\u00fablico do Estado de S\u00e3o Paulo (MPSP), que instaurou um inqu\u00e9rito civil [investiga\u00e7\u00e3o administrativa] para apurar irregularidades no servi\u00e7o de abastecimento de \u00e1gua na cidade. O servi\u00e7o \u00e9 de compet\u00eancia da Companhia de Saneamento B\u00e1sico do Estado de S\u00e3o Paulo (Sabesp).<\/p>\n<p class=\"content-text__container \" data-track-category=\"Link no Texto\" data-track-links=\"\">A Prefeitura de Guaruj\u00e1 garante que vai acompanhar o caso, enquanto que a Sabesp afirmou ter sido notificada e que prestar\u00e1 os esclarecimentos necess\u00e1rios, dentro do prazo previsto.<\/p>\n<\/div>\n<\/div>\n<div class=\"wall protected-content\">\n<div id=\"chunk-egchs\">\n<div class=\"mc-column content-text active-extra-styles \" data-block-type=\"unstyled\" data-block-weight=\"40\" data-block-id=\"4\">\n<p class=\"content-text__container \" data-track-category=\"Link no Texto\" data-track-links=\"\">De acordo com o MPSP, a investiga\u00e7\u00e3o foi aberta a pedido da Comiss\u00e3o de Direito do Consumidor da Ordem dos Advogados do Brasil (OAB) de Guaruj\u00e1. Ela reivindica a apura\u00e7\u00e3o de responsabilidade na &#8216;m\u00e1 presta\u00e7\u00e3o de servi\u00e7o p\u00fablico essencial&#8217;.<\/p>\n<div id=\"chunk-f2lu4\">\n<div class=\"mc-column content-text active-extra-styles \" data-block-type=\"unstyled\" data-block-weight=\"38\" data-block-id=\"6\">\n<p class=\"content-text__container \" data-track-category=\"Link no Texto\" data-track-links=\"\">Segundo a comiss\u00e3o, em documento enviado ao MPSP, que &#8220;a popula\u00e7\u00e3o n\u00e3o aguenta mais sofrer com a falta d\u2019\u00e1gua constante na cidade de Guaruj\u00e1 e Vicente de Carvalho [distrito do munic\u00edpio, e um dos pontos mais afetados]&#8221;.<\/p>\n<h3 data-track-category=\"Link no Texto\">Inqu\u00e9rito<\/h3>\n<\/div>\n<\/div>\n<div id=\"chunk-6h21\">\n<div class=\"mc-column content-text active-extra-styles \" data-block-type=\"unstyled\" data-block-weight=\"65\" data-block-id=\"7\">\n<p class=\"content-text__container \" data-track-category=\"Link no Texto\" data-track-links=\"\">O inqu\u00e9rito civil foi instaurado pela Promotoria de Justi\u00e7a do Consumidor de Guaruj\u00e1 e assinado pela promotora Sandra Barbuto. Segundo a OAB, o problema, mais constante nos bairros Paecara e Jardim Boa Esperan\u00e7a, tem gerado o aumento indevido da conta de \u00e1gua e esgoto. O \u00f3rg\u00e3o explica que os hidr\u00f4metros registram a passagem de ar como se fosse \u00e1gua e geram a cobran\u00e7a.<\/p>\n<div id=\"chunk-7clh5\">\n<div class=\"mc-column content-text active-extra-styles \" data-block-type=\"unstyled\" data-block-weight=\"40\" data-block-id=\"10\">\n<p class=\"content-text__container \" data-track-category=\"Link no Texto\" data-track-links=\"\">Ao abrir a investiga\u00e7\u00e3o, o MPSP justifica que &#8220;os usu\u00e1rios dos servi\u00e7os de fornecimento de \u00e1gua s\u00e3o consumidores \u00e0 luz do C\u00f3digo de Defesa do Consumido, enquanto a representada Sabesp \u00e9 obrigada a fornecer servi\u00e7os adequados, eficientes, seguros, cont\u00ednuos&#8221;.<\/p>\n<\/div>\n<\/div>\n<div id=\"chunk-9if51\">\n<div class=\"mc-column content-text active-extra-styles \" data-block-type=\"unstyled\" data-block-weight=\"59\" data-block-id=\"11\">\n<p class=\"content-text__container \" data-track-category=\"Link no Texto\" data-track-links=\"\">Ainda de acordo com o Minist\u00e9rio P\u00fablico, em caso de descumprimento, total ou parcial, das obriga\u00e7\u00f5es, a Sabesp pode ser obrigada a cumpri-las e a reparar os danos causados. Ainda \u00e9 citada, na abertura do inqu\u00e9rito, a Ag\u00eancia Reguladora de Saneamento e Energia do Estado de S\u00e3o Paulo (Arsesp) pelo Poder Concedente, que devem fiscalizar o servi\u00e7o prestado.<\/p>\n<\/div>\n<\/div>\n<div id=\"chunk-81k77\">\n<div class=\"mc-column content-text active-extra-styles \" data-block-type=\"unstyled\" data-block-weight=\"21\" data-block-id=\"12\">\n<p class=\"content-text__container \" data-track-category=\"Link no Texto\" data-track-links=\"\">A Sabesp n\u00e3o se manifestou sobre o assunto at\u00e9 o momento. Assim que ela responder, ter\u00e1 a nota divulgada.<\/p>\n<\/div>\n<\/div>\n<div class=\"mc-column content-text active-extra-styles\" data-block-type=\"raw\" data-block-weight=\"1\" data-block-id=\"13\">\n<div class=\"content-intertitle\">\n<h2>Resposta da Prefeitura<\/h2>\n<\/div>\n<\/div>\n<div id=\"chunk-fs99u\">\n<div class=\"mc-column content-text active-extra-styles \" data-block-type=\"unstyled\" data-block-weight=\"33\" data-block-id=\"14\">\n<p class=\"content-text__container \" data-track-category=\"Link no Texto\" data-track-links=\"\">A Prefeitura de Guaruj\u00e1 informou, em nota, que acompanha os epis\u00f3dios &#8220;pontuais&#8221; de desabastecimento de \u00e1gua e disse cobrar constantemente a Sabesp para que mantenha a situa\u00e7\u00e3o sob controle, sem penalizar os mun\u00edcipes.<\/p>\n<\/div>\n<\/div>\n<div id=\"chunk-eojjq\">\n<div class=\"mc-column content-text active-extra-styles \" data-block-type=\"unstyled\" data-block-weight=\"47\" data-block-id=\"15\">\n<p class=\"content-text__container \" data-track-category=\"Link no Texto\" data-track-links=\"\">A administra\u00e7\u00e3o municipal explicou que, em agosto, em meio a sucessivos epis\u00f3dios de desabastecimento, t\u00e9cnicos da Secretaria Municipal de Meio Ambiente se reuniram com representantes do Minist\u00e9rio P\u00fablico, integrantes do Conselho Municipal de Saneamento e Arsesp para alinhar uma fiscaliza\u00e7\u00e3o t\u00e9cnico-operacional aos servi\u00e7os da Sabesp.<\/p>\n<\/div>\n<\/div>\n<div id=\"chunk-5641o\">\n<div class=\"mc-column content-text active-extra-styles \" data-block-type=\"unstyled\" data-block-weight=\"52\" data-block-id=\"17\">\n<p class=\"content-text__container \" data-track-category=\"Link no Texto\" data-track-links=\"\">&#8220;Os t\u00e9cnicos da Arsesp fiscalizaram as condi\u00e7\u00f5es de opera\u00e7\u00e3o e as instala\u00e7\u00f5es dos servi\u00e7os de abastecimento de \u00e1gua, esgotamento sanit\u00e1rio e atendimento comercial prestados pela Sabesp\u201d, disse a prefeitura, que afirmou terem sido verificadas a qualidade da \u00e1gua fornecida, falta de investimentos previstos, n\u00e3o atendimento ao contrato e reclama\u00e7\u00f5es de usu\u00e1rios.<\/p>\n<\/div>\n<\/div>\n<div id=\"chunk-d35lb\">\n<div class=\"mc-column content-text active-extra-styles \" data-block-type=\"unstyled\" data-block-weight=\"58\" data-block-id=\"18\">\n<p class=\"content-text__container \" data-track-category=\"Link no Texto\" data-track-links=\"\">\u201cO munic\u00edpio ainda aguarda uma defini\u00e7\u00e3o da companhia a respeito da constru\u00e7\u00e3o do mega reservat\u00f3rio na chamada cava da pedreira, que seria capaz de suprir a demanda de Guaruj\u00e1 o ano inteiro, mesmo em per\u00edodos de estiagem. A prefeitura tamb\u00e9m j\u00e1 providenciou decreto que desafeta \u00e1rea para a Sabesp construir um outro reservat\u00f3rio, no bairro Morrinhos\u201d, finalizou.<\/p>\n<p data-track-category=\"Link no Texto\" data-track-links=\"\"><strong>LEIA TAMB\u00c9M<\/strong><\/p>\n<p data-track-category=\"Link no Texto\" data-track-links=\"\"><a href=\"https:\/\/redenoticiaz.com.br\/litoralsp\/2022\/11\/30\/morros-de-santos-registram-deslizamentos-de-terra\">Morros de Santos registram deslizamentos de terra<\/a><\/p>\n<\/div>\n<\/div>\n<\/div>\n<\/div>\n<\/div>\n<\/div>\n<\/div>\n","protected":false},"excerpt":{"rendered":"<p>Nos \u00faltimos dias, moradores do Guaruj\u00e1 tem reclamado de problemas no fornecimento e abastecimento de \u00e1gua em alguns bairros. O caso foi parar no Minist\u00e9rio P\u00fablico do Estado de S\u00e3o Paulo (MPSP), que instaurou um inqu\u00e9rito civil [investiga\u00e7\u00e3o administrativa] para apurar irregularidades no servi\u00e7o de abastecimento de \u00e1gua na cidade. O servi\u00e7o \u00e9 de compet\u00eancia &hellip;<\/p>\n","protected":false},"author":6,"featured_media":96243,"comment_status":"open","ping_status":"closed","sticky":false,"template":"","format":"standard","meta":{"footnotes":""},"categories":[187,22],"tags":[61412,6426,57588,7351],"class_list":["post-96242","post","type-post","status-publish","format-standard","has-post-thumbnail","hentry","category-guaruja","category-justica","tag-fornecimento-de-agua","tag-guaruja-2","tag-oab","tag-sabesp"],"yoast_head":"<!-- This site is optimized with the Yoast SEO plugin v27.5 - https:\/\/yoast.com\/product\/yoast-seo-wordpress\/ -->\n<title>Problema no fornecimento de \u00e1gua no Guaruj\u00e1 \u00e9 investigado pelo MP - Litoral SP<\/title>\n<meta name=\"description\" content=\"Nos \u00faltimos dias, moradores do Guaruj\u00e1 tem reclamado de problemas no fornecimento e abastecimento de \u00e1gua em alguns bairros. O caso\" \/>\n<meta name=\"robots\" content=\"index, follow, max-snippet:-1, max-image-preview:large, max-video-preview:-1\" \/>\n<link rel=\"canonical\" href=\"https:\/\/redenoticiaz.com.br\/litoralsp\/2022\/12\/01\/problema-no-fornecimento-de-agua-no-guaruja-e-investigado-pelo-mp\" \/>\n<meta property=\"og:locale\" content=\"pt_BR\" \/>\n<meta property=\"og:type\" content=\"article\" \/>\n<meta property=\"og:title\" content=\"Problema no fornecimento de \u00e1gua no Guaruj\u00e1 \u00e9 investigado pelo MP - Litoral SP\" \/>\n<meta property=\"og:description\" content=\"Nos \u00faltimos dias, moradores do Guaruj\u00e1 tem reclamado de problemas no fornecimento e abastecimento de \u00e1gua em alguns bairros. O caso\" \/>\n<meta property=\"og:url\" content=\"https:\/\/redenoticiaz.com.br\/litoralsp\/2022\/12\/01\/problema-no-fornecimento-de-agua-no-guaruja-e-investigado-pelo-mp\" \/>\n<meta property=\"og:site_name\" content=\"Litoral SP\" \/>\n<meta property=\"article:published_time\" content=\"2022-12-01T11:36:14+00:00\" \/>\n<meta property=\"og:image\" content=\"https:\/\/redenoticiaz.com.br\/litoralsp\/wp-content\/uploads\/sites\/3\/2022\/12\/ESTACAO-SABESP.jpg\" \/>\n\t<meta property=\"og:image:width\" content=\"547\" \/>\n\t<meta property=\"og:image:height\" content=\"307\" \/>\n\t<meta property=\"og:image:type\" content=\"image\/jpeg\" \/>\n<meta name=\"author\" content=\"Leonardo Francisco\" \/>\n<meta name=\"twitter:card\" content=\"summary_large_image\" \/>\n<meta name=\"twitter:label1\" content=\"Escrito por\" \/>\n\t<meta name=\"twitter:data1\" content=\"Leonardo Francisco\" \/>\n\t<meta name=\"twitter:label2\" content=\"Est. tempo de leitura\" \/>\n\t<meta name=\"twitter:data2\" content=\"4 minutos\" \/>\n<script type=\"application\/ld+json\" class=\"yoast-schema-graph\">{\"@context\":\"https:\\\/\\\/schema.org\",\"@graph\":[{\"@type\":\"Article\",\"@id\":\"https:\\\/\\\/redenoticiaz.com.br\\\/litoralsp\\\/2022\\\/12\\\/01\\\/problema-no-fornecimento-de-agua-no-guaruja-e-investigado-pelo-mp#article\",\"isPartOf\":{\"@id\":\"https:\\\/\\\/redenoticiaz.com.br\\\/litoralsp\\\/2022\\\/12\\\/01\\\/problema-no-fornecimento-de-agua-no-guaruja-e-investigado-pelo-mp\"},\"author\":{\"name\":\"Leonardo Francisco\",\"@id\":\"https:\\\/\\\/redenoticiaz.com.br\\\/litoralsp\\\/#\\\/schema\\\/person\\\/0f0b8a5bdafefe82841e07ae8d81ecb3\"},\"headline\":\"Problema no fornecimento de \u00e1gua no Guaruj\u00e1 \u00e9 investigado pelo MP\",\"datePublished\":\"2022-12-01T11:36:14+00:00\",\"mainEntityOfPage\":{\"@id\":\"https:\\\/\\\/redenoticiaz.com.br\\\/litoralsp\\\/2022\\\/12\\\/01\\\/problema-no-fornecimento-de-agua-no-guaruja-e-investigado-pelo-mp\"},\"wordCount\":626,\"commentCount\":0,\"publisher\":{\"@id\":\"https:\\\/\\\/redenoticiaz.com.br\\\/litoralsp\\\/#organization\"},\"image\":{\"@id\":\"https:\\\/\\\/redenoticiaz.com.br\\\/litoralsp\\\/2022\\\/12\\\/01\\\/problema-no-fornecimento-de-agua-no-guaruja-e-investigado-pelo-mp#primaryimage\"},\"thumbnailUrl\":\"https:\\\/\\\/redenoticiaz.com.br\\\/litoralsp\\\/wp-content\\\/uploads\\\/sites\\\/3\\\/2022\\\/12\\\/ESTACAO-SABESP.jpg\",\"keywords\":[\"FORNECIMENTO DE \u00c1GUA\",\"Guaruj\u00e1\",\"OAB\",\"SABESP\"],\"articleSection\":[\"Guaruj\u00e1\",\"Justi\u00e7a\"],\"inLanguage\":\"pt-BR\",\"potentialAction\":[{\"@type\":\"CommentAction\",\"name\":\"Comment\",\"target\":[\"https:\\\/\\\/redenoticiaz.com.br\\\/litoralsp\\\/2022\\\/12\\\/01\\\/problema-no-fornecimento-de-agua-no-guaruja-e-investigado-pelo-mp#respond\"]}]},{\"@type\":\"WebPage\",\"@id\":\"https:\\\/\\\/redenoticiaz.com.br\\\/litoralsp\\\/2022\\\/12\\\/01\\\/problema-no-fornecimento-de-agua-no-guaruja-e-investigado-pelo-mp\",\"url\":\"https:\\\/\\\/redenoticiaz.com.br\\\/litoralsp\\\/2022\\\/12\\\/01\\\/problema-no-fornecimento-de-agua-no-guaruja-e-investigado-pelo-mp\",\"name\":\"Problema no fornecimento de \u00e1gua no Guaruj\u00e1 \u00e9 investigado pelo MP - Litoral SP\",\"isPartOf\":{\"@id\":\"https:\\\/\\\/redenoticiaz.com.br\\\/litoralsp\\\/#website\"},\"primaryImageOfPage\":{\"@id\":\"https:\\\/\\\/redenoticiaz.com.br\\\/litoralsp\\\/2022\\\/12\\\/01\\\/problema-no-fornecimento-de-agua-no-guaruja-e-investigado-pelo-mp#primaryimage\"},\"image\":{\"@id\":\"https:\\\/\\\/redenoticiaz.com.br\\\/litoralsp\\\/2022\\\/12\\\/01\\\/problema-no-fornecimento-de-agua-no-guaruja-e-investigado-pelo-mp#primaryimage\"},\"thumbnailUrl\":\"https:\\\/\\\/redenoticiaz.com.br\\\/litoralsp\\\/wp-content\\\/uploads\\\/sites\\\/3\\\/2022\\\/12\\\/ESTACAO-SABESP.jpg\",\"datePublished\":\"2022-12-01T11:36:14+00:00\",\"description\":\"Nos \u00faltimos dias, moradores do Guaruj\u00e1 tem reclamado de problemas no fornecimento e abastecimento de \u00e1gua em alguns bairros. O caso\",\"inLanguage\":\"pt-BR\",\"potentialAction\":[{\"@type\":\"ReadAction\",\"target\":[\"https:\\\/\\\/redenoticiaz.com.br\\\/litoralsp\\\/2022\\\/12\\\/01\\\/problema-no-fornecimento-de-agua-no-guaruja-e-investigado-pelo-mp\"]}]},{\"@type\":\"ImageObject\",\"inLanguage\":\"pt-BR\",\"@id\":\"https:\\\/\\\/redenoticiaz.com.br\\\/litoralsp\\\/2022\\\/12\\\/01\\\/problema-no-fornecimento-de-agua-no-guaruja-e-investigado-pelo-mp#primaryimage\",\"url\":\"https:\\\/\\\/redenoticiaz.com.br\\\/litoralsp\\\/wp-content\\\/uploads\\\/sites\\\/3\\\/2022\\\/12\\\/ESTACAO-SABESP.jpg\",\"contentUrl\":\"https:\\\/\\\/redenoticiaz.com.br\\\/litoralsp\\\/wp-content\\\/uploads\\\/sites\\\/3\\\/2022\\\/12\\\/ESTACAO-SABESP.jpg\",\"width\":547,\"height\":307,\"caption\":\"Cr\u00e9ditos: Divulga\u00e7\u00e3o\\\/Prefeitura de Guaruj\u00e1\"},{\"@type\":\"WebSite\",\"@id\":\"https:\\\/\\\/redenoticiaz.com.br\\\/litoralsp\\\/#website\",\"url\":\"https:\\\/\\\/redenoticiaz.com.br\\\/litoralsp\\\/\",\"name\":\"Litoral SP\",\"description\":\"Rede NoticiaZ\",\"publisher\":{\"@id\":\"https:\\\/\\\/redenoticiaz.com.br\\\/litoralsp\\\/#organization\"},\"potentialAction\":[{\"@type\":\"SearchAction\",\"target\":{\"@type\":\"EntryPoint\",\"urlTemplate\":\"https:\\\/\\\/redenoticiaz.com.br\\\/litoralsp\\\/?s={search_term_string}\"},\"query-input\":{\"@type\":\"PropertyValueSpecification\",\"valueRequired\":true,\"valueName\":\"search_term_string\"}}],\"inLanguage\":\"pt-BR\"},{\"@type\":\"Organization\",\"@id\":\"https:\\\/\\\/redenoticiaz.com.br\\\/litoralsp\\\/#organization\",\"name\":\"Litoral SP\",\"url\":\"https:\\\/\\\/redenoticiaz.com.br\\\/litoralsp\\\/\",\"logo\":{\"@type\":\"ImageObject\",\"inLanguage\":\"pt-BR\",\"@id\":\"https:\\\/\\\/redenoticiaz.com.br\\\/litoralsp\\\/#\\\/schema\\\/logo\\\/image\\\/\",\"url\":\"https:\\\/\\\/redenoticiaz.com.br\\\/litoralsp\\\/wp-content\\\/uploads\\\/sites\\\/3\\\/2020\\\/11\\\/logo.jpg\",\"contentUrl\":\"https:\\\/\\\/redenoticiaz.com.br\\\/litoralsp\\\/wp-content\\\/uploads\\\/sites\\\/3\\\/2020\\\/11\\\/logo.jpg\",\"width\":400,\"height\":250,\"caption\":\"Litoral SP\"},\"image\":{\"@id\":\"https:\\\/\\\/redenoticiaz.com.br\\\/litoralsp\\\/#\\\/schema\\\/logo\\\/image\\\/\"}},{\"@type\":\"Person\",\"@id\":\"https:\\\/\\\/redenoticiaz.com.br\\\/litoralsp\\\/#\\\/schema\\\/person\\\/0f0b8a5bdafefe82841e07ae8d81ecb3\",\"name\":\"Leonardo Francisco\",\"image\":{\"@type\":\"ImageObject\",\"inLanguage\":\"pt-BR\",\"@id\":\"https:\\\/\\\/secure.gravatar.com\\\/avatar\\\/a7358cb406a99b682ec6df1e77e31ae82e63601f6784e8a3df411d72b37864da?s=96&d=mm&r=g\",\"url\":\"https:\\\/\\\/secure.gravatar.com\\\/avatar\\\/a7358cb406a99b682ec6df1e77e31ae82e63601f6784e8a3df411d72b37864da?s=96&d=mm&r=g\",\"contentUrl\":\"https:\\\/\\\/secure.gravatar.com\\\/avatar\\\/a7358cb406a99b682ec6df1e77e31ae82e63601f6784e8a3df411d72b37864da?s=96&d=mm&r=g\",\"caption\":\"Leonardo Francisco\"},\"url\":\"https:\\\/\\\/redenoticiaz.com.br\\\/litoralsp\\\/author\\\/leonardo-francisco\"}]}<\/script>\n<!-- \/ Yoast SEO plugin. -->","yoast_head_json":{"title":"Problema no fornecimento de \u00e1gua no Guaruj\u00e1 \u00e9 investigado pelo MP - Litoral SP","description":"Nos \u00faltimos dias, moradores do Guaruj\u00e1 tem reclamado de problemas no fornecimento e abastecimento de \u00e1gua em alguns bairros. O caso","robots":{"index":"index","follow":"follow","max-snippet":"max-snippet:-1","max-image-preview":"max-image-preview:large","max-video-preview":"max-video-preview:-1"},"canonical":"https:\/\/redenoticiaz.com.br\/litoralsp\/2022\/12\/01\/problema-no-fornecimento-de-agua-no-guaruja-e-investigado-pelo-mp","og_locale":"pt_BR","og_type":"article","og_title":"Problema no fornecimento de \u00e1gua no Guaruj\u00e1 \u00e9 investigado pelo MP - Litoral SP","og_description":"Nos \u00faltimos dias, moradores do Guaruj\u00e1 tem reclamado de problemas no fornecimento e abastecimento de \u00e1gua em alguns bairros. O caso","og_url":"https:\/\/redenoticiaz.com.br\/litoralsp\/2022\/12\/01\/problema-no-fornecimento-de-agua-no-guaruja-e-investigado-pelo-mp","og_site_name":"Litoral SP","article_published_time":"2022-12-01T11:36:14+00:00","og_image":[{"width":547,"height":307,"url":"https:\/\/redenoticiaz.com.br\/litoralsp\/wp-content\/uploads\/sites\/3\/2022\/12\/ESTACAO-SABESP.jpg","type":"image\/jpeg"}],"author":"Leonardo Francisco","twitter_card":"summary_large_image","twitter_misc":{"Escrito por":"Leonardo Francisco","Est. tempo de leitura":"4 minutos"},"schema":{"@context":"https:\/\/schema.org","@graph":[{"@type":"Article","@id":"https:\/\/redenoticiaz.com.br\/litoralsp\/2022\/12\/01\/problema-no-fornecimento-de-agua-no-guaruja-e-investigado-pelo-mp#article","isPartOf":{"@id":"https:\/\/redenoticiaz.com.br\/litoralsp\/2022\/12\/01\/problema-no-fornecimento-de-agua-no-guaruja-e-investigado-pelo-mp"},"author":{"name":"Leonardo Francisco","@id":"https:\/\/redenoticiaz.com.br\/litoralsp\/#\/schema\/person\/0f0b8a5bdafefe82841e07ae8d81ecb3"},"headline":"Problema no fornecimento de \u00e1gua no Guaruj\u00e1 \u00e9 investigado pelo MP","datePublished":"2022-12-01T11:36:14+00:00","mainEntityOfPage":{"@id":"https:\/\/redenoticiaz.com.br\/litoralsp\/2022\/12\/01\/problema-no-fornecimento-de-agua-no-guaruja-e-investigado-pelo-mp"},"wordCount":626,"commentCount":0,"publisher":{"@id":"https:\/\/redenoticiaz.com.br\/litoralsp\/#organization"},"image":{"@id":"https:\/\/redenoticiaz.com.br\/litoralsp\/2022\/12\/01\/problema-no-fornecimento-de-agua-no-guaruja-e-investigado-pelo-mp#primaryimage"},"thumbnailUrl":"https:\/\/redenoticiaz.com.br\/litoralsp\/wp-content\/uploads\/sites\/3\/2022\/12\/ESTACAO-SABESP.jpg","keywords":["FORNECIMENTO DE \u00c1GUA","Guaruj\u00e1","OAB","SABESP"],"articleSection":["Guaruj\u00e1","Justi\u00e7a"],"inLanguage":"pt-BR","potentialAction":[{"@type":"CommentAction","name":"Comment","target":["https:\/\/redenoticiaz.com.br\/litoralsp\/2022\/12\/01\/problema-no-fornecimento-de-agua-no-guaruja-e-investigado-pelo-mp#respond"]}]},{"@type":"WebPage","@id":"https:\/\/redenoticiaz.com.br\/litoralsp\/2022\/12\/01\/problema-no-fornecimento-de-agua-no-guaruja-e-investigado-pelo-mp","url":"https:\/\/redenoticiaz.com.br\/litoralsp\/2022\/12\/01\/problema-no-fornecimento-de-agua-no-guaruja-e-investigado-pelo-mp","name":"Problema no fornecimento de \u00e1gua no Guaruj\u00e1 \u00e9 investigado pelo MP - Litoral SP","isPartOf":{"@id":"https:\/\/redenoticiaz.com.br\/litoralsp\/#website"},"primaryImageOfPage":{"@id":"https:\/\/redenoticiaz.com.br\/litoralsp\/2022\/12\/01\/problema-no-fornecimento-de-agua-no-guaruja-e-investigado-pelo-mp#primaryimage"},"image":{"@id":"https:\/\/redenoticiaz.com.br\/litoralsp\/2022\/12\/01\/problema-no-fornecimento-de-agua-no-guaruja-e-investigado-pelo-mp#primaryimage"},"thumbnailUrl":"https:\/\/redenoticiaz.com.br\/litoralsp\/wp-content\/uploads\/sites\/3\/2022\/12\/ESTACAO-SABESP.jpg","datePublished":"2022-12-01T11:36:14+00:00","description":"Nos \u00faltimos dias, moradores do Guaruj\u00e1 tem reclamado de problemas no fornecimento e abastecimento de \u00e1gua em alguns bairros. O caso","inLanguage":"pt-BR","potentialAction":[{"@type":"ReadAction","target":["https:\/\/redenoticiaz.com.br\/litoralsp\/2022\/12\/01\/problema-no-fornecimento-de-agua-no-guaruja-e-investigado-pelo-mp"]}]},{"@type":"ImageObject","inLanguage":"pt-BR","@id":"https:\/\/redenoticiaz.com.br\/litoralsp\/2022\/12\/01\/problema-no-fornecimento-de-agua-no-guaruja-e-investigado-pelo-mp#primaryimage","url":"https:\/\/redenoticiaz.com.br\/litoralsp\/wp-content\/uploads\/sites\/3\/2022\/12\/ESTACAO-SABESP.jpg","contentUrl":"https:\/\/redenoticiaz.com.br\/litoralsp\/wp-content\/uploads\/sites\/3\/2022\/12\/ESTACAO-SABESP.jpg","width":547,"height":307,"caption":"Cr\u00e9ditos: Divulga\u00e7\u00e3o\/Prefeitura de Guaruj\u00e1"},{"@type":"WebSite","@id":"https:\/\/redenoticiaz.com.br\/litoralsp\/#website","url":"https:\/\/redenoticiaz.com.br\/litoralsp\/","name":"Litoral SP","description":"Rede NoticiaZ","publisher":{"@id":"https:\/\/redenoticiaz.com.br\/litoralsp\/#organization"},"potentialAction":[{"@type":"SearchAction","target":{"@type":"EntryPoint","urlTemplate":"https:\/\/redenoticiaz.com.br\/litoralsp\/?s={search_term_string}"},"query-input":{"@type":"PropertyValueSpecification","valueRequired":true,"valueName":"search_term_string"}}],"inLanguage":"pt-BR"},{"@type":"Organization","@id":"https:\/\/redenoticiaz.com.br\/litoralsp\/#organization","name":"Litoral SP","url":"https:\/\/redenoticiaz.com.br\/litoralsp\/","logo":{"@type":"ImageObject","inLanguage":"pt-BR","@id":"https:\/\/redenoticiaz.com.br\/litoralsp\/#\/schema\/logo\/image\/","url":"https:\/\/redenoticiaz.com.br\/litoralsp\/wp-content\/uploads\/sites\/3\/2020\/11\/logo.jpg","contentUrl":"https:\/\/redenoticiaz.com.br\/litoralsp\/wp-content\/uploads\/sites\/3\/2020\/11\/logo.jpg","width":400,"height":250,"caption":"Litoral SP"},"image":{"@id":"https:\/\/redenoticiaz.com.br\/litoralsp\/#\/schema\/logo\/image\/"}},{"@type":"Person","@id":"https:\/\/redenoticiaz.com.br\/litoralsp\/#\/schema\/person\/0f0b8a5bdafefe82841e07ae8d81ecb3","name":"Leonardo Francisco","image":{"@type":"ImageObject","inLanguage":"pt-BR","@id":"https:\/\/secure.gravatar.com\/avatar\/a7358cb406a99b682ec6df1e77e31ae82e63601f6784e8a3df411d72b37864da?s=96&d=mm&r=g","url":"https:\/\/secure.gravatar.com\/avatar\/a7358cb406a99b682ec6df1e77e31ae82e63601f6784e8a3df411d72b37864da?s=96&d=mm&r=g","contentUrl":"https:\/\/secure.gravatar.com\/avatar\/a7358cb406a99b682ec6df1e77e31ae82e63601f6784e8a3df411d72b37864da?s=96&d=mm&r=g","caption":"Leonardo Francisco"},"url":"https:\/\/redenoticiaz.com.br\/litoralsp\/author\/leonardo-francisco"}]}},"_links":{"self":[{"href":"https:\/\/redenoticiaz.com.br\/litoralsp\/wp-json\/wp\/v2\/posts\/96242","targetHints":{"allow":["GET"]}}],"collection":[{"href":"https:\/\/redenoticiaz.com.br\/litoralsp\/wp-json\/wp\/v2\/posts"}],"about":[{"href":"https:\/\/redenoticiaz.com.br\/litoralsp\/wp-json\/wp\/v2\/types\/post"}],"author":[{"embeddable":true,"href":"https:\/\/redenoticiaz.com.br\/litoralsp\/wp-json\/wp\/v2\/users\/6"}],"replies":[{"embeddable":true,"href":"https:\/\/redenoticiaz.com.br\/litoralsp\/wp-json\/wp\/v2\/comments?post=96242"}],"version-history":[{"count":1,"href":"https:\/\/redenoticiaz.com.br\/litoralsp\/wp-json\/wp\/v2\/posts\/96242\/revisions"}],"predecessor-version":[{"id":96244,"href":"https:\/\/redenoticiaz.com.br\/litoralsp\/wp-json\/wp\/v2\/posts\/96242\/revisions\/96244"}],"wp:featuredmedia":[{"embeddable":true,"href":"https:\/\/redenoticiaz.com.br\/litoralsp\/wp-json\/wp\/v2\/media\/96243"}],"wp:attachment":[{"href":"https:\/\/redenoticiaz.com.br\/litoralsp\/wp-json\/wp\/v2\/media?parent=96242"}],"wp:term":[{"taxonomy":"category","embeddable":true,"href":"https:\/\/redenoticiaz.com.br\/litoralsp\/wp-json\/wp\/v2\/categories?post=96242"},{"taxonomy":"post_tag","embeddable":true,"href":"https:\/\/redenoticiaz.com.br\/litoralsp\/wp-json\/wp\/v2\/tags?post=96242"}],"curies":[{"name":"wp","href":"https:\/\/api.w.org\/{rel}","templated":true}]}}