{"id":96430,"date":"2022-12-03T13:25:24","date_gmt":"2022-12-03T16:25:24","guid":{"rendered":"https:\/\/redenoticiaz.com.br\/litoralsp\/?p=96430"},"modified":"2022-12-03T13:25:24","modified_gmt":"2022-12-03T16:25:24","slug":"presepio-de-areia-e-inaugurado-na-orla-de-itanhaem","status":"publish","type":"post","link":"https:\/\/redenoticiaz.com.br\/litoralsp\/2022\/12\/03\/presepio-de-areia-e-inaugurado-na-orla-de-itanhaem","title":{"rendered":"Pres\u00e9pio de areia \u00e9 inaugurado na orla de Itanha\u00e9m"},"content":{"rendered":"<div id=\"chunk-dm61u\">\n<div class=\"mc-column content-text active-extra-styles \" data-block-type=\"unstyled\" data-block-weight=\"48\" data-block-id=\"3\">\n<p class=\"content-text__container \" data-track-category=\"Link no Texto\" data-track-links=\"\">Desde 2006, virou tradi\u00e7\u00e3o para moradores e turistas de Itanha\u00e9m pararem um momento para observar e contemplar um <strong>pres\u00e9pio<\/strong> diferente do convencional. Ele \u00e9 feito <strong>totalmente de areia<\/strong> e ser\u00e1 inaugurado neste s\u00e1bado (3) na Pra\u00e7a 22 de Abril, na regi\u00e3o da Boca da Barra.<\/p>\n<p class=\"content-text__container \" data-track-category=\"Link no Texto\" data-track-links=\"\">Nele, \u00e9 mostrado o cen\u00e1rio refaz a cena do nascimento de Jesus, com pe\u00e7as que chegam a 2,5 metros. Moradores e turistas podem tirar fotos at\u00e9 o final de dezembro.<\/p>\n<\/div>\n<\/div>\n<div class=\"wall protected-content\">\n<div id=\"chunk-7r3a8\">\n<div class=\"mc-column content-text active-extra-styles \" data-block-type=\"unstyled\" data-block-weight=\"40\" data-block-id=\"4\">\n<p class=\"content-text__container \" data-track-category=\"Link no Texto\" data-track-links=\"\">Segundo a prefeitura, a produ\u00e7\u00e3o \u00e9 feita com uma mistura de areia com \u00e1gua e um pouco de cimento, para dar consist\u00eancia e durabilidade.<\/p>\n<\/div>\n<\/div>\n<div id=\"chunk-acaev\">\n<div class=\"mc-column content-text active-extra-styles \" data-block-type=\"unstyled\" data-block-weight=\"44\" data-block-id=\"5\">\n<p class=\"content-text__container \" data-track-category=\"Link no Texto\" data-track-links=\"\">O respons\u00e1vel pela cria\u00e7\u00e3o do pres\u00e9pio \u00e9 o itanhaense e artista pl\u00e1stico Ronaldo Lopes, que desde 2006 remonta a cena na mesma \u00e9poca do ano. O pres\u00e9pio retrata Virgem Maria, Jos\u00e9, os tr\u00eas Reis Magos, o menino Jesus, uma vaca, uma mula e ovelhas.<\/p>\n<\/div>\n<\/div>\n<div id=\"chunk-70lvl\">\n<div class=\"content-ads content-ads--reveal\" data-block-type=\"ads\" data-block-id=\"6\">\n<div id=\"banner_materia2\" class=\"tag-manager-publicidade-container mc-has-reveal mc-has-ad-lazyload tag-manager-publicidade-banner_materia2 tag-manager-publicidade-container--carregado tag-manager-publicidade-container--visivel\" data-id=\"banner_materia2\" data-req=\"true\" data-google-query-id=\"CJvcscDX3fsCFQi2lQIdyQcD3g\" data-cid=\"138414118237\" data-lid=\"6167846282\">\n<div id=\"google_ads_iframe_\/95377733\/tvg_G1\/Sua_Regiao&gt;Sudeste&gt;Sao_Paulo_(Santos)_2__container__\"><strong>LEIA TAMB\u00c9M<\/strong><\/div>\n<\/div>\n<\/div>\n<\/div>\n<\/div>\n<div><\/div>\n<div><a href=\"https:\/\/redenoticiaz.com.br\/litoralsp\/2022\/12\/02\/festejos-de-iemanja-comecam-neste-final-de-semana-em-praia-grande\">Festejos de Iemanj\u00e1 come\u00e7am neste final de semana em Praia Grande<\/a><\/div>\n","protected":false},"excerpt":{"rendered":"<p>Desde 2006, virou tradi\u00e7\u00e3o para moradores e turistas de Itanha\u00e9m pararem um momento para observar e contemplar um pres\u00e9pio diferente do convencional. Ele \u00e9 feito totalmente de areia e ser\u00e1 inaugurado neste s\u00e1bado (3) na Pra\u00e7a 22 de Abril, na regi\u00e3o da Boca da Barra. Nele, \u00e9 mostrado o cen\u00e1rio refaz a cena do nascimento &hellip;<\/p>\n","protected":false},"author":6,"featured_media":96431,"comment_status":"open","ping_status":"closed","sticky":false,"template":"","format":"standard","meta":{"footnotes":""},"categories":[169,184],"tags":[12184,1068,58164,61496],"class_list":["post-96430","post","type-post","status-publish","format-standard","has-post-thumbnail","hentry","category-cultura","category-itanhaem","tag-boca-da-barra","tag-itanhaem","tag-praca-22-de-abril","tag-presepio-de-areia"],"yoast_head":"<!-- This site is optimized with the Yoast SEO plugin v27.5 - https:\/\/yoast.com\/product\/yoast-seo-wordpress\/ -->\n<title>Pres\u00e9pio de areia \u00e9 inaugurado na orla de Itanha\u00e9m - Litoral SP<\/title>\n<meta name=\"description\" content=\"virou tradi\u00e7\u00e3o para moradores e turistas de Itanha\u00e9m pararem um momento para observar e contemplar um pres\u00e9pio diferente\" \/>\n<meta name=\"robots\" content=\"index, follow, max-snippet:-1, max-image-preview:large, max-video-preview:-1\" \/>\n<link rel=\"canonical\" href=\"https:\/\/redenoticiaz.com.br\/litoralsp\/2022\/12\/03\/presepio-de-areia-e-inaugurado-na-orla-de-itanhaem\" \/>\n<meta property=\"og:locale\" content=\"pt_BR\" \/>\n<meta property=\"og:type\" content=\"article\" \/>\n<meta property=\"og:title\" content=\"Pres\u00e9pio de areia \u00e9 inaugurado na orla de Itanha\u00e9m - Litoral SP\" \/>\n<meta property=\"og:description\" content=\"virou tradi\u00e7\u00e3o para moradores e turistas de Itanha\u00e9m pararem um momento para observar e contemplar um pres\u00e9pio diferente\" \/>\n<meta property=\"og:url\" content=\"https:\/\/redenoticiaz.com.br\/litoralsp\/2022\/12\/03\/presepio-de-areia-e-inaugurado-na-orla-de-itanhaem\" \/>\n<meta property=\"og:site_name\" content=\"Litoral SP\" \/>\n<meta property=\"article:published_time\" content=\"2022-12-03T16:25:24+00:00\" \/>\n<meta property=\"og:image\" content=\"https:\/\/redenoticiaz.com.br\/litoralsp\/wp-content\/uploads\/sites\/3\/2022\/12\/presepio.jpg\" \/>\n\t<meta property=\"og:image:width\" content=\"750\" \/>\n\t<meta property=\"og:image:height\" content=\"449\" \/>\n\t<meta property=\"og:image:type\" content=\"image\/jpeg\" \/>\n<meta name=\"author\" content=\"Leonardo Francisco\" \/>\n<meta name=\"twitter:card\" content=\"summary_large_image\" \/>\n<meta name=\"twitter:label1\" content=\"Escrito por\" \/>\n\t<meta name=\"twitter:data1\" content=\"Leonardo Francisco\" \/>\n\t<meta name=\"twitter:label2\" content=\"Est. tempo de leitura\" \/>\n\t<meta name=\"twitter:data2\" content=\"1 minuto\" \/>\n<script type=\"application\/ld+json\" class=\"yoast-schema-graph\">{\"@context\":\"https:\\\/\\\/schema.org\",\"@graph\":[{\"@type\":\"Article\",\"@id\":\"https:\\\/\\\/redenoticiaz.com.br\\\/litoralsp\\\/2022\\\/12\\\/03\\\/presepio-de-areia-e-inaugurado-na-orla-de-itanhaem#article\",\"isPartOf\":{\"@id\":\"https:\\\/\\\/redenoticiaz.com.br\\\/litoralsp\\\/2022\\\/12\\\/03\\\/presepio-de-areia-e-inaugurado-na-orla-de-itanhaem\"},\"author\":{\"name\":\"Leonardo Francisco\",\"@id\":\"https:\\\/\\\/redenoticiaz.com.br\\\/litoralsp\\\/#\\\/schema\\\/person\\\/0f0b8a5bdafefe82841e07ae8d81ecb3\"},\"headline\":\"Pres\u00e9pio de areia \u00e9 inaugurado na orla de Itanha\u00e9m\",\"datePublished\":\"2022-12-03T16:25:24+00:00\",\"mainEntityOfPage\":{\"@id\":\"https:\\\/\\\/redenoticiaz.com.br\\\/litoralsp\\\/2022\\\/12\\\/03\\\/presepio-de-areia-e-inaugurado-na-orla-de-itanhaem\"},\"wordCount\":175,\"commentCount\":0,\"publisher\":{\"@id\":\"https:\\\/\\\/redenoticiaz.com.br\\\/litoralsp\\\/#organization\"},\"image\":{\"@id\":\"https:\\\/\\\/redenoticiaz.com.br\\\/litoralsp\\\/2022\\\/12\\\/03\\\/presepio-de-areia-e-inaugurado-na-orla-de-itanhaem#primaryimage\"},\"thumbnailUrl\":\"https:\\\/\\\/redenoticiaz.com.br\\\/litoralsp\\\/wp-content\\\/uploads\\\/sites\\\/3\\\/2022\\\/12\\\/presepio.jpg\",\"keywords\":[\"BOCA DA BARRA\",\"ITANHA\u00c9M\",\"PRA\u00c7A 22 DE ABRIL\",\"PRES\u00c9PIO DE AREIA\"],\"articleSection\":[\"Cultura\",\"Itanha\u00e9m\"],\"inLanguage\":\"pt-BR\",\"potentialAction\":[{\"@type\":\"CommentAction\",\"name\":\"Comment\",\"target\":[\"https:\\\/\\\/redenoticiaz.com.br\\\/litoralsp\\\/2022\\\/12\\\/03\\\/presepio-de-areia-e-inaugurado-na-orla-de-itanhaem#respond\"]}]},{\"@type\":\"WebPage\",\"@id\":\"https:\\\/\\\/redenoticiaz.com.br\\\/litoralsp\\\/2022\\\/12\\\/03\\\/presepio-de-areia-e-inaugurado-na-orla-de-itanhaem\",\"url\":\"https:\\\/\\\/redenoticiaz.com.br\\\/litoralsp\\\/2022\\\/12\\\/03\\\/presepio-de-areia-e-inaugurado-na-orla-de-itanhaem\",\"name\":\"Pres\u00e9pio de areia \u00e9 inaugurado na orla de Itanha\u00e9m - Litoral SP\",\"isPartOf\":{\"@id\":\"https:\\\/\\\/redenoticiaz.com.br\\\/litoralsp\\\/#website\"},\"primaryImageOfPage\":{\"@id\":\"https:\\\/\\\/redenoticiaz.com.br\\\/litoralsp\\\/2022\\\/12\\\/03\\\/presepio-de-areia-e-inaugurado-na-orla-de-itanhaem#primaryimage\"},\"image\":{\"@id\":\"https:\\\/\\\/redenoticiaz.com.br\\\/litoralsp\\\/2022\\\/12\\\/03\\\/presepio-de-areia-e-inaugurado-na-orla-de-itanhaem#primaryimage\"},\"thumbnailUrl\":\"https:\\\/\\\/redenoticiaz.com.br\\\/litoralsp\\\/wp-content\\\/uploads\\\/sites\\\/3\\\/2022\\\/12\\\/presepio.jpg\",\"datePublished\":\"2022-12-03T16:25:24+00:00\",\"description\":\"virou tradi\u00e7\u00e3o para moradores e turistas de Itanha\u00e9m pararem um momento para observar e contemplar um pres\u00e9pio diferente\",\"inLanguage\":\"pt-BR\",\"potentialAction\":[{\"@type\":\"ReadAction\",\"target\":[\"https:\\\/\\\/redenoticiaz.com.br\\\/litoralsp\\\/2022\\\/12\\\/03\\\/presepio-de-areia-e-inaugurado-na-orla-de-itanhaem\"]}]},{\"@type\":\"ImageObject\",\"inLanguage\":\"pt-BR\",\"@id\":\"https:\\\/\\\/redenoticiaz.com.br\\\/litoralsp\\\/2022\\\/12\\\/03\\\/presepio-de-areia-e-inaugurado-na-orla-de-itanhaem#primaryimage\",\"url\":\"https:\\\/\\\/redenoticiaz.com.br\\\/litoralsp\\\/wp-content\\\/uploads\\\/sites\\\/3\\\/2022\\\/12\\\/presepio.jpg\",\"contentUrl\":\"https:\\\/\\\/redenoticiaz.com.br\\\/litoralsp\\\/wp-content\\\/uploads\\\/sites\\\/3\\\/2022\\\/12\\\/presepio.jpg\",\"width\":750,\"height\":449,\"caption\":\"Cr\u00e9ditos: Divulga\u00e7\u00e3o\\\/Prefeitura de Itanha\u00e9m\"},{\"@type\":\"WebSite\",\"@id\":\"https:\\\/\\\/redenoticiaz.com.br\\\/litoralsp\\\/#website\",\"url\":\"https:\\\/\\\/redenoticiaz.com.br\\\/litoralsp\\\/\",\"name\":\"Litoral SP\",\"description\":\"Rede NoticiaZ\",\"publisher\":{\"@id\":\"https:\\\/\\\/redenoticiaz.com.br\\\/litoralsp\\\/#organization\"},\"potentialAction\":[{\"@type\":\"SearchAction\",\"target\":{\"@type\":\"EntryPoint\",\"urlTemplate\":\"https:\\\/\\\/redenoticiaz.com.br\\\/litoralsp\\\/?s={search_term_string}\"},\"query-input\":{\"@type\":\"PropertyValueSpecification\",\"valueRequired\":true,\"valueName\":\"search_term_string\"}}],\"inLanguage\":\"pt-BR\"},{\"@type\":\"Organization\",\"@id\":\"https:\\\/\\\/redenoticiaz.com.br\\\/litoralsp\\\/#organization\",\"name\":\"Litoral SP\",\"url\":\"https:\\\/\\\/redenoticiaz.com.br\\\/litoralsp\\\/\",\"logo\":{\"@type\":\"ImageObject\",\"inLanguage\":\"pt-BR\",\"@id\":\"https:\\\/\\\/redenoticiaz.com.br\\\/litoralsp\\\/#\\\/schema\\\/logo\\\/image\\\/\",\"url\":\"https:\\\/\\\/redenoticiaz.com.br\\\/litoralsp\\\/wp-content\\\/uploads\\\/sites\\\/3\\\/2020\\\/11\\\/logo.jpg\",\"contentUrl\":\"https:\\\/\\\/redenoticiaz.com.br\\\/litoralsp\\\/wp-content\\\/uploads\\\/sites\\\/3\\\/2020\\\/11\\\/logo.jpg\",\"width\":400,\"height\":250,\"caption\":\"Litoral SP\"},\"image\":{\"@id\":\"https:\\\/\\\/redenoticiaz.com.br\\\/litoralsp\\\/#\\\/schema\\\/logo\\\/image\\\/\"}},{\"@type\":\"Person\",\"@id\":\"https:\\\/\\\/redenoticiaz.com.br\\\/litoralsp\\\/#\\\/schema\\\/person\\\/0f0b8a5bdafefe82841e07ae8d81ecb3\",\"name\":\"Leonardo Francisco\",\"image\":{\"@type\":\"ImageObject\",\"inLanguage\":\"pt-BR\",\"@id\":\"https:\\\/\\\/secure.gravatar.com\\\/avatar\\\/a7358cb406a99b682ec6df1e77e31ae82e63601f6784e8a3df411d72b37864da?s=96&d=mm&r=g\",\"url\":\"https:\\\/\\\/secure.gravatar.com\\\/avatar\\\/a7358cb406a99b682ec6df1e77e31ae82e63601f6784e8a3df411d72b37864da?s=96&d=mm&r=g\",\"contentUrl\":\"https:\\\/\\\/secure.gravatar.com\\\/avatar\\\/a7358cb406a99b682ec6df1e77e31ae82e63601f6784e8a3df411d72b37864da?s=96&d=mm&r=g\",\"caption\":\"Leonardo Francisco\"},\"url\":\"https:\\\/\\\/redenoticiaz.com.br\\\/litoralsp\\\/author\\\/leonardo-francisco\"}]}<\/script>\n<!-- \/ Yoast SEO plugin. -->","yoast_head_json":{"title":"Pres\u00e9pio de areia \u00e9 inaugurado na orla de Itanha\u00e9m - Litoral SP","description":"virou tradi\u00e7\u00e3o para moradores e turistas de Itanha\u00e9m pararem um momento para observar e contemplar um pres\u00e9pio diferente","robots":{"index":"index","follow":"follow","max-snippet":"max-snippet:-1","max-image-preview":"max-image-preview:large","max-video-preview":"max-video-preview:-1"},"canonical":"https:\/\/redenoticiaz.com.br\/litoralsp\/2022\/12\/03\/presepio-de-areia-e-inaugurado-na-orla-de-itanhaem","og_locale":"pt_BR","og_type":"article","og_title":"Pres\u00e9pio de areia \u00e9 inaugurado na orla de Itanha\u00e9m - Litoral SP","og_description":"virou tradi\u00e7\u00e3o para moradores e turistas de Itanha\u00e9m pararem um momento para observar e contemplar um pres\u00e9pio diferente","og_url":"https:\/\/redenoticiaz.com.br\/litoralsp\/2022\/12\/03\/presepio-de-areia-e-inaugurado-na-orla-de-itanhaem","og_site_name":"Litoral SP","article_published_time":"2022-12-03T16:25:24+00:00","og_image":[{"width":750,"height":449,"url":"https:\/\/redenoticiaz.com.br\/litoralsp\/wp-content\/uploads\/sites\/3\/2022\/12\/presepio.jpg","type":"image\/jpeg"}],"author":"Leonardo Francisco","twitter_card":"summary_large_image","twitter_misc":{"Escrito por":"Leonardo Francisco","Est. tempo de leitura":"1 minuto"},"schema":{"@context":"https:\/\/schema.org","@graph":[{"@type":"Article","@id":"https:\/\/redenoticiaz.com.br\/litoralsp\/2022\/12\/03\/presepio-de-areia-e-inaugurado-na-orla-de-itanhaem#article","isPartOf":{"@id":"https:\/\/redenoticiaz.com.br\/litoralsp\/2022\/12\/03\/presepio-de-areia-e-inaugurado-na-orla-de-itanhaem"},"author":{"name":"Leonardo Francisco","@id":"https:\/\/redenoticiaz.com.br\/litoralsp\/#\/schema\/person\/0f0b8a5bdafefe82841e07ae8d81ecb3"},"headline":"Pres\u00e9pio de areia \u00e9 inaugurado na orla de Itanha\u00e9m","datePublished":"2022-12-03T16:25:24+00:00","mainEntityOfPage":{"@id":"https:\/\/redenoticiaz.com.br\/litoralsp\/2022\/12\/03\/presepio-de-areia-e-inaugurado-na-orla-de-itanhaem"},"wordCount":175,"commentCount":0,"publisher":{"@id":"https:\/\/redenoticiaz.com.br\/litoralsp\/#organization"},"image":{"@id":"https:\/\/redenoticiaz.com.br\/litoralsp\/2022\/12\/03\/presepio-de-areia-e-inaugurado-na-orla-de-itanhaem#primaryimage"},"thumbnailUrl":"https:\/\/redenoticiaz.com.br\/litoralsp\/wp-content\/uploads\/sites\/3\/2022\/12\/presepio.jpg","keywords":["BOCA DA BARRA","ITANHA\u00c9M","PRA\u00c7A 22 DE ABRIL","PRES\u00c9PIO DE AREIA"],"articleSection":["Cultura","Itanha\u00e9m"],"inLanguage":"pt-BR","potentialAction":[{"@type":"CommentAction","name":"Comment","target":["https:\/\/redenoticiaz.com.br\/litoralsp\/2022\/12\/03\/presepio-de-areia-e-inaugurado-na-orla-de-itanhaem#respond"]}]},{"@type":"WebPage","@id":"https:\/\/redenoticiaz.com.br\/litoralsp\/2022\/12\/03\/presepio-de-areia-e-inaugurado-na-orla-de-itanhaem","url":"https:\/\/redenoticiaz.com.br\/litoralsp\/2022\/12\/03\/presepio-de-areia-e-inaugurado-na-orla-de-itanhaem","name":"Pres\u00e9pio de areia \u00e9 inaugurado na orla de Itanha\u00e9m - Litoral SP","isPartOf":{"@id":"https:\/\/redenoticiaz.com.br\/litoralsp\/#website"},"primaryImageOfPage":{"@id":"https:\/\/redenoticiaz.com.br\/litoralsp\/2022\/12\/03\/presepio-de-areia-e-inaugurado-na-orla-de-itanhaem#primaryimage"},"image":{"@id":"https:\/\/redenoticiaz.com.br\/litoralsp\/2022\/12\/03\/presepio-de-areia-e-inaugurado-na-orla-de-itanhaem#primaryimage"},"thumbnailUrl":"https:\/\/redenoticiaz.com.br\/litoralsp\/wp-content\/uploads\/sites\/3\/2022\/12\/presepio.jpg","datePublished":"2022-12-03T16:25:24+00:00","description":"virou tradi\u00e7\u00e3o para moradores e turistas de Itanha\u00e9m pararem um momento para observar e contemplar um pres\u00e9pio diferente","inLanguage":"pt-BR","potentialAction":[{"@type":"ReadAction","target":["https:\/\/redenoticiaz.com.br\/litoralsp\/2022\/12\/03\/presepio-de-areia-e-inaugurado-na-orla-de-itanhaem"]}]},{"@type":"ImageObject","inLanguage":"pt-BR","@id":"https:\/\/redenoticiaz.com.br\/litoralsp\/2022\/12\/03\/presepio-de-areia-e-inaugurado-na-orla-de-itanhaem#primaryimage","url":"https:\/\/redenoticiaz.com.br\/litoralsp\/wp-content\/uploads\/sites\/3\/2022\/12\/presepio.jpg","contentUrl":"https:\/\/redenoticiaz.com.br\/litoralsp\/wp-content\/uploads\/sites\/3\/2022\/12\/presepio.jpg","width":750,"height":449,"caption":"Cr\u00e9ditos: Divulga\u00e7\u00e3o\/Prefeitura de Itanha\u00e9m"},{"@type":"WebSite","@id":"https:\/\/redenoticiaz.com.br\/litoralsp\/#website","url":"https:\/\/redenoticiaz.com.br\/litoralsp\/","name":"Litoral SP","description":"Rede NoticiaZ","publisher":{"@id":"https:\/\/redenoticiaz.com.br\/litoralsp\/#organization"},"potentialAction":[{"@type":"SearchAction","target":{"@type":"EntryPoint","urlTemplate":"https:\/\/redenoticiaz.com.br\/litoralsp\/?s={search_term_string}"},"query-input":{"@type":"PropertyValueSpecification","valueRequired":true,"valueName":"search_term_string"}}],"inLanguage":"pt-BR"},{"@type":"Organization","@id":"https:\/\/redenoticiaz.com.br\/litoralsp\/#organization","name":"Litoral SP","url":"https:\/\/redenoticiaz.com.br\/litoralsp\/","logo":{"@type":"ImageObject","inLanguage":"pt-BR","@id":"https:\/\/redenoticiaz.com.br\/litoralsp\/#\/schema\/logo\/image\/","url":"https:\/\/redenoticiaz.com.br\/litoralsp\/wp-content\/uploads\/sites\/3\/2020\/11\/logo.jpg","contentUrl":"https:\/\/redenoticiaz.com.br\/litoralsp\/wp-content\/uploads\/sites\/3\/2020\/11\/logo.jpg","width":400,"height":250,"caption":"Litoral SP"},"image":{"@id":"https:\/\/redenoticiaz.com.br\/litoralsp\/#\/schema\/logo\/image\/"}},{"@type":"Person","@id":"https:\/\/redenoticiaz.com.br\/litoralsp\/#\/schema\/person\/0f0b8a5bdafefe82841e07ae8d81ecb3","name":"Leonardo Francisco","image":{"@type":"ImageObject","inLanguage":"pt-BR","@id":"https:\/\/secure.gravatar.com\/avatar\/a7358cb406a99b682ec6df1e77e31ae82e63601f6784e8a3df411d72b37864da?s=96&d=mm&r=g","url":"https:\/\/secure.gravatar.com\/avatar\/a7358cb406a99b682ec6df1e77e31ae82e63601f6784e8a3df411d72b37864da?s=96&d=mm&r=g","contentUrl":"https:\/\/secure.gravatar.com\/avatar\/a7358cb406a99b682ec6df1e77e31ae82e63601f6784e8a3df411d72b37864da?s=96&d=mm&r=g","caption":"Leonardo Francisco"},"url":"https:\/\/redenoticiaz.com.br\/litoralsp\/author\/leonardo-francisco"}]}},"_links":{"self":[{"href":"https:\/\/redenoticiaz.com.br\/litoralsp\/wp-json\/wp\/v2\/posts\/96430","targetHints":{"allow":["GET"]}}],"collection":[{"href":"https:\/\/redenoticiaz.com.br\/litoralsp\/wp-json\/wp\/v2\/posts"}],"about":[{"href":"https:\/\/redenoticiaz.com.br\/litoralsp\/wp-json\/wp\/v2\/types\/post"}],"author":[{"embeddable":true,"href":"https:\/\/redenoticiaz.com.br\/litoralsp\/wp-json\/wp\/v2\/users\/6"}],"replies":[{"embeddable":true,"href":"https:\/\/redenoticiaz.com.br\/litoralsp\/wp-json\/wp\/v2\/comments?post=96430"}],"version-history":[{"count":1,"href":"https:\/\/redenoticiaz.com.br\/litoralsp\/wp-json\/wp\/v2\/posts\/96430\/revisions"}],"predecessor-version":[{"id":96432,"href":"https:\/\/redenoticiaz.com.br\/litoralsp\/wp-json\/wp\/v2\/posts\/96430\/revisions\/96432"}],"wp:featuredmedia":[{"embeddable":true,"href":"https:\/\/redenoticiaz.com.br\/litoralsp\/wp-json\/wp\/v2\/media\/96431"}],"wp:attachment":[{"href":"https:\/\/redenoticiaz.com.br\/litoralsp\/wp-json\/wp\/v2\/media?parent=96430"}],"wp:term":[{"taxonomy":"category","embeddable":true,"href":"https:\/\/redenoticiaz.com.br\/litoralsp\/wp-json\/wp\/v2\/categories?post=96430"},{"taxonomy":"post_tag","embeddable":true,"href":"https:\/\/redenoticiaz.com.br\/litoralsp\/wp-json\/wp\/v2\/tags?post=96430"}],"curies":[{"name":"wp","href":"https:\/\/api.w.org\/{rel}","templated":true}]}}