{"id":96433,"date":"2022-12-03T13:36:44","date_gmt":"2022-12-03T16:36:44","guid":{"rendered":"https:\/\/redenoticiaz.com.br\/litoralsp\/?p=96433"},"modified":"2022-12-03T13:36:44","modified_gmt":"2022-12-03T16:36:44","slug":"cameras-auxiliam-na-prisao-de-homem-que-tentava-furtar-bicicleta-em-santos","status":"publish","type":"post","link":"https:\/\/redenoticiaz.com.br\/litoralsp\/2022\/12\/03\/cameras-auxiliam-na-prisao-de-homem-que-tentava-furtar-bicicleta-em-santos","title":{"rendered":"C\u00e2meras auxiliam na pris\u00e3o de homem que tentava furtar bicicleta em Santos"},"content":{"rendered":"<div>\n<div class=\"col-md-offset-1 col-md-10\">\n<div class=\"field field-name-body field-type-text-with-summary field-label-hidden\">\n<div class=\"field-items\">\n<div class=\"field-item even\">\n<p>Um homem foi preso acusado de <strong>tentar furtar uma bicicleta<\/strong> no Gonzaga, bairro nobre de Santos. O crime aconteceu na quinta-feira (1\u00ba) e o sistema de monitoramento por c\u00e2meras do Centro de Controle Operacional (CCO) foi essencial para a identifica\u00e7\u00e3o e pris\u00e3o do suspeito.<\/p>\n<p>Segundo a prefeitura, os guardas municipais, ap\u00f3s flagrarem a a\u00e7\u00e3o foi at\u00e9 \u00e0 Pra\u00e7a da Independ\u00eancia, onde um biciclet\u00e1rio foi instalado. Nas imagens foi poss\u00edvel ver dois homens chegam em uma bicicleta e um deles entra em um estabelecimento comercial, enquanto o outro tenta for\u00e7ar o sistema antifurto de uma bicicleta estacionada.<\/p>\n<p>Um seguran\u00e7a particular percebe o delito e tenta capturar o indiv\u00edduo, que sai correndo sentido orla da praia. A ocorr\u00eancia estava sendo monitorada e foi informada via r\u00e1dio para agentes que faziam patrulhamento na regi\u00e3o.<\/p>\n<p>De imediato, os guardas municipais \u00a0foram at\u00e9 o local e conseguiram deter o indiv\u00edduo, que havia sa\u00eddo correndo. Ele foi preso e encaminhado para o 7\u00b0 Distrito Policial. O outro conseguiu escapar antes da chegada dos agentes.<\/p>\n<p><strong>LEIA TAMB\u00c9M<\/strong><\/p>\n<p><a href=\"https:\/\/redenoticiaz.com.br\/litoralsp\/2022\/12\/02\/cabos-de-internet-roubados-em-sao-vicente-sao-recuperados-e-homem-e-preso\">Cabos de internet roubados em S\u00e3o Vicente s\u00e3o recuperados e homem \u00e9 preso<\/a><\/p>\n<\/div>\n<\/div>\n<\/div>\n<\/div>\n<\/div>\n","protected":false},"excerpt":{"rendered":"<p>Um homem foi preso acusado de tentar furtar uma bicicleta no Gonzaga, bairro nobre de Santos. O crime aconteceu na quinta-feira (1\u00ba) e o sistema de monitoramento por c\u00e2meras do Centro de Controle Operacional (CCO) foi essencial para a identifica\u00e7\u00e3o e pris\u00e3o do suspeito. Segundo a prefeitura, os guardas municipais, ap\u00f3s flagrarem a a\u00e7\u00e3o foi &hellip;<\/p>\n","protected":false},"author":6,"featured_media":96434,"comment_status":"open","ping_status":"closed","sticky":false,"template":"","format":"standard","meta":{"footnotes":""},"categories":[10,180],"tags":[61497,9470,43878,6342,9687,986,30517],"class_list":["post-96433","post","type-post","status-publish","format-standard","has-post-thumbnail","hentry","category-policia","category-santos","tag-bicicletario","tag-gonzaga","tag-guarda-civil-municipal-de-santos","tag-homem-preso","tag-praca-da-independencia","tag-santos","tag-tentativa-de-furto"],"yoast_head":"<!-- This site is optimized with the Yoast SEO plugin v27.5 - https:\/\/yoast.com\/product\/yoast-seo-wordpress\/ -->\n<title>C\u00e2meras auxiliam na pris\u00e3o de homem que tentava furtar bicicleta em Santos - Litoral SP<\/title>\n<meta name=\"description\" content=\"homem foi preso acusado de tentar furtar uma bicicleta no Gonzaga, bairro nobre de Santos. O crime aconteceu na quinta-feira (1\u00ba) e o\" \/>\n<meta name=\"robots\" content=\"index, follow, max-snippet:-1, max-image-preview:large, max-video-preview:-1\" \/>\n<link rel=\"canonical\" href=\"https:\/\/redenoticiaz.com.br\/litoralsp\/2022\/12\/03\/cameras-auxiliam-na-prisao-de-homem-que-tentava-furtar-bicicleta-em-santos\" \/>\n<meta property=\"og:locale\" content=\"pt_BR\" \/>\n<meta property=\"og:type\" content=\"article\" \/>\n<meta property=\"og:title\" content=\"C\u00e2meras auxiliam na pris\u00e3o de homem que tentava furtar bicicleta em Santos - Litoral SP\" \/>\n<meta property=\"og:description\" content=\"homem foi preso acusado de tentar furtar uma bicicleta no Gonzaga, bairro nobre de Santos. O crime aconteceu na quinta-feira (1\u00ba) e o\" \/>\n<meta property=\"og:url\" content=\"https:\/\/redenoticiaz.com.br\/litoralsp\/2022\/12\/03\/cameras-auxiliam-na-prisao-de-homem-que-tentava-furtar-bicicleta-em-santos\" \/>\n<meta property=\"og:site_name\" content=\"Litoral SP\" \/>\n<meta property=\"article:published_time\" content=\"2022-12-03T16:36:44+00:00\" \/>\n<meta property=\"og:image\" content=\"https:\/\/redenoticiaz.com.br\/litoralsp\/wp-content\/uploads\/sites\/3\/2022\/12\/furto-bike.jpg\" \/>\n\t<meta property=\"og:image:width\" content=\"927\" \/>\n\t<meta property=\"og:image:height\" content=\"428\" \/>\n\t<meta property=\"og:image:type\" content=\"image\/jpeg\" \/>\n<meta name=\"author\" content=\"Leonardo Francisco\" \/>\n<meta name=\"twitter:card\" content=\"summary_large_image\" \/>\n<meta name=\"twitter:label1\" content=\"Escrito por\" \/>\n\t<meta name=\"twitter:data1\" content=\"Leonardo Francisco\" \/>\n\t<meta name=\"twitter:label2\" content=\"Est. tempo de leitura\" \/>\n\t<meta name=\"twitter:data2\" content=\"2 minutos\" \/>\n<script type=\"application\/ld+json\" class=\"yoast-schema-graph\">{\"@context\":\"https:\\\/\\\/schema.org\",\"@graph\":[{\"@type\":\"Article\",\"@id\":\"https:\\\/\\\/redenoticiaz.com.br\\\/litoralsp\\\/2022\\\/12\\\/03\\\/cameras-auxiliam-na-prisao-de-homem-que-tentava-furtar-bicicleta-em-santos#article\",\"isPartOf\":{\"@id\":\"https:\\\/\\\/redenoticiaz.com.br\\\/litoralsp\\\/2022\\\/12\\\/03\\\/cameras-auxiliam-na-prisao-de-homem-que-tentava-furtar-bicicleta-em-santos\"},\"author\":{\"name\":\"Leonardo Francisco\",\"@id\":\"https:\\\/\\\/redenoticiaz.com.br\\\/litoralsp\\\/#\\\/schema\\\/person\\\/0f0b8a5bdafefe82841e07ae8d81ecb3\"},\"headline\":\"C\u00e2meras auxiliam na pris\u00e3o de homem que tentava furtar bicicleta em Santos\",\"datePublished\":\"2022-12-03T16:36:44+00:00\",\"mainEntityOfPage\":{\"@id\":\"https:\\\/\\\/redenoticiaz.com.br\\\/litoralsp\\\/2022\\\/12\\\/03\\\/cameras-auxiliam-na-prisao-de-homem-que-tentava-furtar-bicicleta-em-santos\"},\"wordCount\":213,\"commentCount\":0,\"publisher\":{\"@id\":\"https:\\\/\\\/redenoticiaz.com.br\\\/litoralsp\\\/#organization\"},\"image\":{\"@id\":\"https:\\\/\\\/redenoticiaz.com.br\\\/litoralsp\\\/2022\\\/12\\\/03\\\/cameras-auxiliam-na-prisao-de-homem-que-tentava-furtar-bicicleta-em-santos#primaryimage\"},\"thumbnailUrl\":\"https:\\\/\\\/redenoticiaz.com.br\\\/litoralsp\\\/wp-content\\\/uploads\\\/sites\\\/3\\\/2022\\\/12\\\/furto-bike.jpg\",\"keywords\":[\"BICICLET\u00c1RIO\",\"GONZAGA\",\"GUARDA CIVIL MUNICIPAL DE SANTOS\",\"HOMEM PRESO\",\"PRA\u00c7A DA INDEPEND\u00caNCIA\",\"Santos\",\"TENTATIVA DE FURTO\"],\"articleSection\":[\"Pol\u00edcia\",\"Santos\"],\"inLanguage\":\"pt-BR\",\"potentialAction\":[{\"@type\":\"CommentAction\",\"name\":\"Comment\",\"target\":[\"https:\\\/\\\/redenoticiaz.com.br\\\/litoralsp\\\/2022\\\/12\\\/03\\\/cameras-auxiliam-na-prisao-de-homem-que-tentava-furtar-bicicleta-em-santos#respond\"]}]},{\"@type\":\"WebPage\",\"@id\":\"https:\\\/\\\/redenoticiaz.com.br\\\/litoralsp\\\/2022\\\/12\\\/03\\\/cameras-auxiliam-na-prisao-de-homem-que-tentava-furtar-bicicleta-em-santos\",\"url\":\"https:\\\/\\\/redenoticiaz.com.br\\\/litoralsp\\\/2022\\\/12\\\/03\\\/cameras-auxiliam-na-prisao-de-homem-que-tentava-furtar-bicicleta-em-santos\",\"name\":\"C\u00e2meras auxiliam na pris\u00e3o de homem que tentava furtar bicicleta em Santos - Litoral SP\",\"isPartOf\":{\"@id\":\"https:\\\/\\\/redenoticiaz.com.br\\\/litoralsp\\\/#website\"},\"primaryImageOfPage\":{\"@id\":\"https:\\\/\\\/redenoticiaz.com.br\\\/litoralsp\\\/2022\\\/12\\\/03\\\/cameras-auxiliam-na-prisao-de-homem-que-tentava-furtar-bicicleta-em-santos#primaryimage\"},\"image\":{\"@id\":\"https:\\\/\\\/redenoticiaz.com.br\\\/litoralsp\\\/2022\\\/12\\\/03\\\/cameras-auxiliam-na-prisao-de-homem-que-tentava-furtar-bicicleta-em-santos#primaryimage\"},\"thumbnailUrl\":\"https:\\\/\\\/redenoticiaz.com.br\\\/litoralsp\\\/wp-content\\\/uploads\\\/sites\\\/3\\\/2022\\\/12\\\/furto-bike.jpg\",\"datePublished\":\"2022-12-03T16:36:44+00:00\",\"description\":\"homem foi preso acusado de tentar furtar uma bicicleta no Gonzaga, bairro nobre de Santos. O crime aconteceu na quinta-feira (1\u00ba) e o\",\"inLanguage\":\"pt-BR\",\"potentialAction\":[{\"@type\":\"ReadAction\",\"target\":[\"https:\\\/\\\/redenoticiaz.com.br\\\/litoralsp\\\/2022\\\/12\\\/03\\\/cameras-auxiliam-na-prisao-de-homem-que-tentava-furtar-bicicleta-em-santos\"]}]},{\"@type\":\"ImageObject\",\"inLanguage\":\"pt-BR\",\"@id\":\"https:\\\/\\\/redenoticiaz.com.br\\\/litoralsp\\\/2022\\\/12\\\/03\\\/cameras-auxiliam-na-prisao-de-homem-que-tentava-furtar-bicicleta-em-santos#primaryimage\",\"url\":\"https:\\\/\\\/redenoticiaz.com.br\\\/litoralsp\\\/wp-content\\\/uploads\\\/sites\\\/3\\\/2022\\\/12\\\/furto-bike.jpg\",\"contentUrl\":\"https:\\\/\\\/redenoticiaz.com.br\\\/litoralsp\\\/wp-content\\\/uploads\\\/sites\\\/3\\\/2022\\\/12\\\/furto-bike.jpg\",\"width\":927,\"height\":428,\"caption\":\"Cr\u00e9ditos: Divulga\u00e7\u00e3o\\\/Prefeitura de Santos\"},{\"@type\":\"WebSite\",\"@id\":\"https:\\\/\\\/redenoticiaz.com.br\\\/litoralsp\\\/#website\",\"url\":\"https:\\\/\\\/redenoticiaz.com.br\\\/litoralsp\\\/\",\"name\":\"Litoral SP\",\"description\":\"Rede NoticiaZ\",\"publisher\":{\"@id\":\"https:\\\/\\\/redenoticiaz.com.br\\\/litoralsp\\\/#organization\"},\"potentialAction\":[{\"@type\":\"SearchAction\",\"target\":{\"@type\":\"EntryPoint\",\"urlTemplate\":\"https:\\\/\\\/redenoticiaz.com.br\\\/litoralsp\\\/?s={search_term_string}\"},\"query-input\":{\"@type\":\"PropertyValueSpecification\",\"valueRequired\":true,\"valueName\":\"search_term_string\"}}],\"inLanguage\":\"pt-BR\"},{\"@type\":\"Organization\",\"@id\":\"https:\\\/\\\/redenoticiaz.com.br\\\/litoralsp\\\/#organization\",\"name\":\"Litoral SP\",\"url\":\"https:\\\/\\\/redenoticiaz.com.br\\\/litoralsp\\\/\",\"logo\":{\"@type\":\"ImageObject\",\"inLanguage\":\"pt-BR\",\"@id\":\"https:\\\/\\\/redenoticiaz.com.br\\\/litoralsp\\\/#\\\/schema\\\/logo\\\/image\\\/\",\"url\":\"https:\\\/\\\/redenoticiaz.com.br\\\/litoralsp\\\/wp-content\\\/uploads\\\/sites\\\/3\\\/2020\\\/11\\\/logo.jpg\",\"contentUrl\":\"https:\\\/\\\/redenoticiaz.com.br\\\/litoralsp\\\/wp-content\\\/uploads\\\/sites\\\/3\\\/2020\\\/11\\\/logo.jpg\",\"width\":400,\"height\":250,\"caption\":\"Litoral SP\"},\"image\":{\"@id\":\"https:\\\/\\\/redenoticiaz.com.br\\\/litoralsp\\\/#\\\/schema\\\/logo\\\/image\\\/\"}},{\"@type\":\"Person\",\"@id\":\"https:\\\/\\\/redenoticiaz.com.br\\\/litoralsp\\\/#\\\/schema\\\/person\\\/0f0b8a5bdafefe82841e07ae8d81ecb3\",\"name\":\"Leonardo Francisco\",\"image\":{\"@type\":\"ImageObject\",\"inLanguage\":\"pt-BR\",\"@id\":\"https:\\\/\\\/secure.gravatar.com\\\/avatar\\\/a7358cb406a99b682ec6df1e77e31ae82e63601f6784e8a3df411d72b37864da?s=96&d=mm&r=g\",\"url\":\"https:\\\/\\\/secure.gravatar.com\\\/avatar\\\/a7358cb406a99b682ec6df1e77e31ae82e63601f6784e8a3df411d72b37864da?s=96&d=mm&r=g\",\"contentUrl\":\"https:\\\/\\\/secure.gravatar.com\\\/avatar\\\/a7358cb406a99b682ec6df1e77e31ae82e63601f6784e8a3df411d72b37864da?s=96&d=mm&r=g\",\"caption\":\"Leonardo Francisco\"},\"url\":\"https:\\\/\\\/redenoticiaz.com.br\\\/litoralsp\\\/author\\\/leonardo-francisco\"}]}<\/script>\n<!-- \/ Yoast SEO plugin. -->","yoast_head_json":{"title":"C\u00e2meras auxiliam na pris\u00e3o de homem que tentava furtar bicicleta em Santos - Litoral SP","description":"homem foi preso acusado de tentar furtar uma bicicleta no Gonzaga, bairro nobre de Santos. O crime aconteceu na quinta-feira (1\u00ba) e o","robots":{"index":"index","follow":"follow","max-snippet":"max-snippet:-1","max-image-preview":"max-image-preview:large","max-video-preview":"max-video-preview:-1"},"canonical":"https:\/\/redenoticiaz.com.br\/litoralsp\/2022\/12\/03\/cameras-auxiliam-na-prisao-de-homem-que-tentava-furtar-bicicleta-em-santos","og_locale":"pt_BR","og_type":"article","og_title":"C\u00e2meras auxiliam na pris\u00e3o de homem que tentava furtar bicicleta em Santos - Litoral SP","og_description":"homem foi preso acusado de tentar furtar uma bicicleta no Gonzaga, bairro nobre de Santos. O crime aconteceu na quinta-feira (1\u00ba) e o","og_url":"https:\/\/redenoticiaz.com.br\/litoralsp\/2022\/12\/03\/cameras-auxiliam-na-prisao-de-homem-que-tentava-furtar-bicicleta-em-santos","og_site_name":"Litoral SP","article_published_time":"2022-12-03T16:36:44+00:00","og_image":[{"width":927,"height":428,"url":"https:\/\/redenoticiaz.com.br\/litoralsp\/wp-content\/uploads\/sites\/3\/2022\/12\/furto-bike.jpg","type":"image\/jpeg"}],"author":"Leonardo Francisco","twitter_card":"summary_large_image","twitter_misc":{"Escrito por":"Leonardo Francisco","Est. tempo de leitura":"2 minutos"},"schema":{"@context":"https:\/\/schema.org","@graph":[{"@type":"Article","@id":"https:\/\/redenoticiaz.com.br\/litoralsp\/2022\/12\/03\/cameras-auxiliam-na-prisao-de-homem-que-tentava-furtar-bicicleta-em-santos#article","isPartOf":{"@id":"https:\/\/redenoticiaz.com.br\/litoralsp\/2022\/12\/03\/cameras-auxiliam-na-prisao-de-homem-que-tentava-furtar-bicicleta-em-santos"},"author":{"name":"Leonardo Francisco","@id":"https:\/\/redenoticiaz.com.br\/litoralsp\/#\/schema\/person\/0f0b8a5bdafefe82841e07ae8d81ecb3"},"headline":"C\u00e2meras auxiliam na pris\u00e3o de homem que tentava furtar bicicleta em Santos","datePublished":"2022-12-03T16:36:44+00:00","mainEntityOfPage":{"@id":"https:\/\/redenoticiaz.com.br\/litoralsp\/2022\/12\/03\/cameras-auxiliam-na-prisao-de-homem-que-tentava-furtar-bicicleta-em-santos"},"wordCount":213,"commentCount":0,"publisher":{"@id":"https:\/\/redenoticiaz.com.br\/litoralsp\/#organization"},"image":{"@id":"https:\/\/redenoticiaz.com.br\/litoralsp\/2022\/12\/03\/cameras-auxiliam-na-prisao-de-homem-que-tentava-furtar-bicicleta-em-santos#primaryimage"},"thumbnailUrl":"https:\/\/redenoticiaz.com.br\/litoralsp\/wp-content\/uploads\/sites\/3\/2022\/12\/furto-bike.jpg","keywords":["BICICLET\u00c1RIO","GONZAGA","GUARDA CIVIL MUNICIPAL DE SANTOS","HOMEM PRESO","PRA\u00c7A DA INDEPEND\u00caNCIA","Santos","TENTATIVA DE FURTO"],"articleSection":["Pol\u00edcia","Santos"],"inLanguage":"pt-BR","potentialAction":[{"@type":"CommentAction","name":"Comment","target":["https:\/\/redenoticiaz.com.br\/litoralsp\/2022\/12\/03\/cameras-auxiliam-na-prisao-de-homem-que-tentava-furtar-bicicleta-em-santos#respond"]}]},{"@type":"WebPage","@id":"https:\/\/redenoticiaz.com.br\/litoralsp\/2022\/12\/03\/cameras-auxiliam-na-prisao-de-homem-que-tentava-furtar-bicicleta-em-santos","url":"https:\/\/redenoticiaz.com.br\/litoralsp\/2022\/12\/03\/cameras-auxiliam-na-prisao-de-homem-que-tentava-furtar-bicicleta-em-santos","name":"C\u00e2meras auxiliam na pris\u00e3o de homem que tentava furtar bicicleta em Santos - Litoral SP","isPartOf":{"@id":"https:\/\/redenoticiaz.com.br\/litoralsp\/#website"},"primaryImageOfPage":{"@id":"https:\/\/redenoticiaz.com.br\/litoralsp\/2022\/12\/03\/cameras-auxiliam-na-prisao-de-homem-que-tentava-furtar-bicicleta-em-santos#primaryimage"},"image":{"@id":"https:\/\/redenoticiaz.com.br\/litoralsp\/2022\/12\/03\/cameras-auxiliam-na-prisao-de-homem-que-tentava-furtar-bicicleta-em-santos#primaryimage"},"thumbnailUrl":"https:\/\/redenoticiaz.com.br\/litoralsp\/wp-content\/uploads\/sites\/3\/2022\/12\/furto-bike.jpg","datePublished":"2022-12-03T16:36:44+00:00","description":"homem foi preso acusado de tentar furtar uma bicicleta no Gonzaga, bairro nobre de Santos. O crime aconteceu na quinta-feira (1\u00ba) e o","inLanguage":"pt-BR","potentialAction":[{"@type":"ReadAction","target":["https:\/\/redenoticiaz.com.br\/litoralsp\/2022\/12\/03\/cameras-auxiliam-na-prisao-de-homem-que-tentava-furtar-bicicleta-em-santos"]}]},{"@type":"ImageObject","inLanguage":"pt-BR","@id":"https:\/\/redenoticiaz.com.br\/litoralsp\/2022\/12\/03\/cameras-auxiliam-na-prisao-de-homem-que-tentava-furtar-bicicleta-em-santos#primaryimage","url":"https:\/\/redenoticiaz.com.br\/litoralsp\/wp-content\/uploads\/sites\/3\/2022\/12\/furto-bike.jpg","contentUrl":"https:\/\/redenoticiaz.com.br\/litoralsp\/wp-content\/uploads\/sites\/3\/2022\/12\/furto-bike.jpg","width":927,"height":428,"caption":"Cr\u00e9ditos: Divulga\u00e7\u00e3o\/Prefeitura de Santos"},{"@type":"WebSite","@id":"https:\/\/redenoticiaz.com.br\/litoralsp\/#website","url":"https:\/\/redenoticiaz.com.br\/litoralsp\/","name":"Litoral SP","description":"Rede NoticiaZ","publisher":{"@id":"https:\/\/redenoticiaz.com.br\/litoralsp\/#organization"},"potentialAction":[{"@type":"SearchAction","target":{"@type":"EntryPoint","urlTemplate":"https:\/\/redenoticiaz.com.br\/litoralsp\/?s={search_term_string}"},"query-input":{"@type":"PropertyValueSpecification","valueRequired":true,"valueName":"search_term_string"}}],"inLanguage":"pt-BR"},{"@type":"Organization","@id":"https:\/\/redenoticiaz.com.br\/litoralsp\/#organization","name":"Litoral SP","url":"https:\/\/redenoticiaz.com.br\/litoralsp\/","logo":{"@type":"ImageObject","inLanguage":"pt-BR","@id":"https:\/\/redenoticiaz.com.br\/litoralsp\/#\/schema\/logo\/image\/","url":"https:\/\/redenoticiaz.com.br\/litoralsp\/wp-content\/uploads\/sites\/3\/2020\/11\/logo.jpg","contentUrl":"https:\/\/redenoticiaz.com.br\/litoralsp\/wp-content\/uploads\/sites\/3\/2020\/11\/logo.jpg","width":400,"height":250,"caption":"Litoral SP"},"image":{"@id":"https:\/\/redenoticiaz.com.br\/litoralsp\/#\/schema\/logo\/image\/"}},{"@type":"Person","@id":"https:\/\/redenoticiaz.com.br\/litoralsp\/#\/schema\/person\/0f0b8a5bdafefe82841e07ae8d81ecb3","name":"Leonardo Francisco","image":{"@type":"ImageObject","inLanguage":"pt-BR","@id":"https:\/\/secure.gravatar.com\/avatar\/a7358cb406a99b682ec6df1e77e31ae82e63601f6784e8a3df411d72b37864da?s=96&d=mm&r=g","url":"https:\/\/secure.gravatar.com\/avatar\/a7358cb406a99b682ec6df1e77e31ae82e63601f6784e8a3df411d72b37864da?s=96&d=mm&r=g","contentUrl":"https:\/\/secure.gravatar.com\/avatar\/a7358cb406a99b682ec6df1e77e31ae82e63601f6784e8a3df411d72b37864da?s=96&d=mm&r=g","caption":"Leonardo Francisco"},"url":"https:\/\/redenoticiaz.com.br\/litoralsp\/author\/leonardo-francisco"}]}},"_links":{"self":[{"href":"https:\/\/redenoticiaz.com.br\/litoralsp\/wp-json\/wp\/v2\/posts\/96433","targetHints":{"allow":["GET"]}}],"collection":[{"href":"https:\/\/redenoticiaz.com.br\/litoralsp\/wp-json\/wp\/v2\/posts"}],"about":[{"href":"https:\/\/redenoticiaz.com.br\/litoralsp\/wp-json\/wp\/v2\/types\/post"}],"author":[{"embeddable":true,"href":"https:\/\/redenoticiaz.com.br\/litoralsp\/wp-json\/wp\/v2\/users\/6"}],"replies":[{"embeddable":true,"href":"https:\/\/redenoticiaz.com.br\/litoralsp\/wp-json\/wp\/v2\/comments?post=96433"}],"version-history":[{"count":1,"href":"https:\/\/redenoticiaz.com.br\/litoralsp\/wp-json\/wp\/v2\/posts\/96433\/revisions"}],"predecessor-version":[{"id":96435,"href":"https:\/\/redenoticiaz.com.br\/litoralsp\/wp-json\/wp\/v2\/posts\/96433\/revisions\/96435"}],"wp:featuredmedia":[{"embeddable":true,"href":"https:\/\/redenoticiaz.com.br\/litoralsp\/wp-json\/wp\/v2\/media\/96434"}],"wp:attachment":[{"href":"https:\/\/redenoticiaz.com.br\/litoralsp\/wp-json\/wp\/v2\/media?parent=96433"}],"wp:term":[{"taxonomy":"category","embeddable":true,"href":"https:\/\/redenoticiaz.com.br\/litoralsp\/wp-json\/wp\/v2\/categories?post=96433"},{"taxonomy":"post_tag","embeddable":true,"href":"https:\/\/redenoticiaz.com.br\/litoralsp\/wp-json\/wp\/v2\/tags?post=96433"}],"curies":[{"name":"wp","href":"https:\/\/api.w.org\/{rel}","templated":true}]}}