{"id":96463,"date":"2022-12-04T12:59:31","date_gmt":"2022-12-04T15:59:31","guid":{"rendered":"https:\/\/redenoticiaz.com.br\/litoralsp\/2022\/12\/04\/tite-confirma-danilo-e-neymar-para-o-jogo-contra-a-coreia-do-sul"},"modified":"2022-12-04T12:59:31","modified_gmt":"2022-12-04T15:59:31","slug":"tite-confirma-danilo-e-neymar-para-o-jogo-contra-a-coreia-do-sul","status":"publish","type":"post","link":"https:\/\/redenoticiaz.com.br\/litoralsp\/2022\/12\/04\/tite-confirma-danilo-e-neymar-para-o-jogo-contra-a-coreia-do-sul","title":{"rendered":"Tite confirma Danilo e Neymar para o jogo contra a Coreia do Sul"},"content":{"rendered":"<p>A Sele\u00e7\u00e3o Brasileira ter\u00e1 dois importantes refor\u00e7os para o compromisso contra a Coreia do Sul, pelas oitavas de final da Copa do Mundo do Qatar. O t\u00e9cnico Tite confirmou neste domingo (4) que <strong>Neymar e Danilo ser\u00e3o refor\u00e7os<\/strong>, ap\u00f3s se recuperarem de les\u00f5es, inclusive devem jogar como titulares.<\/p>\n<p>A partida vai ocorrer no est\u00e1dio 974, \u00e0s 16h (Bras\u00edlia). No entanto, na sequ\u00eancia da entrevista, apesar de bastante otimista, disse que preferia esperar o treino da tarde para sacramentar a escala\u00e7\u00e3o. O treinador concedeu coletiva ao lado de Thiago Silva neste domingo. A primeira pergunta foi voltada para o zagueiro, que foi questionado se Neymar jogaria. Thiago riu e olhou para Tite, que disse que &#8220;Sim&#8221;.<\/p>\n<div id=\"chunk-8mq4a\">\n<div class=\"mc-column content-text active-extra-styles \" data-block-type=\"unstyled\" data-block-weight=\"28\" data-block-id=\"13\">\n<p class=\"content-text__container \" data-track-category=\"Link no Texto\" data-track-links=\"\">Na sequ\u00eancia, o treinador explicou que Neymar treinar\u00e1 normalmente com os companheiros nesta tarde. Indo tudo bem, a tend\u00eancia \u00e9 que n\u00e3o s\u00f3 seja relacionado, como seja titular.<\/p>\n<\/div>\n<\/div>\n<div class=\"mc-column content-text active-extra-styles\" data-block-type=\"raw\" data-block-weight=\"60\" data-block-id=\"14\">\n<p class=\"content-text__container\">\n<blockquote class=\"content-blockquote theme-border-color-primary-before\"><p>&#8211; Em rela\u00e7\u00e3o ao Neymar, ele vai treinar hoje de tarde, treinando, estar\u00e1, sim, no jogo. Ela passa por um treinamento espec\u00edfico para eu n\u00e3o antecipar nenhuma situa\u00e7\u00e3o. Eu n\u00e3o passo informa\u00e7\u00e3o que n\u00e3o seja verdadeira. Ao longo da minha carreira sempre tive a credibilidade. Ele vai treinar. Estando bem, vai para o jogo. Os outros dez eu n\u00e3o escalo.<\/p><\/blockquote>\n<\/div>\n<h3 data-block-type=\"raw\" data-block-weight=\"60\" data-block-id=\"14\">Danilo<\/h3>\n<div data-block-type=\"raw\" data-block-weight=\"60\" data-block-id=\"14\"><\/div>\n<div data-block-type=\"raw\" data-block-weight=\"60\" data-block-id=\"14\">Na sequ\u00eancia, Thiago Silva falou sobre o retorno dos lesionados. Al\u00e9m de Neymar, <strong>Danilo volta ao time e deve atuar na lateral esquerda<\/strong>, j\u00e1 que Alex Sandro seguir\u00e1 fora. O zagueiro tamb\u00e9m lamentou os cortes de Alex Telles e Gabriel Jesus, ambos com les\u00f5es no joelho.<\/div>\n<div data-block-type=\"raw\" data-block-weight=\"60\" data-block-id=\"14\"><\/div>\n<blockquote>\n<div data-block-type=\"raw\" data-block-weight=\"60\" data-block-id=\"14\">N\u00f3s somos muitos claros. Ontem, antes do treinamento, confesso que foi um momento bastante doloroso ver os meninos naquela situa\u00e7\u00e3o de n\u00e3o poder estar novamente em campo conosco. A tristeza \u00e9 grande. Mas ao mesmo tempo nossa estrada continua, tamb\u00e9m por eles. \u00c9 a forma que podemos confortar o cora\u00e7\u00e3o deles, desempenhando nosso papel. Espero que eles se recuperem o mais r\u00e1pido poss\u00edvel. Os que est\u00e3o voltando, esperamos contar. \u00c9 bom ver o Danilo bem, o Ney em campo, o Alex evoluindo, v\u00e3o agregar muito.<\/div>\n<\/blockquote>\n<div data-block-type=\"raw\" data-block-weight=\"60\" data-block-id=\"14\"><\/div>\n<div data-block-type=\"raw\" data-block-weight=\"60\" data-block-id=\"14\"><strong>LEIA TAMB\u00c9M<\/strong><\/div>\n<div data-block-type=\"raw\" data-block-weight=\"60\" data-block-id=\"14\"><\/div>\n<div data-block-type=\"raw\" data-block-weight=\"60\" data-block-id=\"14\"><a href=\"https:\/\/redenoticiaz.com.br\/blog\/2022\/12\/03\/com-falha-bizarra-e-sofrimento-argentina-bate-a-australia-e-se-classifica\">Com falha bizarra e sofrimento, Argentina bate a Austr\u00e1lia e se classifica<\/a><\/div>\n","protected":false},"excerpt":{"rendered":"<p>A Sele\u00e7\u00e3o Brasileira ter\u00e1 dois importantes refor\u00e7os para o compromisso contra a Coreia do Sul, pelas oitavas de final da Copa do Mundo do Qatar. O t\u00e9cnico Tite confirmou neste domingo (4) que Neymar e Danilo ser\u00e3o refor\u00e7os, ap\u00f3s se recuperarem de les\u00f5es, inclusive devem jogar como titulares. A partida vai ocorrer no est\u00e1dio 974, &hellip;<\/p>\n","protected":false},"author":6,"featured_media":96464,"comment_status":"open","ping_status":"closed","sticky":false,"template":"","format":"standard","meta":{"footnotes":""},"categories":[60418],"tags":[54788,51123,56526,21610,1220,51905],"class_list":["post-96463","post","type-post","status-publish","format-standard","has-post-thumbnail","hentry","category-copa","tag-copa-do-mundo-2022","tag-copa-do-mundo-qatar-2022","tag-danilo","tag-neymar","tag-selecao-brasileira","tag-tite"],"yoast_head":"<!-- This site is optimized with the Yoast SEO plugin v27.4 - https:\/\/yoast.com\/product\/yoast-seo-wordpress\/ -->\n<title>Tite confirma Danilo e Neymar para o jogo contra a Coreia do Sul - Litoral SP<\/title>\n<meta name=\"description\" content=\"compromisso contra a Coreia do Sul, pelas oitavas de final da Copa do Mundo do Qatar. O t\u00e9cnico Tite confirmou neste domingo (4) que Neymar e Danilo s\" \/>\n<meta name=\"robots\" content=\"index, follow, max-snippet:-1, max-image-preview:large, max-video-preview:-1\" \/>\n<link rel=\"canonical\" href=\"https:\/\/redenoticiaz.com.br\/litoralsp\/2022\/12\/04\/tite-confirma-danilo-e-neymar-para-o-jogo-contra-a-coreia-do-sul\" \/>\n<meta property=\"og:locale\" content=\"pt_BR\" \/>\n<meta property=\"og:type\" content=\"article\" \/>\n<meta property=\"og:title\" content=\"Tite confirma Danilo e Neymar para o jogo contra a Coreia do Sul - Litoral SP\" \/>\n<meta property=\"og:description\" content=\"compromisso contra a Coreia do Sul, pelas oitavas de final da Copa do Mundo do Qatar. O t\u00e9cnico Tite confirmou neste domingo (4) que Neymar e Danilo s\" \/>\n<meta property=\"og:url\" content=\"https:\/\/redenoticiaz.com.br\/litoralsp\/2022\/12\/04\/tite-confirma-danilo-e-neymar-para-o-jogo-contra-a-coreia-do-sul\" \/>\n<meta property=\"og:site_name\" content=\"Litoral SP\" \/>\n<meta property=\"article:published_time\" content=\"2022-12-04T15:59:31+00:00\" \/>\n<meta name=\"author\" content=\"Leonardo Francisco\" \/>\n<meta name=\"twitter:card\" content=\"summary_large_image\" \/>\n<meta name=\"twitter:image\" content=\"https:\/\/redenoticiaz.com.br\/litoralsp\/wp-content\/uploads\/sites\/3\/2022\/12\/danilo-e-ney.jpg?v=1670169520\" \/>\n<meta name=\"twitter:label1\" content=\"Escrito por\" \/>\n\t<meta name=\"twitter:data1\" content=\"Leonardo Francisco\" \/>\n\t<meta name=\"twitter:label2\" content=\"Est. tempo de leitura\" \/>\n\t<meta name=\"twitter:data2\" content=\"2 minutos\" \/>\n<script type=\"application\/ld+json\" class=\"yoast-schema-graph\">{\"@context\":\"https:\\\/\\\/schema.org\",\"@graph\":[{\"@type\":\"Article\",\"@id\":\"https:\\\/\\\/redenoticiaz.com.br\\\/litoralsp\\\/2022\\\/12\\\/04\\\/tite-confirma-danilo-e-neymar-para-o-jogo-contra-a-coreia-do-sul#article\",\"isPartOf\":{\"@id\":\"https:\\\/\\\/redenoticiaz.com.br\\\/litoralsp\\\/2022\\\/12\\\/04\\\/tite-confirma-danilo-e-neymar-para-o-jogo-contra-a-coreia-do-sul\"},\"author\":{\"name\":\"Leonardo Francisco\",\"@id\":\"https:\\\/\\\/redenoticiaz.com.br\\\/litoralsp\\\/#\\\/schema\\\/person\\\/0f0b8a5bdafefe82841e07ae8d81ecb3\"},\"headline\":\"Tite confirma Danilo e Neymar para o jogo contra a Coreia do Sul\",\"datePublished\":\"2022-12-04T15:59:31+00:00\",\"mainEntityOfPage\":{\"@id\":\"https:\\\/\\\/redenoticiaz.com.br\\\/litoralsp\\\/2022\\\/12\\\/04\\\/tite-confirma-danilo-e-neymar-para-o-jogo-contra-a-coreia-do-sul\"},\"wordCount\":393,\"commentCount\":0,\"publisher\":{\"@id\":\"https:\\\/\\\/redenoticiaz.com.br\\\/litoralsp\\\/#organization\"},\"image\":{\"@id\":\"https:\\\/\\\/redenoticiaz.com.br\\\/litoralsp\\\/2022\\\/12\\\/04\\\/tite-confirma-danilo-e-neymar-para-o-jogo-contra-a-coreia-do-sul#primaryimage\"},\"thumbnailUrl\":\"https:\\\/\\\/redenoticiaz.com.br\\\/litoralsp\\\/wp-content\\\/uploads\\\/sites\\\/3\\\/2022\\\/12\\\/danilo-e-ney.jpg?v=1670169520\",\"keywords\":[\"COPA DO MUNDO 2022\",\"COPA DO MUNDO QATAR 2022\",\"DANILO\",\"NEYMAR\",\"Sele\u00e7\u00e3o Brasileira\",\"TITE\"],\"articleSection\":[\"Copa\"],\"inLanguage\":\"pt-BR\",\"potentialAction\":[{\"@type\":\"CommentAction\",\"name\":\"Comment\",\"target\":[\"https:\\\/\\\/redenoticiaz.com.br\\\/litoralsp\\\/2022\\\/12\\\/04\\\/tite-confirma-danilo-e-neymar-para-o-jogo-contra-a-coreia-do-sul#respond\"]}]},{\"@type\":\"WebPage\",\"@id\":\"https:\\\/\\\/redenoticiaz.com.br\\\/litoralsp\\\/2022\\\/12\\\/04\\\/tite-confirma-danilo-e-neymar-para-o-jogo-contra-a-coreia-do-sul\",\"url\":\"https:\\\/\\\/redenoticiaz.com.br\\\/litoralsp\\\/2022\\\/12\\\/04\\\/tite-confirma-danilo-e-neymar-para-o-jogo-contra-a-coreia-do-sul\",\"name\":\"Tite confirma Danilo e Neymar para o jogo contra a Coreia do Sul - Litoral SP\",\"isPartOf\":{\"@id\":\"https:\\\/\\\/redenoticiaz.com.br\\\/litoralsp\\\/#website\"},\"primaryImageOfPage\":{\"@id\":\"https:\\\/\\\/redenoticiaz.com.br\\\/litoralsp\\\/2022\\\/12\\\/04\\\/tite-confirma-danilo-e-neymar-para-o-jogo-contra-a-coreia-do-sul#primaryimage\"},\"image\":{\"@id\":\"https:\\\/\\\/redenoticiaz.com.br\\\/litoralsp\\\/2022\\\/12\\\/04\\\/tite-confirma-danilo-e-neymar-para-o-jogo-contra-a-coreia-do-sul#primaryimage\"},\"thumbnailUrl\":\"https:\\\/\\\/redenoticiaz.com.br\\\/litoralsp\\\/wp-content\\\/uploads\\\/sites\\\/3\\\/2022\\\/12\\\/danilo-e-ney.jpg?v=1670169520\",\"datePublished\":\"2022-12-04T15:59:31+00:00\",\"description\":\"compromisso contra a Coreia do Sul, pelas oitavas de final da Copa do Mundo do Qatar. O t\u00e9cnico Tite confirmou neste domingo (4) que Neymar e Danilo s\",\"inLanguage\":\"pt-BR\",\"potentialAction\":[{\"@type\":\"ReadAction\",\"target\":[\"https:\\\/\\\/redenoticiaz.com.br\\\/litoralsp\\\/2022\\\/12\\\/04\\\/tite-confirma-danilo-e-neymar-para-o-jogo-contra-a-coreia-do-sul\"]}]},{\"@type\":\"ImageObject\",\"inLanguage\":\"pt-BR\",\"@id\":\"https:\\\/\\\/redenoticiaz.com.br\\\/litoralsp\\\/2022\\\/12\\\/04\\\/tite-confirma-danilo-e-neymar-para-o-jogo-contra-a-coreia-do-sul#primaryimage\",\"url\":\"https:\\\/\\\/redenoticiaz.com.br\\\/litoralsp\\\/wp-content\\\/uploads\\\/sites\\\/3\\\/2022\\\/12\\\/danilo-e-ney.jpg?v=1670169520\",\"contentUrl\":\"https:\\\/\\\/redenoticiaz.com.br\\\/litoralsp\\\/wp-content\\\/uploads\\\/sites\\\/3\\\/2022\\\/12\\\/danilo-e-ney.jpg?v=1670169520\",\"width\":468,\"height\":307,\"caption\":\"Cr\u00e9ditos: Divulga\u00e7\u00e3o\\\/CBF\"},{\"@type\":\"WebSite\",\"@id\":\"https:\\\/\\\/redenoticiaz.com.br\\\/litoralsp\\\/#website\",\"url\":\"https:\\\/\\\/redenoticiaz.com.br\\\/litoralsp\\\/\",\"name\":\"Litoral SP\",\"description\":\"Rede NoticiaZ\",\"publisher\":{\"@id\":\"https:\\\/\\\/redenoticiaz.com.br\\\/litoralsp\\\/#organization\"},\"potentialAction\":[{\"@type\":\"SearchAction\",\"target\":{\"@type\":\"EntryPoint\",\"urlTemplate\":\"https:\\\/\\\/redenoticiaz.com.br\\\/litoralsp\\\/?s={search_term_string}\"},\"query-input\":{\"@type\":\"PropertyValueSpecification\",\"valueRequired\":true,\"valueName\":\"search_term_string\"}}],\"inLanguage\":\"pt-BR\"},{\"@type\":\"Organization\",\"@id\":\"https:\\\/\\\/redenoticiaz.com.br\\\/litoralsp\\\/#organization\",\"name\":\"Litoral SP\",\"url\":\"https:\\\/\\\/redenoticiaz.com.br\\\/litoralsp\\\/\",\"logo\":{\"@type\":\"ImageObject\",\"inLanguage\":\"pt-BR\",\"@id\":\"https:\\\/\\\/redenoticiaz.com.br\\\/litoralsp\\\/#\\\/schema\\\/logo\\\/image\\\/\",\"url\":\"https:\\\/\\\/redenoticiaz.com.br\\\/litoralsp\\\/wp-content\\\/uploads\\\/sites\\\/3\\\/2020\\\/11\\\/logo.jpg\",\"contentUrl\":\"https:\\\/\\\/redenoticiaz.com.br\\\/litoralsp\\\/wp-content\\\/uploads\\\/sites\\\/3\\\/2020\\\/11\\\/logo.jpg\",\"width\":400,\"height\":250,\"caption\":\"Litoral SP\"},\"image\":{\"@id\":\"https:\\\/\\\/redenoticiaz.com.br\\\/litoralsp\\\/#\\\/schema\\\/logo\\\/image\\\/\"}},{\"@type\":\"Person\",\"@id\":\"https:\\\/\\\/redenoticiaz.com.br\\\/litoralsp\\\/#\\\/schema\\\/person\\\/0f0b8a5bdafefe82841e07ae8d81ecb3\",\"name\":\"Leonardo Francisco\",\"image\":{\"@type\":\"ImageObject\",\"inLanguage\":\"pt-BR\",\"@id\":\"https:\\\/\\\/secure.gravatar.com\\\/avatar\\\/a7358cb406a99b682ec6df1e77e31ae82e63601f6784e8a3df411d72b37864da?s=96&d=mm&r=g\",\"url\":\"https:\\\/\\\/secure.gravatar.com\\\/avatar\\\/a7358cb406a99b682ec6df1e77e31ae82e63601f6784e8a3df411d72b37864da?s=96&d=mm&r=g\",\"contentUrl\":\"https:\\\/\\\/secure.gravatar.com\\\/avatar\\\/a7358cb406a99b682ec6df1e77e31ae82e63601f6784e8a3df411d72b37864da?s=96&d=mm&r=g\",\"caption\":\"Leonardo Francisco\"},\"url\":\"https:\\\/\\\/redenoticiaz.com.br\\\/litoralsp\\\/author\\\/leonardo-francisco\"}]}<\/script>\n<!-- \/ Yoast SEO plugin. -->","yoast_head_json":{"title":"Tite confirma Danilo e Neymar para o jogo contra a Coreia do Sul - Litoral SP","description":"compromisso contra a Coreia do Sul, pelas oitavas de final da Copa do Mundo do Qatar. O t\u00e9cnico Tite confirmou neste domingo (4) que Neymar e Danilo s","robots":{"index":"index","follow":"follow","max-snippet":"max-snippet:-1","max-image-preview":"max-image-preview:large","max-video-preview":"max-video-preview:-1"},"canonical":"https:\/\/redenoticiaz.com.br\/litoralsp\/2022\/12\/04\/tite-confirma-danilo-e-neymar-para-o-jogo-contra-a-coreia-do-sul","og_locale":"pt_BR","og_type":"article","og_title":"Tite confirma Danilo e Neymar para o jogo contra a Coreia do Sul - Litoral SP","og_description":"compromisso contra a Coreia do Sul, pelas oitavas de final da Copa do Mundo do Qatar. O t\u00e9cnico Tite confirmou neste domingo (4) que Neymar e Danilo s","og_url":"https:\/\/redenoticiaz.com.br\/litoralsp\/2022\/12\/04\/tite-confirma-danilo-e-neymar-para-o-jogo-contra-a-coreia-do-sul","og_site_name":"Litoral SP","article_published_time":"2022-12-04T15:59:31+00:00","author":"Leonardo Francisco","twitter_card":"summary_large_image","twitter_image":"https:\/\/redenoticiaz.com.br\/litoralsp\/wp-content\/uploads\/sites\/3\/2022\/12\/danilo-e-ney.jpg?v=1670169520","twitter_misc":{"Escrito por":"Leonardo Francisco","Est. tempo de leitura":"2 minutos"},"schema":{"@context":"https:\/\/schema.org","@graph":[{"@type":"Article","@id":"https:\/\/redenoticiaz.com.br\/litoralsp\/2022\/12\/04\/tite-confirma-danilo-e-neymar-para-o-jogo-contra-a-coreia-do-sul#article","isPartOf":{"@id":"https:\/\/redenoticiaz.com.br\/litoralsp\/2022\/12\/04\/tite-confirma-danilo-e-neymar-para-o-jogo-contra-a-coreia-do-sul"},"author":{"name":"Leonardo Francisco","@id":"https:\/\/redenoticiaz.com.br\/litoralsp\/#\/schema\/person\/0f0b8a5bdafefe82841e07ae8d81ecb3"},"headline":"Tite confirma Danilo e Neymar para o jogo contra a Coreia do Sul","datePublished":"2022-12-04T15:59:31+00:00","mainEntityOfPage":{"@id":"https:\/\/redenoticiaz.com.br\/litoralsp\/2022\/12\/04\/tite-confirma-danilo-e-neymar-para-o-jogo-contra-a-coreia-do-sul"},"wordCount":393,"commentCount":0,"publisher":{"@id":"https:\/\/redenoticiaz.com.br\/litoralsp\/#organization"},"image":{"@id":"https:\/\/redenoticiaz.com.br\/litoralsp\/2022\/12\/04\/tite-confirma-danilo-e-neymar-para-o-jogo-contra-a-coreia-do-sul#primaryimage"},"thumbnailUrl":"https:\/\/redenoticiaz.com.br\/litoralsp\/wp-content\/uploads\/sites\/3\/2022\/12\/danilo-e-ney.jpg?v=1670169520","keywords":["COPA DO MUNDO 2022","COPA DO MUNDO QATAR 2022","DANILO","NEYMAR","Sele\u00e7\u00e3o Brasileira","TITE"],"articleSection":["Copa"],"inLanguage":"pt-BR","potentialAction":[{"@type":"CommentAction","name":"Comment","target":["https:\/\/redenoticiaz.com.br\/litoralsp\/2022\/12\/04\/tite-confirma-danilo-e-neymar-para-o-jogo-contra-a-coreia-do-sul#respond"]}]},{"@type":"WebPage","@id":"https:\/\/redenoticiaz.com.br\/litoralsp\/2022\/12\/04\/tite-confirma-danilo-e-neymar-para-o-jogo-contra-a-coreia-do-sul","url":"https:\/\/redenoticiaz.com.br\/litoralsp\/2022\/12\/04\/tite-confirma-danilo-e-neymar-para-o-jogo-contra-a-coreia-do-sul","name":"Tite confirma Danilo e Neymar para o jogo contra a Coreia do Sul - Litoral SP","isPartOf":{"@id":"https:\/\/redenoticiaz.com.br\/litoralsp\/#website"},"primaryImageOfPage":{"@id":"https:\/\/redenoticiaz.com.br\/litoralsp\/2022\/12\/04\/tite-confirma-danilo-e-neymar-para-o-jogo-contra-a-coreia-do-sul#primaryimage"},"image":{"@id":"https:\/\/redenoticiaz.com.br\/litoralsp\/2022\/12\/04\/tite-confirma-danilo-e-neymar-para-o-jogo-contra-a-coreia-do-sul#primaryimage"},"thumbnailUrl":"https:\/\/redenoticiaz.com.br\/litoralsp\/wp-content\/uploads\/sites\/3\/2022\/12\/danilo-e-ney.jpg?v=1670169520","datePublished":"2022-12-04T15:59:31+00:00","description":"compromisso contra a Coreia do Sul, pelas oitavas de final da Copa do Mundo do Qatar. O t\u00e9cnico Tite confirmou neste domingo (4) que Neymar e Danilo s","inLanguage":"pt-BR","potentialAction":[{"@type":"ReadAction","target":["https:\/\/redenoticiaz.com.br\/litoralsp\/2022\/12\/04\/tite-confirma-danilo-e-neymar-para-o-jogo-contra-a-coreia-do-sul"]}]},{"@type":"ImageObject","inLanguage":"pt-BR","@id":"https:\/\/redenoticiaz.com.br\/litoralsp\/2022\/12\/04\/tite-confirma-danilo-e-neymar-para-o-jogo-contra-a-coreia-do-sul#primaryimage","url":"https:\/\/redenoticiaz.com.br\/litoralsp\/wp-content\/uploads\/sites\/3\/2022\/12\/danilo-e-ney.jpg?v=1670169520","contentUrl":"https:\/\/redenoticiaz.com.br\/litoralsp\/wp-content\/uploads\/sites\/3\/2022\/12\/danilo-e-ney.jpg?v=1670169520","width":468,"height":307,"caption":"Cr\u00e9ditos: Divulga\u00e7\u00e3o\/CBF"},{"@type":"WebSite","@id":"https:\/\/redenoticiaz.com.br\/litoralsp\/#website","url":"https:\/\/redenoticiaz.com.br\/litoralsp\/","name":"Litoral SP","description":"Rede NoticiaZ","publisher":{"@id":"https:\/\/redenoticiaz.com.br\/litoralsp\/#organization"},"potentialAction":[{"@type":"SearchAction","target":{"@type":"EntryPoint","urlTemplate":"https:\/\/redenoticiaz.com.br\/litoralsp\/?s={search_term_string}"},"query-input":{"@type":"PropertyValueSpecification","valueRequired":true,"valueName":"search_term_string"}}],"inLanguage":"pt-BR"},{"@type":"Organization","@id":"https:\/\/redenoticiaz.com.br\/litoralsp\/#organization","name":"Litoral SP","url":"https:\/\/redenoticiaz.com.br\/litoralsp\/","logo":{"@type":"ImageObject","inLanguage":"pt-BR","@id":"https:\/\/redenoticiaz.com.br\/litoralsp\/#\/schema\/logo\/image\/","url":"https:\/\/redenoticiaz.com.br\/litoralsp\/wp-content\/uploads\/sites\/3\/2020\/11\/logo.jpg","contentUrl":"https:\/\/redenoticiaz.com.br\/litoralsp\/wp-content\/uploads\/sites\/3\/2020\/11\/logo.jpg","width":400,"height":250,"caption":"Litoral SP"},"image":{"@id":"https:\/\/redenoticiaz.com.br\/litoralsp\/#\/schema\/logo\/image\/"}},{"@type":"Person","@id":"https:\/\/redenoticiaz.com.br\/litoralsp\/#\/schema\/person\/0f0b8a5bdafefe82841e07ae8d81ecb3","name":"Leonardo Francisco","image":{"@type":"ImageObject","inLanguage":"pt-BR","@id":"https:\/\/secure.gravatar.com\/avatar\/a7358cb406a99b682ec6df1e77e31ae82e63601f6784e8a3df411d72b37864da?s=96&d=mm&r=g","url":"https:\/\/secure.gravatar.com\/avatar\/a7358cb406a99b682ec6df1e77e31ae82e63601f6784e8a3df411d72b37864da?s=96&d=mm&r=g","contentUrl":"https:\/\/secure.gravatar.com\/avatar\/a7358cb406a99b682ec6df1e77e31ae82e63601f6784e8a3df411d72b37864da?s=96&d=mm&r=g","caption":"Leonardo Francisco"},"url":"https:\/\/redenoticiaz.com.br\/litoralsp\/author\/leonardo-francisco"}]}},"_links":{"self":[{"href":"https:\/\/redenoticiaz.com.br\/litoralsp\/wp-json\/wp\/v2\/posts\/96463","targetHints":{"allow":["GET"]}}],"collection":[{"href":"https:\/\/redenoticiaz.com.br\/litoralsp\/wp-json\/wp\/v2\/posts"}],"about":[{"href":"https:\/\/redenoticiaz.com.br\/litoralsp\/wp-json\/wp\/v2\/types\/post"}],"author":[{"embeddable":true,"href":"https:\/\/redenoticiaz.com.br\/litoralsp\/wp-json\/wp\/v2\/users\/6"}],"replies":[{"embeddable":true,"href":"https:\/\/redenoticiaz.com.br\/litoralsp\/wp-json\/wp\/v2\/comments?post=96463"}],"version-history":[{"count":0,"href":"https:\/\/redenoticiaz.com.br\/litoralsp\/wp-json\/wp\/v2\/posts\/96463\/revisions"}],"wp:featuredmedia":[{"embeddable":true,"href":"https:\/\/redenoticiaz.com.br\/litoralsp\/wp-json\/wp\/v2\/media\/96464"}],"wp:attachment":[{"href":"https:\/\/redenoticiaz.com.br\/litoralsp\/wp-json\/wp\/v2\/media?parent=96463"}],"wp:term":[{"taxonomy":"category","embeddable":true,"href":"https:\/\/redenoticiaz.com.br\/litoralsp\/wp-json\/wp\/v2\/categories?post=96463"},{"taxonomy":"post_tag","embeddable":true,"href":"https:\/\/redenoticiaz.com.br\/litoralsp\/wp-json\/wp\/v2\/tags?post=96463"}],"curies":[{"name":"wp","href":"https:\/\/api.w.org\/{rel}","templated":true}]}}