{"id":96485,"date":"2022-12-04T16:23:48","date_gmt":"2022-12-04T19:23:48","guid":{"rendered":"https:\/\/redenoticiaz.com.br\/litoralsp\/2022\/12\/04\/deolane-bezerra-abandona-a-fazenda-e-gera-criticas"},"modified":"2022-12-04T16:23:48","modified_gmt":"2022-12-04T19:23:48","slug":"deolane-bezerra-abandona-a-fazenda-e-gera-criticas","status":"publish","type":"post","link":"https:\/\/redenoticiaz.com.br\/litoralsp\/2022\/12\/04\/deolane-bezerra-abandona-a-fazenda-e-gera-criticas","title":{"rendered":"Deolane Bezerra abandona a Fazenda e gera cr\u00edticas"},"content":{"rendered":"<p>Os pe\u00f5es da Fazenda 14 foram surpreendidos com a not\u00edcia de que <strong>Deolane Bezerra abandonou o reality<\/strong> neste domingo (4). De acordo com um comunicado da Record TV, todos os pe\u00f5es foram informados que a desist\u00eancia aconteceu ap\u00f3s a advogada receber not\u00edcias do estado de sa\u00fade da m\u00e3e.<\/p>\n<p>Mas no s\u00e1bado (3), Daniele e Dayanne Bezerra, as irm\u00e3s da advogada, foram at\u00e9 Itapecerica da Serra, na sede da Fazenda para tir\u00e1-la de l\u00e1. Atrav\u00e9s do Instagram, a tamb\u00e9m advogada mostrou a movimenta\u00e7\u00e3o: &#8220;Estamos aqui h\u00e1 uns 10 minutos na porta da Fazenda, viemos tirar a Deolane desse manic\u00f4mio. Estamos aqui esperando algu\u00e9m respons\u00e1vel vir&#8221;, come\u00e7ou.<\/p>\n<div>A equipe da advogada soltou fogos de artif\u00edcio como meio de chamar a aten\u00e7\u00e3o. Os pe\u00f5es, inclusive, conseguiram ouvir o barulho, e brincaram que seria uma homenagem para o anivers\u00e1rio de Andr\u00e9.<\/div>\n<div><\/div>\n<div>&#8220;Estamos soltando fogos, sim, para chamar a aten\u00e7\u00e3o. Ningu\u00e9m aparece, e a gente quer que a Deolane saia j\u00e1 daqui&#8217;, disse Dayanne, que chamou o reality de &#8216;c\u00e1rcere privado&#8217;. Daniele Bezerra colocou em suas redes sociais que a m\u00e3e da advogada deu entrada no hospital na noite de sexta, e Deolane n\u00e3o foi avisada.<\/div>\n<div><\/div>\n<div>&#8220;Hoje ela [a m\u00e3e] foi novamente, n\u00f3s pedimos que a avisassem e eles est\u00e3o se negando a avisar a Deolane, sob o argumento que n\u00e3o tem nenhum respons\u00e1vel, somente terceirizados.Eles tem o dever moral e contratual de avisar a Deolane&#8221;, disse Daniele.<\/div>\n<div><\/div>\n<div>Deolane chegou ao hospital onde a m\u00e3e est\u00e1 internada e a imagem foi compartilhada pelas redes sociais. Os internautas tiveram um misto de sentimentos. Uns apoiavam a ex-peoa, mas outros criticaram a atitude. Uma das acusa\u00e7\u00f5es \u00e9 que ela teria sido &#8220;m\u00e1 perdedora&#8221;.<\/div>\n<div><\/div>\n<div><strong>LEIA TAMB\u00c9M<\/strong><\/div>\n<div><\/div>\n<div><a href=\"https:\/\/redenoticiaz.com.br\/blog\/2022\/12\/02\/video-barbara-borges-retorna-a-fazenda-neste-final-de-semana\">V\u00cdDEO \u2013 B\u00e1rbara Borges retorna A Fazenda neste final de semana<\/a><\/div>\n","protected":false},"excerpt":{"rendered":"<p>Os pe\u00f5es da Fazenda 14 foram surpreendidos com a not\u00edcia de que Deolane Bezerra abandonou o reality neste domingo (4). De acordo com um comunicado da Record TV, todos os pe\u00f5es foram informados que a desist\u00eancia aconteceu ap\u00f3s a advogada receber not\u00edcias do estado de sa\u00fade da m\u00e3e. Mas no s\u00e1bado (3), Daniele e Dayanne &hellip;<\/p>\n","protected":false},"author":6,"featured_media":96486,"comment_status":"open","ping_status":"closed","sticky":false,"template":"","format":"standard","meta":{"footnotes":""},"categories":[60954],"tags":[10121,59180,59186,61523,2945],"class_list":["post-96485","post","type-post","status-publish","format-standard","has-post-thumbnail","hentry","category-celebridades","tag-a-fazenda","tag-a-fazenda-14","tag-deolane-bezerra","tag-desistencia-do-jogo","tag-record-tv"],"yoast_head":"<!-- This site is optimized with the Yoast SEO plugin v27.5 - https:\/\/yoast.com\/product\/yoast-seo-wordpress\/ -->\n<title>Deolane Bezerra abandona a Fazenda e gera cr\u00edticas - Litoral SP<\/title>\n<meta name=\"description\" content=\"Os pe\u00f5es da Fazenda 14 foram surpreendidos com a not\u00edcia de que Deolane Bezerra abandonou o reality neste domingo (4). De acordo\" \/>\n<meta name=\"robots\" content=\"index, follow, max-snippet:-1, max-image-preview:large, max-video-preview:-1\" \/>\n<link rel=\"canonical\" href=\"https:\/\/redenoticiaz.com.br\/litoralsp\/2022\/12\/04\/deolane-bezerra-abandona-a-fazenda-e-gera-criticas\" \/>\n<meta property=\"og:locale\" content=\"pt_BR\" \/>\n<meta property=\"og:type\" content=\"article\" \/>\n<meta property=\"og:title\" content=\"Deolane Bezerra abandona a Fazenda e gera cr\u00edticas - Litoral SP\" \/>\n<meta property=\"og:description\" content=\"Os pe\u00f5es da Fazenda 14 foram surpreendidos com a not\u00edcia de que Deolane Bezerra abandonou o reality neste domingo (4). De acordo\" \/>\n<meta property=\"og:url\" content=\"https:\/\/redenoticiaz.com.br\/litoralsp\/2022\/12\/04\/deolane-bezerra-abandona-a-fazenda-e-gera-criticas\" \/>\n<meta property=\"og:site_name\" content=\"Litoral SP\" \/>\n<meta property=\"article:published_time\" content=\"2022-12-04T19:23:48+00:00\" \/>\n<meta property=\"og:image\" content=\"https:\/\/redenoticiaz.com.br\/litoralsp\/wp-content\/uploads\/sites\/3\/2023\/01\/whatsapp-image-2023-01-02-at-10.57.01.jpg\" \/>\n\t<meta property=\"og:image:width\" content=\"982\" \/>\n\t<meta property=\"og:image:height\" content=\"578\" \/>\n\t<meta property=\"og:image:type\" content=\"image\/jpeg\" \/>\n<meta name=\"author\" content=\"Leonardo Francisco\" \/>\n<meta name=\"twitter:card\" content=\"summary_large_image\" \/>\n<meta name=\"twitter:label1\" content=\"Escrito por\" \/>\n\t<meta name=\"twitter:data1\" content=\"Leonardo Francisco\" \/>\n\t<meta name=\"twitter:label2\" content=\"Est. tempo de leitura\" \/>\n\t<meta name=\"twitter:data2\" content=\"2 minutos\" \/>\n<script type=\"application\/ld+json\" class=\"yoast-schema-graph\">{\"@context\":\"https:\\\/\\\/schema.org\",\"@graph\":[{\"@type\":\"Article\",\"@id\":\"https:\\\/\\\/redenoticiaz.com.br\\\/litoralsp\\\/2022\\\/12\\\/04\\\/deolane-bezerra-abandona-a-fazenda-e-gera-criticas#article\",\"isPartOf\":{\"@id\":\"https:\\\/\\\/redenoticiaz.com.br\\\/litoralsp\\\/2022\\\/12\\\/04\\\/deolane-bezerra-abandona-a-fazenda-e-gera-criticas\"},\"author\":{\"name\":\"Leonardo Francisco\",\"@id\":\"https:\\\/\\\/redenoticiaz.com.br\\\/litoralsp\\\/#\\\/schema\\\/person\\\/0f0b8a5bdafefe82841e07ae8d81ecb3\"},\"headline\":\"Deolane Bezerra abandona a Fazenda e gera cr\u00edticas\",\"datePublished\":\"2022-12-04T19:23:48+00:00\",\"mainEntityOfPage\":{\"@id\":\"https:\\\/\\\/redenoticiaz.com.br\\\/litoralsp\\\/2022\\\/12\\\/04\\\/deolane-bezerra-abandona-a-fazenda-e-gera-criticas\"},\"wordCount\":330,\"commentCount\":0,\"publisher\":{\"@id\":\"https:\\\/\\\/redenoticiaz.com.br\\\/litoralsp\\\/#organization\"},\"image\":{\"@id\":\"https:\\\/\\\/redenoticiaz.com.br\\\/litoralsp\\\/2022\\\/12\\\/04\\\/deolane-bezerra-abandona-a-fazenda-e-gera-criticas#primaryimage\"},\"thumbnailUrl\":\"https:\\\/\\\/redenoticiaz.com.br\\\/litoralsp\\\/wp-content\\\/uploads\\\/sites\\\/3\\\/2022\\\/12\\\/DEOLANE.jpeg?v=1670181781\",\"keywords\":[\"A FAZENDA\",\"A Fazenda 14\",\"Deolane Bezerra\",\"DESIST\u00caNCIA DO JOGO\",\"RECORD TV\"],\"articleSection\":[\"Celebridades\"],\"inLanguage\":\"pt-BR\",\"potentialAction\":[{\"@type\":\"CommentAction\",\"name\":\"Comment\",\"target\":[\"https:\\\/\\\/redenoticiaz.com.br\\\/litoralsp\\\/2022\\\/12\\\/04\\\/deolane-bezerra-abandona-a-fazenda-e-gera-criticas#respond\"]}]},{\"@type\":\"WebPage\",\"@id\":\"https:\\\/\\\/redenoticiaz.com.br\\\/litoralsp\\\/2022\\\/12\\\/04\\\/deolane-bezerra-abandona-a-fazenda-e-gera-criticas\",\"url\":\"https:\\\/\\\/redenoticiaz.com.br\\\/litoralsp\\\/2022\\\/12\\\/04\\\/deolane-bezerra-abandona-a-fazenda-e-gera-criticas\",\"name\":\"Deolane Bezerra abandona a Fazenda e gera cr\u00edticas - Litoral SP\",\"isPartOf\":{\"@id\":\"https:\\\/\\\/redenoticiaz.com.br\\\/litoralsp\\\/#website\"},\"primaryImageOfPage\":{\"@id\":\"https:\\\/\\\/redenoticiaz.com.br\\\/litoralsp\\\/2022\\\/12\\\/04\\\/deolane-bezerra-abandona-a-fazenda-e-gera-criticas#primaryimage\"},\"image\":{\"@id\":\"https:\\\/\\\/redenoticiaz.com.br\\\/litoralsp\\\/2022\\\/12\\\/04\\\/deolane-bezerra-abandona-a-fazenda-e-gera-criticas#primaryimage\"},\"thumbnailUrl\":\"https:\\\/\\\/redenoticiaz.com.br\\\/litoralsp\\\/wp-content\\\/uploads\\\/sites\\\/3\\\/2022\\\/12\\\/DEOLANE.jpeg?v=1670181781\",\"datePublished\":\"2022-12-04T19:23:48+00:00\",\"description\":\"Os pe\u00f5es da Fazenda 14 foram surpreendidos com a not\u00edcia de que Deolane Bezerra abandonou o reality neste domingo (4). De acordo\",\"inLanguage\":\"pt-BR\",\"potentialAction\":[{\"@type\":\"ReadAction\",\"target\":[\"https:\\\/\\\/redenoticiaz.com.br\\\/litoralsp\\\/2022\\\/12\\\/04\\\/deolane-bezerra-abandona-a-fazenda-e-gera-criticas\"]}]},{\"@type\":\"ImageObject\",\"inLanguage\":\"pt-BR\",\"@id\":\"https:\\\/\\\/redenoticiaz.com.br\\\/litoralsp\\\/2022\\\/12\\\/04\\\/deolane-bezerra-abandona-a-fazenda-e-gera-criticas#primaryimage\",\"url\":\"https:\\\/\\\/redenoticiaz.com.br\\\/litoralsp\\\/wp-content\\\/uploads\\\/sites\\\/3\\\/2022\\\/12\\\/DEOLANE.jpeg?v=1670181781\",\"contentUrl\":\"https:\\\/\\\/redenoticiaz.com.br\\\/litoralsp\\\/wp-content\\\/uploads\\\/sites\\\/3\\\/2022\\\/12\\\/DEOLANE.jpeg?v=1670181781\",\"width\":677,\"height\":369,\"caption\":\"Cr\u00e9ditos: Divulga\u00e7\u00e3o\\\/Record TV\"},{\"@type\":\"WebSite\",\"@id\":\"https:\\\/\\\/redenoticiaz.com.br\\\/litoralsp\\\/#website\",\"url\":\"https:\\\/\\\/redenoticiaz.com.br\\\/litoralsp\\\/\",\"name\":\"Litoral SP\",\"description\":\"Rede NoticiaZ\",\"publisher\":{\"@id\":\"https:\\\/\\\/redenoticiaz.com.br\\\/litoralsp\\\/#organization\"},\"potentialAction\":[{\"@type\":\"SearchAction\",\"target\":{\"@type\":\"EntryPoint\",\"urlTemplate\":\"https:\\\/\\\/redenoticiaz.com.br\\\/litoralsp\\\/?s={search_term_string}\"},\"query-input\":{\"@type\":\"PropertyValueSpecification\",\"valueRequired\":true,\"valueName\":\"search_term_string\"}}],\"inLanguage\":\"pt-BR\"},{\"@type\":\"Organization\",\"@id\":\"https:\\\/\\\/redenoticiaz.com.br\\\/litoralsp\\\/#organization\",\"name\":\"Litoral SP\",\"url\":\"https:\\\/\\\/redenoticiaz.com.br\\\/litoralsp\\\/\",\"logo\":{\"@type\":\"ImageObject\",\"inLanguage\":\"pt-BR\",\"@id\":\"https:\\\/\\\/redenoticiaz.com.br\\\/litoralsp\\\/#\\\/schema\\\/logo\\\/image\\\/\",\"url\":\"https:\\\/\\\/redenoticiaz.com.br\\\/litoralsp\\\/wp-content\\\/uploads\\\/sites\\\/3\\\/2020\\\/11\\\/logo.jpg\",\"contentUrl\":\"https:\\\/\\\/redenoticiaz.com.br\\\/litoralsp\\\/wp-content\\\/uploads\\\/sites\\\/3\\\/2020\\\/11\\\/logo.jpg\",\"width\":400,\"height\":250,\"caption\":\"Litoral SP\"},\"image\":{\"@id\":\"https:\\\/\\\/redenoticiaz.com.br\\\/litoralsp\\\/#\\\/schema\\\/logo\\\/image\\\/\"}},{\"@type\":\"Person\",\"@id\":\"https:\\\/\\\/redenoticiaz.com.br\\\/litoralsp\\\/#\\\/schema\\\/person\\\/0f0b8a5bdafefe82841e07ae8d81ecb3\",\"name\":\"Leonardo Francisco\",\"image\":{\"@type\":\"ImageObject\",\"inLanguage\":\"pt-BR\",\"@id\":\"https:\\\/\\\/secure.gravatar.com\\\/avatar\\\/a7358cb406a99b682ec6df1e77e31ae82e63601f6784e8a3df411d72b37864da?s=96&d=mm&r=g\",\"url\":\"https:\\\/\\\/secure.gravatar.com\\\/avatar\\\/a7358cb406a99b682ec6df1e77e31ae82e63601f6784e8a3df411d72b37864da?s=96&d=mm&r=g\",\"contentUrl\":\"https:\\\/\\\/secure.gravatar.com\\\/avatar\\\/a7358cb406a99b682ec6df1e77e31ae82e63601f6784e8a3df411d72b37864da?s=96&d=mm&r=g\",\"caption\":\"Leonardo Francisco\"},\"url\":\"https:\\\/\\\/redenoticiaz.com.br\\\/litoralsp\\\/author\\\/leonardo-francisco\"}]}<\/script>\n<!-- \/ Yoast SEO plugin. -->","yoast_head_json":{"title":"Deolane Bezerra abandona a Fazenda e gera cr\u00edticas - Litoral SP","description":"Os pe\u00f5es da Fazenda 14 foram surpreendidos com a not\u00edcia de que Deolane Bezerra abandonou o reality neste domingo (4). De acordo","robots":{"index":"index","follow":"follow","max-snippet":"max-snippet:-1","max-image-preview":"max-image-preview:large","max-video-preview":"max-video-preview:-1"},"canonical":"https:\/\/redenoticiaz.com.br\/litoralsp\/2022\/12\/04\/deolane-bezerra-abandona-a-fazenda-e-gera-criticas","og_locale":"pt_BR","og_type":"article","og_title":"Deolane Bezerra abandona a Fazenda e gera cr\u00edticas - Litoral SP","og_description":"Os pe\u00f5es da Fazenda 14 foram surpreendidos com a not\u00edcia de que Deolane Bezerra abandonou o reality neste domingo (4). De acordo","og_url":"https:\/\/redenoticiaz.com.br\/litoralsp\/2022\/12\/04\/deolane-bezerra-abandona-a-fazenda-e-gera-criticas","og_site_name":"Litoral SP","article_published_time":"2022-12-04T19:23:48+00:00","og_image":[{"width":982,"height":578,"url":"https:\/\/redenoticiaz.com.br\/litoralsp\/wp-content\/uploads\/sites\/3\/2023\/01\/whatsapp-image-2023-01-02-at-10.57.01.jpg","type":"image\/jpeg"}],"author":"Leonardo Francisco","twitter_card":"summary_large_image","twitter_misc":{"Escrito por":"Leonardo Francisco","Est. tempo de leitura":"2 minutos"},"schema":{"@context":"https:\/\/schema.org","@graph":[{"@type":"Article","@id":"https:\/\/redenoticiaz.com.br\/litoralsp\/2022\/12\/04\/deolane-bezerra-abandona-a-fazenda-e-gera-criticas#article","isPartOf":{"@id":"https:\/\/redenoticiaz.com.br\/litoralsp\/2022\/12\/04\/deolane-bezerra-abandona-a-fazenda-e-gera-criticas"},"author":{"name":"Leonardo Francisco","@id":"https:\/\/redenoticiaz.com.br\/litoralsp\/#\/schema\/person\/0f0b8a5bdafefe82841e07ae8d81ecb3"},"headline":"Deolane Bezerra abandona a Fazenda e gera cr\u00edticas","datePublished":"2022-12-04T19:23:48+00:00","mainEntityOfPage":{"@id":"https:\/\/redenoticiaz.com.br\/litoralsp\/2022\/12\/04\/deolane-bezerra-abandona-a-fazenda-e-gera-criticas"},"wordCount":330,"commentCount":0,"publisher":{"@id":"https:\/\/redenoticiaz.com.br\/litoralsp\/#organization"},"image":{"@id":"https:\/\/redenoticiaz.com.br\/litoralsp\/2022\/12\/04\/deolane-bezerra-abandona-a-fazenda-e-gera-criticas#primaryimage"},"thumbnailUrl":"https:\/\/redenoticiaz.com.br\/litoralsp\/wp-content\/uploads\/sites\/3\/2022\/12\/DEOLANE.jpeg?v=1670181781","keywords":["A FAZENDA","A Fazenda 14","Deolane Bezerra","DESIST\u00caNCIA DO JOGO","RECORD TV"],"articleSection":["Celebridades"],"inLanguage":"pt-BR","potentialAction":[{"@type":"CommentAction","name":"Comment","target":["https:\/\/redenoticiaz.com.br\/litoralsp\/2022\/12\/04\/deolane-bezerra-abandona-a-fazenda-e-gera-criticas#respond"]}]},{"@type":"WebPage","@id":"https:\/\/redenoticiaz.com.br\/litoralsp\/2022\/12\/04\/deolane-bezerra-abandona-a-fazenda-e-gera-criticas","url":"https:\/\/redenoticiaz.com.br\/litoralsp\/2022\/12\/04\/deolane-bezerra-abandona-a-fazenda-e-gera-criticas","name":"Deolane Bezerra abandona a Fazenda e gera cr\u00edticas - Litoral SP","isPartOf":{"@id":"https:\/\/redenoticiaz.com.br\/litoralsp\/#website"},"primaryImageOfPage":{"@id":"https:\/\/redenoticiaz.com.br\/litoralsp\/2022\/12\/04\/deolane-bezerra-abandona-a-fazenda-e-gera-criticas#primaryimage"},"image":{"@id":"https:\/\/redenoticiaz.com.br\/litoralsp\/2022\/12\/04\/deolane-bezerra-abandona-a-fazenda-e-gera-criticas#primaryimage"},"thumbnailUrl":"https:\/\/redenoticiaz.com.br\/litoralsp\/wp-content\/uploads\/sites\/3\/2022\/12\/DEOLANE.jpeg?v=1670181781","datePublished":"2022-12-04T19:23:48+00:00","description":"Os pe\u00f5es da Fazenda 14 foram surpreendidos com a not\u00edcia de que Deolane Bezerra abandonou o reality neste domingo (4). De acordo","inLanguage":"pt-BR","potentialAction":[{"@type":"ReadAction","target":["https:\/\/redenoticiaz.com.br\/litoralsp\/2022\/12\/04\/deolane-bezerra-abandona-a-fazenda-e-gera-criticas"]}]},{"@type":"ImageObject","inLanguage":"pt-BR","@id":"https:\/\/redenoticiaz.com.br\/litoralsp\/2022\/12\/04\/deolane-bezerra-abandona-a-fazenda-e-gera-criticas#primaryimage","url":"https:\/\/redenoticiaz.com.br\/litoralsp\/wp-content\/uploads\/sites\/3\/2022\/12\/DEOLANE.jpeg?v=1670181781","contentUrl":"https:\/\/redenoticiaz.com.br\/litoralsp\/wp-content\/uploads\/sites\/3\/2022\/12\/DEOLANE.jpeg?v=1670181781","width":677,"height":369,"caption":"Cr\u00e9ditos: Divulga\u00e7\u00e3o\/Record TV"},{"@type":"WebSite","@id":"https:\/\/redenoticiaz.com.br\/litoralsp\/#website","url":"https:\/\/redenoticiaz.com.br\/litoralsp\/","name":"Litoral SP","description":"Rede NoticiaZ","publisher":{"@id":"https:\/\/redenoticiaz.com.br\/litoralsp\/#organization"},"potentialAction":[{"@type":"SearchAction","target":{"@type":"EntryPoint","urlTemplate":"https:\/\/redenoticiaz.com.br\/litoralsp\/?s={search_term_string}"},"query-input":{"@type":"PropertyValueSpecification","valueRequired":true,"valueName":"search_term_string"}}],"inLanguage":"pt-BR"},{"@type":"Organization","@id":"https:\/\/redenoticiaz.com.br\/litoralsp\/#organization","name":"Litoral SP","url":"https:\/\/redenoticiaz.com.br\/litoralsp\/","logo":{"@type":"ImageObject","inLanguage":"pt-BR","@id":"https:\/\/redenoticiaz.com.br\/litoralsp\/#\/schema\/logo\/image\/","url":"https:\/\/redenoticiaz.com.br\/litoralsp\/wp-content\/uploads\/sites\/3\/2020\/11\/logo.jpg","contentUrl":"https:\/\/redenoticiaz.com.br\/litoralsp\/wp-content\/uploads\/sites\/3\/2020\/11\/logo.jpg","width":400,"height":250,"caption":"Litoral SP"},"image":{"@id":"https:\/\/redenoticiaz.com.br\/litoralsp\/#\/schema\/logo\/image\/"}},{"@type":"Person","@id":"https:\/\/redenoticiaz.com.br\/litoralsp\/#\/schema\/person\/0f0b8a5bdafefe82841e07ae8d81ecb3","name":"Leonardo Francisco","image":{"@type":"ImageObject","inLanguage":"pt-BR","@id":"https:\/\/secure.gravatar.com\/avatar\/a7358cb406a99b682ec6df1e77e31ae82e63601f6784e8a3df411d72b37864da?s=96&d=mm&r=g","url":"https:\/\/secure.gravatar.com\/avatar\/a7358cb406a99b682ec6df1e77e31ae82e63601f6784e8a3df411d72b37864da?s=96&d=mm&r=g","contentUrl":"https:\/\/secure.gravatar.com\/avatar\/a7358cb406a99b682ec6df1e77e31ae82e63601f6784e8a3df411d72b37864da?s=96&d=mm&r=g","caption":"Leonardo Francisco"},"url":"https:\/\/redenoticiaz.com.br\/litoralsp\/author\/leonardo-francisco"}]}},"_links":{"self":[{"href":"https:\/\/redenoticiaz.com.br\/litoralsp\/wp-json\/wp\/v2\/posts\/96485","targetHints":{"allow":["GET"]}}],"collection":[{"href":"https:\/\/redenoticiaz.com.br\/litoralsp\/wp-json\/wp\/v2\/posts"}],"about":[{"href":"https:\/\/redenoticiaz.com.br\/litoralsp\/wp-json\/wp\/v2\/types\/post"}],"author":[{"embeddable":true,"href":"https:\/\/redenoticiaz.com.br\/litoralsp\/wp-json\/wp\/v2\/users\/6"}],"replies":[{"embeddable":true,"href":"https:\/\/redenoticiaz.com.br\/litoralsp\/wp-json\/wp\/v2\/comments?post=96485"}],"version-history":[{"count":0,"href":"https:\/\/redenoticiaz.com.br\/litoralsp\/wp-json\/wp\/v2\/posts\/96485\/revisions"}],"wp:featuredmedia":[{"embeddable":true,"href":"https:\/\/redenoticiaz.com.br\/litoralsp\/wp-json\/wp\/v2\/media\/96486"}],"wp:attachment":[{"href":"https:\/\/redenoticiaz.com.br\/litoralsp\/wp-json\/wp\/v2\/media?parent=96485"}],"wp:term":[{"taxonomy":"category","embeddable":true,"href":"https:\/\/redenoticiaz.com.br\/litoralsp\/wp-json\/wp\/v2\/categories?post=96485"},{"taxonomy":"post_tag","embeddable":true,"href":"https:\/\/redenoticiaz.com.br\/litoralsp\/wp-json\/wp\/v2\/tags?post=96485"}],"curies":[{"name":"wp","href":"https:\/\/api.w.org\/{rel}","templated":true}]}}