{"id":96550,"date":"2022-12-05T16:44:27","date_gmt":"2022-12-05T19:44:27","guid":{"rendered":"https:\/\/redenoticiaz.com.br\/litoralsp\/2022\/12\/05\/fifa-abre-processo-disciplinar-contra-quatro-jogadores-do-uruguai"},"modified":"2022-12-05T16:44:45","modified_gmt":"2022-12-05T19:44:45","slug":"fifa-abre-processo-disciplinar-contra-quatro-jogadores-do-uruguai","status":"publish","type":"post","link":"https:\/\/redenoticiaz.com.br\/litoralsp\/2022\/12\/05\/fifa-abre-processo-disciplinar-contra-quatro-jogadores-do-uruguai","title":{"rendered":"Fifa abre processo disciplinar contra quatro jogadores do Uruguai"},"content":{"rendered":"<p>A Fifa abriu processo disciplinar contra os uruguaios Jos\u00e9 Mar\u00eda Gim\u00e9nez, Edinson Cavani, Fernando Muslera e Diego God\u00edn depois que os jogadores confrontaram o \u00e1rbitro com irrita\u00e7\u00e3o ap\u00f3s a partida na Copa do Mundo contra Gana na sexta-feira.<\/p>\n<p>O Uruguai venceu Gana por 2 a 0 na \u00faltima partida do Grupo H, mas ficou furioso porque o \u00e1rbitro Daniel Siebert n\u00e3o deu p\u00eanaltis para eles na disputa.<\/p>\n<p>Outro gol teria colocado o Uruguai nas oitavas de final no lugar da Coreia do Sul. Ap\u00f3s o apito final, o banco uruguaio explodiu contra o \u00e1rbitro que decidiu n\u00e3o marcar p\u00eanaltis nos lances em Darwin N\u00fa\u00f1ez no primeiro tempo e Cavani nos minutos finais.<\/p>\n<p>O atacante Luis Su\u00e1rez disse que a Fifa \u00e9 &#8220;contra o Uruguai&#8221;.<\/p>\n<p>A Fifa tamb\u00e9m abriu um processo contra a Associa\u00e7\u00e3o Uruguaia de Futebol por poss\u00edveis viola\u00e7\u00f5es das regras de fair play.<\/p>\n<p>&#8220;Processos separados foram abertos contra os jogadores uruguaios Gim\u00e9nez, Cavani, Muslera e God\u00edn&#8221;, acrescentou a Fifa em um comunicado.<\/p>\n<p><strong>Leia mais<\/strong><\/p>\n<p><a href=\"https:\/\/redenoticiaz.com.br\/blog\/2022\/12\/05\/croacia-bate-japao-nos-penaltis-vai-as-quartas-e-pode-pegar-o-brasil\">Cro\u00e1cia bate Jap\u00e3o nos p\u00eanaltis, vai \u00e0s quartas e pode pegar o Brasil<\/a><\/p>\n","protected":false},"excerpt":{"rendered":"<p>A Fifa abriu processo disciplinar contra os uruguaios Jos\u00e9 Mar\u00eda Gim\u00e9nez, Edinson Cavani, Fernando Muslera e Diego God\u00edn depois que os jogadores confrontaram o \u00e1rbitro com irrita\u00e7\u00e3o ap\u00f3s a partida na Copa do Mundo contra Gana na sexta-feira. O Uruguai venceu Gana por 2 a 0 na \u00faltima partida do Grupo H, mas ficou furioso &hellip;<\/p>\n","protected":false},"author":12,"featured_media":96551,"comment_status":"open","ping_status":"closed","sticky":false,"template":"","format":"standard","meta":{"footnotes":""},"categories":[60418,35],"tags":[61553,61554,61555,61323,61556,1124],"class_list":["post-96550","post","type-post","status-publish","format-standard","has-post-thumbnail","hentry","category-copa","category-esporte","tag-darwin-nunez","tag-edinson-cavani","tag-fernando-muslera","tag-grupo-h","tag-ose-maria-gimenez","tag-uruguai"],"yoast_head":"<!-- This site is optimized with the Yoast SEO plugin v27.4 - https:\/\/yoast.com\/product\/yoast-seo-wordpress\/ -->\n<title>Fifa abre processo disciplinar contra quatro jogadores do Uruguai - Litoral SP<\/title>\n<meta name=\"description\" content=\"O Uruguai venceu Gana por 2 a 0 na \u00faltima partida do Grupo H, mas ficou furioso porque o \u00e1rbitro Daniel Siebert n\u00e3o deu p\u00eanaltis para eles na disputa.\" \/>\n<meta name=\"robots\" content=\"index, follow, max-snippet:-1, max-image-preview:large, max-video-preview:-1\" \/>\n<link rel=\"canonical\" href=\"https:\/\/redenoticiaz.com.br\/litoralsp\/2022\/12\/05\/fifa-abre-processo-disciplinar-contra-quatro-jogadores-do-uruguai\" \/>\n<meta property=\"og:locale\" content=\"pt_BR\" \/>\n<meta property=\"og:type\" content=\"article\" \/>\n<meta property=\"og:title\" content=\"Fifa abre processo disciplinar contra quatro jogadores do Uruguai - Litoral SP\" \/>\n<meta property=\"og:description\" content=\"O Uruguai venceu Gana por 2 a 0 na \u00faltima partida do Grupo H, mas ficou furioso porque o \u00e1rbitro Daniel Siebert n\u00e3o deu p\u00eanaltis para eles na disputa.\" \/>\n<meta property=\"og:url\" content=\"https:\/\/redenoticiaz.com.br\/litoralsp\/2022\/12\/05\/fifa-abre-processo-disciplinar-contra-quatro-jogadores-do-uruguai\" \/>\n<meta property=\"og:site_name\" content=\"Litoral SP\" \/>\n<meta property=\"article:published_time\" content=\"2022-12-05T19:44:27+00:00\" \/>\n<meta property=\"article:modified_time\" content=\"2022-12-05T19:44:45+00:00\" \/>\n<meta property=\"og:image\" content=\"https:\/\/redenoticiaz.com.br\/litoralsp\/wp-content\/uploads\/sites\/3\/2022\/12\/selecao_uruguai_questiona_juiz_copa_do_catar.jpg?v=1670269369\" \/>\n\t<meta property=\"og:image:width\" content=\"1170\" \/>\n\t<meta property=\"og:image:height\" content=\"700\" \/>\n\t<meta property=\"og:image:type\" content=\"image\/jpeg\" \/>\n<meta name=\"author\" content=\"Gustavo Silva\" \/>\n<meta name=\"twitter:card\" content=\"summary_large_image\" \/>\n<meta name=\"twitter:label1\" content=\"Escrito por\" \/>\n\t<meta name=\"twitter:data1\" content=\"Gustavo Silva\" \/>\n\t<meta name=\"twitter:label2\" content=\"Est. tempo de leitura\" \/>\n\t<meta name=\"twitter:data2\" content=\"1 minuto\" \/>\n<script type=\"application\/ld+json\" class=\"yoast-schema-graph\">{\"@context\":\"https:\\\/\\\/schema.org\",\"@graph\":[{\"@type\":\"Article\",\"@id\":\"https:\\\/\\\/redenoticiaz.com.br\\\/litoralsp\\\/2022\\\/12\\\/05\\\/fifa-abre-processo-disciplinar-contra-quatro-jogadores-do-uruguai#article\",\"isPartOf\":{\"@id\":\"https:\\\/\\\/redenoticiaz.com.br\\\/litoralsp\\\/2022\\\/12\\\/05\\\/fifa-abre-processo-disciplinar-contra-quatro-jogadores-do-uruguai\"},\"author\":{\"name\":\"Gustavo Silva\",\"@id\":\"https:\\\/\\\/redenoticiaz.com.br\\\/litoralsp\\\/#\\\/schema\\\/person\\\/16057b37a3c0ee6b096d7f887c566e2e\"},\"headline\":\"Fifa abre processo disciplinar contra quatro jogadores do Uruguai\",\"datePublished\":\"2022-12-05T19:44:27+00:00\",\"dateModified\":\"2022-12-05T19:44:45+00:00\",\"mainEntityOfPage\":{\"@id\":\"https:\\\/\\\/redenoticiaz.com.br\\\/litoralsp\\\/2022\\\/12\\\/05\\\/fifa-abre-processo-disciplinar-contra-quatro-jogadores-do-uruguai\"},\"wordCount\":205,\"commentCount\":0,\"publisher\":{\"@id\":\"https:\\\/\\\/redenoticiaz.com.br\\\/litoralsp\\\/#organization\"},\"image\":{\"@id\":\"https:\\\/\\\/redenoticiaz.com.br\\\/litoralsp\\\/2022\\\/12\\\/05\\\/fifa-abre-processo-disciplinar-contra-quatro-jogadores-do-uruguai#primaryimage\"},\"thumbnailUrl\":\"https:\\\/\\\/redenoticiaz.com.br\\\/litoralsp\\\/wp-content\\\/uploads\\\/sites\\\/3\\\/2022\\\/12\\\/selecao_uruguai_questiona_juiz_copa_do_catar.jpg?v=1670269369\",\"keywords\":[\"Darwin N\u00fa\u00f1ez\",\"Edinson Cavani\",\"Fernando Muslera\",\"GRUPO H\",\"os\u00e9 Mar\u00eda Gim\u00e9nez\",\"URUGUAI\"],\"articleSection\":[\"Copa\",\"Esporte\"],\"inLanguage\":\"pt-BR\",\"potentialAction\":[{\"@type\":\"CommentAction\",\"name\":\"Comment\",\"target\":[\"https:\\\/\\\/redenoticiaz.com.br\\\/litoralsp\\\/2022\\\/12\\\/05\\\/fifa-abre-processo-disciplinar-contra-quatro-jogadores-do-uruguai#respond\"]}]},{\"@type\":\"WebPage\",\"@id\":\"https:\\\/\\\/redenoticiaz.com.br\\\/litoralsp\\\/2022\\\/12\\\/05\\\/fifa-abre-processo-disciplinar-contra-quatro-jogadores-do-uruguai\",\"url\":\"https:\\\/\\\/redenoticiaz.com.br\\\/litoralsp\\\/2022\\\/12\\\/05\\\/fifa-abre-processo-disciplinar-contra-quatro-jogadores-do-uruguai\",\"name\":\"Fifa abre processo disciplinar contra quatro jogadores do Uruguai - Litoral SP\",\"isPartOf\":{\"@id\":\"https:\\\/\\\/redenoticiaz.com.br\\\/litoralsp\\\/#website\"},\"primaryImageOfPage\":{\"@id\":\"https:\\\/\\\/redenoticiaz.com.br\\\/litoralsp\\\/2022\\\/12\\\/05\\\/fifa-abre-processo-disciplinar-contra-quatro-jogadores-do-uruguai#primaryimage\"},\"image\":{\"@id\":\"https:\\\/\\\/redenoticiaz.com.br\\\/litoralsp\\\/2022\\\/12\\\/05\\\/fifa-abre-processo-disciplinar-contra-quatro-jogadores-do-uruguai#primaryimage\"},\"thumbnailUrl\":\"https:\\\/\\\/redenoticiaz.com.br\\\/litoralsp\\\/wp-content\\\/uploads\\\/sites\\\/3\\\/2022\\\/12\\\/selecao_uruguai_questiona_juiz_copa_do_catar.jpg?v=1670269369\",\"datePublished\":\"2022-12-05T19:44:27+00:00\",\"dateModified\":\"2022-12-05T19:44:45+00:00\",\"description\":\"O Uruguai venceu Gana por 2 a 0 na \u00faltima partida do Grupo H, mas ficou furioso porque o \u00e1rbitro Daniel Siebert n\u00e3o deu p\u00eanaltis para eles na disputa.\",\"inLanguage\":\"pt-BR\",\"potentialAction\":[{\"@type\":\"ReadAction\",\"target\":[\"https:\\\/\\\/redenoticiaz.com.br\\\/litoralsp\\\/2022\\\/12\\\/05\\\/fifa-abre-processo-disciplinar-contra-quatro-jogadores-do-uruguai\"]}]},{\"@type\":\"ImageObject\",\"inLanguage\":\"pt-BR\",\"@id\":\"https:\\\/\\\/redenoticiaz.com.br\\\/litoralsp\\\/2022\\\/12\\\/05\\\/fifa-abre-processo-disciplinar-contra-quatro-jogadores-do-uruguai#primaryimage\",\"url\":\"https:\\\/\\\/redenoticiaz.com.br\\\/litoralsp\\\/wp-content\\\/uploads\\\/sites\\\/3\\\/2022\\\/12\\\/selecao_uruguai_questiona_juiz_copa_do_catar.jpg?v=1670269369\",\"contentUrl\":\"https:\\\/\\\/redenoticiaz.com.br\\\/litoralsp\\\/wp-content\\\/uploads\\\/sites\\\/3\\\/2022\\\/12\\\/selecao_uruguai_questiona_juiz_copa_do_catar.jpg?v=1670269369\",\"width\":1170,\"height\":700,\"caption\":\"Fifa abre processo disciplinar contra quatro jogadores do Uruguai\"},{\"@type\":\"WebSite\",\"@id\":\"https:\\\/\\\/redenoticiaz.com.br\\\/litoralsp\\\/#website\",\"url\":\"https:\\\/\\\/redenoticiaz.com.br\\\/litoralsp\\\/\",\"name\":\"Litoral SP\",\"description\":\"Rede NoticiaZ\",\"publisher\":{\"@id\":\"https:\\\/\\\/redenoticiaz.com.br\\\/litoralsp\\\/#organization\"},\"potentialAction\":[{\"@type\":\"SearchAction\",\"target\":{\"@type\":\"EntryPoint\",\"urlTemplate\":\"https:\\\/\\\/redenoticiaz.com.br\\\/litoralsp\\\/?s={search_term_string}\"},\"query-input\":{\"@type\":\"PropertyValueSpecification\",\"valueRequired\":true,\"valueName\":\"search_term_string\"}}],\"inLanguage\":\"pt-BR\"},{\"@type\":\"Organization\",\"@id\":\"https:\\\/\\\/redenoticiaz.com.br\\\/litoralsp\\\/#organization\",\"name\":\"Litoral SP\",\"url\":\"https:\\\/\\\/redenoticiaz.com.br\\\/litoralsp\\\/\",\"logo\":{\"@type\":\"ImageObject\",\"inLanguage\":\"pt-BR\",\"@id\":\"https:\\\/\\\/redenoticiaz.com.br\\\/litoralsp\\\/#\\\/schema\\\/logo\\\/image\\\/\",\"url\":\"https:\\\/\\\/redenoticiaz.com.br\\\/litoralsp\\\/wp-content\\\/uploads\\\/sites\\\/3\\\/2020\\\/11\\\/logo.jpg\",\"contentUrl\":\"https:\\\/\\\/redenoticiaz.com.br\\\/litoralsp\\\/wp-content\\\/uploads\\\/sites\\\/3\\\/2020\\\/11\\\/logo.jpg\",\"width\":400,\"height\":250,\"caption\":\"Litoral SP\"},\"image\":{\"@id\":\"https:\\\/\\\/redenoticiaz.com.br\\\/litoralsp\\\/#\\\/schema\\\/logo\\\/image\\\/\"}},{\"@type\":\"Person\",\"@id\":\"https:\\\/\\\/redenoticiaz.com.br\\\/litoralsp\\\/#\\\/schema\\\/person\\\/16057b37a3c0ee6b096d7f887c566e2e\",\"name\":\"Gustavo Silva\",\"image\":{\"@type\":\"ImageObject\",\"inLanguage\":\"pt-BR\",\"@id\":\"https:\\\/\\\/secure.gravatar.com\\\/avatar\\\/3ee4e82f93b26de0a7cf4ea5eb7893da637ed6bb0c9170c58065944c56e28a33?s=96&d=mm&r=g\",\"url\":\"https:\\\/\\\/secure.gravatar.com\\\/avatar\\\/3ee4e82f93b26de0a7cf4ea5eb7893da637ed6bb0c9170c58065944c56e28a33?s=96&d=mm&r=g\",\"contentUrl\":\"https:\\\/\\\/secure.gravatar.com\\\/avatar\\\/3ee4e82f93b26de0a7cf4ea5eb7893da637ed6bb0c9170c58065944c56e28a33?s=96&d=mm&r=g\",\"caption\":\"Gustavo Silva\"},\"url\":\"https:\\\/\\\/redenoticiaz.com.br\\\/litoralsp\\\/author\\\/gustavosilva\"}]}<\/script>\n<!-- \/ Yoast SEO plugin. -->","yoast_head_json":{"title":"Fifa abre processo disciplinar contra quatro jogadores do Uruguai - Litoral SP","description":"O Uruguai venceu Gana por 2 a 0 na \u00faltima partida do Grupo H, mas ficou furioso porque o \u00e1rbitro Daniel Siebert n\u00e3o deu p\u00eanaltis para eles na disputa.","robots":{"index":"index","follow":"follow","max-snippet":"max-snippet:-1","max-image-preview":"max-image-preview:large","max-video-preview":"max-video-preview:-1"},"canonical":"https:\/\/redenoticiaz.com.br\/litoralsp\/2022\/12\/05\/fifa-abre-processo-disciplinar-contra-quatro-jogadores-do-uruguai","og_locale":"pt_BR","og_type":"article","og_title":"Fifa abre processo disciplinar contra quatro jogadores do Uruguai - Litoral SP","og_description":"O Uruguai venceu Gana por 2 a 0 na \u00faltima partida do Grupo H, mas ficou furioso porque o \u00e1rbitro Daniel Siebert n\u00e3o deu p\u00eanaltis para eles na disputa.","og_url":"https:\/\/redenoticiaz.com.br\/litoralsp\/2022\/12\/05\/fifa-abre-processo-disciplinar-contra-quatro-jogadores-do-uruguai","og_site_name":"Litoral SP","article_published_time":"2022-12-05T19:44:27+00:00","article_modified_time":"2022-12-05T19:44:45+00:00","og_image":[{"width":1170,"height":700,"url":"https:\/\/redenoticiaz.com.br\/litoralsp\/wp-content\/uploads\/sites\/3\/2022\/12\/selecao_uruguai_questiona_juiz_copa_do_catar.jpg?v=1670269369","type":"image\/jpeg"}],"author":"Gustavo Silva","twitter_card":"summary_large_image","twitter_misc":{"Escrito por":"Gustavo Silva","Est. tempo de leitura":"1 minuto"},"schema":{"@context":"https:\/\/schema.org","@graph":[{"@type":"Article","@id":"https:\/\/redenoticiaz.com.br\/litoralsp\/2022\/12\/05\/fifa-abre-processo-disciplinar-contra-quatro-jogadores-do-uruguai#article","isPartOf":{"@id":"https:\/\/redenoticiaz.com.br\/litoralsp\/2022\/12\/05\/fifa-abre-processo-disciplinar-contra-quatro-jogadores-do-uruguai"},"author":{"name":"Gustavo Silva","@id":"https:\/\/redenoticiaz.com.br\/litoralsp\/#\/schema\/person\/16057b37a3c0ee6b096d7f887c566e2e"},"headline":"Fifa abre processo disciplinar contra quatro jogadores do Uruguai","datePublished":"2022-12-05T19:44:27+00:00","dateModified":"2022-12-05T19:44:45+00:00","mainEntityOfPage":{"@id":"https:\/\/redenoticiaz.com.br\/litoralsp\/2022\/12\/05\/fifa-abre-processo-disciplinar-contra-quatro-jogadores-do-uruguai"},"wordCount":205,"commentCount":0,"publisher":{"@id":"https:\/\/redenoticiaz.com.br\/litoralsp\/#organization"},"image":{"@id":"https:\/\/redenoticiaz.com.br\/litoralsp\/2022\/12\/05\/fifa-abre-processo-disciplinar-contra-quatro-jogadores-do-uruguai#primaryimage"},"thumbnailUrl":"https:\/\/redenoticiaz.com.br\/litoralsp\/wp-content\/uploads\/sites\/3\/2022\/12\/selecao_uruguai_questiona_juiz_copa_do_catar.jpg?v=1670269369","keywords":["Darwin N\u00fa\u00f1ez","Edinson Cavani","Fernando Muslera","GRUPO H","os\u00e9 Mar\u00eda Gim\u00e9nez","URUGUAI"],"articleSection":["Copa","Esporte"],"inLanguage":"pt-BR","potentialAction":[{"@type":"CommentAction","name":"Comment","target":["https:\/\/redenoticiaz.com.br\/litoralsp\/2022\/12\/05\/fifa-abre-processo-disciplinar-contra-quatro-jogadores-do-uruguai#respond"]}]},{"@type":"WebPage","@id":"https:\/\/redenoticiaz.com.br\/litoralsp\/2022\/12\/05\/fifa-abre-processo-disciplinar-contra-quatro-jogadores-do-uruguai","url":"https:\/\/redenoticiaz.com.br\/litoralsp\/2022\/12\/05\/fifa-abre-processo-disciplinar-contra-quatro-jogadores-do-uruguai","name":"Fifa abre processo disciplinar contra quatro jogadores do Uruguai - Litoral SP","isPartOf":{"@id":"https:\/\/redenoticiaz.com.br\/litoralsp\/#website"},"primaryImageOfPage":{"@id":"https:\/\/redenoticiaz.com.br\/litoralsp\/2022\/12\/05\/fifa-abre-processo-disciplinar-contra-quatro-jogadores-do-uruguai#primaryimage"},"image":{"@id":"https:\/\/redenoticiaz.com.br\/litoralsp\/2022\/12\/05\/fifa-abre-processo-disciplinar-contra-quatro-jogadores-do-uruguai#primaryimage"},"thumbnailUrl":"https:\/\/redenoticiaz.com.br\/litoralsp\/wp-content\/uploads\/sites\/3\/2022\/12\/selecao_uruguai_questiona_juiz_copa_do_catar.jpg?v=1670269369","datePublished":"2022-12-05T19:44:27+00:00","dateModified":"2022-12-05T19:44:45+00:00","description":"O Uruguai venceu Gana por 2 a 0 na \u00faltima partida do Grupo H, mas ficou furioso porque o \u00e1rbitro Daniel Siebert n\u00e3o deu p\u00eanaltis para eles na disputa.","inLanguage":"pt-BR","potentialAction":[{"@type":"ReadAction","target":["https:\/\/redenoticiaz.com.br\/litoralsp\/2022\/12\/05\/fifa-abre-processo-disciplinar-contra-quatro-jogadores-do-uruguai"]}]},{"@type":"ImageObject","inLanguage":"pt-BR","@id":"https:\/\/redenoticiaz.com.br\/litoralsp\/2022\/12\/05\/fifa-abre-processo-disciplinar-contra-quatro-jogadores-do-uruguai#primaryimage","url":"https:\/\/redenoticiaz.com.br\/litoralsp\/wp-content\/uploads\/sites\/3\/2022\/12\/selecao_uruguai_questiona_juiz_copa_do_catar.jpg?v=1670269369","contentUrl":"https:\/\/redenoticiaz.com.br\/litoralsp\/wp-content\/uploads\/sites\/3\/2022\/12\/selecao_uruguai_questiona_juiz_copa_do_catar.jpg?v=1670269369","width":1170,"height":700,"caption":"Fifa abre processo disciplinar contra quatro jogadores do Uruguai"},{"@type":"WebSite","@id":"https:\/\/redenoticiaz.com.br\/litoralsp\/#website","url":"https:\/\/redenoticiaz.com.br\/litoralsp\/","name":"Litoral SP","description":"Rede NoticiaZ","publisher":{"@id":"https:\/\/redenoticiaz.com.br\/litoralsp\/#organization"},"potentialAction":[{"@type":"SearchAction","target":{"@type":"EntryPoint","urlTemplate":"https:\/\/redenoticiaz.com.br\/litoralsp\/?s={search_term_string}"},"query-input":{"@type":"PropertyValueSpecification","valueRequired":true,"valueName":"search_term_string"}}],"inLanguage":"pt-BR"},{"@type":"Organization","@id":"https:\/\/redenoticiaz.com.br\/litoralsp\/#organization","name":"Litoral SP","url":"https:\/\/redenoticiaz.com.br\/litoralsp\/","logo":{"@type":"ImageObject","inLanguage":"pt-BR","@id":"https:\/\/redenoticiaz.com.br\/litoralsp\/#\/schema\/logo\/image\/","url":"https:\/\/redenoticiaz.com.br\/litoralsp\/wp-content\/uploads\/sites\/3\/2020\/11\/logo.jpg","contentUrl":"https:\/\/redenoticiaz.com.br\/litoralsp\/wp-content\/uploads\/sites\/3\/2020\/11\/logo.jpg","width":400,"height":250,"caption":"Litoral SP"},"image":{"@id":"https:\/\/redenoticiaz.com.br\/litoralsp\/#\/schema\/logo\/image\/"}},{"@type":"Person","@id":"https:\/\/redenoticiaz.com.br\/litoralsp\/#\/schema\/person\/16057b37a3c0ee6b096d7f887c566e2e","name":"Gustavo Silva","image":{"@type":"ImageObject","inLanguage":"pt-BR","@id":"https:\/\/secure.gravatar.com\/avatar\/3ee4e82f93b26de0a7cf4ea5eb7893da637ed6bb0c9170c58065944c56e28a33?s=96&d=mm&r=g","url":"https:\/\/secure.gravatar.com\/avatar\/3ee4e82f93b26de0a7cf4ea5eb7893da637ed6bb0c9170c58065944c56e28a33?s=96&d=mm&r=g","contentUrl":"https:\/\/secure.gravatar.com\/avatar\/3ee4e82f93b26de0a7cf4ea5eb7893da637ed6bb0c9170c58065944c56e28a33?s=96&d=mm&r=g","caption":"Gustavo Silva"},"url":"https:\/\/redenoticiaz.com.br\/litoralsp\/author\/gustavosilva"}]}},"_links":{"self":[{"href":"https:\/\/redenoticiaz.com.br\/litoralsp\/wp-json\/wp\/v2\/posts\/96550","targetHints":{"allow":["GET"]}}],"collection":[{"href":"https:\/\/redenoticiaz.com.br\/litoralsp\/wp-json\/wp\/v2\/posts"}],"about":[{"href":"https:\/\/redenoticiaz.com.br\/litoralsp\/wp-json\/wp\/v2\/types\/post"}],"author":[{"embeddable":true,"href":"https:\/\/redenoticiaz.com.br\/litoralsp\/wp-json\/wp\/v2\/users\/12"}],"replies":[{"embeddable":true,"href":"https:\/\/redenoticiaz.com.br\/litoralsp\/wp-json\/wp\/v2\/comments?post=96550"}],"version-history":[{"count":0,"href":"https:\/\/redenoticiaz.com.br\/litoralsp\/wp-json\/wp\/v2\/posts\/96550\/revisions"}],"wp:featuredmedia":[{"embeddable":true,"href":"https:\/\/redenoticiaz.com.br\/litoralsp\/wp-json\/wp\/v2\/media\/96551"}],"wp:attachment":[{"href":"https:\/\/redenoticiaz.com.br\/litoralsp\/wp-json\/wp\/v2\/media?parent=96550"}],"wp:term":[{"taxonomy":"category","embeddable":true,"href":"https:\/\/redenoticiaz.com.br\/litoralsp\/wp-json\/wp\/v2\/categories?post=96550"},{"taxonomy":"post_tag","embeddable":true,"href":"https:\/\/redenoticiaz.com.br\/litoralsp\/wp-json\/wp\/v2\/tags?post=96550"}],"curies":[{"name":"wp","href":"https:\/\/api.w.org\/{rel}","templated":true}]}}