{"id":96573,"date":"2022-12-06T08:34:35","date_gmt":"2022-12-06T11:34:35","guid":{"rendered":"https:\/\/redenoticiaz.com.br\/litoralsp\/?p=96573"},"modified":"2022-12-06T08:34:35","modified_gmt":"2022-12-06T11:34:35","slug":"arma-e-projetil-usada-para-matar-mc-primo-em-sao-vicente-era-de-pm-aponta-pericia","status":"publish","type":"post","link":"https:\/\/redenoticiaz.com.br\/litoralsp\/2022\/12\/06\/arma-e-projetil-usada-para-matar-mc-primo-em-sao-vicente-era-de-pm-aponta-pericia","title":{"rendered":"Arma e proj\u00e9til usada para matar MC Primo em S\u00e3o Vicente era de PM, aponta per\u00edcia"},"content":{"rendered":"<div id=\"chunk-7bhg\">\n<div class=\"mc-column content-text active-extra-styles \" data-block-type=\"unstyled\" data-block-weight=\"67\" data-block-id=\"3\">\n<p class=\"content-text__container \" data-track-category=\"Link no Texto\" data-track-links=\"\">Um exame pericial pedido ap\u00f3s den\u00fancia do Minist\u00e9rio P\u00fablico do Estado de S\u00e3o Paulo (MPSP) ao Tribunal de Justi\u00e7a (TJSP), mostrou que um dos 11 proj\u00e9teis encontrado em Jadielson da Silva Almeida, o MC Primo, executado no dia 19 de abril de 2012, era de uma <strong>arma de um policia<\/strong><span class=\"highlight highlighted\"><strong>l militar<\/strong>. A pris\u00e3o preventiva j\u00e1 foi pedida<\/span>.<\/p>\n<\/div>\n<\/div>\n<div class=\"wall protected-content\">\n<div id=\"chunk-4v0i1\">\n<div class=\"mc-column content-text active-extra-styles \" data-block-type=\"unstyled\" data-block-weight=\"45\" data-block-id=\"4\">\n<p class=\"content-text__container \" data-track-category=\"Link no Texto\" data-track-links=\"\">\u201c[Um] exame pericial comprovou que um dos proj\u00e9teis que atingiram a v\u00edtima e que foi retirado de seu corpo foi efetuado pela arma de fogo da Pol\u00edcia Militar do Estado de S\u00e3o Paulo [&#8230;] uma pistola Taurus, calibre .40\u201d, informa o material do MPSP.<\/p>\n<div id=\"chunk-78n1u\">\n<div class=\"mc-column content-text active-extra-styles \" data-block-type=\"unstyled\" data-block-weight=\"33\" data-block-id=\"6\">\n<p class=\"content-text__container \" data-track-category=\"Link no Texto\" data-track-links=\"\">Ainda segundo o documento produzido pelo Minist\u00e9rio P\u00fablico, a &#8220;execu\u00e7\u00e3o foi realizada por grupo criminoso armado&#8221;. No entanto, &#8220;apenas um dos criminosos foi identificado, tratando-se de um policial militar&#8221;.<\/p>\n<\/div>\n<\/div>\n<div id=\"chunk-vjek\">\n<div class=\"mc-column content-text active-extra-styles \" data-block-type=\"unstyled\" data-block-weight=\"38\" data-block-id=\"7\">\n<p class=\"content-text__container \" data-track-category=\"Link no Texto\" data-track-links=\"\">O agente em quest\u00e3o est\u00e1 sendo denunciado ap\u00f3s dez anos do crime. Isto porque s\u00f3 agora, em 2022, a per\u00edcia realizada no proj\u00e9til revelou que o disparo saiu da arma de fogo que estava sob poder dele.<\/p>\n<div id=\"chunk-48mpt\">\n<div class=\"mc-column content-text active-extra-styles \" data-block-type=\"unstyled\" data-block-weight=\"46\" data-block-id=\"9\">\n<p class=\"content-text__container \" data-track-category=\"Link no Texto\" data-track-links=\"\">O documento aponta que, em julho de 2022 o laudo pericial que e examinou a arma de fogo apontou que a pistola poderia ter sido usada para realizar o disparo, mas a per\u00edcia referente aos vest\u00edgios produzidos pelo disparo foi prejudicada por conta do tempo.<\/p>\n<\/div>\n<\/div>\n<div id=\"chunk-63l0k\">\n<div class=\"mc-column content-text active-extra-styles \" data-block-type=\"unstyled\" data-block-weight=\"47\" data-block-id=\"11\">\n<p class=\"content-text__container \" data-track-category=\"Link no Texto\" data-track-links=\"\">Entretanto, o exame de confronto bal\u00edstico realizado pelo Centro de An\u00e1lises, Exames e Pesquisas (CEAP), em agosto deste ano, concluiu que <span class=\"highlight highlighted\">\u2018o proj\u00e9til incriminado foi disparado pelo cano da pistola da Marca Taurus\u2019<\/span>, <span class=\"highlight highlighted\">com o mesmo n\u00famero de s\u00e9rie da arma que estava em posse do denunciado<\/span>.<\/p>\n<\/div>\n<\/div>\n<div class=\"mc-column content-text active-extra-styles\" data-block-type=\"raw\" data-block-weight=\"6\" data-block-id=\"12\">\n<div class=\"content-intertitle\">\n<h2>Pol\u00edcia Militar<\/h2>\n<\/div>\n<\/div>\n<div id=\"chunk-9mga3\">\n<div class=\"mc-column content-text active-extra-styles \" data-block-type=\"unstyled\" data-block-weight=\"30\" data-block-id=\"13\">\n<p class=\"content-text__container \" data-track-category=\"Link no Texto\" data-track-links=\"\">A Pol\u00edcia Militar informou, em nota, que n\u00e3o cabe \u00e0 corpora\u00e7\u00e3o enviar um posicionamento sobre a\u00e7\u00f5es, pe\u00e7as ou outros desdobramentos dentro do inqu\u00e9rito que apura os fatos.<\/p>\n<\/div>\n<\/div>\n<div id=\"chunk-e063d\">\n<div class=\"mc-column content-text active-extra-styles \" data-block-type=\"unstyled\" data-block-weight=\"31\" data-block-id=\"14\">\n<p class=\"content-text__container \" data-track-category=\"Link no Texto\" data-track-links=\"\">\u201cAdemais, discorrer sobre o trabalho pericial &#8211; que n\u00e3o \u00e9 de compet\u00eancia da PMESP, \u00e9 discutir sobre atos judiciais que, por lei, tramitam em segredo de Justi\u00e7a\u201d, disse, em resposta.<\/p>\n<h3 data-track-category=\"Link no Texto\">Entenda o crime<\/h3>\n<div id=\"chunk-7bnbb\">\n<div class=\"mc-column content-text active-extra-styles \" data-block-type=\"unstyled\" data-block-weight=\"56\" data-block-id=\"23\">\n<p class=\"content-text__container \" data-track-category=\"Link no Texto\" data-track-links=\"\">MC Primo foi abordado por criminosos em uma motocicleta e em um carro branco quando chegava em casa, no bairro J\u00f3quei Clube, em S\u00e3o Vicente. Antes de um homem encapuzado, segundo a investiga\u00e7\u00e3o, ter efetuado os 11 disparos contra a v\u00edtima, ela pediu para que a mulher e os dois filhos entrassem rapidamente em casa.<\/p>\n<\/div>\n<\/div>\n<div id=\"chunk-bjnjf\">\n<div class=\"mc-column content-text active-extra-styles \" data-block-type=\"unstyled\" data-block-weight=\"34\" data-block-id=\"24\">\n<p class=\"content-text__container \" data-track-category=\"Link no Texto\" data-track-links=\"\">\u00c0 \u00e9poca, o Instituto M\u00e9dico Legal (IML) informou que o corpo do funkeiro tinha quatro perfura\u00e7\u00f5es no t\u00f3rax, duas na coxa direita, uma no ombro, tr\u00eas nas costas e um no punho esquerdo.<\/p>\n<p data-track-category=\"Link no Texto\" data-track-links=\"\"><strong>LEIA TAMB\u00c9M<\/strong><\/p>\n<p data-track-category=\"Link no Texto\" data-track-links=\"\"><a href=\"https:\/\/redenoticiaz.com.br\/litoralsp\/2022\/12\/05\/motorista-de-carro-ainda-nao-identificado-matou-um-ciclista-atropelado-em-guaruja-na-madrugada-do-ultimo-domingo-4\">Motorista de carro ainda n\u00e3o identificado matou um ciclista atropelado em Guaruj\u00e1 na madrugada do \u00faltimo domingo (4)<\/a><\/p>\n<\/div>\n<\/div>\n<\/div>\n<\/div>\n<\/div>\n<\/div>\n<\/div>\n<\/div>\n<\/div>\n","protected":false},"excerpt":{"rendered":"<p>Um exame pericial pedido ap\u00f3s den\u00fancia do Minist\u00e9rio P\u00fablico do Estado de S\u00e3o Paulo (MPSP) ao Tribunal de Justi\u00e7a (TJSP), mostrou que um dos 11 proj\u00e9teis encontrado em Jadielson da Silva Almeida, o MC Primo, executado no dia 19 de abril de 2012, era de uma arma de um policial militar. A pris\u00e3o preventiva j\u00e1 &hellip;<\/p>\n","protected":false},"author":6,"featured_media":96574,"comment_status":"open","ping_status":"closed","sticky":false,"template":"","format":"standard","meta":{"footnotes":""},"categories":[22,10,181],"tags":[61569,36194,1766,33,10292],"class_list":["post-96573","post","type-post","status-publish","format-standard","has-post-thumbnail","hentry","category-justica","category-policia","category-sao-vicente","tag-mc-primo","tag-ministerio-publico-2","tag-policia-militar","tag-sao-vicente","tag-tribunal-de-justica-de-sao-paulo"],"yoast_head":"<!-- This site is optimized with the Yoast SEO plugin v27.5 - https:\/\/yoast.com\/product\/yoast-seo-wordpress\/ -->\n<title>Arma e proj\u00e9til usada para matar MC Primo em S\u00e3o Vicente era de PM, aponta per\u00edcia - Litoral SP<\/title>\n<meta name=\"description\" content=\"proj\u00e9teis encontrado em Jadielson da Silva Almeida, o MC Primo, executado no dia 19 de abril de 2012, era de uma arma de um policial militar. A p\" \/>\n<meta name=\"robots\" content=\"index, follow, max-snippet:-1, max-image-preview:large, max-video-preview:-1\" \/>\n<link rel=\"canonical\" href=\"https:\/\/redenoticiaz.com.br\/litoralsp\/2022\/12\/06\/arma-e-projetil-usada-para-matar-mc-primo-em-sao-vicente-era-de-pm-aponta-pericia\" \/>\n<meta property=\"og:locale\" content=\"pt_BR\" \/>\n<meta property=\"og:type\" content=\"article\" \/>\n<meta property=\"og:title\" content=\"Arma e proj\u00e9til usada para matar MC Primo em S\u00e3o Vicente era de PM, aponta per\u00edcia - Litoral SP\" \/>\n<meta property=\"og:description\" content=\"proj\u00e9teis encontrado em Jadielson da Silva Almeida, o MC Primo, executado no dia 19 de abril de 2012, era de uma arma de um policial militar. A p\" \/>\n<meta property=\"og:url\" content=\"https:\/\/redenoticiaz.com.br\/litoralsp\/2022\/12\/06\/arma-e-projetil-usada-para-matar-mc-primo-em-sao-vicente-era-de-pm-aponta-pericia\" \/>\n<meta property=\"og:site_name\" content=\"Litoral SP\" \/>\n<meta property=\"article:published_time\" content=\"2022-12-06T11:34:35+00:00\" \/>\n<meta property=\"og:image\" content=\"https:\/\/redenoticiaz.com.br\/litoralsp\/wp-content\/uploads\/sites\/3\/2022\/12\/MC-PRIMO.jpg\" \/>\n\t<meta property=\"og:image:width\" content=\"551\" \/>\n\t<meta property=\"og:image:height\" content=\"323\" \/>\n\t<meta property=\"og:image:type\" content=\"image\/jpeg\" \/>\n<meta name=\"author\" content=\"Leonardo Francisco\" \/>\n<meta name=\"twitter:card\" content=\"summary_large_image\" \/>\n<meta name=\"twitter:label1\" content=\"Escrito por\" \/>\n\t<meta name=\"twitter:data1\" content=\"Leonardo Francisco\" \/>\n\t<meta name=\"twitter:label2\" content=\"Est. tempo de leitura\" \/>\n\t<meta name=\"twitter:data2\" content=\"3 minutos\" \/>\n<script type=\"application\/ld+json\" class=\"yoast-schema-graph\">{\"@context\":\"https:\\\/\\\/schema.org\",\"@graph\":[{\"@type\":\"Article\",\"@id\":\"https:\\\/\\\/redenoticiaz.com.br\\\/litoralsp\\\/2022\\\/12\\\/06\\\/arma-e-projetil-usada-para-matar-mc-primo-em-sao-vicente-era-de-pm-aponta-pericia#article\",\"isPartOf\":{\"@id\":\"https:\\\/\\\/redenoticiaz.com.br\\\/litoralsp\\\/2022\\\/12\\\/06\\\/arma-e-projetil-usada-para-matar-mc-primo-em-sao-vicente-era-de-pm-aponta-pericia\"},\"author\":{\"name\":\"Leonardo Francisco\",\"@id\":\"https:\\\/\\\/redenoticiaz.com.br\\\/litoralsp\\\/#\\\/schema\\\/person\\\/0f0b8a5bdafefe82841e07ae8d81ecb3\"},\"headline\":\"Arma e proj\u00e9til usada para matar MC Primo em S\u00e3o Vicente era de PM, aponta per\u00edcia\",\"datePublished\":\"2022-12-06T11:34:35+00:00\",\"mainEntityOfPage\":{\"@id\":\"https:\\\/\\\/redenoticiaz.com.br\\\/litoralsp\\\/2022\\\/12\\\/06\\\/arma-e-projetil-usada-para-matar-mc-primo-em-sao-vicente-era-de-pm-aponta-pericia\"},\"wordCount\":482,\"commentCount\":0,\"publisher\":{\"@id\":\"https:\\\/\\\/redenoticiaz.com.br\\\/litoralsp\\\/#organization\"},\"image\":{\"@id\":\"https:\\\/\\\/redenoticiaz.com.br\\\/litoralsp\\\/2022\\\/12\\\/06\\\/arma-e-projetil-usada-para-matar-mc-primo-em-sao-vicente-era-de-pm-aponta-pericia#primaryimage\"},\"thumbnailUrl\":\"https:\\\/\\\/redenoticiaz.com.br\\\/litoralsp\\\/wp-content\\\/uploads\\\/sites\\\/3\\\/2022\\\/12\\\/MC-PRIMO.jpg\",\"keywords\":[\"MC PRIMO\",\"Minist\u00e9rio P\u00fablico\",\"policia militar\",\"S\u00e3o Vicente\",\"TRIBUNAL DE JUSTI\u00c7A DE S\u00c3O PAULO\"],\"articleSection\":[\"Justi\u00e7a\",\"Pol\u00edcia\",\"S\u00e3o Vicente\"],\"inLanguage\":\"pt-BR\",\"potentialAction\":[{\"@type\":\"CommentAction\",\"name\":\"Comment\",\"target\":[\"https:\\\/\\\/redenoticiaz.com.br\\\/litoralsp\\\/2022\\\/12\\\/06\\\/arma-e-projetil-usada-para-matar-mc-primo-em-sao-vicente-era-de-pm-aponta-pericia#respond\"]}]},{\"@type\":\"WebPage\",\"@id\":\"https:\\\/\\\/redenoticiaz.com.br\\\/litoralsp\\\/2022\\\/12\\\/06\\\/arma-e-projetil-usada-para-matar-mc-primo-em-sao-vicente-era-de-pm-aponta-pericia\",\"url\":\"https:\\\/\\\/redenoticiaz.com.br\\\/litoralsp\\\/2022\\\/12\\\/06\\\/arma-e-projetil-usada-para-matar-mc-primo-em-sao-vicente-era-de-pm-aponta-pericia\",\"name\":\"Arma e proj\u00e9til usada para matar MC Primo em S\u00e3o Vicente era de PM, aponta per\u00edcia - Litoral SP\",\"isPartOf\":{\"@id\":\"https:\\\/\\\/redenoticiaz.com.br\\\/litoralsp\\\/#website\"},\"primaryImageOfPage\":{\"@id\":\"https:\\\/\\\/redenoticiaz.com.br\\\/litoralsp\\\/2022\\\/12\\\/06\\\/arma-e-projetil-usada-para-matar-mc-primo-em-sao-vicente-era-de-pm-aponta-pericia#primaryimage\"},\"image\":{\"@id\":\"https:\\\/\\\/redenoticiaz.com.br\\\/litoralsp\\\/2022\\\/12\\\/06\\\/arma-e-projetil-usada-para-matar-mc-primo-em-sao-vicente-era-de-pm-aponta-pericia#primaryimage\"},\"thumbnailUrl\":\"https:\\\/\\\/redenoticiaz.com.br\\\/litoralsp\\\/wp-content\\\/uploads\\\/sites\\\/3\\\/2022\\\/12\\\/MC-PRIMO.jpg\",\"datePublished\":\"2022-12-06T11:34:35+00:00\",\"description\":\"proj\u00e9teis encontrado em Jadielson da Silva Almeida, o MC Primo, executado no dia 19 de abril de 2012, era de uma arma de um policial militar. A p\",\"inLanguage\":\"pt-BR\",\"potentialAction\":[{\"@type\":\"ReadAction\",\"target\":[\"https:\\\/\\\/redenoticiaz.com.br\\\/litoralsp\\\/2022\\\/12\\\/06\\\/arma-e-projetil-usada-para-matar-mc-primo-em-sao-vicente-era-de-pm-aponta-pericia\"]}]},{\"@type\":\"ImageObject\",\"inLanguage\":\"pt-BR\",\"@id\":\"https:\\\/\\\/redenoticiaz.com.br\\\/litoralsp\\\/2022\\\/12\\\/06\\\/arma-e-projetil-usada-para-matar-mc-primo-em-sao-vicente-era-de-pm-aponta-pericia#primaryimage\",\"url\":\"https:\\\/\\\/redenoticiaz.com.br\\\/litoralsp\\\/wp-content\\\/uploads\\\/sites\\\/3\\\/2022\\\/12\\\/MC-PRIMO.jpg\",\"contentUrl\":\"https:\\\/\\\/redenoticiaz.com.br\\\/litoralsp\\\/wp-content\\\/uploads\\\/sites\\\/3\\\/2022\\\/12\\\/MC-PRIMO.jpg\",\"width\":551,\"height\":323,\"caption\":\"Cr\u00e9ditos: Reprodu\u00e7\u00e3o\\\/Redes Sociais\"},{\"@type\":\"WebSite\",\"@id\":\"https:\\\/\\\/redenoticiaz.com.br\\\/litoralsp\\\/#website\",\"url\":\"https:\\\/\\\/redenoticiaz.com.br\\\/litoralsp\\\/\",\"name\":\"Litoral SP\",\"description\":\"Rede NoticiaZ\",\"publisher\":{\"@id\":\"https:\\\/\\\/redenoticiaz.com.br\\\/litoralsp\\\/#organization\"},\"potentialAction\":[{\"@type\":\"SearchAction\",\"target\":{\"@type\":\"EntryPoint\",\"urlTemplate\":\"https:\\\/\\\/redenoticiaz.com.br\\\/litoralsp\\\/?s={search_term_string}\"},\"query-input\":{\"@type\":\"PropertyValueSpecification\",\"valueRequired\":true,\"valueName\":\"search_term_string\"}}],\"inLanguage\":\"pt-BR\"},{\"@type\":\"Organization\",\"@id\":\"https:\\\/\\\/redenoticiaz.com.br\\\/litoralsp\\\/#organization\",\"name\":\"Litoral SP\",\"url\":\"https:\\\/\\\/redenoticiaz.com.br\\\/litoralsp\\\/\",\"logo\":{\"@type\":\"ImageObject\",\"inLanguage\":\"pt-BR\",\"@id\":\"https:\\\/\\\/redenoticiaz.com.br\\\/litoralsp\\\/#\\\/schema\\\/logo\\\/image\\\/\",\"url\":\"https:\\\/\\\/redenoticiaz.com.br\\\/litoralsp\\\/wp-content\\\/uploads\\\/sites\\\/3\\\/2020\\\/11\\\/logo.jpg\",\"contentUrl\":\"https:\\\/\\\/redenoticiaz.com.br\\\/litoralsp\\\/wp-content\\\/uploads\\\/sites\\\/3\\\/2020\\\/11\\\/logo.jpg\",\"width\":400,\"height\":250,\"caption\":\"Litoral SP\"},\"image\":{\"@id\":\"https:\\\/\\\/redenoticiaz.com.br\\\/litoralsp\\\/#\\\/schema\\\/logo\\\/image\\\/\"}},{\"@type\":\"Person\",\"@id\":\"https:\\\/\\\/redenoticiaz.com.br\\\/litoralsp\\\/#\\\/schema\\\/person\\\/0f0b8a5bdafefe82841e07ae8d81ecb3\",\"name\":\"Leonardo Francisco\",\"image\":{\"@type\":\"ImageObject\",\"inLanguage\":\"pt-BR\",\"@id\":\"https:\\\/\\\/secure.gravatar.com\\\/avatar\\\/a7358cb406a99b682ec6df1e77e31ae82e63601f6784e8a3df411d72b37864da?s=96&d=mm&r=g\",\"url\":\"https:\\\/\\\/secure.gravatar.com\\\/avatar\\\/a7358cb406a99b682ec6df1e77e31ae82e63601f6784e8a3df411d72b37864da?s=96&d=mm&r=g\",\"contentUrl\":\"https:\\\/\\\/secure.gravatar.com\\\/avatar\\\/a7358cb406a99b682ec6df1e77e31ae82e63601f6784e8a3df411d72b37864da?s=96&d=mm&r=g\",\"caption\":\"Leonardo Francisco\"},\"url\":\"https:\\\/\\\/redenoticiaz.com.br\\\/litoralsp\\\/author\\\/leonardo-francisco\"}]}<\/script>\n<!-- \/ Yoast SEO plugin. -->","yoast_head_json":{"title":"Arma e proj\u00e9til usada para matar MC Primo em S\u00e3o Vicente era de PM, aponta per\u00edcia - Litoral SP","description":"proj\u00e9teis encontrado em Jadielson da Silva Almeida, o MC Primo, executado no dia 19 de abril de 2012, era de uma arma de um policial militar. A p","robots":{"index":"index","follow":"follow","max-snippet":"max-snippet:-1","max-image-preview":"max-image-preview:large","max-video-preview":"max-video-preview:-1"},"canonical":"https:\/\/redenoticiaz.com.br\/litoralsp\/2022\/12\/06\/arma-e-projetil-usada-para-matar-mc-primo-em-sao-vicente-era-de-pm-aponta-pericia","og_locale":"pt_BR","og_type":"article","og_title":"Arma e proj\u00e9til usada para matar MC Primo em S\u00e3o Vicente era de PM, aponta per\u00edcia - Litoral SP","og_description":"proj\u00e9teis encontrado em Jadielson da Silva Almeida, o MC Primo, executado no dia 19 de abril de 2012, era de uma arma de um policial militar. A p","og_url":"https:\/\/redenoticiaz.com.br\/litoralsp\/2022\/12\/06\/arma-e-projetil-usada-para-matar-mc-primo-em-sao-vicente-era-de-pm-aponta-pericia","og_site_name":"Litoral SP","article_published_time":"2022-12-06T11:34:35+00:00","og_image":[{"width":551,"height":323,"url":"https:\/\/redenoticiaz.com.br\/litoralsp\/wp-content\/uploads\/sites\/3\/2022\/12\/MC-PRIMO.jpg","type":"image\/jpeg"}],"author":"Leonardo Francisco","twitter_card":"summary_large_image","twitter_misc":{"Escrito por":"Leonardo Francisco","Est. tempo de leitura":"3 minutos"},"schema":{"@context":"https:\/\/schema.org","@graph":[{"@type":"Article","@id":"https:\/\/redenoticiaz.com.br\/litoralsp\/2022\/12\/06\/arma-e-projetil-usada-para-matar-mc-primo-em-sao-vicente-era-de-pm-aponta-pericia#article","isPartOf":{"@id":"https:\/\/redenoticiaz.com.br\/litoralsp\/2022\/12\/06\/arma-e-projetil-usada-para-matar-mc-primo-em-sao-vicente-era-de-pm-aponta-pericia"},"author":{"name":"Leonardo Francisco","@id":"https:\/\/redenoticiaz.com.br\/litoralsp\/#\/schema\/person\/0f0b8a5bdafefe82841e07ae8d81ecb3"},"headline":"Arma e proj\u00e9til usada para matar MC Primo em S\u00e3o Vicente era de PM, aponta per\u00edcia","datePublished":"2022-12-06T11:34:35+00:00","mainEntityOfPage":{"@id":"https:\/\/redenoticiaz.com.br\/litoralsp\/2022\/12\/06\/arma-e-projetil-usada-para-matar-mc-primo-em-sao-vicente-era-de-pm-aponta-pericia"},"wordCount":482,"commentCount":0,"publisher":{"@id":"https:\/\/redenoticiaz.com.br\/litoralsp\/#organization"},"image":{"@id":"https:\/\/redenoticiaz.com.br\/litoralsp\/2022\/12\/06\/arma-e-projetil-usada-para-matar-mc-primo-em-sao-vicente-era-de-pm-aponta-pericia#primaryimage"},"thumbnailUrl":"https:\/\/redenoticiaz.com.br\/litoralsp\/wp-content\/uploads\/sites\/3\/2022\/12\/MC-PRIMO.jpg","keywords":["MC PRIMO","Minist\u00e9rio P\u00fablico","policia militar","S\u00e3o Vicente","TRIBUNAL DE JUSTI\u00c7A DE S\u00c3O PAULO"],"articleSection":["Justi\u00e7a","Pol\u00edcia","S\u00e3o Vicente"],"inLanguage":"pt-BR","potentialAction":[{"@type":"CommentAction","name":"Comment","target":["https:\/\/redenoticiaz.com.br\/litoralsp\/2022\/12\/06\/arma-e-projetil-usada-para-matar-mc-primo-em-sao-vicente-era-de-pm-aponta-pericia#respond"]}]},{"@type":"WebPage","@id":"https:\/\/redenoticiaz.com.br\/litoralsp\/2022\/12\/06\/arma-e-projetil-usada-para-matar-mc-primo-em-sao-vicente-era-de-pm-aponta-pericia","url":"https:\/\/redenoticiaz.com.br\/litoralsp\/2022\/12\/06\/arma-e-projetil-usada-para-matar-mc-primo-em-sao-vicente-era-de-pm-aponta-pericia","name":"Arma e proj\u00e9til usada para matar MC Primo em S\u00e3o Vicente era de PM, aponta per\u00edcia - Litoral SP","isPartOf":{"@id":"https:\/\/redenoticiaz.com.br\/litoralsp\/#website"},"primaryImageOfPage":{"@id":"https:\/\/redenoticiaz.com.br\/litoralsp\/2022\/12\/06\/arma-e-projetil-usada-para-matar-mc-primo-em-sao-vicente-era-de-pm-aponta-pericia#primaryimage"},"image":{"@id":"https:\/\/redenoticiaz.com.br\/litoralsp\/2022\/12\/06\/arma-e-projetil-usada-para-matar-mc-primo-em-sao-vicente-era-de-pm-aponta-pericia#primaryimage"},"thumbnailUrl":"https:\/\/redenoticiaz.com.br\/litoralsp\/wp-content\/uploads\/sites\/3\/2022\/12\/MC-PRIMO.jpg","datePublished":"2022-12-06T11:34:35+00:00","description":"proj\u00e9teis encontrado em Jadielson da Silva Almeida, o MC Primo, executado no dia 19 de abril de 2012, era de uma arma de um policial militar. A p","inLanguage":"pt-BR","potentialAction":[{"@type":"ReadAction","target":["https:\/\/redenoticiaz.com.br\/litoralsp\/2022\/12\/06\/arma-e-projetil-usada-para-matar-mc-primo-em-sao-vicente-era-de-pm-aponta-pericia"]}]},{"@type":"ImageObject","inLanguage":"pt-BR","@id":"https:\/\/redenoticiaz.com.br\/litoralsp\/2022\/12\/06\/arma-e-projetil-usada-para-matar-mc-primo-em-sao-vicente-era-de-pm-aponta-pericia#primaryimage","url":"https:\/\/redenoticiaz.com.br\/litoralsp\/wp-content\/uploads\/sites\/3\/2022\/12\/MC-PRIMO.jpg","contentUrl":"https:\/\/redenoticiaz.com.br\/litoralsp\/wp-content\/uploads\/sites\/3\/2022\/12\/MC-PRIMO.jpg","width":551,"height":323,"caption":"Cr\u00e9ditos: Reprodu\u00e7\u00e3o\/Redes Sociais"},{"@type":"WebSite","@id":"https:\/\/redenoticiaz.com.br\/litoralsp\/#website","url":"https:\/\/redenoticiaz.com.br\/litoralsp\/","name":"Litoral SP","description":"Rede NoticiaZ","publisher":{"@id":"https:\/\/redenoticiaz.com.br\/litoralsp\/#organization"},"potentialAction":[{"@type":"SearchAction","target":{"@type":"EntryPoint","urlTemplate":"https:\/\/redenoticiaz.com.br\/litoralsp\/?s={search_term_string}"},"query-input":{"@type":"PropertyValueSpecification","valueRequired":true,"valueName":"search_term_string"}}],"inLanguage":"pt-BR"},{"@type":"Organization","@id":"https:\/\/redenoticiaz.com.br\/litoralsp\/#organization","name":"Litoral SP","url":"https:\/\/redenoticiaz.com.br\/litoralsp\/","logo":{"@type":"ImageObject","inLanguage":"pt-BR","@id":"https:\/\/redenoticiaz.com.br\/litoralsp\/#\/schema\/logo\/image\/","url":"https:\/\/redenoticiaz.com.br\/litoralsp\/wp-content\/uploads\/sites\/3\/2020\/11\/logo.jpg","contentUrl":"https:\/\/redenoticiaz.com.br\/litoralsp\/wp-content\/uploads\/sites\/3\/2020\/11\/logo.jpg","width":400,"height":250,"caption":"Litoral SP"},"image":{"@id":"https:\/\/redenoticiaz.com.br\/litoralsp\/#\/schema\/logo\/image\/"}},{"@type":"Person","@id":"https:\/\/redenoticiaz.com.br\/litoralsp\/#\/schema\/person\/0f0b8a5bdafefe82841e07ae8d81ecb3","name":"Leonardo Francisco","image":{"@type":"ImageObject","inLanguage":"pt-BR","@id":"https:\/\/secure.gravatar.com\/avatar\/a7358cb406a99b682ec6df1e77e31ae82e63601f6784e8a3df411d72b37864da?s=96&d=mm&r=g","url":"https:\/\/secure.gravatar.com\/avatar\/a7358cb406a99b682ec6df1e77e31ae82e63601f6784e8a3df411d72b37864da?s=96&d=mm&r=g","contentUrl":"https:\/\/secure.gravatar.com\/avatar\/a7358cb406a99b682ec6df1e77e31ae82e63601f6784e8a3df411d72b37864da?s=96&d=mm&r=g","caption":"Leonardo Francisco"},"url":"https:\/\/redenoticiaz.com.br\/litoralsp\/author\/leonardo-francisco"}]}},"_links":{"self":[{"href":"https:\/\/redenoticiaz.com.br\/litoralsp\/wp-json\/wp\/v2\/posts\/96573","targetHints":{"allow":["GET"]}}],"collection":[{"href":"https:\/\/redenoticiaz.com.br\/litoralsp\/wp-json\/wp\/v2\/posts"}],"about":[{"href":"https:\/\/redenoticiaz.com.br\/litoralsp\/wp-json\/wp\/v2\/types\/post"}],"author":[{"embeddable":true,"href":"https:\/\/redenoticiaz.com.br\/litoralsp\/wp-json\/wp\/v2\/users\/6"}],"replies":[{"embeddable":true,"href":"https:\/\/redenoticiaz.com.br\/litoralsp\/wp-json\/wp\/v2\/comments?post=96573"}],"version-history":[{"count":1,"href":"https:\/\/redenoticiaz.com.br\/litoralsp\/wp-json\/wp\/v2\/posts\/96573\/revisions"}],"predecessor-version":[{"id":96575,"href":"https:\/\/redenoticiaz.com.br\/litoralsp\/wp-json\/wp\/v2\/posts\/96573\/revisions\/96575"}],"wp:featuredmedia":[{"embeddable":true,"href":"https:\/\/redenoticiaz.com.br\/litoralsp\/wp-json\/wp\/v2\/media\/96574"}],"wp:attachment":[{"href":"https:\/\/redenoticiaz.com.br\/litoralsp\/wp-json\/wp\/v2\/media?parent=96573"}],"wp:term":[{"taxonomy":"category","embeddable":true,"href":"https:\/\/redenoticiaz.com.br\/litoralsp\/wp-json\/wp\/v2\/categories?post=96573"},{"taxonomy":"post_tag","embeddable":true,"href":"https:\/\/redenoticiaz.com.br\/litoralsp\/wp-json\/wp\/v2\/tags?post=96573"}],"curies":[{"name":"wp","href":"https:\/\/api.w.org\/{rel}","templated":true}]}}