{"id":96622,"date":"2022-12-06T18:23:18","date_gmt":"2022-12-06T21:23:18","guid":{"rendered":"https:\/\/redenoticiaz.com.br\/litoralsp\/2022\/12\/06\/portugal-com-cr7-no-banco-vai-as-quartas-de-final-aplicando-um-massacre-na-suica"},"modified":"2022-12-06T18:23:18","modified_gmt":"2022-12-06T21:23:18","slug":"portugal-com-cr7-no-banco-vai-as-quartas-de-final-aplicando-um-massacre-na-suica","status":"publish","type":"post","link":"https:\/\/redenoticiaz.com.br\/litoralsp\/2022\/12\/06\/portugal-com-cr7-no-banco-vai-as-quartas-de-final-aplicando-um-massacre-na-suica","title":{"rendered":"Portugal com CR7 no banco vai \u00e0s quartas de final aplicando um &#8220;massacre&#8221; na Su\u00ed\u00e7a"},"content":{"rendered":"<p>Cristiano Ronaldo sendo colocado no banco de reservas. Equipe vinda de derrota para a Coreia do Sul. O advers\u00e1rio era considerado uma das melhores defesas da Europa. Problema para Portugal? Nada disso. Os portugueses deram um &#8220;massacre&#8221; contra a Su\u00ed\u00e7a e o destaque para o jovem atacante Gon\u00e7alo Ramos, de surpresa na convoca\u00e7\u00e3o, para o protagonista da noite, com tr\u00eas gols nesta ter\u00e7a-feira (6), na <strong>goleada por 6 a 1.<\/strong><\/p>\n<p>O jogo come\u00e7ou com a grande surpresa de que o CR7 iniciou a partida no banco de reservas. Entre os motivos pela op\u00e7\u00e3o do t\u00e9cnico Fernando Santos, esteve as quest\u00f5es disciplinares. O escolhido foi Gon\u00e7alo Ramos. Nada que dificultasse o desempenho dos lusitanos.<\/p>\n<p>O primeiro tempo foi de Portugal apresentando um bom<span class=\"sc-eJoaVz etUUWk\"> futebol coletivo e n\u00e3o teve dificuldades para abrir 2 a 0 sobre a Su\u00ed\u00e7a. E foi justamente o substituto de CR7, o jovem Gon\u00e7alo Ramos, quem abriu o placar: aos 16 minutos, o atacante de 21 anos recebeu na \u00e1rea, girou e bateu forte de esquerda. O segundo gol saiu aos 32, marcado pelo veteran\u00edssimo zagueiro Pepe, de 39 anos, completando de cabe\u00e7a escanteio de Bruno Fernandes.<\/span><\/p>\n<p>O show continuou no segundo tempo e logo aos tr\u00eas minutos, mais um gol de Gon\u00e7alo Ramos. <span class=\"sc-eJoaVz dQbUbh\">Diogo Dalot fez boa jogada pela direita, driblou e cruzou rasteiro para Gon\u00e7alo tocar de p\u00e9 esquerdo na pequena \u00e1rea, por baixo do goleiro Sommer. E n\u00e3o demorou para o quarto gol acontecer, agora com Rapha\u00ebl Guerreiro que recebeu livre na \u00e1rea e\u00a0 bateu forte.<\/span><\/p>\n<p><span class=\"sc-eJoaVz etUUWk\">Akanji ainda chegou a descontar para os su\u00ed\u00e7os. Mas os portugueses n\u00e3o pararam e mais um gol de Gon\u00e7alo Ramos aconteceu. Jo\u00e3o F\u00e9lix recebeu, passou para o artilheiro da noite<span class=\"sc-eJoaVz dQbUbh\"> que dominou e mandou de cavadinha o seu terceiro gol na partida. <\/span><br \/>\n<\/span><\/p>\n<p>Cristiano Ronaldo chegou a entrar em campo, atendendo o clamor da torcida presente no Est\u00e1dio Lusail. Mas quem fez o sexto gol foi Rafael Le\u00e3o. Ele foi <span class=\"sc-eJoaVz dQbUbh\">lan\u00e7ado na \u00e1rea pela esquerda, driblou o marcador e acertou um bonito chute cruzado, no canto esquerdo de Sommer: 6 a 1.<\/span><\/p>\n<h3>Marrocos pela frente<\/h3>\n<p><span class=\"sc-eJoaVz etUUWk\">A vit\u00f3ria de Portugal encerrou a fase de oitavas de final e definiu o \u00faltimo duelo das quartas. S\u00e1bado (10), o time de Fernando Santos vai enfrentar Marrocos, que eliminou a Espanha nos p\u00eanaltis, tamb\u00e9m nesta ter\u00e7a.<\/span><\/p>\n<p><span class=\"sc-eJoaVz etUUWk\"> Os outros jogos das quartas s\u00e3o Brasil x Cro\u00e1cia, Holanda x Argentina (as duas partidas na sexta-feira) e Inglaterra x Fran\u00e7a, no s\u00e1bado.<\/span><\/p>\n<p><strong>LEIA TAMB\u00c9M<\/strong><\/p>\n<p><a href=\"https:\/\/redenoticiaz.com.br\/blog\/2022\/12\/06\/goleiro-do-sevilla-brilha-nos-penaltis-e-marrocos-elimina-espanha\">Goleiro do Sevilla brilha nos p\u00eanaltis e Marrocos elimina Espanha<\/a><\/p>\n","protected":false},"excerpt":{"rendered":"<p>Cristiano Ronaldo sendo colocado no banco de reservas. Equipe vinda de derrota para a Coreia do Sul. O advers\u00e1rio era considerado uma das melhores defesas da Europa. Problema para Portugal? Nada disso. Os portugueses deram um &#8220;massacre&#8221; contra a Su\u00ed\u00e7a e o destaque para o jovem atacante Gon\u00e7alo Ramos, de surpresa na convoca\u00e7\u00e3o, para o &hellip;<\/p>\n","protected":false},"author":6,"featured_media":96623,"comment_status":"open","ping_status":"closed","sticky":false,"template":"","format":"standard","meta":{"footnotes":""},"categories":[60418],"tags":[54788,51123,61596,2017,14643,53112],"class_list":["post-96622","post","type-post","status-publish","format-standard","has-post-thumbnail","hentry","category-copa","tag-copa-do-mundo-2022","tag-copa-do-mundo-qatar-2022","tag-goncalo-ramos","tag-oitavas-de-final","tag-portugal","tag-suica"],"yoast_head":"<!-- This site is optimized with the Yoast SEO plugin v27.4 - https:\/\/yoast.com\/product\/yoast-seo-wordpress\/ -->\n<title>Portugal com CR7 no banco vai \u00e0s quartas de final aplicando um &#8220;massacre&#8221; na Su\u00ed\u00e7a - Litoral SP<\/title>\n<meta name=\"description\" content=\"come\u00e7ou com a grande surpresa de que o CR7 iniciou a partida no banco de reservas. Entre os motivos pela op\u00e7\u00e3o do t\u00e9cnico Fernando Santos,\" \/>\n<meta name=\"robots\" content=\"index, follow, max-snippet:-1, max-image-preview:large, max-video-preview:-1\" \/>\n<link rel=\"canonical\" href=\"https:\/\/redenoticiaz.com.br\/litoralsp\/2022\/12\/06\/portugal-com-cr7-no-banco-vai-as-quartas-de-final-aplicando-um-massacre-na-suica\" \/>\n<meta property=\"og:locale\" content=\"pt_BR\" \/>\n<meta property=\"og:type\" content=\"article\" \/>\n<meta property=\"og:title\" content=\"Portugal com CR7 no banco vai \u00e0s quartas de final aplicando um &#8220;massacre&#8221; na Su\u00ed\u00e7a - Litoral SP\" \/>\n<meta property=\"og:description\" content=\"come\u00e7ou com a grande surpresa de que o CR7 iniciou a partida no banco de reservas. Entre os motivos pela op\u00e7\u00e3o do t\u00e9cnico Fernando Santos,\" \/>\n<meta property=\"og:url\" content=\"https:\/\/redenoticiaz.com.br\/litoralsp\/2022\/12\/06\/portugal-com-cr7-no-banco-vai-as-quartas-de-final-aplicando-um-massacre-na-suica\" \/>\n<meta property=\"og:site_name\" content=\"Litoral SP\" \/>\n<meta property=\"article:published_time\" content=\"2022-12-06T21:23:18+00:00\" \/>\n<meta name=\"author\" content=\"Leonardo Francisco\" \/>\n<meta name=\"twitter:card\" content=\"summary_large_image\" \/>\n<meta name=\"twitter:image\" content=\"https:\/\/redenoticiaz.com.br\/litoralsp\/wp-content\/uploads\/sites\/3\/2022\/12\/goncalo-ramos.jpg?v=1670361745\" \/>\n<meta name=\"twitter:label1\" content=\"Escrito por\" \/>\n\t<meta name=\"twitter:data1\" content=\"Leonardo Francisco\" \/>\n\t<meta name=\"twitter:label2\" content=\"Est. tempo de leitura\" \/>\n\t<meta name=\"twitter:data2\" content=\"3 minutos\" \/>\n<script type=\"application\/ld+json\" class=\"yoast-schema-graph\">{\"@context\":\"https:\\\/\\\/schema.org\",\"@graph\":[{\"@type\":\"Article\",\"@id\":\"https:\\\/\\\/redenoticiaz.com.br\\\/litoralsp\\\/2022\\\/12\\\/06\\\/portugal-com-cr7-no-banco-vai-as-quartas-de-final-aplicando-um-massacre-na-suica#article\",\"isPartOf\":{\"@id\":\"https:\\\/\\\/redenoticiaz.com.br\\\/litoralsp\\\/2022\\\/12\\\/06\\\/portugal-com-cr7-no-banco-vai-as-quartas-de-final-aplicando-um-massacre-na-suica\"},\"author\":{\"name\":\"Leonardo Francisco\",\"@id\":\"https:\\\/\\\/redenoticiaz.com.br\\\/litoralsp\\\/#\\\/schema\\\/person\\\/0f0b8a5bdafefe82841e07ae8d81ecb3\"},\"headline\":\"Portugal com CR7 no banco vai \u00e0s quartas de final aplicando um &#8220;massacre&#8221; na Su\u00ed\u00e7a\",\"datePublished\":\"2022-12-06T21:23:18+00:00\",\"mainEntityOfPage\":{\"@id\":\"https:\\\/\\\/redenoticiaz.com.br\\\/litoralsp\\\/2022\\\/12\\\/06\\\/portugal-com-cr7-no-banco-vai-as-quartas-de-final-aplicando-um-massacre-na-suica\"},\"wordCount\":461,\"commentCount\":0,\"publisher\":{\"@id\":\"https:\\\/\\\/redenoticiaz.com.br\\\/litoralsp\\\/#organization\"},\"image\":{\"@id\":\"https:\\\/\\\/redenoticiaz.com.br\\\/litoralsp\\\/2022\\\/12\\\/06\\\/portugal-com-cr7-no-banco-vai-as-quartas-de-final-aplicando-um-massacre-na-suica#primaryimage\"},\"thumbnailUrl\":\"https:\\\/\\\/redenoticiaz.com.br\\\/litoralsp\\\/wp-content\\\/uploads\\\/sites\\\/3\\\/2022\\\/12\\\/goncalo-ramos.jpg?v=1670361745\",\"keywords\":[\"COPA DO MUNDO 2022\",\"COPA DO MUNDO QATAR 2022\",\"GON\u00c7ALO RAMOS\",\"OITAVAS DE FINAL\",\"PORTUGAL\",\"SU\u00cd\u00c7A\"],\"articleSection\":[\"Copa\"],\"inLanguage\":\"pt-BR\",\"potentialAction\":[{\"@type\":\"CommentAction\",\"name\":\"Comment\",\"target\":[\"https:\\\/\\\/redenoticiaz.com.br\\\/litoralsp\\\/2022\\\/12\\\/06\\\/portugal-com-cr7-no-banco-vai-as-quartas-de-final-aplicando-um-massacre-na-suica#respond\"]}]},{\"@type\":\"WebPage\",\"@id\":\"https:\\\/\\\/redenoticiaz.com.br\\\/litoralsp\\\/2022\\\/12\\\/06\\\/portugal-com-cr7-no-banco-vai-as-quartas-de-final-aplicando-um-massacre-na-suica\",\"url\":\"https:\\\/\\\/redenoticiaz.com.br\\\/litoralsp\\\/2022\\\/12\\\/06\\\/portugal-com-cr7-no-banco-vai-as-quartas-de-final-aplicando-um-massacre-na-suica\",\"name\":\"Portugal com CR7 no banco vai \u00e0s quartas de final aplicando um &#8220;massacre&#8221; na Su\u00ed\u00e7a - Litoral SP\",\"isPartOf\":{\"@id\":\"https:\\\/\\\/redenoticiaz.com.br\\\/litoralsp\\\/#website\"},\"primaryImageOfPage\":{\"@id\":\"https:\\\/\\\/redenoticiaz.com.br\\\/litoralsp\\\/2022\\\/12\\\/06\\\/portugal-com-cr7-no-banco-vai-as-quartas-de-final-aplicando-um-massacre-na-suica#primaryimage\"},\"image\":{\"@id\":\"https:\\\/\\\/redenoticiaz.com.br\\\/litoralsp\\\/2022\\\/12\\\/06\\\/portugal-com-cr7-no-banco-vai-as-quartas-de-final-aplicando-um-massacre-na-suica#primaryimage\"},\"thumbnailUrl\":\"https:\\\/\\\/redenoticiaz.com.br\\\/litoralsp\\\/wp-content\\\/uploads\\\/sites\\\/3\\\/2022\\\/12\\\/goncalo-ramos.jpg?v=1670361745\",\"datePublished\":\"2022-12-06T21:23:18+00:00\",\"description\":\"come\u00e7ou com a grande surpresa de que o CR7 iniciou a partida no banco de reservas. Entre os motivos pela op\u00e7\u00e3o do t\u00e9cnico Fernando Santos,\",\"inLanguage\":\"pt-BR\",\"potentialAction\":[{\"@type\":\"ReadAction\",\"target\":[\"https:\\\/\\\/redenoticiaz.com.br\\\/litoralsp\\\/2022\\\/12\\\/06\\\/portugal-com-cr7-no-banco-vai-as-quartas-de-final-aplicando-um-massacre-na-suica\"]}]},{\"@type\":\"ImageObject\",\"inLanguage\":\"pt-BR\",\"@id\":\"https:\\\/\\\/redenoticiaz.com.br\\\/litoralsp\\\/2022\\\/12\\\/06\\\/portugal-com-cr7-no-banco-vai-as-quartas-de-final-aplicando-um-massacre-na-suica#primaryimage\",\"url\":\"https:\\\/\\\/redenoticiaz.com.br\\\/litoralsp\\\/wp-content\\\/uploads\\\/sites\\\/3\\\/2022\\\/12\\\/goncalo-ramos.jpg?v=1670361745\",\"contentUrl\":\"https:\\\/\\\/redenoticiaz.com.br\\\/litoralsp\\\/wp-content\\\/uploads\\\/sites\\\/3\\\/2022\\\/12\\\/goncalo-ramos.jpg?v=1670361745\",\"width\":680,\"height\":475,\"caption\":\"Cr\u00e9ditos: Reprodu\u00e7\u00e3o\\\/Reuters\"},{\"@type\":\"WebSite\",\"@id\":\"https:\\\/\\\/redenoticiaz.com.br\\\/litoralsp\\\/#website\",\"url\":\"https:\\\/\\\/redenoticiaz.com.br\\\/litoralsp\\\/\",\"name\":\"Litoral SP\",\"description\":\"Rede NoticiaZ\",\"publisher\":{\"@id\":\"https:\\\/\\\/redenoticiaz.com.br\\\/litoralsp\\\/#organization\"},\"potentialAction\":[{\"@type\":\"SearchAction\",\"target\":{\"@type\":\"EntryPoint\",\"urlTemplate\":\"https:\\\/\\\/redenoticiaz.com.br\\\/litoralsp\\\/?s={search_term_string}\"},\"query-input\":{\"@type\":\"PropertyValueSpecification\",\"valueRequired\":true,\"valueName\":\"search_term_string\"}}],\"inLanguage\":\"pt-BR\"},{\"@type\":\"Organization\",\"@id\":\"https:\\\/\\\/redenoticiaz.com.br\\\/litoralsp\\\/#organization\",\"name\":\"Litoral SP\",\"url\":\"https:\\\/\\\/redenoticiaz.com.br\\\/litoralsp\\\/\",\"logo\":{\"@type\":\"ImageObject\",\"inLanguage\":\"pt-BR\",\"@id\":\"https:\\\/\\\/redenoticiaz.com.br\\\/litoralsp\\\/#\\\/schema\\\/logo\\\/image\\\/\",\"url\":\"https:\\\/\\\/redenoticiaz.com.br\\\/litoralsp\\\/wp-content\\\/uploads\\\/sites\\\/3\\\/2020\\\/11\\\/logo.jpg\",\"contentUrl\":\"https:\\\/\\\/redenoticiaz.com.br\\\/litoralsp\\\/wp-content\\\/uploads\\\/sites\\\/3\\\/2020\\\/11\\\/logo.jpg\",\"width\":400,\"height\":250,\"caption\":\"Litoral SP\"},\"image\":{\"@id\":\"https:\\\/\\\/redenoticiaz.com.br\\\/litoralsp\\\/#\\\/schema\\\/logo\\\/image\\\/\"}},{\"@type\":\"Person\",\"@id\":\"https:\\\/\\\/redenoticiaz.com.br\\\/litoralsp\\\/#\\\/schema\\\/person\\\/0f0b8a5bdafefe82841e07ae8d81ecb3\",\"name\":\"Leonardo Francisco\",\"image\":{\"@type\":\"ImageObject\",\"inLanguage\":\"pt-BR\",\"@id\":\"https:\\\/\\\/secure.gravatar.com\\\/avatar\\\/a7358cb406a99b682ec6df1e77e31ae82e63601f6784e8a3df411d72b37864da?s=96&d=mm&r=g\",\"url\":\"https:\\\/\\\/secure.gravatar.com\\\/avatar\\\/a7358cb406a99b682ec6df1e77e31ae82e63601f6784e8a3df411d72b37864da?s=96&d=mm&r=g\",\"contentUrl\":\"https:\\\/\\\/secure.gravatar.com\\\/avatar\\\/a7358cb406a99b682ec6df1e77e31ae82e63601f6784e8a3df411d72b37864da?s=96&d=mm&r=g\",\"caption\":\"Leonardo Francisco\"},\"url\":\"https:\\\/\\\/redenoticiaz.com.br\\\/litoralsp\\\/author\\\/leonardo-francisco\"}]}<\/script>\n<!-- \/ Yoast SEO plugin. -->","yoast_head_json":{"title":"Portugal com CR7 no banco vai \u00e0s quartas de final aplicando um &#8220;massacre&#8221; na Su\u00ed\u00e7a - Litoral SP","description":"come\u00e7ou com a grande surpresa de que o CR7 iniciou a partida no banco de reservas. Entre os motivos pela op\u00e7\u00e3o do t\u00e9cnico Fernando Santos,","robots":{"index":"index","follow":"follow","max-snippet":"max-snippet:-1","max-image-preview":"max-image-preview:large","max-video-preview":"max-video-preview:-1"},"canonical":"https:\/\/redenoticiaz.com.br\/litoralsp\/2022\/12\/06\/portugal-com-cr7-no-banco-vai-as-quartas-de-final-aplicando-um-massacre-na-suica","og_locale":"pt_BR","og_type":"article","og_title":"Portugal com CR7 no banco vai \u00e0s quartas de final aplicando um &#8220;massacre&#8221; na Su\u00ed\u00e7a - Litoral SP","og_description":"come\u00e7ou com a grande surpresa de que o CR7 iniciou a partida no banco de reservas. Entre os motivos pela op\u00e7\u00e3o do t\u00e9cnico Fernando Santos,","og_url":"https:\/\/redenoticiaz.com.br\/litoralsp\/2022\/12\/06\/portugal-com-cr7-no-banco-vai-as-quartas-de-final-aplicando-um-massacre-na-suica","og_site_name":"Litoral SP","article_published_time":"2022-12-06T21:23:18+00:00","author":"Leonardo Francisco","twitter_card":"summary_large_image","twitter_image":"https:\/\/redenoticiaz.com.br\/litoralsp\/wp-content\/uploads\/sites\/3\/2022\/12\/goncalo-ramos.jpg?v=1670361745","twitter_misc":{"Escrito por":"Leonardo Francisco","Est. tempo de leitura":"3 minutos"},"schema":{"@context":"https:\/\/schema.org","@graph":[{"@type":"Article","@id":"https:\/\/redenoticiaz.com.br\/litoralsp\/2022\/12\/06\/portugal-com-cr7-no-banco-vai-as-quartas-de-final-aplicando-um-massacre-na-suica#article","isPartOf":{"@id":"https:\/\/redenoticiaz.com.br\/litoralsp\/2022\/12\/06\/portugal-com-cr7-no-banco-vai-as-quartas-de-final-aplicando-um-massacre-na-suica"},"author":{"name":"Leonardo Francisco","@id":"https:\/\/redenoticiaz.com.br\/litoralsp\/#\/schema\/person\/0f0b8a5bdafefe82841e07ae8d81ecb3"},"headline":"Portugal com CR7 no banco vai \u00e0s quartas de final aplicando um &#8220;massacre&#8221; na Su\u00ed\u00e7a","datePublished":"2022-12-06T21:23:18+00:00","mainEntityOfPage":{"@id":"https:\/\/redenoticiaz.com.br\/litoralsp\/2022\/12\/06\/portugal-com-cr7-no-banco-vai-as-quartas-de-final-aplicando-um-massacre-na-suica"},"wordCount":461,"commentCount":0,"publisher":{"@id":"https:\/\/redenoticiaz.com.br\/litoralsp\/#organization"},"image":{"@id":"https:\/\/redenoticiaz.com.br\/litoralsp\/2022\/12\/06\/portugal-com-cr7-no-banco-vai-as-quartas-de-final-aplicando-um-massacre-na-suica#primaryimage"},"thumbnailUrl":"https:\/\/redenoticiaz.com.br\/litoralsp\/wp-content\/uploads\/sites\/3\/2022\/12\/goncalo-ramos.jpg?v=1670361745","keywords":["COPA DO MUNDO 2022","COPA DO MUNDO QATAR 2022","GON\u00c7ALO RAMOS","OITAVAS DE FINAL","PORTUGAL","SU\u00cd\u00c7A"],"articleSection":["Copa"],"inLanguage":"pt-BR","potentialAction":[{"@type":"CommentAction","name":"Comment","target":["https:\/\/redenoticiaz.com.br\/litoralsp\/2022\/12\/06\/portugal-com-cr7-no-banco-vai-as-quartas-de-final-aplicando-um-massacre-na-suica#respond"]}]},{"@type":"WebPage","@id":"https:\/\/redenoticiaz.com.br\/litoralsp\/2022\/12\/06\/portugal-com-cr7-no-banco-vai-as-quartas-de-final-aplicando-um-massacre-na-suica","url":"https:\/\/redenoticiaz.com.br\/litoralsp\/2022\/12\/06\/portugal-com-cr7-no-banco-vai-as-quartas-de-final-aplicando-um-massacre-na-suica","name":"Portugal com CR7 no banco vai \u00e0s quartas de final aplicando um &#8220;massacre&#8221; na Su\u00ed\u00e7a - Litoral SP","isPartOf":{"@id":"https:\/\/redenoticiaz.com.br\/litoralsp\/#website"},"primaryImageOfPage":{"@id":"https:\/\/redenoticiaz.com.br\/litoralsp\/2022\/12\/06\/portugal-com-cr7-no-banco-vai-as-quartas-de-final-aplicando-um-massacre-na-suica#primaryimage"},"image":{"@id":"https:\/\/redenoticiaz.com.br\/litoralsp\/2022\/12\/06\/portugal-com-cr7-no-banco-vai-as-quartas-de-final-aplicando-um-massacre-na-suica#primaryimage"},"thumbnailUrl":"https:\/\/redenoticiaz.com.br\/litoralsp\/wp-content\/uploads\/sites\/3\/2022\/12\/goncalo-ramos.jpg?v=1670361745","datePublished":"2022-12-06T21:23:18+00:00","description":"come\u00e7ou com a grande surpresa de que o CR7 iniciou a partida no banco de reservas. Entre os motivos pela op\u00e7\u00e3o do t\u00e9cnico Fernando Santos,","inLanguage":"pt-BR","potentialAction":[{"@type":"ReadAction","target":["https:\/\/redenoticiaz.com.br\/litoralsp\/2022\/12\/06\/portugal-com-cr7-no-banco-vai-as-quartas-de-final-aplicando-um-massacre-na-suica"]}]},{"@type":"ImageObject","inLanguage":"pt-BR","@id":"https:\/\/redenoticiaz.com.br\/litoralsp\/2022\/12\/06\/portugal-com-cr7-no-banco-vai-as-quartas-de-final-aplicando-um-massacre-na-suica#primaryimage","url":"https:\/\/redenoticiaz.com.br\/litoralsp\/wp-content\/uploads\/sites\/3\/2022\/12\/goncalo-ramos.jpg?v=1670361745","contentUrl":"https:\/\/redenoticiaz.com.br\/litoralsp\/wp-content\/uploads\/sites\/3\/2022\/12\/goncalo-ramos.jpg?v=1670361745","width":680,"height":475,"caption":"Cr\u00e9ditos: Reprodu\u00e7\u00e3o\/Reuters"},{"@type":"WebSite","@id":"https:\/\/redenoticiaz.com.br\/litoralsp\/#website","url":"https:\/\/redenoticiaz.com.br\/litoralsp\/","name":"Litoral SP","description":"Rede NoticiaZ","publisher":{"@id":"https:\/\/redenoticiaz.com.br\/litoralsp\/#organization"},"potentialAction":[{"@type":"SearchAction","target":{"@type":"EntryPoint","urlTemplate":"https:\/\/redenoticiaz.com.br\/litoralsp\/?s={search_term_string}"},"query-input":{"@type":"PropertyValueSpecification","valueRequired":true,"valueName":"search_term_string"}}],"inLanguage":"pt-BR"},{"@type":"Organization","@id":"https:\/\/redenoticiaz.com.br\/litoralsp\/#organization","name":"Litoral SP","url":"https:\/\/redenoticiaz.com.br\/litoralsp\/","logo":{"@type":"ImageObject","inLanguage":"pt-BR","@id":"https:\/\/redenoticiaz.com.br\/litoralsp\/#\/schema\/logo\/image\/","url":"https:\/\/redenoticiaz.com.br\/litoralsp\/wp-content\/uploads\/sites\/3\/2020\/11\/logo.jpg","contentUrl":"https:\/\/redenoticiaz.com.br\/litoralsp\/wp-content\/uploads\/sites\/3\/2020\/11\/logo.jpg","width":400,"height":250,"caption":"Litoral SP"},"image":{"@id":"https:\/\/redenoticiaz.com.br\/litoralsp\/#\/schema\/logo\/image\/"}},{"@type":"Person","@id":"https:\/\/redenoticiaz.com.br\/litoralsp\/#\/schema\/person\/0f0b8a5bdafefe82841e07ae8d81ecb3","name":"Leonardo Francisco","image":{"@type":"ImageObject","inLanguage":"pt-BR","@id":"https:\/\/secure.gravatar.com\/avatar\/a7358cb406a99b682ec6df1e77e31ae82e63601f6784e8a3df411d72b37864da?s=96&d=mm&r=g","url":"https:\/\/secure.gravatar.com\/avatar\/a7358cb406a99b682ec6df1e77e31ae82e63601f6784e8a3df411d72b37864da?s=96&d=mm&r=g","contentUrl":"https:\/\/secure.gravatar.com\/avatar\/a7358cb406a99b682ec6df1e77e31ae82e63601f6784e8a3df411d72b37864da?s=96&d=mm&r=g","caption":"Leonardo Francisco"},"url":"https:\/\/redenoticiaz.com.br\/litoralsp\/author\/leonardo-francisco"}]}},"_links":{"self":[{"href":"https:\/\/redenoticiaz.com.br\/litoralsp\/wp-json\/wp\/v2\/posts\/96622","targetHints":{"allow":["GET"]}}],"collection":[{"href":"https:\/\/redenoticiaz.com.br\/litoralsp\/wp-json\/wp\/v2\/posts"}],"about":[{"href":"https:\/\/redenoticiaz.com.br\/litoralsp\/wp-json\/wp\/v2\/types\/post"}],"author":[{"embeddable":true,"href":"https:\/\/redenoticiaz.com.br\/litoralsp\/wp-json\/wp\/v2\/users\/6"}],"replies":[{"embeddable":true,"href":"https:\/\/redenoticiaz.com.br\/litoralsp\/wp-json\/wp\/v2\/comments?post=96622"}],"version-history":[{"count":0,"href":"https:\/\/redenoticiaz.com.br\/litoralsp\/wp-json\/wp\/v2\/posts\/96622\/revisions"}],"wp:featuredmedia":[{"embeddable":true,"href":"https:\/\/redenoticiaz.com.br\/litoralsp\/wp-json\/wp\/v2\/media\/96623"}],"wp:attachment":[{"href":"https:\/\/redenoticiaz.com.br\/litoralsp\/wp-json\/wp\/v2\/media?parent=96622"}],"wp:term":[{"taxonomy":"category","embeddable":true,"href":"https:\/\/redenoticiaz.com.br\/litoralsp\/wp-json\/wp\/v2\/categories?post=96622"},{"taxonomy":"post_tag","embeddable":true,"href":"https:\/\/redenoticiaz.com.br\/litoralsp\/wp-json\/wp\/v2\/tags?post=96622"}],"curies":[{"name":"wp","href":"https:\/\/api.w.org\/{rel}","templated":true}]}}