{"id":96629,"date":"2022-12-10T15:00:15","date_gmt":"2022-12-10T18:00:15","guid":{"rendered":"https:\/\/redenoticiaz.com.br\/litoralsp\/?p=96629"},"modified":"2022-12-06T19:55:43","modified_gmt":"2022-12-06T22:55:43","slug":"lula-presidente-quais-sao-as-tendencias-para-o-mercado-de-trabalho-em-2023","status":"publish","type":"post","link":"https:\/\/redenoticiaz.com.br\/litoralsp\/2022\/12\/10\/lula-presidente-quais-sao-as-tendencias-para-o-mercado-de-trabalho-em-2023","title":{"rendered":"Lula presidente: quais s\u00e3o as tend\u00eancias para o mercado de trabalho em 2023?"},"content":{"rendered":"<p>Em 2023 o Brasil ter\u00e1 Luiz In\u00e1cio Lula da Silva (PT) ocupando a cadeira presidencial em seu 3\u00b0 mandato ap\u00f3s vencer uma disputa apertada contra Jair Bolsonaro (PL). Diante deste cen\u00e1rio, o novo ano deve trazer tamb\u00e9m algumas mudan\u00e7as no cen\u00e1rio trabalhista.<\/p>\n<p>Um dos grandes desafios do novo governo \u00e9 diminuir ainda mais a taxa de desemprego, que apresenta queda nos \u00faltimos meses. De acordo com o estudo do IBGE (Instituto Brasileiro de Geografia e Estat\u00edstica), realizado em outubro, o pa\u00eds possui 8,7% de desempregados.<\/p>\n<p>\u201cA garantia dos direitos dos trabalhadores com normas claras proporcionam seguran\u00e7a para colaboradores e empresas, que tornam-se capazes de mobilizar e impulsionar o trabalho formal, criando novos empregos\u201d, opina Alessandra Cobo, advogada do escrit\u00f3rio Aparecido e In\u00e1cio Pereira Advogados Associados.<\/p>\n<p>No per\u00edodo em que Lula governou o pa\u00eds, os trabalhadores brasileiros puderam notar melhorias na qualidade de vida e no sal\u00e1rio m\u00ednimo, muito por conta tamb\u00e9m do processo de crescimento que o pa\u00eds atravessava naquele momento.<\/p>\n<p>\u201cAs propostas de Lula, se concretizadas, podem trazer novos cen\u00e1rios para o trabalhador em 2023, por buscar a diminui\u00e7\u00e3o dos empregos informais e consequentemente o aumento dos trabalhos formais, com todos os direitos do trabalhador envolvidos\u201d, explica Alessandra.<\/p>\n<p><strong>Poss\u00edvel retorno do Minist\u00e9rio do Trabalho<\/strong><\/p>\n<p>Ap\u00f3s a elei\u00e7\u00e3o de Jair Bolsonaro, o Minist\u00e9rio do Trabalho foi extinto em 2019, tornando-se uma secretaria especial do Minist\u00e9rio da Economia. Em 2021, foi recriado oficialmente, desta vez denominado de Minist\u00e9rio do Trabalho e Previd\u00eancia.<\/p>\n<p>Com a vit\u00f3ria de Lula, a tend\u00eancia \u00e9 de que a pasta volte a ser exclusivamente voltada para o setor trabalhista. \u201cO retorno do Minist\u00e9rio do Trabalho permitir\u00e1 fixar com maior praticidade as diretrizes, al\u00e9m de fiscalizar o cumprimento das normas, com a finalidade de manter o equil\u00edbrio nas rela\u00e7\u00f5es trabalhistas e o cuidado com a taxa do emprego formal no pa\u00eds\u201d, conta a advogada.<\/p>\n<p><strong>Pejotiza\u00e7\u00e3o e regulamenta\u00e7\u00e3o de profiss\u00f5es<\/strong><\/p>\n<p>Uma das grandes tend\u00eancias ap\u00f3s a reforma trabalhista foi o crescimento do n\u00famero de profissionais cadastrados como \u201cPJ\u201d, pessoas jur\u00eddicas que fornecem trabalho para empresas, como MEI (microempreendedor individual) ou de outras maneiras.<\/p>\n<p>De acordo com uma pesquisa do IBGE, a quantidade de empregados no pa\u00eds sem carteira assinada no setor privado atingiu 12,5 milh\u00f5es de pessoas ao fim do primeiro trimestre deste ano.<\/p>\n<p>Leia mais<\/p>\n<p><a href=\"https:\/\/redenoticiaz.com.br\/blog\/2022\/11\/21\/lula-passa-por-cirurgia-na-laringe-em-sao-paulo-e-recebe-alta\">Jovem \u00e9 preso ap\u00f3s roubar celular em Jundia\u00ed<\/a><\/p>\n","protected":false},"excerpt":{"rendered":"<p>Em 2023 o Brasil ter\u00e1 Luiz In\u00e1cio Lula da Silva (PT) ocupando a cadeira presidencial em seu 3\u00b0 mandato ap\u00f3s vencer uma disputa apertada contra Jair Bolsonaro (PL). Diante deste cen\u00e1rio, o novo ano deve trazer tamb\u00e9m algumas mudan\u00e7as no cen\u00e1rio trabalhista. Um dos grandes desafios do novo governo \u00e9 diminuir ainda mais a taxa &hellip;<\/p>\n","protected":false},"author":12,"featured_media":94491,"comment_status":"open","ping_status":"closed","sticky":false,"template":"","format":"standard","meta":{"footnotes":""},"categories":[2795],"tags":[9213,9214,4170,31446],"class_list":["post-96629","post","type-post","status-publish","format-standard","has-post-thumbnail","hentry","category-trabalho","tag-desafios","tag-emprego","tag-lula","tag-trabalho"],"yoast_head":"<!-- This site is optimized with the Yoast SEO plugin v27.5 - https:\/\/yoast.com\/product\/yoast-seo-wordpress\/ -->\n<title>Lula presidente: quais s\u00e3o as tend\u00eancias para o mercado de trabalho em 2023? - Litoral SP<\/title>\n<meta name=\"description\" content=\"Um dos grandes desafios do novo governo \u00e9 diminuir ainda mais a taxa de desemprego, que apresenta queda nos \u00faltimos meses.\" \/>\n<meta name=\"robots\" content=\"index, follow, max-snippet:-1, max-image-preview:large, max-video-preview:-1\" \/>\n<link rel=\"canonical\" href=\"https:\/\/redenoticiaz.com.br\/litoralsp\/2022\/12\/10\/lula-presidente-quais-sao-as-tendencias-para-o-mercado-de-trabalho-em-2023\" \/>\n<meta property=\"og:locale\" content=\"pt_BR\" \/>\n<meta property=\"og:type\" content=\"article\" \/>\n<meta property=\"og:title\" content=\"Lula presidente: quais s\u00e3o as tend\u00eancias para o mercado de trabalho em 2023? - Litoral SP\" \/>\n<meta property=\"og:description\" content=\"Um dos grandes desafios do novo governo \u00e9 diminuir ainda mais a taxa de desemprego, que apresenta queda nos \u00faltimos meses.\" \/>\n<meta property=\"og:url\" content=\"https:\/\/redenoticiaz.com.br\/litoralsp\/2022\/12\/10\/lula-presidente-quais-sao-as-tendencias-para-o-mercado-de-trabalho-em-2023\" \/>\n<meta property=\"og:site_name\" content=\"Litoral SP\" \/>\n<meta property=\"article:published_time\" content=\"2022-12-10T18:00:15+00:00\" \/>\n<meta property=\"og:image\" content=\"https:\/\/redenoticiaz.com.br\/litoralsp\/wp-content\/uploads\/sites\/3\/2022\/11\/LULA.jpg?v=1667564580\" \/>\n\t<meta property=\"og:image:width\" content=\"797\" \/>\n\t<meta property=\"og:image:height\" content=\"469\" \/>\n\t<meta property=\"og:image:type\" content=\"image\/jpeg\" \/>\n<meta name=\"author\" content=\"Gustavo Silva\" \/>\n<meta name=\"twitter:card\" content=\"summary_large_image\" \/>\n<meta name=\"twitter:label1\" content=\"Escrito por\" \/>\n\t<meta name=\"twitter:data1\" content=\"Gustavo Silva\" \/>\n\t<meta name=\"twitter:label2\" content=\"Est. tempo de leitura\" \/>\n\t<meta name=\"twitter:data2\" content=\"3 minutos\" \/>\n<script type=\"application\/ld+json\" class=\"yoast-schema-graph\">{\"@context\":\"https:\\\/\\\/schema.org\",\"@graph\":[{\"@type\":\"Article\",\"@id\":\"https:\\\/\\\/redenoticiaz.com.br\\\/litoralsp\\\/2022\\\/12\\\/10\\\/lula-presidente-quais-sao-as-tendencias-para-o-mercado-de-trabalho-em-2023#article\",\"isPartOf\":{\"@id\":\"https:\\\/\\\/redenoticiaz.com.br\\\/litoralsp\\\/2022\\\/12\\\/10\\\/lula-presidente-quais-sao-as-tendencias-para-o-mercado-de-trabalho-em-2023\"},\"author\":{\"name\":\"Gustavo Silva\",\"@id\":\"https:\\\/\\\/redenoticiaz.com.br\\\/litoralsp\\\/#\\\/schema\\\/person\\\/16057b37a3c0ee6b096d7f887c566e2e\"},\"headline\":\"Lula presidente: quais s\u00e3o as tend\u00eancias para o mercado de trabalho em 2023?\",\"datePublished\":\"2022-12-10T18:00:15+00:00\",\"mainEntityOfPage\":{\"@id\":\"https:\\\/\\\/redenoticiaz.com.br\\\/litoralsp\\\/2022\\\/12\\\/10\\\/lula-presidente-quais-sao-as-tendencias-para-o-mercado-de-trabalho-em-2023\"},\"wordCount\":433,\"commentCount\":0,\"publisher\":{\"@id\":\"https:\\\/\\\/redenoticiaz.com.br\\\/litoralsp\\\/#organization\"},\"image\":{\"@id\":\"https:\\\/\\\/redenoticiaz.com.br\\\/litoralsp\\\/2022\\\/12\\\/10\\\/lula-presidente-quais-sao-as-tendencias-para-o-mercado-de-trabalho-em-2023#primaryimage\"},\"thumbnailUrl\":\"https:\\\/\\\/redenoticiaz.com.br\\\/litoralsp\\\/wp-content\\\/uploads\\\/sites\\\/3\\\/2022\\\/11\\\/LULA.jpg?v=1667564580\",\"keywords\":[\"DESAFIOS\",\"EMPREGO\",\"Lula\",\"trabalho\"],\"articleSection\":[\"Trabalho\"],\"inLanguage\":\"pt-BR\",\"potentialAction\":[{\"@type\":\"CommentAction\",\"name\":\"Comment\",\"target\":[\"https:\\\/\\\/redenoticiaz.com.br\\\/litoralsp\\\/2022\\\/12\\\/10\\\/lula-presidente-quais-sao-as-tendencias-para-o-mercado-de-trabalho-em-2023#respond\"]}]},{\"@type\":\"WebPage\",\"@id\":\"https:\\\/\\\/redenoticiaz.com.br\\\/litoralsp\\\/2022\\\/12\\\/10\\\/lula-presidente-quais-sao-as-tendencias-para-o-mercado-de-trabalho-em-2023\",\"url\":\"https:\\\/\\\/redenoticiaz.com.br\\\/litoralsp\\\/2022\\\/12\\\/10\\\/lula-presidente-quais-sao-as-tendencias-para-o-mercado-de-trabalho-em-2023\",\"name\":\"Lula presidente: quais s\u00e3o as tend\u00eancias para o mercado de trabalho em 2023? - Litoral SP\",\"isPartOf\":{\"@id\":\"https:\\\/\\\/redenoticiaz.com.br\\\/litoralsp\\\/#website\"},\"primaryImageOfPage\":{\"@id\":\"https:\\\/\\\/redenoticiaz.com.br\\\/litoralsp\\\/2022\\\/12\\\/10\\\/lula-presidente-quais-sao-as-tendencias-para-o-mercado-de-trabalho-em-2023#primaryimage\"},\"image\":{\"@id\":\"https:\\\/\\\/redenoticiaz.com.br\\\/litoralsp\\\/2022\\\/12\\\/10\\\/lula-presidente-quais-sao-as-tendencias-para-o-mercado-de-trabalho-em-2023#primaryimage\"},\"thumbnailUrl\":\"https:\\\/\\\/redenoticiaz.com.br\\\/litoralsp\\\/wp-content\\\/uploads\\\/sites\\\/3\\\/2022\\\/11\\\/LULA.jpg?v=1667564580\",\"datePublished\":\"2022-12-10T18:00:15+00:00\",\"description\":\"Um dos grandes desafios do novo governo \u00e9 diminuir ainda mais a taxa de desemprego, que apresenta queda nos \u00faltimos meses.\",\"inLanguage\":\"pt-BR\",\"potentialAction\":[{\"@type\":\"ReadAction\",\"target\":[\"https:\\\/\\\/redenoticiaz.com.br\\\/litoralsp\\\/2022\\\/12\\\/10\\\/lula-presidente-quais-sao-as-tendencias-para-o-mercado-de-trabalho-em-2023\"]}]},{\"@type\":\"ImageObject\",\"inLanguage\":\"pt-BR\",\"@id\":\"https:\\\/\\\/redenoticiaz.com.br\\\/litoralsp\\\/2022\\\/12\\\/10\\\/lula-presidente-quais-sao-as-tendencias-para-o-mercado-de-trabalho-em-2023#primaryimage\",\"url\":\"https:\\\/\\\/redenoticiaz.com.br\\\/litoralsp\\\/wp-content\\\/uploads\\\/sites\\\/3\\\/2022\\\/11\\\/LULA.jpg?v=1667564580\",\"contentUrl\":\"https:\\\/\\\/redenoticiaz.com.br\\\/litoralsp\\\/wp-content\\\/uploads\\\/sites\\\/3\\\/2022\\\/11\\\/LULA.jpg?v=1667564580\",\"width\":797,\"height\":469,\"caption\":\"Cr\u00e9ditos: Reprodu\u00e7\u00e3o\"},{\"@type\":\"WebSite\",\"@id\":\"https:\\\/\\\/redenoticiaz.com.br\\\/litoralsp\\\/#website\",\"url\":\"https:\\\/\\\/redenoticiaz.com.br\\\/litoralsp\\\/\",\"name\":\"Litoral SP\",\"description\":\"Rede NoticiaZ\",\"publisher\":{\"@id\":\"https:\\\/\\\/redenoticiaz.com.br\\\/litoralsp\\\/#organization\"},\"potentialAction\":[{\"@type\":\"SearchAction\",\"target\":{\"@type\":\"EntryPoint\",\"urlTemplate\":\"https:\\\/\\\/redenoticiaz.com.br\\\/litoralsp\\\/?s={search_term_string}\"},\"query-input\":{\"@type\":\"PropertyValueSpecification\",\"valueRequired\":true,\"valueName\":\"search_term_string\"}}],\"inLanguage\":\"pt-BR\"},{\"@type\":\"Organization\",\"@id\":\"https:\\\/\\\/redenoticiaz.com.br\\\/litoralsp\\\/#organization\",\"name\":\"Litoral SP\",\"url\":\"https:\\\/\\\/redenoticiaz.com.br\\\/litoralsp\\\/\",\"logo\":{\"@type\":\"ImageObject\",\"inLanguage\":\"pt-BR\",\"@id\":\"https:\\\/\\\/redenoticiaz.com.br\\\/litoralsp\\\/#\\\/schema\\\/logo\\\/image\\\/\",\"url\":\"https:\\\/\\\/redenoticiaz.com.br\\\/litoralsp\\\/wp-content\\\/uploads\\\/sites\\\/3\\\/2020\\\/11\\\/logo.jpg\",\"contentUrl\":\"https:\\\/\\\/redenoticiaz.com.br\\\/litoralsp\\\/wp-content\\\/uploads\\\/sites\\\/3\\\/2020\\\/11\\\/logo.jpg\",\"width\":400,\"height\":250,\"caption\":\"Litoral SP\"},\"image\":{\"@id\":\"https:\\\/\\\/redenoticiaz.com.br\\\/litoralsp\\\/#\\\/schema\\\/logo\\\/image\\\/\"}},{\"@type\":\"Person\",\"@id\":\"https:\\\/\\\/redenoticiaz.com.br\\\/litoralsp\\\/#\\\/schema\\\/person\\\/16057b37a3c0ee6b096d7f887c566e2e\",\"name\":\"Gustavo Silva\",\"image\":{\"@type\":\"ImageObject\",\"inLanguage\":\"pt-BR\",\"@id\":\"https:\\\/\\\/secure.gravatar.com\\\/avatar\\\/3ee4e82f93b26de0a7cf4ea5eb7893da637ed6bb0c9170c58065944c56e28a33?s=96&d=mm&r=g\",\"url\":\"https:\\\/\\\/secure.gravatar.com\\\/avatar\\\/3ee4e82f93b26de0a7cf4ea5eb7893da637ed6bb0c9170c58065944c56e28a33?s=96&d=mm&r=g\",\"contentUrl\":\"https:\\\/\\\/secure.gravatar.com\\\/avatar\\\/3ee4e82f93b26de0a7cf4ea5eb7893da637ed6bb0c9170c58065944c56e28a33?s=96&d=mm&r=g\",\"caption\":\"Gustavo Silva\"},\"url\":\"https:\\\/\\\/redenoticiaz.com.br\\\/litoralsp\\\/author\\\/gustavosilva\"}]}<\/script>\n<!-- \/ Yoast SEO plugin. -->","yoast_head_json":{"title":"Lula presidente: quais s\u00e3o as tend\u00eancias para o mercado de trabalho em 2023? - Litoral SP","description":"Um dos grandes desafios do novo governo \u00e9 diminuir ainda mais a taxa de desemprego, que apresenta queda nos \u00faltimos meses.","robots":{"index":"index","follow":"follow","max-snippet":"max-snippet:-1","max-image-preview":"max-image-preview:large","max-video-preview":"max-video-preview:-1"},"canonical":"https:\/\/redenoticiaz.com.br\/litoralsp\/2022\/12\/10\/lula-presidente-quais-sao-as-tendencias-para-o-mercado-de-trabalho-em-2023","og_locale":"pt_BR","og_type":"article","og_title":"Lula presidente: quais s\u00e3o as tend\u00eancias para o mercado de trabalho em 2023? - Litoral SP","og_description":"Um dos grandes desafios do novo governo \u00e9 diminuir ainda mais a taxa de desemprego, que apresenta queda nos \u00faltimos meses.","og_url":"https:\/\/redenoticiaz.com.br\/litoralsp\/2022\/12\/10\/lula-presidente-quais-sao-as-tendencias-para-o-mercado-de-trabalho-em-2023","og_site_name":"Litoral SP","article_published_time":"2022-12-10T18:00:15+00:00","og_image":[{"width":797,"height":469,"url":"https:\/\/redenoticiaz.com.br\/litoralsp\/wp-content\/uploads\/sites\/3\/2022\/11\/LULA.jpg?v=1667564580","type":"image\/jpeg"}],"author":"Gustavo Silva","twitter_card":"summary_large_image","twitter_misc":{"Escrito por":"Gustavo Silva","Est. tempo de leitura":"3 minutos"},"schema":{"@context":"https:\/\/schema.org","@graph":[{"@type":"Article","@id":"https:\/\/redenoticiaz.com.br\/litoralsp\/2022\/12\/10\/lula-presidente-quais-sao-as-tendencias-para-o-mercado-de-trabalho-em-2023#article","isPartOf":{"@id":"https:\/\/redenoticiaz.com.br\/litoralsp\/2022\/12\/10\/lula-presidente-quais-sao-as-tendencias-para-o-mercado-de-trabalho-em-2023"},"author":{"name":"Gustavo Silva","@id":"https:\/\/redenoticiaz.com.br\/litoralsp\/#\/schema\/person\/16057b37a3c0ee6b096d7f887c566e2e"},"headline":"Lula presidente: quais s\u00e3o as tend\u00eancias para o mercado de trabalho em 2023?","datePublished":"2022-12-10T18:00:15+00:00","mainEntityOfPage":{"@id":"https:\/\/redenoticiaz.com.br\/litoralsp\/2022\/12\/10\/lula-presidente-quais-sao-as-tendencias-para-o-mercado-de-trabalho-em-2023"},"wordCount":433,"commentCount":0,"publisher":{"@id":"https:\/\/redenoticiaz.com.br\/litoralsp\/#organization"},"image":{"@id":"https:\/\/redenoticiaz.com.br\/litoralsp\/2022\/12\/10\/lula-presidente-quais-sao-as-tendencias-para-o-mercado-de-trabalho-em-2023#primaryimage"},"thumbnailUrl":"https:\/\/redenoticiaz.com.br\/litoralsp\/wp-content\/uploads\/sites\/3\/2022\/11\/LULA.jpg?v=1667564580","keywords":["DESAFIOS","EMPREGO","Lula","trabalho"],"articleSection":["Trabalho"],"inLanguage":"pt-BR","potentialAction":[{"@type":"CommentAction","name":"Comment","target":["https:\/\/redenoticiaz.com.br\/litoralsp\/2022\/12\/10\/lula-presidente-quais-sao-as-tendencias-para-o-mercado-de-trabalho-em-2023#respond"]}]},{"@type":"WebPage","@id":"https:\/\/redenoticiaz.com.br\/litoralsp\/2022\/12\/10\/lula-presidente-quais-sao-as-tendencias-para-o-mercado-de-trabalho-em-2023","url":"https:\/\/redenoticiaz.com.br\/litoralsp\/2022\/12\/10\/lula-presidente-quais-sao-as-tendencias-para-o-mercado-de-trabalho-em-2023","name":"Lula presidente: quais s\u00e3o as tend\u00eancias para o mercado de trabalho em 2023? - Litoral SP","isPartOf":{"@id":"https:\/\/redenoticiaz.com.br\/litoralsp\/#website"},"primaryImageOfPage":{"@id":"https:\/\/redenoticiaz.com.br\/litoralsp\/2022\/12\/10\/lula-presidente-quais-sao-as-tendencias-para-o-mercado-de-trabalho-em-2023#primaryimage"},"image":{"@id":"https:\/\/redenoticiaz.com.br\/litoralsp\/2022\/12\/10\/lula-presidente-quais-sao-as-tendencias-para-o-mercado-de-trabalho-em-2023#primaryimage"},"thumbnailUrl":"https:\/\/redenoticiaz.com.br\/litoralsp\/wp-content\/uploads\/sites\/3\/2022\/11\/LULA.jpg?v=1667564580","datePublished":"2022-12-10T18:00:15+00:00","description":"Um dos grandes desafios do novo governo \u00e9 diminuir ainda mais a taxa de desemprego, que apresenta queda nos \u00faltimos meses.","inLanguage":"pt-BR","potentialAction":[{"@type":"ReadAction","target":["https:\/\/redenoticiaz.com.br\/litoralsp\/2022\/12\/10\/lula-presidente-quais-sao-as-tendencias-para-o-mercado-de-trabalho-em-2023"]}]},{"@type":"ImageObject","inLanguage":"pt-BR","@id":"https:\/\/redenoticiaz.com.br\/litoralsp\/2022\/12\/10\/lula-presidente-quais-sao-as-tendencias-para-o-mercado-de-trabalho-em-2023#primaryimage","url":"https:\/\/redenoticiaz.com.br\/litoralsp\/wp-content\/uploads\/sites\/3\/2022\/11\/LULA.jpg?v=1667564580","contentUrl":"https:\/\/redenoticiaz.com.br\/litoralsp\/wp-content\/uploads\/sites\/3\/2022\/11\/LULA.jpg?v=1667564580","width":797,"height":469,"caption":"Cr\u00e9ditos: Reprodu\u00e7\u00e3o"},{"@type":"WebSite","@id":"https:\/\/redenoticiaz.com.br\/litoralsp\/#website","url":"https:\/\/redenoticiaz.com.br\/litoralsp\/","name":"Litoral SP","description":"Rede NoticiaZ","publisher":{"@id":"https:\/\/redenoticiaz.com.br\/litoralsp\/#organization"},"potentialAction":[{"@type":"SearchAction","target":{"@type":"EntryPoint","urlTemplate":"https:\/\/redenoticiaz.com.br\/litoralsp\/?s={search_term_string}"},"query-input":{"@type":"PropertyValueSpecification","valueRequired":true,"valueName":"search_term_string"}}],"inLanguage":"pt-BR"},{"@type":"Organization","@id":"https:\/\/redenoticiaz.com.br\/litoralsp\/#organization","name":"Litoral SP","url":"https:\/\/redenoticiaz.com.br\/litoralsp\/","logo":{"@type":"ImageObject","inLanguage":"pt-BR","@id":"https:\/\/redenoticiaz.com.br\/litoralsp\/#\/schema\/logo\/image\/","url":"https:\/\/redenoticiaz.com.br\/litoralsp\/wp-content\/uploads\/sites\/3\/2020\/11\/logo.jpg","contentUrl":"https:\/\/redenoticiaz.com.br\/litoralsp\/wp-content\/uploads\/sites\/3\/2020\/11\/logo.jpg","width":400,"height":250,"caption":"Litoral SP"},"image":{"@id":"https:\/\/redenoticiaz.com.br\/litoralsp\/#\/schema\/logo\/image\/"}},{"@type":"Person","@id":"https:\/\/redenoticiaz.com.br\/litoralsp\/#\/schema\/person\/16057b37a3c0ee6b096d7f887c566e2e","name":"Gustavo Silva","image":{"@type":"ImageObject","inLanguage":"pt-BR","@id":"https:\/\/secure.gravatar.com\/avatar\/3ee4e82f93b26de0a7cf4ea5eb7893da637ed6bb0c9170c58065944c56e28a33?s=96&d=mm&r=g","url":"https:\/\/secure.gravatar.com\/avatar\/3ee4e82f93b26de0a7cf4ea5eb7893da637ed6bb0c9170c58065944c56e28a33?s=96&d=mm&r=g","contentUrl":"https:\/\/secure.gravatar.com\/avatar\/3ee4e82f93b26de0a7cf4ea5eb7893da637ed6bb0c9170c58065944c56e28a33?s=96&d=mm&r=g","caption":"Gustavo Silva"},"url":"https:\/\/redenoticiaz.com.br\/litoralsp\/author\/gustavosilva"}]}},"_links":{"self":[{"href":"https:\/\/redenoticiaz.com.br\/litoralsp\/wp-json\/wp\/v2\/posts\/96629","targetHints":{"allow":["GET"]}}],"collection":[{"href":"https:\/\/redenoticiaz.com.br\/litoralsp\/wp-json\/wp\/v2\/posts"}],"about":[{"href":"https:\/\/redenoticiaz.com.br\/litoralsp\/wp-json\/wp\/v2\/types\/post"}],"author":[{"embeddable":true,"href":"https:\/\/redenoticiaz.com.br\/litoralsp\/wp-json\/wp\/v2\/users\/12"}],"replies":[{"embeddable":true,"href":"https:\/\/redenoticiaz.com.br\/litoralsp\/wp-json\/wp\/v2\/comments?post=96629"}],"version-history":[{"count":0,"href":"https:\/\/redenoticiaz.com.br\/litoralsp\/wp-json\/wp\/v2\/posts\/96629\/revisions"}],"wp:featuredmedia":[{"embeddable":true,"href":"https:\/\/redenoticiaz.com.br\/litoralsp\/wp-json\/wp\/v2\/media\/94491"}],"wp:attachment":[{"href":"https:\/\/redenoticiaz.com.br\/litoralsp\/wp-json\/wp\/v2\/media?parent=96629"}],"wp:term":[{"taxonomy":"category","embeddable":true,"href":"https:\/\/redenoticiaz.com.br\/litoralsp\/wp-json\/wp\/v2\/categories?post=96629"},{"taxonomy":"post_tag","embeddable":true,"href":"https:\/\/redenoticiaz.com.br\/litoralsp\/wp-json\/wp\/v2\/tags?post=96629"}],"curies":[{"name":"wp","href":"https:\/\/api.w.org\/{rel}","templated":true}]}}