{"id":96691,"date":"2022-12-10T18:00:31","date_gmt":"2022-12-10T21:00:31","guid":{"rendered":"https:\/\/redenoticiaz.com.br\/litoralsp\/?p=96691"},"modified":"2022-12-07T17:07:43","modified_gmt":"2022-12-07T20:07:43","slug":"sequencia-do-filme-de-maior-bilheteria-de-todos-os-tempos-tera-sua-pre-estreia-em-dezembro","status":"publish","type":"post","link":"https:\/\/redenoticiaz.com.br\/litoralsp\/2022\/12\/10\/sequencia-do-filme-de-maior-bilheteria-de-todos-os-tempos-tera-sua-pre-estreia-em-dezembro","title":{"rendered":"Sequ\u00eancia do filme de maior bilheteria de todos os tempos ter\u00e1 sua pr\u00e9-estreia em dezembro"},"content":{"rendered":"<p class=\"v1MsoNormal\">A espera chegou ao fim! O p\u00fablico que estava contando os dias para a estreia de \u201c<b>Avatar: O Caminho da \u00c1gua\u201d<\/b>\u00a0nos cinemas j\u00e1 pode adquirir seus ingressos\u00a0<a href=\"https:\/\/tickets.disney.com.br\/avatar-o-caminho-da-agua\" target=\"_blank\" rel=\"noopener noreferrer\">aqui<\/a>. A aguardada continua\u00e7\u00e3o de\u00a0<b><i>AVATAR<\/i><\/b>\u00a0de James Cameron &#8211; o filme de maior bilheteria de todos os tempos e vencedor de tr\u00eas Pr\u00eamios Oscar<sup>\u00ae<\/sup>\u00a0estreia nos cinemas em 15 de dezembro, com pr\u00e9-estreia na Am\u00e9rica Latina em 14 de dezembro.<\/p>\n<p class=\"v1MsoNormal\">Ambientado mais de uma d\u00e9cada ap\u00f3s os acontecimentos do primeiro filme, \u201c<b>Avatar: O Caminho da \u00c1gua\u201d<\/b> conta a hist\u00f3ria da fam\u00edlia Sully (Jake, Neytiri e seus filhos), o perigo que os persegue, os esfor\u00e7os que fazem para permanecerem seguros, as batalhas que lutam pela sobreviv\u00eancia e as trag\u00e9dias que suportam. Assista ao trailer.<\/p>\n<p><iframe loading=\"lazy\" title=\"Avatar: O Caminho da \u00c1gua | Trailer Oficial 2 Legendado\" width=\"500\" height=\"281\" src=\"https:\/\/www.youtube.com\/embed\/V-0GkangoHM?feature=oembed\" frameborder=\"0\" allow=\"accelerometer; autoplay; clipboard-write; encrypted-media; gyroscope; picture-in-picture; web-share\" referrerpolicy=\"strict-origin-when-cross-origin\" allowfullscreen><\/iframe><\/p>\n<p class=\"v1MsoNormal\">Dirigido por James Cameron, \u201c<b>Avatar: O Caminho da \u00c1gua\u201d<\/b> \u00e9 estrelado por Sam Worthington, Zoe Salda\u00f1a, Sigourney Weaver, Stephen Lang. Os produtores do longa-metragem s\u00e3o James Cameron e Jon Landau, com David Valdes e Richard Baneham como produtores executivos.<\/p>\n<p class=\"v1MsoNormal\">\u201c<b>Avatar: O Caminho da \u00c1gua\u201d<\/b>\u00a0estreia nos cinemas em 15 de dezembro, com pr\u00e9-estreia em 14 de dezembro.<\/p>\n","protected":false},"excerpt":{"rendered":"<p>A espera chegou ao fim! O p\u00fablico que estava contando os dias para a estreia de \u201cAvatar: O Caminho da \u00c1gua\u201d\u00a0nos cinemas j\u00e1 pode adquirir seus ingressos\u00a0aqui. A aguardada continua\u00e7\u00e3o de\u00a0AVATAR\u00a0de James Cameron &#8211; o filme de maior bilheteria de todos os tempos e vencedor de tr\u00eas Pr\u00eamios Oscar\u00ae\u00a0estreia nos cinemas em 15 de dezembro, &hellip;<\/p>\n","protected":false},"author":15,"featured_media":96692,"comment_status":"open","ping_status":"closed","sticky":false,"template":"","format":"standard","meta":{"footnotes":""},"categories":[170],"tags":[55546,5613,56873,56874,57214],"class_list":["post-96691","post","type-post","status-publish","format-standard","has-post-thumbnail","hentry","category-entretenimento","tag-avatar","tag-estreia","tag-ingresso","tag-pre-venda","tag-sequencia"],"yoast_head":"<!-- This site is optimized with the Yoast SEO plugin v27.4 - https:\/\/yoast.com\/product\/yoast-seo-wordpress\/ -->\n<title>Sequ\u00eancia do filme de maior bilheteria de todos os tempos ter\u00e1 sua pr\u00e9-estreia em dezembro - Litoral SP<\/title>\n<meta name=\"description\" content=\"A aguardada continua\u00e7\u00e3o de\u00a0AVATAR\u00a0de James Cameron - o filme de maior bilheteria de todos os tempos e vencedor de tr\u00eas Pr\u00eamios.\" \/>\n<meta name=\"robots\" content=\"index, follow, max-snippet:-1, max-image-preview:large, max-video-preview:-1\" \/>\n<link rel=\"canonical\" href=\"https:\/\/redenoticiaz.com.br\/litoralsp\/2022\/12\/10\/sequencia-do-filme-de-maior-bilheteria-de-todos-os-tempos-tera-sua-pre-estreia-em-dezembro\" \/>\n<meta property=\"og:locale\" content=\"pt_BR\" \/>\n<meta property=\"og:type\" content=\"article\" \/>\n<meta property=\"og:title\" content=\"Sequ\u00eancia do filme de maior bilheteria de todos os tempos ter\u00e1 sua pr\u00e9-estreia em dezembro - Litoral SP\" \/>\n<meta property=\"og:description\" content=\"A aguardada continua\u00e7\u00e3o de\u00a0AVATAR\u00a0de James Cameron - o filme de maior bilheteria de todos os tempos e vencedor de tr\u00eas Pr\u00eamios.\" \/>\n<meta property=\"og:url\" content=\"https:\/\/redenoticiaz.com.br\/litoralsp\/2022\/12\/10\/sequencia-do-filme-de-maior-bilheteria-de-todos-os-tempos-tera-sua-pre-estreia-em-dezembro\" \/>\n<meta property=\"og:site_name\" content=\"Litoral SP\" \/>\n<meta property=\"article:published_time\" content=\"2022-12-10T21:00:31+00:00\" \/>\n<meta property=\"og:image\" content=\"https:\/\/redenoticiaz.com.br\/litoralsp\/wp-content\/uploads\/sites\/3\/2022\/12\/image002.jpg\" \/>\n\t<meta property=\"og:image:width\" content=\"1100\" \/>\n\t<meta property=\"og:image:height\" content=\"580\" \/>\n\t<meta property=\"og:image:type\" content=\"image\/jpeg\" \/>\n<meta name=\"twitter:card\" content=\"summary_large_image\" \/>\n<meta name=\"twitter:label1\" content=\"Escrito por\" \/>\n\t<meta name=\"twitter:data1\" content=\"\" \/>\n\t<meta name=\"twitter:label2\" content=\"Est. tempo de leitura\" \/>\n\t<meta name=\"twitter:data2\" content=\"1 minuto\" \/>\n<script type=\"application\/ld+json\" class=\"yoast-schema-graph\">{\"@context\":\"https:\\\/\\\/schema.org\",\"@graph\":[{\"@type\":\"Article\",\"@id\":\"https:\\\/\\\/redenoticiaz.com.br\\\/litoralsp\\\/2022\\\/12\\\/10\\\/sequencia-do-filme-de-maior-bilheteria-de-todos-os-tempos-tera-sua-pre-estreia-em-dezembro#article\",\"isPartOf\":{\"@id\":\"https:\\\/\\\/redenoticiaz.com.br\\\/litoralsp\\\/2022\\\/12\\\/10\\\/sequencia-do-filme-de-maior-bilheteria-de-todos-os-tempos-tera-sua-pre-estreia-em-dezembro\"},\"author\":{\"name\":\"\",\"@id\":\"\"},\"headline\":\"Sequ\u00eancia do filme de maior bilheteria de todos os tempos ter\u00e1 sua pr\u00e9-estreia em dezembro\",\"datePublished\":\"2022-12-10T21:00:31+00:00\",\"mainEntityOfPage\":{\"@id\":\"https:\\\/\\\/redenoticiaz.com.br\\\/litoralsp\\\/2022\\\/12\\\/10\\\/sequencia-do-filme-de-maior-bilheteria-de-todos-os-tempos-tera-sua-pre-estreia-em-dezembro\"},\"wordCount\":217,\"commentCount\":0,\"publisher\":{\"@id\":\"https:\\\/\\\/redenoticiaz.com.br\\\/litoralsp\\\/#organization\"},\"image\":{\"@id\":\"https:\\\/\\\/redenoticiaz.com.br\\\/litoralsp\\\/2022\\\/12\\\/10\\\/sequencia-do-filme-de-maior-bilheteria-de-todos-os-tempos-tera-sua-pre-estreia-em-dezembro#primaryimage\"},\"thumbnailUrl\":\"https:\\\/\\\/redenoticiaz.com.br\\\/litoralsp\\\/wp-content\\\/uploads\\\/sites\\\/3\\\/2022\\\/12\\\/image002.jpg\",\"keywords\":[\"AVATAR\",\"estr\u00e9ia\",\"INGRESSO\",\"PR\u00c9 VENDA\",\"sequ\u00eancia\"],\"articleSection\":[\"Entretenimento\"],\"inLanguage\":\"pt-BR\",\"potentialAction\":[{\"@type\":\"CommentAction\",\"name\":\"Comment\",\"target\":[\"https:\\\/\\\/redenoticiaz.com.br\\\/litoralsp\\\/2022\\\/12\\\/10\\\/sequencia-do-filme-de-maior-bilheteria-de-todos-os-tempos-tera-sua-pre-estreia-em-dezembro#respond\"]}]},{\"@type\":\"WebPage\",\"@id\":\"https:\\\/\\\/redenoticiaz.com.br\\\/litoralsp\\\/2022\\\/12\\\/10\\\/sequencia-do-filme-de-maior-bilheteria-de-todos-os-tempos-tera-sua-pre-estreia-em-dezembro\",\"url\":\"https:\\\/\\\/redenoticiaz.com.br\\\/litoralsp\\\/2022\\\/12\\\/10\\\/sequencia-do-filme-de-maior-bilheteria-de-todos-os-tempos-tera-sua-pre-estreia-em-dezembro\",\"name\":\"Sequ\u00eancia do filme de maior bilheteria de todos os tempos ter\u00e1 sua pr\u00e9-estreia em dezembro - Litoral SP\",\"isPartOf\":{\"@id\":\"https:\\\/\\\/redenoticiaz.com.br\\\/litoralsp\\\/#website\"},\"primaryImageOfPage\":{\"@id\":\"https:\\\/\\\/redenoticiaz.com.br\\\/litoralsp\\\/2022\\\/12\\\/10\\\/sequencia-do-filme-de-maior-bilheteria-de-todos-os-tempos-tera-sua-pre-estreia-em-dezembro#primaryimage\"},\"image\":{\"@id\":\"https:\\\/\\\/redenoticiaz.com.br\\\/litoralsp\\\/2022\\\/12\\\/10\\\/sequencia-do-filme-de-maior-bilheteria-de-todos-os-tempos-tera-sua-pre-estreia-em-dezembro#primaryimage\"},\"thumbnailUrl\":\"https:\\\/\\\/redenoticiaz.com.br\\\/litoralsp\\\/wp-content\\\/uploads\\\/sites\\\/3\\\/2022\\\/12\\\/image002.jpg\",\"datePublished\":\"2022-12-10T21:00:31+00:00\",\"description\":\"A aguardada continua\u00e7\u00e3o de\u00a0AVATAR\u00a0de James Cameron - o filme de maior bilheteria de todos os tempos e vencedor de tr\u00eas Pr\u00eamios.\",\"inLanguage\":\"pt-BR\",\"potentialAction\":[{\"@type\":\"ReadAction\",\"target\":[\"https:\\\/\\\/redenoticiaz.com.br\\\/litoralsp\\\/2022\\\/12\\\/10\\\/sequencia-do-filme-de-maior-bilheteria-de-todos-os-tempos-tera-sua-pre-estreia-em-dezembro\"]}]},{\"@type\":\"ImageObject\",\"inLanguage\":\"pt-BR\",\"@id\":\"https:\\\/\\\/redenoticiaz.com.br\\\/litoralsp\\\/2022\\\/12\\\/10\\\/sequencia-do-filme-de-maior-bilheteria-de-todos-os-tempos-tera-sua-pre-estreia-em-dezembro#primaryimage\",\"url\":\"https:\\\/\\\/redenoticiaz.com.br\\\/litoralsp\\\/wp-content\\\/uploads\\\/sites\\\/3\\\/2022\\\/12\\\/image002.jpg\",\"contentUrl\":\"https:\\\/\\\/redenoticiaz.com.br\\\/litoralsp\\\/wp-content\\\/uploads\\\/sites\\\/3\\\/2022\\\/12\\\/image002.jpg\",\"width\":1100,\"height\":580,\"caption\":\"Cr\u00e9dito: Divulga\u00e7\u00e3o\"},{\"@type\":\"WebSite\",\"@id\":\"https:\\\/\\\/redenoticiaz.com.br\\\/litoralsp\\\/#website\",\"url\":\"https:\\\/\\\/redenoticiaz.com.br\\\/litoralsp\\\/\",\"name\":\"Litoral SP\",\"description\":\"Rede NoticiaZ\",\"publisher\":{\"@id\":\"https:\\\/\\\/redenoticiaz.com.br\\\/litoralsp\\\/#organization\"},\"potentialAction\":[{\"@type\":\"SearchAction\",\"target\":{\"@type\":\"EntryPoint\",\"urlTemplate\":\"https:\\\/\\\/redenoticiaz.com.br\\\/litoralsp\\\/?s={search_term_string}\"},\"query-input\":{\"@type\":\"PropertyValueSpecification\",\"valueRequired\":true,\"valueName\":\"search_term_string\"}}],\"inLanguage\":\"pt-BR\"},{\"@type\":\"Organization\",\"@id\":\"https:\\\/\\\/redenoticiaz.com.br\\\/litoralsp\\\/#organization\",\"name\":\"Litoral SP\",\"url\":\"https:\\\/\\\/redenoticiaz.com.br\\\/litoralsp\\\/\",\"logo\":{\"@type\":\"ImageObject\",\"inLanguage\":\"pt-BR\",\"@id\":\"https:\\\/\\\/redenoticiaz.com.br\\\/litoralsp\\\/#\\\/schema\\\/logo\\\/image\\\/\",\"url\":\"https:\\\/\\\/redenoticiaz.com.br\\\/litoralsp\\\/wp-content\\\/uploads\\\/sites\\\/3\\\/2020\\\/11\\\/logo.jpg\",\"contentUrl\":\"https:\\\/\\\/redenoticiaz.com.br\\\/litoralsp\\\/wp-content\\\/uploads\\\/sites\\\/3\\\/2020\\\/11\\\/logo.jpg\",\"width\":400,\"height\":250,\"caption\":\"Litoral SP\"},\"image\":{\"@id\":\"https:\\\/\\\/redenoticiaz.com.br\\\/litoralsp\\\/#\\\/schema\\\/logo\\\/image\\\/\"}},{\"@type\":\"Person\",\"@id\":\"\",\"url\":\"https:\\\/\\\/redenoticiaz.com.br\\\/litoralsp\\\/author\"}]}<\/script>\n<!-- \/ Yoast SEO plugin. -->","yoast_head_json":{"title":"Sequ\u00eancia do filme de maior bilheteria de todos os tempos ter\u00e1 sua pr\u00e9-estreia em dezembro - Litoral SP","description":"A aguardada continua\u00e7\u00e3o de\u00a0AVATAR\u00a0de James Cameron - o filme de maior bilheteria de todos os tempos e vencedor de tr\u00eas Pr\u00eamios.","robots":{"index":"index","follow":"follow","max-snippet":"max-snippet:-1","max-image-preview":"max-image-preview:large","max-video-preview":"max-video-preview:-1"},"canonical":"https:\/\/redenoticiaz.com.br\/litoralsp\/2022\/12\/10\/sequencia-do-filme-de-maior-bilheteria-de-todos-os-tempos-tera-sua-pre-estreia-em-dezembro","og_locale":"pt_BR","og_type":"article","og_title":"Sequ\u00eancia do filme de maior bilheteria de todos os tempos ter\u00e1 sua pr\u00e9-estreia em dezembro - Litoral SP","og_description":"A aguardada continua\u00e7\u00e3o de\u00a0AVATAR\u00a0de James Cameron - o filme de maior bilheteria de todos os tempos e vencedor de tr\u00eas Pr\u00eamios.","og_url":"https:\/\/redenoticiaz.com.br\/litoralsp\/2022\/12\/10\/sequencia-do-filme-de-maior-bilheteria-de-todos-os-tempos-tera-sua-pre-estreia-em-dezembro","og_site_name":"Litoral SP","article_published_time":"2022-12-10T21:00:31+00:00","og_image":[{"width":1100,"height":580,"url":"https:\/\/redenoticiaz.com.br\/litoralsp\/wp-content\/uploads\/sites\/3\/2022\/12\/image002.jpg","type":"image\/jpeg"}],"twitter_card":"summary_large_image","twitter_misc":{"Escrito por":"","Est. tempo de leitura":"1 minuto"},"schema":{"@context":"https:\/\/schema.org","@graph":[{"@type":"Article","@id":"https:\/\/redenoticiaz.com.br\/litoralsp\/2022\/12\/10\/sequencia-do-filme-de-maior-bilheteria-de-todos-os-tempos-tera-sua-pre-estreia-em-dezembro#article","isPartOf":{"@id":"https:\/\/redenoticiaz.com.br\/litoralsp\/2022\/12\/10\/sequencia-do-filme-de-maior-bilheteria-de-todos-os-tempos-tera-sua-pre-estreia-em-dezembro"},"author":{"name":"","@id":""},"headline":"Sequ\u00eancia do filme de maior bilheteria de todos os tempos ter\u00e1 sua pr\u00e9-estreia em dezembro","datePublished":"2022-12-10T21:00:31+00:00","mainEntityOfPage":{"@id":"https:\/\/redenoticiaz.com.br\/litoralsp\/2022\/12\/10\/sequencia-do-filme-de-maior-bilheteria-de-todos-os-tempos-tera-sua-pre-estreia-em-dezembro"},"wordCount":217,"commentCount":0,"publisher":{"@id":"https:\/\/redenoticiaz.com.br\/litoralsp\/#organization"},"image":{"@id":"https:\/\/redenoticiaz.com.br\/litoralsp\/2022\/12\/10\/sequencia-do-filme-de-maior-bilheteria-de-todos-os-tempos-tera-sua-pre-estreia-em-dezembro#primaryimage"},"thumbnailUrl":"https:\/\/redenoticiaz.com.br\/litoralsp\/wp-content\/uploads\/sites\/3\/2022\/12\/image002.jpg","keywords":["AVATAR","estr\u00e9ia","INGRESSO","PR\u00c9 VENDA","sequ\u00eancia"],"articleSection":["Entretenimento"],"inLanguage":"pt-BR","potentialAction":[{"@type":"CommentAction","name":"Comment","target":["https:\/\/redenoticiaz.com.br\/litoralsp\/2022\/12\/10\/sequencia-do-filme-de-maior-bilheteria-de-todos-os-tempos-tera-sua-pre-estreia-em-dezembro#respond"]}]},{"@type":"WebPage","@id":"https:\/\/redenoticiaz.com.br\/litoralsp\/2022\/12\/10\/sequencia-do-filme-de-maior-bilheteria-de-todos-os-tempos-tera-sua-pre-estreia-em-dezembro","url":"https:\/\/redenoticiaz.com.br\/litoralsp\/2022\/12\/10\/sequencia-do-filme-de-maior-bilheteria-de-todos-os-tempos-tera-sua-pre-estreia-em-dezembro","name":"Sequ\u00eancia do filme de maior bilheteria de todos os tempos ter\u00e1 sua pr\u00e9-estreia em dezembro - Litoral SP","isPartOf":{"@id":"https:\/\/redenoticiaz.com.br\/litoralsp\/#website"},"primaryImageOfPage":{"@id":"https:\/\/redenoticiaz.com.br\/litoralsp\/2022\/12\/10\/sequencia-do-filme-de-maior-bilheteria-de-todos-os-tempos-tera-sua-pre-estreia-em-dezembro#primaryimage"},"image":{"@id":"https:\/\/redenoticiaz.com.br\/litoralsp\/2022\/12\/10\/sequencia-do-filme-de-maior-bilheteria-de-todos-os-tempos-tera-sua-pre-estreia-em-dezembro#primaryimage"},"thumbnailUrl":"https:\/\/redenoticiaz.com.br\/litoralsp\/wp-content\/uploads\/sites\/3\/2022\/12\/image002.jpg","datePublished":"2022-12-10T21:00:31+00:00","description":"A aguardada continua\u00e7\u00e3o de\u00a0AVATAR\u00a0de James Cameron - o filme de maior bilheteria de todos os tempos e vencedor de tr\u00eas Pr\u00eamios.","inLanguage":"pt-BR","potentialAction":[{"@type":"ReadAction","target":["https:\/\/redenoticiaz.com.br\/litoralsp\/2022\/12\/10\/sequencia-do-filme-de-maior-bilheteria-de-todos-os-tempos-tera-sua-pre-estreia-em-dezembro"]}]},{"@type":"ImageObject","inLanguage":"pt-BR","@id":"https:\/\/redenoticiaz.com.br\/litoralsp\/2022\/12\/10\/sequencia-do-filme-de-maior-bilheteria-de-todos-os-tempos-tera-sua-pre-estreia-em-dezembro#primaryimage","url":"https:\/\/redenoticiaz.com.br\/litoralsp\/wp-content\/uploads\/sites\/3\/2022\/12\/image002.jpg","contentUrl":"https:\/\/redenoticiaz.com.br\/litoralsp\/wp-content\/uploads\/sites\/3\/2022\/12\/image002.jpg","width":1100,"height":580,"caption":"Cr\u00e9dito: Divulga\u00e7\u00e3o"},{"@type":"WebSite","@id":"https:\/\/redenoticiaz.com.br\/litoralsp\/#website","url":"https:\/\/redenoticiaz.com.br\/litoralsp\/","name":"Litoral SP","description":"Rede NoticiaZ","publisher":{"@id":"https:\/\/redenoticiaz.com.br\/litoralsp\/#organization"},"potentialAction":[{"@type":"SearchAction","target":{"@type":"EntryPoint","urlTemplate":"https:\/\/redenoticiaz.com.br\/litoralsp\/?s={search_term_string}"},"query-input":{"@type":"PropertyValueSpecification","valueRequired":true,"valueName":"search_term_string"}}],"inLanguage":"pt-BR"},{"@type":"Organization","@id":"https:\/\/redenoticiaz.com.br\/litoralsp\/#organization","name":"Litoral SP","url":"https:\/\/redenoticiaz.com.br\/litoralsp\/","logo":{"@type":"ImageObject","inLanguage":"pt-BR","@id":"https:\/\/redenoticiaz.com.br\/litoralsp\/#\/schema\/logo\/image\/","url":"https:\/\/redenoticiaz.com.br\/litoralsp\/wp-content\/uploads\/sites\/3\/2020\/11\/logo.jpg","contentUrl":"https:\/\/redenoticiaz.com.br\/litoralsp\/wp-content\/uploads\/sites\/3\/2020\/11\/logo.jpg","width":400,"height":250,"caption":"Litoral SP"},"image":{"@id":"https:\/\/redenoticiaz.com.br\/litoralsp\/#\/schema\/logo\/image\/"}},{"@type":"Person","@id":"","url":"https:\/\/redenoticiaz.com.br\/litoralsp\/author"}]}},"_links":{"self":[{"href":"https:\/\/redenoticiaz.com.br\/litoralsp\/wp-json\/wp\/v2\/posts\/96691","targetHints":{"allow":["GET"]}}],"collection":[{"href":"https:\/\/redenoticiaz.com.br\/litoralsp\/wp-json\/wp\/v2\/posts"}],"about":[{"href":"https:\/\/redenoticiaz.com.br\/litoralsp\/wp-json\/wp\/v2\/types\/post"}],"author":[{"embeddable":true,"href":"https:\/\/redenoticiaz.com.br\/litoralsp\/wp-json\/wp\/v2\/users\/15"}],"replies":[{"embeddable":true,"href":"https:\/\/redenoticiaz.com.br\/litoralsp\/wp-json\/wp\/v2\/comments?post=96691"}],"version-history":[{"count":0,"href":"https:\/\/redenoticiaz.com.br\/litoralsp\/wp-json\/wp\/v2\/posts\/96691\/revisions"}],"wp:featuredmedia":[{"embeddable":true,"href":"https:\/\/redenoticiaz.com.br\/litoralsp\/wp-json\/wp\/v2\/media\/96692"}],"wp:attachment":[{"href":"https:\/\/redenoticiaz.com.br\/litoralsp\/wp-json\/wp\/v2\/media?parent=96691"}],"wp:term":[{"taxonomy":"category","embeddable":true,"href":"https:\/\/redenoticiaz.com.br\/litoralsp\/wp-json\/wp\/v2\/categories?post=96691"},{"taxonomy":"post_tag","embeddable":true,"href":"https:\/\/redenoticiaz.com.br\/litoralsp\/wp-json\/wp\/v2\/tags?post=96691"}],"curies":[{"name":"wp","href":"https:\/\/api.w.org\/{rel}","templated":true}]}}