{"id":96772,"date":"2022-12-11T11:00:31","date_gmt":"2022-12-11T14:00:31","guid":{"rendered":"https:\/\/redenoticiaz.com.br\/litoralsp\/?p=96772"},"modified":"2022-12-08T18:08:29","modified_gmt":"2022-12-08T21:08:29","slug":"confira-as-producoes-natalinas-disponiveis-no-streaming","status":"publish","type":"post","link":"https:\/\/redenoticiaz.com.br\/litoralsp\/2022\/12\/11\/confira-as-producoes-natalinas-disponiveis-no-streaming","title":{"rendered":"Confira as produ\u00e7\u00f5es natalinas dispon\u00edveis no streaming"},"content":{"rendered":"<p>\u00c9 real, o Natal j\u00e1 est\u00e1 chegando. Para aqueles que s\u00e3o f\u00e3s da data e gostam de uma boa programa\u00e7\u00e3o natalina. Selecionamos as produ\u00e7\u00f5es tem\u00e1ticas, al\u00e9m de novidades\u00a0 e os cl\u00e1ssicos especiais dispon\u00edveis no <b>Disney+<\/b>\u00a0e\u00a0<b>Star+<\/b>. Confira!<\/p>\n<p><b>Meu Papai (ainda) \u00e9 Noel<\/b><\/p>\n<p class=\"v1MsoNoSpacing\">Ap\u00f3s quase tr\u00eas d\u00e9cadas como Papai Noel, a magia de Scott Calvin come\u00e7a a enfraquecer. Ao se esfor\u00e7ar para lidar com as exig\u00eancias do trabalho, Scott descobre uma nova cl\u00e1usula que o faz questionar seu papel como pai e Papai Noel. A s\u00e9rie chegou recentemente no Disney+.<\/p>\n<p class=\"v1MsoNoSpacing\"><b>Guardi\u00f5es da Gal\u00e1xia: Especial de Natal<\/b><\/p>\n<p class=\"v1MsoNoSpacing\">Os Guardi\u00f5es da Gal\u00e1xia est\u00e3o de volta! O especial de Natal da\u00a0<b>Marvel Studios\u00a0<\/b>estreou no \u00faltimo dia 25 de novembro e traz de volta alguns dos personagens favoritos do universo, fechando a fase 4 do est\u00fadio. Para alegrar o Senhor das Estrelas (Chris Pratt), os guardi\u00f5es retornam \u00e0 Terra e sequestram o ator Kevin Bacon, como um presente de Natal \u00fanico.<\/p>\n<p class=\"v1MsoNoSpacing\"><b>Esqueceram de Mim (1990)<\/b><\/p>\n<p class=\"v1MsoNoSpacing\">Um cl\u00e1ssico de Natal! Em \u201c<b>Esqueceram de Mim\u201d,\u00a0<\/b>quando seus pais viajaram e o esqueceram sozinho em casa, Kevin pensou que tudo seria uma maravilha. At\u00e9 que ele se viu for\u00e7ado a ser o homem da casa, defendendo-a de invasores inesperados e atrapalhados. No Disney+ tamb\u00e9m est\u00e3o dispon\u00edveis &#8220;<b>Esqueceram de Mim 2<\/b>&#8221; (1992), &#8220;<b>Esqueceram de Mim 3<\/b>&#8221; (1997), &#8220;<b>Esqueceram de Mim 4<\/b>&#8221; (2002) e &#8220;<b>Esqueceram de Mim no Lar, Doce Lar<\/b>\u201d (2021).<\/p>\n<p>&nbsp;<\/p>\n<p><strong>O Melhor da Neve (2022)<\/strong><\/p>\n<p class=\"v1MsoNoSpacing\">&#8220;<b>O Melhor da Neve<\/b>&#8221; \u00e9 um especial de fim de ano, apresentado por Tituss Burgess, em que equipes de diferentes partes do mundo s\u00e3o transportadas para uma vila encantada e participam de uma competi\u00e7\u00e3o espirituosa para exibir suas habilidades na arte de esculturas de neve. Com cria\u00e7\u00f5es de tirar o f\u00f4lego e a presen\u00e7a dos ilustres convidados DCapella e Kermit, o Sapo, esta competi\u00e7\u00e3o repleta de a\u00e7\u00e3o \u00e9 divers\u00e3o garantida para toda a fam\u00edlia.<\/p>\n<p class=\"v1MsoNoSpacing\"><b>O Estranho Mundo De Jack (1993)<\/b><\/p>\n<p class=\"v1MsoNoSpacing\">Entediado com a mesma velha rotina de gritos e sustos, o rei do Halloween, Jac Esqueleto, quer espalhar a alegria do Natal. Mas sua miss\u00e3o alegre amea\u00e7a o Papai Noel e cria um pesadelo para as crian\u00e7as boazinhas de todo lugar.<\/p>\n<p>VEJA TAMB\u00c9M:\u00a0<a href=\"https:\/\/redenoticiaz.com.br\/blog\/2022\/12\/04\/mariah-carey-a-rainha-do-natal-disponibiliza-sua-casa-para-um-fim-de-semana-unico-em-nova-york\">Mariah Carey, a \u201crainha do Natal\u201d, disponibiliza sua casa para um fim de semana \u00fanico em Nova York<\/a><\/p>\n","protected":false},"excerpt":{"rendered":"<p>\u00c9 real, o Natal j\u00e1 est\u00e1 chegando. Para aqueles que s\u00e3o f\u00e3s da data e gostam de uma boa programa\u00e7\u00e3o natalina. Selecionamos as produ\u00e7\u00f5es tem\u00e1ticas, al\u00e9m de novidades\u00a0 e os cl\u00e1ssicos especiais dispon\u00edveis no Disney+\u00a0e\u00a0Star+. Confira! Meu Papai (ainda) \u00e9 Noel Ap\u00f3s quase tr\u00eas d\u00e9cadas como Papai Noel, a magia de Scott Calvin come\u00e7a a &hellip;<\/p>\n","protected":false},"author":15,"featured_media":96773,"comment_status":"open","ping_status":"closed","sticky":false,"template":"","format":"standard","meta":{"footnotes":""},"categories":[170],"tags":[61660,101,49666],"class_list":["post-96772","post","type-post","status-publish","format-standard","has-post-thumbnail","hentry","category-entretenimento","tag-filmes-e-series","tag-natal","tag-streaming"],"yoast_head":"<!-- This site is optimized with the Yoast SEO plugin v27.4 - https:\/\/yoast.com\/product\/yoast-seo-wordpress\/ -->\n<title>Confira as produ\u00e7\u00f5es natalinas dispon\u00edveis no streaming - Litoral SP<\/title>\n<meta name=\"description\" content=\"\u00c9 real, o Natal j\u00e1 est\u00e1 chegando. Para aqueles que s\u00e3o f\u00e3s da data e gostam de uma boa programa\u00e7\u00e3o natalina. Selecionamos as produ\u00e7\u00f5es tem\u00e1ticas\" \/>\n<meta name=\"robots\" content=\"index, follow, max-snippet:-1, max-image-preview:large, max-video-preview:-1\" \/>\n<link rel=\"canonical\" href=\"https:\/\/redenoticiaz.com.br\/litoralsp\/2022\/12\/11\/confira-as-producoes-natalinas-disponiveis-no-streaming\" \/>\n<meta property=\"og:locale\" content=\"pt_BR\" \/>\n<meta property=\"og:type\" content=\"article\" \/>\n<meta property=\"og:title\" content=\"Confira as produ\u00e7\u00f5es natalinas dispon\u00edveis no streaming - Litoral SP\" \/>\n<meta property=\"og:description\" content=\"\u00c9 real, o Natal j\u00e1 est\u00e1 chegando. Para aqueles que s\u00e3o f\u00e3s da data e gostam de uma boa programa\u00e7\u00e3o natalina. Selecionamos as produ\u00e7\u00f5es tem\u00e1ticas\" \/>\n<meta property=\"og:url\" content=\"https:\/\/redenoticiaz.com.br\/litoralsp\/2022\/12\/11\/confira-as-producoes-natalinas-disponiveis-no-streaming\" \/>\n<meta property=\"og:site_name\" content=\"Litoral SP\" \/>\n<meta property=\"article:published_time\" content=\"2022-12-11T14:00:31+00:00\" \/>\n<meta property=\"og:image\" content=\"https:\/\/redenoticiaz.com.br\/litoralsp\/wp-content\/uploads\/sites\/3\/2022\/12\/image003-1.jpg?v=1670533539\" \/>\n\t<meta property=\"og:image:width\" content=\"1298\" \/>\n\t<meta property=\"og:image:height\" content=\"868\" \/>\n\t<meta property=\"og:image:type\" content=\"image\/jpeg\" \/>\n<meta name=\"twitter:card\" content=\"summary_large_image\" \/>\n<meta name=\"twitter:label1\" content=\"Escrito por\" \/>\n\t<meta name=\"twitter:data1\" content=\"\" \/>\n\t<meta name=\"twitter:label2\" content=\"Est. tempo de leitura\" \/>\n\t<meta name=\"twitter:data2\" content=\"3 minutos\" \/>\n<script type=\"application\/ld+json\" class=\"yoast-schema-graph\">{\"@context\":\"https:\\\/\\\/schema.org\",\"@graph\":[{\"@type\":\"Article\",\"@id\":\"https:\\\/\\\/redenoticiaz.com.br\\\/litoralsp\\\/2022\\\/12\\\/11\\\/confira-as-producoes-natalinas-disponiveis-no-streaming#article\",\"isPartOf\":{\"@id\":\"https:\\\/\\\/redenoticiaz.com.br\\\/litoralsp\\\/2022\\\/12\\\/11\\\/confira-as-producoes-natalinas-disponiveis-no-streaming\"},\"author\":{\"name\":\"\",\"@id\":\"\"},\"headline\":\"Confira as produ\u00e7\u00f5es natalinas dispon\u00edveis no streaming\",\"datePublished\":\"2022-12-11T14:00:31+00:00\",\"mainEntityOfPage\":{\"@id\":\"https:\\\/\\\/redenoticiaz.com.br\\\/litoralsp\\\/2022\\\/12\\\/11\\\/confira-as-producoes-natalinas-disponiveis-no-streaming\"},\"wordCount\":414,\"commentCount\":0,\"publisher\":{\"@id\":\"https:\\\/\\\/redenoticiaz.com.br\\\/litoralsp\\\/#organization\"},\"image\":{\"@id\":\"https:\\\/\\\/redenoticiaz.com.br\\\/litoralsp\\\/2022\\\/12\\\/11\\\/confira-as-producoes-natalinas-disponiveis-no-streaming#primaryimage\"},\"thumbnailUrl\":\"https:\\\/\\\/redenoticiaz.com.br\\\/litoralsp\\\/wp-content\\\/uploads\\\/sites\\\/3\\\/2022\\\/12\\\/image003-1.jpg?v=1670533539\",\"keywords\":[\"FILMES E S\u00c9RIES\",\"NATAL\",\"STREAMING\"],\"articleSection\":[\"Entretenimento\"],\"inLanguage\":\"pt-BR\",\"potentialAction\":[{\"@type\":\"CommentAction\",\"name\":\"Comment\",\"target\":[\"https:\\\/\\\/redenoticiaz.com.br\\\/litoralsp\\\/2022\\\/12\\\/11\\\/confira-as-producoes-natalinas-disponiveis-no-streaming#respond\"]}]},{\"@type\":\"WebPage\",\"@id\":\"https:\\\/\\\/redenoticiaz.com.br\\\/litoralsp\\\/2022\\\/12\\\/11\\\/confira-as-producoes-natalinas-disponiveis-no-streaming\",\"url\":\"https:\\\/\\\/redenoticiaz.com.br\\\/litoralsp\\\/2022\\\/12\\\/11\\\/confira-as-producoes-natalinas-disponiveis-no-streaming\",\"name\":\"Confira as produ\u00e7\u00f5es natalinas dispon\u00edveis no streaming - Litoral SP\",\"isPartOf\":{\"@id\":\"https:\\\/\\\/redenoticiaz.com.br\\\/litoralsp\\\/#website\"},\"primaryImageOfPage\":{\"@id\":\"https:\\\/\\\/redenoticiaz.com.br\\\/litoralsp\\\/2022\\\/12\\\/11\\\/confira-as-producoes-natalinas-disponiveis-no-streaming#primaryimage\"},\"image\":{\"@id\":\"https:\\\/\\\/redenoticiaz.com.br\\\/litoralsp\\\/2022\\\/12\\\/11\\\/confira-as-producoes-natalinas-disponiveis-no-streaming#primaryimage\"},\"thumbnailUrl\":\"https:\\\/\\\/redenoticiaz.com.br\\\/litoralsp\\\/wp-content\\\/uploads\\\/sites\\\/3\\\/2022\\\/12\\\/image003-1.jpg?v=1670533539\",\"datePublished\":\"2022-12-11T14:00:31+00:00\",\"description\":\"\u00c9 real, o Natal j\u00e1 est\u00e1 chegando. Para aqueles que s\u00e3o f\u00e3s da data e gostam de uma boa programa\u00e7\u00e3o natalina. Selecionamos as produ\u00e7\u00f5es tem\u00e1ticas\",\"inLanguage\":\"pt-BR\",\"potentialAction\":[{\"@type\":\"ReadAction\",\"target\":[\"https:\\\/\\\/redenoticiaz.com.br\\\/litoralsp\\\/2022\\\/12\\\/11\\\/confira-as-producoes-natalinas-disponiveis-no-streaming\"]}]},{\"@type\":\"ImageObject\",\"inLanguage\":\"pt-BR\",\"@id\":\"https:\\\/\\\/redenoticiaz.com.br\\\/litoralsp\\\/2022\\\/12\\\/11\\\/confira-as-producoes-natalinas-disponiveis-no-streaming#primaryimage\",\"url\":\"https:\\\/\\\/redenoticiaz.com.br\\\/litoralsp\\\/wp-content\\\/uploads\\\/sites\\\/3\\\/2022\\\/12\\\/image003-1.jpg?v=1670533539\",\"contentUrl\":\"https:\\\/\\\/redenoticiaz.com.br\\\/litoralsp\\\/wp-content\\\/uploads\\\/sites\\\/3\\\/2022\\\/12\\\/image003-1.jpg?v=1670533539\",\"width\":1298,\"height\":868,\"caption\":\"Cr\u00e9dito: Divulga\u00e7\u00e3o\"},{\"@type\":\"WebSite\",\"@id\":\"https:\\\/\\\/redenoticiaz.com.br\\\/litoralsp\\\/#website\",\"url\":\"https:\\\/\\\/redenoticiaz.com.br\\\/litoralsp\\\/\",\"name\":\"Litoral SP\",\"description\":\"Rede NoticiaZ\",\"publisher\":{\"@id\":\"https:\\\/\\\/redenoticiaz.com.br\\\/litoralsp\\\/#organization\"},\"potentialAction\":[{\"@type\":\"SearchAction\",\"target\":{\"@type\":\"EntryPoint\",\"urlTemplate\":\"https:\\\/\\\/redenoticiaz.com.br\\\/litoralsp\\\/?s={search_term_string}\"},\"query-input\":{\"@type\":\"PropertyValueSpecification\",\"valueRequired\":true,\"valueName\":\"search_term_string\"}}],\"inLanguage\":\"pt-BR\"},{\"@type\":\"Organization\",\"@id\":\"https:\\\/\\\/redenoticiaz.com.br\\\/litoralsp\\\/#organization\",\"name\":\"Litoral SP\",\"url\":\"https:\\\/\\\/redenoticiaz.com.br\\\/litoralsp\\\/\",\"logo\":{\"@type\":\"ImageObject\",\"inLanguage\":\"pt-BR\",\"@id\":\"https:\\\/\\\/redenoticiaz.com.br\\\/litoralsp\\\/#\\\/schema\\\/logo\\\/image\\\/\",\"url\":\"https:\\\/\\\/redenoticiaz.com.br\\\/litoralsp\\\/wp-content\\\/uploads\\\/sites\\\/3\\\/2020\\\/11\\\/logo.jpg\",\"contentUrl\":\"https:\\\/\\\/redenoticiaz.com.br\\\/litoralsp\\\/wp-content\\\/uploads\\\/sites\\\/3\\\/2020\\\/11\\\/logo.jpg\",\"width\":400,\"height\":250,\"caption\":\"Litoral SP\"},\"image\":{\"@id\":\"https:\\\/\\\/redenoticiaz.com.br\\\/litoralsp\\\/#\\\/schema\\\/logo\\\/image\\\/\"}},{\"@type\":\"Person\",\"@id\":\"\",\"url\":\"https:\\\/\\\/redenoticiaz.com.br\\\/litoralsp\\\/author\"}]}<\/script>\n<!-- \/ Yoast SEO plugin. -->","yoast_head_json":{"title":"Confira as produ\u00e7\u00f5es natalinas dispon\u00edveis no streaming - Litoral SP","description":"\u00c9 real, o Natal j\u00e1 est\u00e1 chegando. Para aqueles que s\u00e3o f\u00e3s da data e gostam de uma boa programa\u00e7\u00e3o natalina. Selecionamos as produ\u00e7\u00f5es tem\u00e1ticas","robots":{"index":"index","follow":"follow","max-snippet":"max-snippet:-1","max-image-preview":"max-image-preview:large","max-video-preview":"max-video-preview:-1"},"canonical":"https:\/\/redenoticiaz.com.br\/litoralsp\/2022\/12\/11\/confira-as-producoes-natalinas-disponiveis-no-streaming","og_locale":"pt_BR","og_type":"article","og_title":"Confira as produ\u00e7\u00f5es natalinas dispon\u00edveis no streaming - Litoral SP","og_description":"\u00c9 real, o Natal j\u00e1 est\u00e1 chegando. Para aqueles que s\u00e3o f\u00e3s da data e gostam de uma boa programa\u00e7\u00e3o natalina. Selecionamos as produ\u00e7\u00f5es tem\u00e1ticas","og_url":"https:\/\/redenoticiaz.com.br\/litoralsp\/2022\/12\/11\/confira-as-producoes-natalinas-disponiveis-no-streaming","og_site_name":"Litoral SP","article_published_time":"2022-12-11T14:00:31+00:00","og_image":[{"width":1298,"height":868,"url":"https:\/\/redenoticiaz.com.br\/litoralsp\/wp-content\/uploads\/sites\/3\/2022\/12\/image003-1.jpg?v=1670533539","type":"image\/jpeg"}],"twitter_card":"summary_large_image","twitter_misc":{"Escrito por":"","Est. tempo de leitura":"3 minutos"},"schema":{"@context":"https:\/\/schema.org","@graph":[{"@type":"Article","@id":"https:\/\/redenoticiaz.com.br\/litoralsp\/2022\/12\/11\/confira-as-producoes-natalinas-disponiveis-no-streaming#article","isPartOf":{"@id":"https:\/\/redenoticiaz.com.br\/litoralsp\/2022\/12\/11\/confira-as-producoes-natalinas-disponiveis-no-streaming"},"author":{"name":"","@id":""},"headline":"Confira as produ\u00e7\u00f5es natalinas dispon\u00edveis no streaming","datePublished":"2022-12-11T14:00:31+00:00","mainEntityOfPage":{"@id":"https:\/\/redenoticiaz.com.br\/litoralsp\/2022\/12\/11\/confira-as-producoes-natalinas-disponiveis-no-streaming"},"wordCount":414,"commentCount":0,"publisher":{"@id":"https:\/\/redenoticiaz.com.br\/litoralsp\/#organization"},"image":{"@id":"https:\/\/redenoticiaz.com.br\/litoralsp\/2022\/12\/11\/confira-as-producoes-natalinas-disponiveis-no-streaming#primaryimage"},"thumbnailUrl":"https:\/\/redenoticiaz.com.br\/litoralsp\/wp-content\/uploads\/sites\/3\/2022\/12\/image003-1.jpg?v=1670533539","keywords":["FILMES E S\u00c9RIES","NATAL","STREAMING"],"articleSection":["Entretenimento"],"inLanguage":"pt-BR","potentialAction":[{"@type":"CommentAction","name":"Comment","target":["https:\/\/redenoticiaz.com.br\/litoralsp\/2022\/12\/11\/confira-as-producoes-natalinas-disponiveis-no-streaming#respond"]}]},{"@type":"WebPage","@id":"https:\/\/redenoticiaz.com.br\/litoralsp\/2022\/12\/11\/confira-as-producoes-natalinas-disponiveis-no-streaming","url":"https:\/\/redenoticiaz.com.br\/litoralsp\/2022\/12\/11\/confira-as-producoes-natalinas-disponiveis-no-streaming","name":"Confira as produ\u00e7\u00f5es natalinas dispon\u00edveis no streaming - Litoral SP","isPartOf":{"@id":"https:\/\/redenoticiaz.com.br\/litoralsp\/#website"},"primaryImageOfPage":{"@id":"https:\/\/redenoticiaz.com.br\/litoralsp\/2022\/12\/11\/confira-as-producoes-natalinas-disponiveis-no-streaming#primaryimage"},"image":{"@id":"https:\/\/redenoticiaz.com.br\/litoralsp\/2022\/12\/11\/confira-as-producoes-natalinas-disponiveis-no-streaming#primaryimage"},"thumbnailUrl":"https:\/\/redenoticiaz.com.br\/litoralsp\/wp-content\/uploads\/sites\/3\/2022\/12\/image003-1.jpg?v=1670533539","datePublished":"2022-12-11T14:00:31+00:00","description":"\u00c9 real, o Natal j\u00e1 est\u00e1 chegando. Para aqueles que s\u00e3o f\u00e3s da data e gostam de uma boa programa\u00e7\u00e3o natalina. Selecionamos as produ\u00e7\u00f5es tem\u00e1ticas","inLanguage":"pt-BR","potentialAction":[{"@type":"ReadAction","target":["https:\/\/redenoticiaz.com.br\/litoralsp\/2022\/12\/11\/confira-as-producoes-natalinas-disponiveis-no-streaming"]}]},{"@type":"ImageObject","inLanguage":"pt-BR","@id":"https:\/\/redenoticiaz.com.br\/litoralsp\/2022\/12\/11\/confira-as-producoes-natalinas-disponiveis-no-streaming#primaryimage","url":"https:\/\/redenoticiaz.com.br\/litoralsp\/wp-content\/uploads\/sites\/3\/2022\/12\/image003-1.jpg?v=1670533539","contentUrl":"https:\/\/redenoticiaz.com.br\/litoralsp\/wp-content\/uploads\/sites\/3\/2022\/12\/image003-1.jpg?v=1670533539","width":1298,"height":868,"caption":"Cr\u00e9dito: Divulga\u00e7\u00e3o"},{"@type":"WebSite","@id":"https:\/\/redenoticiaz.com.br\/litoralsp\/#website","url":"https:\/\/redenoticiaz.com.br\/litoralsp\/","name":"Litoral SP","description":"Rede NoticiaZ","publisher":{"@id":"https:\/\/redenoticiaz.com.br\/litoralsp\/#organization"},"potentialAction":[{"@type":"SearchAction","target":{"@type":"EntryPoint","urlTemplate":"https:\/\/redenoticiaz.com.br\/litoralsp\/?s={search_term_string}"},"query-input":{"@type":"PropertyValueSpecification","valueRequired":true,"valueName":"search_term_string"}}],"inLanguage":"pt-BR"},{"@type":"Organization","@id":"https:\/\/redenoticiaz.com.br\/litoralsp\/#organization","name":"Litoral SP","url":"https:\/\/redenoticiaz.com.br\/litoralsp\/","logo":{"@type":"ImageObject","inLanguage":"pt-BR","@id":"https:\/\/redenoticiaz.com.br\/litoralsp\/#\/schema\/logo\/image\/","url":"https:\/\/redenoticiaz.com.br\/litoralsp\/wp-content\/uploads\/sites\/3\/2020\/11\/logo.jpg","contentUrl":"https:\/\/redenoticiaz.com.br\/litoralsp\/wp-content\/uploads\/sites\/3\/2020\/11\/logo.jpg","width":400,"height":250,"caption":"Litoral SP"},"image":{"@id":"https:\/\/redenoticiaz.com.br\/litoralsp\/#\/schema\/logo\/image\/"}},{"@type":"Person","@id":"","url":"https:\/\/redenoticiaz.com.br\/litoralsp\/author"}]}},"_links":{"self":[{"href":"https:\/\/redenoticiaz.com.br\/litoralsp\/wp-json\/wp\/v2\/posts\/96772","targetHints":{"allow":["GET"]}}],"collection":[{"href":"https:\/\/redenoticiaz.com.br\/litoralsp\/wp-json\/wp\/v2\/posts"}],"about":[{"href":"https:\/\/redenoticiaz.com.br\/litoralsp\/wp-json\/wp\/v2\/types\/post"}],"author":[{"embeddable":true,"href":"https:\/\/redenoticiaz.com.br\/litoralsp\/wp-json\/wp\/v2\/users\/15"}],"replies":[{"embeddable":true,"href":"https:\/\/redenoticiaz.com.br\/litoralsp\/wp-json\/wp\/v2\/comments?post=96772"}],"version-history":[{"count":0,"href":"https:\/\/redenoticiaz.com.br\/litoralsp\/wp-json\/wp\/v2\/posts\/96772\/revisions"}],"wp:featuredmedia":[{"embeddable":true,"href":"https:\/\/redenoticiaz.com.br\/litoralsp\/wp-json\/wp\/v2\/media\/96773"}],"wp:attachment":[{"href":"https:\/\/redenoticiaz.com.br\/litoralsp\/wp-json\/wp\/v2\/media?parent=96772"}],"wp:term":[{"taxonomy":"category","embeddable":true,"href":"https:\/\/redenoticiaz.com.br\/litoralsp\/wp-json\/wp\/v2\/categories?post=96772"},{"taxonomy":"post_tag","embeddable":true,"href":"https:\/\/redenoticiaz.com.br\/litoralsp\/wp-json\/wp\/v2\/tags?post=96772"}],"curies":[{"name":"wp","href":"https:\/\/api.w.org\/{rel}","templated":true}]}}