{"id":96861,"date":"2022-12-10T13:37:33","date_gmt":"2022-12-10T16:37:33","guid":{"rendered":"https:\/\/redenoticiaz.com.br\/litoralsp\/?p=96861"},"modified":"2022-12-10T13:37:33","modified_gmt":"2022-12-10T16:37:33","slug":"magia-do-natal-criativo-leva-tres-mil-pessoas-ao-centro-historico-de-santos","status":"publish","type":"post","link":"https:\/\/redenoticiaz.com.br\/litoralsp\/2022\/12\/10\/magia-do-natal-criativo-leva-tres-mil-pessoas-ao-centro-historico-de-santos","title":{"rendered":"Magia do Natal Criativo leva tr\u00eas mil pessoas ao Centro Hist\u00f3rico de Santos"},"content":{"rendered":"<p>A magia do Natal chegou \u00e0 Pra\u00e7a Mau\u00e1, em Santos, na noite de sexta-feira (9). Um mundo de cores, luzes e emo\u00e7\u00e3o marcou a abertura do Natal Criativo levando cerca de tr\u00eas mil pessoas ao Centro Hist\u00f3rico. Perdeu a oportunidade? N\u00e3o tem problema, confira como foi o primeiro dia do evento e corre para aproveitar porque tem muito mais neste final de semana.<\/p>\n<p>De acordo com a Prefeitura, a Proje\u00e7\u00e3o mapeada no Pa\u00e7o Municipal encantou o p\u00fablico. Foi um show de imagens e luzes, destacando a riqueza arquitet\u00f4nica do Pal\u00e1cio Jos\u00e9 Bonif\u00e1cio. A sede do Executivo santista virou um imenso tel\u00e3o. A apresenta\u00e7\u00e3o contou com dois atos e tr\u00eas m\u00fasicas.<\/p>\n<p>Ainda de acordo com as informa\u00e7\u00f5es, o primeiro, com dura\u00e7\u00e3o de quatro minutos, mostrou de forma l\u00fadica um pouco do trabalho de Papai Noel para entregar os presentes para as crian\u00e7as, com duendes correndo pelas janelas e renas a todo vapor. J\u00e1 o segundo, com cerca de dois minutos, apresentou figuras geom\u00e9tricas e imagens 3D, transformando o pr\u00e9dio em um quadro de obra de arte tecnol\u00f3gica.<\/p>\n<p>Sendo assim, a proje\u00e7\u00e3o ser\u00e1 exibida ainda neste s\u00e1bado (10) e domingo (11), e de 15 a 18 e 22 e 23 de dezembro, das 18h \u00e0s 21h, a cada 30 minutos. O filme foi produzido pela produtora Visual Farm, com patroc\u00ednio da TMK Engenharia, Litoral Plaza e P\u00e3o de A\u00e7\u00facar.<\/p>\n<p>O carrossel, uma das novidades em 2022, foi uma das principais atra\u00e7\u00f5es na Pra\u00e7a Mau\u00e1, divertindo as crian\u00e7as e deixando papais e mam\u00e3es com gostinho de volta \u00e0 inf\u00e2ncia.<\/p>\n<h2>Empreendedores<\/h2>\n<p>Entre os dias 10 e 11, das 16h \u00e0s 21h, cerca de 50 empreendedores do projeto Feito em Santos, da Secretaria de Empreendedorismo, Economia Criativa e Turismo (Seectur) estar\u00e3o na Pra\u00e7a Mau\u00e1, expondo produtos produzidos artesanalmente. Outros 25 artes\u00e3os dos coletivos Fest Art e Artes\u00e3s da Zona Noroeste estar\u00e3o na regi\u00e3o do Valongo.<\/p>\n<p><strong>Leia mais<\/strong><\/p>\n<p><a href=\"https:\/\/redenoticiaz.com.br\/litoralsp\/2022\/12\/04\/desfile-de-natal-promete-levar-a-magia-em-caraguatatuba\">Desfile de Natal promete levar a magia em Caraguatatuba<\/a><\/p>\n","protected":false},"excerpt":{"rendered":"<p>A magia do Natal chegou \u00e0 Pra\u00e7a Mau\u00e1, em Santos, na noite de sexta-feira (9). Um mundo de cores, luzes e emo\u00e7\u00e3o marcou a abertura do Natal Criativo levando cerca de tr\u00eas mil pessoas ao Centro Hist\u00f3rico. Perdeu a oportunidade? N\u00e3o tem problema, confira como foi o primeiro dia do evento e corre para aproveitar &hellip;<\/p>\n","protected":false},"author":12,"featured_media":96862,"comment_status":"open","ping_status":"closed","sticky":false,"template":"","format":"standard","meta":{"footnotes":""},"categories":[180],"tags":[50772,61710,39896,986],"class_list":["post-96861","post","type-post","status-publish","format-standard","has-post-thumbnail","hentry","category-santos","tag-centro-historico-de-santos","tag-natal-criativo","tag-palacio-jose-bonifacio","tag-santos"],"yoast_head":"<!-- This site is optimized with the Yoast SEO plugin v27.4 - https:\/\/yoast.com\/product\/yoast-seo-wordpress\/ -->\n<title>Magia do Natal Criativo leva tr\u00eas mil pessoas ao Centro Hist\u00f3rico de Santos - Litoral SP<\/title>\n<meta name=\"description\" content=\"Um mundo de cores, luzes e emo\u00e7\u00e3o marcou a abertura do Natal Criativo levando cerca de tr\u00eas mil pessoas ao Centro Hist\u00f3rico.\" \/>\n<meta name=\"robots\" content=\"index, follow, max-snippet:-1, max-image-preview:large, max-video-preview:-1\" \/>\n<link rel=\"canonical\" href=\"https:\/\/redenoticiaz.com.br\/litoralsp\/2022\/12\/10\/magia-do-natal-criativo-leva-tres-mil-pessoas-ao-centro-historico-de-santos\" \/>\n<meta property=\"og:locale\" content=\"pt_BR\" \/>\n<meta property=\"og:type\" content=\"article\" \/>\n<meta property=\"og:title\" content=\"Magia do Natal Criativo leva tr\u00eas mil pessoas ao Centro Hist\u00f3rico de Santos - Litoral SP\" \/>\n<meta property=\"og:description\" content=\"Um mundo de cores, luzes e emo\u00e7\u00e3o marcou a abertura do Natal Criativo levando cerca de tr\u00eas mil pessoas ao Centro Hist\u00f3rico.\" \/>\n<meta property=\"og:url\" content=\"https:\/\/redenoticiaz.com.br\/litoralsp\/2022\/12\/10\/magia-do-natal-criativo-leva-tres-mil-pessoas-ao-centro-historico-de-santos\" \/>\n<meta property=\"og:site_name\" content=\"Litoral SP\" \/>\n<meta property=\"article:published_time\" content=\"2022-12-10T16:37:33+00:00\" \/>\n<meta property=\"og:image\" content=\"https:\/\/redenoticiaz.com.br\/litoralsp\/wp-content\/uploads\/sites\/3\/2022\/12\/raimundo_rosa_4178.jpg\" \/>\n\t<meta property=\"og:image:width\" content=\"953\" \/>\n\t<meta property=\"og:image:height\" content=\"635\" \/>\n\t<meta property=\"og:image:type\" content=\"image\/jpeg\" \/>\n<meta name=\"author\" content=\"Gustavo Silva\" \/>\n<meta name=\"twitter:card\" content=\"summary_large_image\" \/>\n<meta name=\"twitter:label1\" content=\"Escrito por\" \/>\n\t<meta name=\"twitter:data1\" content=\"Gustavo Silva\" \/>\n\t<meta name=\"twitter:label2\" content=\"Est. tempo de leitura\" \/>\n\t<meta name=\"twitter:data2\" content=\"2 minutos\" \/>\n<script type=\"application\/ld+json\" class=\"yoast-schema-graph\">{\"@context\":\"https:\\\/\\\/schema.org\",\"@graph\":[{\"@type\":\"Article\",\"@id\":\"https:\\\/\\\/redenoticiaz.com.br\\\/litoralsp\\\/2022\\\/12\\\/10\\\/magia-do-natal-criativo-leva-tres-mil-pessoas-ao-centro-historico-de-santos#article\",\"isPartOf\":{\"@id\":\"https:\\\/\\\/redenoticiaz.com.br\\\/litoralsp\\\/2022\\\/12\\\/10\\\/magia-do-natal-criativo-leva-tres-mil-pessoas-ao-centro-historico-de-santos\"},\"author\":{\"name\":\"Gustavo Silva\",\"@id\":\"https:\\\/\\\/redenoticiaz.com.br\\\/litoralsp\\\/#\\\/schema\\\/person\\\/16057b37a3c0ee6b096d7f887c566e2e\"},\"headline\":\"Magia do Natal Criativo leva tr\u00eas mil pessoas ao Centro Hist\u00f3rico de Santos\",\"datePublished\":\"2022-12-10T16:37:33+00:00\",\"mainEntityOfPage\":{\"@id\":\"https:\\\/\\\/redenoticiaz.com.br\\\/litoralsp\\\/2022\\\/12\\\/10\\\/magia-do-natal-criativo-leva-tres-mil-pessoas-ao-centro-historico-de-santos\"},\"wordCount\":359,\"commentCount\":0,\"publisher\":{\"@id\":\"https:\\\/\\\/redenoticiaz.com.br\\\/litoralsp\\\/#organization\"},\"image\":{\"@id\":\"https:\\\/\\\/redenoticiaz.com.br\\\/litoralsp\\\/2022\\\/12\\\/10\\\/magia-do-natal-criativo-leva-tres-mil-pessoas-ao-centro-historico-de-santos#primaryimage\"},\"thumbnailUrl\":\"https:\\\/\\\/redenoticiaz.com.br\\\/litoralsp\\\/wp-content\\\/uploads\\\/sites\\\/3\\\/2022\\\/12\\\/raimundo_rosa_4178.jpg\",\"keywords\":[\"CENTRO HIST\u00d3RICO DE SANTOS\",\"Natal Criativo\",\"PAL\u00c1CIO JOS\u00c9 BONIF\u00c1CIO\",\"Santos\"],\"articleSection\":[\"Santos\"],\"inLanguage\":\"pt-BR\",\"potentialAction\":[{\"@type\":\"CommentAction\",\"name\":\"Comment\",\"target\":[\"https:\\\/\\\/redenoticiaz.com.br\\\/litoralsp\\\/2022\\\/12\\\/10\\\/magia-do-natal-criativo-leva-tres-mil-pessoas-ao-centro-historico-de-santos#respond\"]}]},{\"@type\":\"WebPage\",\"@id\":\"https:\\\/\\\/redenoticiaz.com.br\\\/litoralsp\\\/2022\\\/12\\\/10\\\/magia-do-natal-criativo-leva-tres-mil-pessoas-ao-centro-historico-de-santos\",\"url\":\"https:\\\/\\\/redenoticiaz.com.br\\\/litoralsp\\\/2022\\\/12\\\/10\\\/magia-do-natal-criativo-leva-tres-mil-pessoas-ao-centro-historico-de-santos\",\"name\":\"Magia do Natal Criativo leva tr\u00eas mil pessoas ao Centro Hist\u00f3rico de Santos - Litoral SP\",\"isPartOf\":{\"@id\":\"https:\\\/\\\/redenoticiaz.com.br\\\/litoralsp\\\/#website\"},\"primaryImageOfPage\":{\"@id\":\"https:\\\/\\\/redenoticiaz.com.br\\\/litoralsp\\\/2022\\\/12\\\/10\\\/magia-do-natal-criativo-leva-tres-mil-pessoas-ao-centro-historico-de-santos#primaryimage\"},\"image\":{\"@id\":\"https:\\\/\\\/redenoticiaz.com.br\\\/litoralsp\\\/2022\\\/12\\\/10\\\/magia-do-natal-criativo-leva-tres-mil-pessoas-ao-centro-historico-de-santos#primaryimage\"},\"thumbnailUrl\":\"https:\\\/\\\/redenoticiaz.com.br\\\/litoralsp\\\/wp-content\\\/uploads\\\/sites\\\/3\\\/2022\\\/12\\\/raimundo_rosa_4178.jpg\",\"datePublished\":\"2022-12-10T16:37:33+00:00\",\"description\":\"Um mundo de cores, luzes e emo\u00e7\u00e3o marcou a abertura do Natal Criativo levando cerca de tr\u00eas mil pessoas ao Centro Hist\u00f3rico.\",\"inLanguage\":\"pt-BR\",\"potentialAction\":[{\"@type\":\"ReadAction\",\"target\":[\"https:\\\/\\\/redenoticiaz.com.br\\\/litoralsp\\\/2022\\\/12\\\/10\\\/magia-do-natal-criativo-leva-tres-mil-pessoas-ao-centro-historico-de-santos\"]}]},{\"@type\":\"ImageObject\",\"inLanguage\":\"pt-BR\",\"@id\":\"https:\\\/\\\/redenoticiaz.com.br\\\/litoralsp\\\/2022\\\/12\\\/10\\\/magia-do-natal-criativo-leva-tres-mil-pessoas-ao-centro-historico-de-santos#primaryimage\",\"url\":\"https:\\\/\\\/redenoticiaz.com.br\\\/litoralsp\\\/wp-content\\\/uploads\\\/sites\\\/3\\\/2022\\\/12\\\/raimundo_rosa_4178.jpg\",\"contentUrl\":\"https:\\\/\\\/redenoticiaz.com.br\\\/litoralsp\\\/wp-content\\\/uploads\\\/sites\\\/3\\\/2022\\\/12\\\/raimundo_rosa_4178.jpg\",\"width\":953,\"height\":635,\"caption\":\"Magia do Natal Criativo leva tr\u00eas mil pessoas ao Centro Hist\u00f3rico de Santos\"},{\"@type\":\"WebSite\",\"@id\":\"https:\\\/\\\/redenoticiaz.com.br\\\/litoralsp\\\/#website\",\"url\":\"https:\\\/\\\/redenoticiaz.com.br\\\/litoralsp\\\/\",\"name\":\"Litoral SP\",\"description\":\"Rede NoticiaZ\",\"publisher\":{\"@id\":\"https:\\\/\\\/redenoticiaz.com.br\\\/litoralsp\\\/#organization\"},\"potentialAction\":[{\"@type\":\"SearchAction\",\"target\":{\"@type\":\"EntryPoint\",\"urlTemplate\":\"https:\\\/\\\/redenoticiaz.com.br\\\/litoralsp\\\/?s={search_term_string}\"},\"query-input\":{\"@type\":\"PropertyValueSpecification\",\"valueRequired\":true,\"valueName\":\"search_term_string\"}}],\"inLanguage\":\"pt-BR\"},{\"@type\":\"Organization\",\"@id\":\"https:\\\/\\\/redenoticiaz.com.br\\\/litoralsp\\\/#organization\",\"name\":\"Litoral SP\",\"url\":\"https:\\\/\\\/redenoticiaz.com.br\\\/litoralsp\\\/\",\"logo\":{\"@type\":\"ImageObject\",\"inLanguage\":\"pt-BR\",\"@id\":\"https:\\\/\\\/redenoticiaz.com.br\\\/litoralsp\\\/#\\\/schema\\\/logo\\\/image\\\/\",\"url\":\"https:\\\/\\\/redenoticiaz.com.br\\\/litoralsp\\\/wp-content\\\/uploads\\\/sites\\\/3\\\/2020\\\/11\\\/logo.jpg\",\"contentUrl\":\"https:\\\/\\\/redenoticiaz.com.br\\\/litoralsp\\\/wp-content\\\/uploads\\\/sites\\\/3\\\/2020\\\/11\\\/logo.jpg\",\"width\":400,\"height\":250,\"caption\":\"Litoral SP\"},\"image\":{\"@id\":\"https:\\\/\\\/redenoticiaz.com.br\\\/litoralsp\\\/#\\\/schema\\\/logo\\\/image\\\/\"}},{\"@type\":\"Person\",\"@id\":\"https:\\\/\\\/redenoticiaz.com.br\\\/litoralsp\\\/#\\\/schema\\\/person\\\/16057b37a3c0ee6b096d7f887c566e2e\",\"name\":\"Gustavo Silva\",\"image\":{\"@type\":\"ImageObject\",\"inLanguage\":\"pt-BR\",\"@id\":\"https:\\\/\\\/secure.gravatar.com\\\/avatar\\\/3ee4e82f93b26de0a7cf4ea5eb7893da637ed6bb0c9170c58065944c56e28a33?s=96&d=mm&r=g\",\"url\":\"https:\\\/\\\/secure.gravatar.com\\\/avatar\\\/3ee4e82f93b26de0a7cf4ea5eb7893da637ed6bb0c9170c58065944c56e28a33?s=96&d=mm&r=g\",\"contentUrl\":\"https:\\\/\\\/secure.gravatar.com\\\/avatar\\\/3ee4e82f93b26de0a7cf4ea5eb7893da637ed6bb0c9170c58065944c56e28a33?s=96&d=mm&r=g\",\"caption\":\"Gustavo Silva\"},\"url\":\"https:\\\/\\\/redenoticiaz.com.br\\\/litoralsp\\\/author\\\/gustavosilva\"}]}<\/script>\n<!-- \/ Yoast SEO plugin. -->","yoast_head_json":{"title":"Magia do Natal Criativo leva tr\u00eas mil pessoas ao Centro Hist\u00f3rico de Santos - Litoral SP","description":"Um mundo de cores, luzes e emo\u00e7\u00e3o marcou a abertura do Natal Criativo levando cerca de tr\u00eas mil pessoas ao Centro Hist\u00f3rico.","robots":{"index":"index","follow":"follow","max-snippet":"max-snippet:-1","max-image-preview":"max-image-preview:large","max-video-preview":"max-video-preview:-1"},"canonical":"https:\/\/redenoticiaz.com.br\/litoralsp\/2022\/12\/10\/magia-do-natal-criativo-leva-tres-mil-pessoas-ao-centro-historico-de-santos","og_locale":"pt_BR","og_type":"article","og_title":"Magia do Natal Criativo leva tr\u00eas mil pessoas ao Centro Hist\u00f3rico de Santos - Litoral SP","og_description":"Um mundo de cores, luzes e emo\u00e7\u00e3o marcou a abertura do Natal Criativo levando cerca de tr\u00eas mil pessoas ao Centro Hist\u00f3rico.","og_url":"https:\/\/redenoticiaz.com.br\/litoralsp\/2022\/12\/10\/magia-do-natal-criativo-leva-tres-mil-pessoas-ao-centro-historico-de-santos","og_site_name":"Litoral SP","article_published_time":"2022-12-10T16:37:33+00:00","og_image":[{"width":953,"height":635,"url":"https:\/\/redenoticiaz.com.br\/litoralsp\/wp-content\/uploads\/sites\/3\/2022\/12\/raimundo_rosa_4178.jpg","type":"image\/jpeg"}],"author":"Gustavo Silva","twitter_card":"summary_large_image","twitter_misc":{"Escrito por":"Gustavo Silva","Est. tempo de leitura":"2 minutos"},"schema":{"@context":"https:\/\/schema.org","@graph":[{"@type":"Article","@id":"https:\/\/redenoticiaz.com.br\/litoralsp\/2022\/12\/10\/magia-do-natal-criativo-leva-tres-mil-pessoas-ao-centro-historico-de-santos#article","isPartOf":{"@id":"https:\/\/redenoticiaz.com.br\/litoralsp\/2022\/12\/10\/magia-do-natal-criativo-leva-tres-mil-pessoas-ao-centro-historico-de-santos"},"author":{"name":"Gustavo Silva","@id":"https:\/\/redenoticiaz.com.br\/litoralsp\/#\/schema\/person\/16057b37a3c0ee6b096d7f887c566e2e"},"headline":"Magia do Natal Criativo leva tr\u00eas mil pessoas ao Centro Hist\u00f3rico de Santos","datePublished":"2022-12-10T16:37:33+00:00","mainEntityOfPage":{"@id":"https:\/\/redenoticiaz.com.br\/litoralsp\/2022\/12\/10\/magia-do-natal-criativo-leva-tres-mil-pessoas-ao-centro-historico-de-santos"},"wordCount":359,"commentCount":0,"publisher":{"@id":"https:\/\/redenoticiaz.com.br\/litoralsp\/#organization"},"image":{"@id":"https:\/\/redenoticiaz.com.br\/litoralsp\/2022\/12\/10\/magia-do-natal-criativo-leva-tres-mil-pessoas-ao-centro-historico-de-santos#primaryimage"},"thumbnailUrl":"https:\/\/redenoticiaz.com.br\/litoralsp\/wp-content\/uploads\/sites\/3\/2022\/12\/raimundo_rosa_4178.jpg","keywords":["CENTRO HIST\u00d3RICO DE SANTOS","Natal Criativo","PAL\u00c1CIO JOS\u00c9 BONIF\u00c1CIO","Santos"],"articleSection":["Santos"],"inLanguage":"pt-BR","potentialAction":[{"@type":"CommentAction","name":"Comment","target":["https:\/\/redenoticiaz.com.br\/litoralsp\/2022\/12\/10\/magia-do-natal-criativo-leva-tres-mil-pessoas-ao-centro-historico-de-santos#respond"]}]},{"@type":"WebPage","@id":"https:\/\/redenoticiaz.com.br\/litoralsp\/2022\/12\/10\/magia-do-natal-criativo-leva-tres-mil-pessoas-ao-centro-historico-de-santos","url":"https:\/\/redenoticiaz.com.br\/litoralsp\/2022\/12\/10\/magia-do-natal-criativo-leva-tres-mil-pessoas-ao-centro-historico-de-santos","name":"Magia do Natal Criativo leva tr\u00eas mil pessoas ao Centro Hist\u00f3rico de Santos - Litoral SP","isPartOf":{"@id":"https:\/\/redenoticiaz.com.br\/litoralsp\/#website"},"primaryImageOfPage":{"@id":"https:\/\/redenoticiaz.com.br\/litoralsp\/2022\/12\/10\/magia-do-natal-criativo-leva-tres-mil-pessoas-ao-centro-historico-de-santos#primaryimage"},"image":{"@id":"https:\/\/redenoticiaz.com.br\/litoralsp\/2022\/12\/10\/magia-do-natal-criativo-leva-tres-mil-pessoas-ao-centro-historico-de-santos#primaryimage"},"thumbnailUrl":"https:\/\/redenoticiaz.com.br\/litoralsp\/wp-content\/uploads\/sites\/3\/2022\/12\/raimundo_rosa_4178.jpg","datePublished":"2022-12-10T16:37:33+00:00","description":"Um mundo de cores, luzes e emo\u00e7\u00e3o marcou a abertura do Natal Criativo levando cerca de tr\u00eas mil pessoas ao Centro Hist\u00f3rico.","inLanguage":"pt-BR","potentialAction":[{"@type":"ReadAction","target":["https:\/\/redenoticiaz.com.br\/litoralsp\/2022\/12\/10\/magia-do-natal-criativo-leva-tres-mil-pessoas-ao-centro-historico-de-santos"]}]},{"@type":"ImageObject","inLanguage":"pt-BR","@id":"https:\/\/redenoticiaz.com.br\/litoralsp\/2022\/12\/10\/magia-do-natal-criativo-leva-tres-mil-pessoas-ao-centro-historico-de-santos#primaryimage","url":"https:\/\/redenoticiaz.com.br\/litoralsp\/wp-content\/uploads\/sites\/3\/2022\/12\/raimundo_rosa_4178.jpg","contentUrl":"https:\/\/redenoticiaz.com.br\/litoralsp\/wp-content\/uploads\/sites\/3\/2022\/12\/raimundo_rosa_4178.jpg","width":953,"height":635,"caption":"Magia do Natal Criativo leva tr\u00eas mil pessoas ao Centro Hist\u00f3rico de Santos"},{"@type":"WebSite","@id":"https:\/\/redenoticiaz.com.br\/litoralsp\/#website","url":"https:\/\/redenoticiaz.com.br\/litoralsp\/","name":"Litoral SP","description":"Rede NoticiaZ","publisher":{"@id":"https:\/\/redenoticiaz.com.br\/litoralsp\/#organization"},"potentialAction":[{"@type":"SearchAction","target":{"@type":"EntryPoint","urlTemplate":"https:\/\/redenoticiaz.com.br\/litoralsp\/?s={search_term_string}"},"query-input":{"@type":"PropertyValueSpecification","valueRequired":true,"valueName":"search_term_string"}}],"inLanguage":"pt-BR"},{"@type":"Organization","@id":"https:\/\/redenoticiaz.com.br\/litoralsp\/#organization","name":"Litoral SP","url":"https:\/\/redenoticiaz.com.br\/litoralsp\/","logo":{"@type":"ImageObject","inLanguage":"pt-BR","@id":"https:\/\/redenoticiaz.com.br\/litoralsp\/#\/schema\/logo\/image\/","url":"https:\/\/redenoticiaz.com.br\/litoralsp\/wp-content\/uploads\/sites\/3\/2020\/11\/logo.jpg","contentUrl":"https:\/\/redenoticiaz.com.br\/litoralsp\/wp-content\/uploads\/sites\/3\/2020\/11\/logo.jpg","width":400,"height":250,"caption":"Litoral SP"},"image":{"@id":"https:\/\/redenoticiaz.com.br\/litoralsp\/#\/schema\/logo\/image\/"}},{"@type":"Person","@id":"https:\/\/redenoticiaz.com.br\/litoralsp\/#\/schema\/person\/16057b37a3c0ee6b096d7f887c566e2e","name":"Gustavo Silva","image":{"@type":"ImageObject","inLanguage":"pt-BR","@id":"https:\/\/secure.gravatar.com\/avatar\/3ee4e82f93b26de0a7cf4ea5eb7893da637ed6bb0c9170c58065944c56e28a33?s=96&d=mm&r=g","url":"https:\/\/secure.gravatar.com\/avatar\/3ee4e82f93b26de0a7cf4ea5eb7893da637ed6bb0c9170c58065944c56e28a33?s=96&d=mm&r=g","contentUrl":"https:\/\/secure.gravatar.com\/avatar\/3ee4e82f93b26de0a7cf4ea5eb7893da637ed6bb0c9170c58065944c56e28a33?s=96&d=mm&r=g","caption":"Gustavo Silva"},"url":"https:\/\/redenoticiaz.com.br\/litoralsp\/author\/gustavosilva"}]}},"_links":{"self":[{"href":"https:\/\/redenoticiaz.com.br\/litoralsp\/wp-json\/wp\/v2\/posts\/96861","targetHints":{"allow":["GET"]}}],"collection":[{"href":"https:\/\/redenoticiaz.com.br\/litoralsp\/wp-json\/wp\/v2\/posts"}],"about":[{"href":"https:\/\/redenoticiaz.com.br\/litoralsp\/wp-json\/wp\/v2\/types\/post"}],"author":[{"embeddable":true,"href":"https:\/\/redenoticiaz.com.br\/litoralsp\/wp-json\/wp\/v2\/users\/12"}],"replies":[{"embeddable":true,"href":"https:\/\/redenoticiaz.com.br\/litoralsp\/wp-json\/wp\/v2\/comments?post=96861"}],"version-history":[{"count":1,"href":"https:\/\/redenoticiaz.com.br\/litoralsp\/wp-json\/wp\/v2\/posts\/96861\/revisions"}],"predecessor-version":[{"id":96863,"href":"https:\/\/redenoticiaz.com.br\/litoralsp\/wp-json\/wp\/v2\/posts\/96861\/revisions\/96863"}],"wp:featuredmedia":[{"embeddable":true,"href":"https:\/\/redenoticiaz.com.br\/litoralsp\/wp-json\/wp\/v2\/media\/96862"}],"wp:attachment":[{"href":"https:\/\/redenoticiaz.com.br\/litoralsp\/wp-json\/wp\/v2\/media?parent=96861"}],"wp:term":[{"taxonomy":"category","embeddable":true,"href":"https:\/\/redenoticiaz.com.br\/litoralsp\/wp-json\/wp\/v2\/categories?post=96861"},{"taxonomy":"post_tag","embeddable":true,"href":"https:\/\/redenoticiaz.com.br\/litoralsp\/wp-json\/wp\/v2\/tags?post=96861"}],"curies":[{"name":"wp","href":"https:\/\/api.w.org\/{rel}","templated":true}]}}