{"id":96896,"date":"2022-12-11T17:47:34","date_gmt":"2022-12-11T20:47:34","guid":{"rendered":"https:\/\/redenoticiaz.com.br\/litoralsp\/?p=96896"},"modified":"2022-12-11T17:48:11","modified_gmt":"2022-12-11T20:48:11","slug":"maior-navio-da-temporada-brasileira-de-cruzeiros-faz-primeira-escala-em-santos","status":"publish","type":"post","link":"https:\/\/redenoticiaz.com.br\/litoralsp\/2022\/12\/11\/maior-navio-da-temporada-brasileira-de-cruzeiros-faz-primeira-escala-em-santos","title":{"rendered":"Maior navio da temporada brasileira de cruzeiros faz primeira escala em Santos"},"content":{"rendered":"<p>O maior navio a cruzar as \u00e1guas brasileiras nesta temporada de cruzeiros, o MSC Seashore fez neste domingo (11) a sua primeira escala no Porto de Santos.<\/p>\n<p>De acordo com o poder p\u00fablico, para celebrar a passagem do transatl\u00e2ntico pelo Terminal Mar\u00edtimo de Passageiros (Concais), que far\u00e1 17 escalas na Cidade, uma cerim\u00f4nia de troca de placas foi realizada a bordo.<\/p>\n<p>Ainda de acordo com as informa\u00e7\u00f5es, o\u00a0ato contou com a participa\u00e7\u00e3o do comandante da embarca\u00e7\u00e3o, Giuseppe Galano, e da vice-prefeita Renata Bravo, entre outras autoridades.<\/p>\n<h2>O Navio<\/h2>\n<p>Constru\u00eddo em 2021, na It\u00e1lia, o transatl\u00e2ntico \u00e9 uma das novidades da temporada 2022\/2023 e tem capacidade para mais de 5.600 passageiros. A estrutura conta com seis piscinas, parque aqu\u00e1tico, 20 bares e lounges, al\u00e9m de 11 restaurantes.<\/p>\n<p>Representando o prefeito Rog\u00e9rio Santos na cerim\u00f4nia, a vice-prefeita Renata Bravo destacou o momento de alegria com a nova temporada de cruzeiros na Cidade.<\/p>\n<blockquote><p>&#8220;Durante toda a pandemia, o prefeito sempre falou sobre a import\u00e2ncia da preserva\u00e7\u00e3o de vidas para, em um momento futuro, retornarmos \u00e0 vida normal. E hoje \u00e9 uma alegria poder ver milhares de passageiros retornando ao terminal mar\u00edtimo, trazendo desenvolvimento para Santos e toda regi\u00e3o&#8221;.<\/p><\/blockquote>\n<h3>Temporada<\/h3>\n<p>A temporada 2022\/2023 de cruzeiros teve in\u00edcio em Santos no dia 2 de novembro. A expectativa \u00e9 de que o Concais receba at\u00e9 561 mil turistas e sejam injetados at\u00e9 R$390 milh\u00f5es na economia local.<\/p>\n<p><strong>Leia mais<\/strong><\/p>\n<p><a href=\"https:\/\/redenoticiaz.com.br\/litoralsp\/2022\/09\/30\/embarcar-em-navios-de-cruzeiro-somente-com-testes-negativos\">Navios s\u00e3o flagrados cometendo irregularidades ambientais no Porto de Santos<\/a><\/p>\n","protected":false},"excerpt":{"rendered":"<p>O maior navio a cruzar as \u00e1guas brasileiras nesta temporada de cruzeiros, o MSC Seashore fez neste domingo (11) a sua primeira escala no Porto de Santos. De acordo com o poder p\u00fablico, para celebrar a passagem do transatl\u00e2ntico pelo Terminal Mar\u00edtimo de Passageiros (Concais), que far\u00e1 17 escalas na Cidade, uma cerim\u00f4nia de troca &hellip;<\/p>\n","protected":false},"author":12,"featured_media":96897,"comment_status":"open","ping_status":"closed","sticky":false,"template":"","format":"standard","meta":{"footnotes":""},"categories":[180,775],"tags":[61732,17543,61731,986],"class_list":["post-96896","post","type-post","status-publish","format-standard","has-post-thumbnail","hentry","category-santos","category-turismo","tag-msc-seashore","tag-navio","tag-renata-bravo","tag-santos"],"yoast_head":"<!-- This site is optimized with the Yoast SEO plugin v27.5 - https:\/\/yoast.com\/product\/yoast-seo-wordpress\/ -->\n<title>Maior navio da temporada brasileira de cruzeiros faz primeira escala em Santos - Litoral SP<\/title>\n<meta name=\"description\" content=\"O maior navio a cruzar as \u00e1guas brasileiras nesta temporada de cruzeiros, o MSC Seashore fez neste domingo (11) a sua primeira escala no Porto de Santos.\" \/>\n<meta name=\"robots\" content=\"index, follow, max-snippet:-1, max-image-preview:large, max-video-preview:-1\" \/>\n<link rel=\"canonical\" href=\"https:\/\/redenoticiaz.com.br\/litoralsp\/2022\/12\/11\/maior-navio-da-temporada-brasileira-de-cruzeiros-faz-primeira-escala-em-santos\" \/>\n<meta property=\"og:locale\" content=\"pt_BR\" \/>\n<meta property=\"og:type\" content=\"article\" \/>\n<meta property=\"og:title\" content=\"Maior navio da temporada brasileira de cruzeiros faz primeira escala em Santos - Litoral SP\" \/>\n<meta property=\"og:description\" content=\"O maior navio a cruzar as \u00e1guas brasileiras nesta temporada de cruzeiros, o MSC Seashore fez neste domingo (11) a sua primeira escala no Porto de Santos.\" \/>\n<meta property=\"og:url\" content=\"https:\/\/redenoticiaz.com.br\/litoralsp\/2022\/12\/11\/maior-navio-da-temporada-brasileira-de-cruzeiros-faz-primeira-escala-em-santos\" \/>\n<meta property=\"og:site_name\" content=\"Litoral SP\" \/>\n<meta property=\"article:published_time\" content=\"2022-12-11T20:47:34+00:00\" \/>\n<meta property=\"article:modified_time\" content=\"2022-12-11T20:48:11+00:00\" \/>\n<meta property=\"og:image\" content=\"https:\/\/redenoticiaz.com.br\/litoralsp\/wp-content\/uploads\/sites\/3\/2022\/12\/WhatsApp-Image-2022-12-11-at-17.25.17.jpeg\" \/>\n\t<meta property=\"og:image:width\" content=\"852\" \/>\n\t<meta property=\"og:image:height\" content=\"568\" \/>\n\t<meta property=\"og:image:type\" content=\"image\/jpeg\" \/>\n<meta name=\"author\" content=\"Gustavo Silva\" \/>\n<meta name=\"twitter:card\" content=\"summary_large_image\" \/>\n<meta name=\"twitter:label1\" content=\"Escrito por\" \/>\n\t<meta name=\"twitter:data1\" content=\"Gustavo Silva\" \/>\n\t<meta name=\"twitter:label2\" content=\"Est. tempo de leitura\" \/>\n\t<meta name=\"twitter:data2\" content=\"2 minutos\" \/>\n<script type=\"application\/ld+json\" class=\"yoast-schema-graph\">{\"@context\":\"https:\\\/\\\/schema.org\",\"@graph\":[{\"@type\":\"Article\",\"@id\":\"https:\\\/\\\/redenoticiaz.com.br\\\/litoralsp\\\/2022\\\/12\\\/11\\\/maior-navio-da-temporada-brasileira-de-cruzeiros-faz-primeira-escala-em-santos#article\",\"isPartOf\":{\"@id\":\"https:\\\/\\\/redenoticiaz.com.br\\\/litoralsp\\\/2022\\\/12\\\/11\\\/maior-navio-da-temporada-brasileira-de-cruzeiros-faz-primeira-escala-em-santos\"},\"author\":{\"name\":\"Gustavo Silva\",\"@id\":\"https:\\\/\\\/redenoticiaz.com.br\\\/litoralsp\\\/#\\\/schema\\\/person\\\/16057b37a3c0ee6b096d7f887c566e2e\"},\"headline\":\"Maior navio da temporada brasileira de cruzeiros faz primeira escala em Santos\",\"datePublished\":\"2022-12-11T20:47:34+00:00\",\"dateModified\":\"2022-12-11T20:48:11+00:00\",\"mainEntityOfPage\":{\"@id\":\"https:\\\/\\\/redenoticiaz.com.br\\\/litoralsp\\\/2022\\\/12\\\/11\\\/maior-navio-da-temporada-brasileira-de-cruzeiros-faz-primeira-escala-em-santos\"},\"wordCount\":263,\"commentCount\":0,\"publisher\":{\"@id\":\"https:\\\/\\\/redenoticiaz.com.br\\\/litoralsp\\\/#organization\"},\"image\":{\"@id\":\"https:\\\/\\\/redenoticiaz.com.br\\\/litoralsp\\\/2022\\\/12\\\/11\\\/maior-navio-da-temporada-brasileira-de-cruzeiros-faz-primeira-escala-em-santos#primaryimage\"},\"thumbnailUrl\":\"https:\\\/\\\/redenoticiaz.com.br\\\/litoralsp\\\/wp-content\\\/uploads\\\/sites\\\/3\\\/2022\\\/12\\\/WhatsApp-Image-2022-12-11-at-17.25.17.jpeg\",\"keywords\":[\"MSC Seashore\",\"NAVIO\",\"renata bravo\",\"Santos\"],\"articleSection\":[\"Santos\",\"Turismo\"],\"inLanguage\":\"pt-BR\",\"potentialAction\":[{\"@type\":\"CommentAction\",\"name\":\"Comment\",\"target\":[\"https:\\\/\\\/redenoticiaz.com.br\\\/litoralsp\\\/2022\\\/12\\\/11\\\/maior-navio-da-temporada-brasileira-de-cruzeiros-faz-primeira-escala-em-santos#respond\"]}]},{\"@type\":\"WebPage\",\"@id\":\"https:\\\/\\\/redenoticiaz.com.br\\\/litoralsp\\\/2022\\\/12\\\/11\\\/maior-navio-da-temporada-brasileira-de-cruzeiros-faz-primeira-escala-em-santos\",\"url\":\"https:\\\/\\\/redenoticiaz.com.br\\\/litoralsp\\\/2022\\\/12\\\/11\\\/maior-navio-da-temporada-brasileira-de-cruzeiros-faz-primeira-escala-em-santos\",\"name\":\"Maior navio da temporada brasileira de cruzeiros faz primeira escala em Santos - Litoral SP\",\"isPartOf\":{\"@id\":\"https:\\\/\\\/redenoticiaz.com.br\\\/litoralsp\\\/#website\"},\"primaryImageOfPage\":{\"@id\":\"https:\\\/\\\/redenoticiaz.com.br\\\/litoralsp\\\/2022\\\/12\\\/11\\\/maior-navio-da-temporada-brasileira-de-cruzeiros-faz-primeira-escala-em-santos#primaryimage\"},\"image\":{\"@id\":\"https:\\\/\\\/redenoticiaz.com.br\\\/litoralsp\\\/2022\\\/12\\\/11\\\/maior-navio-da-temporada-brasileira-de-cruzeiros-faz-primeira-escala-em-santos#primaryimage\"},\"thumbnailUrl\":\"https:\\\/\\\/redenoticiaz.com.br\\\/litoralsp\\\/wp-content\\\/uploads\\\/sites\\\/3\\\/2022\\\/12\\\/WhatsApp-Image-2022-12-11-at-17.25.17.jpeg\",\"datePublished\":\"2022-12-11T20:47:34+00:00\",\"dateModified\":\"2022-12-11T20:48:11+00:00\",\"description\":\"O maior navio a cruzar as \u00e1guas brasileiras nesta temporada de cruzeiros, o MSC Seashore fez neste domingo (11) a sua primeira escala no Porto de Santos.\",\"inLanguage\":\"pt-BR\",\"potentialAction\":[{\"@type\":\"ReadAction\",\"target\":[\"https:\\\/\\\/redenoticiaz.com.br\\\/litoralsp\\\/2022\\\/12\\\/11\\\/maior-navio-da-temporada-brasileira-de-cruzeiros-faz-primeira-escala-em-santos\"]}]},{\"@type\":\"ImageObject\",\"inLanguage\":\"pt-BR\",\"@id\":\"https:\\\/\\\/redenoticiaz.com.br\\\/litoralsp\\\/2022\\\/12\\\/11\\\/maior-navio-da-temporada-brasileira-de-cruzeiros-faz-primeira-escala-em-santos#primaryimage\",\"url\":\"https:\\\/\\\/redenoticiaz.com.br\\\/litoralsp\\\/wp-content\\\/uploads\\\/sites\\\/3\\\/2022\\\/12\\\/WhatsApp-Image-2022-12-11-at-17.25.17.jpeg\",\"contentUrl\":\"https:\\\/\\\/redenoticiaz.com.br\\\/litoralsp\\\/wp-content\\\/uploads\\\/sites\\\/3\\\/2022\\\/12\\\/WhatsApp-Image-2022-12-11-at-17.25.17.jpeg\",\"width\":852,\"height\":568,\"caption\":\"Maior navio da temporada brasileira de cruzeiros faz primeira escala em Santos\"},{\"@type\":\"WebSite\",\"@id\":\"https:\\\/\\\/redenoticiaz.com.br\\\/litoralsp\\\/#website\",\"url\":\"https:\\\/\\\/redenoticiaz.com.br\\\/litoralsp\\\/\",\"name\":\"Litoral SP\",\"description\":\"Rede NoticiaZ\",\"publisher\":{\"@id\":\"https:\\\/\\\/redenoticiaz.com.br\\\/litoralsp\\\/#organization\"},\"potentialAction\":[{\"@type\":\"SearchAction\",\"target\":{\"@type\":\"EntryPoint\",\"urlTemplate\":\"https:\\\/\\\/redenoticiaz.com.br\\\/litoralsp\\\/?s={search_term_string}\"},\"query-input\":{\"@type\":\"PropertyValueSpecification\",\"valueRequired\":true,\"valueName\":\"search_term_string\"}}],\"inLanguage\":\"pt-BR\"},{\"@type\":\"Organization\",\"@id\":\"https:\\\/\\\/redenoticiaz.com.br\\\/litoralsp\\\/#organization\",\"name\":\"Litoral SP\",\"url\":\"https:\\\/\\\/redenoticiaz.com.br\\\/litoralsp\\\/\",\"logo\":{\"@type\":\"ImageObject\",\"inLanguage\":\"pt-BR\",\"@id\":\"https:\\\/\\\/redenoticiaz.com.br\\\/litoralsp\\\/#\\\/schema\\\/logo\\\/image\\\/\",\"url\":\"https:\\\/\\\/redenoticiaz.com.br\\\/litoralsp\\\/wp-content\\\/uploads\\\/sites\\\/3\\\/2020\\\/11\\\/logo.jpg\",\"contentUrl\":\"https:\\\/\\\/redenoticiaz.com.br\\\/litoralsp\\\/wp-content\\\/uploads\\\/sites\\\/3\\\/2020\\\/11\\\/logo.jpg\",\"width\":400,\"height\":250,\"caption\":\"Litoral SP\"},\"image\":{\"@id\":\"https:\\\/\\\/redenoticiaz.com.br\\\/litoralsp\\\/#\\\/schema\\\/logo\\\/image\\\/\"}},{\"@type\":\"Person\",\"@id\":\"https:\\\/\\\/redenoticiaz.com.br\\\/litoralsp\\\/#\\\/schema\\\/person\\\/16057b37a3c0ee6b096d7f887c566e2e\",\"name\":\"Gustavo Silva\",\"image\":{\"@type\":\"ImageObject\",\"inLanguage\":\"pt-BR\",\"@id\":\"https:\\\/\\\/secure.gravatar.com\\\/avatar\\\/3ee4e82f93b26de0a7cf4ea5eb7893da637ed6bb0c9170c58065944c56e28a33?s=96&d=mm&r=g\",\"url\":\"https:\\\/\\\/secure.gravatar.com\\\/avatar\\\/3ee4e82f93b26de0a7cf4ea5eb7893da637ed6bb0c9170c58065944c56e28a33?s=96&d=mm&r=g\",\"contentUrl\":\"https:\\\/\\\/secure.gravatar.com\\\/avatar\\\/3ee4e82f93b26de0a7cf4ea5eb7893da637ed6bb0c9170c58065944c56e28a33?s=96&d=mm&r=g\",\"caption\":\"Gustavo Silva\"},\"url\":\"https:\\\/\\\/redenoticiaz.com.br\\\/litoralsp\\\/author\\\/gustavosilva\"}]}<\/script>\n<!-- \/ Yoast SEO plugin. -->","yoast_head_json":{"title":"Maior navio da temporada brasileira de cruzeiros faz primeira escala em Santos - Litoral SP","description":"O maior navio a cruzar as \u00e1guas brasileiras nesta temporada de cruzeiros, o MSC Seashore fez neste domingo (11) a sua primeira escala no Porto de Santos.","robots":{"index":"index","follow":"follow","max-snippet":"max-snippet:-1","max-image-preview":"max-image-preview:large","max-video-preview":"max-video-preview:-1"},"canonical":"https:\/\/redenoticiaz.com.br\/litoralsp\/2022\/12\/11\/maior-navio-da-temporada-brasileira-de-cruzeiros-faz-primeira-escala-em-santos","og_locale":"pt_BR","og_type":"article","og_title":"Maior navio da temporada brasileira de cruzeiros faz primeira escala em Santos - Litoral SP","og_description":"O maior navio a cruzar as \u00e1guas brasileiras nesta temporada de cruzeiros, o MSC Seashore fez neste domingo (11) a sua primeira escala no Porto de Santos.","og_url":"https:\/\/redenoticiaz.com.br\/litoralsp\/2022\/12\/11\/maior-navio-da-temporada-brasileira-de-cruzeiros-faz-primeira-escala-em-santos","og_site_name":"Litoral SP","article_published_time":"2022-12-11T20:47:34+00:00","article_modified_time":"2022-12-11T20:48:11+00:00","og_image":[{"width":852,"height":568,"url":"https:\/\/redenoticiaz.com.br\/litoralsp\/wp-content\/uploads\/sites\/3\/2022\/12\/WhatsApp-Image-2022-12-11-at-17.25.17.jpeg","type":"image\/jpeg"}],"author":"Gustavo Silva","twitter_card":"summary_large_image","twitter_misc":{"Escrito por":"Gustavo Silva","Est. tempo de leitura":"2 minutos"},"schema":{"@context":"https:\/\/schema.org","@graph":[{"@type":"Article","@id":"https:\/\/redenoticiaz.com.br\/litoralsp\/2022\/12\/11\/maior-navio-da-temporada-brasileira-de-cruzeiros-faz-primeira-escala-em-santos#article","isPartOf":{"@id":"https:\/\/redenoticiaz.com.br\/litoralsp\/2022\/12\/11\/maior-navio-da-temporada-brasileira-de-cruzeiros-faz-primeira-escala-em-santos"},"author":{"name":"Gustavo Silva","@id":"https:\/\/redenoticiaz.com.br\/litoralsp\/#\/schema\/person\/16057b37a3c0ee6b096d7f887c566e2e"},"headline":"Maior navio da temporada brasileira de cruzeiros faz primeira escala em Santos","datePublished":"2022-12-11T20:47:34+00:00","dateModified":"2022-12-11T20:48:11+00:00","mainEntityOfPage":{"@id":"https:\/\/redenoticiaz.com.br\/litoralsp\/2022\/12\/11\/maior-navio-da-temporada-brasileira-de-cruzeiros-faz-primeira-escala-em-santos"},"wordCount":263,"commentCount":0,"publisher":{"@id":"https:\/\/redenoticiaz.com.br\/litoralsp\/#organization"},"image":{"@id":"https:\/\/redenoticiaz.com.br\/litoralsp\/2022\/12\/11\/maior-navio-da-temporada-brasileira-de-cruzeiros-faz-primeira-escala-em-santos#primaryimage"},"thumbnailUrl":"https:\/\/redenoticiaz.com.br\/litoralsp\/wp-content\/uploads\/sites\/3\/2022\/12\/WhatsApp-Image-2022-12-11-at-17.25.17.jpeg","keywords":["MSC Seashore","NAVIO","renata bravo","Santos"],"articleSection":["Santos","Turismo"],"inLanguage":"pt-BR","potentialAction":[{"@type":"CommentAction","name":"Comment","target":["https:\/\/redenoticiaz.com.br\/litoralsp\/2022\/12\/11\/maior-navio-da-temporada-brasileira-de-cruzeiros-faz-primeira-escala-em-santos#respond"]}]},{"@type":"WebPage","@id":"https:\/\/redenoticiaz.com.br\/litoralsp\/2022\/12\/11\/maior-navio-da-temporada-brasileira-de-cruzeiros-faz-primeira-escala-em-santos","url":"https:\/\/redenoticiaz.com.br\/litoralsp\/2022\/12\/11\/maior-navio-da-temporada-brasileira-de-cruzeiros-faz-primeira-escala-em-santos","name":"Maior navio da temporada brasileira de cruzeiros faz primeira escala em Santos - Litoral SP","isPartOf":{"@id":"https:\/\/redenoticiaz.com.br\/litoralsp\/#website"},"primaryImageOfPage":{"@id":"https:\/\/redenoticiaz.com.br\/litoralsp\/2022\/12\/11\/maior-navio-da-temporada-brasileira-de-cruzeiros-faz-primeira-escala-em-santos#primaryimage"},"image":{"@id":"https:\/\/redenoticiaz.com.br\/litoralsp\/2022\/12\/11\/maior-navio-da-temporada-brasileira-de-cruzeiros-faz-primeira-escala-em-santos#primaryimage"},"thumbnailUrl":"https:\/\/redenoticiaz.com.br\/litoralsp\/wp-content\/uploads\/sites\/3\/2022\/12\/WhatsApp-Image-2022-12-11-at-17.25.17.jpeg","datePublished":"2022-12-11T20:47:34+00:00","dateModified":"2022-12-11T20:48:11+00:00","description":"O maior navio a cruzar as \u00e1guas brasileiras nesta temporada de cruzeiros, o MSC Seashore fez neste domingo (11) a sua primeira escala no Porto de Santos.","inLanguage":"pt-BR","potentialAction":[{"@type":"ReadAction","target":["https:\/\/redenoticiaz.com.br\/litoralsp\/2022\/12\/11\/maior-navio-da-temporada-brasileira-de-cruzeiros-faz-primeira-escala-em-santos"]}]},{"@type":"ImageObject","inLanguage":"pt-BR","@id":"https:\/\/redenoticiaz.com.br\/litoralsp\/2022\/12\/11\/maior-navio-da-temporada-brasileira-de-cruzeiros-faz-primeira-escala-em-santos#primaryimage","url":"https:\/\/redenoticiaz.com.br\/litoralsp\/wp-content\/uploads\/sites\/3\/2022\/12\/WhatsApp-Image-2022-12-11-at-17.25.17.jpeg","contentUrl":"https:\/\/redenoticiaz.com.br\/litoralsp\/wp-content\/uploads\/sites\/3\/2022\/12\/WhatsApp-Image-2022-12-11-at-17.25.17.jpeg","width":852,"height":568,"caption":"Maior navio da temporada brasileira de cruzeiros faz primeira escala em Santos"},{"@type":"WebSite","@id":"https:\/\/redenoticiaz.com.br\/litoralsp\/#website","url":"https:\/\/redenoticiaz.com.br\/litoralsp\/","name":"Litoral SP","description":"Rede NoticiaZ","publisher":{"@id":"https:\/\/redenoticiaz.com.br\/litoralsp\/#organization"},"potentialAction":[{"@type":"SearchAction","target":{"@type":"EntryPoint","urlTemplate":"https:\/\/redenoticiaz.com.br\/litoralsp\/?s={search_term_string}"},"query-input":{"@type":"PropertyValueSpecification","valueRequired":true,"valueName":"search_term_string"}}],"inLanguage":"pt-BR"},{"@type":"Organization","@id":"https:\/\/redenoticiaz.com.br\/litoralsp\/#organization","name":"Litoral SP","url":"https:\/\/redenoticiaz.com.br\/litoralsp\/","logo":{"@type":"ImageObject","inLanguage":"pt-BR","@id":"https:\/\/redenoticiaz.com.br\/litoralsp\/#\/schema\/logo\/image\/","url":"https:\/\/redenoticiaz.com.br\/litoralsp\/wp-content\/uploads\/sites\/3\/2020\/11\/logo.jpg","contentUrl":"https:\/\/redenoticiaz.com.br\/litoralsp\/wp-content\/uploads\/sites\/3\/2020\/11\/logo.jpg","width":400,"height":250,"caption":"Litoral SP"},"image":{"@id":"https:\/\/redenoticiaz.com.br\/litoralsp\/#\/schema\/logo\/image\/"}},{"@type":"Person","@id":"https:\/\/redenoticiaz.com.br\/litoralsp\/#\/schema\/person\/16057b37a3c0ee6b096d7f887c566e2e","name":"Gustavo Silva","image":{"@type":"ImageObject","inLanguage":"pt-BR","@id":"https:\/\/secure.gravatar.com\/avatar\/3ee4e82f93b26de0a7cf4ea5eb7893da637ed6bb0c9170c58065944c56e28a33?s=96&d=mm&r=g","url":"https:\/\/secure.gravatar.com\/avatar\/3ee4e82f93b26de0a7cf4ea5eb7893da637ed6bb0c9170c58065944c56e28a33?s=96&d=mm&r=g","contentUrl":"https:\/\/secure.gravatar.com\/avatar\/3ee4e82f93b26de0a7cf4ea5eb7893da637ed6bb0c9170c58065944c56e28a33?s=96&d=mm&r=g","caption":"Gustavo Silva"},"url":"https:\/\/redenoticiaz.com.br\/litoralsp\/author\/gustavosilva"}]}},"_links":{"self":[{"href":"https:\/\/redenoticiaz.com.br\/litoralsp\/wp-json\/wp\/v2\/posts\/96896","targetHints":{"allow":["GET"]}}],"collection":[{"href":"https:\/\/redenoticiaz.com.br\/litoralsp\/wp-json\/wp\/v2\/posts"}],"about":[{"href":"https:\/\/redenoticiaz.com.br\/litoralsp\/wp-json\/wp\/v2\/types\/post"}],"author":[{"embeddable":true,"href":"https:\/\/redenoticiaz.com.br\/litoralsp\/wp-json\/wp\/v2\/users\/12"}],"replies":[{"embeddable":true,"href":"https:\/\/redenoticiaz.com.br\/litoralsp\/wp-json\/wp\/v2\/comments?post=96896"}],"version-history":[{"count":1,"href":"https:\/\/redenoticiaz.com.br\/litoralsp\/wp-json\/wp\/v2\/posts\/96896\/revisions"}],"predecessor-version":[{"id":96899,"href":"https:\/\/redenoticiaz.com.br\/litoralsp\/wp-json\/wp\/v2\/posts\/96896\/revisions\/96899"}],"wp:featuredmedia":[{"embeddable":true,"href":"https:\/\/redenoticiaz.com.br\/litoralsp\/wp-json\/wp\/v2\/media\/96897"}],"wp:attachment":[{"href":"https:\/\/redenoticiaz.com.br\/litoralsp\/wp-json\/wp\/v2\/media?parent=96896"}],"wp:term":[{"taxonomy":"category","embeddable":true,"href":"https:\/\/redenoticiaz.com.br\/litoralsp\/wp-json\/wp\/v2\/categories?post=96896"},{"taxonomy":"post_tag","embeddable":true,"href":"https:\/\/redenoticiaz.com.br\/litoralsp\/wp-json\/wp\/v2\/tags?post=96896"}],"curies":[{"name":"wp","href":"https:\/\/api.w.org\/{rel}","templated":true}]}}