{"id":97156,"date":"2022-12-16T08:24:29","date_gmt":"2022-12-16T11:24:29","guid":{"rendered":"https:\/\/redenoticiaz.com.br\/litoralsp\/2022\/12\/16\/barbara-borges-e-a-grande-campea-de-a-fazenda-14"},"modified":"2022-12-16T08:24:29","modified_gmt":"2022-12-16T11:24:29","slug":"barbara-borges-e-a-grande-campea-de-a-fazenda-14","status":"publish","type":"post","link":"https:\/\/redenoticiaz.com.br\/litoralsp\/2022\/12\/16\/barbara-borges-e-a-grande-campea-de-a-fazenda-14","title":{"rendered":"B\u00e1rbara Borges \u00e9 a grande campe\u00e3 de &#8220;A Fazenda 14&#8221;"},"content":{"rendered":"<div>\n<div>\n<p>Terminou nessa quinta-feira (15), &#8220;A Fazenda 14&#8221;. Considerada uma das mais tensas e pol\u00eamicas, a edi\u00e7\u00e3o de 2022 coroou <strong>a atriz B\u00e1rbara Borges como a grande vencedora<\/strong> e conquistou o pr\u00eamio de R$ 1,5 milh\u00e3o. Ela superou os pe\u00f5es Bia Miranda e o ator Iran Malfitano, que brigavam pelo pr\u00eamio.<\/p>\n<p>A peoa foi a mais votada pelo p\u00fablico, com 61,14% dos votos, enquanto Bia Miranda conquistou o segundo lugar, com 35,03% dos votos, e levou um carro 0 km. J\u00e1 Iran Malfitano ficou em terceiro, com 3,83% dos votos.<\/p>\n<p>A edi\u00e7\u00e3o ficou marcada por brigas r\u00edspidas, expuls\u00e3o de pe\u00e3o, abandono da Deolane Bezerra, mas tamb\u00e9m por romance, especialmente da funkeira Tati Zaqui, com o ator Thomaz Costa. Ao ser anunciada campe\u00e3, Babi foi abra\u00e7ada pelos ex-pe\u00f5es e, na sequ\u00eancia, recebeu o abra\u00e7o da apresentadora Adriane Galisteu. A atriz estava muito emocionada e fez quest\u00e3o de agradecer.<\/p>\n<p>&#8220;Voc\u00ea fez uma linda jornada. O dinheiro do pr\u00eamio j\u00e1 est\u00e1 na sua conta, t\u00e1?&#8221;, disse Galisteu.<\/p>\n<blockquote><p>&#8220;Eu consegui. Eu quero agradecer ao Brasil. Obrigada a todos voc\u00eas que votaram em mim, que acreditaram em mim. Meu cora\u00e7\u00e3o est\u00e1 explodindo de tanta alegria. Eu quero abra\u00e7ar todo mundo, olhar nos olhos de todo mundo. Martim e Theo \u00e9 pra voc\u00eas, hein, filhos. Sempre foi pra voc\u00eas&#8221;, comemorou B\u00e1rbara.<\/p><\/blockquote>\n<p><strong>LEIA TAMB\u00c9M<\/strong><\/p>\n<p><a href=\"https:\/\/redenoticiaz.com.br\/blog\/2022\/12\/15\/a-fazenda-saiba-como-esta-votacao-da-final-agora-e-veja-parcial\">A Fazenda: Saiba como est\u00e1 vota\u00e7\u00e3o da final agora e veja parcial<\/a><\/p>\n<\/div>\n<\/div>\n","protected":false},"excerpt":{"rendered":"<p>Terminou nessa quinta-feira (15), &#8220;A Fazenda 14&#8221;. Considerada uma das mais tensas e pol\u00eamicas, a edi\u00e7\u00e3o de 2022 coroou a atriz B\u00e1rbara Borges como a grande vencedora e conquistou o pr\u00eamio de R$ 1,5 milh\u00e3o. Ela superou os pe\u00f5es Bia Miranda e o ator Iran Malfitano, que brigavam pelo pr\u00eamio. A peoa foi a mais &hellip;<\/p>\n","protected":false},"author":6,"featured_media":97157,"comment_status":"open","ping_status":"closed","sticky":false,"template":"","format":"standard","meta":{"footnotes":""},"categories":[60954,170],"tags":[59180,60088,61853,59297,61854,60678],"class_list":["post-97156","post","type-post","status-publish","format-standard","has-post-thumbnail","hentry","category-celebridades","category-entretenimento","tag-a-fazenda-14","tag-barbara-borges","tag-barbara-campea","tag-bia-miranda","tag-finalistas","tag-iran-malfitano"],"yoast_head":"<!-- This site is optimized with the Yoast SEO plugin v27.5 - https:\/\/yoast.com\/product\/yoast-seo-wordpress\/ -->\n<title>B\u00e1rbara Borges \u00e9 a grande campe\u00e3 de &#8220;A Fazenda 14&#8221; - Litoral SP<\/title>\n<meta name=\"description\" content=\"quinta-feira (15), &quot;A Fazenda 14&quot;. Considerada uma das mais tensas e pol\u00eamicas, a edi\u00e7\u00e3o de 2022 coroou a atriz B\u00e1rbara Borges como\" \/>\n<meta name=\"robots\" content=\"index, follow, max-snippet:-1, max-image-preview:large, max-video-preview:-1\" \/>\n<link rel=\"canonical\" href=\"https:\/\/redenoticiaz.com.br\/litoralsp\/2022\/12\/16\/barbara-borges-e-a-grande-campea-de-a-fazenda-14\" \/>\n<meta property=\"og:locale\" content=\"pt_BR\" \/>\n<meta property=\"og:type\" content=\"article\" \/>\n<meta property=\"og:title\" content=\"B\u00e1rbara Borges \u00e9 a grande campe\u00e3 de &#8220;A Fazenda 14&#8221; - Litoral SP\" \/>\n<meta property=\"og:description\" content=\"quinta-feira (15), &quot;A Fazenda 14&quot;. Considerada uma das mais tensas e pol\u00eamicas, a edi\u00e7\u00e3o de 2022 coroou a atriz B\u00e1rbara Borges como\" \/>\n<meta property=\"og:url\" content=\"https:\/\/redenoticiaz.com.br\/litoralsp\/2022\/12\/16\/barbara-borges-e-a-grande-campea-de-a-fazenda-14\" \/>\n<meta property=\"og:site_name\" content=\"Litoral SP\" \/>\n<meta property=\"article:published_time\" content=\"2022-12-16T11:24:29+00:00\" \/>\n<meta name=\"author\" content=\"Leonardo Francisco\" \/>\n<meta name=\"twitter:card\" content=\"summary_large_image\" \/>\n<meta name=\"twitter:image\" content=\"https:\/\/redenoticiaz.com.br\/litoralsp\/wp-content\/uploads\/sites\/3\/2022\/12\/BARBARA-CAMPEA.jpg?v=1671189820\" \/>\n<meta name=\"twitter:label1\" content=\"Escrito por\" \/>\n\t<meta name=\"twitter:data1\" content=\"Leonardo Francisco\" \/>\n\t<meta name=\"twitter:label2\" content=\"Est. tempo de leitura\" \/>\n\t<meta name=\"twitter:data2\" content=\"2 minutos\" \/>\n<script type=\"application\/ld+json\" class=\"yoast-schema-graph\">{\"@context\":\"https:\\\/\\\/schema.org\",\"@graph\":[{\"@type\":\"Article\",\"@id\":\"https:\\\/\\\/redenoticiaz.com.br\\\/litoralsp\\\/2022\\\/12\\\/16\\\/barbara-borges-e-a-grande-campea-de-a-fazenda-14#article\",\"isPartOf\":{\"@id\":\"https:\\\/\\\/redenoticiaz.com.br\\\/litoralsp\\\/2022\\\/12\\\/16\\\/barbara-borges-e-a-grande-campea-de-a-fazenda-14\"},\"author\":{\"name\":\"Leonardo Francisco\",\"@id\":\"https:\\\/\\\/redenoticiaz.com.br\\\/litoralsp\\\/#\\\/schema\\\/person\\\/0f0b8a5bdafefe82841e07ae8d81ecb3\"},\"headline\":\"B\u00e1rbara Borges \u00e9 a grande campe\u00e3 de &#8220;A Fazenda 14&#8221;\",\"datePublished\":\"2022-12-16T11:24:29+00:00\",\"mainEntityOfPage\":{\"@id\":\"https:\\\/\\\/redenoticiaz.com.br\\\/litoralsp\\\/2022\\\/12\\\/16\\\/barbara-borges-e-a-grande-campea-de-a-fazenda-14\"},\"wordCount\":255,\"commentCount\":0,\"publisher\":{\"@id\":\"https:\\\/\\\/redenoticiaz.com.br\\\/litoralsp\\\/#organization\"},\"image\":{\"@id\":\"https:\\\/\\\/redenoticiaz.com.br\\\/litoralsp\\\/2022\\\/12\\\/16\\\/barbara-borges-e-a-grande-campea-de-a-fazenda-14#primaryimage\"},\"thumbnailUrl\":\"https:\\\/\\\/redenoticiaz.com.br\\\/litoralsp\\\/wp-content\\\/uploads\\\/sites\\\/3\\\/2022\\\/12\\\/BARBARA-CAMPEA.jpg?v=1671189820\",\"keywords\":[\"A Fazenda 14\",\"B\u00e1rbara Borges\",\"B\u00c1RBARA CAMPE\u00c3\",\"Bia Miranda\",\"FINALISTAS\",\"Iran Malfitano\"],\"articleSection\":[\"Celebridades\",\"Entretenimento\"],\"inLanguage\":\"pt-BR\",\"potentialAction\":[{\"@type\":\"CommentAction\",\"name\":\"Comment\",\"target\":[\"https:\\\/\\\/redenoticiaz.com.br\\\/litoralsp\\\/2022\\\/12\\\/16\\\/barbara-borges-e-a-grande-campea-de-a-fazenda-14#respond\"]}]},{\"@type\":\"WebPage\",\"@id\":\"https:\\\/\\\/redenoticiaz.com.br\\\/litoralsp\\\/2022\\\/12\\\/16\\\/barbara-borges-e-a-grande-campea-de-a-fazenda-14\",\"url\":\"https:\\\/\\\/redenoticiaz.com.br\\\/litoralsp\\\/2022\\\/12\\\/16\\\/barbara-borges-e-a-grande-campea-de-a-fazenda-14\",\"name\":\"B\u00e1rbara Borges \u00e9 a grande campe\u00e3 de &#8220;A Fazenda 14&#8221; - Litoral SP\",\"isPartOf\":{\"@id\":\"https:\\\/\\\/redenoticiaz.com.br\\\/litoralsp\\\/#website\"},\"primaryImageOfPage\":{\"@id\":\"https:\\\/\\\/redenoticiaz.com.br\\\/litoralsp\\\/2022\\\/12\\\/16\\\/barbara-borges-e-a-grande-campea-de-a-fazenda-14#primaryimage\"},\"image\":{\"@id\":\"https:\\\/\\\/redenoticiaz.com.br\\\/litoralsp\\\/2022\\\/12\\\/16\\\/barbara-borges-e-a-grande-campea-de-a-fazenda-14#primaryimage\"},\"thumbnailUrl\":\"https:\\\/\\\/redenoticiaz.com.br\\\/litoralsp\\\/wp-content\\\/uploads\\\/sites\\\/3\\\/2022\\\/12\\\/BARBARA-CAMPEA.jpg?v=1671189820\",\"datePublished\":\"2022-12-16T11:24:29+00:00\",\"description\":\"quinta-feira (15), \\\"A Fazenda 14\\\". Considerada uma das mais tensas e pol\u00eamicas, a edi\u00e7\u00e3o de 2022 coroou a atriz B\u00e1rbara Borges como\",\"inLanguage\":\"pt-BR\",\"potentialAction\":[{\"@type\":\"ReadAction\",\"target\":[\"https:\\\/\\\/redenoticiaz.com.br\\\/litoralsp\\\/2022\\\/12\\\/16\\\/barbara-borges-e-a-grande-campea-de-a-fazenda-14\"]}]},{\"@type\":\"ImageObject\",\"inLanguage\":\"pt-BR\",\"@id\":\"https:\\\/\\\/redenoticiaz.com.br\\\/litoralsp\\\/2022\\\/12\\\/16\\\/barbara-borges-e-a-grande-campea-de-a-fazenda-14#primaryimage\",\"url\":\"https:\\\/\\\/redenoticiaz.com.br\\\/litoralsp\\\/wp-content\\\/uploads\\\/sites\\\/3\\\/2022\\\/12\\\/BARBARA-CAMPEA.jpg?v=1671189820\",\"contentUrl\":\"https:\\\/\\\/redenoticiaz.com.br\\\/litoralsp\\\/wp-content\\\/uploads\\\/sites\\\/3\\\/2022\\\/12\\\/BARBARA-CAMPEA.jpg?v=1671189820\",\"width\":813,\"height\":392,\"caption\":\"Cr\u00e9ditos: Reprodu\u00e7\u00e3o\"},{\"@type\":\"WebSite\",\"@id\":\"https:\\\/\\\/redenoticiaz.com.br\\\/litoralsp\\\/#website\",\"url\":\"https:\\\/\\\/redenoticiaz.com.br\\\/litoralsp\\\/\",\"name\":\"Litoral SP\",\"description\":\"Rede NoticiaZ\",\"publisher\":{\"@id\":\"https:\\\/\\\/redenoticiaz.com.br\\\/litoralsp\\\/#organization\"},\"potentialAction\":[{\"@type\":\"SearchAction\",\"target\":{\"@type\":\"EntryPoint\",\"urlTemplate\":\"https:\\\/\\\/redenoticiaz.com.br\\\/litoralsp\\\/?s={search_term_string}\"},\"query-input\":{\"@type\":\"PropertyValueSpecification\",\"valueRequired\":true,\"valueName\":\"search_term_string\"}}],\"inLanguage\":\"pt-BR\"},{\"@type\":\"Organization\",\"@id\":\"https:\\\/\\\/redenoticiaz.com.br\\\/litoralsp\\\/#organization\",\"name\":\"Litoral SP\",\"url\":\"https:\\\/\\\/redenoticiaz.com.br\\\/litoralsp\\\/\",\"logo\":{\"@type\":\"ImageObject\",\"inLanguage\":\"pt-BR\",\"@id\":\"https:\\\/\\\/redenoticiaz.com.br\\\/litoralsp\\\/#\\\/schema\\\/logo\\\/image\\\/\",\"url\":\"https:\\\/\\\/redenoticiaz.com.br\\\/litoralsp\\\/wp-content\\\/uploads\\\/sites\\\/3\\\/2020\\\/11\\\/logo.jpg\",\"contentUrl\":\"https:\\\/\\\/redenoticiaz.com.br\\\/litoralsp\\\/wp-content\\\/uploads\\\/sites\\\/3\\\/2020\\\/11\\\/logo.jpg\",\"width\":400,\"height\":250,\"caption\":\"Litoral SP\"},\"image\":{\"@id\":\"https:\\\/\\\/redenoticiaz.com.br\\\/litoralsp\\\/#\\\/schema\\\/logo\\\/image\\\/\"}},{\"@type\":\"Person\",\"@id\":\"https:\\\/\\\/redenoticiaz.com.br\\\/litoralsp\\\/#\\\/schema\\\/person\\\/0f0b8a5bdafefe82841e07ae8d81ecb3\",\"name\":\"Leonardo Francisco\",\"image\":{\"@type\":\"ImageObject\",\"inLanguage\":\"pt-BR\",\"@id\":\"https:\\\/\\\/secure.gravatar.com\\\/avatar\\\/a7358cb406a99b682ec6df1e77e31ae82e63601f6784e8a3df411d72b37864da?s=96&d=mm&r=g\",\"url\":\"https:\\\/\\\/secure.gravatar.com\\\/avatar\\\/a7358cb406a99b682ec6df1e77e31ae82e63601f6784e8a3df411d72b37864da?s=96&d=mm&r=g\",\"contentUrl\":\"https:\\\/\\\/secure.gravatar.com\\\/avatar\\\/a7358cb406a99b682ec6df1e77e31ae82e63601f6784e8a3df411d72b37864da?s=96&d=mm&r=g\",\"caption\":\"Leonardo Francisco\"},\"url\":\"https:\\\/\\\/redenoticiaz.com.br\\\/litoralsp\\\/author\\\/leonardo-francisco\"}]}<\/script>\n<!-- \/ Yoast SEO plugin. -->","yoast_head_json":{"title":"B\u00e1rbara Borges \u00e9 a grande campe\u00e3 de &#8220;A Fazenda 14&#8221; - Litoral SP","description":"quinta-feira (15), \"A Fazenda 14\". Considerada uma das mais tensas e pol\u00eamicas, a edi\u00e7\u00e3o de 2022 coroou a atriz B\u00e1rbara Borges como","robots":{"index":"index","follow":"follow","max-snippet":"max-snippet:-1","max-image-preview":"max-image-preview:large","max-video-preview":"max-video-preview:-1"},"canonical":"https:\/\/redenoticiaz.com.br\/litoralsp\/2022\/12\/16\/barbara-borges-e-a-grande-campea-de-a-fazenda-14","og_locale":"pt_BR","og_type":"article","og_title":"B\u00e1rbara Borges \u00e9 a grande campe\u00e3 de &#8220;A Fazenda 14&#8221; - Litoral SP","og_description":"quinta-feira (15), \"A Fazenda 14\". Considerada uma das mais tensas e pol\u00eamicas, a edi\u00e7\u00e3o de 2022 coroou a atriz B\u00e1rbara Borges como","og_url":"https:\/\/redenoticiaz.com.br\/litoralsp\/2022\/12\/16\/barbara-borges-e-a-grande-campea-de-a-fazenda-14","og_site_name":"Litoral SP","article_published_time":"2022-12-16T11:24:29+00:00","author":"Leonardo Francisco","twitter_card":"summary_large_image","twitter_image":"https:\/\/redenoticiaz.com.br\/litoralsp\/wp-content\/uploads\/sites\/3\/2022\/12\/BARBARA-CAMPEA.jpg?v=1671189820","twitter_misc":{"Escrito por":"Leonardo Francisco","Est. tempo de leitura":"2 minutos"},"schema":{"@context":"https:\/\/schema.org","@graph":[{"@type":"Article","@id":"https:\/\/redenoticiaz.com.br\/litoralsp\/2022\/12\/16\/barbara-borges-e-a-grande-campea-de-a-fazenda-14#article","isPartOf":{"@id":"https:\/\/redenoticiaz.com.br\/litoralsp\/2022\/12\/16\/barbara-borges-e-a-grande-campea-de-a-fazenda-14"},"author":{"name":"Leonardo Francisco","@id":"https:\/\/redenoticiaz.com.br\/litoralsp\/#\/schema\/person\/0f0b8a5bdafefe82841e07ae8d81ecb3"},"headline":"B\u00e1rbara Borges \u00e9 a grande campe\u00e3 de &#8220;A Fazenda 14&#8221;","datePublished":"2022-12-16T11:24:29+00:00","mainEntityOfPage":{"@id":"https:\/\/redenoticiaz.com.br\/litoralsp\/2022\/12\/16\/barbara-borges-e-a-grande-campea-de-a-fazenda-14"},"wordCount":255,"commentCount":0,"publisher":{"@id":"https:\/\/redenoticiaz.com.br\/litoralsp\/#organization"},"image":{"@id":"https:\/\/redenoticiaz.com.br\/litoralsp\/2022\/12\/16\/barbara-borges-e-a-grande-campea-de-a-fazenda-14#primaryimage"},"thumbnailUrl":"https:\/\/redenoticiaz.com.br\/litoralsp\/wp-content\/uploads\/sites\/3\/2022\/12\/BARBARA-CAMPEA.jpg?v=1671189820","keywords":["A Fazenda 14","B\u00e1rbara Borges","B\u00c1RBARA CAMPE\u00c3","Bia Miranda","FINALISTAS","Iran Malfitano"],"articleSection":["Celebridades","Entretenimento"],"inLanguage":"pt-BR","potentialAction":[{"@type":"CommentAction","name":"Comment","target":["https:\/\/redenoticiaz.com.br\/litoralsp\/2022\/12\/16\/barbara-borges-e-a-grande-campea-de-a-fazenda-14#respond"]}]},{"@type":"WebPage","@id":"https:\/\/redenoticiaz.com.br\/litoralsp\/2022\/12\/16\/barbara-borges-e-a-grande-campea-de-a-fazenda-14","url":"https:\/\/redenoticiaz.com.br\/litoralsp\/2022\/12\/16\/barbara-borges-e-a-grande-campea-de-a-fazenda-14","name":"B\u00e1rbara Borges \u00e9 a grande campe\u00e3 de &#8220;A Fazenda 14&#8221; - Litoral SP","isPartOf":{"@id":"https:\/\/redenoticiaz.com.br\/litoralsp\/#website"},"primaryImageOfPage":{"@id":"https:\/\/redenoticiaz.com.br\/litoralsp\/2022\/12\/16\/barbara-borges-e-a-grande-campea-de-a-fazenda-14#primaryimage"},"image":{"@id":"https:\/\/redenoticiaz.com.br\/litoralsp\/2022\/12\/16\/barbara-borges-e-a-grande-campea-de-a-fazenda-14#primaryimage"},"thumbnailUrl":"https:\/\/redenoticiaz.com.br\/litoralsp\/wp-content\/uploads\/sites\/3\/2022\/12\/BARBARA-CAMPEA.jpg?v=1671189820","datePublished":"2022-12-16T11:24:29+00:00","description":"quinta-feira (15), \"A Fazenda 14\". Considerada uma das mais tensas e pol\u00eamicas, a edi\u00e7\u00e3o de 2022 coroou a atriz B\u00e1rbara Borges como","inLanguage":"pt-BR","potentialAction":[{"@type":"ReadAction","target":["https:\/\/redenoticiaz.com.br\/litoralsp\/2022\/12\/16\/barbara-borges-e-a-grande-campea-de-a-fazenda-14"]}]},{"@type":"ImageObject","inLanguage":"pt-BR","@id":"https:\/\/redenoticiaz.com.br\/litoralsp\/2022\/12\/16\/barbara-borges-e-a-grande-campea-de-a-fazenda-14#primaryimage","url":"https:\/\/redenoticiaz.com.br\/litoralsp\/wp-content\/uploads\/sites\/3\/2022\/12\/BARBARA-CAMPEA.jpg?v=1671189820","contentUrl":"https:\/\/redenoticiaz.com.br\/litoralsp\/wp-content\/uploads\/sites\/3\/2022\/12\/BARBARA-CAMPEA.jpg?v=1671189820","width":813,"height":392,"caption":"Cr\u00e9ditos: Reprodu\u00e7\u00e3o"},{"@type":"WebSite","@id":"https:\/\/redenoticiaz.com.br\/litoralsp\/#website","url":"https:\/\/redenoticiaz.com.br\/litoralsp\/","name":"Litoral SP","description":"Rede NoticiaZ","publisher":{"@id":"https:\/\/redenoticiaz.com.br\/litoralsp\/#organization"},"potentialAction":[{"@type":"SearchAction","target":{"@type":"EntryPoint","urlTemplate":"https:\/\/redenoticiaz.com.br\/litoralsp\/?s={search_term_string}"},"query-input":{"@type":"PropertyValueSpecification","valueRequired":true,"valueName":"search_term_string"}}],"inLanguage":"pt-BR"},{"@type":"Organization","@id":"https:\/\/redenoticiaz.com.br\/litoralsp\/#organization","name":"Litoral SP","url":"https:\/\/redenoticiaz.com.br\/litoralsp\/","logo":{"@type":"ImageObject","inLanguage":"pt-BR","@id":"https:\/\/redenoticiaz.com.br\/litoralsp\/#\/schema\/logo\/image\/","url":"https:\/\/redenoticiaz.com.br\/litoralsp\/wp-content\/uploads\/sites\/3\/2020\/11\/logo.jpg","contentUrl":"https:\/\/redenoticiaz.com.br\/litoralsp\/wp-content\/uploads\/sites\/3\/2020\/11\/logo.jpg","width":400,"height":250,"caption":"Litoral SP"},"image":{"@id":"https:\/\/redenoticiaz.com.br\/litoralsp\/#\/schema\/logo\/image\/"}},{"@type":"Person","@id":"https:\/\/redenoticiaz.com.br\/litoralsp\/#\/schema\/person\/0f0b8a5bdafefe82841e07ae8d81ecb3","name":"Leonardo Francisco","image":{"@type":"ImageObject","inLanguage":"pt-BR","@id":"https:\/\/secure.gravatar.com\/avatar\/a7358cb406a99b682ec6df1e77e31ae82e63601f6784e8a3df411d72b37864da?s=96&d=mm&r=g","url":"https:\/\/secure.gravatar.com\/avatar\/a7358cb406a99b682ec6df1e77e31ae82e63601f6784e8a3df411d72b37864da?s=96&d=mm&r=g","contentUrl":"https:\/\/secure.gravatar.com\/avatar\/a7358cb406a99b682ec6df1e77e31ae82e63601f6784e8a3df411d72b37864da?s=96&d=mm&r=g","caption":"Leonardo Francisco"},"url":"https:\/\/redenoticiaz.com.br\/litoralsp\/author\/leonardo-francisco"}]}},"_links":{"self":[{"href":"https:\/\/redenoticiaz.com.br\/litoralsp\/wp-json\/wp\/v2\/posts\/97156","targetHints":{"allow":["GET"]}}],"collection":[{"href":"https:\/\/redenoticiaz.com.br\/litoralsp\/wp-json\/wp\/v2\/posts"}],"about":[{"href":"https:\/\/redenoticiaz.com.br\/litoralsp\/wp-json\/wp\/v2\/types\/post"}],"author":[{"embeddable":true,"href":"https:\/\/redenoticiaz.com.br\/litoralsp\/wp-json\/wp\/v2\/users\/6"}],"replies":[{"embeddable":true,"href":"https:\/\/redenoticiaz.com.br\/litoralsp\/wp-json\/wp\/v2\/comments?post=97156"}],"version-history":[{"count":0,"href":"https:\/\/redenoticiaz.com.br\/litoralsp\/wp-json\/wp\/v2\/posts\/97156\/revisions"}],"wp:featuredmedia":[{"embeddable":true,"href":"https:\/\/redenoticiaz.com.br\/litoralsp\/wp-json\/wp\/v2\/media\/97157"}],"wp:attachment":[{"href":"https:\/\/redenoticiaz.com.br\/litoralsp\/wp-json\/wp\/v2\/media?parent=97156"}],"wp:term":[{"taxonomy":"category","embeddable":true,"href":"https:\/\/redenoticiaz.com.br\/litoralsp\/wp-json\/wp\/v2\/categories?post=97156"},{"taxonomy":"post_tag","embeddable":true,"href":"https:\/\/redenoticiaz.com.br\/litoralsp\/wp-json\/wp\/v2\/tags?post=97156"}],"curies":[{"name":"wp","href":"https:\/\/api.w.org\/{rel}","templated":true}]}}