{"id":97158,"date":"2022-12-16T09:25:44","date_gmt":"2022-12-16T12:25:44","guid":{"rendered":"https:\/\/redenoticiaz.com.br\/litoralsp\/?p=97158"},"modified":"2022-12-16T09:26:57","modified_gmt":"2022-12-16T12:26:57","slug":"duas-pessoas-sao-resgatadas-de-navios-de-cruzeiros-no-porto-de-santos","status":"publish","type":"post","link":"https:\/\/redenoticiaz.com.br\/litoralsp\/2022\/12\/16\/duas-pessoas-sao-resgatadas-de-navios-de-cruzeiros-no-porto-de-santos","title":{"rendered":"Duas pessoas s\u00e3o resgatadas de navios de cruzeiros no Porto de Santos"},"content":{"rendered":"<div id=\"chunk-cjqmr\">\n<div class=\"mc-column content-text active-extra-styles \" data-block-type=\"unstyled\" data-block-weight=\"58\" data-block-id=\"3\">\n<p class=\"content-text__container \" data-track-category=\"Link no Texto\" data-track-links=\"\">Duas pessoas <strong>foram socorridas de navios de cruzeiros<\/strong>, que estavam atracados no Porto de Santos, no Litoral de S\u00e3o Paulo. O resgate ocorreu na quinta-feira (15) e ambas foram levadas para o Hospital Benefic\u00eancia Portuguesa, em Santos. mas os motivos para o resgate n\u00e3o foram divulgados pela unidade de sa\u00fade, que garantiu apenas que a dupla foi atendida pela equipe m\u00e9dica e liberada.<\/p>\n<\/div>\n<\/div>\n<div class=\"wall protected-content\">\n<div id=\"chunk-fko77\">\n<div class=\"mc-column content-text active-extra-styles \" data-block-type=\"unstyled\" data-block-weight=\"42\" data-block-id=\"4\">\n<p class=\"content-text__container \" data-track-category=\"Link no Texto\" data-track-links=\"\">Segundo a Santos Port Authority (SPA), um dos socorridos era tripulante do navio Norwegian Star, enquanto o outro estava na embarca\u00e7\u00e3o MSC Fantasia. Neste caso, a autoridade portu\u00e1ria n\u00e3o soube informar ser era algu\u00e9m da equipe do navio ou um passageiro.<\/p>\n<div id=\"chunk-ehorf\">\n<div class=\"mc-column content-text active-extra-styles \" data-block-type=\"unstyled\" data-block-weight=\"26\" data-block-id=\"6\">\n<p class=\"content-text__container \" data-track-category=\"Link no Texto\" data-track-links=\"\">O Hospital Benefic\u00eancia Portuguesa informou ter atendido outra pessoa que estava embarcada, mas n\u00e3o dizer em qual navio. A SPA, n\u00e3o confirmou um terceiro resgate. J\u00e1 a Marinha do Brasil n\u00e3o deu mais detalhes sobre o caso. Assim que derem respostas, ter\u00e3o as respostas publicadas.<\/p>\n<p data-track-category=\"Link no Texto\" data-track-links=\"\"><strong>LEIA TAMB\u00c9M<\/strong><\/p>\n<p data-track-category=\"Link no Texto\" data-track-links=\"\"><a href=\"https:\/\/redenoticiaz.com.br\/litoralsp\/2022\/12\/15\/secretario-ajuda-resgatar-cadela-caida-em-canal-de-santos\">Secret\u00e1rio ajuda resgatar cadela ca\u00edda em canal de Santos<\/a><\/p>\n<\/div>\n<\/div>\n<\/div>\n<\/div>\n<\/div>\n","protected":false},"excerpt":{"rendered":"<p>Duas pessoas foram socorridas de navios de cruzeiros, que estavam atracados no Porto de Santos, no Litoral de S\u00e3o Paulo. O resgate ocorreu na quinta-feira (15) e ambas foram levadas para o Hospital Benefic\u00eancia Portuguesa, em Santos. mas os motivos para o resgate n\u00e3o foram divulgados pela unidade de sa\u00fade, que garantiu apenas que a &hellip;<\/p>\n","protected":false},"author":6,"featured_media":97159,"comment_status":"open","ping_status":"closed","sticky":false,"template":"","format":"standard","meta":{"footnotes":""},"categories":[18537,180,775],"tags":[7,15651,4542,59728,74,21060,986,6665,18085],"class_list":["post-97158","post","type-post","status-publish","format-standard","has-post-thumbnail","hentry","category-porto","category-santos","category-turismo","tag-acidente","tag-hospital-beneficencia-portuguesa","tag-marinha","tag-navios-de-cruzeiros","tag-porto-de-santos","tag-resgate-de-tripulantes","tag-santos","tag-santos-port-authority","tag-spa"],"yoast_head":"<!-- This site is optimized with the Yoast SEO plugin v27.5 - https:\/\/yoast.com\/product\/yoast-seo-wordpress\/ -->\n<title>Duas pessoas s\u00e3o resgatadas de navios de cruzeiros no Porto de Santos - Litoral SP<\/title>\n<meta name=\"description\" content=\"pessoas foram socorridas de navios de cruzeiros, que estavam atracados no Porto de Santos, no Litoral de S\u00e3o Paulo. O resgate ocorreu\" \/>\n<meta name=\"robots\" content=\"index, follow, max-snippet:-1, max-image-preview:large, max-video-preview:-1\" \/>\n<link rel=\"canonical\" href=\"https:\/\/redenoticiaz.com.br\/litoralsp\/2022\/12\/16\/duas-pessoas-sao-resgatadas-de-navios-de-cruzeiros-no-porto-de-santos\" \/>\n<meta property=\"og:locale\" content=\"pt_BR\" \/>\n<meta property=\"og:type\" content=\"article\" \/>\n<meta property=\"og:title\" content=\"Duas pessoas s\u00e3o resgatadas de navios de cruzeiros no Porto de Santos - Litoral SP\" \/>\n<meta property=\"og:description\" content=\"pessoas foram socorridas de navios de cruzeiros, que estavam atracados no Porto de Santos, no Litoral de S\u00e3o Paulo. O resgate ocorreu\" \/>\n<meta property=\"og:url\" content=\"https:\/\/redenoticiaz.com.br\/litoralsp\/2022\/12\/16\/duas-pessoas-sao-resgatadas-de-navios-de-cruzeiros-no-porto-de-santos\" \/>\n<meta property=\"og:site_name\" content=\"Litoral SP\" \/>\n<meta property=\"article:published_time\" content=\"2022-12-16T12:25:44+00:00\" \/>\n<meta property=\"article:modified_time\" content=\"2022-12-16T12:26:57+00:00\" \/>\n<meta property=\"og:image\" content=\"https:\/\/redenoticiaz.com.br\/litoralsp\/wp-content\/uploads\/sites\/3\/2022\/12\/NAVIOS-RESGATE.jpg\" \/>\n\t<meta property=\"og:image:width\" content=\"495\" \/>\n\t<meta property=\"og:image:height\" content=\"242\" \/>\n\t<meta property=\"og:image:type\" content=\"image\/jpeg\" \/>\n<meta name=\"author\" content=\"Leonardo Francisco\" \/>\n<meta name=\"twitter:card\" content=\"summary_large_image\" \/>\n<meta name=\"twitter:label1\" content=\"Escrito por\" \/>\n\t<meta name=\"twitter:data1\" content=\"Leonardo Francisco\" \/>\n\t<meta name=\"twitter:label2\" content=\"Est. tempo de leitura\" \/>\n\t<meta name=\"twitter:data2\" content=\"1 minuto\" \/>\n<script type=\"application\/ld+json\" class=\"yoast-schema-graph\">{\"@context\":\"https:\\\/\\\/schema.org\",\"@graph\":[{\"@type\":\"Article\",\"@id\":\"https:\\\/\\\/redenoticiaz.com.br\\\/litoralsp\\\/2022\\\/12\\\/16\\\/duas-pessoas-sao-resgatadas-de-navios-de-cruzeiros-no-porto-de-santos#article\",\"isPartOf\":{\"@id\":\"https:\\\/\\\/redenoticiaz.com.br\\\/litoralsp\\\/2022\\\/12\\\/16\\\/duas-pessoas-sao-resgatadas-de-navios-de-cruzeiros-no-porto-de-santos\"},\"author\":{\"name\":\"Leonardo Francisco\",\"@id\":\"https:\\\/\\\/redenoticiaz.com.br\\\/litoralsp\\\/#\\\/schema\\\/person\\\/0f0b8a5bdafefe82841e07ae8d81ecb3\"},\"headline\":\"Duas pessoas s\u00e3o resgatadas de navios de cruzeiros no Porto de Santos\",\"datePublished\":\"2022-12-16T12:25:44+00:00\",\"dateModified\":\"2022-12-16T12:26:57+00:00\",\"mainEntityOfPage\":{\"@id\":\"https:\\\/\\\/redenoticiaz.com.br\\\/litoralsp\\\/2022\\\/12\\\/16\\\/duas-pessoas-sao-resgatadas-de-navios-de-cruzeiros-no-porto-de-santos\"},\"wordCount\":189,\"commentCount\":0,\"publisher\":{\"@id\":\"https:\\\/\\\/redenoticiaz.com.br\\\/litoralsp\\\/#organization\"},\"image\":{\"@id\":\"https:\\\/\\\/redenoticiaz.com.br\\\/litoralsp\\\/2022\\\/12\\\/16\\\/duas-pessoas-sao-resgatadas-de-navios-de-cruzeiros-no-porto-de-santos#primaryimage\"},\"thumbnailUrl\":\"https:\\\/\\\/redenoticiaz.com.br\\\/litoralsp\\\/wp-content\\\/uploads\\\/sites\\\/3\\\/2022\\\/12\\\/NAVIOS-RESGATE.jpg\",\"keywords\":[\"acidente\",\"HOSPITAL BENEFIC\u00caNCIA PORTUGUESA\",\"MARINHA\",\"NAVIOS DE CRUZEIROS\",\"porto de santos\",\"RESGATE DE TRIPULANTES\",\"Santos\",\"SANTOS PORT AUTHORITY\",\"SPA\"],\"articleSection\":[\"Porto\",\"Santos\",\"Turismo\"],\"inLanguage\":\"pt-BR\",\"potentialAction\":[{\"@type\":\"CommentAction\",\"name\":\"Comment\",\"target\":[\"https:\\\/\\\/redenoticiaz.com.br\\\/litoralsp\\\/2022\\\/12\\\/16\\\/duas-pessoas-sao-resgatadas-de-navios-de-cruzeiros-no-porto-de-santos#respond\"]}]},{\"@type\":\"WebPage\",\"@id\":\"https:\\\/\\\/redenoticiaz.com.br\\\/litoralsp\\\/2022\\\/12\\\/16\\\/duas-pessoas-sao-resgatadas-de-navios-de-cruzeiros-no-porto-de-santos\",\"url\":\"https:\\\/\\\/redenoticiaz.com.br\\\/litoralsp\\\/2022\\\/12\\\/16\\\/duas-pessoas-sao-resgatadas-de-navios-de-cruzeiros-no-porto-de-santos\",\"name\":\"Duas pessoas s\u00e3o resgatadas de navios de cruzeiros no Porto de Santos - Litoral SP\",\"isPartOf\":{\"@id\":\"https:\\\/\\\/redenoticiaz.com.br\\\/litoralsp\\\/#website\"},\"primaryImageOfPage\":{\"@id\":\"https:\\\/\\\/redenoticiaz.com.br\\\/litoralsp\\\/2022\\\/12\\\/16\\\/duas-pessoas-sao-resgatadas-de-navios-de-cruzeiros-no-porto-de-santos#primaryimage\"},\"image\":{\"@id\":\"https:\\\/\\\/redenoticiaz.com.br\\\/litoralsp\\\/2022\\\/12\\\/16\\\/duas-pessoas-sao-resgatadas-de-navios-de-cruzeiros-no-porto-de-santos#primaryimage\"},\"thumbnailUrl\":\"https:\\\/\\\/redenoticiaz.com.br\\\/litoralsp\\\/wp-content\\\/uploads\\\/sites\\\/3\\\/2022\\\/12\\\/NAVIOS-RESGATE.jpg\",\"datePublished\":\"2022-12-16T12:25:44+00:00\",\"dateModified\":\"2022-12-16T12:26:57+00:00\",\"description\":\"pessoas foram socorridas de navios de cruzeiros, que estavam atracados no Porto de Santos, no Litoral de S\u00e3o Paulo. O resgate ocorreu\",\"inLanguage\":\"pt-BR\",\"potentialAction\":[{\"@type\":\"ReadAction\",\"target\":[\"https:\\\/\\\/redenoticiaz.com.br\\\/litoralsp\\\/2022\\\/12\\\/16\\\/duas-pessoas-sao-resgatadas-de-navios-de-cruzeiros-no-porto-de-santos\"]}]},{\"@type\":\"ImageObject\",\"inLanguage\":\"pt-BR\",\"@id\":\"https:\\\/\\\/redenoticiaz.com.br\\\/litoralsp\\\/2022\\\/12\\\/16\\\/duas-pessoas-sao-resgatadas-de-navios-de-cruzeiros-no-porto-de-santos#primaryimage\",\"url\":\"https:\\\/\\\/redenoticiaz.com.br\\\/litoralsp\\\/wp-content\\\/uploads\\\/sites\\\/3\\\/2022\\\/12\\\/NAVIOS-RESGATE.jpg\",\"contentUrl\":\"https:\\\/\\\/redenoticiaz.com.br\\\/litoralsp\\\/wp-content\\\/uploads\\\/sites\\\/3\\\/2022\\\/12\\\/NAVIOS-RESGATE.jpg\",\"width\":495,\"height\":242,\"caption\":\"Cr\u00e9ditos: Reprodu\u00e7\u00e3o\\\/AT\"},{\"@type\":\"WebSite\",\"@id\":\"https:\\\/\\\/redenoticiaz.com.br\\\/litoralsp\\\/#website\",\"url\":\"https:\\\/\\\/redenoticiaz.com.br\\\/litoralsp\\\/\",\"name\":\"Litoral SP\",\"description\":\"Rede NoticiaZ\",\"publisher\":{\"@id\":\"https:\\\/\\\/redenoticiaz.com.br\\\/litoralsp\\\/#organization\"},\"potentialAction\":[{\"@type\":\"SearchAction\",\"target\":{\"@type\":\"EntryPoint\",\"urlTemplate\":\"https:\\\/\\\/redenoticiaz.com.br\\\/litoralsp\\\/?s={search_term_string}\"},\"query-input\":{\"@type\":\"PropertyValueSpecification\",\"valueRequired\":true,\"valueName\":\"search_term_string\"}}],\"inLanguage\":\"pt-BR\"},{\"@type\":\"Organization\",\"@id\":\"https:\\\/\\\/redenoticiaz.com.br\\\/litoralsp\\\/#organization\",\"name\":\"Litoral SP\",\"url\":\"https:\\\/\\\/redenoticiaz.com.br\\\/litoralsp\\\/\",\"logo\":{\"@type\":\"ImageObject\",\"inLanguage\":\"pt-BR\",\"@id\":\"https:\\\/\\\/redenoticiaz.com.br\\\/litoralsp\\\/#\\\/schema\\\/logo\\\/image\\\/\",\"url\":\"https:\\\/\\\/redenoticiaz.com.br\\\/litoralsp\\\/wp-content\\\/uploads\\\/sites\\\/3\\\/2020\\\/11\\\/logo.jpg\",\"contentUrl\":\"https:\\\/\\\/redenoticiaz.com.br\\\/litoralsp\\\/wp-content\\\/uploads\\\/sites\\\/3\\\/2020\\\/11\\\/logo.jpg\",\"width\":400,\"height\":250,\"caption\":\"Litoral SP\"},\"image\":{\"@id\":\"https:\\\/\\\/redenoticiaz.com.br\\\/litoralsp\\\/#\\\/schema\\\/logo\\\/image\\\/\"}},{\"@type\":\"Person\",\"@id\":\"https:\\\/\\\/redenoticiaz.com.br\\\/litoralsp\\\/#\\\/schema\\\/person\\\/0f0b8a5bdafefe82841e07ae8d81ecb3\",\"name\":\"Leonardo Francisco\",\"image\":{\"@type\":\"ImageObject\",\"inLanguage\":\"pt-BR\",\"@id\":\"https:\\\/\\\/secure.gravatar.com\\\/avatar\\\/a7358cb406a99b682ec6df1e77e31ae82e63601f6784e8a3df411d72b37864da?s=96&d=mm&r=g\",\"url\":\"https:\\\/\\\/secure.gravatar.com\\\/avatar\\\/a7358cb406a99b682ec6df1e77e31ae82e63601f6784e8a3df411d72b37864da?s=96&d=mm&r=g\",\"contentUrl\":\"https:\\\/\\\/secure.gravatar.com\\\/avatar\\\/a7358cb406a99b682ec6df1e77e31ae82e63601f6784e8a3df411d72b37864da?s=96&d=mm&r=g\",\"caption\":\"Leonardo Francisco\"},\"url\":\"https:\\\/\\\/redenoticiaz.com.br\\\/litoralsp\\\/author\\\/leonardo-francisco\"}]}<\/script>\n<!-- \/ Yoast SEO plugin. -->","yoast_head_json":{"title":"Duas pessoas s\u00e3o resgatadas de navios de cruzeiros no Porto de Santos - Litoral SP","description":"pessoas foram socorridas de navios de cruzeiros, que estavam atracados no Porto de Santos, no Litoral de S\u00e3o Paulo. O resgate ocorreu","robots":{"index":"index","follow":"follow","max-snippet":"max-snippet:-1","max-image-preview":"max-image-preview:large","max-video-preview":"max-video-preview:-1"},"canonical":"https:\/\/redenoticiaz.com.br\/litoralsp\/2022\/12\/16\/duas-pessoas-sao-resgatadas-de-navios-de-cruzeiros-no-porto-de-santos","og_locale":"pt_BR","og_type":"article","og_title":"Duas pessoas s\u00e3o resgatadas de navios de cruzeiros no Porto de Santos - Litoral SP","og_description":"pessoas foram socorridas de navios de cruzeiros, que estavam atracados no Porto de Santos, no Litoral de S\u00e3o Paulo. O resgate ocorreu","og_url":"https:\/\/redenoticiaz.com.br\/litoralsp\/2022\/12\/16\/duas-pessoas-sao-resgatadas-de-navios-de-cruzeiros-no-porto-de-santos","og_site_name":"Litoral SP","article_published_time":"2022-12-16T12:25:44+00:00","article_modified_time":"2022-12-16T12:26:57+00:00","og_image":[{"width":495,"height":242,"url":"https:\/\/redenoticiaz.com.br\/litoralsp\/wp-content\/uploads\/sites\/3\/2022\/12\/NAVIOS-RESGATE.jpg","type":"image\/jpeg"}],"author":"Leonardo Francisco","twitter_card":"summary_large_image","twitter_misc":{"Escrito por":"Leonardo Francisco","Est. tempo de leitura":"1 minuto"},"schema":{"@context":"https:\/\/schema.org","@graph":[{"@type":"Article","@id":"https:\/\/redenoticiaz.com.br\/litoralsp\/2022\/12\/16\/duas-pessoas-sao-resgatadas-de-navios-de-cruzeiros-no-porto-de-santos#article","isPartOf":{"@id":"https:\/\/redenoticiaz.com.br\/litoralsp\/2022\/12\/16\/duas-pessoas-sao-resgatadas-de-navios-de-cruzeiros-no-porto-de-santos"},"author":{"name":"Leonardo Francisco","@id":"https:\/\/redenoticiaz.com.br\/litoralsp\/#\/schema\/person\/0f0b8a5bdafefe82841e07ae8d81ecb3"},"headline":"Duas pessoas s\u00e3o resgatadas de navios de cruzeiros no Porto de Santos","datePublished":"2022-12-16T12:25:44+00:00","dateModified":"2022-12-16T12:26:57+00:00","mainEntityOfPage":{"@id":"https:\/\/redenoticiaz.com.br\/litoralsp\/2022\/12\/16\/duas-pessoas-sao-resgatadas-de-navios-de-cruzeiros-no-porto-de-santos"},"wordCount":189,"commentCount":0,"publisher":{"@id":"https:\/\/redenoticiaz.com.br\/litoralsp\/#organization"},"image":{"@id":"https:\/\/redenoticiaz.com.br\/litoralsp\/2022\/12\/16\/duas-pessoas-sao-resgatadas-de-navios-de-cruzeiros-no-porto-de-santos#primaryimage"},"thumbnailUrl":"https:\/\/redenoticiaz.com.br\/litoralsp\/wp-content\/uploads\/sites\/3\/2022\/12\/NAVIOS-RESGATE.jpg","keywords":["acidente","HOSPITAL BENEFIC\u00caNCIA PORTUGUESA","MARINHA","NAVIOS DE CRUZEIROS","porto de santos","RESGATE DE TRIPULANTES","Santos","SANTOS PORT AUTHORITY","SPA"],"articleSection":["Porto","Santos","Turismo"],"inLanguage":"pt-BR","potentialAction":[{"@type":"CommentAction","name":"Comment","target":["https:\/\/redenoticiaz.com.br\/litoralsp\/2022\/12\/16\/duas-pessoas-sao-resgatadas-de-navios-de-cruzeiros-no-porto-de-santos#respond"]}]},{"@type":"WebPage","@id":"https:\/\/redenoticiaz.com.br\/litoralsp\/2022\/12\/16\/duas-pessoas-sao-resgatadas-de-navios-de-cruzeiros-no-porto-de-santos","url":"https:\/\/redenoticiaz.com.br\/litoralsp\/2022\/12\/16\/duas-pessoas-sao-resgatadas-de-navios-de-cruzeiros-no-porto-de-santos","name":"Duas pessoas s\u00e3o resgatadas de navios de cruzeiros no Porto de Santos - Litoral SP","isPartOf":{"@id":"https:\/\/redenoticiaz.com.br\/litoralsp\/#website"},"primaryImageOfPage":{"@id":"https:\/\/redenoticiaz.com.br\/litoralsp\/2022\/12\/16\/duas-pessoas-sao-resgatadas-de-navios-de-cruzeiros-no-porto-de-santos#primaryimage"},"image":{"@id":"https:\/\/redenoticiaz.com.br\/litoralsp\/2022\/12\/16\/duas-pessoas-sao-resgatadas-de-navios-de-cruzeiros-no-porto-de-santos#primaryimage"},"thumbnailUrl":"https:\/\/redenoticiaz.com.br\/litoralsp\/wp-content\/uploads\/sites\/3\/2022\/12\/NAVIOS-RESGATE.jpg","datePublished":"2022-12-16T12:25:44+00:00","dateModified":"2022-12-16T12:26:57+00:00","description":"pessoas foram socorridas de navios de cruzeiros, que estavam atracados no Porto de Santos, no Litoral de S\u00e3o Paulo. O resgate ocorreu","inLanguage":"pt-BR","potentialAction":[{"@type":"ReadAction","target":["https:\/\/redenoticiaz.com.br\/litoralsp\/2022\/12\/16\/duas-pessoas-sao-resgatadas-de-navios-de-cruzeiros-no-porto-de-santos"]}]},{"@type":"ImageObject","inLanguage":"pt-BR","@id":"https:\/\/redenoticiaz.com.br\/litoralsp\/2022\/12\/16\/duas-pessoas-sao-resgatadas-de-navios-de-cruzeiros-no-porto-de-santos#primaryimage","url":"https:\/\/redenoticiaz.com.br\/litoralsp\/wp-content\/uploads\/sites\/3\/2022\/12\/NAVIOS-RESGATE.jpg","contentUrl":"https:\/\/redenoticiaz.com.br\/litoralsp\/wp-content\/uploads\/sites\/3\/2022\/12\/NAVIOS-RESGATE.jpg","width":495,"height":242,"caption":"Cr\u00e9ditos: Reprodu\u00e7\u00e3o\/AT"},{"@type":"WebSite","@id":"https:\/\/redenoticiaz.com.br\/litoralsp\/#website","url":"https:\/\/redenoticiaz.com.br\/litoralsp\/","name":"Litoral SP","description":"Rede NoticiaZ","publisher":{"@id":"https:\/\/redenoticiaz.com.br\/litoralsp\/#organization"},"potentialAction":[{"@type":"SearchAction","target":{"@type":"EntryPoint","urlTemplate":"https:\/\/redenoticiaz.com.br\/litoralsp\/?s={search_term_string}"},"query-input":{"@type":"PropertyValueSpecification","valueRequired":true,"valueName":"search_term_string"}}],"inLanguage":"pt-BR"},{"@type":"Organization","@id":"https:\/\/redenoticiaz.com.br\/litoralsp\/#organization","name":"Litoral SP","url":"https:\/\/redenoticiaz.com.br\/litoralsp\/","logo":{"@type":"ImageObject","inLanguage":"pt-BR","@id":"https:\/\/redenoticiaz.com.br\/litoralsp\/#\/schema\/logo\/image\/","url":"https:\/\/redenoticiaz.com.br\/litoralsp\/wp-content\/uploads\/sites\/3\/2020\/11\/logo.jpg","contentUrl":"https:\/\/redenoticiaz.com.br\/litoralsp\/wp-content\/uploads\/sites\/3\/2020\/11\/logo.jpg","width":400,"height":250,"caption":"Litoral SP"},"image":{"@id":"https:\/\/redenoticiaz.com.br\/litoralsp\/#\/schema\/logo\/image\/"}},{"@type":"Person","@id":"https:\/\/redenoticiaz.com.br\/litoralsp\/#\/schema\/person\/0f0b8a5bdafefe82841e07ae8d81ecb3","name":"Leonardo Francisco","image":{"@type":"ImageObject","inLanguage":"pt-BR","@id":"https:\/\/secure.gravatar.com\/avatar\/a7358cb406a99b682ec6df1e77e31ae82e63601f6784e8a3df411d72b37864da?s=96&d=mm&r=g","url":"https:\/\/secure.gravatar.com\/avatar\/a7358cb406a99b682ec6df1e77e31ae82e63601f6784e8a3df411d72b37864da?s=96&d=mm&r=g","contentUrl":"https:\/\/secure.gravatar.com\/avatar\/a7358cb406a99b682ec6df1e77e31ae82e63601f6784e8a3df411d72b37864da?s=96&d=mm&r=g","caption":"Leonardo Francisco"},"url":"https:\/\/redenoticiaz.com.br\/litoralsp\/author\/leonardo-francisco"}]}},"_links":{"self":[{"href":"https:\/\/redenoticiaz.com.br\/litoralsp\/wp-json\/wp\/v2\/posts\/97158","targetHints":{"allow":["GET"]}}],"collection":[{"href":"https:\/\/redenoticiaz.com.br\/litoralsp\/wp-json\/wp\/v2\/posts"}],"about":[{"href":"https:\/\/redenoticiaz.com.br\/litoralsp\/wp-json\/wp\/v2\/types\/post"}],"author":[{"embeddable":true,"href":"https:\/\/redenoticiaz.com.br\/litoralsp\/wp-json\/wp\/v2\/users\/6"}],"replies":[{"embeddable":true,"href":"https:\/\/redenoticiaz.com.br\/litoralsp\/wp-json\/wp\/v2\/comments?post=97158"}],"version-history":[{"count":1,"href":"https:\/\/redenoticiaz.com.br\/litoralsp\/wp-json\/wp\/v2\/posts\/97158\/revisions"}],"predecessor-version":[{"id":97160,"href":"https:\/\/redenoticiaz.com.br\/litoralsp\/wp-json\/wp\/v2\/posts\/97158\/revisions\/97160"}],"wp:featuredmedia":[{"embeddable":true,"href":"https:\/\/redenoticiaz.com.br\/litoralsp\/wp-json\/wp\/v2\/media\/97159"}],"wp:attachment":[{"href":"https:\/\/redenoticiaz.com.br\/litoralsp\/wp-json\/wp\/v2\/media?parent=97158"}],"wp:term":[{"taxonomy":"category","embeddable":true,"href":"https:\/\/redenoticiaz.com.br\/litoralsp\/wp-json\/wp\/v2\/categories?post=97158"},{"taxonomy":"post_tag","embeddable":true,"href":"https:\/\/redenoticiaz.com.br\/litoralsp\/wp-json\/wp\/v2\/tags?post=97158"}],"curies":[{"name":"wp","href":"https:\/\/api.w.org\/{rel}","templated":true}]}}