{"id":97187,"date":"2022-12-16T15:43:04","date_gmt":"2022-12-16T18:43:04","guid":{"rendered":"https:\/\/redenoticiaz.com.br\/litoralsp\/?p=97187"},"modified":"2022-12-16T15:43:04","modified_gmt":"2022-12-16T18:43:04","slug":"frente-fria-de-forte-intensidade-vai-gerar-transtornos-na-baixada-santista","status":"publish","type":"post","link":"https:\/\/redenoticiaz.com.br\/litoralsp\/2022\/12\/16\/frente-fria-de-forte-intensidade-vai-gerar-transtornos-na-baixada-santista","title":{"rendered":"Frente fria de forte intensidade vai gerar transtornos na Baixada Santista"},"content":{"rendered":"<p>A Baixada Santista, no litoral de S\u00e3o Paulo, enfrentar\u00e1 uma frente fria neste s\u00e1bado, dia 17, com alerta para chuvas fortes, ventos e raios. A instabilidade deve permanecer at\u00e9 a quinta, dia 22.<\/p>\n<p>Pancadas de chuva s\u00e3o esperadas para o s\u00e1bado (17), entre as 16h e as 18h. As m\u00e1ximas nesse dia n\u00e3o passar\u00e3o dos 25\u00ba. O domingo (18) ser\u00e1 de temporais e os ventos ser\u00e3o de leves a moderados, tendo m\u00e1xima de 25\u00ba e m\u00ednima de 22\u00ba.<\/p>\n<p>As chuvas ficar\u00e3o mais intensas durante a segunda, dia 19, e na ter\u00e7a, dia 20. Pode chover quase 100 mm em um per\u00edodo de menos de 48 horas, gerando transtornos aos moradores da Regi\u00e3o.<\/p>\n<p>O clima apresenta melhora pr\u00f3ximo ao Natal, no dia 23, sexta. O sol voltar\u00e1 a aparecer, entre nuvens.<\/p>\n<p><strong>Leia mais<\/strong><\/p>\n<p><a href=\"https:\/\/redenoticiaz.com.br\/litoralsp\/2022\/12\/14\/raio-mata-idoso-que-pescava-em-caraguatatuba\">Raio mata idoso que pescava em Caraguatatuba<\/a><\/p>\n","protected":false},"excerpt":{"rendered":"<p>A Baixada Santista, no litoral de S\u00e3o Paulo, enfrentar\u00e1 uma frente fria neste s\u00e1bado, dia 17, com alerta para chuvas fortes, ventos e raios. A instabilidade deve permanecer at\u00e9 a quinta, dia 22. Pancadas de chuva s\u00e3o esperadas para o s\u00e1bado (17), entre as 16h e as 18h. As m\u00e1ximas nesse dia n\u00e3o passar\u00e3o dos &hellip;<\/p>\n","protected":false},"author":12,"featured_media":97192,"comment_status":"open","ping_status":"closed","sticky":false,"template":"","format":"standard","meta":{"footnotes":""},"categories":[26798],"tags":[1148,5552,19471,10996],"class_list":["post-97187","post","type-post","status-publish","format-standard","has-post-thumbnail","hentry","category-climatologia","tag-baixada-santista","tag-chuva-forte","tag-chuva-volumosa","tag-frente-fria"],"yoast_head":"<!-- This site is optimized with the Yoast SEO plugin v27.4 - https:\/\/yoast.com\/product\/yoast-seo-wordpress\/ -->\n<title>Frente fria de forte intensidade vai gerar transtornos na Baixada Santista - Litoral SP<\/title>\n<meta name=\"description\" content=\"A Baixada Santista, no litoral de S\u00e3o Paulo, enfrentar\u00e1 uma frente fria neste s\u00e1bado, dia 17, com alerta para chuvas fortes, ventos e raios.\" \/>\n<meta name=\"robots\" content=\"index, follow, max-snippet:-1, max-image-preview:large, max-video-preview:-1\" \/>\n<link rel=\"canonical\" href=\"https:\/\/redenoticiaz.com.br\/litoralsp\/2022\/12\/16\/frente-fria-de-forte-intensidade-vai-gerar-transtornos-na-baixada-santista\" \/>\n<meta property=\"og:locale\" content=\"pt_BR\" \/>\n<meta property=\"og:type\" content=\"article\" \/>\n<meta property=\"og:title\" content=\"Frente fria de forte intensidade vai gerar transtornos na Baixada Santista - Litoral SP\" \/>\n<meta property=\"og:description\" content=\"A Baixada Santista, no litoral de S\u00e3o Paulo, enfrentar\u00e1 uma frente fria neste s\u00e1bado, dia 17, com alerta para chuvas fortes, ventos e raios.\" \/>\n<meta property=\"og:url\" content=\"https:\/\/redenoticiaz.com.br\/litoralsp\/2022\/12\/16\/frente-fria-de-forte-intensidade-vai-gerar-transtornos-na-baixada-santista\" \/>\n<meta property=\"og:site_name\" content=\"Litoral SP\" \/>\n<meta property=\"article:published_time\" content=\"2022-12-16T18:43:04+00:00\" \/>\n<meta property=\"og:image\" content=\"https:\/\/redenoticiaz.com.br\/litoralsp\/wp-content\/uploads\/sites\/3\/2022\/12\/zn-alagada.jpg\" \/>\n\t<meta property=\"og:image:width\" content=\"1000\" \/>\n\t<meta property=\"og:image:height\" content=\"485\" \/>\n\t<meta property=\"og:image:type\" content=\"image\/jpeg\" \/>\n<meta name=\"author\" content=\"Gustavo Silva\" \/>\n<meta name=\"twitter:card\" content=\"summary_large_image\" \/>\n<meta name=\"twitter:label1\" content=\"Escrito por\" \/>\n\t<meta name=\"twitter:data1\" content=\"Gustavo Silva\" \/>\n\t<meta name=\"twitter:label2\" content=\"Est. tempo de leitura\" \/>\n\t<meta name=\"twitter:data2\" content=\"1 minuto\" \/>\n<script type=\"application\/ld+json\" class=\"yoast-schema-graph\">{\"@context\":\"https:\\\/\\\/schema.org\",\"@graph\":[{\"@type\":\"Article\",\"@id\":\"https:\\\/\\\/redenoticiaz.com.br\\\/litoralsp\\\/2022\\\/12\\\/16\\\/frente-fria-de-forte-intensidade-vai-gerar-transtornos-na-baixada-santista#article\",\"isPartOf\":{\"@id\":\"https:\\\/\\\/redenoticiaz.com.br\\\/litoralsp\\\/2022\\\/12\\\/16\\\/frente-fria-de-forte-intensidade-vai-gerar-transtornos-na-baixada-santista\"},\"author\":{\"name\":\"Gustavo Silva\",\"@id\":\"https:\\\/\\\/redenoticiaz.com.br\\\/litoralsp\\\/#\\\/schema\\\/person\\\/16057b37a3c0ee6b096d7f887c566e2e\"},\"headline\":\"Frente fria de forte intensidade vai gerar transtornos na Baixada Santista\",\"datePublished\":\"2022-12-16T18:43:04+00:00\",\"mainEntityOfPage\":{\"@id\":\"https:\\\/\\\/redenoticiaz.com.br\\\/litoralsp\\\/2022\\\/12\\\/16\\\/frente-fria-de-forte-intensidade-vai-gerar-transtornos-na-baixada-santista\"},\"wordCount\":153,\"commentCount\":0,\"publisher\":{\"@id\":\"https:\\\/\\\/redenoticiaz.com.br\\\/litoralsp\\\/#organization\"},\"image\":{\"@id\":\"https:\\\/\\\/redenoticiaz.com.br\\\/litoralsp\\\/2022\\\/12\\\/16\\\/frente-fria-de-forte-intensidade-vai-gerar-transtornos-na-baixada-santista#primaryimage\"},\"thumbnailUrl\":\"https:\\\/\\\/redenoticiaz.com.br\\\/litoralsp\\\/wp-content\\\/uploads\\\/sites\\\/3\\\/2022\\\/12\\\/zn-alagada.jpg\",\"keywords\":[\"BAIXADA SANTISTA\",\"CHUVA FORTE\",\"CHUVA VOLUMOSA\",\"FRENTE FRIA\"],\"articleSection\":[\"Climatologia\"],\"inLanguage\":\"pt-BR\",\"potentialAction\":[{\"@type\":\"CommentAction\",\"name\":\"Comment\",\"target\":[\"https:\\\/\\\/redenoticiaz.com.br\\\/litoralsp\\\/2022\\\/12\\\/16\\\/frente-fria-de-forte-intensidade-vai-gerar-transtornos-na-baixada-santista#respond\"]}]},{\"@type\":\"WebPage\",\"@id\":\"https:\\\/\\\/redenoticiaz.com.br\\\/litoralsp\\\/2022\\\/12\\\/16\\\/frente-fria-de-forte-intensidade-vai-gerar-transtornos-na-baixada-santista\",\"url\":\"https:\\\/\\\/redenoticiaz.com.br\\\/litoralsp\\\/2022\\\/12\\\/16\\\/frente-fria-de-forte-intensidade-vai-gerar-transtornos-na-baixada-santista\",\"name\":\"Frente fria de forte intensidade vai gerar transtornos na Baixada Santista - Litoral SP\",\"isPartOf\":{\"@id\":\"https:\\\/\\\/redenoticiaz.com.br\\\/litoralsp\\\/#website\"},\"primaryImageOfPage\":{\"@id\":\"https:\\\/\\\/redenoticiaz.com.br\\\/litoralsp\\\/2022\\\/12\\\/16\\\/frente-fria-de-forte-intensidade-vai-gerar-transtornos-na-baixada-santista#primaryimage\"},\"image\":{\"@id\":\"https:\\\/\\\/redenoticiaz.com.br\\\/litoralsp\\\/2022\\\/12\\\/16\\\/frente-fria-de-forte-intensidade-vai-gerar-transtornos-na-baixada-santista#primaryimage\"},\"thumbnailUrl\":\"https:\\\/\\\/redenoticiaz.com.br\\\/litoralsp\\\/wp-content\\\/uploads\\\/sites\\\/3\\\/2022\\\/12\\\/zn-alagada.jpg\",\"datePublished\":\"2022-12-16T18:43:04+00:00\",\"description\":\"A Baixada Santista, no litoral de S\u00e3o Paulo, enfrentar\u00e1 uma frente fria neste s\u00e1bado, dia 17, com alerta para chuvas fortes, ventos e raios.\",\"inLanguage\":\"pt-BR\",\"potentialAction\":[{\"@type\":\"ReadAction\",\"target\":[\"https:\\\/\\\/redenoticiaz.com.br\\\/litoralsp\\\/2022\\\/12\\\/16\\\/frente-fria-de-forte-intensidade-vai-gerar-transtornos-na-baixada-santista\"]}]},{\"@type\":\"ImageObject\",\"inLanguage\":\"pt-BR\",\"@id\":\"https:\\\/\\\/redenoticiaz.com.br\\\/litoralsp\\\/2022\\\/12\\\/16\\\/frente-fria-de-forte-intensidade-vai-gerar-transtornos-na-baixada-santista#primaryimage\",\"url\":\"https:\\\/\\\/redenoticiaz.com.br\\\/litoralsp\\\/wp-content\\\/uploads\\\/sites\\\/3\\\/2022\\\/12\\\/zn-alagada.jpg\",\"contentUrl\":\"https:\\\/\\\/redenoticiaz.com.br\\\/litoralsp\\\/wp-content\\\/uploads\\\/sites\\\/3\\\/2022\\\/12\\\/zn-alagada.jpg\",\"width\":1000,\"height\":485,\"caption\":\"Frente fria de forte intensidade vai gerar transtornos na Baixada Santista\"},{\"@type\":\"WebSite\",\"@id\":\"https:\\\/\\\/redenoticiaz.com.br\\\/litoralsp\\\/#website\",\"url\":\"https:\\\/\\\/redenoticiaz.com.br\\\/litoralsp\\\/\",\"name\":\"Litoral SP\",\"description\":\"Rede NoticiaZ\",\"publisher\":{\"@id\":\"https:\\\/\\\/redenoticiaz.com.br\\\/litoralsp\\\/#organization\"},\"potentialAction\":[{\"@type\":\"SearchAction\",\"target\":{\"@type\":\"EntryPoint\",\"urlTemplate\":\"https:\\\/\\\/redenoticiaz.com.br\\\/litoralsp\\\/?s={search_term_string}\"},\"query-input\":{\"@type\":\"PropertyValueSpecification\",\"valueRequired\":true,\"valueName\":\"search_term_string\"}}],\"inLanguage\":\"pt-BR\"},{\"@type\":\"Organization\",\"@id\":\"https:\\\/\\\/redenoticiaz.com.br\\\/litoralsp\\\/#organization\",\"name\":\"Litoral SP\",\"url\":\"https:\\\/\\\/redenoticiaz.com.br\\\/litoralsp\\\/\",\"logo\":{\"@type\":\"ImageObject\",\"inLanguage\":\"pt-BR\",\"@id\":\"https:\\\/\\\/redenoticiaz.com.br\\\/litoralsp\\\/#\\\/schema\\\/logo\\\/image\\\/\",\"url\":\"https:\\\/\\\/redenoticiaz.com.br\\\/litoralsp\\\/wp-content\\\/uploads\\\/sites\\\/3\\\/2020\\\/11\\\/logo.jpg\",\"contentUrl\":\"https:\\\/\\\/redenoticiaz.com.br\\\/litoralsp\\\/wp-content\\\/uploads\\\/sites\\\/3\\\/2020\\\/11\\\/logo.jpg\",\"width\":400,\"height\":250,\"caption\":\"Litoral SP\"},\"image\":{\"@id\":\"https:\\\/\\\/redenoticiaz.com.br\\\/litoralsp\\\/#\\\/schema\\\/logo\\\/image\\\/\"}},{\"@type\":\"Person\",\"@id\":\"https:\\\/\\\/redenoticiaz.com.br\\\/litoralsp\\\/#\\\/schema\\\/person\\\/16057b37a3c0ee6b096d7f887c566e2e\",\"name\":\"Gustavo Silva\",\"image\":{\"@type\":\"ImageObject\",\"inLanguage\":\"pt-BR\",\"@id\":\"https:\\\/\\\/secure.gravatar.com\\\/avatar\\\/3ee4e82f93b26de0a7cf4ea5eb7893da637ed6bb0c9170c58065944c56e28a33?s=96&d=mm&r=g\",\"url\":\"https:\\\/\\\/secure.gravatar.com\\\/avatar\\\/3ee4e82f93b26de0a7cf4ea5eb7893da637ed6bb0c9170c58065944c56e28a33?s=96&d=mm&r=g\",\"contentUrl\":\"https:\\\/\\\/secure.gravatar.com\\\/avatar\\\/3ee4e82f93b26de0a7cf4ea5eb7893da637ed6bb0c9170c58065944c56e28a33?s=96&d=mm&r=g\",\"caption\":\"Gustavo Silva\"},\"url\":\"https:\\\/\\\/redenoticiaz.com.br\\\/litoralsp\\\/author\\\/gustavosilva\"}]}<\/script>\n<!-- \/ Yoast SEO plugin. -->","yoast_head_json":{"title":"Frente fria de forte intensidade vai gerar transtornos na Baixada Santista - Litoral SP","description":"A Baixada Santista, no litoral de S\u00e3o Paulo, enfrentar\u00e1 uma frente fria neste s\u00e1bado, dia 17, com alerta para chuvas fortes, ventos e raios.","robots":{"index":"index","follow":"follow","max-snippet":"max-snippet:-1","max-image-preview":"max-image-preview:large","max-video-preview":"max-video-preview:-1"},"canonical":"https:\/\/redenoticiaz.com.br\/litoralsp\/2022\/12\/16\/frente-fria-de-forte-intensidade-vai-gerar-transtornos-na-baixada-santista","og_locale":"pt_BR","og_type":"article","og_title":"Frente fria de forte intensidade vai gerar transtornos na Baixada Santista - Litoral SP","og_description":"A Baixada Santista, no litoral de S\u00e3o Paulo, enfrentar\u00e1 uma frente fria neste s\u00e1bado, dia 17, com alerta para chuvas fortes, ventos e raios.","og_url":"https:\/\/redenoticiaz.com.br\/litoralsp\/2022\/12\/16\/frente-fria-de-forte-intensidade-vai-gerar-transtornos-na-baixada-santista","og_site_name":"Litoral SP","article_published_time":"2022-12-16T18:43:04+00:00","og_image":[{"width":1000,"height":485,"url":"https:\/\/redenoticiaz.com.br\/litoralsp\/wp-content\/uploads\/sites\/3\/2022\/12\/zn-alagada.jpg","type":"image\/jpeg"}],"author":"Gustavo Silva","twitter_card":"summary_large_image","twitter_misc":{"Escrito por":"Gustavo Silva","Est. tempo de leitura":"1 minuto"},"schema":{"@context":"https:\/\/schema.org","@graph":[{"@type":"Article","@id":"https:\/\/redenoticiaz.com.br\/litoralsp\/2022\/12\/16\/frente-fria-de-forte-intensidade-vai-gerar-transtornos-na-baixada-santista#article","isPartOf":{"@id":"https:\/\/redenoticiaz.com.br\/litoralsp\/2022\/12\/16\/frente-fria-de-forte-intensidade-vai-gerar-transtornos-na-baixada-santista"},"author":{"name":"Gustavo Silva","@id":"https:\/\/redenoticiaz.com.br\/litoralsp\/#\/schema\/person\/16057b37a3c0ee6b096d7f887c566e2e"},"headline":"Frente fria de forte intensidade vai gerar transtornos na Baixada Santista","datePublished":"2022-12-16T18:43:04+00:00","mainEntityOfPage":{"@id":"https:\/\/redenoticiaz.com.br\/litoralsp\/2022\/12\/16\/frente-fria-de-forte-intensidade-vai-gerar-transtornos-na-baixada-santista"},"wordCount":153,"commentCount":0,"publisher":{"@id":"https:\/\/redenoticiaz.com.br\/litoralsp\/#organization"},"image":{"@id":"https:\/\/redenoticiaz.com.br\/litoralsp\/2022\/12\/16\/frente-fria-de-forte-intensidade-vai-gerar-transtornos-na-baixada-santista#primaryimage"},"thumbnailUrl":"https:\/\/redenoticiaz.com.br\/litoralsp\/wp-content\/uploads\/sites\/3\/2022\/12\/zn-alagada.jpg","keywords":["BAIXADA SANTISTA","CHUVA FORTE","CHUVA VOLUMOSA","FRENTE FRIA"],"articleSection":["Climatologia"],"inLanguage":"pt-BR","potentialAction":[{"@type":"CommentAction","name":"Comment","target":["https:\/\/redenoticiaz.com.br\/litoralsp\/2022\/12\/16\/frente-fria-de-forte-intensidade-vai-gerar-transtornos-na-baixada-santista#respond"]}]},{"@type":"WebPage","@id":"https:\/\/redenoticiaz.com.br\/litoralsp\/2022\/12\/16\/frente-fria-de-forte-intensidade-vai-gerar-transtornos-na-baixada-santista","url":"https:\/\/redenoticiaz.com.br\/litoralsp\/2022\/12\/16\/frente-fria-de-forte-intensidade-vai-gerar-transtornos-na-baixada-santista","name":"Frente fria de forte intensidade vai gerar transtornos na Baixada Santista - Litoral SP","isPartOf":{"@id":"https:\/\/redenoticiaz.com.br\/litoralsp\/#website"},"primaryImageOfPage":{"@id":"https:\/\/redenoticiaz.com.br\/litoralsp\/2022\/12\/16\/frente-fria-de-forte-intensidade-vai-gerar-transtornos-na-baixada-santista#primaryimage"},"image":{"@id":"https:\/\/redenoticiaz.com.br\/litoralsp\/2022\/12\/16\/frente-fria-de-forte-intensidade-vai-gerar-transtornos-na-baixada-santista#primaryimage"},"thumbnailUrl":"https:\/\/redenoticiaz.com.br\/litoralsp\/wp-content\/uploads\/sites\/3\/2022\/12\/zn-alagada.jpg","datePublished":"2022-12-16T18:43:04+00:00","description":"A Baixada Santista, no litoral de S\u00e3o Paulo, enfrentar\u00e1 uma frente fria neste s\u00e1bado, dia 17, com alerta para chuvas fortes, ventos e raios.","inLanguage":"pt-BR","potentialAction":[{"@type":"ReadAction","target":["https:\/\/redenoticiaz.com.br\/litoralsp\/2022\/12\/16\/frente-fria-de-forte-intensidade-vai-gerar-transtornos-na-baixada-santista"]}]},{"@type":"ImageObject","inLanguage":"pt-BR","@id":"https:\/\/redenoticiaz.com.br\/litoralsp\/2022\/12\/16\/frente-fria-de-forte-intensidade-vai-gerar-transtornos-na-baixada-santista#primaryimage","url":"https:\/\/redenoticiaz.com.br\/litoralsp\/wp-content\/uploads\/sites\/3\/2022\/12\/zn-alagada.jpg","contentUrl":"https:\/\/redenoticiaz.com.br\/litoralsp\/wp-content\/uploads\/sites\/3\/2022\/12\/zn-alagada.jpg","width":1000,"height":485,"caption":"Frente fria de forte intensidade vai gerar transtornos na Baixada Santista"},{"@type":"WebSite","@id":"https:\/\/redenoticiaz.com.br\/litoralsp\/#website","url":"https:\/\/redenoticiaz.com.br\/litoralsp\/","name":"Litoral SP","description":"Rede NoticiaZ","publisher":{"@id":"https:\/\/redenoticiaz.com.br\/litoralsp\/#organization"},"potentialAction":[{"@type":"SearchAction","target":{"@type":"EntryPoint","urlTemplate":"https:\/\/redenoticiaz.com.br\/litoralsp\/?s={search_term_string}"},"query-input":{"@type":"PropertyValueSpecification","valueRequired":true,"valueName":"search_term_string"}}],"inLanguage":"pt-BR"},{"@type":"Organization","@id":"https:\/\/redenoticiaz.com.br\/litoralsp\/#organization","name":"Litoral SP","url":"https:\/\/redenoticiaz.com.br\/litoralsp\/","logo":{"@type":"ImageObject","inLanguage":"pt-BR","@id":"https:\/\/redenoticiaz.com.br\/litoralsp\/#\/schema\/logo\/image\/","url":"https:\/\/redenoticiaz.com.br\/litoralsp\/wp-content\/uploads\/sites\/3\/2020\/11\/logo.jpg","contentUrl":"https:\/\/redenoticiaz.com.br\/litoralsp\/wp-content\/uploads\/sites\/3\/2020\/11\/logo.jpg","width":400,"height":250,"caption":"Litoral SP"},"image":{"@id":"https:\/\/redenoticiaz.com.br\/litoralsp\/#\/schema\/logo\/image\/"}},{"@type":"Person","@id":"https:\/\/redenoticiaz.com.br\/litoralsp\/#\/schema\/person\/16057b37a3c0ee6b096d7f887c566e2e","name":"Gustavo Silva","image":{"@type":"ImageObject","inLanguage":"pt-BR","@id":"https:\/\/secure.gravatar.com\/avatar\/3ee4e82f93b26de0a7cf4ea5eb7893da637ed6bb0c9170c58065944c56e28a33?s=96&d=mm&r=g","url":"https:\/\/secure.gravatar.com\/avatar\/3ee4e82f93b26de0a7cf4ea5eb7893da637ed6bb0c9170c58065944c56e28a33?s=96&d=mm&r=g","contentUrl":"https:\/\/secure.gravatar.com\/avatar\/3ee4e82f93b26de0a7cf4ea5eb7893da637ed6bb0c9170c58065944c56e28a33?s=96&d=mm&r=g","caption":"Gustavo Silva"},"url":"https:\/\/redenoticiaz.com.br\/litoralsp\/author\/gustavosilva"}]}},"_links":{"self":[{"href":"https:\/\/redenoticiaz.com.br\/litoralsp\/wp-json\/wp\/v2\/posts\/97187","targetHints":{"allow":["GET"]}}],"collection":[{"href":"https:\/\/redenoticiaz.com.br\/litoralsp\/wp-json\/wp\/v2\/posts"}],"about":[{"href":"https:\/\/redenoticiaz.com.br\/litoralsp\/wp-json\/wp\/v2\/types\/post"}],"author":[{"embeddable":true,"href":"https:\/\/redenoticiaz.com.br\/litoralsp\/wp-json\/wp\/v2\/users\/12"}],"replies":[{"embeddable":true,"href":"https:\/\/redenoticiaz.com.br\/litoralsp\/wp-json\/wp\/v2\/comments?post=97187"}],"version-history":[{"count":1,"href":"https:\/\/redenoticiaz.com.br\/litoralsp\/wp-json\/wp\/v2\/posts\/97187\/revisions"}],"predecessor-version":[{"id":97193,"href":"https:\/\/redenoticiaz.com.br\/litoralsp\/wp-json\/wp\/v2\/posts\/97187\/revisions\/97193"}],"wp:featuredmedia":[{"embeddable":true,"href":"https:\/\/redenoticiaz.com.br\/litoralsp\/wp-json\/wp\/v2\/media\/97192"}],"wp:attachment":[{"href":"https:\/\/redenoticiaz.com.br\/litoralsp\/wp-json\/wp\/v2\/media?parent=97187"}],"wp:term":[{"taxonomy":"category","embeddable":true,"href":"https:\/\/redenoticiaz.com.br\/litoralsp\/wp-json\/wp\/v2\/categories?post=97187"},{"taxonomy":"post_tag","embeddable":true,"href":"https:\/\/redenoticiaz.com.br\/litoralsp\/wp-json\/wp\/v2\/tags?post=97187"}],"curies":[{"name":"wp","href":"https:\/\/api.w.org\/{rel}","templated":true}]}}