{"id":97254,"date":"2022-12-17T18:00:36","date_gmt":"2022-12-17T21:00:36","guid":{"rendered":"https:\/\/redenoticiaz.com.br\/litoralsp\/?p=97254"},"modified":"2022-12-17T18:00:36","modified_gmt":"2022-12-17T21:00:36","slug":"santos-vai-promover-o-reveillon-2023-com-direito-a-tributo-para-tim-maia","status":"publish","type":"post","link":"https:\/\/redenoticiaz.com.br\/litoralsp\/2022\/12\/17\/santos-vai-promover-o-reveillon-2023-com-direito-a-tributo-para-tim-maia","title":{"rendered":"Santos vai promover o R\u00e9veillon 2023 com direito a tributo para Tim Maia"},"content":{"rendered":"<p>Passada a fase mais r\u00edgida da pandemia da Covid-19, onde festas populares eram proibidas, Santos volta a realizar o tradicional <strong>R\u00e9veillon.<\/strong> A expectativa \u00e9 receber at\u00e9 1 milh\u00e3o de pessoas entre moradores e turistas e para isso, grandes atra\u00e7\u00f5es s\u00e3o esperadas.<\/p>\n<p>De acordo com a prefeitura, haver\u00e3o fogos multicoloridos, resultando em um espet\u00e1culo de cores e luzes, que promete emocionar o p\u00fablico de um milh\u00e3o de pessoas que dever\u00e1 se reunir na orla de Santos.<\/p>\n<p>A parte musical ficar\u00e1 a cargo de uma homenagem ao mestre Tim Maia, com apresenta\u00e7\u00e3o da Orquestra Sinf\u00f4nica Municipal de Santos (OSMS), ao lado da \u2018Banda do S\u00edndico\u2019. Ap\u00f3s a queima de fogos, haver\u00e1 exibi\u00e7\u00e3o de artistas da regi\u00e3o.<\/p>\n<p>As atra\u00e7\u00f5es do r\u00e9veillon 2023 foram anunciadas na sexta-feira (16) pelo prefeito Rog\u00e9rio Santos. &#8220;Havia grande expectativa para a volta deste tradicional evento, ap\u00f3s o per\u00edodo mais cr\u00edtico da pandemia. Teremos um dos maiores espet\u00e1culos de r\u00e9veillon do Pa\u00eds ao longo de cinco quil\u00f4metros na orla&#8221;, afirmou. Quanto \u00e0s atra\u00e7\u00f5es, o chefe do Executivo destacou que &#8220;Santos tem sido uma refer\u00eancia, gra\u00e7as \u00e0 Orquestra Municipal, que tem feito a jun\u00e7\u00e3o de estilos, seja com o rock, com o samba, e agora com o Tim Maia, cujo estilo era \u00fanico&#8221;.<\/p>\n<p>No show pirot\u00e9cnico deste ano, a tecnologia dos fogos de artif\u00edcio de baixo estampido (ru\u00eddo reduzido) ser\u00e1 a mesma utilizada em Dubai, Disney, Pequim e nas viradas do Rio de Janeiro e Florian\u00f3polis, destacou o secret\u00e1rio de Cultura, Rafael Leal. Os artefatos estar\u00e3o distribu\u00eddos em 10 embarca\u00e7\u00f5es ao longo da orla, ancoradas a 400 metros da areia, garantindo a tranquilidade e a seguran\u00e7a da popula\u00e7\u00e3o que ir\u00e1 assistir ao maior espet\u00e1culo do Estado. &#8220;Nosso evento \u00e9 diferenciado. Um evento para toda a fam\u00edlia&#8221;.<\/p>\n<p>Os momentos pirot\u00e9cnicos e as novidades devem encantar e emocionar o p\u00fablico, presenteando-o com belas cores, brilho e muitos efeitos coreogr\u00e1ficos. Artefatos de desenhos ir\u00e3o surpreender os espectadores, com os tradicionais formatos de cora\u00e7\u00e3o, estrelas, c\u00edrculos, carinhas felizes, al\u00e9m dos efeitos m\u00faltiplos que formam desenhos conjugados de an\u00e9is e estrelas cadentes.<\/p>\n<h3 id=\"menu2\">M\u00fasica<\/h3>\n<p>Antes do show pirot\u00e9cnico, a m\u00fasica vai dar o tom no palco montado na praia do Gonzaga, onde mais uma vez a Orquestra Sinf\u00f4nica Municipal de Santos (OSMS) far\u00e1 uma apresenta\u00e7\u00e3o hist\u00f3rica, a partir das 22h. Para esta ocasi\u00e3o, os m\u00fasicos comandados pelo maestro Lu\u00eds Gustavo Petri estar\u00e3o acompanhados da \u2018Banda do S\u00edndico\u2019, com profissionais que formavam a Banda Vit\u00f3ria R\u00e9gia, que acompanhava a lenda da m\u00fasica nacional Tim Maia, que teria completado 80 anos em 2022. &#8220;O show vai parar 15 minutos antes do R\u00e9veillon para entrarmos em 2023 com muita energia&#8221;, assinalou Petri.<\/p>\n<p>Ap\u00f3s a queima de fogos, o p\u00fablico vai prestigiar o show de uma super banda formada por m\u00fasicos da Cidade. A festa tem apoio do Santos Convention &amp; Visitors Bureau, que atendeu chamamento p\u00fablico para o evento.<\/p>\n<p>A grande atra\u00e7\u00e3o musical do Santos R\u00e9veillon 2023 ser\u00e1 o encontro da Orquestra Sinf\u00f4nica Municipal de Santos com a Banda do S\u00edndico, composta por m\u00fasicos que acompanhavam o rei do soul brasileiro. O show \u2018Tim Maia 80 anos\u2019 reunir\u00e1 grandes sucessos de uma das figuras mais irreverentes e geniais da m\u00fasica brasileira.<\/p>\n<p>Nele haver\u00e3o arranjos originais e naipes afinad\u00edssimos que marcaram a carreira de Tim, trazendo desde suas can\u00e7\u00f5es mais rom\u00e2nticas, como \u2018Primavera\u2019 e \u2018Voc\u00ea\u2019, at\u00e9 seu repert\u00f3rio mais dan\u00e7ante, recheado pela sonoridade dos hits \u2018Que Beleza\u2019, \u2018Do Leme ao Pontal\u2019, \u2018Descobridor dos Sete Mares\u2019, \u2018N\u00e3o Quero Dinheiro\u2019, entre outros sucessos antol\u00f3gicos.<\/p>\n<p><strong>LEIA TAMB\u00c9M<\/strong><\/p>\n<p><a href=\"https:\/\/redenoticiaz.com.br\/litoralsp\/2022\/12\/17\/cidades-do-litoral-norte-anunciam-programacao-do-reveillon-2023\">Cidades do Litoral Norte anunciam programa\u00e7\u00e3o do R\u00e9veillon 2023<\/a><\/p>\n","protected":false},"excerpt":{"rendered":"<p>Passada a fase mais r\u00edgida da pandemia da Covid-19, onde festas populares eram proibidas, Santos volta a realizar o tradicional R\u00e9veillon. A expectativa \u00e9 receber at\u00e9 1 milh\u00e3o de pessoas entre moradores e turistas e para isso, grandes atra\u00e7\u00f5es s\u00e3o esperadas. De acordo com a prefeitura, haver\u00e3o fogos multicoloridos, resultando em um espet\u00e1culo de cores &hellip;<\/p>\n","protected":false},"author":6,"featured_media":97255,"comment_status":"open","ping_status":"closed","sticky":false,"template":"","format":"standard","meta":{"footnotes":""},"categories":[45592,180],"tags":[9554,1906,61861,986,61885],"class_list":["post-97254","post","type-post","status-publish","format-standard","has-post-thumbnail","hentry","category-praia","category-santos","tag-atracoes","tag-queima-de-fogos","tag-reveillon-2023","tag-santos","tag-tim-maia"],"yoast_head":"<!-- This site is optimized with the Yoast SEO plugin v27.5 - https:\/\/yoast.com\/product\/yoast-seo-wordpress\/ -->\n<title>Santos vai promover o R\u00e9veillon 2023 com direito a tributo para Tim Maia - Litoral SP<\/title>\n<meta name=\"description\" content=\"mais r\u00edgida da pandemia da Covid-19, onde festas populares eram proibidas, Santos volta a realizar o tradicional R\u00e9veillon. A expectativa\" \/>\n<meta name=\"robots\" content=\"index, follow, max-snippet:-1, max-image-preview:large, max-video-preview:-1\" \/>\n<link rel=\"canonical\" href=\"https:\/\/redenoticiaz.com.br\/litoralsp\/2022\/12\/17\/santos-vai-promover-o-reveillon-2023-com-direito-a-tributo-para-tim-maia\" \/>\n<meta property=\"og:locale\" content=\"pt_BR\" \/>\n<meta property=\"og:type\" content=\"article\" \/>\n<meta property=\"og:title\" content=\"Santos vai promover o R\u00e9veillon 2023 com direito a tributo para Tim Maia - Litoral SP\" \/>\n<meta property=\"og:description\" content=\"mais r\u00edgida da pandemia da Covid-19, onde festas populares eram proibidas, Santos volta a realizar o tradicional R\u00e9veillon. A expectativa\" \/>\n<meta property=\"og:url\" content=\"https:\/\/redenoticiaz.com.br\/litoralsp\/2022\/12\/17\/santos-vai-promover-o-reveillon-2023-com-direito-a-tributo-para-tim-maia\" \/>\n<meta property=\"og:site_name\" content=\"Litoral SP\" \/>\n<meta property=\"article:published_time\" content=\"2022-12-17T21:00:36+00:00\" \/>\n<meta property=\"og:image\" content=\"https:\/\/redenoticiaz.com.br\/litoralsp\/wp-content\/uploads\/sites\/3\/2022\/12\/reveillon-santos.jpg\" \/>\n\t<meta property=\"og:image:width\" content=\"927\" \/>\n\t<meta property=\"og:image:height\" content=\"618\" \/>\n\t<meta property=\"og:image:type\" content=\"image\/jpeg\" \/>\n<meta name=\"author\" content=\"Leonardo Francisco\" \/>\n<meta name=\"twitter:card\" content=\"summary_large_image\" \/>\n<meta name=\"twitter:label1\" content=\"Escrito por\" \/>\n\t<meta name=\"twitter:data1\" content=\"Leonardo Francisco\" \/>\n\t<meta name=\"twitter:label2\" content=\"Est. tempo de leitura\" \/>\n\t<meta name=\"twitter:data2\" content=\"4 minutos\" \/>\n<script type=\"application\/ld+json\" class=\"yoast-schema-graph\">{\"@context\":\"https:\\\/\\\/schema.org\",\"@graph\":[{\"@type\":\"Article\",\"@id\":\"https:\\\/\\\/redenoticiaz.com.br\\\/litoralsp\\\/2022\\\/12\\\/17\\\/santos-vai-promover-o-reveillon-2023-com-direito-a-tributo-para-tim-maia#article\",\"isPartOf\":{\"@id\":\"https:\\\/\\\/redenoticiaz.com.br\\\/litoralsp\\\/2022\\\/12\\\/17\\\/santos-vai-promover-o-reveillon-2023-com-direito-a-tributo-para-tim-maia\"},\"author\":{\"name\":\"Leonardo Francisco\",\"@id\":\"https:\\\/\\\/redenoticiaz.com.br\\\/litoralsp\\\/#\\\/schema\\\/person\\\/0f0b8a5bdafefe82841e07ae8d81ecb3\"},\"headline\":\"Santos vai promover o R\u00e9veillon 2023 com direito a tributo para Tim Maia\",\"datePublished\":\"2022-12-17T21:00:36+00:00\",\"mainEntityOfPage\":{\"@id\":\"https:\\\/\\\/redenoticiaz.com.br\\\/litoralsp\\\/2022\\\/12\\\/17\\\/santos-vai-promover-o-reveillon-2023-com-direito-a-tributo-para-tim-maia\"},\"wordCount\":667,\"commentCount\":0,\"publisher\":{\"@id\":\"https:\\\/\\\/redenoticiaz.com.br\\\/litoralsp\\\/#organization\"},\"image\":{\"@id\":\"https:\\\/\\\/redenoticiaz.com.br\\\/litoralsp\\\/2022\\\/12\\\/17\\\/santos-vai-promover-o-reveillon-2023-com-direito-a-tributo-para-tim-maia#primaryimage\"},\"thumbnailUrl\":\"https:\\\/\\\/redenoticiaz.com.br\\\/litoralsp\\\/wp-content\\\/uploads\\\/sites\\\/3\\\/2022\\\/12\\\/reveillon-santos.jpg\",\"keywords\":[\"ATRA\u00c7\u00d5ES\",\"QUEIMA DE FOGOS\",\"R\u00e9veillon 2023\",\"Santos\",\"TIM MAIA\"],\"articleSection\":[\"Praia\",\"Santos\"],\"inLanguage\":\"pt-BR\",\"potentialAction\":[{\"@type\":\"CommentAction\",\"name\":\"Comment\",\"target\":[\"https:\\\/\\\/redenoticiaz.com.br\\\/litoralsp\\\/2022\\\/12\\\/17\\\/santos-vai-promover-o-reveillon-2023-com-direito-a-tributo-para-tim-maia#respond\"]}]},{\"@type\":\"WebPage\",\"@id\":\"https:\\\/\\\/redenoticiaz.com.br\\\/litoralsp\\\/2022\\\/12\\\/17\\\/santos-vai-promover-o-reveillon-2023-com-direito-a-tributo-para-tim-maia\",\"url\":\"https:\\\/\\\/redenoticiaz.com.br\\\/litoralsp\\\/2022\\\/12\\\/17\\\/santos-vai-promover-o-reveillon-2023-com-direito-a-tributo-para-tim-maia\",\"name\":\"Santos vai promover o R\u00e9veillon 2023 com direito a tributo para Tim Maia - Litoral SP\",\"isPartOf\":{\"@id\":\"https:\\\/\\\/redenoticiaz.com.br\\\/litoralsp\\\/#website\"},\"primaryImageOfPage\":{\"@id\":\"https:\\\/\\\/redenoticiaz.com.br\\\/litoralsp\\\/2022\\\/12\\\/17\\\/santos-vai-promover-o-reveillon-2023-com-direito-a-tributo-para-tim-maia#primaryimage\"},\"image\":{\"@id\":\"https:\\\/\\\/redenoticiaz.com.br\\\/litoralsp\\\/2022\\\/12\\\/17\\\/santos-vai-promover-o-reveillon-2023-com-direito-a-tributo-para-tim-maia#primaryimage\"},\"thumbnailUrl\":\"https:\\\/\\\/redenoticiaz.com.br\\\/litoralsp\\\/wp-content\\\/uploads\\\/sites\\\/3\\\/2022\\\/12\\\/reveillon-santos.jpg\",\"datePublished\":\"2022-12-17T21:00:36+00:00\",\"description\":\"mais r\u00edgida da pandemia da Covid-19, onde festas populares eram proibidas, Santos volta a realizar o tradicional R\u00e9veillon. A expectativa\",\"inLanguage\":\"pt-BR\",\"potentialAction\":[{\"@type\":\"ReadAction\",\"target\":[\"https:\\\/\\\/redenoticiaz.com.br\\\/litoralsp\\\/2022\\\/12\\\/17\\\/santos-vai-promover-o-reveillon-2023-com-direito-a-tributo-para-tim-maia\"]}]},{\"@type\":\"ImageObject\",\"inLanguage\":\"pt-BR\",\"@id\":\"https:\\\/\\\/redenoticiaz.com.br\\\/litoralsp\\\/2022\\\/12\\\/17\\\/santos-vai-promover-o-reveillon-2023-com-direito-a-tributo-para-tim-maia#primaryimage\",\"url\":\"https:\\\/\\\/redenoticiaz.com.br\\\/litoralsp\\\/wp-content\\\/uploads\\\/sites\\\/3\\\/2022\\\/12\\\/reveillon-santos.jpg\",\"contentUrl\":\"https:\\\/\\\/redenoticiaz.com.br\\\/litoralsp\\\/wp-content\\\/uploads\\\/sites\\\/3\\\/2022\\\/12\\\/reveillon-santos.jpg\",\"width\":927,\"height\":618,\"caption\":\"Cr\u00e9ditos: Divulga\u00e7\u00e3o\\\/Prefeitura de Santos\"},{\"@type\":\"WebSite\",\"@id\":\"https:\\\/\\\/redenoticiaz.com.br\\\/litoralsp\\\/#website\",\"url\":\"https:\\\/\\\/redenoticiaz.com.br\\\/litoralsp\\\/\",\"name\":\"Litoral SP\",\"description\":\"Rede NoticiaZ\",\"publisher\":{\"@id\":\"https:\\\/\\\/redenoticiaz.com.br\\\/litoralsp\\\/#organization\"},\"potentialAction\":[{\"@type\":\"SearchAction\",\"target\":{\"@type\":\"EntryPoint\",\"urlTemplate\":\"https:\\\/\\\/redenoticiaz.com.br\\\/litoralsp\\\/?s={search_term_string}\"},\"query-input\":{\"@type\":\"PropertyValueSpecification\",\"valueRequired\":true,\"valueName\":\"search_term_string\"}}],\"inLanguage\":\"pt-BR\"},{\"@type\":\"Organization\",\"@id\":\"https:\\\/\\\/redenoticiaz.com.br\\\/litoralsp\\\/#organization\",\"name\":\"Litoral SP\",\"url\":\"https:\\\/\\\/redenoticiaz.com.br\\\/litoralsp\\\/\",\"logo\":{\"@type\":\"ImageObject\",\"inLanguage\":\"pt-BR\",\"@id\":\"https:\\\/\\\/redenoticiaz.com.br\\\/litoralsp\\\/#\\\/schema\\\/logo\\\/image\\\/\",\"url\":\"https:\\\/\\\/redenoticiaz.com.br\\\/litoralsp\\\/wp-content\\\/uploads\\\/sites\\\/3\\\/2020\\\/11\\\/logo.jpg\",\"contentUrl\":\"https:\\\/\\\/redenoticiaz.com.br\\\/litoralsp\\\/wp-content\\\/uploads\\\/sites\\\/3\\\/2020\\\/11\\\/logo.jpg\",\"width\":400,\"height\":250,\"caption\":\"Litoral SP\"},\"image\":{\"@id\":\"https:\\\/\\\/redenoticiaz.com.br\\\/litoralsp\\\/#\\\/schema\\\/logo\\\/image\\\/\"}},{\"@type\":\"Person\",\"@id\":\"https:\\\/\\\/redenoticiaz.com.br\\\/litoralsp\\\/#\\\/schema\\\/person\\\/0f0b8a5bdafefe82841e07ae8d81ecb3\",\"name\":\"Leonardo Francisco\",\"image\":{\"@type\":\"ImageObject\",\"inLanguage\":\"pt-BR\",\"@id\":\"https:\\\/\\\/secure.gravatar.com\\\/avatar\\\/a7358cb406a99b682ec6df1e77e31ae82e63601f6784e8a3df411d72b37864da?s=96&d=mm&r=g\",\"url\":\"https:\\\/\\\/secure.gravatar.com\\\/avatar\\\/a7358cb406a99b682ec6df1e77e31ae82e63601f6784e8a3df411d72b37864da?s=96&d=mm&r=g\",\"contentUrl\":\"https:\\\/\\\/secure.gravatar.com\\\/avatar\\\/a7358cb406a99b682ec6df1e77e31ae82e63601f6784e8a3df411d72b37864da?s=96&d=mm&r=g\",\"caption\":\"Leonardo Francisco\"},\"url\":\"https:\\\/\\\/redenoticiaz.com.br\\\/litoralsp\\\/author\\\/leonardo-francisco\"}]}<\/script>\n<!-- \/ Yoast SEO plugin. -->","yoast_head_json":{"title":"Santos vai promover o R\u00e9veillon 2023 com direito a tributo para Tim Maia - Litoral SP","description":"mais r\u00edgida da pandemia da Covid-19, onde festas populares eram proibidas, Santos volta a realizar o tradicional R\u00e9veillon. A expectativa","robots":{"index":"index","follow":"follow","max-snippet":"max-snippet:-1","max-image-preview":"max-image-preview:large","max-video-preview":"max-video-preview:-1"},"canonical":"https:\/\/redenoticiaz.com.br\/litoralsp\/2022\/12\/17\/santos-vai-promover-o-reveillon-2023-com-direito-a-tributo-para-tim-maia","og_locale":"pt_BR","og_type":"article","og_title":"Santos vai promover o R\u00e9veillon 2023 com direito a tributo para Tim Maia - Litoral SP","og_description":"mais r\u00edgida da pandemia da Covid-19, onde festas populares eram proibidas, Santos volta a realizar o tradicional R\u00e9veillon. A expectativa","og_url":"https:\/\/redenoticiaz.com.br\/litoralsp\/2022\/12\/17\/santos-vai-promover-o-reveillon-2023-com-direito-a-tributo-para-tim-maia","og_site_name":"Litoral SP","article_published_time":"2022-12-17T21:00:36+00:00","og_image":[{"width":927,"height":618,"url":"https:\/\/redenoticiaz.com.br\/litoralsp\/wp-content\/uploads\/sites\/3\/2022\/12\/reveillon-santos.jpg","type":"image\/jpeg"}],"author":"Leonardo Francisco","twitter_card":"summary_large_image","twitter_misc":{"Escrito por":"Leonardo Francisco","Est. tempo de leitura":"4 minutos"},"schema":{"@context":"https:\/\/schema.org","@graph":[{"@type":"Article","@id":"https:\/\/redenoticiaz.com.br\/litoralsp\/2022\/12\/17\/santos-vai-promover-o-reveillon-2023-com-direito-a-tributo-para-tim-maia#article","isPartOf":{"@id":"https:\/\/redenoticiaz.com.br\/litoralsp\/2022\/12\/17\/santos-vai-promover-o-reveillon-2023-com-direito-a-tributo-para-tim-maia"},"author":{"name":"Leonardo Francisco","@id":"https:\/\/redenoticiaz.com.br\/litoralsp\/#\/schema\/person\/0f0b8a5bdafefe82841e07ae8d81ecb3"},"headline":"Santos vai promover o R\u00e9veillon 2023 com direito a tributo para Tim Maia","datePublished":"2022-12-17T21:00:36+00:00","mainEntityOfPage":{"@id":"https:\/\/redenoticiaz.com.br\/litoralsp\/2022\/12\/17\/santos-vai-promover-o-reveillon-2023-com-direito-a-tributo-para-tim-maia"},"wordCount":667,"commentCount":0,"publisher":{"@id":"https:\/\/redenoticiaz.com.br\/litoralsp\/#organization"},"image":{"@id":"https:\/\/redenoticiaz.com.br\/litoralsp\/2022\/12\/17\/santos-vai-promover-o-reveillon-2023-com-direito-a-tributo-para-tim-maia#primaryimage"},"thumbnailUrl":"https:\/\/redenoticiaz.com.br\/litoralsp\/wp-content\/uploads\/sites\/3\/2022\/12\/reveillon-santos.jpg","keywords":["ATRA\u00c7\u00d5ES","QUEIMA DE FOGOS","R\u00e9veillon 2023","Santos","TIM MAIA"],"articleSection":["Praia","Santos"],"inLanguage":"pt-BR","potentialAction":[{"@type":"CommentAction","name":"Comment","target":["https:\/\/redenoticiaz.com.br\/litoralsp\/2022\/12\/17\/santos-vai-promover-o-reveillon-2023-com-direito-a-tributo-para-tim-maia#respond"]}]},{"@type":"WebPage","@id":"https:\/\/redenoticiaz.com.br\/litoralsp\/2022\/12\/17\/santos-vai-promover-o-reveillon-2023-com-direito-a-tributo-para-tim-maia","url":"https:\/\/redenoticiaz.com.br\/litoralsp\/2022\/12\/17\/santos-vai-promover-o-reveillon-2023-com-direito-a-tributo-para-tim-maia","name":"Santos vai promover o R\u00e9veillon 2023 com direito a tributo para Tim Maia - Litoral SP","isPartOf":{"@id":"https:\/\/redenoticiaz.com.br\/litoralsp\/#website"},"primaryImageOfPage":{"@id":"https:\/\/redenoticiaz.com.br\/litoralsp\/2022\/12\/17\/santos-vai-promover-o-reveillon-2023-com-direito-a-tributo-para-tim-maia#primaryimage"},"image":{"@id":"https:\/\/redenoticiaz.com.br\/litoralsp\/2022\/12\/17\/santos-vai-promover-o-reveillon-2023-com-direito-a-tributo-para-tim-maia#primaryimage"},"thumbnailUrl":"https:\/\/redenoticiaz.com.br\/litoralsp\/wp-content\/uploads\/sites\/3\/2022\/12\/reveillon-santos.jpg","datePublished":"2022-12-17T21:00:36+00:00","description":"mais r\u00edgida da pandemia da Covid-19, onde festas populares eram proibidas, Santos volta a realizar o tradicional R\u00e9veillon. A expectativa","inLanguage":"pt-BR","potentialAction":[{"@type":"ReadAction","target":["https:\/\/redenoticiaz.com.br\/litoralsp\/2022\/12\/17\/santos-vai-promover-o-reveillon-2023-com-direito-a-tributo-para-tim-maia"]}]},{"@type":"ImageObject","inLanguage":"pt-BR","@id":"https:\/\/redenoticiaz.com.br\/litoralsp\/2022\/12\/17\/santos-vai-promover-o-reveillon-2023-com-direito-a-tributo-para-tim-maia#primaryimage","url":"https:\/\/redenoticiaz.com.br\/litoralsp\/wp-content\/uploads\/sites\/3\/2022\/12\/reveillon-santos.jpg","contentUrl":"https:\/\/redenoticiaz.com.br\/litoralsp\/wp-content\/uploads\/sites\/3\/2022\/12\/reveillon-santos.jpg","width":927,"height":618,"caption":"Cr\u00e9ditos: Divulga\u00e7\u00e3o\/Prefeitura de Santos"},{"@type":"WebSite","@id":"https:\/\/redenoticiaz.com.br\/litoralsp\/#website","url":"https:\/\/redenoticiaz.com.br\/litoralsp\/","name":"Litoral SP","description":"Rede NoticiaZ","publisher":{"@id":"https:\/\/redenoticiaz.com.br\/litoralsp\/#organization"},"potentialAction":[{"@type":"SearchAction","target":{"@type":"EntryPoint","urlTemplate":"https:\/\/redenoticiaz.com.br\/litoralsp\/?s={search_term_string}"},"query-input":{"@type":"PropertyValueSpecification","valueRequired":true,"valueName":"search_term_string"}}],"inLanguage":"pt-BR"},{"@type":"Organization","@id":"https:\/\/redenoticiaz.com.br\/litoralsp\/#organization","name":"Litoral SP","url":"https:\/\/redenoticiaz.com.br\/litoralsp\/","logo":{"@type":"ImageObject","inLanguage":"pt-BR","@id":"https:\/\/redenoticiaz.com.br\/litoralsp\/#\/schema\/logo\/image\/","url":"https:\/\/redenoticiaz.com.br\/litoralsp\/wp-content\/uploads\/sites\/3\/2020\/11\/logo.jpg","contentUrl":"https:\/\/redenoticiaz.com.br\/litoralsp\/wp-content\/uploads\/sites\/3\/2020\/11\/logo.jpg","width":400,"height":250,"caption":"Litoral SP"},"image":{"@id":"https:\/\/redenoticiaz.com.br\/litoralsp\/#\/schema\/logo\/image\/"}},{"@type":"Person","@id":"https:\/\/redenoticiaz.com.br\/litoralsp\/#\/schema\/person\/0f0b8a5bdafefe82841e07ae8d81ecb3","name":"Leonardo Francisco","image":{"@type":"ImageObject","inLanguage":"pt-BR","@id":"https:\/\/secure.gravatar.com\/avatar\/a7358cb406a99b682ec6df1e77e31ae82e63601f6784e8a3df411d72b37864da?s=96&d=mm&r=g","url":"https:\/\/secure.gravatar.com\/avatar\/a7358cb406a99b682ec6df1e77e31ae82e63601f6784e8a3df411d72b37864da?s=96&d=mm&r=g","contentUrl":"https:\/\/secure.gravatar.com\/avatar\/a7358cb406a99b682ec6df1e77e31ae82e63601f6784e8a3df411d72b37864da?s=96&d=mm&r=g","caption":"Leonardo Francisco"},"url":"https:\/\/redenoticiaz.com.br\/litoralsp\/author\/leonardo-francisco"}]}},"_links":{"self":[{"href":"https:\/\/redenoticiaz.com.br\/litoralsp\/wp-json\/wp\/v2\/posts\/97254","targetHints":{"allow":["GET"]}}],"collection":[{"href":"https:\/\/redenoticiaz.com.br\/litoralsp\/wp-json\/wp\/v2\/posts"}],"about":[{"href":"https:\/\/redenoticiaz.com.br\/litoralsp\/wp-json\/wp\/v2\/types\/post"}],"author":[{"embeddable":true,"href":"https:\/\/redenoticiaz.com.br\/litoralsp\/wp-json\/wp\/v2\/users\/6"}],"replies":[{"embeddable":true,"href":"https:\/\/redenoticiaz.com.br\/litoralsp\/wp-json\/wp\/v2\/comments?post=97254"}],"version-history":[{"count":1,"href":"https:\/\/redenoticiaz.com.br\/litoralsp\/wp-json\/wp\/v2\/posts\/97254\/revisions"}],"predecessor-version":[{"id":97256,"href":"https:\/\/redenoticiaz.com.br\/litoralsp\/wp-json\/wp\/v2\/posts\/97254\/revisions\/97256"}],"wp:featuredmedia":[{"embeddable":true,"href":"https:\/\/redenoticiaz.com.br\/litoralsp\/wp-json\/wp\/v2\/media\/97255"}],"wp:attachment":[{"href":"https:\/\/redenoticiaz.com.br\/litoralsp\/wp-json\/wp\/v2\/media?parent=97254"}],"wp:term":[{"taxonomy":"category","embeddable":true,"href":"https:\/\/redenoticiaz.com.br\/litoralsp\/wp-json\/wp\/v2\/categories?post=97254"},{"taxonomy":"post_tag","embeddable":true,"href":"https:\/\/redenoticiaz.com.br\/litoralsp\/wp-json\/wp\/v2\/tags?post=97254"}],"curies":[{"name":"wp","href":"https:\/\/api.w.org\/{rel}","templated":true}]}}