{"id":97431,"date":"2022-12-20T18:54:16","date_gmt":"2022-12-20T21:54:16","guid":{"rendered":"https:\/\/redenoticiaz.com.br\/litoralsp\/?p=97431"},"modified":"2022-12-20T18:54:27","modified_gmt":"2022-12-20T21:54:27","slug":"video-homem-acusado-de-furtar-fios-no-litoral-sul-e-identificado","status":"publish","type":"post","link":"https:\/\/redenoticiaz.com.br\/litoralsp\/2022\/12\/20\/video-homem-acusado-de-furtar-fios-no-litoral-sul-e-identificado","title":{"rendered":"V\u00cdDEO \u2013 Homem acusado de furtar fios no litoral sul \u00e9 identificado"},"content":{"rendered":"<p>Um homem acusado de furtar fios na cidade de Mongagu\u00e1 foi identificado pela pol\u00edcia na manh\u00e3 desta quarta-feira (20).<\/p>\n<div class=\"wp-playlist wp-video-playlist wp-playlist-light\">\n\t\t<video controls=\"controls\" preload=\"none\" width=\"640\"\n\t\t height=\"352\"\t><\/video>\n\t<div class=\"wp-playlist-next\"><\/div>\n\t<div class=\"wp-playlist-prev\"><\/div>\n\t<noscript>\n\t<ol>\n\t\t<li><a href='https:\/\/redenoticiaz.com.br\/litoralsp\/wp-content\/uploads\/sites\/3\/2022\/12\/WhatsApp-Video-2022-12-20-at-17.06.19.mp4'>V\u00cdDEO - Homem acusado de furtar fios no litoral sul \u00e9 identificado<\/a><\/li>\t<\/ol>\n\t<\/noscript>\n\t<script type=\"application\/json\" class=\"wp-playlist-script\">{\"type\":\"video\",\"tracklist\":true,\"tracknumbers\":true,\"images\":true,\"artists\":true,\"tracks\":[{\"src\":\"https:\/\/redenoticiaz.com.br\/litoralsp\/wp-content\/uploads\/sites\/3\/2022\/12\/WhatsApp-Video-2022-12-20-at-17.06.19.mp4\",\"type\":\"video\/mp4\",\"title\":\"V\\u00cdDEO - Homem acusado de furtar fios no litoral sul \\u00e9 identificado\",\"caption\":\"V\\u00cdDEO - Homem acusado de furtar fios no litoral sul \\u00e9 identificado\",\"description\":\"V\\u00cdDEO - Homem acusado de furtar fios no litoral sul \\u00e9 identificado\",\"meta\":{\"length_formatted\":\"0:40\"},\"dimensions\":{\"original\":{\"width\":640,\"height\":352},\"resized\":{\"width\":640,\"height\":352}},\"image\":{\"src\":\"https:\/\/redenoticiaz.com.br\/litoralsp\/wp-includes\/images\/media\/video.svg\",\"width\":48,\"height\":64},\"thumb\":{\"src\":\"https:\/\/redenoticiaz.com.br\/litoralsp\/wp-includes\/images\/media\/video.svg\",\"width\":48,\"height\":64}}]}<\/script>\n<\/div>\n\t\n<p>De acordo com as informa\u00e7\u00f5es, o homem de 45 anos, \u00e9\u00a0o autor de um furto de fios ocorrido naquele munic\u00edpio.<\/p>\n<p>Na madrugada do \u00faltimo dia 9 de dezembro uma mulher de 39 anos\u00a0 teve a fia\u00e7\u00e3o de luz, que faz a liga\u00e7\u00e3o do poste da rua ao da sua resid\u00eancia, furtada.<\/p>\n<p>Ainda de acordo com as informa\u00e7\u00f5es, o fato ocorreu na Rua Mongagu\u00e1, no Balne\u00e1rio Regina Maria.<\/p>\n<p>O trabalho investigativo dos policiais civis revelou que o indiv\u00edduo, al\u00e9m deste furto, tamb\u00e9m \u00e9 suspeito pela subtra\u00e7\u00e3o de brinquedos que estavam armazenados em uma ONG, no bairro Agenor de Campos.<\/p>\n<p>De acordo com as informa\u00e7\u00f5es, o homem foi localizado. Em seu poder foi encontrada uma turquesa, instrumento comumente utilizado na subtra\u00e7\u00e3o dos fios. As roupas usadas no epis\u00f3dio criminoso tamb\u00e9m foram apreendidas.<\/p>\n<p>Dito isto, indagado, ele informou ter vendido o material furtado a ferro velhos da regi\u00e3o. Mas negou o crime praticado na ONG, que n\u00e3o registrou os fatos.<\/p>\n<p>Sendo assim, ele foi indiciado pelo crime de furto. Novas dilig\u00eancias prosseguem para apurar a autoria de outros furtos e recuperar o material subtra\u00eddo.<\/p>\n<p><strong>Leia mais<\/strong><\/p>\n<p><a href=\"https:\/\/redenoticiaz.com.br\/litoralsp\/2022\/12\/07\/mongagua-no-litoral-de-sp-completa-63-anos-de-emancipacao\">Mongagu\u00e1, no litoral de SP, completa 63 anos de emancipa\u00e7\u00e3o<\/a><\/p>\n","protected":false},"excerpt":{"rendered":"<p>Um homem acusado de furtar fios na cidade de Mongagu\u00e1 foi identificado pela pol\u00edcia na manh\u00e3 desta quarta-feira (20). De acordo com as informa\u00e7\u00f5es, o homem de 45 anos, \u00e9\u00a0o autor de um furto de fios ocorrido naquele munic\u00edpio. Na madrugada do \u00faltimo dia 9 de dezembro uma mulher de 39 anos\u00a0 teve a fia\u00e7\u00e3o &hellip;<\/p>\n","protected":false},"author":12,"featured_media":97433,"comment_status":"open","ping_status":"closed","sticky":false,"template":"","format":"standard","meta":{"footnotes":""},"categories":[183],"tags":[61965,57052,1051,61964],"class_list":["post-97431","post","type-post","status-publish","format-standard","has-post-thumbnail","hentry","category-mongagua","tag-balneario-regina-maria","tag-furto-fios","tag-mongagua","tag-rua-mongagua"],"yoast_head":"<!-- This site is optimized with the Yoast SEO plugin v27.5 - https:\/\/yoast.com\/product\/yoast-seo-wordpress\/ -->\n<title>V\u00cdDEO \u2013 Homem acusado de furtar fios no litoral sul \u00e9 identificado - Litoral SP<\/title>\n<meta name=\"description\" content=\"Um homem acusado de furtar fios na cidade de Mongagu\u00e1 foi identificado pela pol\u00edcia na manh\u00e3 desta quarta-feira (20).\" \/>\n<meta name=\"robots\" content=\"index, follow, max-snippet:-1, max-image-preview:large, max-video-preview:-1\" \/>\n<link rel=\"canonical\" href=\"https:\/\/redenoticiaz.com.br\/litoralsp\/2022\/12\/20\/video-homem-acusado-de-furtar-fios-no-litoral-sul-e-identificado\" \/>\n<meta property=\"og:locale\" content=\"pt_BR\" \/>\n<meta property=\"og:type\" content=\"article\" \/>\n<meta property=\"og:title\" content=\"V\u00cdDEO \u2013 Homem acusado de furtar fios no litoral sul \u00e9 identificado - Litoral SP\" \/>\n<meta property=\"og:description\" content=\"Um homem acusado de furtar fios na cidade de Mongagu\u00e1 foi identificado pela pol\u00edcia na manh\u00e3 desta quarta-feira (20).\" \/>\n<meta property=\"og:url\" content=\"https:\/\/redenoticiaz.com.br\/litoralsp\/2022\/12\/20\/video-homem-acusado-de-furtar-fios-no-litoral-sul-e-identificado\" \/>\n<meta property=\"og:site_name\" content=\"Litoral SP\" \/>\n<meta property=\"article:published_time\" content=\"2022-12-20T21:54:16+00:00\" \/>\n<meta property=\"article:modified_time\" content=\"2022-12-20T21:54:27+00:00\" \/>\n<meta property=\"og:image\" content=\"https:\/\/redenoticiaz.com.br\/litoralsp\/wp-content\/uploads\/sites\/3\/2022\/12\/WhatsApp-Image-2022-12-20-at-18.53.04.jpeg\" \/>\n\t<meta property=\"og:image:width\" content=\"828\" \/>\n\t<meta property=\"og:image:height\" content=\"445\" \/>\n\t<meta property=\"og:image:type\" content=\"image\/jpeg\" \/>\n<meta name=\"author\" content=\"Gustavo Silva\" \/>\n<meta name=\"twitter:card\" content=\"summary_large_image\" \/>\n<meta name=\"twitter:label1\" content=\"Escrito por\" \/>\n\t<meta name=\"twitter:data1\" content=\"Gustavo Silva\" \/>\n\t<meta name=\"twitter:label2\" content=\"Est. tempo de leitura\" \/>\n\t<meta name=\"twitter:data2\" content=\"2 minutos\" \/>\n<script type=\"application\/ld+json\" class=\"yoast-schema-graph\">{\"@context\":\"https:\\\/\\\/schema.org\",\"@graph\":[{\"@type\":\"Article\",\"@id\":\"https:\\\/\\\/redenoticiaz.com.br\\\/litoralsp\\\/2022\\\/12\\\/20\\\/video-homem-acusado-de-furtar-fios-no-litoral-sul-e-identificado#article\",\"isPartOf\":{\"@id\":\"https:\\\/\\\/redenoticiaz.com.br\\\/litoralsp\\\/2022\\\/12\\\/20\\\/video-homem-acusado-de-furtar-fios-no-litoral-sul-e-identificado\"},\"author\":{\"name\":\"Gustavo Silva\",\"@id\":\"https:\\\/\\\/redenoticiaz.com.br\\\/litoralsp\\\/#\\\/schema\\\/person\\\/16057b37a3c0ee6b096d7f887c566e2e\"},\"headline\":\"V\u00cdDEO \u2013 Homem acusado de furtar fios no litoral sul \u00e9 identificado\",\"datePublished\":\"2022-12-20T21:54:16+00:00\",\"dateModified\":\"2022-12-20T21:54:27+00:00\",\"mainEntityOfPage\":{\"@id\":\"https:\\\/\\\/redenoticiaz.com.br\\\/litoralsp\\\/2022\\\/12\\\/20\\\/video-homem-acusado-de-furtar-fios-no-litoral-sul-e-identificado\"},\"wordCount\":242,\"commentCount\":0,\"publisher\":{\"@id\":\"https:\\\/\\\/redenoticiaz.com.br\\\/litoralsp\\\/#organization\"},\"image\":{\"@id\":\"https:\\\/\\\/redenoticiaz.com.br\\\/litoralsp\\\/2022\\\/12\\\/20\\\/video-homem-acusado-de-furtar-fios-no-litoral-sul-e-identificado#primaryimage\"},\"thumbnailUrl\":\"https:\\\/\\\/redenoticiaz.com.br\\\/litoralsp\\\/wp-content\\\/uploads\\\/sites\\\/3\\\/2022\\\/12\\\/WhatsApp-Image-2022-12-20-at-18.53.04.jpeg\",\"keywords\":[\"Balne\u00e1rio Regina Maria\",\"furto fios\",\"MONGAGU\u00c1\",\"Rua Mongagu\u00e1\"],\"articleSection\":[\"Mongagu\u00e1\"],\"inLanguage\":\"pt-BR\",\"potentialAction\":[{\"@type\":\"CommentAction\",\"name\":\"Comment\",\"target\":[\"https:\\\/\\\/redenoticiaz.com.br\\\/litoralsp\\\/2022\\\/12\\\/20\\\/video-homem-acusado-de-furtar-fios-no-litoral-sul-e-identificado#respond\"]}]},{\"@type\":\"WebPage\",\"@id\":\"https:\\\/\\\/redenoticiaz.com.br\\\/litoralsp\\\/2022\\\/12\\\/20\\\/video-homem-acusado-de-furtar-fios-no-litoral-sul-e-identificado\",\"url\":\"https:\\\/\\\/redenoticiaz.com.br\\\/litoralsp\\\/2022\\\/12\\\/20\\\/video-homem-acusado-de-furtar-fios-no-litoral-sul-e-identificado\",\"name\":\"V\u00cdDEO \u2013 Homem acusado de furtar fios no litoral sul \u00e9 identificado - Litoral SP\",\"isPartOf\":{\"@id\":\"https:\\\/\\\/redenoticiaz.com.br\\\/litoralsp\\\/#website\"},\"primaryImageOfPage\":{\"@id\":\"https:\\\/\\\/redenoticiaz.com.br\\\/litoralsp\\\/2022\\\/12\\\/20\\\/video-homem-acusado-de-furtar-fios-no-litoral-sul-e-identificado#primaryimage\"},\"image\":{\"@id\":\"https:\\\/\\\/redenoticiaz.com.br\\\/litoralsp\\\/2022\\\/12\\\/20\\\/video-homem-acusado-de-furtar-fios-no-litoral-sul-e-identificado#primaryimage\"},\"thumbnailUrl\":\"https:\\\/\\\/redenoticiaz.com.br\\\/litoralsp\\\/wp-content\\\/uploads\\\/sites\\\/3\\\/2022\\\/12\\\/WhatsApp-Image-2022-12-20-at-18.53.04.jpeg\",\"datePublished\":\"2022-12-20T21:54:16+00:00\",\"dateModified\":\"2022-12-20T21:54:27+00:00\",\"description\":\"Um homem acusado de furtar fios na cidade de Mongagu\u00e1 foi identificado pela pol\u00edcia na manh\u00e3 desta quarta-feira (20).\",\"inLanguage\":\"pt-BR\",\"potentialAction\":[{\"@type\":\"ReadAction\",\"target\":[\"https:\\\/\\\/redenoticiaz.com.br\\\/litoralsp\\\/2022\\\/12\\\/20\\\/video-homem-acusado-de-furtar-fios-no-litoral-sul-e-identificado\"]}]},{\"@type\":\"ImageObject\",\"inLanguage\":\"pt-BR\",\"@id\":\"https:\\\/\\\/redenoticiaz.com.br\\\/litoralsp\\\/2022\\\/12\\\/20\\\/video-homem-acusado-de-furtar-fios-no-litoral-sul-e-identificado#primaryimage\",\"url\":\"https:\\\/\\\/redenoticiaz.com.br\\\/litoralsp\\\/wp-content\\\/uploads\\\/sites\\\/3\\\/2022\\\/12\\\/WhatsApp-Image-2022-12-20-at-18.53.04.jpeg\",\"contentUrl\":\"https:\\\/\\\/redenoticiaz.com.br\\\/litoralsp\\\/wp-content\\\/uploads\\\/sites\\\/3\\\/2022\\\/12\\\/WhatsApp-Image-2022-12-20-at-18.53.04.jpeg\",\"width\":828,\"height\":445,\"caption\":\"V\u00cdDEO - Homem acusado de furtar fios no litoral sul \u00e9 identificado\"},{\"@type\":\"WebSite\",\"@id\":\"https:\\\/\\\/redenoticiaz.com.br\\\/litoralsp\\\/#website\",\"url\":\"https:\\\/\\\/redenoticiaz.com.br\\\/litoralsp\\\/\",\"name\":\"Litoral SP\",\"description\":\"Rede NoticiaZ\",\"publisher\":{\"@id\":\"https:\\\/\\\/redenoticiaz.com.br\\\/litoralsp\\\/#organization\"},\"potentialAction\":[{\"@type\":\"SearchAction\",\"target\":{\"@type\":\"EntryPoint\",\"urlTemplate\":\"https:\\\/\\\/redenoticiaz.com.br\\\/litoralsp\\\/?s={search_term_string}\"},\"query-input\":{\"@type\":\"PropertyValueSpecification\",\"valueRequired\":true,\"valueName\":\"search_term_string\"}}],\"inLanguage\":\"pt-BR\"},{\"@type\":\"Organization\",\"@id\":\"https:\\\/\\\/redenoticiaz.com.br\\\/litoralsp\\\/#organization\",\"name\":\"Litoral SP\",\"url\":\"https:\\\/\\\/redenoticiaz.com.br\\\/litoralsp\\\/\",\"logo\":{\"@type\":\"ImageObject\",\"inLanguage\":\"pt-BR\",\"@id\":\"https:\\\/\\\/redenoticiaz.com.br\\\/litoralsp\\\/#\\\/schema\\\/logo\\\/image\\\/\",\"url\":\"https:\\\/\\\/redenoticiaz.com.br\\\/litoralsp\\\/wp-content\\\/uploads\\\/sites\\\/3\\\/2020\\\/11\\\/logo.jpg\",\"contentUrl\":\"https:\\\/\\\/redenoticiaz.com.br\\\/litoralsp\\\/wp-content\\\/uploads\\\/sites\\\/3\\\/2020\\\/11\\\/logo.jpg\",\"width\":400,\"height\":250,\"caption\":\"Litoral SP\"},\"image\":{\"@id\":\"https:\\\/\\\/redenoticiaz.com.br\\\/litoralsp\\\/#\\\/schema\\\/logo\\\/image\\\/\"}},{\"@type\":\"Person\",\"@id\":\"https:\\\/\\\/redenoticiaz.com.br\\\/litoralsp\\\/#\\\/schema\\\/person\\\/16057b37a3c0ee6b096d7f887c566e2e\",\"name\":\"Gustavo Silva\",\"image\":{\"@type\":\"ImageObject\",\"inLanguage\":\"pt-BR\",\"@id\":\"https:\\\/\\\/secure.gravatar.com\\\/avatar\\\/3ee4e82f93b26de0a7cf4ea5eb7893da637ed6bb0c9170c58065944c56e28a33?s=96&d=mm&r=g\",\"url\":\"https:\\\/\\\/secure.gravatar.com\\\/avatar\\\/3ee4e82f93b26de0a7cf4ea5eb7893da637ed6bb0c9170c58065944c56e28a33?s=96&d=mm&r=g\",\"contentUrl\":\"https:\\\/\\\/secure.gravatar.com\\\/avatar\\\/3ee4e82f93b26de0a7cf4ea5eb7893da637ed6bb0c9170c58065944c56e28a33?s=96&d=mm&r=g\",\"caption\":\"Gustavo Silva\"},\"url\":\"https:\\\/\\\/redenoticiaz.com.br\\\/litoralsp\\\/author\\\/gustavosilva\"}]}<\/script>\n<!-- \/ Yoast SEO plugin. -->","yoast_head_json":{"title":"V\u00cdDEO \u2013 Homem acusado de furtar fios no litoral sul \u00e9 identificado - Litoral SP","description":"Um homem acusado de furtar fios na cidade de Mongagu\u00e1 foi identificado pela pol\u00edcia na manh\u00e3 desta quarta-feira (20).","robots":{"index":"index","follow":"follow","max-snippet":"max-snippet:-1","max-image-preview":"max-image-preview:large","max-video-preview":"max-video-preview:-1"},"canonical":"https:\/\/redenoticiaz.com.br\/litoralsp\/2022\/12\/20\/video-homem-acusado-de-furtar-fios-no-litoral-sul-e-identificado","og_locale":"pt_BR","og_type":"article","og_title":"V\u00cdDEO \u2013 Homem acusado de furtar fios no litoral sul \u00e9 identificado - Litoral SP","og_description":"Um homem acusado de furtar fios na cidade de Mongagu\u00e1 foi identificado pela pol\u00edcia na manh\u00e3 desta quarta-feira (20).","og_url":"https:\/\/redenoticiaz.com.br\/litoralsp\/2022\/12\/20\/video-homem-acusado-de-furtar-fios-no-litoral-sul-e-identificado","og_site_name":"Litoral SP","article_published_time":"2022-12-20T21:54:16+00:00","article_modified_time":"2022-12-20T21:54:27+00:00","og_image":[{"width":828,"height":445,"url":"https:\/\/redenoticiaz.com.br\/litoralsp\/wp-content\/uploads\/sites\/3\/2022\/12\/WhatsApp-Image-2022-12-20-at-18.53.04.jpeg","type":"image\/jpeg"}],"author":"Gustavo Silva","twitter_card":"summary_large_image","twitter_misc":{"Escrito por":"Gustavo Silva","Est. tempo de leitura":"2 minutos"},"schema":{"@context":"https:\/\/schema.org","@graph":[{"@type":"Article","@id":"https:\/\/redenoticiaz.com.br\/litoralsp\/2022\/12\/20\/video-homem-acusado-de-furtar-fios-no-litoral-sul-e-identificado#article","isPartOf":{"@id":"https:\/\/redenoticiaz.com.br\/litoralsp\/2022\/12\/20\/video-homem-acusado-de-furtar-fios-no-litoral-sul-e-identificado"},"author":{"name":"Gustavo Silva","@id":"https:\/\/redenoticiaz.com.br\/litoralsp\/#\/schema\/person\/16057b37a3c0ee6b096d7f887c566e2e"},"headline":"V\u00cdDEO \u2013 Homem acusado de furtar fios no litoral sul \u00e9 identificado","datePublished":"2022-12-20T21:54:16+00:00","dateModified":"2022-12-20T21:54:27+00:00","mainEntityOfPage":{"@id":"https:\/\/redenoticiaz.com.br\/litoralsp\/2022\/12\/20\/video-homem-acusado-de-furtar-fios-no-litoral-sul-e-identificado"},"wordCount":242,"commentCount":0,"publisher":{"@id":"https:\/\/redenoticiaz.com.br\/litoralsp\/#organization"},"image":{"@id":"https:\/\/redenoticiaz.com.br\/litoralsp\/2022\/12\/20\/video-homem-acusado-de-furtar-fios-no-litoral-sul-e-identificado#primaryimage"},"thumbnailUrl":"https:\/\/redenoticiaz.com.br\/litoralsp\/wp-content\/uploads\/sites\/3\/2022\/12\/WhatsApp-Image-2022-12-20-at-18.53.04.jpeg","keywords":["Balne\u00e1rio Regina Maria","furto fios","MONGAGU\u00c1","Rua Mongagu\u00e1"],"articleSection":["Mongagu\u00e1"],"inLanguage":"pt-BR","potentialAction":[{"@type":"CommentAction","name":"Comment","target":["https:\/\/redenoticiaz.com.br\/litoralsp\/2022\/12\/20\/video-homem-acusado-de-furtar-fios-no-litoral-sul-e-identificado#respond"]}]},{"@type":"WebPage","@id":"https:\/\/redenoticiaz.com.br\/litoralsp\/2022\/12\/20\/video-homem-acusado-de-furtar-fios-no-litoral-sul-e-identificado","url":"https:\/\/redenoticiaz.com.br\/litoralsp\/2022\/12\/20\/video-homem-acusado-de-furtar-fios-no-litoral-sul-e-identificado","name":"V\u00cdDEO \u2013 Homem acusado de furtar fios no litoral sul \u00e9 identificado - Litoral SP","isPartOf":{"@id":"https:\/\/redenoticiaz.com.br\/litoralsp\/#website"},"primaryImageOfPage":{"@id":"https:\/\/redenoticiaz.com.br\/litoralsp\/2022\/12\/20\/video-homem-acusado-de-furtar-fios-no-litoral-sul-e-identificado#primaryimage"},"image":{"@id":"https:\/\/redenoticiaz.com.br\/litoralsp\/2022\/12\/20\/video-homem-acusado-de-furtar-fios-no-litoral-sul-e-identificado#primaryimage"},"thumbnailUrl":"https:\/\/redenoticiaz.com.br\/litoralsp\/wp-content\/uploads\/sites\/3\/2022\/12\/WhatsApp-Image-2022-12-20-at-18.53.04.jpeg","datePublished":"2022-12-20T21:54:16+00:00","dateModified":"2022-12-20T21:54:27+00:00","description":"Um homem acusado de furtar fios na cidade de Mongagu\u00e1 foi identificado pela pol\u00edcia na manh\u00e3 desta quarta-feira (20).","inLanguage":"pt-BR","potentialAction":[{"@type":"ReadAction","target":["https:\/\/redenoticiaz.com.br\/litoralsp\/2022\/12\/20\/video-homem-acusado-de-furtar-fios-no-litoral-sul-e-identificado"]}]},{"@type":"ImageObject","inLanguage":"pt-BR","@id":"https:\/\/redenoticiaz.com.br\/litoralsp\/2022\/12\/20\/video-homem-acusado-de-furtar-fios-no-litoral-sul-e-identificado#primaryimage","url":"https:\/\/redenoticiaz.com.br\/litoralsp\/wp-content\/uploads\/sites\/3\/2022\/12\/WhatsApp-Image-2022-12-20-at-18.53.04.jpeg","contentUrl":"https:\/\/redenoticiaz.com.br\/litoralsp\/wp-content\/uploads\/sites\/3\/2022\/12\/WhatsApp-Image-2022-12-20-at-18.53.04.jpeg","width":828,"height":445,"caption":"V\u00cdDEO - Homem acusado de furtar fios no litoral sul \u00e9 identificado"},{"@type":"WebSite","@id":"https:\/\/redenoticiaz.com.br\/litoralsp\/#website","url":"https:\/\/redenoticiaz.com.br\/litoralsp\/","name":"Litoral SP","description":"Rede NoticiaZ","publisher":{"@id":"https:\/\/redenoticiaz.com.br\/litoralsp\/#organization"},"potentialAction":[{"@type":"SearchAction","target":{"@type":"EntryPoint","urlTemplate":"https:\/\/redenoticiaz.com.br\/litoralsp\/?s={search_term_string}"},"query-input":{"@type":"PropertyValueSpecification","valueRequired":true,"valueName":"search_term_string"}}],"inLanguage":"pt-BR"},{"@type":"Organization","@id":"https:\/\/redenoticiaz.com.br\/litoralsp\/#organization","name":"Litoral SP","url":"https:\/\/redenoticiaz.com.br\/litoralsp\/","logo":{"@type":"ImageObject","inLanguage":"pt-BR","@id":"https:\/\/redenoticiaz.com.br\/litoralsp\/#\/schema\/logo\/image\/","url":"https:\/\/redenoticiaz.com.br\/litoralsp\/wp-content\/uploads\/sites\/3\/2020\/11\/logo.jpg","contentUrl":"https:\/\/redenoticiaz.com.br\/litoralsp\/wp-content\/uploads\/sites\/3\/2020\/11\/logo.jpg","width":400,"height":250,"caption":"Litoral SP"},"image":{"@id":"https:\/\/redenoticiaz.com.br\/litoralsp\/#\/schema\/logo\/image\/"}},{"@type":"Person","@id":"https:\/\/redenoticiaz.com.br\/litoralsp\/#\/schema\/person\/16057b37a3c0ee6b096d7f887c566e2e","name":"Gustavo Silva","image":{"@type":"ImageObject","inLanguage":"pt-BR","@id":"https:\/\/secure.gravatar.com\/avatar\/3ee4e82f93b26de0a7cf4ea5eb7893da637ed6bb0c9170c58065944c56e28a33?s=96&d=mm&r=g","url":"https:\/\/secure.gravatar.com\/avatar\/3ee4e82f93b26de0a7cf4ea5eb7893da637ed6bb0c9170c58065944c56e28a33?s=96&d=mm&r=g","contentUrl":"https:\/\/secure.gravatar.com\/avatar\/3ee4e82f93b26de0a7cf4ea5eb7893da637ed6bb0c9170c58065944c56e28a33?s=96&d=mm&r=g","caption":"Gustavo Silva"},"url":"https:\/\/redenoticiaz.com.br\/litoralsp\/author\/gustavosilva"}]}},"_links":{"self":[{"href":"https:\/\/redenoticiaz.com.br\/litoralsp\/wp-json\/wp\/v2\/posts\/97431","targetHints":{"allow":["GET"]}}],"collection":[{"href":"https:\/\/redenoticiaz.com.br\/litoralsp\/wp-json\/wp\/v2\/posts"}],"about":[{"href":"https:\/\/redenoticiaz.com.br\/litoralsp\/wp-json\/wp\/v2\/types\/post"}],"author":[{"embeddable":true,"href":"https:\/\/redenoticiaz.com.br\/litoralsp\/wp-json\/wp\/v2\/users\/12"}],"replies":[{"embeddable":true,"href":"https:\/\/redenoticiaz.com.br\/litoralsp\/wp-json\/wp\/v2\/comments?post=97431"}],"version-history":[{"count":2,"href":"https:\/\/redenoticiaz.com.br\/litoralsp\/wp-json\/wp\/v2\/posts\/97431\/revisions"}],"predecessor-version":[{"id":97435,"href":"https:\/\/redenoticiaz.com.br\/litoralsp\/wp-json\/wp\/v2\/posts\/97431\/revisions\/97435"}],"wp:featuredmedia":[{"embeddable":true,"href":"https:\/\/redenoticiaz.com.br\/litoralsp\/wp-json\/wp\/v2\/media\/97433"}],"wp:attachment":[{"href":"https:\/\/redenoticiaz.com.br\/litoralsp\/wp-json\/wp\/v2\/media?parent=97431"}],"wp:term":[{"taxonomy":"category","embeddable":true,"href":"https:\/\/redenoticiaz.com.br\/litoralsp\/wp-json\/wp\/v2\/categories?post=97431"},{"taxonomy":"post_tag","embeddable":true,"href":"https:\/\/redenoticiaz.com.br\/litoralsp\/wp-json\/wp\/v2\/tags?post=97431"}],"curies":[{"name":"wp","href":"https:\/\/api.w.org\/{rel}","templated":true}]}}