{"id":97494,"date":"2022-12-21T16:14:05","date_gmt":"2022-12-21T19:14:05","guid":{"rendered":"https:\/\/redenoticiaz.com.br\/litoralsp\/?p=97494"},"modified":"2022-12-21T16:14:05","modified_gmt":"2022-12-21T19:14:05","slug":"praia-grande-tera-seis-pontos-de-queima-de-fogos","status":"publish","type":"post","link":"https:\/\/redenoticiaz.com.br\/litoralsp\/2022\/12\/21\/praia-grande-tera-seis-pontos-de-queima-de-fogos","title":{"rendered":"Praia Grande ter\u00e1 seis pontos de queima de fogos"},"content":{"rendered":"<p>O ano de 2023 ser\u00e1 recebido em Praia Grande com um grande show \u00a0pirot\u00e9cnico sem estampido com dura\u00e7\u00e3o de at\u00e9 22 minutos.<\/p>\n<p>A queima de \u00a0fogos na Cidade ocorrer\u00e1 em seis pontos estrat\u00e9gicos espalhados na \u00a0faixa de areia de diversos Bairros.<\/p>\n<p>De acordo com as informa\u00e7\u00f5es, a Legisla\u00e7\u00e3o Municipal, os fogos ser\u00e3o sem estampidos, \u00a0montados e isolados em estruturas na faixa de areia, seguindo todas as \u00a0normas de seguran\u00e7a necess\u00e1rias.<\/p>\n<p>Ainda de acordo com as informa\u00e7\u00f5es, a Lei prev\u00ea a proibi\u00e7\u00e3o \u00a0do manuseio, da utiliza\u00e7\u00e3o, da queima e da soltura de fogos de \u00a0estampidos e de artif\u00edcios.<\/p>\n<p>Sendo assim, a disposi\u00e7\u00e3o dos fogos sem estampido foi planejada de acordo com a \u00a0caracter\u00edstica populacional fixa e sazonal e espa\u00e7o da faixa de areia \u00a0de cada regi\u00e3o.<\/p>\n<p>De acordo com as informa\u00e7\u00f5es, no Canto do Forte e Tupi ter\u00e3o 22 minutos de queima; \u00a0no Guilhermina\/Avia\u00e7\u00e3o e Cai\u00e7ara ser\u00e3o 16 minutos; Fl\u00f3rida e Solemar \u00a0ter\u00e3o 10 minutos.<\/p>\n<h2>Confira os endere\u00e7os da queima de fogos:<\/h2>\n<p>&#8211;\u00a0Canto\u00a0do\u00a0Forte\u00a0(altura\u00a0da\u00a0rua\u00a0Gaspar\u00a0Viana)<br \/>\n&#8211;\u00a0Guilhermina\/Avia\u00e7\u00e3o\u00a0(altura\u00a0da\u00a0rua\u00a0Santos\u00a0Dummont)<br \/>\n&#8211;\u00a0Tupi\u00a0(altura\u00a0da\u00a0rua\u00a0Martins\u00a0Fontes)<br \/>\n&#8211;\u00a0Cai\u00e7ara\u00a0(altura\u00a0da\u00a0rua\u00a0Jamil\u00a0Issa)<br \/>\n&#8211;\u00a0Fl\u00f3rida\/Real\u00a0(altura\u00a0da\u00a0rua\u00a0Cravina)<br \/>\n&#8211;\u00a0Solemar\u00a0(entre\u00a0a\u00a0Rua\u00a0Amelletto\u00a0Franceschelli\u00a0e\u00a0rua\u00a0Francisco\u00a0Alves).<\/p>\n<p><strong>Leia mais<\/strong><\/p>\n<p><a href=\"https:\/\/redenoticiaz.com.br\/litoralsp\/2022\/12\/21\/praia-grande-intensifica-acoes-para-atendimento-de-moradores-em-situacao-de-rua\">Praia Grande intensifica a\u00e7\u00f5es para atendimento de moradores em situa\u00e7\u00e3o de rua<\/a><\/p>\n<p><a href=\"https:\/\/redenoticiaz.com.br\/litoralsp\/2022\/12\/20\/carga-roubada-e-recuperada-e-suspeito-e-preso-em-praia-grande\">Carga roubada \u00e9 recuperada e suspeito \u00e9 preso em Praia Grande<\/a><\/p>\n","protected":false},"excerpt":{"rendered":"<p>O ano de 2023 ser\u00e1 recebido em Praia Grande com um grande show \u00a0pirot\u00e9cnico sem estampido com dura\u00e7\u00e3o de at\u00e9 22 minutos. A queima de \u00a0fogos na Cidade ocorrer\u00e1 em seis pontos estrat\u00e9gicos espalhados na \u00a0faixa de areia de diversos Bairros. De acordo com as informa\u00e7\u00f5es, a Legisla\u00e7\u00e3o Municipal, os fogos ser\u00e3o sem estampidos, \u00a0montados &hellip;<\/p>\n","protected":false},"author":12,"featured_media":19743,"comment_status":"open","ping_status":"closed","sticky":false,"template":"","format":"standard","meta":{"footnotes":""},"categories":[182],"tags":[61998,61997,1101,1479],"class_list":["post-97494","post","type-post","status-publish","format-standard","has-post-thumbnail","hentry","category-praia-grande","tag-61998","tag-ano-de-2023","tag-praia-grande","tag-praias"],"yoast_head":"<!-- This site is optimized with the Yoast SEO plugin v27.5 - https:\/\/yoast.com\/product\/yoast-seo-wordpress\/ -->\n<title>Praia Grande ter\u00e1 seis pontos de queima de fogos - Litoral SP<\/title>\n<meta name=\"description\" content=\"O ano de 2023 ser\u00e1 recebido em Praia Grande com um grande show \u00a0pirot\u00e9cnico sem estampido com dura\u00e7\u00e3o de at\u00e9 22 minutos\" \/>\n<meta name=\"robots\" content=\"index, follow, max-snippet:-1, max-image-preview:large, max-video-preview:-1\" \/>\n<link rel=\"canonical\" href=\"https:\/\/redenoticiaz.com.br\/litoralsp\/2022\/12\/21\/praia-grande-tera-seis-pontos-de-queima-de-fogos\" \/>\n<meta property=\"og:locale\" content=\"pt_BR\" \/>\n<meta property=\"og:type\" content=\"article\" \/>\n<meta property=\"og:title\" content=\"Praia Grande ter\u00e1 seis pontos de queima de fogos - Litoral SP\" \/>\n<meta property=\"og:description\" content=\"O ano de 2023 ser\u00e1 recebido em Praia Grande com um grande show \u00a0pirot\u00e9cnico sem estampido com dura\u00e7\u00e3o de at\u00e9 22 minutos\" \/>\n<meta property=\"og:url\" content=\"https:\/\/redenoticiaz.com.br\/litoralsp\/2022\/12\/21\/praia-grande-tera-seis-pontos-de-queima-de-fogos\" \/>\n<meta property=\"og:site_name\" content=\"Litoral SP\" \/>\n<meta property=\"article:published_time\" content=\"2022-12-21T19:14:05+00:00\" \/>\n<meta property=\"og:image\" content=\"https:\/\/redenoticiaz.com.br\/litoralsp\/wp-content\/uploads\/sites\/3\/2021\/12\/fogos.jpg\" \/>\n\t<meta property=\"og:image:width\" content=\"920\" \/>\n\t<meta property=\"og:image:height\" content=\"614\" \/>\n\t<meta property=\"og:image:type\" content=\"image\/jpeg\" \/>\n<meta name=\"author\" content=\"Gustavo Silva\" \/>\n<meta name=\"twitter:card\" content=\"summary_large_image\" \/>\n<meta name=\"twitter:label1\" content=\"Escrito por\" \/>\n\t<meta name=\"twitter:data1\" content=\"Gustavo Silva\" \/>\n\t<meta name=\"twitter:label2\" content=\"Est. tempo de leitura\" \/>\n\t<meta name=\"twitter:data2\" content=\"2 minutos\" \/>\n<script type=\"application\/ld+json\" class=\"yoast-schema-graph\">{\"@context\":\"https:\\\/\\\/schema.org\",\"@graph\":[{\"@type\":\"Article\",\"@id\":\"https:\\\/\\\/redenoticiaz.com.br\\\/litoralsp\\\/2022\\\/12\\\/21\\\/praia-grande-tera-seis-pontos-de-queima-de-fogos#article\",\"isPartOf\":{\"@id\":\"https:\\\/\\\/redenoticiaz.com.br\\\/litoralsp\\\/2022\\\/12\\\/21\\\/praia-grande-tera-seis-pontos-de-queima-de-fogos\"},\"author\":{\"name\":\"Gustavo Silva\",\"@id\":\"https:\\\/\\\/redenoticiaz.com.br\\\/litoralsp\\\/#\\\/schema\\\/person\\\/16057b37a3c0ee6b096d7f887c566e2e\"},\"headline\":\"Praia Grande ter\u00e1 seis pontos de queima de fogos\",\"datePublished\":\"2022-12-21T19:14:05+00:00\",\"mainEntityOfPage\":{\"@id\":\"https:\\\/\\\/redenoticiaz.com.br\\\/litoralsp\\\/2022\\\/12\\\/21\\\/praia-grande-tera-seis-pontos-de-queima-de-fogos\"},\"wordCount\":267,\"commentCount\":0,\"publisher\":{\"@id\":\"https:\\\/\\\/redenoticiaz.com.br\\\/litoralsp\\\/#organization\"},\"image\":{\"@id\":\"https:\\\/\\\/redenoticiaz.com.br\\\/litoralsp\\\/2022\\\/12\\\/21\\\/praia-grande-tera-seis-pontos-de-queima-de-fogos#primaryimage\"},\"thumbnailUrl\":\"https:\\\/\\\/redenoticiaz.com.br\\\/litoralsp\\\/wp-content\\\/uploads\\\/sites\\\/3\\\/2021\\\/12\\\/fogos.jpg\",\"keywords\":[\"2023\",\"ano de 2023\",\"PRAIA GRANDE\",\"PRAIAS\"],\"articleSection\":[\"Praia Grande\"],\"inLanguage\":\"pt-BR\",\"potentialAction\":[{\"@type\":\"CommentAction\",\"name\":\"Comment\",\"target\":[\"https:\\\/\\\/redenoticiaz.com.br\\\/litoralsp\\\/2022\\\/12\\\/21\\\/praia-grande-tera-seis-pontos-de-queima-de-fogos#respond\"]}]},{\"@type\":\"WebPage\",\"@id\":\"https:\\\/\\\/redenoticiaz.com.br\\\/litoralsp\\\/2022\\\/12\\\/21\\\/praia-grande-tera-seis-pontos-de-queima-de-fogos\",\"url\":\"https:\\\/\\\/redenoticiaz.com.br\\\/litoralsp\\\/2022\\\/12\\\/21\\\/praia-grande-tera-seis-pontos-de-queima-de-fogos\",\"name\":\"Praia Grande ter\u00e1 seis pontos de queima de fogos - Litoral SP\",\"isPartOf\":{\"@id\":\"https:\\\/\\\/redenoticiaz.com.br\\\/litoralsp\\\/#website\"},\"primaryImageOfPage\":{\"@id\":\"https:\\\/\\\/redenoticiaz.com.br\\\/litoralsp\\\/2022\\\/12\\\/21\\\/praia-grande-tera-seis-pontos-de-queima-de-fogos#primaryimage\"},\"image\":{\"@id\":\"https:\\\/\\\/redenoticiaz.com.br\\\/litoralsp\\\/2022\\\/12\\\/21\\\/praia-grande-tera-seis-pontos-de-queima-de-fogos#primaryimage\"},\"thumbnailUrl\":\"https:\\\/\\\/redenoticiaz.com.br\\\/litoralsp\\\/wp-content\\\/uploads\\\/sites\\\/3\\\/2021\\\/12\\\/fogos.jpg\",\"datePublished\":\"2022-12-21T19:14:05+00:00\",\"description\":\"O ano de 2023 ser\u00e1 recebido em Praia Grande com um grande show \u00a0pirot\u00e9cnico sem estampido com dura\u00e7\u00e3o de at\u00e9 22 minutos\",\"inLanguage\":\"pt-BR\",\"potentialAction\":[{\"@type\":\"ReadAction\",\"target\":[\"https:\\\/\\\/redenoticiaz.com.br\\\/litoralsp\\\/2022\\\/12\\\/21\\\/praia-grande-tera-seis-pontos-de-queima-de-fogos\"]}]},{\"@type\":\"ImageObject\",\"inLanguage\":\"pt-BR\",\"@id\":\"https:\\\/\\\/redenoticiaz.com.br\\\/litoralsp\\\/2022\\\/12\\\/21\\\/praia-grande-tera-seis-pontos-de-queima-de-fogos#primaryimage\",\"url\":\"https:\\\/\\\/redenoticiaz.com.br\\\/litoralsp\\\/wp-content\\\/uploads\\\/sites\\\/3\\\/2021\\\/12\\\/fogos.jpg\",\"contentUrl\":\"https:\\\/\\\/redenoticiaz.com.br\\\/litoralsp\\\/wp-content\\\/uploads\\\/sites\\\/3\\\/2021\\\/12\\\/fogos.jpg\",\"width\":920,\"height\":614,\"caption\":\"Cr\u00e9ditos: Prefeitura de Praia Grande\"},{\"@type\":\"WebSite\",\"@id\":\"https:\\\/\\\/redenoticiaz.com.br\\\/litoralsp\\\/#website\",\"url\":\"https:\\\/\\\/redenoticiaz.com.br\\\/litoralsp\\\/\",\"name\":\"Litoral SP\",\"description\":\"Rede NoticiaZ\",\"publisher\":{\"@id\":\"https:\\\/\\\/redenoticiaz.com.br\\\/litoralsp\\\/#organization\"},\"potentialAction\":[{\"@type\":\"SearchAction\",\"target\":{\"@type\":\"EntryPoint\",\"urlTemplate\":\"https:\\\/\\\/redenoticiaz.com.br\\\/litoralsp\\\/?s={search_term_string}\"},\"query-input\":{\"@type\":\"PropertyValueSpecification\",\"valueRequired\":true,\"valueName\":\"search_term_string\"}}],\"inLanguage\":\"pt-BR\"},{\"@type\":\"Organization\",\"@id\":\"https:\\\/\\\/redenoticiaz.com.br\\\/litoralsp\\\/#organization\",\"name\":\"Litoral SP\",\"url\":\"https:\\\/\\\/redenoticiaz.com.br\\\/litoralsp\\\/\",\"logo\":{\"@type\":\"ImageObject\",\"inLanguage\":\"pt-BR\",\"@id\":\"https:\\\/\\\/redenoticiaz.com.br\\\/litoralsp\\\/#\\\/schema\\\/logo\\\/image\\\/\",\"url\":\"https:\\\/\\\/redenoticiaz.com.br\\\/litoralsp\\\/wp-content\\\/uploads\\\/sites\\\/3\\\/2020\\\/11\\\/logo.jpg\",\"contentUrl\":\"https:\\\/\\\/redenoticiaz.com.br\\\/litoralsp\\\/wp-content\\\/uploads\\\/sites\\\/3\\\/2020\\\/11\\\/logo.jpg\",\"width\":400,\"height\":250,\"caption\":\"Litoral SP\"},\"image\":{\"@id\":\"https:\\\/\\\/redenoticiaz.com.br\\\/litoralsp\\\/#\\\/schema\\\/logo\\\/image\\\/\"}},{\"@type\":\"Person\",\"@id\":\"https:\\\/\\\/redenoticiaz.com.br\\\/litoralsp\\\/#\\\/schema\\\/person\\\/16057b37a3c0ee6b096d7f887c566e2e\",\"name\":\"Gustavo Silva\",\"image\":{\"@type\":\"ImageObject\",\"inLanguage\":\"pt-BR\",\"@id\":\"https:\\\/\\\/secure.gravatar.com\\\/avatar\\\/3ee4e82f93b26de0a7cf4ea5eb7893da637ed6bb0c9170c58065944c56e28a33?s=96&d=mm&r=g\",\"url\":\"https:\\\/\\\/secure.gravatar.com\\\/avatar\\\/3ee4e82f93b26de0a7cf4ea5eb7893da637ed6bb0c9170c58065944c56e28a33?s=96&d=mm&r=g\",\"contentUrl\":\"https:\\\/\\\/secure.gravatar.com\\\/avatar\\\/3ee4e82f93b26de0a7cf4ea5eb7893da637ed6bb0c9170c58065944c56e28a33?s=96&d=mm&r=g\",\"caption\":\"Gustavo Silva\"},\"url\":\"https:\\\/\\\/redenoticiaz.com.br\\\/litoralsp\\\/author\\\/gustavosilva\"}]}<\/script>\n<!-- \/ Yoast SEO plugin. -->","yoast_head_json":{"title":"Praia Grande ter\u00e1 seis pontos de queima de fogos - Litoral SP","description":"O ano de 2023 ser\u00e1 recebido em Praia Grande com um grande show \u00a0pirot\u00e9cnico sem estampido com dura\u00e7\u00e3o de at\u00e9 22 minutos","robots":{"index":"index","follow":"follow","max-snippet":"max-snippet:-1","max-image-preview":"max-image-preview:large","max-video-preview":"max-video-preview:-1"},"canonical":"https:\/\/redenoticiaz.com.br\/litoralsp\/2022\/12\/21\/praia-grande-tera-seis-pontos-de-queima-de-fogos","og_locale":"pt_BR","og_type":"article","og_title":"Praia Grande ter\u00e1 seis pontos de queima de fogos - Litoral SP","og_description":"O ano de 2023 ser\u00e1 recebido em Praia Grande com um grande show \u00a0pirot\u00e9cnico sem estampido com dura\u00e7\u00e3o de at\u00e9 22 minutos","og_url":"https:\/\/redenoticiaz.com.br\/litoralsp\/2022\/12\/21\/praia-grande-tera-seis-pontos-de-queima-de-fogos","og_site_name":"Litoral SP","article_published_time":"2022-12-21T19:14:05+00:00","og_image":[{"width":920,"height":614,"url":"https:\/\/redenoticiaz.com.br\/litoralsp\/wp-content\/uploads\/sites\/3\/2021\/12\/fogos.jpg","type":"image\/jpeg"}],"author":"Gustavo Silva","twitter_card":"summary_large_image","twitter_misc":{"Escrito por":"Gustavo Silva","Est. tempo de leitura":"2 minutos"},"schema":{"@context":"https:\/\/schema.org","@graph":[{"@type":"Article","@id":"https:\/\/redenoticiaz.com.br\/litoralsp\/2022\/12\/21\/praia-grande-tera-seis-pontos-de-queima-de-fogos#article","isPartOf":{"@id":"https:\/\/redenoticiaz.com.br\/litoralsp\/2022\/12\/21\/praia-grande-tera-seis-pontos-de-queima-de-fogos"},"author":{"name":"Gustavo Silva","@id":"https:\/\/redenoticiaz.com.br\/litoralsp\/#\/schema\/person\/16057b37a3c0ee6b096d7f887c566e2e"},"headline":"Praia Grande ter\u00e1 seis pontos de queima de fogos","datePublished":"2022-12-21T19:14:05+00:00","mainEntityOfPage":{"@id":"https:\/\/redenoticiaz.com.br\/litoralsp\/2022\/12\/21\/praia-grande-tera-seis-pontos-de-queima-de-fogos"},"wordCount":267,"commentCount":0,"publisher":{"@id":"https:\/\/redenoticiaz.com.br\/litoralsp\/#organization"},"image":{"@id":"https:\/\/redenoticiaz.com.br\/litoralsp\/2022\/12\/21\/praia-grande-tera-seis-pontos-de-queima-de-fogos#primaryimage"},"thumbnailUrl":"https:\/\/redenoticiaz.com.br\/litoralsp\/wp-content\/uploads\/sites\/3\/2021\/12\/fogos.jpg","keywords":["2023","ano de 2023","PRAIA GRANDE","PRAIAS"],"articleSection":["Praia Grande"],"inLanguage":"pt-BR","potentialAction":[{"@type":"CommentAction","name":"Comment","target":["https:\/\/redenoticiaz.com.br\/litoralsp\/2022\/12\/21\/praia-grande-tera-seis-pontos-de-queima-de-fogos#respond"]}]},{"@type":"WebPage","@id":"https:\/\/redenoticiaz.com.br\/litoralsp\/2022\/12\/21\/praia-grande-tera-seis-pontos-de-queima-de-fogos","url":"https:\/\/redenoticiaz.com.br\/litoralsp\/2022\/12\/21\/praia-grande-tera-seis-pontos-de-queima-de-fogos","name":"Praia Grande ter\u00e1 seis pontos de queima de fogos - Litoral SP","isPartOf":{"@id":"https:\/\/redenoticiaz.com.br\/litoralsp\/#website"},"primaryImageOfPage":{"@id":"https:\/\/redenoticiaz.com.br\/litoralsp\/2022\/12\/21\/praia-grande-tera-seis-pontos-de-queima-de-fogos#primaryimage"},"image":{"@id":"https:\/\/redenoticiaz.com.br\/litoralsp\/2022\/12\/21\/praia-grande-tera-seis-pontos-de-queima-de-fogos#primaryimage"},"thumbnailUrl":"https:\/\/redenoticiaz.com.br\/litoralsp\/wp-content\/uploads\/sites\/3\/2021\/12\/fogos.jpg","datePublished":"2022-12-21T19:14:05+00:00","description":"O ano de 2023 ser\u00e1 recebido em Praia Grande com um grande show \u00a0pirot\u00e9cnico sem estampido com dura\u00e7\u00e3o de at\u00e9 22 minutos","inLanguage":"pt-BR","potentialAction":[{"@type":"ReadAction","target":["https:\/\/redenoticiaz.com.br\/litoralsp\/2022\/12\/21\/praia-grande-tera-seis-pontos-de-queima-de-fogos"]}]},{"@type":"ImageObject","inLanguage":"pt-BR","@id":"https:\/\/redenoticiaz.com.br\/litoralsp\/2022\/12\/21\/praia-grande-tera-seis-pontos-de-queima-de-fogos#primaryimage","url":"https:\/\/redenoticiaz.com.br\/litoralsp\/wp-content\/uploads\/sites\/3\/2021\/12\/fogos.jpg","contentUrl":"https:\/\/redenoticiaz.com.br\/litoralsp\/wp-content\/uploads\/sites\/3\/2021\/12\/fogos.jpg","width":920,"height":614,"caption":"Cr\u00e9ditos: Prefeitura de Praia Grande"},{"@type":"WebSite","@id":"https:\/\/redenoticiaz.com.br\/litoralsp\/#website","url":"https:\/\/redenoticiaz.com.br\/litoralsp\/","name":"Litoral SP","description":"Rede NoticiaZ","publisher":{"@id":"https:\/\/redenoticiaz.com.br\/litoralsp\/#organization"},"potentialAction":[{"@type":"SearchAction","target":{"@type":"EntryPoint","urlTemplate":"https:\/\/redenoticiaz.com.br\/litoralsp\/?s={search_term_string}"},"query-input":{"@type":"PropertyValueSpecification","valueRequired":true,"valueName":"search_term_string"}}],"inLanguage":"pt-BR"},{"@type":"Organization","@id":"https:\/\/redenoticiaz.com.br\/litoralsp\/#organization","name":"Litoral SP","url":"https:\/\/redenoticiaz.com.br\/litoralsp\/","logo":{"@type":"ImageObject","inLanguage":"pt-BR","@id":"https:\/\/redenoticiaz.com.br\/litoralsp\/#\/schema\/logo\/image\/","url":"https:\/\/redenoticiaz.com.br\/litoralsp\/wp-content\/uploads\/sites\/3\/2020\/11\/logo.jpg","contentUrl":"https:\/\/redenoticiaz.com.br\/litoralsp\/wp-content\/uploads\/sites\/3\/2020\/11\/logo.jpg","width":400,"height":250,"caption":"Litoral SP"},"image":{"@id":"https:\/\/redenoticiaz.com.br\/litoralsp\/#\/schema\/logo\/image\/"}},{"@type":"Person","@id":"https:\/\/redenoticiaz.com.br\/litoralsp\/#\/schema\/person\/16057b37a3c0ee6b096d7f887c566e2e","name":"Gustavo Silva","image":{"@type":"ImageObject","inLanguage":"pt-BR","@id":"https:\/\/secure.gravatar.com\/avatar\/3ee4e82f93b26de0a7cf4ea5eb7893da637ed6bb0c9170c58065944c56e28a33?s=96&d=mm&r=g","url":"https:\/\/secure.gravatar.com\/avatar\/3ee4e82f93b26de0a7cf4ea5eb7893da637ed6bb0c9170c58065944c56e28a33?s=96&d=mm&r=g","contentUrl":"https:\/\/secure.gravatar.com\/avatar\/3ee4e82f93b26de0a7cf4ea5eb7893da637ed6bb0c9170c58065944c56e28a33?s=96&d=mm&r=g","caption":"Gustavo Silva"},"url":"https:\/\/redenoticiaz.com.br\/litoralsp\/author\/gustavosilva"}]}},"_links":{"self":[{"href":"https:\/\/redenoticiaz.com.br\/litoralsp\/wp-json\/wp\/v2\/posts\/97494","targetHints":{"allow":["GET"]}}],"collection":[{"href":"https:\/\/redenoticiaz.com.br\/litoralsp\/wp-json\/wp\/v2\/posts"}],"about":[{"href":"https:\/\/redenoticiaz.com.br\/litoralsp\/wp-json\/wp\/v2\/types\/post"}],"author":[{"embeddable":true,"href":"https:\/\/redenoticiaz.com.br\/litoralsp\/wp-json\/wp\/v2\/users\/12"}],"replies":[{"embeddable":true,"href":"https:\/\/redenoticiaz.com.br\/litoralsp\/wp-json\/wp\/v2\/comments?post=97494"}],"version-history":[{"count":1,"href":"https:\/\/redenoticiaz.com.br\/litoralsp\/wp-json\/wp\/v2\/posts\/97494\/revisions"}],"predecessor-version":[{"id":97495,"href":"https:\/\/redenoticiaz.com.br\/litoralsp\/wp-json\/wp\/v2\/posts\/97494\/revisions\/97495"}],"wp:featuredmedia":[{"embeddable":true,"href":"https:\/\/redenoticiaz.com.br\/litoralsp\/wp-json\/wp\/v2\/media\/19743"}],"wp:attachment":[{"href":"https:\/\/redenoticiaz.com.br\/litoralsp\/wp-json\/wp\/v2\/media?parent=97494"}],"wp:term":[{"taxonomy":"category","embeddable":true,"href":"https:\/\/redenoticiaz.com.br\/litoralsp\/wp-json\/wp\/v2\/categories?post=97494"},{"taxonomy":"post_tag","embeddable":true,"href":"https:\/\/redenoticiaz.com.br\/litoralsp\/wp-json\/wp\/v2\/tags?post=97494"}],"curies":[{"name":"wp","href":"https:\/\/api.w.org\/{rel}","templated":true}]}}