{"id":97634,"date":"2022-12-24T11:52:25","date_gmt":"2022-12-24T14:52:25","guid":{"rendered":"https:\/\/redenoticiaz.com.br\/litoralsp\/2022\/12\/24\/tite-e-assaltado-e-ainda-leva-bronca-por-eliminacao-na-copa"},"modified":"2022-12-24T11:52:25","modified_gmt":"2022-12-24T14:52:25","slug":"tite-e-assaltado-e-ainda-leva-bronca-por-eliminacao-na-copa","status":"publish","type":"post","link":"https:\/\/redenoticiaz.com.br\/litoralsp\/2022\/12\/24\/tite-e-assaltado-e-ainda-leva-bronca-por-eliminacao-na-copa","title":{"rendered":"Tite \u00e9 assaltado e ainda leva bronca por elimina\u00e7\u00e3o na Copa"},"content":{"rendered":"<div class=\"col-content\">\n<p>Tite vive momento turbulento ap\u00f3s a elimina\u00e7\u00e3o da Sele\u00e7\u00e3o brasileira da Copa do Mundo 2022. Neste s\u00e1bado, 24, o ex-t\u00e9cnico foi assaltado enquanto fazia uma caminhada na Barra da Tijuca no Rio de Janeiro.<\/p>\n<div class=\"mb-3 text-center\">\n<div id=\"banner-320x100-area\" data-mobile=\"320x100\" data-desktop=\"320x100\"><\/div>\n<\/div>\n<div class=\"artigo_texto\">\n<p>Por volta das 6 horas foi abordado por um assaltante e teve seu cord\u00e3o de ouro furtado. O\u00a0&#8220;O Globo&#8221;, relatou que Tite ainda ouviu reclama\u00e7\u00f5es do assaltante quanto o desempenho da Sele\u00e7\u00e3o.<\/p>\n<p>O t\u00e9cnico Tite encerrou sua passagem pela Sele\u00e7\u00e3o Brasileira ap\u00f3s seis anos. Com duas Copas do Mundo, duas Copas Am\u00e9ricas e duas Eliminat\u00f3rias Sul-Americanas disputadas.<\/p>\n<p>VEJA TAMB\u00c9M:\u00a0<a href=\"https:\/\/redenoticiaz.com.br\/barretos-regiao\/sp\/2022\/12\/09\/tite-confirma-adeus-a-selecao-brasileira\">Tite confirma adeus \u00e0 Sele\u00e7\u00e3o Brasileira<\/a><\/p>\n<div class=\"d-flex justify-content-center my-3\">\n<div id=\"banner-300x250-1-area\" data-desktop=\"300x250\" data-mobile=\"320x50\"><\/div>\n<\/div>\n<p id=\"p719862-m215-214-216\" class=\"paragraph\">\n<div class=\"mb-3 veja_mais_inject\">\n<div class=\"row\">\n<div class=\"col-12 col-md-6 py-2 py-sm-0\" data-vejamais=\"36838\">\n<div class=\"row p-0 m-0\"><\/div>\n<\/div>\n<div class=\"col-12 col-md-6 py-2 py-sm-0\" data-vejamais=\"16361\">\n<div class=\"row p-0 m-0\">\n<div class=\"col-auto p-0 m-0\"><\/div>\n<\/div>\n<\/div>\n<\/div>\n<\/div>\n<h2 class=\"paragraph\"><\/h2>\n<\/div>\n<\/div>\n<div class=\"col-side\">\n<div class=\"row side-sticky\">\n<div class=\"col-md-6 col-lg-12 mb-2 text-center\">\n<div class=\"mb-2\"><\/div>\n<\/div>\n<\/div>\n<\/div>\n","protected":false},"excerpt":{"rendered":"<p>Tite vive momento turbulento ap\u00f3s a elimina\u00e7\u00e3o da Sele\u00e7\u00e3o brasileira da Copa do Mundo 2022. Neste s\u00e1bado, 24, o ex-t\u00e9cnico foi assaltado enquanto fazia uma caminhada na Barra da Tijuca no Rio de Janeiro. Por volta das 6 horas foi abordado por um assaltante e teve seu cord\u00e3o de ouro furtado. O\u00a0&#8220;O Globo&#8221;, relatou que &hellip;<\/p>\n","protected":false},"author":15,"featured_media":97635,"comment_status":"open","ping_status":"closed","sticky":false,"template":"","format":"standard","meta":{"footnotes":""},"categories":[35],"tags":[62065,62066,58838,29179,51905],"class_list":["post-97634","post","type-post","status-publish","format-standard","has-post-thumbnail","hentry","category-esporte","tag-assaltado","tag-bronca","tag-copa","tag-desempenho","tag-tite"],"yoast_head":"<!-- This site is optimized with the Yoast SEO plugin v27.4 - https:\/\/yoast.com\/product\/yoast-seo-wordpress\/ -->\n<title>Tite \u00e9 assaltado e ainda leva bronca por elimina\u00e7\u00e3o na Copa - Litoral SP<\/title>\n<meta name=\"robots\" content=\"index, follow, max-snippet:-1, max-image-preview:large, max-video-preview:-1\" \/>\n<link rel=\"canonical\" href=\"https:\/\/redenoticiaz.com.br\/litoralsp\/2022\/12\/24\/tite-e-assaltado-e-ainda-leva-bronca-por-eliminacao-na-copa\" \/>\n<meta property=\"og:locale\" content=\"pt_BR\" \/>\n<meta property=\"og:type\" content=\"article\" \/>\n<meta property=\"og:title\" content=\"Tite \u00e9 assaltado e ainda leva bronca por elimina\u00e7\u00e3o na Copa - Litoral SP\" \/>\n<meta property=\"og:description\" content=\"Tite vive momento turbulento ap\u00f3s a elimina\u00e7\u00e3o da Sele\u00e7\u00e3o brasileira da Copa do Mundo 2022. Neste s\u00e1bado, 24, o ex-t\u00e9cnico foi assaltado enquanto fazia uma caminhada na Barra da Tijuca no Rio de Janeiro. Por volta das 6 horas foi abordado por um assaltante e teve seu cord\u00e3o de ouro furtado. O\u00a0&#8220;O Globo&#8221;, relatou que &hellip;\" \/>\n<meta property=\"og:url\" content=\"https:\/\/redenoticiaz.com.br\/litoralsp\/2022\/12\/24\/tite-e-assaltado-e-ainda-leva-bronca-por-eliminacao-na-copa\" \/>\n<meta property=\"og:site_name\" content=\"Litoral SP\" \/>\n<meta property=\"article:published_time\" content=\"2022-12-24T14:52:25+00:00\" \/>\n<meta name=\"twitter:card\" content=\"summary_large_image\" \/>\n<meta name=\"twitter:label1\" content=\"Escrito por\" \/>\n\t<meta name=\"twitter:data1\" content=\"\" \/>\n\t<meta name=\"twitter:label2\" content=\"Est. tempo de leitura\" \/>\n\t<meta name=\"twitter:data2\" content=\"1 minuto\" \/>\n<script type=\"application\/ld+json\" class=\"yoast-schema-graph\">{\"@context\":\"https:\\\/\\\/schema.org\",\"@graph\":[{\"@type\":\"Article\",\"@id\":\"https:\\\/\\\/redenoticiaz.com.br\\\/litoralsp\\\/2022\\\/12\\\/24\\\/tite-e-assaltado-e-ainda-leva-bronca-por-eliminacao-na-copa#article\",\"isPartOf\":{\"@id\":\"https:\\\/\\\/redenoticiaz.com.br\\\/litoralsp\\\/2022\\\/12\\\/24\\\/tite-e-assaltado-e-ainda-leva-bronca-por-eliminacao-na-copa\"},\"author\":{\"name\":\"\",\"@id\":\"\"},\"headline\":\"Tite \u00e9 assaltado e ainda leva bronca por elimina\u00e7\u00e3o na Copa\",\"datePublished\":\"2022-12-24T14:52:25+00:00\",\"mainEntityOfPage\":{\"@id\":\"https:\\\/\\\/redenoticiaz.com.br\\\/litoralsp\\\/2022\\\/12\\\/24\\\/tite-e-assaltado-e-ainda-leva-bronca-por-eliminacao-na-copa\"},\"wordCount\":122,\"commentCount\":0,\"publisher\":{\"@id\":\"https:\\\/\\\/redenoticiaz.com.br\\\/litoralsp\\\/#organization\"},\"image\":{\"@id\":\"https:\\\/\\\/redenoticiaz.com.br\\\/litoralsp\\\/2022\\\/12\\\/24\\\/tite-e-assaltado-e-ainda-leva-bronca-por-eliminacao-na-copa#primaryimage\"},\"thumbnailUrl\":\"https:\\\/\\\/redenoticiaz.com.br\\\/litoralsp\\\/wp-content\\\/uploads\\\/sites\\\/3\\\/2022\\\/12\\\/Tite-e-assaltado-e-ainda-leva-bronca-por-eliminacao-na-Copa.jpg\",\"keywords\":[\"ASSALTADO\",\"BRONCA\",\"Copa\",\"DESEMPENHO\",\"TITE\"],\"articleSection\":[\"Esporte\"],\"inLanguage\":\"pt-BR\",\"potentialAction\":[{\"@type\":\"CommentAction\",\"name\":\"Comment\",\"target\":[\"https:\\\/\\\/redenoticiaz.com.br\\\/litoralsp\\\/2022\\\/12\\\/24\\\/tite-e-assaltado-e-ainda-leva-bronca-por-eliminacao-na-copa#respond\"]}]},{\"@type\":\"WebPage\",\"@id\":\"https:\\\/\\\/redenoticiaz.com.br\\\/litoralsp\\\/2022\\\/12\\\/24\\\/tite-e-assaltado-e-ainda-leva-bronca-por-eliminacao-na-copa\",\"url\":\"https:\\\/\\\/redenoticiaz.com.br\\\/litoralsp\\\/2022\\\/12\\\/24\\\/tite-e-assaltado-e-ainda-leva-bronca-por-eliminacao-na-copa\",\"name\":\"Tite \u00e9 assaltado e ainda leva bronca por elimina\u00e7\u00e3o na Copa - Litoral SP\",\"isPartOf\":{\"@id\":\"https:\\\/\\\/redenoticiaz.com.br\\\/litoralsp\\\/#website\"},\"primaryImageOfPage\":{\"@id\":\"https:\\\/\\\/redenoticiaz.com.br\\\/litoralsp\\\/2022\\\/12\\\/24\\\/tite-e-assaltado-e-ainda-leva-bronca-por-eliminacao-na-copa#primaryimage\"},\"image\":{\"@id\":\"https:\\\/\\\/redenoticiaz.com.br\\\/litoralsp\\\/2022\\\/12\\\/24\\\/tite-e-assaltado-e-ainda-leva-bronca-por-eliminacao-na-copa#primaryimage\"},\"thumbnailUrl\":\"https:\\\/\\\/redenoticiaz.com.br\\\/litoralsp\\\/wp-content\\\/uploads\\\/sites\\\/3\\\/2022\\\/12\\\/Tite-e-assaltado-e-ainda-leva-bronca-por-eliminacao-na-Copa.jpg\",\"datePublished\":\"2022-12-24T14:52:25+00:00\",\"inLanguage\":\"pt-BR\",\"potentialAction\":[{\"@type\":\"ReadAction\",\"target\":[\"https:\\\/\\\/redenoticiaz.com.br\\\/litoralsp\\\/2022\\\/12\\\/24\\\/tite-e-assaltado-e-ainda-leva-bronca-por-eliminacao-na-copa\"]}]},{\"@type\":\"ImageObject\",\"inLanguage\":\"pt-BR\",\"@id\":\"https:\\\/\\\/redenoticiaz.com.br\\\/litoralsp\\\/2022\\\/12\\\/24\\\/tite-e-assaltado-e-ainda-leva-bronca-por-eliminacao-na-copa#primaryimage\",\"url\":\"https:\\\/\\\/redenoticiaz.com.br\\\/litoralsp\\\/wp-content\\\/uploads\\\/sites\\\/3\\\/2022\\\/12\\\/Tite-e-assaltado-e-ainda-leva-bronca-por-eliminacao-na-Copa.jpg\",\"contentUrl\":\"https:\\\/\\\/redenoticiaz.com.br\\\/litoralsp\\\/wp-content\\\/uploads\\\/sites\\\/3\\\/2022\\\/12\\\/Tite-e-assaltado-e-ainda-leva-bronca-por-eliminacao-na-Copa.jpg\",\"width\":1080,\"height\":1080,\"caption\":\"Cr\u00e9dito: Reprodu\u00e7\u00e3o\"},{\"@type\":\"WebSite\",\"@id\":\"https:\\\/\\\/redenoticiaz.com.br\\\/litoralsp\\\/#website\",\"url\":\"https:\\\/\\\/redenoticiaz.com.br\\\/litoralsp\\\/\",\"name\":\"Litoral SP\",\"description\":\"Rede NoticiaZ\",\"publisher\":{\"@id\":\"https:\\\/\\\/redenoticiaz.com.br\\\/litoralsp\\\/#organization\"},\"potentialAction\":[{\"@type\":\"SearchAction\",\"target\":{\"@type\":\"EntryPoint\",\"urlTemplate\":\"https:\\\/\\\/redenoticiaz.com.br\\\/litoralsp\\\/?s={search_term_string}\"},\"query-input\":{\"@type\":\"PropertyValueSpecification\",\"valueRequired\":true,\"valueName\":\"search_term_string\"}}],\"inLanguage\":\"pt-BR\"},{\"@type\":\"Organization\",\"@id\":\"https:\\\/\\\/redenoticiaz.com.br\\\/litoralsp\\\/#organization\",\"name\":\"Litoral SP\",\"url\":\"https:\\\/\\\/redenoticiaz.com.br\\\/litoralsp\\\/\",\"logo\":{\"@type\":\"ImageObject\",\"inLanguage\":\"pt-BR\",\"@id\":\"https:\\\/\\\/redenoticiaz.com.br\\\/litoralsp\\\/#\\\/schema\\\/logo\\\/image\\\/\",\"url\":\"https:\\\/\\\/redenoticiaz.com.br\\\/litoralsp\\\/wp-content\\\/uploads\\\/sites\\\/3\\\/2020\\\/11\\\/logo.jpg\",\"contentUrl\":\"https:\\\/\\\/redenoticiaz.com.br\\\/litoralsp\\\/wp-content\\\/uploads\\\/sites\\\/3\\\/2020\\\/11\\\/logo.jpg\",\"width\":400,\"height\":250,\"caption\":\"Litoral SP\"},\"image\":{\"@id\":\"https:\\\/\\\/redenoticiaz.com.br\\\/litoralsp\\\/#\\\/schema\\\/logo\\\/image\\\/\"}},{\"@type\":\"Person\",\"@id\":\"\",\"url\":\"https:\\\/\\\/redenoticiaz.com.br\\\/litoralsp\\\/author\"}]}<\/script>\n<!-- \/ Yoast SEO plugin. -->","yoast_head_json":{"title":"Tite \u00e9 assaltado e ainda leva bronca por elimina\u00e7\u00e3o na Copa - Litoral SP","robots":{"index":"index","follow":"follow","max-snippet":"max-snippet:-1","max-image-preview":"max-image-preview:large","max-video-preview":"max-video-preview:-1"},"canonical":"https:\/\/redenoticiaz.com.br\/litoralsp\/2022\/12\/24\/tite-e-assaltado-e-ainda-leva-bronca-por-eliminacao-na-copa","og_locale":"pt_BR","og_type":"article","og_title":"Tite \u00e9 assaltado e ainda leva bronca por elimina\u00e7\u00e3o na Copa - Litoral SP","og_description":"Tite vive momento turbulento ap\u00f3s a elimina\u00e7\u00e3o da Sele\u00e7\u00e3o brasileira da Copa do Mundo 2022. Neste s\u00e1bado, 24, o ex-t\u00e9cnico foi assaltado enquanto fazia uma caminhada na Barra da Tijuca no Rio de Janeiro. Por volta das 6 horas foi abordado por um assaltante e teve seu cord\u00e3o de ouro furtado. O\u00a0&#8220;O Globo&#8221;, relatou que &hellip;","og_url":"https:\/\/redenoticiaz.com.br\/litoralsp\/2022\/12\/24\/tite-e-assaltado-e-ainda-leva-bronca-por-eliminacao-na-copa","og_site_name":"Litoral SP","article_published_time":"2022-12-24T14:52:25+00:00","twitter_card":"summary_large_image","twitter_misc":{"Escrito por":"","Est. tempo de leitura":"1 minuto"},"schema":{"@context":"https:\/\/schema.org","@graph":[{"@type":"Article","@id":"https:\/\/redenoticiaz.com.br\/litoralsp\/2022\/12\/24\/tite-e-assaltado-e-ainda-leva-bronca-por-eliminacao-na-copa#article","isPartOf":{"@id":"https:\/\/redenoticiaz.com.br\/litoralsp\/2022\/12\/24\/tite-e-assaltado-e-ainda-leva-bronca-por-eliminacao-na-copa"},"author":{"name":"","@id":""},"headline":"Tite \u00e9 assaltado e ainda leva bronca por elimina\u00e7\u00e3o na Copa","datePublished":"2022-12-24T14:52:25+00:00","mainEntityOfPage":{"@id":"https:\/\/redenoticiaz.com.br\/litoralsp\/2022\/12\/24\/tite-e-assaltado-e-ainda-leva-bronca-por-eliminacao-na-copa"},"wordCount":122,"commentCount":0,"publisher":{"@id":"https:\/\/redenoticiaz.com.br\/litoralsp\/#organization"},"image":{"@id":"https:\/\/redenoticiaz.com.br\/litoralsp\/2022\/12\/24\/tite-e-assaltado-e-ainda-leva-bronca-por-eliminacao-na-copa#primaryimage"},"thumbnailUrl":"https:\/\/redenoticiaz.com.br\/litoralsp\/wp-content\/uploads\/sites\/3\/2022\/12\/Tite-e-assaltado-e-ainda-leva-bronca-por-eliminacao-na-Copa.jpg","keywords":["ASSALTADO","BRONCA","Copa","DESEMPENHO","TITE"],"articleSection":["Esporte"],"inLanguage":"pt-BR","potentialAction":[{"@type":"CommentAction","name":"Comment","target":["https:\/\/redenoticiaz.com.br\/litoralsp\/2022\/12\/24\/tite-e-assaltado-e-ainda-leva-bronca-por-eliminacao-na-copa#respond"]}]},{"@type":"WebPage","@id":"https:\/\/redenoticiaz.com.br\/litoralsp\/2022\/12\/24\/tite-e-assaltado-e-ainda-leva-bronca-por-eliminacao-na-copa","url":"https:\/\/redenoticiaz.com.br\/litoralsp\/2022\/12\/24\/tite-e-assaltado-e-ainda-leva-bronca-por-eliminacao-na-copa","name":"Tite \u00e9 assaltado e ainda leva bronca por elimina\u00e7\u00e3o na Copa - Litoral SP","isPartOf":{"@id":"https:\/\/redenoticiaz.com.br\/litoralsp\/#website"},"primaryImageOfPage":{"@id":"https:\/\/redenoticiaz.com.br\/litoralsp\/2022\/12\/24\/tite-e-assaltado-e-ainda-leva-bronca-por-eliminacao-na-copa#primaryimage"},"image":{"@id":"https:\/\/redenoticiaz.com.br\/litoralsp\/2022\/12\/24\/tite-e-assaltado-e-ainda-leva-bronca-por-eliminacao-na-copa#primaryimage"},"thumbnailUrl":"https:\/\/redenoticiaz.com.br\/litoralsp\/wp-content\/uploads\/sites\/3\/2022\/12\/Tite-e-assaltado-e-ainda-leva-bronca-por-eliminacao-na-Copa.jpg","datePublished":"2022-12-24T14:52:25+00:00","inLanguage":"pt-BR","potentialAction":[{"@type":"ReadAction","target":["https:\/\/redenoticiaz.com.br\/litoralsp\/2022\/12\/24\/tite-e-assaltado-e-ainda-leva-bronca-por-eliminacao-na-copa"]}]},{"@type":"ImageObject","inLanguage":"pt-BR","@id":"https:\/\/redenoticiaz.com.br\/litoralsp\/2022\/12\/24\/tite-e-assaltado-e-ainda-leva-bronca-por-eliminacao-na-copa#primaryimage","url":"https:\/\/redenoticiaz.com.br\/litoralsp\/wp-content\/uploads\/sites\/3\/2022\/12\/Tite-e-assaltado-e-ainda-leva-bronca-por-eliminacao-na-Copa.jpg","contentUrl":"https:\/\/redenoticiaz.com.br\/litoralsp\/wp-content\/uploads\/sites\/3\/2022\/12\/Tite-e-assaltado-e-ainda-leva-bronca-por-eliminacao-na-Copa.jpg","width":1080,"height":1080,"caption":"Cr\u00e9dito: Reprodu\u00e7\u00e3o"},{"@type":"WebSite","@id":"https:\/\/redenoticiaz.com.br\/litoralsp\/#website","url":"https:\/\/redenoticiaz.com.br\/litoralsp\/","name":"Litoral SP","description":"Rede NoticiaZ","publisher":{"@id":"https:\/\/redenoticiaz.com.br\/litoralsp\/#organization"},"potentialAction":[{"@type":"SearchAction","target":{"@type":"EntryPoint","urlTemplate":"https:\/\/redenoticiaz.com.br\/litoralsp\/?s={search_term_string}"},"query-input":{"@type":"PropertyValueSpecification","valueRequired":true,"valueName":"search_term_string"}}],"inLanguage":"pt-BR"},{"@type":"Organization","@id":"https:\/\/redenoticiaz.com.br\/litoralsp\/#organization","name":"Litoral SP","url":"https:\/\/redenoticiaz.com.br\/litoralsp\/","logo":{"@type":"ImageObject","inLanguage":"pt-BR","@id":"https:\/\/redenoticiaz.com.br\/litoralsp\/#\/schema\/logo\/image\/","url":"https:\/\/redenoticiaz.com.br\/litoralsp\/wp-content\/uploads\/sites\/3\/2020\/11\/logo.jpg","contentUrl":"https:\/\/redenoticiaz.com.br\/litoralsp\/wp-content\/uploads\/sites\/3\/2020\/11\/logo.jpg","width":400,"height":250,"caption":"Litoral SP"},"image":{"@id":"https:\/\/redenoticiaz.com.br\/litoralsp\/#\/schema\/logo\/image\/"}},{"@type":"Person","@id":"","url":"https:\/\/redenoticiaz.com.br\/litoralsp\/author"}]}},"_links":{"self":[{"href":"https:\/\/redenoticiaz.com.br\/litoralsp\/wp-json\/wp\/v2\/posts\/97634","targetHints":{"allow":["GET"]}}],"collection":[{"href":"https:\/\/redenoticiaz.com.br\/litoralsp\/wp-json\/wp\/v2\/posts"}],"about":[{"href":"https:\/\/redenoticiaz.com.br\/litoralsp\/wp-json\/wp\/v2\/types\/post"}],"author":[{"embeddable":true,"href":"https:\/\/redenoticiaz.com.br\/litoralsp\/wp-json\/wp\/v2\/users\/15"}],"replies":[{"embeddable":true,"href":"https:\/\/redenoticiaz.com.br\/litoralsp\/wp-json\/wp\/v2\/comments?post=97634"}],"version-history":[{"count":0,"href":"https:\/\/redenoticiaz.com.br\/litoralsp\/wp-json\/wp\/v2\/posts\/97634\/revisions"}],"wp:featuredmedia":[{"embeddable":true,"href":"https:\/\/redenoticiaz.com.br\/litoralsp\/wp-json\/wp\/v2\/media\/97635"}],"wp:attachment":[{"href":"https:\/\/redenoticiaz.com.br\/litoralsp\/wp-json\/wp\/v2\/media?parent=97634"}],"wp:term":[{"taxonomy":"category","embeddable":true,"href":"https:\/\/redenoticiaz.com.br\/litoralsp\/wp-json\/wp\/v2\/categories?post=97634"},{"taxonomy":"post_tag","embeddable":true,"href":"https:\/\/redenoticiaz.com.br\/litoralsp\/wp-json\/wp\/v2\/tags?post=97634"}],"curies":[{"name":"wp","href":"https:\/\/api.w.org\/{rel}","templated":true}]}}