{"id":97677,"date":"2022-12-26T08:14:19","date_gmt":"2022-12-26T11:14:19","guid":{"rendered":"https:\/\/redenoticiaz.com.br\/litoralsp\/2022\/12\/26\/cinco-pessoas-da-mesma-familia-morrem-afogados-em-rio"},"modified":"2022-12-26T08:14:19","modified_gmt":"2022-12-26T11:14:19","slug":"cinco-pessoas-da-mesma-familia-morrem-afogados-em-rio","status":"publish","type":"post","link":"https:\/\/redenoticiaz.com.br\/litoralsp\/2022\/12\/26\/cinco-pessoas-da-mesma-familia-morrem-afogados-em-rio","title":{"rendered":"Cinco pessoas da mesma fam\u00edlia morrem afogados em rio"},"content":{"rendered":"<div id=\"chunk-a49rg\">\n<div class=\"mc-column content-text active-extra-styles \" data-block-type=\"unstyled\" data-block-weight=\"52\" data-block-id=\"3\">\n<p class=\"content-text__container \" data-track-category=\"Link no Texto\" data-track-links=\"\">Um Natal tr\u00e1gico ocorreu para uma fam\u00edlia inteira no Rio Tiet\u00ea, entre as cidades Dois C\u00f3rregos e Mineiros do Tiet\u00ea, Interior de S\u00e3o Paulo. As <strong>cinco pessoas morreram afogadas<\/strong> e de acordo com o Corpo de Bombeiros, quatro corpos haviam sido resgatados no s\u00e1bado (24) e um quinto foi localizado no domingo (25). Segundo a corpora\u00e7\u00e3o, ele tentou salvar uma crian\u00e7a, enquanto ela brincava nas margens da regi\u00e3o conhecida como &#8220;Baix\u00e3o da Serra&#8221;.<\/p>\n<\/div>\n<\/div>\n<div class=\"wall protected-content\">\n<div id=\"chunk-7bb2d\">\n<div class=\"mc-column content-text active-extra-styles \" data-block-type=\"unstyled\" data-block-weight=\"41\" data-block-id=\"4\">\n<p class=\"content-text__container \" data-track-category=\"Link no Texto\" data-track-links=\"\">Segundo os Bombeiros, o afogamento coletivo ocorreu na v\u00e9spera de Natal, quando uma das crian\u00e7as da fam\u00edlia se distanciou do grupo e foi para uma parte mais profunda do rio, quando come\u00e7ou a se afogar.<\/p>\n<\/div>\n<\/div>\n<div id=\"chunk-b3j7d\">\n<div class=\"mc-column content-text active-extra-styles \" data-block-type=\"unstyled\" data-block-weight=\"43\" data-block-id=\"5\">\n<p class=\"content-text__container \" data-track-category=\"Link no Texto\" data-track-links=\"\">O restante da fam\u00edlia tentou ajudar, mas acabou se afogando tamb\u00e9m. No acidente, de acordo com informa\u00e7\u00f5es do Corpo de Bombeiros, m\u00e3e, av\u00f3 e duas crian\u00e7as morreram. Eles foram resgatados ainda no s\u00e1bado, enquanto o quinto corpo, do pai das meninas, continuou desaparecido.<\/p>\n<div id=\"chunk-50q7l\">\n<div class=\"mc-column content-text active-extra-styles \" data-block-type=\"unstyled\" data-block-weight=\"29\" data-block-id=\"7\">\n<p class=\"content-text__container \" data-track-category=\"Link no Texto\" data-track-links=\"\">As buscas foram retomadas na manh\u00e3 deste domingo, por volta das 7h30. O rapaz, identificado como Kervellin Wallace da Silva, de 29 anos, foi encontrado por volta das 16h10.<\/p>\n<\/div>\n<\/div>\n<div id=\"chunk-ap6uu\">\n<div class=\"mc-column content-text active-extra-styles \" data-block-type=\"unstyled\" data-block-weight=\"54\" data-block-id=\"8\">\n<p class=\"content-text__container \" data-track-category=\"Link no Texto\" data-track-links=\"\">De acordo com o Boletim de Ocorr\u00eancia, as crian\u00e7as s\u00e3o duas meninas, Nicolly Luize Dias da Silva, de 9 anos, e Emily Camile Dias da Silva, de 3 anos. A m\u00e3e foi identificada como Cynthia Silva dos Santos, de 25 anos, e a av\u00f3 como Denise Aparecida Dias da Silva, de 51 anos.<\/p>\n<\/div>\n<\/div>\n<div id=\"chunk-40uhj\">\n<div class=\"mc-column content-text active-extra-styles \" data-block-type=\"unstyled\" data-block-weight=\"17\" data-block-id=\"9\">\n<p class=\"content-text__container \" data-track-category=\"Link no Texto\" data-track-links=\"\">O Instituto M\u00e9dico Legal (IML) de Ja\u00fa aguarda o contato dos familiares para libera\u00e7\u00e3o dos corpos. Uma funer\u00e1ria de Sumar\u00e9 ser\u00e1 respons\u00e1vel pelo vel\u00f3rio e sepultamento da fam\u00edlia.<\/p>\n<p data-track-category=\"Link no Texto\" data-track-links=\"\"><strong>LEIA TAMB\u00c9M<\/strong><\/p>\n<p data-track-category=\"Link no Texto\" data-track-links=\"\"><a href=\"https:\/\/redenoticiaz.com.br\/blog\/2022\/12\/25\/conheca-10-dicas-especiais-para-manter-a-saude-no-verao\">Conhe\u00e7a 10 dicas especiais para manter a sa\u00fade no ver\u00e3o<\/a><\/p>\n<\/div>\n<\/div>\n<\/div>\n<\/div>\n<\/div>\n","protected":false},"excerpt":{"rendered":"<p>Um Natal tr\u00e1gico ocorreu para uma fam\u00edlia inteira no Rio Tiet\u00ea, entre as cidades Dois C\u00f3rregos e Mineiros do Tiet\u00ea, Interior de S\u00e3o Paulo. As cinco pessoas morreram afogadas e de acordo com o Corpo de Bombeiros, quatro corpos haviam sido resgatados no s\u00e1bado (24) e um quinto foi localizado no domingo (25). Segundo a &hellip;<\/p>\n","protected":false},"author":6,"featured_media":97678,"comment_status":"open","ping_status":"closed","sticky":false,"template":"","format":"standard","meta":{"footnotes":""},"categories":[10],"tags":[7600,62081,5316,62082,59959,62083,62084],"class_list":["post-97677","post","type-post","status-publish","format-standard","has-post-thumbnail","hentry","category-policia","tag-afogamento","tag-baixao-da-serra","tag-corpo-de-bombeiros","tag-dois-corregos","tag-familia-morta","tag-mineiros-do-tiete","tag-rio-tiete"],"yoast_head":"<!-- This site is optimized with the Yoast SEO plugin v27.4 - https:\/\/yoast.com\/product\/yoast-seo-wordpress\/ -->\n<title>Cinco pessoas da mesma fam\u00edlia morrem afogados em rio - Litoral SP<\/title>\n<meta name=\"description\" content=\"fam\u00edlia inteira no Rio Tiet\u00ea, entre as cidades Dois C\u00f3rregos e Mineiros do Tiet\u00ea, Interior de S\u00e3o Paulo. As cinco pessoas morreram afogadas e\" \/>\n<meta name=\"robots\" content=\"index, follow, max-snippet:-1, max-image-preview:large, max-video-preview:-1\" \/>\n<link rel=\"canonical\" href=\"https:\/\/redenoticiaz.com.br\/litoralsp\/2022\/12\/26\/cinco-pessoas-da-mesma-familia-morrem-afogados-em-rio\" \/>\n<meta property=\"og:locale\" content=\"pt_BR\" \/>\n<meta property=\"og:type\" content=\"article\" \/>\n<meta property=\"og:title\" content=\"Cinco pessoas da mesma fam\u00edlia morrem afogados em rio - Litoral SP\" \/>\n<meta property=\"og:description\" content=\"fam\u00edlia inteira no Rio Tiet\u00ea, entre as cidades Dois C\u00f3rregos e Mineiros do Tiet\u00ea, Interior de S\u00e3o Paulo. As cinco pessoas morreram afogadas e\" \/>\n<meta property=\"og:url\" content=\"https:\/\/redenoticiaz.com.br\/litoralsp\/2022\/12\/26\/cinco-pessoas-da-mesma-familia-morrem-afogados-em-rio\" \/>\n<meta property=\"og:site_name\" content=\"Litoral SP\" \/>\n<meta property=\"article:published_time\" content=\"2022-12-26T11:14:19+00:00\" \/>\n<meta name=\"author\" content=\"Leonardo Francisco\" \/>\n<meta name=\"twitter:card\" content=\"summary_large_image\" \/>\n<meta name=\"twitter:image\" content=\"https:\/\/redenoticiaz.com.br\/litoralsp\/wp-content\/uploads\/sites\/3\/2022\/12\/RIO-TIETE.jpg?v=1672053193\" \/>\n<meta name=\"twitter:label1\" content=\"Escrito por\" \/>\n\t<meta name=\"twitter:data1\" content=\"Leonardo Francisco\" \/>\n\t<meta name=\"twitter:label2\" content=\"Est. tempo de leitura\" \/>\n\t<meta name=\"twitter:data2\" content=\"2 minutos\" \/>\n<script type=\"application\/ld+json\" class=\"yoast-schema-graph\">{\"@context\":\"https:\\\/\\\/schema.org\",\"@graph\":[{\"@type\":\"Article\",\"@id\":\"https:\\\/\\\/redenoticiaz.com.br\\\/litoralsp\\\/2022\\\/12\\\/26\\\/cinco-pessoas-da-mesma-familia-morrem-afogados-em-rio#article\",\"isPartOf\":{\"@id\":\"https:\\\/\\\/redenoticiaz.com.br\\\/litoralsp\\\/2022\\\/12\\\/26\\\/cinco-pessoas-da-mesma-familia-morrem-afogados-em-rio\"},\"author\":{\"name\":\"Leonardo Francisco\",\"@id\":\"https:\\\/\\\/redenoticiaz.com.br\\\/litoralsp\\\/#\\\/schema\\\/person\\\/0f0b8a5bdafefe82841e07ae8d81ecb3\"},\"headline\":\"Cinco pessoas da mesma fam\u00edlia morrem afogados em rio\",\"datePublished\":\"2022-12-26T11:14:19+00:00\",\"mainEntityOfPage\":{\"@id\":\"https:\\\/\\\/redenoticiaz.com.br\\\/litoralsp\\\/2022\\\/12\\\/26\\\/cinco-pessoas-da-mesma-familia-morrem-afogados-em-rio\"},\"wordCount\":308,\"commentCount\":0,\"publisher\":{\"@id\":\"https:\\\/\\\/redenoticiaz.com.br\\\/litoralsp\\\/#organization\"},\"image\":{\"@id\":\"https:\\\/\\\/redenoticiaz.com.br\\\/litoralsp\\\/2022\\\/12\\\/26\\\/cinco-pessoas-da-mesma-familia-morrem-afogados-em-rio#primaryimage\"},\"thumbnailUrl\":\"https:\\\/\\\/redenoticiaz.com.br\\\/litoralsp\\\/wp-content\\\/uploads\\\/sites\\\/3\\\/2022\\\/12\\\/RIO-TIETE.jpg?v=1672053193\",\"keywords\":[\"AFOGAMENTO\",\"BAIX\u00c3O DA SERRA\",\"CORPO DE BOMBEIROS\",\"DOIS C\u00d3RREGOS\",\"FAM\u00cdLIA MORTA\",\"MINEIROS DO TIET\u00ca\",\"RIO TIETE\"],\"articleSection\":[\"Pol\u00edcia\"],\"inLanguage\":\"pt-BR\",\"potentialAction\":[{\"@type\":\"CommentAction\",\"name\":\"Comment\",\"target\":[\"https:\\\/\\\/redenoticiaz.com.br\\\/litoralsp\\\/2022\\\/12\\\/26\\\/cinco-pessoas-da-mesma-familia-morrem-afogados-em-rio#respond\"]}]},{\"@type\":\"WebPage\",\"@id\":\"https:\\\/\\\/redenoticiaz.com.br\\\/litoralsp\\\/2022\\\/12\\\/26\\\/cinco-pessoas-da-mesma-familia-morrem-afogados-em-rio\",\"url\":\"https:\\\/\\\/redenoticiaz.com.br\\\/litoralsp\\\/2022\\\/12\\\/26\\\/cinco-pessoas-da-mesma-familia-morrem-afogados-em-rio\",\"name\":\"Cinco pessoas da mesma fam\u00edlia morrem afogados em rio - Litoral SP\",\"isPartOf\":{\"@id\":\"https:\\\/\\\/redenoticiaz.com.br\\\/litoralsp\\\/#website\"},\"primaryImageOfPage\":{\"@id\":\"https:\\\/\\\/redenoticiaz.com.br\\\/litoralsp\\\/2022\\\/12\\\/26\\\/cinco-pessoas-da-mesma-familia-morrem-afogados-em-rio#primaryimage\"},\"image\":{\"@id\":\"https:\\\/\\\/redenoticiaz.com.br\\\/litoralsp\\\/2022\\\/12\\\/26\\\/cinco-pessoas-da-mesma-familia-morrem-afogados-em-rio#primaryimage\"},\"thumbnailUrl\":\"https:\\\/\\\/redenoticiaz.com.br\\\/litoralsp\\\/wp-content\\\/uploads\\\/sites\\\/3\\\/2022\\\/12\\\/RIO-TIETE.jpg?v=1672053193\",\"datePublished\":\"2022-12-26T11:14:19+00:00\",\"description\":\"fam\u00edlia inteira no Rio Tiet\u00ea, entre as cidades Dois C\u00f3rregos e Mineiros do Tiet\u00ea, Interior de S\u00e3o Paulo. As cinco pessoas morreram afogadas e\",\"inLanguage\":\"pt-BR\",\"potentialAction\":[{\"@type\":\"ReadAction\",\"target\":[\"https:\\\/\\\/redenoticiaz.com.br\\\/litoralsp\\\/2022\\\/12\\\/26\\\/cinco-pessoas-da-mesma-familia-morrem-afogados-em-rio\"]}]},{\"@type\":\"ImageObject\",\"inLanguage\":\"pt-BR\",\"@id\":\"https:\\\/\\\/redenoticiaz.com.br\\\/litoralsp\\\/2022\\\/12\\\/26\\\/cinco-pessoas-da-mesma-familia-morrem-afogados-em-rio#primaryimage\",\"url\":\"https:\\\/\\\/redenoticiaz.com.br\\\/litoralsp\\\/wp-content\\\/uploads\\\/sites\\\/3\\\/2022\\\/12\\\/RIO-TIETE.jpg?v=1672053193\",\"contentUrl\":\"https:\\\/\\\/redenoticiaz.com.br\\\/litoralsp\\\/wp-content\\\/uploads\\\/sites\\\/3\\\/2022\\\/12\\\/RIO-TIETE.jpg?v=1672053193\",\"width\":551,\"height\":347,\"caption\":\"Local tem aviso de perigo. Cr\u00e9ditos: Reprodu\u00e7\u00e3o, Arquivo Pessoal\"},{\"@type\":\"WebSite\",\"@id\":\"https:\\\/\\\/redenoticiaz.com.br\\\/litoralsp\\\/#website\",\"url\":\"https:\\\/\\\/redenoticiaz.com.br\\\/litoralsp\\\/\",\"name\":\"Litoral SP\",\"description\":\"Rede NoticiaZ\",\"publisher\":{\"@id\":\"https:\\\/\\\/redenoticiaz.com.br\\\/litoralsp\\\/#organization\"},\"potentialAction\":[{\"@type\":\"SearchAction\",\"target\":{\"@type\":\"EntryPoint\",\"urlTemplate\":\"https:\\\/\\\/redenoticiaz.com.br\\\/litoralsp\\\/?s={search_term_string}\"},\"query-input\":{\"@type\":\"PropertyValueSpecification\",\"valueRequired\":true,\"valueName\":\"search_term_string\"}}],\"inLanguage\":\"pt-BR\"},{\"@type\":\"Organization\",\"@id\":\"https:\\\/\\\/redenoticiaz.com.br\\\/litoralsp\\\/#organization\",\"name\":\"Litoral SP\",\"url\":\"https:\\\/\\\/redenoticiaz.com.br\\\/litoralsp\\\/\",\"logo\":{\"@type\":\"ImageObject\",\"inLanguage\":\"pt-BR\",\"@id\":\"https:\\\/\\\/redenoticiaz.com.br\\\/litoralsp\\\/#\\\/schema\\\/logo\\\/image\\\/\",\"url\":\"https:\\\/\\\/redenoticiaz.com.br\\\/litoralsp\\\/wp-content\\\/uploads\\\/sites\\\/3\\\/2020\\\/11\\\/logo.jpg\",\"contentUrl\":\"https:\\\/\\\/redenoticiaz.com.br\\\/litoralsp\\\/wp-content\\\/uploads\\\/sites\\\/3\\\/2020\\\/11\\\/logo.jpg\",\"width\":400,\"height\":250,\"caption\":\"Litoral SP\"},\"image\":{\"@id\":\"https:\\\/\\\/redenoticiaz.com.br\\\/litoralsp\\\/#\\\/schema\\\/logo\\\/image\\\/\"}},{\"@type\":\"Person\",\"@id\":\"https:\\\/\\\/redenoticiaz.com.br\\\/litoralsp\\\/#\\\/schema\\\/person\\\/0f0b8a5bdafefe82841e07ae8d81ecb3\",\"name\":\"Leonardo Francisco\",\"image\":{\"@type\":\"ImageObject\",\"inLanguage\":\"pt-BR\",\"@id\":\"https:\\\/\\\/secure.gravatar.com\\\/avatar\\\/a7358cb406a99b682ec6df1e77e31ae82e63601f6784e8a3df411d72b37864da?s=96&d=mm&r=g\",\"url\":\"https:\\\/\\\/secure.gravatar.com\\\/avatar\\\/a7358cb406a99b682ec6df1e77e31ae82e63601f6784e8a3df411d72b37864da?s=96&d=mm&r=g\",\"contentUrl\":\"https:\\\/\\\/secure.gravatar.com\\\/avatar\\\/a7358cb406a99b682ec6df1e77e31ae82e63601f6784e8a3df411d72b37864da?s=96&d=mm&r=g\",\"caption\":\"Leonardo Francisco\"},\"url\":\"https:\\\/\\\/redenoticiaz.com.br\\\/litoralsp\\\/author\\\/leonardo-francisco\"}]}<\/script>\n<!-- \/ Yoast SEO plugin. -->","yoast_head_json":{"title":"Cinco pessoas da mesma fam\u00edlia morrem afogados em rio - Litoral SP","description":"fam\u00edlia inteira no Rio Tiet\u00ea, entre as cidades Dois C\u00f3rregos e Mineiros do Tiet\u00ea, Interior de S\u00e3o Paulo. As cinco pessoas morreram afogadas e","robots":{"index":"index","follow":"follow","max-snippet":"max-snippet:-1","max-image-preview":"max-image-preview:large","max-video-preview":"max-video-preview:-1"},"canonical":"https:\/\/redenoticiaz.com.br\/litoralsp\/2022\/12\/26\/cinco-pessoas-da-mesma-familia-morrem-afogados-em-rio","og_locale":"pt_BR","og_type":"article","og_title":"Cinco pessoas da mesma fam\u00edlia morrem afogados em rio - Litoral SP","og_description":"fam\u00edlia inteira no Rio Tiet\u00ea, entre as cidades Dois C\u00f3rregos e Mineiros do Tiet\u00ea, Interior de S\u00e3o Paulo. As cinco pessoas morreram afogadas e","og_url":"https:\/\/redenoticiaz.com.br\/litoralsp\/2022\/12\/26\/cinco-pessoas-da-mesma-familia-morrem-afogados-em-rio","og_site_name":"Litoral SP","article_published_time":"2022-12-26T11:14:19+00:00","author":"Leonardo Francisco","twitter_card":"summary_large_image","twitter_image":"https:\/\/redenoticiaz.com.br\/litoralsp\/wp-content\/uploads\/sites\/3\/2022\/12\/RIO-TIETE.jpg?v=1672053193","twitter_misc":{"Escrito por":"Leonardo Francisco","Est. tempo de leitura":"2 minutos"},"schema":{"@context":"https:\/\/schema.org","@graph":[{"@type":"Article","@id":"https:\/\/redenoticiaz.com.br\/litoralsp\/2022\/12\/26\/cinco-pessoas-da-mesma-familia-morrem-afogados-em-rio#article","isPartOf":{"@id":"https:\/\/redenoticiaz.com.br\/litoralsp\/2022\/12\/26\/cinco-pessoas-da-mesma-familia-morrem-afogados-em-rio"},"author":{"name":"Leonardo Francisco","@id":"https:\/\/redenoticiaz.com.br\/litoralsp\/#\/schema\/person\/0f0b8a5bdafefe82841e07ae8d81ecb3"},"headline":"Cinco pessoas da mesma fam\u00edlia morrem afogados em rio","datePublished":"2022-12-26T11:14:19+00:00","mainEntityOfPage":{"@id":"https:\/\/redenoticiaz.com.br\/litoralsp\/2022\/12\/26\/cinco-pessoas-da-mesma-familia-morrem-afogados-em-rio"},"wordCount":308,"commentCount":0,"publisher":{"@id":"https:\/\/redenoticiaz.com.br\/litoralsp\/#organization"},"image":{"@id":"https:\/\/redenoticiaz.com.br\/litoralsp\/2022\/12\/26\/cinco-pessoas-da-mesma-familia-morrem-afogados-em-rio#primaryimage"},"thumbnailUrl":"https:\/\/redenoticiaz.com.br\/litoralsp\/wp-content\/uploads\/sites\/3\/2022\/12\/RIO-TIETE.jpg?v=1672053193","keywords":["AFOGAMENTO","BAIX\u00c3O DA SERRA","CORPO DE BOMBEIROS","DOIS C\u00d3RREGOS","FAM\u00cdLIA MORTA","MINEIROS DO TIET\u00ca","RIO TIETE"],"articleSection":["Pol\u00edcia"],"inLanguage":"pt-BR","potentialAction":[{"@type":"CommentAction","name":"Comment","target":["https:\/\/redenoticiaz.com.br\/litoralsp\/2022\/12\/26\/cinco-pessoas-da-mesma-familia-morrem-afogados-em-rio#respond"]}]},{"@type":"WebPage","@id":"https:\/\/redenoticiaz.com.br\/litoralsp\/2022\/12\/26\/cinco-pessoas-da-mesma-familia-morrem-afogados-em-rio","url":"https:\/\/redenoticiaz.com.br\/litoralsp\/2022\/12\/26\/cinco-pessoas-da-mesma-familia-morrem-afogados-em-rio","name":"Cinco pessoas da mesma fam\u00edlia morrem afogados em rio - Litoral SP","isPartOf":{"@id":"https:\/\/redenoticiaz.com.br\/litoralsp\/#website"},"primaryImageOfPage":{"@id":"https:\/\/redenoticiaz.com.br\/litoralsp\/2022\/12\/26\/cinco-pessoas-da-mesma-familia-morrem-afogados-em-rio#primaryimage"},"image":{"@id":"https:\/\/redenoticiaz.com.br\/litoralsp\/2022\/12\/26\/cinco-pessoas-da-mesma-familia-morrem-afogados-em-rio#primaryimage"},"thumbnailUrl":"https:\/\/redenoticiaz.com.br\/litoralsp\/wp-content\/uploads\/sites\/3\/2022\/12\/RIO-TIETE.jpg?v=1672053193","datePublished":"2022-12-26T11:14:19+00:00","description":"fam\u00edlia inteira no Rio Tiet\u00ea, entre as cidades Dois C\u00f3rregos e Mineiros do Tiet\u00ea, Interior de S\u00e3o Paulo. As cinco pessoas morreram afogadas e","inLanguage":"pt-BR","potentialAction":[{"@type":"ReadAction","target":["https:\/\/redenoticiaz.com.br\/litoralsp\/2022\/12\/26\/cinco-pessoas-da-mesma-familia-morrem-afogados-em-rio"]}]},{"@type":"ImageObject","inLanguage":"pt-BR","@id":"https:\/\/redenoticiaz.com.br\/litoralsp\/2022\/12\/26\/cinco-pessoas-da-mesma-familia-morrem-afogados-em-rio#primaryimage","url":"https:\/\/redenoticiaz.com.br\/litoralsp\/wp-content\/uploads\/sites\/3\/2022\/12\/RIO-TIETE.jpg?v=1672053193","contentUrl":"https:\/\/redenoticiaz.com.br\/litoralsp\/wp-content\/uploads\/sites\/3\/2022\/12\/RIO-TIETE.jpg?v=1672053193","width":551,"height":347,"caption":"Local tem aviso de perigo. Cr\u00e9ditos: Reprodu\u00e7\u00e3o, Arquivo Pessoal"},{"@type":"WebSite","@id":"https:\/\/redenoticiaz.com.br\/litoralsp\/#website","url":"https:\/\/redenoticiaz.com.br\/litoralsp\/","name":"Litoral SP","description":"Rede NoticiaZ","publisher":{"@id":"https:\/\/redenoticiaz.com.br\/litoralsp\/#organization"},"potentialAction":[{"@type":"SearchAction","target":{"@type":"EntryPoint","urlTemplate":"https:\/\/redenoticiaz.com.br\/litoralsp\/?s={search_term_string}"},"query-input":{"@type":"PropertyValueSpecification","valueRequired":true,"valueName":"search_term_string"}}],"inLanguage":"pt-BR"},{"@type":"Organization","@id":"https:\/\/redenoticiaz.com.br\/litoralsp\/#organization","name":"Litoral SP","url":"https:\/\/redenoticiaz.com.br\/litoralsp\/","logo":{"@type":"ImageObject","inLanguage":"pt-BR","@id":"https:\/\/redenoticiaz.com.br\/litoralsp\/#\/schema\/logo\/image\/","url":"https:\/\/redenoticiaz.com.br\/litoralsp\/wp-content\/uploads\/sites\/3\/2020\/11\/logo.jpg","contentUrl":"https:\/\/redenoticiaz.com.br\/litoralsp\/wp-content\/uploads\/sites\/3\/2020\/11\/logo.jpg","width":400,"height":250,"caption":"Litoral SP"},"image":{"@id":"https:\/\/redenoticiaz.com.br\/litoralsp\/#\/schema\/logo\/image\/"}},{"@type":"Person","@id":"https:\/\/redenoticiaz.com.br\/litoralsp\/#\/schema\/person\/0f0b8a5bdafefe82841e07ae8d81ecb3","name":"Leonardo Francisco","image":{"@type":"ImageObject","inLanguage":"pt-BR","@id":"https:\/\/secure.gravatar.com\/avatar\/a7358cb406a99b682ec6df1e77e31ae82e63601f6784e8a3df411d72b37864da?s=96&d=mm&r=g","url":"https:\/\/secure.gravatar.com\/avatar\/a7358cb406a99b682ec6df1e77e31ae82e63601f6784e8a3df411d72b37864da?s=96&d=mm&r=g","contentUrl":"https:\/\/secure.gravatar.com\/avatar\/a7358cb406a99b682ec6df1e77e31ae82e63601f6784e8a3df411d72b37864da?s=96&d=mm&r=g","caption":"Leonardo Francisco"},"url":"https:\/\/redenoticiaz.com.br\/litoralsp\/author\/leonardo-francisco"}]}},"_links":{"self":[{"href":"https:\/\/redenoticiaz.com.br\/litoralsp\/wp-json\/wp\/v2\/posts\/97677","targetHints":{"allow":["GET"]}}],"collection":[{"href":"https:\/\/redenoticiaz.com.br\/litoralsp\/wp-json\/wp\/v2\/posts"}],"about":[{"href":"https:\/\/redenoticiaz.com.br\/litoralsp\/wp-json\/wp\/v2\/types\/post"}],"author":[{"embeddable":true,"href":"https:\/\/redenoticiaz.com.br\/litoralsp\/wp-json\/wp\/v2\/users\/6"}],"replies":[{"embeddable":true,"href":"https:\/\/redenoticiaz.com.br\/litoralsp\/wp-json\/wp\/v2\/comments?post=97677"}],"version-history":[{"count":0,"href":"https:\/\/redenoticiaz.com.br\/litoralsp\/wp-json\/wp\/v2\/posts\/97677\/revisions"}],"wp:featuredmedia":[{"embeddable":true,"href":"https:\/\/redenoticiaz.com.br\/litoralsp\/wp-json\/wp\/v2\/media\/97678"}],"wp:attachment":[{"href":"https:\/\/redenoticiaz.com.br\/litoralsp\/wp-json\/wp\/v2\/media?parent=97677"}],"wp:term":[{"taxonomy":"category","embeddable":true,"href":"https:\/\/redenoticiaz.com.br\/litoralsp\/wp-json\/wp\/v2\/categories?post=97677"},{"taxonomy":"post_tag","embeddable":true,"href":"https:\/\/redenoticiaz.com.br\/litoralsp\/wp-json\/wp\/v2\/tags?post=97677"}],"curies":[{"name":"wp","href":"https:\/\/api.w.org\/{rel}","templated":true}]}}