{"id":9770,"date":"2021-06-08T17:36:59","date_gmt":"2021-06-08T20:36:59","guid":{"rendered":"https:\/\/redenoticiaz.com.br\/litoralsp\/?p=9770"},"modified":"2021-06-08T17:37:17","modified_gmt":"2021-06-08T20:37:17","slug":"liminar-volta-a-liberar-sao-sebastiao-a-trocar-de-empresa-de-onibus","status":"publish","type":"post","link":"https:\/\/redenoticiaz.com.br\/litoralsp\/2021\/06\/08\/liminar-volta-a-liberar-sao-sebastiao-a-trocar-de-empresa-de-onibus","title":{"rendered":"Liminar volta a liberar S\u00e3o Sebasti\u00e3o a trocar de empresa de \u00f4nibus"},"content":{"rendered":"<p>A novela da <strong>empresa respons\u00e1vel pelo transporte p\u00fablico<\/strong> de <a href=\"http:\/\/www.saosebastiao.sp.gov.br\/\">S\u00e3o Sebasti\u00e3o<\/a> continua. O cap\u00edtulo da vez \u00e9 que a liminar que impedia que a Prefeitura fizesse a troca de empresa foi derrubada pelo Supremo Tribunal de Justi\u00e7a (STJ). Assim ela tem a permiss\u00e3o novamente de fazer a troca.<\/p>\n<p>De acordo com o secret\u00e1rio de Seguran\u00e7a Urbana de S\u00e3o Sebasti\u00e3o, Emerson Elias, a Prefeitura ainda n\u00e3o foi notificada, mas far\u00e1 o trabalho para a realiza\u00e7\u00e3o da troca. Contudo, isso deve ocorrer assim que tudo for oficializado.<\/p>\n<div class=\"mc-column content-text active-extra-styles \" data-block-type=\"unstyled\" data-block-weight=\"39\" data-block-id=\"4\">\n<p class=\"content-text__container \" data-track-category=\"Link no Texto\" data-track-links=\"\">&#8220;N\u00f3s estamos aguardando a notifica\u00e7\u00e3o pelo Tribunal, para que fa\u00e7amos a notifica\u00e7\u00e3o da empresa Ecobus. Haver\u00e1 um per\u00edodo de transi\u00e7\u00e3o, onde estaremos coordenando, junto com a fiscaliza\u00e7\u00e3o, o trabalho que ser\u00e1 demandado dentro das normas legais&#8221;, afirmou Emerson.<\/p>\n<h3 data-track-category=\"Link no Texto\">Entenda o caso<\/h3>\n<\/div>\n<div class=\"mc-column content-text active-extra-styles \" data-block-type=\"unstyled\" data-block-weight=\"59\" data-block-id=\"5\">\n<p class=\"content-text__container \" data-track-category=\"Link no Texto\" data-track-links=\"\">O impasse da empresa com a Prefeitura de S\u00e3o Sebasti\u00e3o se estende desde maio do ano passado, quando a gest\u00e3o municipal come\u00e7ou a mover a\u00e7\u00f5es na justi\u00e7a ap\u00f3s a paralisa\u00e7\u00e3o no servi\u00e7o. \u00c0 \u00e9poca, a empresa alegava que a prefeitura n\u00e3o vinha fazendo os repasses e, por isso, n\u00e3o conseguia honrar com os pagamentos dos funcion\u00e1rios. A vers\u00e3o foi contestada pela gest\u00e3o.<\/p>\n<\/div>\n<div class=\"mc-column content-text active-extra-styles \" data-block-type=\"unstyled\" data-block-weight=\"56\" data-block-id=\"6\">\n<p class=\"content-text__container \" data-track-category=\"Link no Texto\" data-track-links=\"\">Em fevereiro deste ano, S\u00e3o Sebasti\u00e3o conseguiu na justi\u00e7a derrubar a liminar que impedia a quebra de contrato com a empresa. Com isso, abriu uma nova licita\u00e7\u00e3o de forma emergencial para a concess\u00e3o do transporte p\u00fablico. Por\u00e9m, antes que a troca acontecesse, a Ecobus conseguiu reverter a decis\u00e3o anterior e se manteve como operadora do servi\u00e7o.<\/p>\n<\/div>\n<div class=\"content-ads content-ads--reveal\" data-block-type=\"ads\" data-block-id=\"7\"><\/div>\n<div class=\"mc-column content-text active-extra-styles \" data-block-type=\"unstyled\" data-block-weight=\"15\" data-block-id=\"8\">\n<p class=\"content-text__container \" data-track-category=\"Link no Texto\" data-track-links=\"\">Procurada, a empresa de \u00f4nibus se limitou a dizer que afirmou que vai recorrer novamente da senten\u00e7a.<\/p>\n<p data-track-category=\"Link no Texto\" data-track-links=\"\"><strong>LEIA TAMB\u00c9M<\/strong><\/p>\n<p data-track-category=\"Link no Texto\" data-track-links=\"\"><a href=\"https:\/\/redenoticiaz.com.br\/litoralsp\/2021\/06\/07\/motorista-capota-em-rodovia-de-bertioga-e-morre\">Motorista capota em rodovia de Bertioga e morre<\/a><\/p>\n<\/div>\n","protected":false},"excerpt":{"rendered":"<p>A novela da empresa respons\u00e1vel pelo transporte p\u00fablico de S\u00e3o Sebasti\u00e3o continua. O cap\u00edtulo da vez \u00e9 que a liminar que impedia que a Prefeitura fizesse a troca de empresa foi derrubada pelo Supremo Tribunal de Justi\u00e7a (STJ). Assim ela tem a permiss\u00e3o novamente de fazer a troca. De acordo com o secret\u00e1rio de Seguran\u00e7a &hellip;<\/p>\n","protected":false},"author":6,"featured_media":9771,"comment_status":"open","ping_status":"closed","sticky":false,"template":"","format":"standard","meta":{"footnotes":""},"categories":[22,188,88],"tags":[24822,10289,24821,24823,13939,24824],"class_list":["post-9770","post","type-post","status-publish","format-standard","has-post-thumbnail","hentry","category-justica","category-sao-sebastiao","category-transportes","tag-empresa-ecobus","tag-liminar","tag-sao-sebasticao","tag-supremo-tribunal-de-justica","tag-transporte-publico","tag-troca-de-empresa"],"yoast_head":"<!-- This site is optimized with the Yoast SEO plugin v27.5 - https:\/\/yoast.com\/product\/yoast-seo-wordpress\/ -->\n<title>Liminar volta a liberar S\u00e3o Sebasti\u00e3o a trocar de empresa de \u00f4nibus - Litoral SP<\/title>\n<meta name=\"description\" content=\"A novela da empresa respons\u00e1vel pelo transporte p\u00fablico de S\u00e3o Sebasti\u00e3o continua. O cap\u00edtulo da vez \u00e9 que a liminar que impedia\" \/>\n<meta name=\"robots\" content=\"index, follow, max-snippet:-1, max-image-preview:large, max-video-preview:-1\" \/>\n<link rel=\"canonical\" href=\"https:\/\/redenoticiaz.com.br\/litoralsp\/2021\/06\/08\/liminar-volta-a-liberar-sao-sebastiao-a-trocar-de-empresa-de-onibus\" \/>\n<meta property=\"og:locale\" content=\"pt_BR\" \/>\n<meta property=\"og:type\" content=\"article\" \/>\n<meta property=\"og:title\" content=\"Liminar volta a liberar S\u00e3o Sebasti\u00e3o a trocar de empresa de \u00f4nibus - Litoral SP\" \/>\n<meta property=\"og:description\" content=\"A novela da empresa respons\u00e1vel pelo transporte p\u00fablico de S\u00e3o Sebasti\u00e3o continua. O cap\u00edtulo da vez \u00e9 que a liminar que impedia\" \/>\n<meta property=\"og:url\" content=\"https:\/\/redenoticiaz.com.br\/litoralsp\/2021\/06\/08\/liminar-volta-a-liberar-sao-sebastiao-a-trocar-de-empresa-de-onibus\" \/>\n<meta property=\"og:site_name\" content=\"Litoral SP\" \/>\n<meta property=\"article:published_time\" content=\"2021-06-08T20:36:59+00:00\" \/>\n<meta property=\"article:modified_time\" content=\"2021-06-08T20:37:17+00:00\" \/>\n<meta property=\"og:image\" content=\"https:\/\/redenoticiaz.com.br\/litoralsp\/wp-content\/uploads\/sites\/3\/2021\/06\/ecobus.jpg\" \/>\n\t<meta property=\"og:image:width\" content=\"984\" \/>\n\t<meta property=\"og:image:height\" content=\"656\" \/>\n\t<meta property=\"og:image:type\" content=\"image\/jpeg\" \/>\n<meta name=\"author\" content=\"Leonardo Francisco\" \/>\n<meta name=\"twitter:card\" content=\"summary_large_image\" \/>\n<meta name=\"twitter:label1\" content=\"Escrito por\" \/>\n\t<meta name=\"twitter:data1\" content=\"Leonardo Francisco\" \/>\n\t<meta name=\"twitter:label2\" content=\"Est. tempo de leitura\" \/>\n\t<meta name=\"twitter:data2\" content=\"2 minutos\" \/>\n<script type=\"application\/ld+json\" class=\"yoast-schema-graph\">{\"@context\":\"https:\\\/\\\/schema.org\",\"@graph\":[{\"@type\":\"Article\",\"@id\":\"https:\\\/\\\/redenoticiaz.com.br\\\/litoralsp\\\/2021\\\/06\\\/08\\\/liminar-volta-a-liberar-sao-sebastiao-a-trocar-de-empresa-de-onibus#article\",\"isPartOf\":{\"@id\":\"https:\\\/\\\/redenoticiaz.com.br\\\/litoralsp\\\/2021\\\/06\\\/08\\\/liminar-volta-a-liberar-sao-sebastiao-a-trocar-de-empresa-de-onibus\"},\"author\":{\"name\":\"Leonardo Francisco\",\"@id\":\"https:\\\/\\\/redenoticiaz.com.br\\\/litoralsp\\\/#\\\/schema\\\/person\\\/0f0b8a5bdafefe82841e07ae8d81ecb3\"},\"headline\":\"Liminar volta a liberar S\u00e3o Sebasti\u00e3o a trocar de empresa de \u00f4nibus\",\"datePublished\":\"2021-06-08T20:36:59+00:00\",\"dateModified\":\"2021-06-08T20:37:17+00:00\",\"mainEntityOfPage\":{\"@id\":\"https:\\\/\\\/redenoticiaz.com.br\\\/litoralsp\\\/2021\\\/06\\\/08\\\/liminar-volta-a-liberar-sao-sebastiao-a-trocar-de-empresa-de-onibus\"},\"wordCount\":328,\"commentCount\":0,\"publisher\":{\"@id\":\"https:\\\/\\\/redenoticiaz.com.br\\\/litoralsp\\\/#organization\"},\"image\":{\"@id\":\"https:\\\/\\\/redenoticiaz.com.br\\\/litoralsp\\\/2021\\\/06\\\/08\\\/liminar-volta-a-liberar-sao-sebastiao-a-trocar-de-empresa-de-onibus#primaryimage\"},\"thumbnailUrl\":\"https:\\\/\\\/redenoticiaz.com.br\\\/litoralsp\\\/wp-content\\\/uploads\\\/sites\\\/3\\\/2021\\\/06\\\/ecobus.jpg\",\"keywords\":[\"EMPRESA ECOBUS\",\"LIMINAR\",\"S\u00c3O SEBASTI\u00c7\u00c3O\",\"SUPREMO TRIBUNAL DE JUSTI\u00c7A\",\"TRANSPORTE P\u00daBLICO\",\"TROCA DE EMPRESA\"],\"articleSection\":[\"Justi\u00e7a\",\"S\u00e3o Sebasti\u00e3o\",\"Transportes\"],\"inLanguage\":\"pt-BR\",\"potentialAction\":[{\"@type\":\"CommentAction\",\"name\":\"Comment\",\"target\":[\"https:\\\/\\\/redenoticiaz.com.br\\\/litoralsp\\\/2021\\\/06\\\/08\\\/liminar-volta-a-liberar-sao-sebastiao-a-trocar-de-empresa-de-onibus#respond\"]}]},{\"@type\":\"WebPage\",\"@id\":\"https:\\\/\\\/redenoticiaz.com.br\\\/litoralsp\\\/2021\\\/06\\\/08\\\/liminar-volta-a-liberar-sao-sebastiao-a-trocar-de-empresa-de-onibus\",\"url\":\"https:\\\/\\\/redenoticiaz.com.br\\\/litoralsp\\\/2021\\\/06\\\/08\\\/liminar-volta-a-liberar-sao-sebastiao-a-trocar-de-empresa-de-onibus\",\"name\":\"Liminar volta a liberar S\u00e3o Sebasti\u00e3o a trocar de empresa de \u00f4nibus - Litoral SP\",\"isPartOf\":{\"@id\":\"https:\\\/\\\/redenoticiaz.com.br\\\/litoralsp\\\/#website\"},\"primaryImageOfPage\":{\"@id\":\"https:\\\/\\\/redenoticiaz.com.br\\\/litoralsp\\\/2021\\\/06\\\/08\\\/liminar-volta-a-liberar-sao-sebastiao-a-trocar-de-empresa-de-onibus#primaryimage\"},\"image\":{\"@id\":\"https:\\\/\\\/redenoticiaz.com.br\\\/litoralsp\\\/2021\\\/06\\\/08\\\/liminar-volta-a-liberar-sao-sebastiao-a-trocar-de-empresa-de-onibus#primaryimage\"},\"thumbnailUrl\":\"https:\\\/\\\/redenoticiaz.com.br\\\/litoralsp\\\/wp-content\\\/uploads\\\/sites\\\/3\\\/2021\\\/06\\\/ecobus.jpg\",\"datePublished\":\"2021-06-08T20:36:59+00:00\",\"dateModified\":\"2021-06-08T20:37:17+00:00\",\"description\":\"A novela da empresa respons\u00e1vel pelo transporte p\u00fablico de S\u00e3o Sebasti\u00e3o continua. O cap\u00edtulo da vez \u00e9 que a liminar que impedia\",\"inLanguage\":\"pt-BR\",\"potentialAction\":[{\"@type\":\"ReadAction\",\"target\":[\"https:\\\/\\\/redenoticiaz.com.br\\\/litoralsp\\\/2021\\\/06\\\/08\\\/liminar-volta-a-liberar-sao-sebastiao-a-trocar-de-empresa-de-onibus\"]}]},{\"@type\":\"ImageObject\",\"inLanguage\":\"pt-BR\",\"@id\":\"https:\\\/\\\/redenoticiaz.com.br\\\/litoralsp\\\/2021\\\/06\\\/08\\\/liminar-volta-a-liberar-sao-sebastiao-a-trocar-de-empresa-de-onibus#primaryimage\",\"url\":\"https:\\\/\\\/redenoticiaz.com.br\\\/litoralsp\\\/wp-content\\\/uploads\\\/sites\\\/3\\\/2021\\\/06\\\/ecobus.jpg\",\"contentUrl\":\"https:\\\/\\\/redenoticiaz.com.br\\\/litoralsp\\\/wp-content\\\/uploads\\\/sites\\\/3\\\/2021\\\/06\\\/ecobus.jpg\",\"width\":984,\"height\":656,\"caption\":\"A empresa garantiu que vai recorrer da decis\u00e3o.\"},{\"@type\":\"WebSite\",\"@id\":\"https:\\\/\\\/redenoticiaz.com.br\\\/litoralsp\\\/#website\",\"url\":\"https:\\\/\\\/redenoticiaz.com.br\\\/litoralsp\\\/\",\"name\":\"Litoral SP\",\"description\":\"Rede NoticiaZ\",\"publisher\":{\"@id\":\"https:\\\/\\\/redenoticiaz.com.br\\\/litoralsp\\\/#organization\"},\"potentialAction\":[{\"@type\":\"SearchAction\",\"target\":{\"@type\":\"EntryPoint\",\"urlTemplate\":\"https:\\\/\\\/redenoticiaz.com.br\\\/litoralsp\\\/?s={search_term_string}\"},\"query-input\":{\"@type\":\"PropertyValueSpecification\",\"valueRequired\":true,\"valueName\":\"search_term_string\"}}],\"inLanguage\":\"pt-BR\"},{\"@type\":\"Organization\",\"@id\":\"https:\\\/\\\/redenoticiaz.com.br\\\/litoralsp\\\/#organization\",\"name\":\"Litoral SP\",\"url\":\"https:\\\/\\\/redenoticiaz.com.br\\\/litoralsp\\\/\",\"logo\":{\"@type\":\"ImageObject\",\"inLanguage\":\"pt-BR\",\"@id\":\"https:\\\/\\\/redenoticiaz.com.br\\\/litoralsp\\\/#\\\/schema\\\/logo\\\/image\\\/\",\"url\":\"https:\\\/\\\/redenoticiaz.com.br\\\/litoralsp\\\/wp-content\\\/uploads\\\/sites\\\/3\\\/2020\\\/11\\\/logo.jpg\",\"contentUrl\":\"https:\\\/\\\/redenoticiaz.com.br\\\/litoralsp\\\/wp-content\\\/uploads\\\/sites\\\/3\\\/2020\\\/11\\\/logo.jpg\",\"width\":400,\"height\":250,\"caption\":\"Litoral SP\"},\"image\":{\"@id\":\"https:\\\/\\\/redenoticiaz.com.br\\\/litoralsp\\\/#\\\/schema\\\/logo\\\/image\\\/\"}},{\"@type\":\"Person\",\"@id\":\"https:\\\/\\\/redenoticiaz.com.br\\\/litoralsp\\\/#\\\/schema\\\/person\\\/0f0b8a5bdafefe82841e07ae8d81ecb3\",\"name\":\"Leonardo Francisco\",\"image\":{\"@type\":\"ImageObject\",\"inLanguage\":\"pt-BR\",\"@id\":\"https:\\\/\\\/secure.gravatar.com\\\/avatar\\\/a7358cb406a99b682ec6df1e77e31ae82e63601f6784e8a3df411d72b37864da?s=96&d=mm&r=g\",\"url\":\"https:\\\/\\\/secure.gravatar.com\\\/avatar\\\/a7358cb406a99b682ec6df1e77e31ae82e63601f6784e8a3df411d72b37864da?s=96&d=mm&r=g\",\"contentUrl\":\"https:\\\/\\\/secure.gravatar.com\\\/avatar\\\/a7358cb406a99b682ec6df1e77e31ae82e63601f6784e8a3df411d72b37864da?s=96&d=mm&r=g\",\"caption\":\"Leonardo Francisco\"},\"url\":\"https:\\\/\\\/redenoticiaz.com.br\\\/litoralsp\\\/author\\\/leonardo-francisco\"}]}<\/script>\n<!-- \/ Yoast SEO plugin. -->","yoast_head_json":{"title":"Liminar volta a liberar S\u00e3o Sebasti\u00e3o a trocar de empresa de \u00f4nibus - Litoral SP","description":"A novela da empresa respons\u00e1vel pelo transporte p\u00fablico de S\u00e3o Sebasti\u00e3o continua. O cap\u00edtulo da vez \u00e9 que a liminar que impedia","robots":{"index":"index","follow":"follow","max-snippet":"max-snippet:-1","max-image-preview":"max-image-preview:large","max-video-preview":"max-video-preview:-1"},"canonical":"https:\/\/redenoticiaz.com.br\/litoralsp\/2021\/06\/08\/liminar-volta-a-liberar-sao-sebastiao-a-trocar-de-empresa-de-onibus","og_locale":"pt_BR","og_type":"article","og_title":"Liminar volta a liberar S\u00e3o Sebasti\u00e3o a trocar de empresa de \u00f4nibus - Litoral SP","og_description":"A novela da empresa respons\u00e1vel pelo transporte p\u00fablico de S\u00e3o Sebasti\u00e3o continua. O cap\u00edtulo da vez \u00e9 que a liminar que impedia","og_url":"https:\/\/redenoticiaz.com.br\/litoralsp\/2021\/06\/08\/liminar-volta-a-liberar-sao-sebastiao-a-trocar-de-empresa-de-onibus","og_site_name":"Litoral SP","article_published_time":"2021-06-08T20:36:59+00:00","article_modified_time":"2021-06-08T20:37:17+00:00","og_image":[{"width":984,"height":656,"url":"https:\/\/redenoticiaz.com.br\/litoralsp\/wp-content\/uploads\/sites\/3\/2021\/06\/ecobus.jpg","type":"image\/jpeg"}],"author":"Leonardo Francisco","twitter_card":"summary_large_image","twitter_misc":{"Escrito por":"Leonardo Francisco","Est. tempo de leitura":"2 minutos"},"schema":{"@context":"https:\/\/schema.org","@graph":[{"@type":"Article","@id":"https:\/\/redenoticiaz.com.br\/litoralsp\/2021\/06\/08\/liminar-volta-a-liberar-sao-sebastiao-a-trocar-de-empresa-de-onibus#article","isPartOf":{"@id":"https:\/\/redenoticiaz.com.br\/litoralsp\/2021\/06\/08\/liminar-volta-a-liberar-sao-sebastiao-a-trocar-de-empresa-de-onibus"},"author":{"name":"Leonardo Francisco","@id":"https:\/\/redenoticiaz.com.br\/litoralsp\/#\/schema\/person\/0f0b8a5bdafefe82841e07ae8d81ecb3"},"headline":"Liminar volta a liberar S\u00e3o Sebasti\u00e3o a trocar de empresa de \u00f4nibus","datePublished":"2021-06-08T20:36:59+00:00","dateModified":"2021-06-08T20:37:17+00:00","mainEntityOfPage":{"@id":"https:\/\/redenoticiaz.com.br\/litoralsp\/2021\/06\/08\/liminar-volta-a-liberar-sao-sebastiao-a-trocar-de-empresa-de-onibus"},"wordCount":328,"commentCount":0,"publisher":{"@id":"https:\/\/redenoticiaz.com.br\/litoralsp\/#organization"},"image":{"@id":"https:\/\/redenoticiaz.com.br\/litoralsp\/2021\/06\/08\/liminar-volta-a-liberar-sao-sebastiao-a-trocar-de-empresa-de-onibus#primaryimage"},"thumbnailUrl":"https:\/\/redenoticiaz.com.br\/litoralsp\/wp-content\/uploads\/sites\/3\/2021\/06\/ecobus.jpg","keywords":["EMPRESA ECOBUS","LIMINAR","S\u00c3O SEBASTI\u00c7\u00c3O","SUPREMO TRIBUNAL DE JUSTI\u00c7A","TRANSPORTE P\u00daBLICO","TROCA DE EMPRESA"],"articleSection":["Justi\u00e7a","S\u00e3o Sebasti\u00e3o","Transportes"],"inLanguage":"pt-BR","potentialAction":[{"@type":"CommentAction","name":"Comment","target":["https:\/\/redenoticiaz.com.br\/litoralsp\/2021\/06\/08\/liminar-volta-a-liberar-sao-sebastiao-a-trocar-de-empresa-de-onibus#respond"]}]},{"@type":"WebPage","@id":"https:\/\/redenoticiaz.com.br\/litoralsp\/2021\/06\/08\/liminar-volta-a-liberar-sao-sebastiao-a-trocar-de-empresa-de-onibus","url":"https:\/\/redenoticiaz.com.br\/litoralsp\/2021\/06\/08\/liminar-volta-a-liberar-sao-sebastiao-a-trocar-de-empresa-de-onibus","name":"Liminar volta a liberar S\u00e3o Sebasti\u00e3o a trocar de empresa de \u00f4nibus - Litoral SP","isPartOf":{"@id":"https:\/\/redenoticiaz.com.br\/litoralsp\/#website"},"primaryImageOfPage":{"@id":"https:\/\/redenoticiaz.com.br\/litoralsp\/2021\/06\/08\/liminar-volta-a-liberar-sao-sebastiao-a-trocar-de-empresa-de-onibus#primaryimage"},"image":{"@id":"https:\/\/redenoticiaz.com.br\/litoralsp\/2021\/06\/08\/liminar-volta-a-liberar-sao-sebastiao-a-trocar-de-empresa-de-onibus#primaryimage"},"thumbnailUrl":"https:\/\/redenoticiaz.com.br\/litoralsp\/wp-content\/uploads\/sites\/3\/2021\/06\/ecobus.jpg","datePublished":"2021-06-08T20:36:59+00:00","dateModified":"2021-06-08T20:37:17+00:00","description":"A novela da empresa respons\u00e1vel pelo transporte p\u00fablico de S\u00e3o Sebasti\u00e3o continua. O cap\u00edtulo da vez \u00e9 que a liminar que impedia","inLanguage":"pt-BR","potentialAction":[{"@type":"ReadAction","target":["https:\/\/redenoticiaz.com.br\/litoralsp\/2021\/06\/08\/liminar-volta-a-liberar-sao-sebastiao-a-trocar-de-empresa-de-onibus"]}]},{"@type":"ImageObject","inLanguage":"pt-BR","@id":"https:\/\/redenoticiaz.com.br\/litoralsp\/2021\/06\/08\/liminar-volta-a-liberar-sao-sebastiao-a-trocar-de-empresa-de-onibus#primaryimage","url":"https:\/\/redenoticiaz.com.br\/litoralsp\/wp-content\/uploads\/sites\/3\/2021\/06\/ecobus.jpg","contentUrl":"https:\/\/redenoticiaz.com.br\/litoralsp\/wp-content\/uploads\/sites\/3\/2021\/06\/ecobus.jpg","width":984,"height":656,"caption":"A empresa garantiu que vai recorrer da decis\u00e3o."},{"@type":"WebSite","@id":"https:\/\/redenoticiaz.com.br\/litoralsp\/#website","url":"https:\/\/redenoticiaz.com.br\/litoralsp\/","name":"Litoral SP","description":"Rede NoticiaZ","publisher":{"@id":"https:\/\/redenoticiaz.com.br\/litoralsp\/#organization"},"potentialAction":[{"@type":"SearchAction","target":{"@type":"EntryPoint","urlTemplate":"https:\/\/redenoticiaz.com.br\/litoralsp\/?s={search_term_string}"},"query-input":{"@type":"PropertyValueSpecification","valueRequired":true,"valueName":"search_term_string"}}],"inLanguage":"pt-BR"},{"@type":"Organization","@id":"https:\/\/redenoticiaz.com.br\/litoralsp\/#organization","name":"Litoral SP","url":"https:\/\/redenoticiaz.com.br\/litoralsp\/","logo":{"@type":"ImageObject","inLanguage":"pt-BR","@id":"https:\/\/redenoticiaz.com.br\/litoralsp\/#\/schema\/logo\/image\/","url":"https:\/\/redenoticiaz.com.br\/litoralsp\/wp-content\/uploads\/sites\/3\/2020\/11\/logo.jpg","contentUrl":"https:\/\/redenoticiaz.com.br\/litoralsp\/wp-content\/uploads\/sites\/3\/2020\/11\/logo.jpg","width":400,"height":250,"caption":"Litoral SP"},"image":{"@id":"https:\/\/redenoticiaz.com.br\/litoralsp\/#\/schema\/logo\/image\/"}},{"@type":"Person","@id":"https:\/\/redenoticiaz.com.br\/litoralsp\/#\/schema\/person\/0f0b8a5bdafefe82841e07ae8d81ecb3","name":"Leonardo Francisco","image":{"@type":"ImageObject","inLanguage":"pt-BR","@id":"https:\/\/secure.gravatar.com\/avatar\/a7358cb406a99b682ec6df1e77e31ae82e63601f6784e8a3df411d72b37864da?s=96&d=mm&r=g","url":"https:\/\/secure.gravatar.com\/avatar\/a7358cb406a99b682ec6df1e77e31ae82e63601f6784e8a3df411d72b37864da?s=96&d=mm&r=g","contentUrl":"https:\/\/secure.gravatar.com\/avatar\/a7358cb406a99b682ec6df1e77e31ae82e63601f6784e8a3df411d72b37864da?s=96&d=mm&r=g","caption":"Leonardo Francisco"},"url":"https:\/\/redenoticiaz.com.br\/litoralsp\/author\/leonardo-francisco"}]}},"_links":{"self":[{"href":"https:\/\/redenoticiaz.com.br\/litoralsp\/wp-json\/wp\/v2\/posts\/9770","targetHints":{"allow":["GET"]}}],"collection":[{"href":"https:\/\/redenoticiaz.com.br\/litoralsp\/wp-json\/wp\/v2\/posts"}],"about":[{"href":"https:\/\/redenoticiaz.com.br\/litoralsp\/wp-json\/wp\/v2\/types\/post"}],"author":[{"embeddable":true,"href":"https:\/\/redenoticiaz.com.br\/litoralsp\/wp-json\/wp\/v2\/users\/6"}],"replies":[{"embeddable":true,"href":"https:\/\/redenoticiaz.com.br\/litoralsp\/wp-json\/wp\/v2\/comments?post=9770"}],"version-history":[{"count":1,"href":"https:\/\/redenoticiaz.com.br\/litoralsp\/wp-json\/wp\/v2\/posts\/9770\/revisions"}],"predecessor-version":[{"id":9772,"href":"https:\/\/redenoticiaz.com.br\/litoralsp\/wp-json\/wp\/v2\/posts\/9770\/revisions\/9772"}],"wp:featuredmedia":[{"embeddable":true,"href":"https:\/\/redenoticiaz.com.br\/litoralsp\/wp-json\/wp\/v2\/media\/9771"}],"wp:attachment":[{"href":"https:\/\/redenoticiaz.com.br\/litoralsp\/wp-json\/wp\/v2\/media?parent=9770"}],"wp:term":[{"taxonomy":"category","embeddable":true,"href":"https:\/\/redenoticiaz.com.br\/litoralsp\/wp-json\/wp\/v2\/categories?post=9770"},{"taxonomy":"post_tag","embeddable":true,"href":"https:\/\/redenoticiaz.com.br\/litoralsp\/wp-json\/wp\/v2\/tags?post=9770"}],"curies":[{"name":"wp","href":"https:\/\/api.w.org\/{rel}","templated":true}]}}