{"id":9773,"date":"2021-06-08T17:46:12","date_gmt":"2021-06-08T20:46:12","guid":{"rendered":"https:\/\/redenoticiaz.com.br\/litoralsp\/?p=9773"},"modified":"2021-06-08T17:47:03","modified_gmt":"2021-06-08T20:47:03","slug":"homem-troca-tiros-com-a-pm-e-morre-em-ubatuba","status":"publish","type":"post","link":"https:\/\/redenoticiaz.com.br\/litoralsp\/2021\/06\/08\/homem-troca-tiros-com-a-pm-e-morre-em-ubatuba","title":{"rendered":"Homem troca tiros com a PM e morre em Ubatuba"},"content":{"rendered":"<p>Nesta ter\u00e7a-feira (8) um homem foi morto ap\u00f3s <strong>troca de tiros<\/strong> com a Pol\u00edcia Militar, em <a href=\"https:\/\/www.ubatuba.sp.gov.br\/\">Ubatuba<\/a>. A Pol\u00edcia Civil explica que ele roubou um posto de combust\u00edveis e com a chegada dos policiais entrou em confronto. antes disso, o acusado feriu o frentista do local.<\/p>\n<p>O crime ocorreu no posto de combust\u00edveis do bairro Maranduba. Segundo informa\u00e7\u00f5es, o homem estava armado, rendeu o funcion\u00e1rio e levou seu celular e o dinheiro que estava no caixa. Na a\u00e7\u00e3o, ele fez dois disparos no estabelecimento e em um deles atingiu um dos frentistas de rasp\u00e3o.<\/p>\n<div class=\"mc-column content-text active-extra-styles \" data-block-type=\"unstyled\" data-block-weight=\"36\" data-block-id=\"3\">\n<p class=\"content-text__container \" data-track-category=\"Link no Texto\" data-track-links=\"\">Ap\u00f3s o crime, ele saiu em fuga, mas as v\u00edtimas conseguiram acionar a Pol\u00edcia Militar que encontrou o homem ainda na regi\u00e3o do estabelecimento, na rodovia Rio-Santos. O homem tentou fugir e houve troca de tiros. Na a\u00e7\u00e3o, ele foi alvejado quatro vezes, n\u00e3o resistiu e morreu no local. Com ele foram encontrados o celular e o dinheiro levados no crime.<\/p>\n<\/div>\n<div class=\"mc-column content-text active-extra-styles \" data-block-type=\"unstyled\" data-block-weight=\"27\" data-block-id=\"5\">\n<p class=\"content-text__container \" data-track-category=\"Link no Texto\" data-track-links=\"\">O frentista foi socorrido e passa bem. Na manh\u00e3 desta ter\u00e7a-feira ele estava prestando depoimento na delegacia. O suspeito n\u00e3o portava documentos e segue sem identifica\u00e7\u00e3o.<\/p>\n<p data-track-category=\"Link no Texto\" data-track-links=\"\"><strong>LEIA TAMB\u00c9M<\/strong><\/p>\n<p data-track-category=\"Link no Texto\" data-track-links=\"\"><a href=\"https:\/\/redenoticiaz.com.br\/litoralsp\/2021\/06\/07\/homens-sao-detidos-pela-policia-e-guarda-ambiental-de-sao-vicente\">Homens s\u00e3o detidos pela Pol\u00edcia e Guarda Ambiental de S\u00e3o Vicente<\/a><\/p>\n<\/div>\n","protected":false},"excerpt":{"rendered":"<p>Nesta ter\u00e7a-feira (8) um homem foi morto ap\u00f3s troca de tiros com a Pol\u00edcia Militar, em Ubatuba. A Pol\u00edcia Civil explica que ele roubou um posto de combust\u00edveis e com a chegada dos policiais entrou em confronto. antes disso, o acusado feriu o frentista do local. O crime ocorreu no posto de combust\u00edveis do bairro &hellip;<\/p>\n","protected":false},"author":6,"featured_media":9774,"comment_status":"open","ping_status":"closed","sticky":false,"template":"","format":"standard","meta":{"footnotes":""},"categories":[10,189],"tags":[24827,19061,1762,1766,5359,1333],"class_list":["post-9773","post","type-post","status-publish","format-standard","has-post-thumbnail","hentry","category-policia","category-ubatuba","tag-assalto-a-posto-de-combustiveis","tag-homem-morto","tag-policia-civil","tag-policia-militar","tag-troca-de-tiros","tag-ubatuba"],"yoast_head":"<!-- This site is optimized with the Yoast SEO plugin v27.5 - https:\/\/yoast.com\/product\/yoast-seo-wordpress\/ -->\n<title>Homem troca tiros com a PM e morre em Ubatuba - Litoral SP<\/title>\n<meta name=\"description\" content=\"Nesta ter\u00e7a-feira (8) um homem foi morto ap\u00f3s troca de tiros com a Pol\u00edcia Militar, em Ubatuba. A Pol\u00edcia Civil explica que\" \/>\n<meta name=\"robots\" content=\"index, follow, max-snippet:-1, max-image-preview:large, max-video-preview:-1\" \/>\n<link rel=\"canonical\" href=\"https:\/\/redenoticiaz.com.br\/litoralsp\/2021\/06\/08\/homem-troca-tiros-com-a-pm-e-morre-em-ubatuba\" \/>\n<meta property=\"og:locale\" content=\"pt_BR\" \/>\n<meta property=\"og:type\" content=\"article\" \/>\n<meta property=\"og:title\" content=\"Homem troca tiros com a PM e morre em Ubatuba - Litoral SP\" \/>\n<meta property=\"og:description\" content=\"Nesta ter\u00e7a-feira (8) um homem foi morto ap\u00f3s troca de tiros com a Pol\u00edcia Militar, em Ubatuba. A Pol\u00edcia Civil explica que\" \/>\n<meta property=\"og:url\" content=\"https:\/\/redenoticiaz.com.br\/litoralsp\/2021\/06\/08\/homem-troca-tiros-com-a-pm-e-morre-em-ubatuba\" \/>\n<meta property=\"og:site_name\" content=\"Litoral SP\" \/>\n<meta property=\"article:published_time\" content=\"2021-06-08T20:46:12+00:00\" \/>\n<meta property=\"article:modified_time\" content=\"2021-06-08T20:47:03+00:00\" \/>\n<meta property=\"og:image\" content=\"https:\/\/redenoticiaz.com.br\/litoralsp\/wp-content\/uploads\/sites\/3\/2021\/06\/civilubatuba_293479_orig-334748.jpg\" \/>\n\t<meta property=\"og:image:width\" content=\"837\" \/>\n\t<meta property=\"og:image:height\" content=\"500\" \/>\n\t<meta property=\"og:image:type\" content=\"image\/jpeg\" \/>\n<meta name=\"author\" content=\"Leonardo Francisco\" \/>\n<meta name=\"twitter:card\" content=\"summary_large_image\" \/>\n<meta name=\"twitter:label1\" content=\"Escrito por\" \/>\n\t<meta name=\"twitter:data1\" content=\"Leonardo Francisco\" \/>\n\t<meta name=\"twitter:label2\" content=\"Est. tempo de leitura\" \/>\n\t<meta name=\"twitter:data2\" content=\"1 minuto\" \/>\n<script type=\"application\/ld+json\" class=\"yoast-schema-graph\">{\"@context\":\"https:\\\/\\\/schema.org\",\"@graph\":[{\"@type\":\"Article\",\"@id\":\"https:\\\/\\\/redenoticiaz.com.br\\\/litoralsp\\\/2021\\\/06\\\/08\\\/homem-troca-tiros-com-a-pm-e-morre-em-ubatuba#article\",\"isPartOf\":{\"@id\":\"https:\\\/\\\/redenoticiaz.com.br\\\/litoralsp\\\/2021\\\/06\\\/08\\\/homem-troca-tiros-com-a-pm-e-morre-em-ubatuba\"},\"author\":{\"name\":\"Leonardo Francisco\",\"@id\":\"https:\\\/\\\/redenoticiaz.com.br\\\/litoralsp\\\/#\\\/schema\\\/person\\\/0f0b8a5bdafefe82841e07ae8d81ecb3\"},\"headline\":\"Homem troca tiros com a PM e morre em Ubatuba\",\"datePublished\":\"2021-06-08T20:46:12+00:00\",\"dateModified\":\"2021-06-08T20:47:03+00:00\",\"mainEntityOfPage\":{\"@id\":\"https:\\\/\\\/redenoticiaz.com.br\\\/litoralsp\\\/2021\\\/06\\\/08\\\/homem-troca-tiros-com-a-pm-e-morre-em-ubatuba\"},\"wordCount\":226,\"commentCount\":0,\"publisher\":{\"@id\":\"https:\\\/\\\/redenoticiaz.com.br\\\/litoralsp\\\/#organization\"},\"image\":{\"@id\":\"https:\\\/\\\/redenoticiaz.com.br\\\/litoralsp\\\/2021\\\/06\\\/08\\\/homem-troca-tiros-com-a-pm-e-morre-em-ubatuba#primaryimage\"},\"thumbnailUrl\":\"https:\\\/\\\/redenoticiaz.com.br\\\/litoralsp\\\/wp-content\\\/uploads\\\/sites\\\/3\\\/2021\\\/06\\\/civilubatuba_293479_orig-334748.jpg\",\"keywords\":[\"ASSALTO A POSTO DE COMBUST\u00cdVEIS\",\"HOMEM MORTO\",\"POL\u00cdCIA CIVIL\",\"policia militar\",\"TROCA DE TIROS\",\"UBATUBA\"],\"articleSection\":[\"Pol\u00edcia\",\"Ubatuba\"],\"inLanguage\":\"pt-BR\",\"potentialAction\":[{\"@type\":\"CommentAction\",\"name\":\"Comment\",\"target\":[\"https:\\\/\\\/redenoticiaz.com.br\\\/litoralsp\\\/2021\\\/06\\\/08\\\/homem-troca-tiros-com-a-pm-e-morre-em-ubatuba#respond\"]}]},{\"@type\":\"WebPage\",\"@id\":\"https:\\\/\\\/redenoticiaz.com.br\\\/litoralsp\\\/2021\\\/06\\\/08\\\/homem-troca-tiros-com-a-pm-e-morre-em-ubatuba\",\"url\":\"https:\\\/\\\/redenoticiaz.com.br\\\/litoralsp\\\/2021\\\/06\\\/08\\\/homem-troca-tiros-com-a-pm-e-morre-em-ubatuba\",\"name\":\"Homem troca tiros com a PM e morre em Ubatuba - Litoral SP\",\"isPartOf\":{\"@id\":\"https:\\\/\\\/redenoticiaz.com.br\\\/litoralsp\\\/#website\"},\"primaryImageOfPage\":{\"@id\":\"https:\\\/\\\/redenoticiaz.com.br\\\/litoralsp\\\/2021\\\/06\\\/08\\\/homem-troca-tiros-com-a-pm-e-morre-em-ubatuba#primaryimage\"},\"image\":{\"@id\":\"https:\\\/\\\/redenoticiaz.com.br\\\/litoralsp\\\/2021\\\/06\\\/08\\\/homem-troca-tiros-com-a-pm-e-morre-em-ubatuba#primaryimage\"},\"thumbnailUrl\":\"https:\\\/\\\/redenoticiaz.com.br\\\/litoralsp\\\/wp-content\\\/uploads\\\/sites\\\/3\\\/2021\\\/06\\\/civilubatuba_293479_orig-334748.jpg\",\"datePublished\":\"2021-06-08T20:46:12+00:00\",\"dateModified\":\"2021-06-08T20:47:03+00:00\",\"description\":\"Nesta ter\u00e7a-feira (8) um homem foi morto ap\u00f3s troca de tiros com a Pol\u00edcia Militar, em Ubatuba. A Pol\u00edcia Civil explica que\",\"inLanguage\":\"pt-BR\",\"potentialAction\":[{\"@type\":\"ReadAction\",\"target\":[\"https:\\\/\\\/redenoticiaz.com.br\\\/litoralsp\\\/2021\\\/06\\\/08\\\/homem-troca-tiros-com-a-pm-e-morre-em-ubatuba\"]}]},{\"@type\":\"ImageObject\",\"inLanguage\":\"pt-BR\",\"@id\":\"https:\\\/\\\/redenoticiaz.com.br\\\/litoralsp\\\/2021\\\/06\\\/08\\\/homem-troca-tiros-com-a-pm-e-morre-em-ubatuba#primaryimage\",\"url\":\"https:\\\/\\\/redenoticiaz.com.br\\\/litoralsp\\\/wp-content\\\/uploads\\\/sites\\\/3\\\/2021\\\/06\\\/civilubatuba_293479_orig-334748.jpg\",\"contentUrl\":\"https:\\\/\\\/redenoticiaz.com.br\\\/litoralsp\\\/wp-content\\\/uploads\\\/sites\\\/3\\\/2021\\\/06\\\/civilubatuba_293479_orig-334748.jpg\",\"width\":837,\"height\":500,\"caption\":\"Cr\u00e9ditos: Reprodu\u00e7\u00e3o\"},{\"@type\":\"WebSite\",\"@id\":\"https:\\\/\\\/redenoticiaz.com.br\\\/litoralsp\\\/#website\",\"url\":\"https:\\\/\\\/redenoticiaz.com.br\\\/litoralsp\\\/\",\"name\":\"Litoral SP\",\"description\":\"Rede NoticiaZ\",\"publisher\":{\"@id\":\"https:\\\/\\\/redenoticiaz.com.br\\\/litoralsp\\\/#organization\"},\"potentialAction\":[{\"@type\":\"SearchAction\",\"target\":{\"@type\":\"EntryPoint\",\"urlTemplate\":\"https:\\\/\\\/redenoticiaz.com.br\\\/litoralsp\\\/?s={search_term_string}\"},\"query-input\":{\"@type\":\"PropertyValueSpecification\",\"valueRequired\":true,\"valueName\":\"search_term_string\"}}],\"inLanguage\":\"pt-BR\"},{\"@type\":\"Organization\",\"@id\":\"https:\\\/\\\/redenoticiaz.com.br\\\/litoralsp\\\/#organization\",\"name\":\"Litoral SP\",\"url\":\"https:\\\/\\\/redenoticiaz.com.br\\\/litoralsp\\\/\",\"logo\":{\"@type\":\"ImageObject\",\"inLanguage\":\"pt-BR\",\"@id\":\"https:\\\/\\\/redenoticiaz.com.br\\\/litoralsp\\\/#\\\/schema\\\/logo\\\/image\\\/\",\"url\":\"https:\\\/\\\/redenoticiaz.com.br\\\/litoralsp\\\/wp-content\\\/uploads\\\/sites\\\/3\\\/2020\\\/11\\\/logo.jpg\",\"contentUrl\":\"https:\\\/\\\/redenoticiaz.com.br\\\/litoralsp\\\/wp-content\\\/uploads\\\/sites\\\/3\\\/2020\\\/11\\\/logo.jpg\",\"width\":400,\"height\":250,\"caption\":\"Litoral SP\"},\"image\":{\"@id\":\"https:\\\/\\\/redenoticiaz.com.br\\\/litoralsp\\\/#\\\/schema\\\/logo\\\/image\\\/\"}},{\"@type\":\"Person\",\"@id\":\"https:\\\/\\\/redenoticiaz.com.br\\\/litoralsp\\\/#\\\/schema\\\/person\\\/0f0b8a5bdafefe82841e07ae8d81ecb3\",\"name\":\"Leonardo Francisco\",\"image\":{\"@type\":\"ImageObject\",\"inLanguage\":\"pt-BR\",\"@id\":\"https:\\\/\\\/secure.gravatar.com\\\/avatar\\\/a7358cb406a99b682ec6df1e77e31ae82e63601f6784e8a3df411d72b37864da?s=96&d=mm&r=g\",\"url\":\"https:\\\/\\\/secure.gravatar.com\\\/avatar\\\/a7358cb406a99b682ec6df1e77e31ae82e63601f6784e8a3df411d72b37864da?s=96&d=mm&r=g\",\"contentUrl\":\"https:\\\/\\\/secure.gravatar.com\\\/avatar\\\/a7358cb406a99b682ec6df1e77e31ae82e63601f6784e8a3df411d72b37864da?s=96&d=mm&r=g\",\"caption\":\"Leonardo Francisco\"},\"url\":\"https:\\\/\\\/redenoticiaz.com.br\\\/litoralsp\\\/author\\\/leonardo-francisco\"}]}<\/script>\n<!-- \/ Yoast SEO plugin. -->","yoast_head_json":{"title":"Homem troca tiros com a PM e morre em Ubatuba - Litoral SP","description":"Nesta ter\u00e7a-feira (8) um homem foi morto ap\u00f3s troca de tiros com a Pol\u00edcia Militar, em Ubatuba. A Pol\u00edcia Civil explica que","robots":{"index":"index","follow":"follow","max-snippet":"max-snippet:-1","max-image-preview":"max-image-preview:large","max-video-preview":"max-video-preview:-1"},"canonical":"https:\/\/redenoticiaz.com.br\/litoralsp\/2021\/06\/08\/homem-troca-tiros-com-a-pm-e-morre-em-ubatuba","og_locale":"pt_BR","og_type":"article","og_title":"Homem troca tiros com a PM e morre em Ubatuba - Litoral SP","og_description":"Nesta ter\u00e7a-feira (8) um homem foi morto ap\u00f3s troca de tiros com a Pol\u00edcia Militar, em Ubatuba. A Pol\u00edcia Civil explica que","og_url":"https:\/\/redenoticiaz.com.br\/litoralsp\/2021\/06\/08\/homem-troca-tiros-com-a-pm-e-morre-em-ubatuba","og_site_name":"Litoral SP","article_published_time":"2021-06-08T20:46:12+00:00","article_modified_time":"2021-06-08T20:47:03+00:00","og_image":[{"width":837,"height":500,"url":"https:\/\/redenoticiaz.com.br\/litoralsp\/wp-content\/uploads\/sites\/3\/2021\/06\/civilubatuba_293479_orig-334748.jpg","type":"image\/jpeg"}],"author":"Leonardo Francisco","twitter_card":"summary_large_image","twitter_misc":{"Escrito por":"Leonardo Francisco","Est. tempo de leitura":"1 minuto"},"schema":{"@context":"https:\/\/schema.org","@graph":[{"@type":"Article","@id":"https:\/\/redenoticiaz.com.br\/litoralsp\/2021\/06\/08\/homem-troca-tiros-com-a-pm-e-morre-em-ubatuba#article","isPartOf":{"@id":"https:\/\/redenoticiaz.com.br\/litoralsp\/2021\/06\/08\/homem-troca-tiros-com-a-pm-e-morre-em-ubatuba"},"author":{"name":"Leonardo Francisco","@id":"https:\/\/redenoticiaz.com.br\/litoralsp\/#\/schema\/person\/0f0b8a5bdafefe82841e07ae8d81ecb3"},"headline":"Homem troca tiros com a PM e morre em Ubatuba","datePublished":"2021-06-08T20:46:12+00:00","dateModified":"2021-06-08T20:47:03+00:00","mainEntityOfPage":{"@id":"https:\/\/redenoticiaz.com.br\/litoralsp\/2021\/06\/08\/homem-troca-tiros-com-a-pm-e-morre-em-ubatuba"},"wordCount":226,"commentCount":0,"publisher":{"@id":"https:\/\/redenoticiaz.com.br\/litoralsp\/#organization"},"image":{"@id":"https:\/\/redenoticiaz.com.br\/litoralsp\/2021\/06\/08\/homem-troca-tiros-com-a-pm-e-morre-em-ubatuba#primaryimage"},"thumbnailUrl":"https:\/\/redenoticiaz.com.br\/litoralsp\/wp-content\/uploads\/sites\/3\/2021\/06\/civilubatuba_293479_orig-334748.jpg","keywords":["ASSALTO A POSTO DE COMBUST\u00cdVEIS","HOMEM MORTO","POL\u00cdCIA CIVIL","policia militar","TROCA DE TIROS","UBATUBA"],"articleSection":["Pol\u00edcia","Ubatuba"],"inLanguage":"pt-BR","potentialAction":[{"@type":"CommentAction","name":"Comment","target":["https:\/\/redenoticiaz.com.br\/litoralsp\/2021\/06\/08\/homem-troca-tiros-com-a-pm-e-morre-em-ubatuba#respond"]}]},{"@type":"WebPage","@id":"https:\/\/redenoticiaz.com.br\/litoralsp\/2021\/06\/08\/homem-troca-tiros-com-a-pm-e-morre-em-ubatuba","url":"https:\/\/redenoticiaz.com.br\/litoralsp\/2021\/06\/08\/homem-troca-tiros-com-a-pm-e-morre-em-ubatuba","name":"Homem troca tiros com a PM e morre em Ubatuba - Litoral SP","isPartOf":{"@id":"https:\/\/redenoticiaz.com.br\/litoralsp\/#website"},"primaryImageOfPage":{"@id":"https:\/\/redenoticiaz.com.br\/litoralsp\/2021\/06\/08\/homem-troca-tiros-com-a-pm-e-morre-em-ubatuba#primaryimage"},"image":{"@id":"https:\/\/redenoticiaz.com.br\/litoralsp\/2021\/06\/08\/homem-troca-tiros-com-a-pm-e-morre-em-ubatuba#primaryimage"},"thumbnailUrl":"https:\/\/redenoticiaz.com.br\/litoralsp\/wp-content\/uploads\/sites\/3\/2021\/06\/civilubatuba_293479_orig-334748.jpg","datePublished":"2021-06-08T20:46:12+00:00","dateModified":"2021-06-08T20:47:03+00:00","description":"Nesta ter\u00e7a-feira (8) um homem foi morto ap\u00f3s troca de tiros com a Pol\u00edcia Militar, em Ubatuba. A Pol\u00edcia Civil explica que","inLanguage":"pt-BR","potentialAction":[{"@type":"ReadAction","target":["https:\/\/redenoticiaz.com.br\/litoralsp\/2021\/06\/08\/homem-troca-tiros-com-a-pm-e-morre-em-ubatuba"]}]},{"@type":"ImageObject","inLanguage":"pt-BR","@id":"https:\/\/redenoticiaz.com.br\/litoralsp\/2021\/06\/08\/homem-troca-tiros-com-a-pm-e-morre-em-ubatuba#primaryimage","url":"https:\/\/redenoticiaz.com.br\/litoralsp\/wp-content\/uploads\/sites\/3\/2021\/06\/civilubatuba_293479_orig-334748.jpg","contentUrl":"https:\/\/redenoticiaz.com.br\/litoralsp\/wp-content\/uploads\/sites\/3\/2021\/06\/civilubatuba_293479_orig-334748.jpg","width":837,"height":500,"caption":"Cr\u00e9ditos: Reprodu\u00e7\u00e3o"},{"@type":"WebSite","@id":"https:\/\/redenoticiaz.com.br\/litoralsp\/#website","url":"https:\/\/redenoticiaz.com.br\/litoralsp\/","name":"Litoral SP","description":"Rede NoticiaZ","publisher":{"@id":"https:\/\/redenoticiaz.com.br\/litoralsp\/#organization"},"potentialAction":[{"@type":"SearchAction","target":{"@type":"EntryPoint","urlTemplate":"https:\/\/redenoticiaz.com.br\/litoralsp\/?s={search_term_string}"},"query-input":{"@type":"PropertyValueSpecification","valueRequired":true,"valueName":"search_term_string"}}],"inLanguage":"pt-BR"},{"@type":"Organization","@id":"https:\/\/redenoticiaz.com.br\/litoralsp\/#organization","name":"Litoral SP","url":"https:\/\/redenoticiaz.com.br\/litoralsp\/","logo":{"@type":"ImageObject","inLanguage":"pt-BR","@id":"https:\/\/redenoticiaz.com.br\/litoralsp\/#\/schema\/logo\/image\/","url":"https:\/\/redenoticiaz.com.br\/litoralsp\/wp-content\/uploads\/sites\/3\/2020\/11\/logo.jpg","contentUrl":"https:\/\/redenoticiaz.com.br\/litoralsp\/wp-content\/uploads\/sites\/3\/2020\/11\/logo.jpg","width":400,"height":250,"caption":"Litoral SP"},"image":{"@id":"https:\/\/redenoticiaz.com.br\/litoralsp\/#\/schema\/logo\/image\/"}},{"@type":"Person","@id":"https:\/\/redenoticiaz.com.br\/litoralsp\/#\/schema\/person\/0f0b8a5bdafefe82841e07ae8d81ecb3","name":"Leonardo Francisco","image":{"@type":"ImageObject","inLanguage":"pt-BR","@id":"https:\/\/secure.gravatar.com\/avatar\/a7358cb406a99b682ec6df1e77e31ae82e63601f6784e8a3df411d72b37864da?s=96&d=mm&r=g","url":"https:\/\/secure.gravatar.com\/avatar\/a7358cb406a99b682ec6df1e77e31ae82e63601f6784e8a3df411d72b37864da?s=96&d=mm&r=g","contentUrl":"https:\/\/secure.gravatar.com\/avatar\/a7358cb406a99b682ec6df1e77e31ae82e63601f6784e8a3df411d72b37864da?s=96&d=mm&r=g","caption":"Leonardo Francisco"},"url":"https:\/\/redenoticiaz.com.br\/litoralsp\/author\/leonardo-francisco"}]}},"_links":{"self":[{"href":"https:\/\/redenoticiaz.com.br\/litoralsp\/wp-json\/wp\/v2\/posts\/9773","targetHints":{"allow":["GET"]}}],"collection":[{"href":"https:\/\/redenoticiaz.com.br\/litoralsp\/wp-json\/wp\/v2\/posts"}],"about":[{"href":"https:\/\/redenoticiaz.com.br\/litoralsp\/wp-json\/wp\/v2\/types\/post"}],"author":[{"embeddable":true,"href":"https:\/\/redenoticiaz.com.br\/litoralsp\/wp-json\/wp\/v2\/users\/6"}],"replies":[{"embeddable":true,"href":"https:\/\/redenoticiaz.com.br\/litoralsp\/wp-json\/wp\/v2\/comments?post=9773"}],"version-history":[{"count":1,"href":"https:\/\/redenoticiaz.com.br\/litoralsp\/wp-json\/wp\/v2\/posts\/9773\/revisions"}],"predecessor-version":[{"id":9775,"href":"https:\/\/redenoticiaz.com.br\/litoralsp\/wp-json\/wp\/v2\/posts\/9773\/revisions\/9775"}],"wp:featuredmedia":[{"embeddable":true,"href":"https:\/\/redenoticiaz.com.br\/litoralsp\/wp-json\/wp\/v2\/media\/9774"}],"wp:attachment":[{"href":"https:\/\/redenoticiaz.com.br\/litoralsp\/wp-json\/wp\/v2\/media?parent=9773"}],"wp:term":[{"taxonomy":"category","embeddable":true,"href":"https:\/\/redenoticiaz.com.br\/litoralsp\/wp-json\/wp\/v2\/categories?post=9773"},{"taxonomy":"post_tag","embeddable":true,"href":"https:\/\/redenoticiaz.com.br\/litoralsp\/wp-json\/wp\/v2\/tags?post=9773"}],"curies":[{"name":"wp","href":"https:\/\/api.w.org\/{rel}","templated":true}]}}