{"id":97736,"date":"2022-12-27T08:23:50","date_gmt":"2022-12-27T11:23:50","guid":{"rendered":"https:\/\/redenoticiaz.com.br\/litoralsp\/?p=97736"},"modified":"2022-12-27T08:23:50","modified_gmt":"2022-12-27T11:23:50","slug":"quatro-veiculos-provocam-engavetamento-na-anchieta-e-deixam-17-pessoas-feridas","status":"publish","type":"post","link":"https:\/\/redenoticiaz.com.br\/litoralsp\/2022\/12\/27\/quatro-veiculos-provocam-engavetamento-na-anchieta-e-deixam-17-pessoas-feridas","title":{"rendered":"Quatro ve\u00edculos provocam engavetamento na Anchieta e deixam 17 pessoas feridas"},"content":{"rendered":"<div id=\"chunk-b92lh\">\n<div class=\"mc-column content-text active-extra-styles \" data-block-type=\"unstyled\" data-block-weight=\"39\" data-block-id=\"3\">\n<p class=\"content-text__container \" data-track-category=\"Link no Texto\" data-track-links=\"\">Que a segunda-feira (26) foi de muito movimento nas estradas que d\u00e3o acesso ao Litoral, em virtude do Ano Novo, n\u00e3o \u00e9 novidade. S\u00f3 que isto provocou um grave engavetamento envolvendo uma<strong> van, uma carreta e dois carros na Rodovia Anchieta<\/strong>, em Cubat\u00e3o. Por causa do acidente, 17 pessoas feridas e elas foram socorridas. Por enquanto n\u00e3o h\u00e1 informa\u00e7\u00f5es sobre o estado de sa\u00fade delas.<\/p>\n<p class=\"content-text__container \" data-track-category=\"Link no Texto\" data-track-links=\"\">Segundo informa\u00e7\u00f5es, o acidente ocorreu no Km 53,5 da Anchieta, sentido Litoral. Era por volta das 17h30, quando o engavetamento aconteceu. Uma v\u00edtima ficou presa nas ferragens, mas foi retirada \u00e0s 18h16.<\/p>\n<\/div>\n<\/div>\n<div class=\"wall protected-content\">\n<div id=\"chunk-510fo\">\n<div class=\"mc-column content-text active-extra-styles \" data-block-type=\"unstyled\" data-block-weight=\"30\" data-block-id=\"5\">\n<p class=\"content-text__container \" data-track-category=\"Link no Texto\" data-track-links=\"\">A faixa 2 chegou a ser interditado, mas o local foi liberado \u00e0s 19h38 e n\u00e3o h\u00e1 informa\u00e7\u00f5es sobre registro de congestionamento causado pelo acidente. A Pol\u00edcia Militar Rodovi\u00e1ria, o Corpo de Bombeiros e equipes da Ecovias realizaram o atendimento da ocorr\u00eancia.<\/p>\n<p data-track-category=\"Link no Texto\" data-track-links=\"\"><strong>LEIA TAMB\u00c9M<\/strong><\/p>\n<p data-track-category=\"Link no Texto\" data-track-links=\"\"><a href=\"https:\/\/redenoticiaz.com.br\/litoralsp\/2022\/12\/26\/cinco-pessoas-da-mesma-familia-morrem-afogados-em-rio\">Cinco pessoas da mesma fam\u00edlia morrem afogados em rio<\/a><\/p>\n<\/div>\n<\/div>\n<\/div>\n","protected":false},"excerpt":{"rendered":"<p>Que a segunda-feira (26) foi de muito movimento nas estradas que d\u00e3o acesso ao Litoral, em virtude do Ano Novo, n\u00e3o \u00e9 novidade. S\u00f3 que isto provocou um grave engavetamento envolvendo uma van, uma carreta e dois carros na Rodovia Anchieta, em Cubat\u00e3o. Por causa do acidente, 17 pessoas feridas e elas foram socorridas. Por &hellip;<\/p>\n","protected":false},"author":6,"featured_media":97737,"comment_status":"open","ping_status":"closed","sticky":false,"template":"","format":"standard","meta":{"footnotes":""},"categories":[186,5],"tags":[5316,1024,1480,1320,782,1607],"class_list":["post-97736","post","type-post","status-publish","format-standard","has-post-thumbnail","hentry","category-cubatao","category-transito","tag-corpo-de-bombeiros","tag-cubatao","tag-ecovias","tag-engavetamento","tag-policia-militar-rodoviaria","tag-rodovia-anchieta"],"yoast_head":"<!-- This site is optimized with the Yoast SEO plugin v27.4 - https:\/\/yoast.com\/product\/yoast-seo-wordpress\/ -->\n<title>Quatro ve\u00edculos provocam engavetamento na Anchieta e deixam 17 pessoas feridas - Litoral SP<\/title>\n<meta name=\"description\" content=\"n\u00e3o \u00e9 novidade. S\u00f3 que isto provocou um grave engavetamento envolvendo uma van, uma carreta e dois carros na Rodovia Anchieta, em\" \/>\n<meta name=\"robots\" content=\"index, follow, max-snippet:-1, max-image-preview:large, max-video-preview:-1\" \/>\n<link rel=\"canonical\" href=\"https:\/\/redenoticiaz.com.br\/litoralsp\/2022\/12\/27\/quatro-veiculos-provocam-engavetamento-na-anchieta-e-deixam-17-pessoas-feridas\" \/>\n<meta property=\"og:locale\" content=\"pt_BR\" \/>\n<meta property=\"og:type\" content=\"article\" \/>\n<meta property=\"og:title\" content=\"Quatro ve\u00edculos provocam engavetamento na Anchieta e deixam 17 pessoas feridas - Litoral SP\" \/>\n<meta property=\"og:description\" content=\"n\u00e3o \u00e9 novidade. S\u00f3 que isto provocou um grave engavetamento envolvendo uma van, uma carreta e dois carros na Rodovia Anchieta, em\" \/>\n<meta property=\"og:url\" content=\"https:\/\/redenoticiaz.com.br\/litoralsp\/2022\/12\/27\/quatro-veiculos-provocam-engavetamento-na-anchieta-e-deixam-17-pessoas-feridas\" \/>\n<meta property=\"og:site_name\" content=\"Litoral SP\" \/>\n<meta property=\"article:published_time\" content=\"2022-12-27T11:23:50+00:00\" \/>\n<meta property=\"og:image\" content=\"https:\/\/redenoticiaz.com.br\/litoralsp\/wp-content\/uploads\/sites\/3\/2022\/12\/ENGAVETAMENTO.jpg\" \/>\n\t<meta property=\"og:image:width\" content=\"556\" \/>\n\t<meta property=\"og:image:height\" content=\"402\" \/>\n\t<meta property=\"og:image:type\" content=\"image\/jpeg\" \/>\n<meta name=\"author\" content=\"Leonardo Francisco\" \/>\n<meta name=\"twitter:card\" content=\"summary_large_image\" \/>\n<meta name=\"twitter:label1\" content=\"Escrito por\" \/>\n\t<meta name=\"twitter:data1\" content=\"Leonardo Francisco\" \/>\n\t<meta name=\"twitter:label2\" content=\"Est. tempo de leitura\" \/>\n\t<meta name=\"twitter:data2\" content=\"1 minuto\" \/>\n<script type=\"application\/ld+json\" class=\"yoast-schema-graph\">{\"@context\":\"https:\\\/\\\/schema.org\",\"@graph\":[{\"@type\":\"Article\",\"@id\":\"https:\\\/\\\/redenoticiaz.com.br\\\/litoralsp\\\/2022\\\/12\\\/27\\\/quatro-veiculos-provocam-engavetamento-na-anchieta-e-deixam-17-pessoas-feridas#article\",\"isPartOf\":{\"@id\":\"https:\\\/\\\/redenoticiaz.com.br\\\/litoralsp\\\/2022\\\/12\\\/27\\\/quatro-veiculos-provocam-engavetamento-na-anchieta-e-deixam-17-pessoas-feridas\"},\"author\":{\"name\":\"Leonardo Francisco\",\"@id\":\"https:\\\/\\\/redenoticiaz.com.br\\\/litoralsp\\\/#\\\/schema\\\/person\\\/0f0b8a5bdafefe82841e07ae8d81ecb3\"},\"headline\":\"Quatro ve\u00edculos provocam engavetamento na Anchieta e deixam 17 pessoas feridas\",\"datePublished\":\"2022-12-27T11:23:50+00:00\",\"mainEntityOfPage\":{\"@id\":\"https:\\\/\\\/redenoticiaz.com.br\\\/litoralsp\\\/2022\\\/12\\\/27\\\/quatro-veiculos-provocam-engavetamento-na-anchieta-e-deixam-17-pessoas-feridas\"},\"wordCount\":171,\"commentCount\":0,\"publisher\":{\"@id\":\"https:\\\/\\\/redenoticiaz.com.br\\\/litoralsp\\\/#organization\"},\"image\":{\"@id\":\"https:\\\/\\\/redenoticiaz.com.br\\\/litoralsp\\\/2022\\\/12\\\/27\\\/quatro-veiculos-provocam-engavetamento-na-anchieta-e-deixam-17-pessoas-feridas#primaryimage\"},\"thumbnailUrl\":\"https:\\\/\\\/redenoticiaz.com.br\\\/litoralsp\\\/wp-content\\\/uploads\\\/sites\\\/3\\\/2022\\\/12\\\/ENGAVETAMENTO.jpg\",\"keywords\":[\"CORPO DE BOMBEIROS\",\"CUBAT\u00c3O\",\"ECOVIAS\",\"ENGAVETAMENTO\",\"Pol\u00edcia Militar Rodovi\u00e1ria\",\"RODOVIA ANCHIETA\"],\"articleSection\":[\"Cubat\u00e3o\",\"Tr\u00e2nsito\"],\"inLanguage\":\"pt-BR\",\"potentialAction\":[{\"@type\":\"CommentAction\",\"name\":\"Comment\",\"target\":[\"https:\\\/\\\/redenoticiaz.com.br\\\/litoralsp\\\/2022\\\/12\\\/27\\\/quatro-veiculos-provocam-engavetamento-na-anchieta-e-deixam-17-pessoas-feridas#respond\"]}]},{\"@type\":\"WebPage\",\"@id\":\"https:\\\/\\\/redenoticiaz.com.br\\\/litoralsp\\\/2022\\\/12\\\/27\\\/quatro-veiculos-provocam-engavetamento-na-anchieta-e-deixam-17-pessoas-feridas\",\"url\":\"https:\\\/\\\/redenoticiaz.com.br\\\/litoralsp\\\/2022\\\/12\\\/27\\\/quatro-veiculos-provocam-engavetamento-na-anchieta-e-deixam-17-pessoas-feridas\",\"name\":\"Quatro ve\u00edculos provocam engavetamento na Anchieta e deixam 17 pessoas feridas - Litoral SP\",\"isPartOf\":{\"@id\":\"https:\\\/\\\/redenoticiaz.com.br\\\/litoralsp\\\/#website\"},\"primaryImageOfPage\":{\"@id\":\"https:\\\/\\\/redenoticiaz.com.br\\\/litoralsp\\\/2022\\\/12\\\/27\\\/quatro-veiculos-provocam-engavetamento-na-anchieta-e-deixam-17-pessoas-feridas#primaryimage\"},\"image\":{\"@id\":\"https:\\\/\\\/redenoticiaz.com.br\\\/litoralsp\\\/2022\\\/12\\\/27\\\/quatro-veiculos-provocam-engavetamento-na-anchieta-e-deixam-17-pessoas-feridas#primaryimage\"},\"thumbnailUrl\":\"https:\\\/\\\/redenoticiaz.com.br\\\/litoralsp\\\/wp-content\\\/uploads\\\/sites\\\/3\\\/2022\\\/12\\\/ENGAVETAMENTO.jpg\",\"datePublished\":\"2022-12-27T11:23:50+00:00\",\"description\":\"n\u00e3o \u00e9 novidade. S\u00f3 que isto provocou um grave engavetamento envolvendo uma van, uma carreta e dois carros na Rodovia Anchieta, em\",\"inLanguage\":\"pt-BR\",\"potentialAction\":[{\"@type\":\"ReadAction\",\"target\":[\"https:\\\/\\\/redenoticiaz.com.br\\\/litoralsp\\\/2022\\\/12\\\/27\\\/quatro-veiculos-provocam-engavetamento-na-anchieta-e-deixam-17-pessoas-feridas\"]}]},{\"@type\":\"ImageObject\",\"inLanguage\":\"pt-BR\",\"@id\":\"https:\\\/\\\/redenoticiaz.com.br\\\/litoralsp\\\/2022\\\/12\\\/27\\\/quatro-veiculos-provocam-engavetamento-na-anchieta-e-deixam-17-pessoas-feridas#primaryimage\",\"url\":\"https:\\\/\\\/redenoticiaz.com.br\\\/litoralsp\\\/wp-content\\\/uploads\\\/sites\\\/3\\\/2022\\\/12\\\/ENGAVETAMENTO.jpg\",\"contentUrl\":\"https:\\\/\\\/redenoticiaz.com.br\\\/litoralsp\\\/wp-content\\\/uploads\\\/sites\\\/3\\\/2022\\\/12\\\/ENGAVETAMENTO.jpg\",\"width\":556,\"height\":402,\"caption\":\"Cr\u00e9ditos: Divulga\u00e7\u00e3o\\\/Artesp\"},{\"@type\":\"WebSite\",\"@id\":\"https:\\\/\\\/redenoticiaz.com.br\\\/litoralsp\\\/#website\",\"url\":\"https:\\\/\\\/redenoticiaz.com.br\\\/litoralsp\\\/\",\"name\":\"Litoral SP\",\"description\":\"Rede NoticiaZ\",\"publisher\":{\"@id\":\"https:\\\/\\\/redenoticiaz.com.br\\\/litoralsp\\\/#organization\"},\"potentialAction\":[{\"@type\":\"SearchAction\",\"target\":{\"@type\":\"EntryPoint\",\"urlTemplate\":\"https:\\\/\\\/redenoticiaz.com.br\\\/litoralsp\\\/?s={search_term_string}\"},\"query-input\":{\"@type\":\"PropertyValueSpecification\",\"valueRequired\":true,\"valueName\":\"search_term_string\"}}],\"inLanguage\":\"pt-BR\"},{\"@type\":\"Organization\",\"@id\":\"https:\\\/\\\/redenoticiaz.com.br\\\/litoralsp\\\/#organization\",\"name\":\"Litoral SP\",\"url\":\"https:\\\/\\\/redenoticiaz.com.br\\\/litoralsp\\\/\",\"logo\":{\"@type\":\"ImageObject\",\"inLanguage\":\"pt-BR\",\"@id\":\"https:\\\/\\\/redenoticiaz.com.br\\\/litoralsp\\\/#\\\/schema\\\/logo\\\/image\\\/\",\"url\":\"https:\\\/\\\/redenoticiaz.com.br\\\/litoralsp\\\/wp-content\\\/uploads\\\/sites\\\/3\\\/2020\\\/11\\\/logo.jpg\",\"contentUrl\":\"https:\\\/\\\/redenoticiaz.com.br\\\/litoralsp\\\/wp-content\\\/uploads\\\/sites\\\/3\\\/2020\\\/11\\\/logo.jpg\",\"width\":400,\"height\":250,\"caption\":\"Litoral SP\"},\"image\":{\"@id\":\"https:\\\/\\\/redenoticiaz.com.br\\\/litoralsp\\\/#\\\/schema\\\/logo\\\/image\\\/\"}},{\"@type\":\"Person\",\"@id\":\"https:\\\/\\\/redenoticiaz.com.br\\\/litoralsp\\\/#\\\/schema\\\/person\\\/0f0b8a5bdafefe82841e07ae8d81ecb3\",\"name\":\"Leonardo Francisco\",\"image\":{\"@type\":\"ImageObject\",\"inLanguage\":\"pt-BR\",\"@id\":\"https:\\\/\\\/secure.gravatar.com\\\/avatar\\\/a7358cb406a99b682ec6df1e77e31ae82e63601f6784e8a3df411d72b37864da?s=96&d=mm&r=g\",\"url\":\"https:\\\/\\\/secure.gravatar.com\\\/avatar\\\/a7358cb406a99b682ec6df1e77e31ae82e63601f6784e8a3df411d72b37864da?s=96&d=mm&r=g\",\"contentUrl\":\"https:\\\/\\\/secure.gravatar.com\\\/avatar\\\/a7358cb406a99b682ec6df1e77e31ae82e63601f6784e8a3df411d72b37864da?s=96&d=mm&r=g\",\"caption\":\"Leonardo Francisco\"},\"url\":\"https:\\\/\\\/redenoticiaz.com.br\\\/litoralsp\\\/author\\\/leonardo-francisco\"}]}<\/script>\n<!-- \/ Yoast SEO plugin. -->","yoast_head_json":{"title":"Quatro ve\u00edculos provocam engavetamento na Anchieta e deixam 17 pessoas feridas - Litoral SP","description":"n\u00e3o \u00e9 novidade. S\u00f3 que isto provocou um grave engavetamento envolvendo uma van, uma carreta e dois carros na Rodovia Anchieta, em","robots":{"index":"index","follow":"follow","max-snippet":"max-snippet:-1","max-image-preview":"max-image-preview:large","max-video-preview":"max-video-preview:-1"},"canonical":"https:\/\/redenoticiaz.com.br\/litoralsp\/2022\/12\/27\/quatro-veiculos-provocam-engavetamento-na-anchieta-e-deixam-17-pessoas-feridas","og_locale":"pt_BR","og_type":"article","og_title":"Quatro ve\u00edculos provocam engavetamento na Anchieta e deixam 17 pessoas feridas - Litoral SP","og_description":"n\u00e3o \u00e9 novidade. S\u00f3 que isto provocou um grave engavetamento envolvendo uma van, uma carreta e dois carros na Rodovia Anchieta, em","og_url":"https:\/\/redenoticiaz.com.br\/litoralsp\/2022\/12\/27\/quatro-veiculos-provocam-engavetamento-na-anchieta-e-deixam-17-pessoas-feridas","og_site_name":"Litoral SP","article_published_time":"2022-12-27T11:23:50+00:00","og_image":[{"width":556,"height":402,"url":"https:\/\/redenoticiaz.com.br\/litoralsp\/wp-content\/uploads\/sites\/3\/2022\/12\/ENGAVETAMENTO.jpg","type":"image\/jpeg"}],"author":"Leonardo Francisco","twitter_card":"summary_large_image","twitter_misc":{"Escrito por":"Leonardo Francisco","Est. tempo de leitura":"1 minuto"},"schema":{"@context":"https:\/\/schema.org","@graph":[{"@type":"Article","@id":"https:\/\/redenoticiaz.com.br\/litoralsp\/2022\/12\/27\/quatro-veiculos-provocam-engavetamento-na-anchieta-e-deixam-17-pessoas-feridas#article","isPartOf":{"@id":"https:\/\/redenoticiaz.com.br\/litoralsp\/2022\/12\/27\/quatro-veiculos-provocam-engavetamento-na-anchieta-e-deixam-17-pessoas-feridas"},"author":{"name":"Leonardo Francisco","@id":"https:\/\/redenoticiaz.com.br\/litoralsp\/#\/schema\/person\/0f0b8a5bdafefe82841e07ae8d81ecb3"},"headline":"Quatro ve\u00edculos provocam engavetamento na Anchieta e deixam 17 pessoas feridas","datePublished":"2022-12-27T11:23:50+00:00","mainEntityOfPage":{"@id":"https:\/\/redenoticiaz.com.br\/litoralsp\/2022\/12\/27\/quatro-veiculos-provocam-engavetamento-na-anchieta-e-deixam-17-pessoas-feridas"},"wordCount":171,"commentCount":0,"publisher":{"@id":"https:\/\/redenoticiaz.com.br\/litoralsp\/#organization"},"image":{"@id":"https:\/\/redenoticiaz.com.br\/litoralsp\/2022\/12\/27\/quatro-veiculos-provocam-engavetamento-na-anchieta-e-deixam-17-pessoas-feridas#primaryimage"},"thumbnailUrl":"https:\/\/redenoticiaz.com.br\/litoralsp\/wp-content\/uploads\/sites\/3\/2022\/12\/ENGAVETAMENTO.jpg","keywords":["CORPO DE BOMBEIROS","CUBAT\u00c3O","ECOVIAS","ENGAVETAMENTO","Pol\u00edcia Militar Rodovi\u00e1ria","RODOVIA ANCHIETA"],"articleSection":["Cubat\u00e3o","Tr\u00e2nsito"],"inLanguage":"pt-BR","potentialAction":[{"@type":"CommentAction","name":"Comment","target":["https:\/\/redenoticiaz.com.br\/litoralsp\/2022\/12\/27\/quatro-veiculos-provocam-engavetamento-na-anchieta-e-deixam-17-pessoas-feridas#respond"]}]},{"@type":"WebPage","@id":"https:\/\/redenoticiaz.com.br\/litoralsp\/2022\/12\/27\/quatro-veiculos-provocam-engavetamento-na-anchieta-e-deixam-17-pessoas-feridas","url":"https:\/\/redenoticiaz.com.br\/litoralsp\/2022\/12\/27\/quatro-veiculos-provocam-engavetamento-na-anchieta-e-deixam-17-pessoas-feridas","name":"Quatro ve\u00edculos provocam engavetamento na Anchieta e deixam 17 pessoas feridas - Litoral SP","isPartOf":{"@id":"https:\/\/redenoticiaz.com.br\/litoralsp\/#website"},"primaryImageOfPage":{"@id":"https:\/\/redenoticiaz.com.br\/litoralsp\/2022\/12\/27\/quatro-veiculos-provocam-engavetamento-na-anchieta-e-deixam-17-pessoas-feridas#primaryimage"},"image":{"@id":"https:\/\/redenoticiaz.com.br\/litoralsp\/2022\/12\/27\/quatro-veiculos-provocam-engavetamento-na-anchieta-e-deixam-17-pessoas-feridas#primaryimage"},"thumbnailUrl":"https:\/\/redenoticiaz.com.br\/litoralsp\/wp-content\/uploads\/sites\/3\/2022\/12\/ENGAVETAMENTO.jpg","datePublished":"2022-12-27T11:23:50+00:00","description":"n\u00e3o \u00e9 novidade. S\u00f3 que isto provocou um grave engavetamento envolvendo uma van, uma carreta e dois carros na Rodovia Anchieta, em","inLanguage":"pt-BR","potentialAction":[{"@type":"ReadAction","target":["https:\/\/redenoticiaz.com.br\/litoralsp\/2022\/12\/27\/quatro-veiculos-provocam-engavetamento-na-anchieta-e-deixam-17-pessoas-feridas"]}]},{"@type":"ImageObject","inLanguage":"pt-BR","@id":"https:\/\/redenoticiaz.com.br\/litoralsp\/2022\/12\/27\/quatro-veiculos-provocam-engavetamento-na-anchieta-e-deixam-17-pessoas-feridas#primaryimage","url":"https:\/\/redenoticiaz.com.br\/litoralsp\/wp-content\/uploads\/sites\/3\/2022\/12\/ENGAVETAMENTO.jpg","contentUrl":"https:\/\/redenoticiaz.com.br\/litoralsp\/wp-content\/uploads\/sites\/3\/2022\/12\/ENGAVETAMENTO.jpg","width":556,"height":402,"caption":"Cr\u00e9ditos: Divulga\u00e7\u00e3o\/Artesp"},{"@type":"WebSite","@id":"https:\/\/redenoticiaz.com.br\/litoralsp\/#website","url":"https:\/\/redenoticiaz.com.br\/litoralsp\/","name":"Litoral SP","description":"Rede NoticiaZ","publisher":{"@id":"https:\/\/redenoticiaz.com.br\/litoralsp\/#organization"},"potentialAction":[{"@type":"SearchAction","target":{"@type":"EntryPoint","urlTemplate":"https:\/\/redenoticiaz.com.br\/litoralsp\/?s={search_term_string}"},"query-input":{"@type":"PropertyValueSpecification","valueRequired":true,"valueName":"search_term_string"}}],"inLanguage":"pt-BR"},{"@type":"Organization","@id":"https:\/\/redenoticiaz.com.br\/litoralsp\/#organization","name":"Litoral SP","url":"https:\/\/redenoticiaz.com.br\/litoralsp\/","logo":{"@type":"ImageObject","inLanguage":"pt-BR","@id":"https:\/\/redenoticiaz.com.br\/litoralsp\/#\/schema\/logo\/image\/","url":"https:\/\/redenoticiaz.com.br\/litoralsp\/wp-content\/uploads\/sites\/3\/2020\/11\/logo.jpg","contentUrl":"https:\/\/redenoticiaz.com.br\/litoralsp\/wp-content\/uploads\/sites\/3\/2020\/11\/logo.jpg","width":400,"height":250,"caption":"Litoral SP"},"image":{"@id":"https:\/\/redenoticiaz.com.br\/litoralsp\/#\/schema\/logo\/image\/"}},{"@type":"Person","@id":"https:\/\/redenoticiaz.com.br\/litoralsp\/#\/schema\/person\/0f0b8a5bdafefe82841e07ae8d81ecb3","name":"Leonardo Francisco","image":{"@type":"ImageObject","inLanguage":"pt-BR","@id":"https:\/\/secure.gravatar.com\/avatar\/a7358cb406a99b682ec6df1e77e31ae82e63601f6784e8a3df411d72b37864da?s=96&d=mm&r=g","url":"https:\/\/secure.gravatar.com\/avatar\/a7358cb406a99b682ec6df1e77e31ae82e63601f6784e8a3df411d72b37864da?s=96&d=mm&r=g","contentUrl":"https:\/\/secure.gravatar.com\/avatar\/a7358cb406a99b682ec6df1e77e31ae82e63601f6784e8a3df411d72b37864da?s=96&d=mm&r=g","caption":"Leonardo Francisco"},"url":"https:\/\/redenoticiaz.com.br\/litoralsp\/author\/leonardo-francisco"}]}},"_links":{"self":[{"href":"https:\/\/redenoticiaz.com.br\/litoralsp\/wp-json\/wp\/v2\/posts\/97736","targetHints":{"allow":["GET"]}}],"collection":[{"href":"https:\/\/redenoticiaz.com.br\/litoralsp\/wp-json\/wp\/v2\/posts"}],"about":[{"href":"https:\/\/redenoticiaz.com.br\/litoralsp\/wp-json\/wp\/v2\/types\/post"}],"author":[{"embeddable":true,"href":"https:\/\/redenoticiaz.com.br\/litoralsp\/wp-json\/wp\/v2\/users\/6"}],"replies":[{"embeddable":true,"href":"https:\/\/redenoticiaz.com.br\/litoralsp\/wp-json\/wp\/v2\/comments?post=97736"}],"version-history":[{"count":1,"href":"https:\/\/redenoticiaz.com.br\/litoralsp\/wp-json\/wp\/v2\/posts\/97736\/revisions"}],"predecessor-version":[{"id":97738,"href":"https:\/\/redenoticiaz.com.br\/litoralsp\/wp-json\/wp\/v2\/posts\/97736\/revisions\/97738"}],"wp:featuredmedia":[{"embeddable":true,"href":"https:\/\/redenoticiaz.com.br\/litoralsp\/wp-json\/wp\/v2\/media\/97737"}],"wp:attachment":[{"href":"https:\/\/redenoticiaz.com.br\/litoralsp\/wp-json\/wp\/v2\/media?parent=97736"}],"wp:term":[{"taxonomy":"category","embeddable":true,"href":"https:\/\/redenoticiaz.com.br\/litoralsp\/wp-json\/wp\/v2\/categories?post=97736"},{"taxonomy":"post_tag","embeddable":true,"href":"https:\/\/redenoticiaz.com.br\/litoralsp\/wp-json\/wp\/v2\/tags?post=97736"}],"curies":[{"name":"wp","href":"https:\/\/api.w.org\/{rel}","templated":true}]}}