{"id":97754,"date":"2022-12-27T11:45:49","date_gmt":"2022-12-27T14:45:49","guid":{"rendered":"https:\/\/redenoticiaz.com.br\/litoralsp\/?p=97754"},"modified":"2022-12-27T11:45:49","modified_gmt":"2022-12-27T14:45:49","slug":"motociclista-desafia-policiais-ao-empinar-moto-na-descida-da-imigrantes","status":"publish","type":"post","link":"https:\/\/redenoticiaz.com.br\/litoralsp\/2022\/12\/27\/motociclista-desafia-policiais-ao-empinar-moto-na-descida-da-imigrantes","title":{"rendered":"Motociclista desafia policiais ao empinar moto na descida da Imigrantes"},"content":{"rendered":"<div id=\"chunk-6ibe1\">\n<div class=\"mc-column content-text active-extra-styles \" data-block-type=\"unstyled\" data-block-weight=\"46\" data-block-id=\"3\">\n<p class=\"content-text__container \" data-track-category=\"Link no Texto\" data-track-links=\"\">Um motociclista resolveu desafiar as autoridades policiais. Em plena descida da Rodovia dos Imigrantes, em Cubat\u00e3o, ele fez <strong>manobras arriscadas<\/strong> na descida da serra e c\u00e2meras da concession\u00e1ria Ecovias flagrou a cena, onde ele estava empinando a moto.<\/p>\n<\/div>\n<\/div>\n<div class=\"wall protected-content\">\n<div id=\"chunk-2bgp2\">\n<div class=\"mc-column content-text active-extra-styles \" data-block-type=\"unstyled\" data-block-weight=\"40\" data-block-id=\"4\">\n<p class=\"content-text__container \" data-track-category=\"Link no Texto\" data-track-links=\"\">Segundo a Pol\u00edcia Rodovi\u00e1ria houve bloqueio das duas pistas da Rodovia dos Imigrantes, na altura do km 57, no trecho conhecido como Pedra Cortada, em Cubat\u00e3o. Os motoristas n\u00e3o sabiam o que estava acontecendo e chegaram at\u00e9 a imaginar que houve tentativa de arrast\u00e3o.<\/p>\n<\/div>\n<\/div>\n<div id=\"chunk-bl9ao\">\n<div class=\"mc-column content-text active-extra-styles \" data-block-type=\"unstyled\" data-block-weight=\"43\" data-block-id=\"5\">\n<p class=\"content-text__container \" data-track-category=\"Link no Texto\" data-track-links=\"\">As c\u00e2meras de seguran\u00e7a da concession\u00e1ria identificaram uma moto descendo em alta velocidade, fazendo manobras perigosas, que estavam colocando em risco os demais motoristas. Por isso, os policiais rodovi\u00e1rios fizeram uma barreira para tentar conter o motociclista. O ve\u00edculo estava sem placa.<\/p>\n<div id=\"chunk-2eqln\">\n<div class=\"mc-column content-text active-extra-styles \" data-block-type=\"unstyled\" data-block-weight=\"26\" data-block-id=\"8\">\n<p class=\"content-text__container \" data-track-category=\"Link no Texto\" data-track-links=\"\">Segundo a pol\u00edcia, o motociclista pegou outros dois acessos, retornou na contram\u00e3o at\u00e9 acessar a rodovia Padre Manoel da N\u00f3brega, em dire\u00e7\u00e3o a S\u00e3o Vicente.<\/p>\n<\/div>\n<\/div>\n<div id=\"chunk-9p6da\">\n<div class=\"mc-column content-text active-extra-styles \" data-block-type=\"unstyled\" data-block-weight=\"42\" data-block-id=\"9\">\n<p class=\"content-text__container \" data-track-category=\"Link no Texto\" data-track-links=\"\">No Parque das Bandeiras, ainda de acordo com a pol\u00edcia, ele e a namorada compraram novos capacetes, colocaram a placa na moto e voltaram para a rodovia. Eles seguiam em dire\u00e7\u00e3o a S\u00e3o Paulo quando foram parados na pra\u00e7a da ped\u00e1gio.<\/p>\n<\/div>\n<\/div>\n<div id=\"chunk-b9ca0\">\n<div class=\"mc-column content-text active-extra-styles \" data-block-type=\"unstyled\" data-block-weight=\"35\" data-block-id=\"10\">\n<p class=\"content-text__container \" data-track-category=\"Link no Texto\" data-track-links=\"\">A Pol\u00edcia Rodovi\u00e1ria aplicou oito multas e levou o motociclista para a Delegacia. A moto foi avaliada pela pol\u00edcia em R$ 90 mil e foi apreendida. O homem assinou um termo administrativo e foi liberado.<\/p>\n<p data-track-category=\"Link no Texto\" data-track-links=\"\"><strong>LEIA TAMB\u00c9M<\/strong><\/p>\n<p data-track-category=\"Link no Texto\" data-track-links=\"\"><a href=\"https:\/\/redenoticiaz.com.br\/litoralsp\/2022\/12\/26\/comissao-especial-atraves-de-acoes-da-guarda-ambiental-de-praia-grande-intensifica-fiscalizacao\">Comiss\u00e3o Especial atrav\u00e9s de a\u00e7\u00f5es da Guarda Ambiental de Praia Grande intensifica fiscaliza\u00e7\u00e3o<\/a><\/p>\n<\/div>\n<\/div>\n<\/div>\n<\/div>\n<\/div>\n","protected":false},"excerpt":{"rendered":"<p>Um motociclista resolveu desafiar as autoridades policiais. Em plena descida da Rodovia dos Imigrantes, em Cubat\u00e3o, ele fez manobras arriscadas na descida da serra e c\u00e2meras da concession\u00e1ria Ecovias flagrou a cena, onde ele estava empinando a moto. Segundo a Pol\u00edcia Rodovi\u00e1ria houve bloqueio das duas pistas da Rodovia dos Imigrantes, na altura do km &hellip;<\/p>\n","protected":false},"author":6,"featured_media":97755,"comment_status":"open","ping_status":"closed","sticky":false,"template":"","format":"standard","meta":{"footnotes":""},"categories":[186,10,5],"tags":[1024,1480,62114,782,4038],"class_list":["post-97754","post","type-post","status-publish","format-standard","has-post-thumbnail","hentry","category-cubatao","category-policia","category-transito","tag-cubatao","tag-ecovias","tag-manobra-arriscada","tag-policia-militar-rodoviaria","tag-rodovia-dos-imigrantes"],"yoast_head":"<!-- This site is optimized with the Yoast SEO plugin v27.5 - https:\/\/yoast.com\/product\/yoast-seo-wordpress\/ -->\n<title>Motociclista desafia policiais ao empinar moto na descida da Imigrantes - Litoral SP<\/title>\n<meta name=\"description\" content=\"manobras arriscadas na descida da serra e c\u00e2meras da concession\u00e1ria Ecovias flagrou a cena, onde ele estava empinando a moto.\" \/>\n<meta name=\"robots\" content=\"index, follow, max-snippet:-1, max-image-preview:large, max-video-preview:-1\" \/>\n<link rel=\"canonical\" href=\"https:\/\/redenoticiaz.com.br\/litoralsp\/2022\/12\/27\/motociclista-desafia-policiais-ao-empinar-moto-na-descida-da-imigrantes\" \/>\n<meta property=\"og:locale\" content=\"pt_BR\" \/>\n<meta property=\"og:type\" content=\"article\" \/>\n<meta property=\"og:title\" content=\"Motociclista desafia policiais ao empinar moto na descida da Imigrantes - Litoral SP\" \/>\n<meta property=\"og:description\" content=\"manobras arriscadas na descida da serra e c\u00e2meras da concession\u00e1ria Ecovias flagrou a cena, onde ele estava empinando a moto.\" \/>\n<meta property=\"og:url\" content=\"https:\/\/redenoticiaz.com.br\/litoralsp\/2022\/12\/27\/motociclista-desafia-policiais-ao-empinar-moto-na-descida-da-imigrantes\" \/>\n<meta property=\"og:site_name\" content=\"Litoral SP\" \/>\n<meta property=\"article:published_time\" content=\"2022-12-27T14:45:49+00:00\" \/>\n<meta property=\"og:image\" content=\"https:\/\/redenoticiaz.com.br\/litoralsp\/wp-content\/uploads\/sites\/3\/2022\/12\/MANOBRA-IMIGRANTES.jpg\" \/>\n\t<meta property=\"og:image:width\" content=\"530\" \/>\n\t<meta property=\"og:image:height\" content=\"322\" \/>\n\t<meta property=\"og:image:type\" content=\"image\/jpeg\" \/>\n<meta name=\"author\" content=\"Leonardo Francisco\" \/>\n<meta name=\"twitter:card\" content=\"summary_large_image\" \/>\n<meta name=\"twitter:label1\" content=\"Escrito por\" \/>\n\t<meta name=\"twitter:data1\" content=\"Leonardo Francisco\" \/>\n\t<meta name=\"twitter:label2\" content=\"Est. tempo de leitura\" \/>\n\t<meta name=\"twitter:data2\" content=\"2 minutos\" \/>\n<script type=\"application\/ld+json\" class=\"yoast-schema-graph\">{\"@context\":\"https:\\\/\\\/schema.org\",\"@graph\":[{\"@type\":\"Article\",\"@id\":\"https:\\\/\\\/redenoticiaz.com.br\\\/litoralsp\\\/2022\\\/12\\\/27\\\/motociclista-desafia-policiais-ao-empinar-moto-na-descida-da-imigrantes#article\",\"isPartOf\":{\"@id\":\"https:\\\/\\\/redenoticiaz.com.br\\\/litoralsp\\\/2022\\\/12\\\/27\\\/motociclista-desafia-policiais-ao-empinar-moto-na-descida-da-imigrantes\"},\"author\":{\"name\":\"Leonardo Francisco\",\"@id\":\"https:\\\/\\\/redenoticiaz.com.br\\\/litoralsp\\\/#\\\/schema\\\/person\\\/0f0b8a5bdafefe82841e07ae8d81ecb3\"},\"headline\":\"Motociclista desafia policiais ao empinar moto na descida da Imigrantes\",\"datePublished\":\"2022-12-27T14:45:49+00:00\",\"mainEntityOfPage\":{\"@id\":\"https:\\\/\\\/redenoticiaz.com.br\\\/litoralsp\\\/2022\\\/12\\\/27\\\/motociclista-desafia-policiais-ao-empinar-moto-na-descida-da-imigrantes\"},\"wordCount\":279,\"commentCount\":0,\"publisher\":{\"@id\":\"https:\\\/\\\/redenoticiaz.com.br\\\/litoralsp\\\/#organization\"},\"image\":{\"@id\":\"https:\\\/\\\/redenoticiaz.com.br\\\/litoralsp\\\/2022\\\/12\\\/27\\\/motociclista-desafia-policiais-ao-empinar-moto-na-descida-da-imigrantes#primaryimage\"},\"thumbnailUrl\":\"https:\\\/\\\/redenoticiaz.com.br\\\/litoralsp\\\/wp-content\\\/uploads\\\/sites\\\/3\\\/2022\\\/12\\\/MANOBRA-IMIGRANTES.jpg\",\"keywords\":[\"CUBAT\u00c3O\",\"ECOVIAS\",\"MANOBRA ARRISCADA\",\"Pol\u00edcia Militar Rodovi\u00e1ria\",\"RODOVIA DOS IMIGRANTES\"],\"articleSection\":[\"Cubat\u00e3o\",\"Pol\u00edcia\",\"Tr\u00e2nsito\"],\"inLanguage\":\"pt-BR\",\"potentialAction\":[{\"@type\":\"CommentAction\",\"name\":\"Comment\",\"target\":[\"https:\\\/\\\/redenoticiaz.com.br\\\/litoralsp\\\/2022\\\/12\\\/27\\\/motociclista-desafia-policiais-ao-empinar-moto-na-descida-da-imigrantes#respond\"]}]},{\"@type\":\"WebPage\",\"@id\":\"https:\\\/\\\/redenoticiaz.com.br\\\/litoralsp\\\/2022\\\/12\\\/27\\\/motociclista-desafia-policiais-ao-empinar-moto-na-descida-da-imigrantes\",\"url\":\"https:\\\/\\\/redenoticiaz.com.br\\\/litoralsp\\\/2022\\\/12\\\/27\\\/motociclista-desafia-policiais-ao-empinar-moto-na-descida-da-imigrantes\",\"name\":\"Motociclista desafia policiais ao empinar moto na descida da Imigrantes - Litoral SP\",\"isPartOf\":{\"@id\":\"https:\\\/\\\/redenoticiaz.com.br\\\/litoralsp\\\/#website\"},\"primaryImageOfPage\":{\"@id\":\"https:\\\/\\\/redenoticiaz.com.br\\\/litoralsp\\\/2022\\\/12\\\/27\\\/motociclista-desafia-policiais-ao-empinar-moto-na-descida-da-imigrantes#primaryimage\"},\"image\":{\"@id\":\"https:\\\/\\\/redenoticiaz.com.br\\\/litoralsp\\\/2022\\\/12\\\/27\\\/motociclista-desafia-policiais-ao-empinar-moto-na-descida-da-imigrantes#primaryimage\"},\"thumbnailUrl\":\"https:\\\/\\\/redenoticiaz.com.br\\\/litoralsp\\\/wp-content\\\/uploads\\\/sites\\\/3\\\/2022\\\/12\\\/MANOBRA-IMIGRANTES.jpg\",\"datePublished\":\"2022-12-27T14:45:49+00:00\",\"description\":\"manobras arriscadas na descida da serra e c\u00e2meras da concession\u00e1ria Ecovias flagrou a cena, onde ele estava empinando a moto.\",\"inLanguage\":\"pt-BR\",\"potentialAction\":[{\"@type\":\"ReadAction\",\"target\":[\"https:\\\/\\\/redenoticiaz.com.br\\\/litoralsp\\\/2022\\\/12\\\/27\\\/motociclista-desafia-policiais-ao-empinar-moto-na-descida-da-imigrantes\"]}]},{\"@type\":\"ImageObject\",\"inLanguage\":\"pt-BR\",\"@id\":\"https:\\\/\\\/redenoticiaz.com.br\\\/litoralsp\\\/2022\\\/12\\\/27\\\/motociclista-desafia-policiais-ao-empinar-moto-na-descida-da-imigrantes#primaryimage\",\"url\":\"https:\\\/\\\/redenoticiaz.com.br\\\/litoralsp\\\/wp-content\\\/uploads\\\/sites\\\/3\\\/2022\\\/12\\\/MANOBRA-IMIGRANTES.jpg\",\"contentUrl\":\"https:\\\/\\\/redenoticiaz.com.br\\\/litoralsp\\\/wp-content\\\/uploads\\\/sites\\\/3\\\/2022\\\/12\\\/MANOBRA-IMIGRANTES.jpg\",\"width\":530,\"height\":322,\"caption\":\"Cr\u00e9ditos: Divulga\u00e7\u00e3o\\\/Ecovias\"},{\"@type\":\"WebSite\",\"@id\":\"https:\\\/\\\/redenoticiaz.com.br\\\/litoralsp\\\/#website\",\"url\":\"https:\\\/\\\/redenoticiaz.com.br\\\/litoralsp\\\/\",\"name\":\"Litoral SP\",\"description\":\"Rede NoticiaZ\",\"publisher\":{\"@id\":\"https:\\\/\\\/redenoticiaz.com.br\\\/litoralsp\\\/#organization\"},\"potentialAction\":[{\"@type\":\"SearchAction\",\"target\":{\"@type\":\"EntryPoint\",\"urlTemplate\":\"https:\\\/\\\/redenoticiaz.com.br\\\/litoralsp\\\/?s={search_term_string}\"},\"query-input\":{\"@type\":\"PropertyValueSpecification\",\"valueRequired\":true,\"valueName\":\"search_term_string\"}}],\"inLanguage\":\"pt-BR\"},{\"@type\":\"Organization\",\"@id\":\"https:\\\/\\\/redenoticiaz.com.br\\\/litoralsp\\\/#organization\",\"name\":\"Litoral SP\",\"url\":\"https:\\\/\\\/redenoticiaz.com.br\\\/litoralsp\\\/\",\"logo\":{\"@type\":\"ImageObject\",\"inLanguage\":\"pt-BR\",\"@id\":\"https:\\\/\\\/redenoticiaz.com.br\\\/litoralsp\\\/#\\\/schema\\\/logo\\\/image\\\/\",\"url\":\"https:\\\/\\\/redenoticiaz.com.br\\\/litoralsp\\\/wp-content\\\/uploads\\\/sites\\\/3\\\/2020\\\/11\\\/logo.jpg\",\"contentUrl\":\"https:\\\/\\\/redenoticiaz.com.br\\\/litoralsp\\\/wp-content\\\/uploads\\\/sites\\\/3\\\/2020\\\/11\\\/logo.jpg\",\"width\":400,\"height\":250,\"caption\":\"Litoral SP\"},\"image\":{\"@id\":\"https:\\\/\\\/redenoticiaz.com.br\\\/litoralsp\\\/#\\\/schema\\\/logo\\\/image\\\/\"}},{\"@type\":\"Person\",\"@id\":\"https:\\\/\\\/redenoticiaz.com.br\\\/litoralsp\\\/#\\\/schema\\\/person\\\/0f0b8a5bdafefe82841e07ae8d81ecb3\",\"name\":\"Leonardo Francisco\",\"image\":{\"@type\":\"ImageObject\",\"inLanguage\":\"pt-BR\",\"@id\":\"https:\\\/\\\/secure.gravatar.com\\\/avatar\\\/a7358cb406a99b682ec6df1e77e31ae82e63601f6784e8a3df411d72b37864da?s=96&d=mm&r=g\",\"url\":\"https:\\\/\\\/secure.gravatar.com\\\/avatar\\\/a7358cb406a99b682ec6df1e77e31ae82e63601f6784e8a3df411d72b37864da?s=96&d=mm&r=g\",\"contentUrl\":\"https:\\\/\\\/secure.gravatar.com\\\/avatar\\\/a7358cb406a99b682ec6df1e77e31ae82e63601f6784e8a3df411d72b37864da?s=96&d=mm&r=g\",\"caption\":\"Leonardo Francisco\"},\"url\":\"https:\\\/\\\/redenoticiaz.com.br\\\/litoralsp\\\/author\\\/leonardo-francisco\"}]}<\/script>\n<!-- \/ Yoast SEO plugin. -->","yoast_head_json":{"title":"Motociclista desafia policiais ao empinar moto na descida da Imigrantes - Litoral SP","description":"manobras arriscadas na descida da serra e c\u00e2meras da concession\u00e1ria Ecovias flagrou a cena, onde ele estava empinando a moto.","robots":{"index":"index","follow":"follow","max-snippet":"max-snippet:-1","max-image-preview":"max-image-preview:large","max-video-preview":"max-video-preview:-1"},"canonical":"https:\/\/redenoticiaz.com.br\/litoralsp\/2022\/12\/27\/motociclista-desafia-policiais-ao-empinar-moto-na-descida-da-imigrantes","og_locale":"pt_BR","og_type":"article","og_title":"Motociclista desafia policiais ao empinar moto na descida da Imigrantes - Litoral SP","og_description":"manobras arriscadas na descida da serra e c\u00e2meras da concession\u00e1ria Ecovias flagrou a cena, onde ele estava empinando a moto.","og_url":"https:\/\/redenoticiaz.com.br\/litoralsp\/2022\/12\/27\/motociclista-desafia-policiais-ao-empinar-moto-na-descida-da-imigrantes","og_site_name":"Litoral SP","article_published_time":"2022-12-27T14:45:49+00:00","og_image":[{"width":530,"height":322,"url":"https:\/\/redenoticiaz.com.br\/litoralsp\/wp-content\/uploads\/sites\/3\/2022\/12\/MANOBRA-IMIGRANTES.jpg","type":"image\/jpeg"}],"author":"Leonardo Francisco","twitter_card":"summary_large_image","twitter_misc":{"Escrito por":"Leonardo Francisco","Est. tempo de leitura":"2 minutos"},"schema":{"@context":"https:\/\/schema.org","@graph":[{"@type":"Article","@id":"https:\/\/redenoticiaz.com.br\/litoralsp\/2022\/12\/27\/motociclista-desafia-policiais-ao-empinar-moto-na-descida-da-imigrantes#article","isPartOf":{"@id":"https:\/\/redenoticiaz.com.br\/litoralsp\/2022\/12\/27\/motociclista-desafia-policiais-ao-empinar-moto-na-descida-da-imigrantes"},"author":{"name":"Leonardo Francisco","@id":"https:\/\/redenoticiaz.com.br\/litoralsp\/#\/schema\/person\/0f0b8a5bdafefe82841e07ae8d81ecb3"},"headline":"Motociclista desafia policiais ao empinar moto na descida da Imigrantes","datePublished":"2022-12-27T14:45:49+00:00","mainEntityOfPage":{"@id":"https:\/\/redenoticiaz.com.br\/litoralsp\/2022\/12\/27\/motociclista-desafia-policiais-ao-empinar-moto-na-descida-da-imigrantes"},"wordCount":279,"commentCount":0,"publisher":{"@id":"https:\/\/redenoticiaz.com.br\/litoralsp\/#organization"},"image":{"@id":"https:\/\/redenoticiaz.com.br\/litoralsp\/2022\/12\/27\/motociclista-desafia-policiais-ao-empinar-moto-na-descida-da-imigrantes#primaryimage"},"thumbnailUrl":"https:\/\/redenoticiaz.com.br\/litoralsp\/wp-content\/uploads\/sites\/3\/2022\/12\/MANOBRA-IMIGRANTES.jpg","keywords":["CUBAT\u00c3O","ECOVIAS","MANOBRA ARRISCADA","Pol\u00edcia Militar Rodovi\u00e1ria","RODOVIA DOS IMIGRANTES"],"articleSection":["Cubat\u00e3o","Pol\u00edcia","Tr\u00e2nsito"],"inLanguage":"pt-BR","potentialAction":[{"@type":"CommentAction","name":"Comment","target":["https:\/\/redenoticiaz.com.br\/litoralsp\/2022\/12\/27\/motociclista-desafia-policiais-ao-empinar-moto-na-descida-da-imigrantes#respond"]}]},{"@type":"WebPage","@id":"https:\/\/redenoticiaz.com.br\/litoralsp\/2022\/12\/27\/motociclista-desafia-policiais-ao-empinar-moto-na-descida-da-imigrantes","url":"https:\/\/redenoticiaz.com.br\/litoralsp\/2022\/12\/27\/motociclista-desafia-policiais-ao-empinar-moto-na-descida-da-imigrantes","name":"Motociclista desafia policiais ao empinar moto na descida da Imigrantes - Litoral SP","isPartOf":{"@id":"https:\/\/redenoticiaz.com.br\/litoralsp\/#website"},"primaryImageOfPage":{"@id":"https:\/\/redenoticiaz.com.br\/litoralsp\/2022\/12\/27\/motociclista-desafia-policiais-ao-empinar-moto-na-descida-da-imigrantes#primaryimage"},"image":{"@id":"https:\/\/redenoticiaz.com.br\/litoralsp\/2022\/12\/27\/motociclista-desafia-policiais-ao-empinar-moto-na-descida-da-imigrantes#primaryimage"},"thumbnailUrl":"https:\/\/redenoticiaz.com.br\/litoralsp\/wp-content\/uploads\/sites\/3\/2022\/12\/MANOBRA-IMIGRANTES.jpg","datePublished":"2022-12-27T14:45:49+00:00","description":"manobras arriscadas na descida da serra e c\u00e2meras da concession\u00e1ria Ecovias flagrou a cena, onde ele estava empinando a moto.","inLanguage":"pt-BR","potentialAction":[{"@type":"ReadAction","target":["https:\/\/redenoticiaz.com.br\/litoralsp\/2022\/12\/27\/motociclista-desafia-policiais-ao-empinar-moto-na-descida-da-imigrantes"]}]},{"@type":"ImageObject","inLanguage":"pt-BR","@id":"https:\/\/redenoticiaz.com.br\/litoralsp\/2022\/12\/27\/motociclista-desafia-policiais-ao-empinar-moto-na-descida-da-imigrantes#primaryimage","url":"https:\/\/redenoticiaz.com.br\/litoralsp\/wp-content\/uploads\/sites\/3\/2022\/12\/MANOBRA-IMIGRANTES.jpg","contentUrl":"https:\/\/redenoticiaz.com.br\/litoralsp\/wp-content\/uploads\/sites\/3\/2022\/12\/MANOBRA-IMIGRANTES.jpg","width":530,"height":322,"caption":"Cr\u00e9ditos: Divulga\u00e7\u00e3o\/Ecovias"},{"@type":"WebSite","@id":"https:\/\/redenoticiaz.com.br\/litoralsp\/#website","url":"https:\/\/redenoticiaz.com.br\/litoralsp\/","name":"Litoral SP","description":"Rede NoticiaZ","publisher":{"@id":"https:\/\/redenoticiaz.com.br\/litoralsp\/#organization"},"potentialAction":[{"@type":"SearchAction","target":{"@type":"EntryPoint","urlTemplate":"https:\/\/redenoticiaz.com.br\/litoralsp\/?s={search_term_string}"},"query-input":{"@type":"PropertyValueSpecification","valueRequired":true,"valueName":"search_term_string"}}],"inLanguage":"pt-BR"},{"@type":"Organization","@id":"https:\/\/redenoticiaz.com.br\/litoralsp\/#organization","name":"Litoral SP","url":"https:\/\/redenoticiaz.com.br\/litoralsp\/","logo":{"@type":"ImageObject","inLanguage":"pt-BR","@id":"https:\/\/redenoticiaz.com.br\/litoralsp\/#\/schema\/logo\/image\/","url":"https:\/\/redenoticiaz.com.br\/litoralsp\/wp-content\/uploads\/sites\/3\/2020\/11\/logo.jpg","contentUrl":"https:\/\/redenoticiaz.com.br\/litoralsp\/wp-content\/uploads\/sites\/3\/2020\/11\/logo.jpg","width":400,"height":250,"caption":"Litoral SP"},"image":{"@id":"https:\/\/redenoticiaz.com.br\/litoralsp\/#\/schema\/logo\/image\/"}},{"@type":"Person","@id":"https:\/\/redenoticiaz.com.br\/litoralsp\/#\/schema\/person\/0f0b8a5bdafefe82841e07ae8d81ecb3","name":"Leonardo Francisco","image":{"@type":"ImageObject","inLanguage":"pt-BR","@id":"https:\/\/secure.gravatar.com\/avatar\/a7358cb406a99b682ec6df1e77e31ae82e63601f6784e8a3df411d72b37864da?s=96&d=mm&r=g","url":"https:\/\/secure.gravatar.com\/avatar\/a7358cb406a99b682ec6df1e77e31ae82e63601f6784e8a3df411d72b37864da?s=96&d=mm&r=g","contentUrl":"https:\/\/secure.gravatar.com\/avatar\/a7358cb406a99b682ec6df1e77e31ae82e63601f6784e8a3df411d72b37864da?s=96&d=mm&r=g","caption":"Leonardo Francisco"},"url":"https:\/\/redenoticiaz.com.br\/litoralsp\/author\/leonardo-francisco"}]}},"_links":{"self":[{"href":"https:\/\/redenoticiaz.com.br\/litoralsp\/wp-json\/wp\/v2\/posts\/97754","targetHints":{"allow":["GET"]}}],"collection":[{"href":"https:\/\/redenoticiaz.com.br\/litoralsp\/wp-json\/wp\/v2\/posts"}],"about":[{"href":"https:\/\/redenoticiaz.com.br\/litoralsp\/wp-json\/wp\/v2\/types\/post"}],"author":[{"embeddable":true,"href":"https:\/\/redenoticiaz.com.br\/litoralsp\/wp-json\/wp\/v2\/users\/6"}],"replies":[{"embeddable":true,"href":"https:\/\/redenoticiaz.com.br\/litoralsp\/wp-json\/wp\/v2\/comments?post=97754"}],"version-history":[{"count":1,"href":"https:\/\/redenoticiaz.com.br\/litoralsp\/wp-json\/wp\/v2\/posts\/97754\/revisions"}],"predecessor-version":[{"id":97756,"href":"https:\/\/redenoticiaz.com.br\/litoralsp\/wp-json\/wp\/v2\/posts\/97754\/revisions\/97756"}],"wp:featuredmedia":[{"embeddable":true,"href":"https:\/\/redenoticiaz.com.br\/litoralsp\/wp-json\/wp\/v2\/media\/97755"}],"wp:attachment":[{"href":"https:\/\/redenoticiaz.com.br\/litoralsp\/wp-json\/wp\/v2\/media?parent=97754"}],"wp:term":[{"taxonomy":"category","embeddable":true,"href":"https:\/\/redenoticiaz.com.br\/litoralsp\/wp-json\/wp\/v2\/categories?post=97754"},{"taxonomy":"post_tag","embeddable":true,"href":"https:\/\/redenoticiaz.com.br\/litoralsp\/wp-json\/wp\/v2\/tags?post=97754"}],"curies":[{"name":"wp","href":"https:\/\/api.w.org\/{rel}","templated":true}]}}