{"id":97819,"date":"2022-12-31T16:00:26","date_gmt":"2022-12-31T19:00:26","guid":{"rendered":"https:\/\/redenoticiaz.com.br\/litoralsp\/?p=97819"},"modified":"2022-12-28T10:17:51","modified_gmt":"2022-12-28T13:17:51","slug":"ibge-83-dos-brasileiros-ja-responderam-ao-censo-2022","status":"publish","type":"post","link":"https:\/\/redenoticiaz.com.br\/litoralsp\/2022\/12\/31\/ibge-83-dos-brasileiros-ja-responderam-ao-censo-2022","title":{"rendered":"IBGE: 83% dos brasileiros j\u00e1 responderam ao Censo 2022"},"content":{"rendered":"<p>Balan\u00e7o divulgado\u00a0hoje\u00a0(27) pelo Instituto Brasileiro de Geografia e Estat\u00edstica (IBGE) aponta que mais de 178 milh\u00f5es de pessoas, o correspondente a 83% da popula\u00e7\u00e3o brasileira, j\u00e1 responderam ao Censo Demogr\u00e1fico 2022. A previs\u00e3o \u00e9 que a coleta dos dados termine em janeiro do ano que vem.<img decoding=\"async\" src=\"https:\/\/agenciabrasil.ebc.com.br\/ebc.png?id=1500119&amp;o=node\" \/><img decoding=\"async\" src=\"https:\/\/agenciabrasil.ebc.com.br\/ebc.gif?id=1500119&amp;o=node\" \/><\/p>\n<p>De acordo com o IBGE, em 4.163 dos 5.570 munic\u00edpios brasileiros, mais de 99% das pessoas j\u00e1 responderam \u00e0 pesquisa. Em 1.072 cidades, entre 90 e 98% dos habitantes participaram da coleta de dados. J\u00e1 em 226 munic\u00edpios, entre 80 e 89% das pessoas responderam ao Censo 2022. Em 101 cidades, o percentual de respostas \u00e9 de 50 a 79% da popula\u00e7\u00e3o e, em nove munic\u00edpios, o percentual foi at\u00e9 49% dos moradores.<\/p>\n<div class=\"dnd-widget-wrapper context-medio_4colunas type-image atom-align-left\">\n<div class=\"dnd-atom-rendered\">\n<div class=\"shadow overflow-hidden rounded-lg d-block zoom-on-hover-sm shadow-hover w-100\">Ainda de acordo com o diretor de pesquisas do IBGE, Cimar Azeredo durante apresenta\u00e7\u00e3o do balan\u00e7o do Censo 2022, no Museu do Manh\u00e3, no Rio de Janeiro &#8211; <strong>Tomaz Silva\/Ag\u00eancia Brasil<\/strong><\/div>\n<div><\/div>\n<\/div>\n<\/div>\n<p>Sendo assim, o diretor de pesquisas do IBGE, Cimar Azeredo, informou que os estados de Mato Grosso, Mato Grosso do Sul, Goi\u00e1s, Distrito Federal, S\u00e3o Paulo, Rio de Janeiro, Minas Gerais, Amap\u00e1, Rond\u00f4nia e Acre ainda t\u00eam um percentual importante de pessoas para serem recenseadas.<\/p>\n<p>\u201cO Nordeste est\u00e1 praticamente fechado, Santa Catarina est\u00e1 acima de 90%, Amazonas e Tocantins est\u00e3o bem avan\u00e7ados na coleta. Esse Censo tem tudo para ser o mais preciso que j\u00e1 fizemos at\u00e9\u00a0hoje, com ferramentas tecnol\u00f3gicas incr\u00edveis\u201d, disse Azeredo destacando que o problema mais grave desta edi\u00e7\u00e3o\u00a0foi a falta de recenseadores.<\/p>\n<p><strong>Leia mais<\/strong><\/p>\n<p style=\"text-align: left\"><a href=\"https:\/\/redenoticiaz.com.br\/blog\/2022\/12\/28\/mega-da-virada-vai-pagar-r-500-milhoes-diz-caixa\">Mega da Virada vai pagar R$ 500 milh\u00f5es, diz Caixa<\/a><\/p>\n","protected":false},"excerpt":{"rendered":"<p>Balan\u00e7o divulgado\u00a0hoje\u00a0(27) pelo Instituto Brasileiro de Geografia e Estat\u00edstica (IBGE) aponta que mais de 178 milh\u00f5es de pessoas, o correspondente a 83% da popula\u00e7\u00e3o brasileira, j\u00e1 responderam ao Censo Demogr\u00e1fico 2022. A previs\u00e3o \u00e9 que a coleta dos dados termine em janeiro do ano que vem. De acordo com o IBGE, em 4.163 dos 5.570 &hellip;<\/p>\n","protected":false},"author":12,"featured_media":97820,"comment_status":"open","ping_status":"closed","sticky":false,"template":"","format":"standard","meta":{"footnotes":""},"categories":[10278],"tags":[107,62142,5216,3089,2151,17672,33740,167,5661,65],"class_list":["post-97819","post","type-post","status-publish","format-standard","has-post-thumbnail","hentry","category-cidadania","tag-amapa","tag-brasileiro-de-geografia-e-estatistica","tag-distrito-federal","tag-goias","tag-ibge","tag-mato-grosso","tag-mato-grosso-do-sul","tag-minas-gerais","tag-rio-de-janeiro","tag-sao-paulo"],"yoast_head":"<!-- This site is optimized with the Yoast SEO plugin v27.4 - https:\/\/yoast.com\/product\/yoast-seo-wordpress\/ -->\n<title>IBGE: 83% dos brasileiros j\u00e1 responderam ao Censo 2022 - Litoral SP<\/title>\n<meta name=\"description\" content=\"Balan\u00e7o divulgado\u00a0hoje\u00a0(27) pelo Instituto Brasileiro de Geografia e Estat\u00edstica (IBGE) aponta que mais de 178 milh\u00f5es de pessoas\" \/>\n<meta name=\"robots\" content=\"index, follow, max-snippet:-1, max-image-preview:large, max-video-preview:-1\" \/>\n<link rel=\"canonical\" href=\"https:\/\/redenoticiaz.com.br\/litoralsp\/2022\/12\/31\/ibge-83-dos-brasileiros-ja-responderam-ao-censo-2022\" \/>\n<meta property=\"og:locale\" content=\"pt_BR\" \/>\n<meta property=\"og:type\" content=\"article\" \/>\n<meta property=\"og:title\" content=\"IBGE: 83% dos brasileiros j\u00e1 responderam ao Censo 2022 - Litoral SP\" \/>\n<meta property=\"og:description\" content=\"Balan\u00e7o divulgado\u00a0hoje\u00a0(27) pelo Instituto Brasileiro de Geografia e Estat\u00edstica (IBGE) aponta que mais de 178 milh\u00f5es de pessoas\" \/>\n<meta property=\"og:url\" content=\"https:\/\/redenoticiaz.com.br\/litoralsp\/2022\/12\/31\/ibge-83-dos-brasileiros-ja-responderam-ao-censo-2022\" \/>\n<meta property=\"og:site_name\" content=\"Litoral SP\" \/>\n<meta property=\"article:published_time\" content=\"2022-12-31T19:00:26+00:00\" \/>\n<meta property=\"og:image\" content=\"https:\/\/redenoticiaz.com.br\/litoralsp\/wp-content\/uploads\/sites\/3\/2022\/12\/trbr8890.jpg?v=1672233348\" \/>\n\t<meta property=\"og:image:width\" content=\"1170\" \/>\n\t<meta property=\"og:image:height\" content=\"700\" \/>\n\t<meta property=\"og:image:type\" content=\"image\/jpeg\" \/>\n<meta name=\"author\" content=\"Gustavo Silva\" \/>\n<meta name=\"twitter:card\" content=\"summary_large_image\" \/>\n<meta name=\"twitter:label1\" content=\"Escrito por\" \/>\n\t<meta name=\"twitter:data1\" content=\"Gustavo Silva\" \/>\n\t<meta name=\"twitter:label2\" content=\"Est. tempo de leitura\" \/>\n\t<meta name=\"twitter:data2\" content=\"2 minutos\" \/>\n<script type=\"application\/ld+json\" class=\"yoast-schema-graph\">{\"@context\":\"https:\\\/\\\/schema.org\",\"@graph\":[{\"@type\":\"Article\",\"@id\":\"https:\\\/\\\/redenoticiaz.com.br\\\/litoralsp\\\/2022\\\/12\\\/31\\\/ibge-83-dos-brasileiros-ja-responderam-ao-censo-2022#article\",\"isPartOf\":{\"@id\":\"https:\\\/\\\/redenoticiaz.com.br\\\/litoralsp\\\/2022\\\/12\\\/31\\\/ibge-83-dos-brasileiros-ja-responderam-ao-censo-2022\"},\"author\":{\"name\":\"Gustavo Silva\",\"@id\":\"https:\\\/\\\/redenoticiaz.com.br\\\/litoralsp\\\/#\\\/schema\\\/person\\\/16057b37a3c0ee6b096d7f887c566e2e\"},\"headline\":\"IBGE: 83% dos brasileiros j\u00e1 responderam ao Censo 2022\",\"datePublished\":\"2022-12-31T19:00:26+00:00\",\"mainEntityOfPage\":{\"@id\":\"https:\\\/\\\/redenoticiaz.com.br\\\/litoralsp\\\/2022\\\/12\\\/31\\\/ibge-83-dos-brasileiros-ja-responderam-ao-censo-2022\"},\"wordCount\":268,\"commentCount\":0,\"publisher\":{\"@id\":\"https:\\\/\\\/redenoticiaz.com.br\\\/litoralsp\\\/#organization\"},\"image\":{\"@id\":\"https:\\\/\\\/redenoticiaz.com.br\\\/litoralsp\\\/2022\\\/12\\\/31\\\/ibge-83-dos-brasileiros-ja-responderam-ao-censo-2022#primaryimage\"},\"thumbnailUrl\":\"https:\\\/\\\/redenoticiaz.com.br\\\/litoralsp\\\/wp-content\\\/uploads\\\/sites\\\/3\\\/2022\\\/12\\\/trbr8890.jpg?v=1672233348\",\"keywords\":[\"AMAP\u00c1\",\"Brasileiro de Geografia e Estat\u00edstica\",\"DISTRITO FEDERAL\",\"GOI\u00c1S\",\"IBGE\",\"MATO GROSSO\",\"MATO GROSSO DO SUL\",\"MINAS GERAIS\",\"Rio de Janeiro\",\"S\u00e3o Paulo\"],\"articleSection\":[\"Cidadania\"],\"inLanguage\":\"pt-BR\",\"potentialAction\":[{\"@type\":\"CommentAction\",\"name\":\"Comment\",\"target\":[\"https:\\\/\\\/redenoticiaz.com.br\\\/litoralsp\\\/2022\\\/12\\\/31\\\/ibge-83-dos-brasileiros-ja-responderam-ao-censo-2022#respond\"]}]},{\"@type\":\"WebPage\",\"@id\":\"https:\\\/\\\/redenoticiaz.com.br\\\/litoralsp\\\/2022\\\/12\\\/31\\\/ibge-83-dos-brasileiros-ja-responderam-ao-censo-2022\",\"url\":\"https:\\\/\\\/redenoticiaz.com.br\\\/litoralsp\\\/2022\\\/12\\\/31\\\/ibge-83-dos-brasileiros-ja-responderam-ao-censo-2022\",\"name\":\"IBGE: 83% dos brasileiros j\u00e1 responderam ao Censo 2022 - Litoral SP\",\"isPartOf\":{\"@id\":\"https:\\\/\\\/redenoticiaz.com.br\\\/litoralsp\\\/#website\"},\"primaryImageOfPage\":{\"@id\":\"https:\\\/\\\/redenoticiaz.com.br\\\/litoralsp\\\/2022\\\/12\\\/31\\\/ibge-83-dos-brasileiros-ja-responderam-ao-censo-2022#primaryimage\"},\"image\":{\"@id\":\"https:\\\/\\\/redenoticiaz.com.br\\\/litoralsp\\\/2022\\\/12\\\/31\\\/ibge-83-dos-brasileiros-ja-responderam-ao-censo-2022#primaryimage\"},\"thumbnailUrl\":\"https:\\\/\\\/redenoticiaz.com.br\\\/litoralsp\\\/wp-content\\\/uploads\\\/sites\\\/3\\\/2022\\\/12\\\/trbr8890.jpg?v=1672233348\",\"datePublished\":\"2022-12-31T19:00:26+00:00\",\"description\":\"Balan\u00e7o divulgado\u00a0hoje\u00a0(27) pelo Instituto Brasileiro de Geografia e Estat\u00edstica (IBGE) aponta que mais de 178 milh\u00f5es de pessoas\",\"inLanguage\":\"pt-BR\",\"potentialAction\":[{\"@type\":\"ReadAction\",\"target\":[\"https:\\\/\\\/redenoticiaz.com.br\\\/litoralsp\\\/2022\\\/12\\\/31\\\/ibge-83-dos-brasileiros-ja-responderam-ao-censo-2022\"]}]},{\"@type\":\"ImageObject\",\"inLanguage\":\"pt-BR\",\"@id\":\"https:\\\/\\\/redenoticiaz.com.br\\\/litoralsp\\\/2022\\\/12\\\/31\\\/ibge-83-dos-brasileiros-ja-responderam-ao-censo-2022#primaryimage\",\"url\":\"https:\\\/\\\/redenoticiaz.com.br\\\/litoralsp\\\/wp-content\\\/uploads\\\/sites\\\/3\\\/2022\\\/12\\\/trbr8890.jpg?v=1672233348\",\"contentUrl\":\"https:\\\/\\\/redenoticiaz.com.br\\\/litoralsp\\\/wp-content\\\/uploads\\\/sites\\\/3\\\/2022\\\/12\\\/trbr8890.jpg?v=1672233348\",\"width\":1170,\"height\":700,\"caption\":\"IBGE: 83% dos brasileiros j\u00e1 responderam ao Censo 2022\"},{\"@type\":\"WebSite\",\"@id\":\"https:\\\/\\\/redenoticiaz.com.br\\\/litoralsp\\\/#website\",\"url\":\"https:\\\/\\\/redenoticiaz.com.br\\\/litoralsp\\\/\",\"name\":\"Litoral SP\",\"description\":\"Rede NoticiaZ\",\"publisher\":{\"@id\":\"https:\\\/\\\/redenoticiaz.com.br\\\/litoralsp\\\/#organization\"},\"potentialAction\":[{\"@type\":\"SearchAction\",\"target\":{\"@type\":\"EntryPoint\",\"urlTemplate\":\"https:\\\/\\\/redenoticiaz.com.br\\\/litoralsp\\\/?s={search_term_string}\"},\"query-input\":{\"@type\":\"PropertyValueSpecification\",\"valueRequired\":true,\"valueName\":\"search_term_string\"}}],\"inLanguage\":\"pt-BR\"},{\"@type\":\"Organization\",\"@id\":\"https:\\\/\\\/redenoticiaz.com.br\\\/litoralsp\\\/#organization\",\"name\":\"Litoral SP\",\"url\":\"https:\\\/\\\/redenoticiaz.com.br\\\/litoralsp\\\/\",\"logo\":{\"@type\":\"ImageObject\",\"inLanguage\":\"pt-BR\",\"@id\":\"https:\\\/\\\/redenoticiaz.com.br\\\/litoralsp\\\/#\\\/schema\\\/logo\\\/image\\\/\",\"url\":\"https:\\\/\\\/redenoticiaz.com.br\\\/litoralsp\\\/wp-content\\\/uploads\\\/sites\\\/3\\\/2020\\\/11\\\/logo.jpg\",\"contentUrl\":\"https:\\\/\\\/redenoticiaz.com.br\\\/litoralsp\\\/wp-content\\\/uploads\\\/sites\\\/3\\\/2020\\\/11\\\/logo.jpg\",\"width\":400,\"height\":250,\"caption\":\"Litoral SP\"},\"image\":{\"@id\":\"https:\\\/\\\/redenoticiaz.com.br\\\/litoralsp\\\/#\\\/schema\\\/logo\\\/image\\\/\"}},{\"@type\":\"Person\",\"@id\":\"https:\\\/\\\/redenoticiaz.com.br\\\/litoralsp\\\/#\\\/schema\\\/person\\\/16057b37a3c0ee6b096d7f887c566e2e\",\"name\":\"Gustavo Silva\",\"image\":{\"@type\":\"ImageObject\",\"inLanguage\":\"pt-BR\",\"@id\":\"https:\\\/\\\/secure.gravatar.com\\\/avatar\\\/3ee4e82f93b26de0a7cf4ea5eb7893da637ed6bb0c9170c58065944c56e28a33?s=96&d=mm&r=g\",\"url\":\"https:\\\/\\\/secure.gravatar.com\\\/avatar\\\/3ee4e82f93b26de0a7cf4ea5eb7893da637ed6bb0c9170c58065944c56e28a33?s=96&d=mm&r=g\",\"contentUrl\":\"https:\\\/\\\/secure.gravatar.com\\\/avatar\\\/3ee4e82f93b26de0a7cf4ea5eb7893da637ed6bb0c9170c58065944c56e28a33?s=96&d=mm&r=g\",\"caption\":\"Gustavo Silva\"},\"url\":\"https:\\\/\\\/redenoticiaz.com.br\\\/litoralsp\\\/author\\\/gustavosilva\"}]}<\/script>\n<!-- \/ Yoast SEO plugin. -->","yoast_head_json":{"title":"IBGE: 83% dos brasileiros j\u00e1 responderam ao Censo 2022 - Litoral SP","description":"Balan\u00e7o divulgado\u00a0hoje\u00a0(27) pelo Instituto Brasileiro de Geografia e Estat\u00edstica (IBGE) aponta que mais de 178 milh\u00f5es de pessoas","robots":{"index":"index","follow":"follow","max-snippet":"max-snippet:-1","max-image-preview":"max-image-preview:large","max-video-preview":"max-video-preview:-1"},"canonical":"https:\/\/redenoticiaz.com.br\/litoralsp\/2022\/12\/31\/ibge-83-dos-brasileiros-ja-responderam-ao-censo-2022","og_locale":"pt_BR","og_type":"article","og_title":"IBGE: 83% dos brasileiros j\u00e1 responderam ao Censo 2022 - Litoral SP","og_description":"Balan\u00e7o divulgado\u00a0hoje\u00a0(27) pelo Instituto Brasileiro de Geografia e Estat\u00edstica (IBGE) aponta que mais de 178 milh\u00f5es de pessoas","og_url":"https:\/\/redenoticiaz.com.br\/litoralsp\/2022\/12\/31\/ibge-83-dos-brasileiros-ja-responderam-ao-censo-2022","og_site_name":"Litoral SP","article_published_time":"2022-12-31T19:00:26+00:00","og_image":[{"width":1170,"height":700,"url":"https:\/\/redenoticiaz.com.br\/litoralsp\/wp-content\/uploads\/sites\/3\/2022\/12\/trbr8890.jpg?v=1672233348","type":"image\/jpeg"}],"author":"Gustavo Silva","twitter_card":"summary_large_image","twitter_misc":{"Escrito por":"Gustavo Silva","Est. tempo de leitura":"2 minutos"},"schema":{"@context":"https:\/\/schema.org","@graph":[{"@type":"Article","@id":"https:\/\/redenoticiaz.com.br\/litoralsp\/2022\/12\/31\/ibge-83-dos-brasileiros-ja-responderam-ao-censo-2022#article","isPartOf":{"@id":"https:\/\/redenoticiaz.com.br\/litoralsp\/2022\/12\/31\/ibge-83-dos-brasileiros-ja-responderam-ao-censo-2022"},"author":{"name":"Gustavo Silva","@id":"https:\/\/redenoticiaz.com.br\/litoralsp\/#\/schema\/person\/16057b37a3c0ee6b096d7f887c566e2e"},"headline":"IBGE: 83% dos brasileiros j\u00e1 responderam ao Censo 2022","datePublished":"2022-12-31T19:00:26+00:00","mainEntityOfPage":{"@id":"https:\/\/redenoticiaz.com.br\/litoralsp\/2022\/12\/31\/ibge-83-dos-brasileiros-ja-responderam-ao-censo-2022"},"wordCount":268,"commentCount":0,"publisher":{"@id":"https:\/\/redenoticiaz.com.br\/litoralsp\/#organization"},"image":{"@id":"https:\/\/redenoticiaz.com.br\/litoralsp\/2022\/12\/31\/ibge-83-dos-brasileiros-ja-responderam-ao-censo-2022#primaryimage"},"thumbnailUrl":"https:\/\/redenoticiaz.com.br\/litoralsp\/wp-content\/uploads\/sites\/3\/2022\/12\/trbr8890.jpg?v=1672233348","keywords":["AMAP\u00c1","Brasileiro de Geografia e Estat\u00edstica","DISTRITO FEDERAL","GOI\u00c1S","IBGE","MATO GROSSO","MATO GROSSO DO SUL","MINAS GERAIS","Rio de Janeiro","S\u00e3o Paulo"],"articleSection":["Cidadania"],"inLanguage":"pt-BR","potentialAction":[{"@type":"CommentAction","name":"Comment","target":["https:\/\/redenoticiaz.com.br\/litoralsp\/2022\/12\/31\/ibge-83-dos-brasileiros-ja-responderam-ao-censo-2022#respond"]}]},{"@type":"WebPage","@id":"https:\/\/redenoticiaz.com.br\/litoralsp\/2022\/12\/31\/ibge-83-dos-brasileiros-ja-responderam-ao-censo-2022","url":"https:\/\/redenoticiaz.com.br\/litoralsp\/2022\/12\/31\/ibge-83-dos-brasileiros-ja-responderam-ao-censo-2022","name":"IBGE: 83% dos brasileiros j\u00e1 responderam ao Censo 2022 - Litoral SP","isPartOf":{"@id":"https:\/\/redenoticiaz.com.br\/litoralsp\/#website"},"primaryImageOfPage":{"@id":"https:\/\/redenoticiaz.com.br\/litoralsp\/2022\/12\/31\/ibge-83-dos-brasileiros-ja-responderam-ao-censo-2022#primaryimage"},"image":{"@id":"https:\/\/redenoticiaz.com.br\/litoralsp\/2022\/12\/31\/ibge-83-dos-brasileiros-ja-responderam-ao-censo-2022#primaryimage"},"thumbnailUrl":"https:\/\/redenoticiaz.com.br\/litoralsp\/wp-content\/uploads\/sites\/3\/2022\/12\/trbr8890.jpg?v=1672233348","datePublished":"2022-12-31T19:00:26+00:00","description":"Balan\u00e7o divulgado\u00a0hoje\u00a0(27) pelo Instituto Brasileiro de Geografia e Estat\u00edstica (IBGE) aponta que mais de 178 milh\u00f5es de pessoas","inLanguage":"pt-BR","potentialAction":[{"@type":"ReadAction","target":["https:\/\/redenoticiaz.com.br\/litoralsp\/2022\/12\/31\/ibge-83-dos-brasileiros-ja-responderam-ao-censo-2022"]}]},{"@type":"ImageObject","inLanguage":"pt-BR","@id":"https:\/\/redenoticiaz.com.br\/litoralsp\/2022\/12\/31\/ibge-83-dos-brasileiros-ja-responderam-ao-censo-2022#primaryimage","url":"https:\/\/redenoticiaz.com.br\/litoralsp\/wp-content\/uploads\/sites\/3\/2022\/12\/trbr8890.jpg?v=1672233348","contentUrl":"https:\/\/redenoticiaz.com.br\/litoralsp\/wp-content\/uploads\/sites\/3\/2022\/12\/trbr8890.jpg?v=1672233348","width":1170,"height":700,"caption":"IBGE: 83% dos brasileiros j\u00e1 responderam ao Censo 2022"},{"@type":"WebSite","@id":"https:\/\/redenoticiaz.com.br\/litoralsp\/#website","url":"https:\/\/redenoticiaz.com.br\/litoralsp\/","name":"Litoral SP","description":"Rede NoticiaZ","publisher":{"@id":"https:\/\/redenoticiaz.com.br\/litoralsp\/#organization"},"potentialAction":[{"@type":"SearchAction","target":{"@type":"EntryPoint","urlTemplate":"https:\/\/redenoticiaz.com.br\/litoralsp\/?s={search_term_string}"},"query-input":{"@type":"PropertyValueSpecification","valueRequired":true,"valueName":"search_term_string"}}],"inLanguage":"pt-BR"},{"@type":"Organization","@id":"https:\/\/redenoticiaz.com.br\/litoralsp\/#organization","name":"Litoral SP","url":"https:\/\/redenoticiaz.com.br\/litoralsp\/","logo":{"@type":"ImageObject","inLanguage":"pt-BR","@id":"https:\/\/redenoticiaz.com.br\/litoralsp\/#\/schema\/logo\/image\/","url":"https:\/\/redenoticiaz.com.br\/litoralsp\/wp-content\/uploads\/sites\/3\/2020\/11\/logo.jpg","contentUrl":"https:\/\/redenoticiaz.com.br\/litoralsp\/wp-content\/uploads\/sites\/3\/2020\/11\/logo.jpg","width":400,"height":250,"caption":"Litoral SP"},"image":{"@id":"https:\/\/redenoticiaz.com.br\/litoralsp\/#\/schema\/logo\/image\/"}},{"@type":"Person","@id":"https:\/\/redenoticiaz.com.br\/litoralsp\/#\/schema\/person\/16057b37a3c0ee6b096d7f887c566e2e","name":"Gustavo Silva","image":{"@type":"ImageObject","inLanguage":"pt-BR","@id":"https:\/\/secure.gravatar.com\/avatar\/3ee4e82f93b26de0a7cf4ea5eb7893da637ed6bb0c9170c58065944c56e28a33?s=96&d=mm&r=g","url":"https:\/\/secure.gravatar.com\/avatar\/3ee4e82f93b26de0a7cf4ea5eb7893da637ed6bb0c9170c58065944c56e28a33?s=96&d=mm&r=g","contentUrl":"https:\/\/secure.gravatar.com\/avatar\/3ee4e82f93b26de0a7cf4ea5eb7893da637ed6bb0c9170c58065944c56e28a33?s=96&d=mm&r=g","caption":"Gustavo Silva"},"url":"https:\/\/redenoticiaz.com.br\/litoralsp\/author\/gustavosilva"}]}},"_links":{"self":[{"href":"https:\/\/redenoticiaz.com.br\/litoralsp\/wp-json\/wp\/v2\/posts\/97819","targetHints":{"allow":["GET"]}}],"collection":[{"href":"https:\/\/redenoticiaz.com.br\/litoralsp\/wp-json\/wp\/v2\/posts"}],"about":[{"href":"https:\/\/redenoticiaz.com.br\/litoralsp\/wp-json\/wp\/v2\/types\/post"}],"author":[{"embeddable":true,"href":"https:\/\/redenoticiaz.com.br\/litoralsp\/wp-json\/wp\/v2\/users\/12"}],"replies":[{"embeddable":true,"href":"https:\/\/redenoticiaz.com.br\/litoralsp\/wp-json\/wp\/v2\/comments?post=97819"}],"version-history":[{"count":1,"href":"https:\/\/redenoticiaz.com.br\/litoralsp\/wp-json\/wp\/v2\/posts\/97819\/revisions"}],"predecessor-version":[{"id":97821,"href":"https:\/\/redenoticiaz.com.br\/litoralsp\/wp-json\/wp\/v2\/posts\/97819\/revisions\/97821"}],"wp:featuredmedia":[{"embeddable":true,"href":"https:\/\/redenoticiaz.com.br\/litoralsp\/wp-json\/wp\/v2\/media\/97820"}],"wp:attachment":[{"href":"https:\/\/redenoticiaz.com.br\/litoralsp\/wp-json\/wp\/v2\/media?parent=97819"}],"wp:term":[{"taxonomy":"category","embeddable":true,"href":"https:\/\/redenoticiaz.com.br\/litoralsp\/wp-json\/wp\/v2\/categories?post=97819"},{"taxonomy":"post_tag","embeddable":true,"href":"https:\/\/redenoticiaz.com.br\/litoralsp\/wp-json\/wp\/v2\/tags?post=97819"}],"curies":[{"name":"wp","href":"https:\/\/api.w.org\/{rel}","templated":true}]}}