{"id":97886,"date":"2022-12-29T14:41:06","date_gmt":"2022-12-29T17:41:06","guid":{"rendered":"https:\/\/redenoticiaz.com.br\/litoralsp\/2022\/12\/29\/seis-pessoas-da-mesma-familia-morrem-apos-cratera-engolir-carro"},"modified":"2022-12-29T14:41:06","modified_gmt":"2022-12-29T17:41:06","slug":"seis-pessoas-da-mesma-familia-morrem-apos-cratera-engolir-carro","status":"publish","type":"post","link":"https:\/\/redenoticiaz.com.br\/litoralsp\/2022\/12\/29\/seis-pessoas-da-mesma-familia-morrem-apos-cratera-engolir-carro","title":{"rendered":"Seis pessoas da mesma fam\u00edlia morrem ap\u00f3s cratera \u2018engolir\u2019 carro"},"content":{"rendered":"<p>Uma cratera abriu na Avenida Padre Francisco Sales Colturato (Avenida 36), em Araraquara, nesta quarta-feira (28). Devido ao grande volume de chuva, o asfalto cedeu e arrastou dois ve\u00edculos para dentro do c\u00f3rrego das Cruzes.<\/p>\n<figure id=\"attachment_97888\" aria-describedby=\"caption-attachment-97888\" style=\"width: 300px\" class=\"wp-caption alignleft\"><img loading=\"lazy\" decoding=\"async\" class=\"size-medium wp-image-97888\" src=\"https:\/\/redenoticiaz.com.br\/litoralsp\/wp-content\/uploads\/sites\/3\/2022\/12\/WhatsApp-Image-2022-12-29-at-14.21.30-300x150.jpeg\" alt=\"Seis pessoas da mesma fam\u00edlia morrem ap\u00f3s cratera \u2018engolir\u2019 carro \" width=\"300\" height=\"150\" srcset=\"https:\/\/redenoticiaz.com.br\/litoralsp\/wp-content\/uploads\/sites\/3\/2022\/12\/WhatsApp-Image-2022-12-29-at-14.21.30-300x150.jpeg 300w, https:\/\/redenoticiaz.com.br\/litoralsp\/wp-content\/uploads\/sites\/3\/2022\/12\/WhatsApp-Image-2022-12-29-at-14.21.30-768x383.jpeg 768w, https:\/\/redenoticiaz.com.br\/litoralsp\/wp-content\/uploads\/sites\/3\/2022\/12\/WhatsApp-Image-2022-12-29-at-14.21.30.jpeg 900w\" sizes=\"auto, (max-width: 300px) 100vw, 300px\" \/><figcaption id=\"caption-attachment-97888\" class=\"wp-caption-text\">Cr\u00e9dito: Reprodu\u00e7\u00e3o<\/figcaption><\/figure>\n<p>O Corpo de Bombeiros de\u00a0Araraquara (SP) encontrou seis corpos de uma mesma fam\u00edlia que estavam um carro \u201cengolido\u201d por uma cratera na noite de ontem. A prefeitura decretou luto oficial e tamb\u00e9m solicitou decreto de calamidade p\u00fablica.<\/p>\n<p>O Corpo de Bombeiros ainda trabalha no local para localiza\u00e7\u00e3o de outras v\u00edtimas e de outro ve\u00edculo que teria ca\u00eddo pelo buraco.<\/p>\n<p>VEJA TAMB\u00c9M:\u00a0<a href=\"https:\/\/redenoticiaz.com.br\/barretos-regiao\/sp\/2022\/11\/19\/video-prefeitura-corre-para-recuperar-o-prejuizo-provocado-pelas-fortes-chuvas-em-barretos\">V\u00cdDEO \u2013 Prefeitura corre para recuperar o preju\u00edzo provocado pelas fortes chuvas em Barretos<\/a><\/p>\n","protected":false},"excerpt":{"rendered":"<p>Uma cratera abriu na Avenida Padre Francisco Sales Colturato (Avenida 36), em Araraquara, nesta quarta-feira (28). Devido ao grande volume de chuva, o asfalto cedeu e arrastou dois ve\u00edculos para dentro do c\u00f3rrego das Cruzes. O Corpo de Bombeiros de\u00a0Araraquara (SP) encontrou seis corpos de uma mesma fam\u00edlia que estavam um carro \u201cengolido\u201d por uma &hellip;<\/p>\n","protected":false},"author":15,"featured_media":97887,"comment_status":"open","ping_status":"closed","sticky":false,"template":"","format":"standard","meta":{"footnotes":""},"categories":[15],"tags":[12626,62174,61381,7606,37996,62175],"class_list":["post-97886","post","type-post","status-publish","format-standard","has-post-thumbnail","hentry","category-politica","tag-araraquara","tag-carro-engolido","tag-cratera-aberta","tag-familia","tag-morre","tag-seis-pessoas"],"yoast_head":"<!-- This site is optimized with the Yoast SEO plugin v27.5 - https:\/\/yoast.com\/product\/yoast-seo-wordpress\/ -->\n<title>Seis pessoas da mesma fam\u00edlia morrem ap\u00f3s cratera \u2018engolir\u2019 carro - Litoral SP<\/title>\n<meta name=\"robots\" content=\"index, follow, max-snippet:-1, max-image-preview:large, max-video-preview:-1\" \/>\n<link rel=\"canonical\" href=\"https:\/\/redenoticiaz.com.br\/litoralsp\/2022\/12\/29\/seis-pessoas-da-mesma-familia-morrem-apos-cratera-engolir-carro\" \/>\n<meta property=\"og:locale\" content=\"pt_BR\" \/>\n<meta property=\"og:type\" content=\"article\" \/>\n<meta property=\"og:title\" content=\"Seis pessoas da mesma fam\u00edlia morrem ap\u00f3s cratera \u2018engolir\u2019 carro - Litoral SP\" \/>\n<meta property=\"og:description\" content=\"Uma cratera abriu na Avenida Padre Francisco Sales Colturato (Avenida 36), em Araraquara, nesta quarta-feira (28). Devido ao grande volume de chuva, o asfalto cedeu e arrastou dois ve\u00edculos para dentro do c\u00f3rrego das Cruzes. O Corpo de Bombeiros de\u00a0Araraquara (SP) encontrou seis corpos de uma mesma fam\u00edlia que estavam um carro \u201cengolido\u201d por uma &hellip;\" \/>\n<meta property=\"og:url\" content=\"https:\/\/redenoticiaz.com.br\/litoralsp\/2022\/12\/29\/seis-pessoas-da-mesma-familia-morrem-apos-cratera-engolir-carro\" \/>\n<meta property=\"og:site_name\" content=\"Litoral SP\" \/>\n<meta property=\"article:published_time\" content=\"2022-12-29T17:41:06+00:00\" \/>\n<meta property=\"og:image\" content=\"https:\/\/redenoticiaz.com.br\/barretos-regiao\/wp-content\/uploads\/sites\/4\/2022\/12\/WhatsApp-Image-2022-12-29-at-14.21.30-300x150.jpeg\" \/>\n<meta name=\"twitter:card\" content=\"summary_large_image\" \/>\n<meta name=\"twitter:label1\" content=\"Escrito por\" \/>\n\t<meta name=\"twitter:data1\" content=\"\" \/>\n\t<meta name=\"twitter:label2\" content=\"Est. tempo de leitura\" \/>\n\t<meta name=\"twitter:data2\" content=\"1 minuto\" \/>\n<script type=\"application\/ld+json\" class=\"yoast-schema-graph\">{\"@context\":\"https:\\\/\\\/schema.org\",\"@graph\":[{\"@type\":\"Article\",\"@id\":\"https:\\\/\\\/redenoticiaz.com.br\\\/litoralsp\\\/2022\\\/12\\\/29\\\/seis-pessoas-da-mesma-familia-morrem-apos-cratera-engolir-carro#article\",\"isPartOf\":{\"@id\":\"https:\\\/\\\/redenoticiaz.com.br\\\/litoralsp\\\/2022\\\/12\\\/29\\\/seis-pessoas-da-mesma-familia-morrem-apos-cratera-engolir-carro\"},\"author\":{\"name\":\"\",\"@id\":\"\"},\"headline\":\"Seis pessoas da mesma fam\u00edlia morrem ap\u00f3s cratera \u2018engolir\u2019 carro\",\"datePublished\":\"2022-12-29T17:41:06+00:00\",\"mainEntityOfPage\":{\"@id\":\"https:\\\/\\\/redenoticiaz.com.br\\\/litoralsp\\\/2022\\\/12\\\/29\\\/seis-pessoas-da-mesma-familia-morrem-apos-cratera-engolir-carro\"},\"wordCount\":143,\"commentCount\":0,\"publisher\":{\"@id\":\"https:\\\/\\\/redenoticiaz.com.br\\\/litoralsp\\\/#organization\"},\"image\":{\"@id\":\"https:\\\/\\\/redenoticiaz.com.br\\\/litoralsp\\\/2022\\\/12\\\/29\\\/seis-pessoas-da-mesma-familia-morrem-apos-cratera-engolir-carro#primaryimage\"},\"thumbnailUrl\":\"https:\\\/\\\/redenoticiaz.com.br\\\/litoralsp\\\/wp-content\\\/uploads\\\/sites\\\/3\\\/2022\\\/12\\\/Seis-pessoas-da-mesma-familia-morrem-apos-cratera-\u2018engolir-carro.jpg\",\"keywords\":[\"ARARAQUARA\",\"carro engolido\",\"CRATERA ABERTA\",\"FAM\u00cdLIA\",\"MORRE\",\"seis pessoas\"],\"articleSection\":[\"Pol\u00edtica\"],\"inLanguage\":\"pt-BR\",\"potentialAction\":[{\"@type\":\"CommentAction\",\"name\":\"Comment\",\"target\":[\"https:\\\/\\\/redenoticiaz.com.br\\\/litoralsp\\\/2022\\\/12\\\/29\\\/seis-pessoas-da-mesma-familia-morrem-apos-cratera-engolir-carro#respond\"]}]},{\"@type\":\"WebPage\",\"@id\":\"https:\\\/\\\/redenoticiaz.com.br\\\/litoralsp\\\/2022\\\/12\\\/29\\\/seis-pessoas-da-mesma-familia-morrem-apos-cratera-engolir-carro\",\"url\":\"https:\\\/\\\/redenoticiaz.com.br\\\/litoralsp\\\/2022\\\/12\\\/29\\\/seis-pessoas-da-mesma-familia-morrem-apos-cratera-engolir-carro\",\"name\":\"Seis pessoas da mesma fam\u00edlia morrem ap\u00f3s cratera \u2018engolir\u2019 carro - Litoral SP\",\"isPartOf\":{\"@id\":\"https:\\\/\\\/redenoticiaz.com.br\\\/litoralsp\\\/#website\"},\"primaryImageOfPage\":{\"@id\":\"https:\\\/\\\/redenoticiaz.com.br\\\/litoralsp\\\/2022\\\/12\\\/29\\\/seis-pessoas-da-mesma-familia-morrem-apos-cratera-engolir-carro#primaryimage\"},\"image\":{\"@id\":\"https:\\\/\\\/redenoticiaz.com.br\\\/litoralsp\\\/2022\\\/12\\\/29\\\/seis-pessoas-da-mesma-familia-morrem-apos-cratera-engolir-carro#primaryimage\"},\"thumbnailUrl\":\"https:\\\/\\\/redenoticiaz.com.br\\\/litoralsp\\\/wp-content\\\/uploads\\\/sites\\\/3\\\/2022\\\/12\\\/Seis-pessoas-da-mesma-familia-morrem-apos-cratera-\u2018engolir-carro.jpg\",\"datePublished\":\"2022-12-29T17:41:06+00:00\",\"inLanguage\":\"pt-BR\",\"potentialAction\":[{\"@type\":\"ReadAction\",\"target\":[\"https:\\\/\\\/redenoticiaz.com.br\\\/litoralsp\\\/2022\\\/12\\\/29\\\/seis-pessoas-da-mesma-familia-morrem-apos-cratera-engolir-carro\"]}]},{\"@type\":\"ImageObject\",\"inLanguage\":\"pt-BR\",\"@id\":\"https:\\\/\\\/redenoticiaz.com.br\\\/litoralsp\\\/2022\\\/12\\\/29\\\/seis-pessoas-da-mesma-familia-morrem-apos-cratera-engolir-carro#primaryimage\",\"url\":\"https:\\\/\\\/redenoticiaz.com.br\\\/litoralsp\\\/wp-content\\\/uploads\\\/sites\\\/3\\\/2022\\\/12\\\/Seis-pessoas-da-mesma-familia-morrem-apos-cratera-\u2018engolir-carro.jpg\",\"contentUrl\":\"https:\\\/\\\/redenoticiaz.com.br\\\/litoralsp\\\/wp-content\\\/uploads\\\/sites\\\/3\\\/2022\\\/12\\\/Seis-pessoas-da-mesma-familia-morrem-apos-cratera-\u2018engolir-carro.jpg\",\"width\":1200,\"height\":628,\"caption\":\"Cr\u00e9dito: Reprodu\u00e7\u00e3o\"},{\"@type\":\"WebSite\",\"@id\":\"https:\\\/\\\/redenoticiaz.com.br\\\/litoralsp\\\/#website\",\"url\":\"https:\\\/\\\/redenoticiaz.com.br\\\/litoralsp\\\/\",\"name\":\"Litoral SP\",\"description\":\"Rede NoticiaZ\",\"publisher\":{\"@id\":\"https:\\\/\\\/redenoticiaz.com.br\\\/litoralsp\\\/#organization\"},\"potentialAction\":[{\"@type\":\"SearchAction\",\"target\":{\"@type\":\"EntryPoint\",\"urlTemplate\":\"https:\\\/\\\/redenoticiaz.com.br\\\/litoralsp\\\/?s={search_term_string}\"},\"query-input\":{\"@type\":\"PropertyValueSpecification\",\"valueRequired\":true,\"valueName\":\"search_term_string\"}}],\"inLanguage\":\"pt-BR\"},{\"@type\":\"Organization\",\"@id\":\"https:\\\/\\\/redenoticiaz.com.br\\\/litoralsp\\\/#organization\",\"name\":\"Litoral SP\",\"url\":\"https:\\\/\\\/redenoticiaz.com.br\\\/litoralsp\\\/\",\"logo\":{\"@type\":\"ImageObject\",\"inLanguage\":\"pt-BR\",\"@id\":\"https:\\\/\\\/redenoticiaz.com.br\\\/litoralsp\\\/#\\\/schema\\\/logo\\\/image\\\/\",\"url\":\"https:\\\/\\\/redenoticiaz.com.br\\\/litoralsp\\\/wp-content\\\/uploads\\\/sites\\\/3\\\/2020\\\/11\\\/logo.jpg\",\"contentUrl\":\"https:\\\/\\\/redenoticiaz.com.br\\\/litoralsp\\\/wp-content\\\/uploads\\\/sites\\\/3\\\/2020\\\/11\\\/logo.jpg\",\"width\":400,\"height\":250,\"caption\":\"Litoral SP\"},\"image\":{\"@id\":\"https:\\\/\\\/redenoticiaz.com.br\\\/litoralsp\\\/#\\\/schema\\\/logo\\\/image\\\/\"}},{\"@type\":\"Person\",\"@id\":\"\",\"url\":\"https:\\\/\\\/redenoticiaz.com.br\\\/litoralsp\\\/author\"}]}<\/script>\n<!-- \/ Yoast SEO plugin. -->","yoast_head_json":{"title":"Seis pessoas da mesma fam\u00edlia morrem ap\u00f3s cratera \u2018engolir\u2019 carro - Litoral SP","robots":{"index":"index","follow":"follow","max-snippet":"max-snippet:-1","max-image-preview":"max-image-preview:large","max-video-preview":"max-video-preview:-1"},"canonical":"https:\/\/redenoticiaz.com.br\/litoralsp\/2022\/12\/29\/seis-pessoas-da-mesma-familia-morrem-apos-cratera-engolir-carro","og_locale":"pt_BR","og_type":"article","og_title":"Seis pessoas da mesma fam\u00edlia morrem ap\u00f3s cratera \u2018engolir\u2019 carro - Litoral SP","og_description":"Uma cratera abriu na Avenida Padre Francisco Sales Colturato (Avenida 36), em Araraquara, nesta quarta-feira (28). Devido ao grande volume de chuva, o asfalto cedeu e arrastou dois ve\u00edculos para dentro do c\u00f3rrego das Cruzes. O Corpo de Bombeiros de\u00a0Araraquara (SP) encontrou seis corpos de uma mesma fam\u00edlia que estavam um carro \u201cengolido\u201d por uma &hellip;","og_url":"https:\/\/redenoticiaz.com.br\/litoralsp\/2022\/12\/29\/seis-pessoas-da-mesma-familia-morrem-apos-cratera-engolir-carro","og_site_name":"Litoral SP","article_published_time":"2022-12-29T17:41:06+00:00","og_image":[{"url":"https:\/\/redenoticiaz.com.br\/barretos-regiao\/wp-content\/uploads\/sites\/4\/2022\/12\/WhatsApp-Image-2022-12-29-at-14.21.30-300x150.jpeg","type":"","width":"","height":""}],"twitter_card":"summary_large_image","twitter_misc":{"Escrito por":"","Est. tempo de leitura":"1 minuto"},"schema":{"@context":"https:\/\/schema.org","@graph":[{"@type":"Article","@id":"https:\/\/redenoticiaz.com.br\/litoralsp\/2022\/12\/29\/seis-pessoas-da-mesma-familia-morrem-apos-cratera-engolir-carro#article","isPartOf":{"@id":"https:\/\/redenoticiaz.com.br\/litoralsp\/2022\/12\/29\/seis-pessoas-da-mesma-familia-morrem-apos-cratera-engolir-carro"},"author":{"name":"","@id":""},"headline":"Seis pessoas da mesma fam\u00edlia morrem ap\u00f3s cratera \u2018engolir\u2019 carro","datePublished":"2022-12-29T17:41:06+00:00","mainEntityOfPage":{"@id":"https:\/\/redenoticiaz.com.br\/litoralsp\/2022\/12\/29\/seis-pessoas-da-mesma-familia-morrem-apos-cratera-engolir-carro"},"wordCount":143,"commentCount":0,"publisher":{"@id":"https:\/\/redenoticiaz.com.br\/litoralsp\/#organization"},"image":{"@id":"https:\/\/redenoticiaz.com.br\/litoralsp\/2022\/12\/29\/seis-pessoas-da-mesma-familia-morrem-apos-cratera-engolir-carro#primaryimage"},"thumbnailUrl":"https:\/\/redenoticiaz.com.br\/litoralsp\/wp-content\/uploads\/sites\/3\/2022\/12\/Seis-pessoas-da-mesma-familia-morrem-apos-cratera-\u2018engolir-carro.jpg","keywords":["ARARAQUARA","carro engolido","CRATERA ABERTA","FAM\u00cdLIA","MORRE","seis pessoas"],"articleSection":["Pol\u00edtica"],"inLanguage":"pt-BR","potentialAction":[{"@type":"CommentAction","name":"Comment","target":["https:\/\/redenoticiaz.com.br\/litoralsp\/2022\/12\/29\/seis-pessoas-da-mesma-familia-morrem-apos-cratera-engolir-carro#respond"]}]},{"@type":"WebPage","@id":"https:\/\/redenoticiaz.com.br\/litoralsp\/2022\/12\/29\/seis-pessoas-da-mesma-familia-morrem-apos-cratera-engolir-carro","url":"https:\/\/redenoticiaz.com.br\/litoralsp\/2022\/12\/29\/seis-pessoas-da-mesma-familia-morrem-apos-cratera-engolir-carro","name":"Seis pessoas da mesma fam\u00edlia morrem ap\u00f3s cratera \u2018engolir\u2019 carro - Litoral SP","isPartOf":{"@id":"https:\/\/redenoticiaz.com.br\/litoralsp\/#website"},"primaryImageOfPage":{"@id":"https:\/\/redenoticiaz.com.br\/litoralsp\/2022\/12\/29\/seis-pessoas-da-mesma-familia-morrem-apos-cratera-engolir-carro#primaryimage"},"image":{"@id":"https:\/\/redenoticiaz.com.br\/litoralsp\/2022\/12\/29\/seis-pessoas-da-mesma-familia-morrem-apos-cratera-engolir-carro#primaryimage"},"thumbnailUrl":"https:\/\/redenoticiaz.com.br\/litoralsp\/wp-content\/uploads\/sites\/3\/2022\/12\/Seis-pessoas-da-mesma-familia-morrem-apos-cratera-\u2018engolir-carro.jpg","datePublished":"2022-12-29T17:41:06+00:00","inLanguage":"pt-BR","potentialAction":[{"@type":"ReadAction","target":["https:\/\/redenoticiaz.com.br\/litoralsp\/2022\/12\/29\/seis-pessoas-da-mesma-familia-morrem-apos-cratera-engolir-carro"]}]},{"@type":"ImageObject","inLanguage":"pt-BR","@id":"https:\/\/redenoticiaz.com.br\/litoralsp\/2022\/12\/29\/seis-pessoas-da-mesma-familia-morrem-apos-cratera-engolir-carro#primaryimage","url":"https:\/\/redenoticiaz.com.br\/litoralsp\/wp-content\/uploads\/sites\/3\/2022\/12\/Seis-pessoas-da-mesma-familia-morrem-apos-cratera-\u2018engolir-carro.jpg","contentUrl":"https:\/\/redenoticiaz.com.br\/litoralsp\/wp-content\/uploads\/sites\/3\/2022\/12\/Seis-pessoas-da-mesma-familia-morrem-apos-cratera-\u2018engolir-carro.jpg","width":1200,"height":628,"caption":"Cr\u00e9dito: Reprodu\u00e7\u00e3o"},{"@type":"WebSite","@id":"https:\/\/redenoticiaz.com.br\/litoralsp\/#website","url":"https:\/\/redenoticiaz.com.br\/litoralsp\/","name":"Litoral SP","description":"Rede NoticiaZ","publisher":{"@id":"https:\/\/redenoticiaz.com.br\/litoralsp\/#organization"},"potentialAction":[{"@type":"SearchAction","target":{"@type":"EntryPoint","urlTemplate":"https:\/\/redenoticiaz.com.br\/litoralsp\/?s={search_term_string}"},"query-input":{"@type":"PropertyValueSpecification","valueRequired":true,"valueName":"search_term_string"}}],"inLanguage":"pt-BR"},{"@type":"Organization","@id":"https:\/\/redenoticiaz.com.br\/litoralsp\/#organization","name":"Litoral SP","url":"https:\/\/redenoticiaz.com.br\/litoralsp\/","logo":{"@type":"ImageObject","inLanguage":"pt-BR","@id":"https:\/\/redenoticiaz.com.br\/litoralsp\/#\/schema\/logo\/image\/","url":"https:\/\/redenoticiaz.com.br\/litoralsp\/wp-content\/uploads\/sites\/3\/2020\/11\/logo.jpg","contentUrl":"https:\/\/redenoticiaz.com.br\/litoralsp\/wp-content\/uploads\/sites\/3\/2020\/11\/logo.jpg","width":400,"height":250,"caption":"Litoral SP"},"image":{"@id":"https:\/\/redenoticiaz.com.br\/litoralsp\/#\/schema\/logo\/image\/"}},{"@type":"Person","@id":"","url":"https:\/\/redenoticiaz.com.br\/litoralsp\/author"}]}},"_links":{"self":[{"href":"https:\/\/redenoticiaz.com.br\/litoralsp\/wp-json\/wp\/v2\/posts\/97886","targetHints":{"allow":["GET"]}}],"collection":[{"href":"https:\/\/redenoticiaz.com.br\/litoralsp\/wp-json\/wp\/v2\/posts"}],"about":[{"href":"https:\/\/redenoticiaz.com.br\/litoralsp\/wp-json\/wp\/v2\/types\/post"}],"author":[{"embeddable":true,"href":"https:\/\/redenoticiaz.com.br\/litoralsp\/wp-json\/wp\/v2\/users\/15"}],"replies":[{"embeddable":true,"href":"https:\/\/redenoticiaz.com.br\/litoralsp\/wp-json\/wp\/v2\/comments?post=97886"}],"version-history":[{"count":1,"href":"https:\/\/redenoticiaz.com.br\/litoralsp\/wp-json\/wp\/v2\/posts\/97886\/revisions"}],"predecessor-version":[{"id":97889,"href":"https:\/\/redenoticiaz.com.br\/litoralsp\/wp-json\/wp\/v2\/posts\/97886\/revisions\/97889"}],"wp:featuredmedia":[{"embeddable":true,"href":"https:\/\/redenoticiaz.com.br\/litoralsp\/wp-json\/wp\/v2\/media\/97887"}],"wp:attachment":[{"href":"https:\/\/redenoticiaz.com.br\/litoralsp\/wp-json\/wp\/v2\/media?parent=97886"}],"wp:term":[{"taxonomy":"category","embeddable":true,"href":"https:\/\/redenoticiaz.com.br\/litoralsp\/wp-json\/wp\/v2\/categories?post=97886"},{"taxonomy":"post_tag","embeddable":true,"href":"https:\/\/redenoticiaz.com.br\/litoralsp\/wp-json\/wp\/v2\/tags?post=97886"}],"curies":[{"name":"wp","href":"https:\/\/api.w.org\/{rel}","templated":true}]}}