{"id":98015,"date":"2022-12-31T17:41:20","date_gmt":"2022-12-31T20:41:20","guid":{"rendered":"https:\/\/redenoticiaz.com.br\/litoralsp\/?p=98015"},"modified":"2022-12-31T17:41:20","modified_gmt":"2022-12-31T20:41:20","slug":"confira-a-programacao-do-reveillon-no-litoral-norte","status":"publish","type":"post","link":"https:\/\/redenoticiaz.com.br\/litoralsp\/2022\/12\/31\/confira-a-programacao-do-reveillon-no-litoral-norte","title":{"rendered":"Confira a programa\u00e7\u00e3o do R\u00e9veillon no Litoral Norte"},"content":{"rendered":"<div id=\"chunk-385to\">\n<div class=\"mc-column content-text active-extra-styles \" data-block-type=\"unstyled\" data-block-weight=\"34\" data-block-id=\"3\">\n<p class=\"content-text__container \" data-track-category=\"Link no Texto\" data-track-links=\"\">Os moradores e tamb\u00e9m turistas do Litoral Norte certamente est\u00e3o contando as horas para celebrar a chegada de 2023. Al\u00e9m do <strong>R\u00e9veillon<\/strong>, atra\u00e7\u00f5es como shows tamb\u00e9m devem rolar e a programa\u00e7\u00e3o inclui DJs e queima de fogos.<\/p>\n<\/div>\n<\/div>\n<div class=\"wall protected-content\">\n<div id=\"chunk-9g6v1\">\n<div class=\"mc-column content-text active-extra-styles \" data-block-type=\"unstyled\" data-block-weight=\"38\" data-block-id=\"4\">\n<p class=\"content-text__container \" data-track-category=\"Link no Texto\" data-track-links=\"\">As cidades de Caraguatatuba, S\u00e3o Sebasti\u00e3o e Ilhabela, v\u00e3o contar com atra\u00e7\u00f5es musicais e op\u00e7\u00f5es de lazer, para a festa de R\u00e9veillon 2023. Somente Ubatuba n\u00e3o ter\u00e1 queima de fogos e programa\u00e7\u00e3o para a virada organizada pela prefeitura.<\/p>\n<\/div>\n<\/div>\n<div class=\"mc-column content-text active-extra-styles\" data-block-type=\"raw\" data-block-weight=\"6\" data-block-id=\"5\">\n<div class=\"content-intertitle\">\n<h3>Confira a programa\u00e7\u00e3o de cada cidade:<\/h3>\n<\/div>\n<\/div>\n<div class=\"mc-column content-text active-extra-styles\" data-block-type=\"raw\" data-block-weight=\"1\" data-block-id=\"6\">\n<div class=\"content-intertitle\">\n<h5>Caraguatatuba<\/h5>\n<\/div>\n<\/div>\n<div id=\"chunk-6libh\">\n<div class=\"mc-column content-text active-extra-styles \" data-block-type=\"unstyled\" data-block-weight=\"37\" data-block-id=\"7\">\n<p class=\"content-text__container \" data-track-category=\"Link no Texto\" data-track-links=\"\">Em Caraguatatuba, a programa\u00e7\u00e3o de R\u00e9veillon come\u00e7a a partir das 00h do dia 1\u00aa de janeiro. O \u2018Vira Caragu\u00e1\u2019 ser\u00e1 promovido em cinco pontos diferentes da cidade: Centro, Massagua\u00e7u, Martim de S\u00e1, Indai\u00e1 e Porto Novo.<\/p>\n<div id=\"chunk-esch9\">\n<div class=\"mc-column content-text active-extra-styles \" data-block-type=\"unstyled\" data-block-weight=\"28\" data-block-id=\"9\">\n<p class=\"content-text__container \" data-track-category=\"Link no Texto\" data-track-links=\"\">Em todos os cinco pontos haver\u00e1 queima de fogos. Na regi\u00e3o central, o show pirot\u00e9cnico ter\u00e1 dura\u00e7\u00e3o de 25 minutos, j\u00e1 nos demais locais ser\u00e1 de 15 minutos.<\/p>\n<\/div>\n<\/div>\n<div id=\"chunk-ed24v\">\n<div class=\"mc-column content-text active-extra-styles \" data-block-type=\"unstyled\" data-block-weight=\"44\" data-block-id=\"10\">\n<p class=\"content-text__container \" data-track-category=\"Link no Texto\" data-track-links=\"\">Al\u00e9m da virada, a cidade anunciou diversos shows de artistas conhecidos do p\u00fablico ao longo do ver\u00e3o. Nomes como Thiaguinho, C\u00e9sar Menotti e Fabiano, Fernando e Sorocaba, Pedro Sampaio, Jota Quest e outros se apresentar\u00e3o em janeiro na Pra\u00e7a de Eventos do Porto Novo.<\/p>\n<\/div>\n<\/div>\n<div class=\"mc-column content-text active-extra-styles\" data-block-type=\"raw\" data-block-weight=\"1\" data-block-id=\"11\">\n<div class=\"content-intertitle\">\n<h5>Ilhabela<\/h5>\n<\/div>\n<\/div>\n<div id=\"chunk-2qcp6\">\n<div class=\"mc-column content-text active-extra-styles \" data-block-type=\"unstyled\" data-block-weight=\"25\" data-block-id=\"12\">\n<p class=\"content-text__container \" data-track-category=\"Link no Texto\" data-track-links=\"\">Em Ilhabela, a prefeitura afirmou que a programa\u00e7\u00e3o do R\u00e9veillon contar\u00e1 com queima de fogos em cinco locais, entre eles Vila e Perequ\u00ea.<\/p>\n<\/div>\n<\/div>\n<div id=\"chunk-5dqdc\">\n<div class=\"mc-column content-text active-extra-styles \" data-block-type=\"unstyled\" data-block-weight=\"44\" data-block-id=\"13\">\n<p class=\"content-text__container \" data-track-category=\"Link no Texto\" data-track-links=\"\">Os fogos de artif\u00edcio ser\u00e3o sem estampido, assim como determina a legisla\u00e7\u00e3o. Esses fogos produzem apenas dois tipos de sons: o primeiro do disparo inicial e o segundo o ru\u00eddo de abertura. Os shows da virada contar\u00e3o com bandas locais e ainda ser\u00e3o definidas.<\/p>\n<\/div>\n<\/div>\n<div id=\"chunk-ciehk\">\n<div class=\"mc-column content-text active-extra-styles \" data-block-type=\"unstyled\" data-block-weight=\"43\" data-block-id=\"14\">\n<p class=\"content-text__container \" data-track-category=\"Link no Texto\" data-track-links=\"\">A administra\u00e7\u00e3o tamb\u00e9m afirmou que o Natal Luz, inaugurado no Parque Fazenda Engenho D\u2019\u00c1gua, tamb\u00e9m \u00e9 uma das atra\u00e7\u00f5es para o ver\u00e3o. O local j\u00e1 recebeu mais de 9 mil visitas e segue at\u00e9 o dia 8 de janeiro, das 17h \u00e0s 23h.<\/p>\n<\/div>\n<\/div>\n<div class=\"mc-column content-text active-extra-styles\" data-block-type=\"raw\" data-block-weight=\"2\" data-block-id=\"15\">\n<div class=\"content-intertitle\">\n<h5>S\u00e3o Sebasti\u00e3o<\/h5>\n<\/div>\n<\/div>\n<div id=\"chunk-302v7\">\n<div class=\"mc-column content-text active-extra-styles \" data-block-type=\"unstyled\" data-block-weight=\"54\" data-block-id=\"16\">\n<p class=\"content-text__container \" data-track-category=\"Link no Texto\" data-track-links=\"\">J\u00e1 em S\u00e3o Sebasti\u00e3o, sete bairros receber\u00e3o o tradicional show pirot\u00e9cnico e apresenta\u00e7\u00f5es de DJs, das 22h do dia 31 de dezembro de 2022, at\u00e9 \u00e0s 2h do dia 1\u00b0 de janeiro de 2023. Os bairros s\u00e3o: Enseada (Pra\u00e7a do Kitesurf), Arrast\u00e3o, Centro (Rua da Praia), Bareque\u00e7aba, Maresias, Boi\u00e7ucanga e Barra do Una.<\/p>\n<div id=\"chunk-7bsal\">\n<div class=\"mc-column content-text active-extra-styles \" data-block-type=\"unstyled\" data-block-weight=\"49\" data-block-id=\"18\">\n<p class=\"content-text__container \" data-track-category=\"Link no Texto\" data-track-links=\"\">Na praia do Guaec\u00e1, haver\u00e1 apenas o show pirot\u00e9cnico, enquanto na praia de S\u00e3o Francisco, atendendo ao pedido da comunidade, haver\u00e1 apenas apresenta\u00e7\u00e3o de DJ. Em todos os pontos, a expectativa da prefeitura \u00e9 de que as queimas de fogos tenham, em m\u00e9dia, dura\u00e7\u00e3o de 10 a 12 minutos.<\/p>\n<\/div>\n<\/div>\n<div id=\"chunk-4mo9m\">\n<div class=\"mc-column content-text active-extra-styles \" data-block-type=\"unstyled\" data-block-weight=\"49\" data-block-id=\"19\">\n<p class=\"content-text__container \" data-track-category=\"Link no Texto\" data-track-links=\"\">Al\u00e9m disso, do dia 27 de dezembro ao dia 28 de janeiro, a prefeitura realizar\u00e1 o Festival de Ver\u00e3o 2023. O Executivo afirmou que diversos artistas locais se apresentar\u00e3o nos bairros Boraceia, Barra do Una, Juquehy, Boi\u00e7ucanga, Maresias, Bareque\u00e7aba, Porto Grande (Pra\u00e7a da Vela) e Centro (Rua da Praia).<\/p>\n<\/div>\n<\/div>\n<div id=\"chunk-e6daf\">\n<div class=\"mc-column content-text active-extra-styles \" data-block-type=\"unstyled\" data-block-weight=\"11\" data-block-id=\"20\">\n<p class=\"content-text__container \" data-track-category=\"Link no Texto\" data-track-links=\"\">A expectativa da cidade \u00e9 receber cerca de 500 mil visitantes.<\/p>\n<p data-track-category=\"Link no Texto\" data-track-links=\"\"><strong>LEIA TAMB\u00c9M<\/strong><\/p>\n<p data-track-category=\"Link no Texto\" data-track-links=\"\"><a href=\"https:\/\/redenoticiaz.com.br\/litoralsp\/2022\/12\/31\/seis-cidades-da-baixada-santista-confirmam-queima-de-fogos-no-reveillon\">Seis cidades da Baixada Santista confirmam queima de fogos no R\u00e9veillon<\/a><\/p>\n<\/div>\n<\/div>\n<\/div>\n<\/div>\n<\/div>\n<\/div>\n<\/div>\n","protected":false},"excerpt":{"rendered":"<p>Os moradores e tamb\u00e9m turistas do Litoral Norte certamente est\u00e3o contando as horas para celebrar a chegada de 2023. Al\u00e9m do R\u00e9veillon, atra\u00e7\u00f5es como shows tamb\u00e9m devem rolar e a programa\u00e7\u00e3o inclui DJs e queima de fogos. As cidades de Caraguatatuba, S\u00e3o Sebasti\u00e3o e Ilhabela, v\u00e3o contar com atra\u00e7\u00f5es musicais e op\u00e7\u00f5es de lazer, para &hellip;<\/p>\n","protected":false},"author":6,"featured_media":97247,"comment_status":"open","ping_status":"closed","sticky":false,"template":"","format":"standard","meta":{"footnotes":""},"categories":[775],"tags":[2742,3999,6496,9102,1271,3707],"class_list":["post-98015","post","type-post","status-publish","format-standard","has-post-thumbnail","hentry","category-turismo","tag-caraguatatuba","tag-ilhabela","tag-litoral-norte","tag-programacao","tag-reveillon","tag-sao-sebastiao"],"yoast_head":"<!-- This site is optimized with the Yoast SEO plugin v27.5 - https:\/\/yoast.com\/product\/yoast-seo-wordpress\/ -->\n<title>Confira a programa\u00e7\u00e3o do R\u00e9veillon no Litoral Norte - Litoral SP<\/title>\n<meta name=\"description\" content=\"e tamb\u00e9m turistas do Litoral Norte certamente est\u00e3o contando as horas para celebrar a chegada de 2023. Al\u00e9m do R\u00e9veillon, atra\u00e7\u00f5es\" \/>\n<meta name=\"robots\" content=\"index, follow, max-snippet:-1, max-image-preview:large, max-video-preview:-1\" \/>\n<link rel=\"canonical\" href=\"https:\/\/redenoticiaz.com.br\/litoralsp\/2022\/12\/31\/confira-a-programacao-do-reveillon-no-litoral-norte\" \/>\n<meta property=\"og:locale\" content=\"pt_BR\" \/>\n<meta property=\"og:type\" content=\"article\" \/>\n<meta property=\"og:title\" content=\"Confira a programa\u00e7\u00e3o do R\u00e9veillon no Litoral Norte - Litoral SP\" \/>\n<meta property=\"og:description\" content=\"e tamb\u00e9m turistas do Litoral Norte certamente est\u00e3o contando as horas para celebrar a chegada de 2023. Al\u00e9m do R\u00e9veillon, atra\u00e7\u00f5es\" \/>\n<meta property=\"og:url\" content=\"https:\/\/redenoticiaz.com.br\/litoralsp\/2022\/12\/31\/confira-a-programacao-do-reveillon-no-litoral-norte\" \/>\n<meta property=\"og:site_name\" content=\"Litoral SP\" \/>\n<meta property=\"article:published_time\" content=\"2022-12-31T20:41:20+00:00\" \/>\n<meta property=\"og:image\" content=\"https:\/\/redenoticiaz.com.br\/litoralsp\/wp-content\/uploads\/sites\/3\/2022\/12\/REVEILLON-23.jpg\" \/>\n\t<meta property=\"og:image:width\" content=\"492\" \/>\n\t<meta property=\"og:image:height\" content=\"310\" \/>\n\t<meta property=\"og:image:type\" content=\"image\/jpeg\" \/>\n<meta name=\"author\" content=\"Leonardo Francisco\" \/>\n<meta name=\"twitter:card\" content=\"summary_large_image\" \/>\n<meta name=\"twitter:label1\" content=\"Escrito por\" \/>\n\t<meta name=\"twitter:data1\" content=\"Leonardo Francisco\" \/>\n\t<meta name=\"twitter:label2\" content=\"Est. tempo de leitura\" \/>\n\t<meta name=\"twitter:data2\" content=\"3 minutos\" \/>\n<script type=\"application\/ld+json\" class=\"yoast-schema-graph\">{\"@context\":\"https:\\\/\\\/schema.org\",\"@graph\":[{\"@type\":\"Article\",\"@id\":\"https:\\\/\\\/redenoticiaz.com.br\\\/litoralsp\\\/2022\\\/12\\\/31\\\/confira-a-programacao-do-reveillon-no-litoral-norte#article\",\"isPartOf\":{\"@id\":\"https:\\\/\\\/redenoticiaz.com.br\\\/litoralsp\\\/2022\\\/12\\\/31\\\/confira-a-programacao-do-reveillon-no-litoral-norte\"},\"author\":{\"name\":\"Leonardo Francisco\",\"@id\":\"https:\\\/\\\/redenoticiaz.com.br\\\/litoralsp\\\/#\\\/schema\\\/person\\\/0f0b8a5bdafefe82841e07ae8d81ecb3\"},\"headline\":\"Confira a programa\u00e7\u00e3o do R\u00e9veillon no Litoral Norte\",\"datePublished\":\"2022-12-31T20:41:20+00:00\",\"mainEntityOfPage\":{\"@id\":\"https:\\\/\\\/redenoticiaz.com.br\\\/litoralsp\\\/2022\\\/12\\\/31\\\/confira-a-programacao-do-reveillon-no-litoral-norte\"},\"wordCount\":536,\"commentCount\":0,\"publisher\":{\"@id\":\"https:\\\/\\\/redenoticiaz.com.br\\\/litoralsp\\\/#organization\"},\"image\":{\"@id\":\"https:\\\/\\\/redenoticiaz.com.br\\\/litoralsp\\\/2022\\\/12\\\/31\\\/confira-a-programacao-do-reveillon-no-litoral-norte#primaryimage\"},\"thumbnailUrl\":\"https:\\\/\\\/redenoticiaz.com.br\\\/litoralsp\\\/wp-content\\\/uploads\\\/sites\\\/3\\\/2022\\\/12\\\/REVEILLON-23.jpg\",\"keywords\":[\"CARAGUATATUBA\",\"ILHABELA\",\"LITORAL NORTE\",\"PROGRAMA\u00c7\u00c3O\",\"R\u00c9VEILLON\",\"S\u00c3O SEBASTI\u00c3O\"],\"articleSection\":[\"Turismo\"],\"inLanguage\":\"pt-BR\",\"potentialAction\":[{\"@type\":\"CommentAction\",\"name\":\"Comment\",\"target\":[\"https:\\\/\\\/redenoticiaz.com.br\\\/litoralsp\\\/2022\\\/12\\\/31\\\/confira-a-programacao-do-reveillon-no-litoral-norte#respond\"]}]},{\"@type\":\"WebPage\",\"@id\":\"https:\\\/\\\/redenoticiaz.com.br\\\/litoralsp\\\/2022\\\/12\\\/31\\\/confira-a-programacao-do-reveillon-no-litoral-norte\",\"url\":\"https:\\\/\\\/redenoticiaz.com.br\\\/litoralsp\\\/2022\\\/12\\\/31\\\/confira-a-programacao-do-reveillon-no-litoral-norte\",\"name\":\"Confira a programa\u00e7\u00e3o do R\u00e9veillon no Litoral Norte - Litoral SP\",\"isPartOf\":{\"@id\":\"https:\\\/\\\/redenoticiaz.com.br\\\/litoralsp\\\/#website\"},\"primaryImageOfPage\":{\"@id\":\"https:\\\/\\\/redenoticiaz.com.br\\\/litoralsp\\\/2022\\\/12\\\/31\\\/confira-a-programacao-do-reveillon-no-litoral-norte#primaryimage\"},\"image\":{\"@id\":\"https:\\\/\\\/redenoticiaz.com.br\\\/litoralsp\\\/2022\\\/12\\\/31\\\/confira-a-programacao-do-reveillon-no-litoral-norte#primaryimage\"},\"thumbnailUrl\":\"https:\\\/\\\/redenoticiaz.com.br\\\/litoralsp\\\/wp-content\\\/uploads\\\/sites\\\/3\\\/2022\\\/12\\\/REVEILLON-23.jpg\",\"datePublished\":\"2022-12-31T20:41:20+00:00\",\"description\":\"e tamb\u00e9m turistas do Litoral Norte certamente est\u00e3o contando as horas para celebrar a chegada de 2023. Al\u00e9m do R\u00e9veillon, atra\u00e7\u00f5es\",\"inLanguage\":\"pt-BR\",\"potentialAction\":[{\"@type\":\"ReadAction\",\"target\":[\"https:\\\/\\\/redenoticiaz.com.br\\\/litoralsp\\\/2022\\\/12\\\/31\\\/confira-a-programacao-do-reveillon-no-litoral-norte\"]}]},{\"@type\":\"ImageObject\",\"inLanguage\":\"pt-BR\",\"@id\":\"https:\\\/\\\/redenoticiaz.com.br\\\/litoralsp\\\/2022\\\/12\\\/31\\\/confira-a-programacao-do-reveillon-no-litoral-norte#primaryimage\",\"url\":\"https:\\\/\\\/redenoticiaz.com.br\\\/litoralsp\\\/wp-content\\\/uploads\\\/sites\\\/3\\\/2022\\\/12\\\/REVEILLON-23.jpg\",\"contentUrl\":\"https:\\\/\\\/redenoticiaz.com.br\\\/litoralsp\\\/wp-content\\\/uploads\\\/sites\\\/3\\\/2022\\\/12\\\/REVEILLON-23.jpg\",\"width\":492,\"height\":310,\"caption\":\"Cr\u00e9ditos: Divulga\u00e7\u00e3o\\\/Prefeitura de Caraguatatuba\"},{\"@type\":\"WebSite\",\"@id\":\"https:\\\/\\\/redenoticiaz.com.br\\\/litoralsp\\\/#website\",\"url\":\"https:\\\/\\\/redenoticiaz.com.br\\\/litoralsp\\\/\",\"name\":\"Litoral SP\",\"description\":\"Rede NoticiaZ\",\"publisher\":{\"@id\":\"https:\\\/\\\/redenoticiaz.com.br\\\/litoralsp\\\/#organization\"},\"potentialAction\":[{\"@type\":\"SearchAction\",\"target\":{\"@type\":\"EntryPoint\",\"urlTemplate\":\"https:\\\/\\\/redenoticiaz.com.br\\\/litoralsp\\\/?s={search_term_string}\"},\"query-input\":{\"@type\":\"PropertyValueSpecification\",\"valueRequired\":true,\"valueName\":\"search_term_string\"}}],\"inLanguage\":\"pt-BR\"},{\"@type\":\"Organization\",\"@id\":\"https:\\\/\\\/redenoticiaz.com.br\\\/litoralsp\\\/#organization\",\"name\":\"Litoral SP\",\"url\":\"https:\\\/\\\/redenoticiaz.com.br\\\/litoralsp\\\/\",\"logo\":{\"@type\":\"ImageObject\",\"inLanguage\":\"pt-BR\",\"@id\":\"https:\\\/\\\/redenoticiaz.com.br\\\/litoralsp\\\/#\\\/schema\\\/logo\\\/image\\\/\",\"url\":\"https:\\\/\\\/redenoticiaz.com.br\\\/litoralsp\\\/wp-content\\\/uploads\\\/sites\\\/3\\\/2020\\\/11\\\/logo.jpg\",\"contentUrl\":\"https:\\\/\\\/redenoticiaz.com.br\\\/litoralsp\\\/wp-content\\\/uploads\\\/sites\\\/3\\\/2020\\\/11\\\/logo.jpg\",\"width\":400,\"height\":250,\"caption\":\"Litoral SP\"},\"image\":{\"@id\":\"https:\\\/\\\/redenoticiaz.com.br\\\/litoralsp\\\/#\\\/schema\\\/logo\\\/image\\\/\"}},{\"@type\":\"Person\",\"@id\":\"https:\\\/\\\/redenoticiaz.com.br\\\/litoralsp\\\/#\\\/schema\\\/person\\\/0f0b8a5bdafefe82841e07ae8d81ecb3\",\"name\":\"Leonardo Francisco\",\"image\":{\"@type\":\"ImageObject\",\"inLanguage\":\"pt-BR\",\"@id\":\"https:\\\/\\\/secure.gravatar.com\\\/avatar\\\/a7358cb406a99b682ec6df1e77e31ae82e63601f6784e8a3df411d72b37864da?s=96&d=mm&r=g\",\"url\":\"https:\\\/\\\/secure.gravatar.com\\\/avatar\\\/a7358cb406a99b682ec6df1e77e31ae82e63601f6784e8a3df411d72b37864da?s=96&d=mm&r=g\",\"contentUrl\":\"https:\\\/\\\/secure.gravatar.com\\\/avatar\\\/a7358cb406a99b682ec6df1e77e31ae82e63601f6784e8a3df411d72b37864da?s=96&d=mm&r=g\",\"caption\":\"Leonardo Francisco\"},\"url\":\"https:\\\/\\\/redenoticiaz.com.br\\\/litoralsp\\\/author\\\/leonardo-francisco\"}]}<\/script>\n<!-- \/ Yoast SEO plugin. -->","yoast_head_json":{"title":"Confira a programa\u00e7\u00e3o do R\u00e9veillon no Litoral Norte - Litoral SP","description":"e tamb\u00e9m turistas do Litoral Norte certamente est\u00e3o contando as horas para celebrar a chegada de 2023. Al\u00e9m do R\u00e9veillon, atra\u00e7\u00f5es","robots":{"index":"index","follow":"follow","max-snippet":"max-snippet:-1","max-image-preview":"max-image-preview:large","max-video-preview":"max-video-preview:-1"},"canonical":"https:\/\/redenoticiaz.com.br\/litoralsp\/2022\/12\/31\/confira-a-programacao-do-reveillon-no-litoral-norte","og_locale":"pt_BR","og_type":"article","og_title":"Confira a programa\u00e7\u00e3o do R\u00e9veillon no Litoral Norte - Litoral SP","og_description":"e tamb\u00e9m turistas do Litoral Norte certamente est\u00e3o contando as horas para celebrar a chegada de 2023. Al\u00e9m do R\u00e9veillon, atra\u00e7\u00f5es","og_url":"https:\/\/redenoticiaz.com.br\/litoralsp\/2022\/12\/31\/confira-a-programacao-do-reveillon-no-litoral-norte","og_site_name":"Litoral SP","article_published_time":"2022-12-31T20:41:20+00:00","og_image":[{"width":492,"height":310,"url":"https:\/\/redenoticiaz.com.br\/litoralsp\/wp-content\/uploads\/sites\/3\/2022\/12\/REVEILLON-23.jpg","type":"image\/jpeg"}],"author":"Leonardo Francisco","twitter_card":"summary_large_image","twitter_misc":{"Escrito por":"Leonardo Francisco","Est. tempo de leitura":"3 minutos"},"schema":{"@context":"https:\/\/schema.org","@graph":[{"@type":"Article","@id":"https:\/\/redenoticiaz.com.br\/litoralsp\/2022\/12\/31\/confira-a-programacao-do-reveillon-no-litoral-norte#article","isPartOf":{"@id":"https:\/\/redenoticiaz.com.br\/litoralsp\/2022\/12\/31\/confira-a-programacao-do-reveillon-no-litoral-norte"},"author":{"name":"Leonardo Francisco","@id":"https:\/\/redenoticiaz.com.br\/litoralsp\/#\/schema\/person\/0f0b8a5bdafefe82841e07ae8d81ecb3"},"headline":"Confira a programa\u00e7\u00e3o do R\u00e9veillon no Litoral Norte","datePublished":"2022-12-31T20:41:20+00:00","mainEntityOfPage":{"@id":"https:\/\/redenoticiaz.com.br\/litoralsp\/2022\/12\/31\/confira-a-programacao-do-reveillon-no-litoral-norte"},"wordCount":536,"commentCount":0,"publisher":{"@id":"https:\/\/redenoticiaz.com.br\/litoralsp\/#organization"},"image":{"@id":"https:\/\/redenoticiaz.com.br\/litoralsp\/2022\/12\/31\/confira-a-programacao-do-reveillon-no-litoral-norte#primaryimage"},"thumbnailUrl":"https:\/\/redenoticiaz.com.br\/litoralsp\/wp-content\/uploads\/sites\/3\/2022\/12\/REVEILLON-23.jpg","keywords":["CARAGUATATUBA","ILHABELA","LITORAL NORTE","PROGRAMA\u00c7\u00c3O","R\u00c9VEILLON","S\u00c3O SEBASTI\u00c3O"],"articleSection":["Turismo"],"inLanguage":"pt-BR","potentialAction":[{"@type":"CommentAction","name":"Comment","target":["https:\/\/redenoticiaz.com.br\/litoralsp\/2022\/12\/31\/confira-a-programacao-do-reveillon-no-litoral-norte#respond"]}]},{"@type":"WebPage","@id":"https:\/\/redenoticiaz.com.br\/litoralsp\/2022\/12\/31\/confira-a-programacao-do-reveillon-no-litoral-norte","url":"https:\/\/redenoticiaz.com.br\/litoralsp\/2022\/12\/31\/confira-a-programacao-do-reveillon-no-litoral-norte","name":"Confira a programa\u00e7\u00e3o do R\u00e9veillon no Litoral Norte - Litoral SP","isPartOf":{"@id":"https:\/\/redenoticiaz.com.br\/litoralsp\/#website"},"primaryImageOfPage":{"@id":"https:\/\/redenoticiaz.com.br\/litoralsp\/2022\/12\/31\/confira-a-programacao-do-reveillon-no-litoral-norte#primaryimage"},"image":{"@id":"https:\/\/redenoticiaz.com.br\/litoralsp\/2022\/12\/31\/confira-a-programacao-do-reveillon-no-litoral-norte#primaryimage"},"thumbnailUrl":"https:\/\/redenoticiaz.com.br\/litoralsp\/wp-content\/uploads\/sites\/3\/2022\/12\/REVEILLON-23.jpg","datePublished":"2022-12-31T20:41:20+00:00","description":"e tamb\u00e9m turistas do Litoral Norte certamente est\u00e3o contando as horas para celebrar a chegada de 2023. Al\u00e9m do R\u00e9veillon, atra\u00e7\u00f5es","inLanguage":"pt-BR","potentialAction":[{"@type":"ReadAction","target":["https:\/\/redenoticiaz.com.br\/litoralsp\/2022\/12\/31\/confira-a-programacao-do-reveillon-no-litoral-norte"]}]},{"@type":"ImageObject","inLanguage":"pt-BR","@id":"https:\/\/redenoticiaz.com.br\/litoralsp\/2022\/12\/31\/confira-a-programacao-do-reveillon-no-litoral-norte#primaryimage","url":"https:\/\/redenoticiaz.com.br\/litoralsp\/wp-content\/uploads\/sites\/3\/2022\/12\/REVEILLON-23.jpg","contentUrl":"https:\/\/redenoticiaz.com.br\/litoralsp\/wp-content\/uploads\/sites\/3\/2022\/12\/REVEILLON-23.jpg","width":492,"height":310,"caption":"Cr\u00e9ditos: Divulga\u00e7\u00e3o\/Prefeitura de Caraguatatuba"},{"@type":"WebSite","@id":"https:\/\/redenoticiaz.com.br\/litoralsp\/#website","url":"https:\/\/redenoticiaz.com.br\/litoralsp\/","name":"Litoral SP","description":"Rede NoticiaZ","publisher":{"@id":"https:\/\/redenoticiaz.com.br\/litoralsp\/#organization"},"potentialAction":[{"@type":"SearchAction","target":{"@type":"EntryPoint","urlTemplate":"https:\/\/redenoticiaz.com.br\/litoralsp\/?s={search_term_string}"},"query-input":{"@type":"PropertyValueSpecification","valueRequired":true,"valueName":"search_term_string"}}],"inLanguage":"pt-BR"},{"@type":"Organization","@id":"https:\/\/redenoticiaz.com.br\/litoralsp\/#organization","name":"Litoral SP","url":"https:\/\/redenoticiaz.com.br\/litoralsp\/","logo":{"@type":"ImageObject","inLanguage":"pt-BR","@id":"https:\/\/redenoticiaz.com.br\/litoralsp\/#\/schema\/logo\/image\/","url":"https:\/\/redenoticiaz.com.br\/litoralsp\/wp-content\/uploads\/sites\/3\/2020\/11\/logo.jpg","contentUrl":"https:\/\/redenoticiaz.com.br\/litoralsp\/wp-content\/uploads\/sites\/3\/2020\/11\/logo.jpg","width":400,"height":250,"caption":"Litoral SP"},"image":{"@id":"https:\/\/redenoticiaz.com.br\/litoralsp\/#\/schema\/logo\/image\/"}},{"@type":"Person","@id":"https:\/\/redenoticiaz.com.br\/litoralsp\/#\/schema\/person\/0f0b8a5bdafefe82841e07ae8d81ecb3","name":"Leonardo Francisco","image":{"@type":"ImageObject","inLanguage":"pt-BR","@id":"https:\/\/secure.gravatar.com\/avatar\/a7358cb406a99b682ec6df1e77e31ae82e63601f6784e8a3df411d72b37864da?s=96&d=mm&r=g","url":"https:\/\/secure.gravatar.com\/avatar\/a7358cb406a99b682ec6df1e77e31ae82e63601f6784e8a3df411d72b37864da?s=96&d=mm&r=g","contentUrl":"https:\/\/secure.gravatar.com\/avatar\/a7358cb406a99b682ec6df1e77e31ae82e63601f6784e8a3df411d72b37864da?s=96&d=mm&r=g","caption":"Leonardo Francisco"},"url":"https:\/\/redenoticiaz.com.br\/litoralsp\/author\/leonardo-francisco"}]}},"_links":{"self":[{"href":"https:\/\/redenoticiaz.com.br\/litoralsp\/wp-json\/wp\/v2\/posts\/98015","targetHints":{"allow":["GET"]}}],"collection":[{"href":"https:\/\/redenoticiaz.com.br\/litoralsp\/wp-json\/wp\/v2\/posts"}],"about":[{"href":"https:\/\/redenoticiaz.com.br\/litoralsp\/wp-json\/wp\/v2\/types\/post"}],"author":[{"embeddable":true,"href":"https:\/\/redenoticiaz.com.br\/litoralsp\/wp-json\/wp\/v2\/users\/6"}],"replies":[{"embeddable":true,"href":"https:\/\/redenoticiaz.com.br\/litoralsp\/wp-json\/wp\/v2\/comments?post=98015"}],"version-history":[{"count":2,"href":"https:\/\/redenoticiaz.com.br\/litoralsp\/wp-json\/wp\/v2\/posts\/98015\/revisions"}],"predecessor-version":[{"id":98017,"href":"https:\/\/redenoticiaz.com.br\/litoralsp\/wp-json\/wp\/v2\/posts\/98015\/revisions\/98017"}],"wp:featuredmedia":[{"embeddable":true,"href":"https:\/\/redenoticiaz.com.br\/litoralsp\/wp-json\/wp\/v2\/media\/97247"}],"wp:attachment":[{"href":"https:\/\/redenoticiaz.com.br\/litoralsp\/wp-json\/wp\/v2\/media?parent=98015"}],"wp:term":[{"taxonomy":"category","embeddable":true,"href":"https:\/\/redenoticiaz.com.br\/litoralsp\/wp-json\/wp\/v2\/categories?post=98015"},{"taxonomy":"post_tag","embeddable":true,"href":"https:\/\/redenoticiaz.com.br\/litoralsp\/wp-json\/wp\/v2\/tags?post=98015"}],"curies":[{"name":"wp","href":"https:\/\/api.w.org\/{rel}","templated":true}]}}