{"id":9813,"date":"2021-06-09T13:18:13","date_gmt":"2021-06-09T16:18:13","guid":{"rendered":"https:\/\/redenoticiaz.com.br\/litoralsp\/?p=9813"},"modified":"2021-06-09T13:18:35","modified_gmt":"2021-06-09T16:18:35","slug":"teste-moderno-de-antigeno-e-iniciado-em-santos","status":"publish","type":"post","link":"https:\/\/redenoticiaz.com.br\/litoralsp\/2021\/06\/09\/teste-moderno-de-antigeno-e-iniciado-em-santos","title":{"rendered":"Teste moderno de ant\u00edgeno \u00e9 iniciado em Santos"},"content":{"rendered":"<p>Nesta quarta-feira (9), as 12 policl\u00ednicas de Santos que fazem o atendimento contra a Covid-19 poder\u00e3o contar com um <strong>teste ant\u00edgeno moderno<\/strong>. As pessoas que est\u00e3o com os sintomas do coronav\u00edrus podem buscar o exame. Em caso de resultado positivo, pessoas com contato mais pr\u00f3ximo, geralmente familiares, tamb\u00e9m ser\u00e3o testados.<\/p>\n<p>A Prefeitura de Santos informa que o objetivo \u00e9 detectar o mais breve poss\u00edvel a Covid-19, para fazer o isolamento dos doentes e iniciar o monitoramento dos casos. Dessa forma, interven\u00e7\u00f5es medicamentosas ser\u00e3o feitas e at\u00e9 mesmo a interna\u00e7\u00e3o, quando necess\u00e1rio, a partir do quadro cl\u00ednico apresentado pelo paciente, tamb\u00e9m vai ocorrer.<\/p>\n<p>\u201cEntendemos que acompanhar a evolu\u00e7\u00e3o da doen\u00e7a o mais breve poss\u00edvel, j\u00e1 a partir do primeiro dia de sintomas, possibilita mais qualidade na assist\u00eancia ao paciente e, consequentemente, melhores progn\u00f3sticos. Trata-se ainda de um zelo n\u00e3o apenas com quem apresenta sintomas como para as pessoas mais pr\u00f3ximas, que podem estar infectadas e n\u00e3o saber. Al\u00e9m de oferecer cuidado, a medida visa ainda diminuir a circula\u00e7\u00e3o do v\u00edrus e evitar mortes\u201d, explica Adriano Catapreta, secret\u00e1rio municipal de Sa\u00fade.<\/p>\n<p>Vale ressaltar, no entanto, que as pessoas que apresentarem quadro cl\u00ednico preocupante, com agravamento de sintomas, devem continuar a procurar uma das unidades de pronto atendimento do Munic\u00edpio.<\/p>\n<h3>Saiba como vai funcionar<\/h3>\n<p>A pessoa que tiver a suspeita de Covid-19 pode procurar <a href=\"https:\/\/www.santos.sp.gov.br\/?q=noticia\/exames-com-moderno-teste-de-antigeno-iniciam-quarta-em-santos#policcc\">uma das 12 policl\u00ednicas<\/a>, onde passar\u00e1 por avalia\u00e7\u00e3o da enfermagem e, se for preciso, em consulta m\u00e9dica. Havendo indica\u00e7\u00e3o para testagem, ele se submeter\u00e1 a uma coleta da secre\u00e7\u00e3o da nasofaringe.<\/p>\n<p>O resultado \u00e9 conhecido em 15 minutos e servir\u00e1 como diagn\u00f3stico. No caso de resultado positivo, a unidade de sa\u00fade far\u00e1 a mesma testagem com os contatos pr\u00f3ximos ao paciente. Todos os positivos ser\u00e3o devidamente notificados como casos confirmados \u00e0 Se\u00e7\u00e3o de Vigil\u00e2ncia Epidemiol\u00f3gica do Munic\u00edpio.<\/p>\n<p>Os pacientes receber\u00e3o atestado m\u00e9dico e ser\u00e3o monitorados por meio de uma central telef\u00f4nica contratada e capacitada exclusivamente para este acompanhamento. Todos os dias, os pacientes receber\u00e3o liga\u00e7\u00f5es telef\u00f4nicas com o objetivo de monitorar o seu quadro cl\u00ednico, a partir do relato dos sinais e sintomas.<\/p>\n<p>No caso de agravamento do quadro cl\u00ednico, o paciente ser\u00e1 encaminhado para o Servi\u00e7o de Atendimento Especializado, que funciona na sede da Coordenadoria de Controle de Doen\u00e7as Infectocontagiosas (Rua da Constitui\u00e7\u00e3o, 556). Ap\u00f3s avalia\u00e7\u00e3o, poder\u00e1 ser encaminhado para exame de tomografia e, caso necess\u00e1rio, ser\u00e1 disponibilizado ox\u00edmetro para acompanhamento da satura\u00e7\u00e3o de oxig\u00eanio do sangue. Pacientes com quadros mais graves ser\u00e3o encaminhados para interna\u00e7\u00e3o hospitalar.<\/p>\n<h3>Lista das policl\u00ednicas<\/h3>\n<p>Morros<\/p>\n<ul>\n<li>Morro Jos\u00e9 Menino (Rua Carlos Alberto Curado, 77A)<\/li>\n<li>Jabaquara (Rua Vasco da Gama, 32)<\/li>\n<li>Nova Cintra (Rua Jos\u00e9 Oz\u00e9as Barbosa s\/n\u00ba)<\/li>\n<li>S\u00e3o Bento (Rua das Pedras s\/n\u00ba)<\/li>\n<li>Centro Martins Fontes (Rua Luiza Macuco, 40)<\/li>\n<\/ul>\n<p>Orla<\/p>\n<ul>\n<li>Aparecida (Av. Pedro Lessa, 1.728)<\/li>\n<li>Pompeia (Rua Cear\u00e1, 11)<\/li>\n<\/ul>\n<p>Zona Noroeste<\/p>\n<ul>\n<li>R\u00e1dio Clube (Av. Hugo Maia s\/n\u00ba)<\/li>\n<li>Castelo (Rua Francisco de Barros Melo, 184)<\/li>\n<li>S\u00e3o Manoel (Pra\u00e7a Nicolau Geraigire s\/n\u00ba)<\/li>\n<\/ul>\n<p>\u00c1rea Continental<\/p>\n<ul>\n<li>Caruara (Rua Andrade Soares s\/n\u00ba)<\/li>\n<li>Monte Cabr\u00e3o (Av. Principal s\/n\u00ba)<\/li>\n<\/ul>\n<p><strong>LEIA TAMB\u00c9M<\/strong><\/p>\n<p><a href=\"https:\/\/redenoticiaz.com.br\/litoralsp\/2021\/06\/08\/escola-municipal-de-santos-faz-testes-rapidos-contra-covid-19\">Escola municipal de Santos faz testes r\u00e1pidos contra Covid-19<\/a><\/p>\n","protected":false},"excerpt":{"rendered":"<p>Nesta quarta-feira (9), as 12 policl\u00ednicas de Santos que fazem o atendimento contra a Covid-19 poder\u00e3o contar com um teste ant\u00edgeno moderno. As pessoas que est\u00e3o com os sintomas do coronav\u00edrus podem buscar o exame. Em caso de resultado positivo, pessoas com contato mais pr\u00f3ximo, geralmente familiares, tamb\u00e9m ser\u00e3o testados. A Prefeitura de Santos informa &hellip;<\/p>\n","protected":false},"author":6,"featured_media":9814,"comment_status":"open","ping_status":"closed","sticky":false,"template":"","format":"standard","meta":{"footnotes":""},"categories":[180,23],"tags":[36,10662,986,24888],"class_list":["post-9813","post","type-post","status-publish","format-standard","has-post-thumbnail","hentry","category-santos","category-saude","tag-covid-19","tag-policlinicas","tag-santos","tag-teste-antigeno"],"yoast_head":"<!-- This site is optimized with the Yoast SEO plugin v27.5 - https:\/\/yoast.com\/product\/yoast-seo-wordpress\/ -->\n<title>Teste moderno de ant\u00edgeno \u00e9 iniciado em Santos - Litoral SP<\/title>\n<meta name=\"description\" content=\"Nesta quarta-feira (9), as 12 policl\u00ednicas de Santos que fazem o atendimento contra a Covid-19 poder\u00e3o contar com um teste ant\u00edgeno moderno. As pessoas\" \/>\n<meta name=\"robots\" content=\"index, follow, max-snippet:-1, max-image-preview:large, max-video-preview:-1\" \/>\n<link rel=\"canonical\" href=\"https:\/\/redenoticiaz.com.br\/litoralsp\/2021\/06\/09\/teste-moderno-de-antigeno-e-iniciado-em-santos\" \/>\n<meta property=\"og:locale\" content=\"pt_BR\" \/>\n<meta property=\"og:type\" content=\"article\" \/>\n<meta property=\"og:title\" content=\"Teste moderno de ant\u00edgeno \u00e9 iniciado em Santos - Litoral SP\" \/>\n<meta property=\"og:description\" content=\"Nesta quarta-feira (9), as 12 policl\u00ednicas de Santos que fazem o atendimento contra a Covid-19 poder\u00e3o contar com um teste ant\u00edgeno moderno. As pessoas\" \/>\n<meta property=\"og:url\" content=\"https:\/\/redenoticiaz.com.br\/litoralsp\/2021\/06\/09\/teste-moderno-de-antigeno-e-iniciado-em-santos\" \/>\n<meta property=\"og:site_name\" content=\"Litoral SP\" \/>\n<meta property=\"article:published_time\" content=\"2021-06-09T16:18:13+00:00\" \/>\n<meta property=\"article:modified_time\" content=\"2021-06-09T16:18:35+00:00\" \/>\n<meta property=\"og:image\" content=\"https:\/\/redenoticiaz.com.br\/litoralsp\/wp-content\/uploads\/sites\/3\/2021\/06\/teste-antigeno.jpg\" \/>\n\t<meta property=\"og:image:width\" content=\"1080\" \/>\n\t<meta property=\"og:image:height\" content=\"720\" \/>\n\t<meta property=\"og:image:type\" content=\"image\/jpeg\" \/>\n<meta name=\"author\" content=\"Leonardo Francisco\" \/>\n<meta name=\"twitter:card\" content=\"summary_large_image\" \/>\n<meta name=\"twitter:label1\" content=\"Escrito por\" \/>\n\t<meta name=\"twitter:data1\" content=\"Leonardo Francisco\" \/>\n\t<meta name=\"twitter:label2\" content=\"Est. tempo de leitura\" \/>\n\t<meta name=\"twitter:data2\" content=\"3 minutos\" \/>\n<script type=\"application\/ld+json\" class=\"yoast-schema-graph\">{\"@context\":\"https:\\\/\\\/schema.org\",\"@graph\":[{\"@type\":\"Article\",\"@id\":\"https:\\\/\\\/redenoticiaz.com.br\\\/litoralsp\\\/2021\\\/06\\\/09\\\/teste-moderno-de-antigeno-e-iniciado-em-santos#article\",\"isPartOf\":{\"@id\":\"https:\\\/\\\/redenoticiaz.com.br\\\/litoralsp\\\/2021\\\/06\\\/09\\\/teste-moderno-de-antigeno-e-iniciado-em-santos\"},\"author\":{\"name\":\"Leonardo Francisco\",\"@id\":\"https:\\\/\\\/redenoticiaz.com.br\\\/litoralsp\\\/#\\\/schema\\\/person\\\/0f0b8a5bdafefe82841e07ae8d81ecb3\"},\"headline\":\"Teste moderno de ant\u00edgeno \u00e9 iniciado em Santos\",\"datePublished\":\"2021-06-09T16:18:13+00:00\",\"dateModified\":\"2021-06-09T16:18:35+00:00\",\"mainEntityOfPage\":{\"@id\":\"https:\\\/\\\/redenoticiaz.com.br\\\/litoralsp\\\/2021\\\/06\\\/09\\\/teste-moderno-de-antigeno-e-iniciado-em-santos\"},\"wordCount\":574,\"commentCount\":0,\"publisher\":{\"@id\":\"https:\\\/\\\/redenoticiaz.com.br\\\/litoralsp\\\/#organization\"},\"image\":{\"@id\":\"https:\\\/\\\/redenoticiaz.com.br\\\/litoralsp\\\/2021\\\/06\\\/09\\\/teste-moderno-de-antigeno-e-iniciado-em-santos#primaryimage\"},\"thumbnailUrl\":\"https:\\\/\\\/redenoticiaz.com.br\\\/litoralsp\\\/wp-content\\\/uploads\\\/sites\\\/3\\\/2021\\\/06\\\/teste-antigeno.jpg\",\"keywords\":[\"Covid-19\",\"POLICL\u00cdNICAS\",\"Santos\",\"TESTE ANT\u00cdGENO\"],\"articleSection\":[\"Santos\",\"Sa\u00fade\"],\"inLanguage\":\"pt-BR\",\"potentialAction\":[{\"@type\":\"CommentAction\",\"name\":\"Comment\",\"target\":[\"https:\\\/\\\/redenoticiaz.com.br\\\/litoralsp\\\/2021\\\/06\\\/09\\\/teste-moderno-de-antigeno-e-iniciado-em-santos#respond\"]}]},{\"@type\":\"WebPage\",\"@id\":\"https:\\\/\\\/redenoticiaz.com.br\\\/litoralsp\\\/2021\\\/06\\\/09\\\/teste-moderno-de-antigeno-e-iniciado-em-santos\",\"url\":\"https:\\\/\\\/redenoticiaz.com.br\\\/litoralsp\\\/2021\\\/06\\\/09\\\/teste-moderno-de-antigeno-e-iniciado-em-santos\",\"name\":\"Teste moderno de ant\u00edgeno \u00e9 iniciado em Santos - Litoral SP\",\"isPartOf\":{\"@id\":\"https:\\\/\\\/redenoticiaz.com.br\\\/litoralsp\\\/#website\"},\"primaryImageOfPage\":{\"@id\":\"https:\\\/\\\/redenoticiaz.com.br\\\/litoralsp\\\/2021\\\/06\\\/09\\\/teste-moderno-de-antigeno-e-iniciado-em-santos#primaryimage\"},\"image\":{\"@id\":\"https:\\\/\\\/redenoticiaz.com.br\\\/litoralsp\\\/2021\\\/06\\\/09\\\/teste-moderno-de-antigeno-e-iniciado-em-santos#primaryimage\"},\"thumbnailUrl\":\"https:\\\/\\\/redenoticiaz.com.br\\\/litoralsp\\\/wp-content\\\/uploads\\\/sites\\\/3\\\/2021\\\/06\\\/teste-antigeno.jpg\",\"datePublished\":\"2021-06-09T16:18:13+00:00\",\"dateModified\":\"2021-06-09T16:18:35+00:00\",\"description\":\"Nesta quarta-feira (9), as 12 policl\u00ednicas de Santos que fazem o atendimento contra a Covid-19 poder\u00e3o contar com um teste ant\u00edgeno moderno. As pessoas\",\"inLanguage\":\"pt-BR\",\"potentialAction\":[{\"@type\":\"ReadAction\",\"target\":[\"https:\\\/\\\/redenoticiaz.com.br\\\/litoralsp\\\/2021\\\/06\\\/09\\\/teste-moderno-de-antigeno-e-iniciado-em-santos\"]}]},{\"@type\":\"ImageObject\",\"inLanguage\":\"pt-BR\",\"@id\":\"https:\\\/\\\/redenoticiaz.com.br\\\/litoralsp\\\/2021\\\/06\\\/09\\\/teste-moderno-de-antigeno-e-iniciado-em-santos#primaryimage\",\"url\":\"https:\\\/\\\/redenoticiaz.com.br\\\/litoralsp\\\/wp-content\\\/uploads\\\/sites\\\/3\\\/2021\\\/06\\\/teste-antigeno.jpg\",\"contentUrl\":\"https:\\\/\\\/redenoticiaz.com.br\\\/litoralsp\\\/wp-content\\\/uploads\\\/sites\\\/3\\\/2021\\\/06\\\/teste-antigeno.jpg\",\"width\":1080,\"height\":720,\"caption\":\"Cr\u00e9ditos: Divulga\u00e7\u00e3o\\\/Prefeitura de Santos.\"},{\"@type\":\"WebSite\",\"@id\":\"https:\\\/\\\/redenoticiaz.com.br\\\/litoralsp\\\/#website\",\"url\":\"https:\\\/\\\/redenoticiaz.com.br\\\/litoralsp\\\/\",\"name\":\"Litoral SP\",\"description\":\"Rede NoticiaZ\",\"publisher\":{\"@id\":\"https:\\\/\\\/redenoticiaz.com.br\\\/litoralsp\\\/#organization\"},\"potentialAction\":[{\"@type\":\"SearchAction\",\"target\":{\"@type\":\"EntryPoint\",\"urlTemplate\":\"https:\\\/\\\/redenoticiaz.com.br\\\/litoralsp\\\/?s={search_term_string}\"},\"query-input\":{\"@type\":\"PropertyValueSpecification\",\"valueRequired\":true,\"valueName\":\"search_term_string\"}}],\"inLanguage\":\"pt-BR\"},{\"@type\":\"Organization\",\"@id\":\"https:\\\/\\\/redenoticiaz.com.br\\\/litoralsp\\\/#organization\",\"name\":\"Litoral SP\",\"url\":\"https:\\\/\\\/redenoticiaz.com.br\\\/litoralsp\\\/\",\"logo\":{\"@type\":\"ImageObject\",\"inLanguage\":\"pt-BR\",\"@id\":\"https:\\\/\\\/redenoticiaz.com.br\\\/litoralsp\\\/#\\\/schema\\\/logo\\\/image\\\/\",\"url\":\"https:\\\/\\\/redenoticiaz.com.br\\\/litoralsp\\\/wp-content\\\/uploads\\\/sites\\\/3\\\/2020\\\/11\\\/logo.jpg\",\"contentUrl\":\"https:\\\/\\\/redenoticiaz.com.br\\\/litoralsp\\\/wp-content\\\/uploads\\\/sites\\\/3\\\/2020\\\/11\\\/logo.jpg\",\"width\":400,\"height\":250,\"caption\":\"Litoral SP\"},\"image\":{\"@id\":\"https:\\\/\\\/redenoticiaz.com.br\\\/litoralsp\\\/#\\\/schema\\\/logo\\\/image\\\/\"}},{\"@type\":\"Person\",\"@id\":\"https:\\\/\\\/redenoticiaz.com.br\\\/litoralsp\\\/#\\\/schema\\\/person\\\/0f0b8a5bdafefe82841e07ae8d81ecb3\",\"name\":\"Leonardo Francisco\",\"image\":{\"@type\":\"ImageObject\",\"inLanguage\":\"pt-BR\",\"@id\":\"https:\\\/\\\/secure.gravatar.com\\\/avatar\\\/a7358cb406a99b682ec6df1e77e31ae82e63601f6784e8a3df411d72b37864da?s=96&d=mm&r=g\",\"url\":\"https:\\\/\\\/secure.gravatar.com\\\/avatar\\\/a7358cb406a99b682ec6df1e77e31ae82e63601f6784e8a3df411d72b37864da?s=96&d=mm&r=g\",\"contentUrl\":\"https:\\\/\\\/secure.gravatar.com\\\/avatar\\\/a7358cb406a99b682ec6df1e77e31ae82e63601f6784e8a3df411d72b37864da?s=96&d=mm&r=g\",\"caption\":\"Leonardo Francisco\"},\"url\":\"https:\\\/\\\/redenoticiaz.com.br\\\/litoralsp\\\/author\\\/leonardo-francisco\"}]}<\/script>\n<!-- \/ Yoast SEO plugin. -->","yoast_head_json":{"title":"Teste moderno de ant\u00edgeno \u00e9 iniciado em Santos - Litoral SP","description":"Nesta quarta-feira (9), as 12 policl\u00ednicas de Santos que fazem o atendimento contra a Covid-19 poder\u00e3o contar com um teste ant\u00edgeno moderno. As pessoas","robots":{"index":"index","follow":"follow","max-snippet":"max-snippet:-1","max-image-preview":"max-image-preview:large","max-video-preview":"max-video-preview:-1"},"canonical":"https:\/\/redenoticiaz.com.br\/litoralsp\/2021\/06\/09\/teste-moderno-de-antigeno-e-iniciado-em-santos","og_locale":"pt_BR","og_type":"article","og_title":"Teste moderno de ant\u00edgeno \u00e9 iniciado em Santos - Litoral SP","og_description":"Nesta quarta-feira (9), as 12 policl\u00ednicas de Santos que fazem o atendimento contra a Covid-19 poder\u00e3o contar com um teste ant\u00edgeno moderno. As pessoas","og_url":"https:\/\/redenoticiaz.com.br\/litoralsp\/2021\/06\/09\/teste-moderno-de-antigeno-e-iniciado-em-santos","og_site_name":"Litoral SP","article_published_time":"2021-06-09T16:18:13+00:00","article_modified_time":"2021-06-09T16:18:35+00:00","og_image":[{"width":1080,"height":720,"url":"https:\/\/redenoticiaz.com.br\/litoralsp\/wp-content\/uploads\/sites\/3\/2021\/06\/teste-antigeno.jpg","type":"image\/jpeg"}],"author":"Leonardo Francisco","twitter_card":"summary_large_image","twitter_misc":{"Escrito por":"Leonardo Francisco","Est. tempo de leitura":"3 minutos"},"schema":{"@context":"https:\/\/schema.org","@graph":[{"@type":"Article","@id":"https:\/\/redenoticiaz.com.br\/litoralsp\/2021\/06\/09\/teste-moderno-de-antigeno-e-iniciado-em-santos#article","isPartOf":{"@id":"https:\/\/redenoticiaz.com.br\/litoralsp\/2021\/06\/09\/teste-moderno-de-antigeno-e-iniciado-em-santos"},"author":{"name":"Leonardo Francisco","@id":"https:\/\/redenoticiaz.com.br\/litoralsp\/#\/schema\/person\/0f0b8a5bdafefe82841e07ae8d81ecb3"},"headline":"Teste moderno de ant\u00edgeno \u00e9 iniciado em Santos","datePublished":"2021-06-09T16:18:13+00:00","dateModified":"2021-06-09T16:18:35+00:00","mainEntityOfPage":{"@id":"https:\/\/redenoticiaz.com.br\/litoralsp\/2021\/06\/09\/teste-moderno-de-antigeno-e-iniciado-em-santos"},"wordCount":574,"commentCount":0,"publisher":{"@id":"https:\/\/redenoticiaz.com.br\/litoralsp\/#organization"},"image":{"@id":"https:\/\/redenoticiaz.com.br\/litoralsp\/2021\/06\/09\/teste-moderno-de-antigeno-e-iniciado-em-santos#primaryimage"},"thumbnailUrl":"https:\/\/redenoticiaz.com.br\/litoralsp\/wp-content\/uploads\/sites\/3\/2021\/06\/teste-antigeno.jpg","keywords":["Covid-19","POLICL\u00cdNICAS","Santos","TESTE ANT\u00cdGENO"],"articleSection":["Santos","Sa\u00fade"],"inLanguage":"pt-BR","potentialAction":[{"@type":"CommentAction","name":"Comment","target":["https:\/\/redenoticiaz.com.br\/litoralsp\/2021\/06\/09\/teste-moderno-de-antigeno-e-iniciado-em-santos#respond"]}]},{"@type":"WebPage","@id":"https:\/\/redenoticiaz.com.br\/litoralsp\/2021\/06\/09\/teste-moderno-de-antigeno-e-iniciado-em-santos","url":"https:\/\/redenoticiaz.com.br\/litoralsp\/2021\/06\/09\/teste-moderno-de-antigeno-e-iniciado-em-santos","name":"Teste moderno de ant\u00edgeno \u00e9 iniciado em Santos - Litoral SP","isPartOf":{"@id":"https:\/\/redenoticiaz.com.br\/litoralsp\/#website"},"primaryImageOfPage":{"@id":"https:\/\/redenoticiaz.com.br\/litoralsp\/2021\/06\/09\/teste-moderno-de-antigeno-e-iniciado-em-santos#primaryimage"},"image":{"@id":"https:\/\/redenoticiaz.com.br\/litoralsp\/2021\/06\/09\/teste-moderno-de-antigeno-e-iniciado-em-santos#primaryimage"},"thumbnailUrl":"https:\/\/redenoticiaz.com.br\/litoralsp\/wp-content\/uploads\/sites\/3\/2021\/06\/teste-antigeno.jpg","datePublished":"2021-06-09T16:18:13+00:00","dateModified":"2021-06-09T16:18:35+00:00","description":"Nesta quarta-feira (9), as 12 policl\u00ednicas de Santos que fazem o atendimento contra a Covid-19 poder\u00e3o contar com um teste ant\u00edgeno moderno. As pessoas","inLanguage":"pt-BR","potentialAction":[{"@type":"ReadAction","target":["https:\/\/redenoticiaz.com.br\/litoralsp\/2021\/06\/09\/teste-moderno-de-antigeno-e-iniciado-em-santos"]}]},{"@type":"ImageObject","inLanguage":"pt-BR","@id":"https:\/\/redenoticiaz.com.br\/litoralsp\/2021\/06\/09\/teste-moderno-de-antigeno-e-iniciado-em-santos#primaryimage","url":"https:\/\/redenoticiaz.com.br\/litoralsp\/wp-content\/uploads\/sites\/3\/2021\/06\/teste-antigeno.jpg","contentUrl":"https:\/\/redenoticiaz.com.br\/litoralsp\/wp-content\/uploads\/sites\/3\/2021\/06\/teste-antigeno.jpg","width":1080,"height":720,"caption":"Cr\u00e9ditos: Divulga\u00e7\u00e3o\/Prefeitura de Santos."},{"@type":"WebSite","@id":"https:\/\/redenoticiaz.com.br\/litoralsp\/#website","url":"https:\/\/redenoticiaz.com.br\/litoralsp\/","name":"Litoral SP","description":"Rede NoticiaZ","publisher":{"@id":"https:\/\/redenoticiaz.com.br\/litoralsp\/#organization"},"potentialAction":[{"@type":"SearchAction","target":{"@type":"EntryPoint","urlTemplate":"https:\/\/redenoticiaz.com.br\/litoralsp\/?s={search_term_string}"},"query-input":{"@type":"PropertyValueSpecification","valueRequired":true,"valueName":"search_term_string"}}],"inLanguage":"pt-BR"},{"@type":"Organization","@id":"https:\/\/redenoticiaz.com.br\/litoralsp\/#organization","name":"Litoral SP","url":"https:\/\/redenoticiaz.com.br\/litoralsp\/","logo":{"@type":"ImageObject","inLanguage":"pt-BR","@id":"https:\/\/redenoticiaz.com.br\/litoralsp\/#\/schema\/logo\/image\/","url":"https:\/\/redenoticiaz.com.br\/litoralsp\/wp-content\/uploads\/sites\/3\/2020\/11\/logo.jpg","contentUrl":"https:\/\/redenoticiaz.com.br\/litoralsp\/wp-content\/uploads\/sites\/3\/2020\/11\/logo.jpg","width":400,"height":250,"caption":"Litoral SP"},"image":{"@id":"https:\/\/redenoticiaz.com.br\/litoralsp\/#\/schema\/logo\/image\/"}},{"@type":"Person","@id":"https:\/\/redenoticiaz.com.br\/litoralsp\/#\/schema\/person\/0f0b8a5bdafefe82841e07ae8d81ecb3","name":"Leonardo Francisco","image":{"@type":"ImageObject","inLanguage":"pt-BR","@id":"https:\/\/secure.gravatar.com\/avatar\/a7358cb406a99b682ec6df1e77e31ae82e63601f6784e8a3df411d72b37864da?s=96&d=mm&r=g","url":"https:\/\/secure.gravatar.com\/avatar\/a7358cb406a99b682ec6df1e77e31ae82e63601f6784e8a3df411d72b37864da?s=96&d=mm&r=g","contentUrl":"https:\/\/secure.gravatar.com\/avatar\/a7358cb406a99b682ec6df1e77e31ae82e63601f6784e8a3df411d72b37864da?s=96&d=mm&r=g","caption":"Leonardo Francisco"},"url":"https:\/\/redenoticiaz.com.br\/litoralsp\/author\/leonardo-francisco"}]}},"_links":{"self":[{"href":"https:\/\/redenoticiaz.com.br\/litoralsp\/wp-json\/wp\/v2\/posts\/9813","targetHints":{"allow":["GET"]}}],"collection":[{"href":"https:\/\/redenoticiaz.com.br\/litoralsp\/wp-json\/wp\/v2\/posts"}],"about":[{"href":"https:\/\/redenoticiaz.com.br\/litoralsp\/wp-json\/wp\/v2\/types\/post"}],"author":[{"embeddable":true,"href":"https:\/\/redenoticiaz.com.br\/litoralsp\/wp-json\/wp\/v2\/users\/6"}],"replies":[{"embeddable":true,"href":"https:\/\/redenoticiaz.com.br\/litoralsp\/wp-json\/wp\/v2\/comments?post=9813"}],"version-history":[{"count":1,"href":"https:\/\/redenoticiaz.com.br\/litoralsp\/wp-json\/wp\/v2\/posts\/9813\/revisions"}],"predecessor-version":[{"id":9815,"href":"https:\/\/redenoticiaz.com.br\/litoralsp\/wp-json\/wp\/v2\/posts\/9813\/revisions\/9815"}],"wp:featuredmedia":[{"embeddable":true,"href":"https:\/\/redenoticiaz.com.br\/litoralsp\/wp-json\/wp\/v2\/media\/9814"}],"wp:attachment":[{"href":"https:\/\/redenoticiaz.com.br\/litoralsp\/wp-json\/wp\/v2\/media?parent=9813"}],"wp:term":[{"taxonomy":"category","embeddable":true,"href":"https:\/\/redenoticiaz.com.br\/litoralsp\/wp-json\/wp\/v2\/categories?post=9813"},{"taxonomy":"post_tag","embeddable":true,"href":"https:\/\/redenoticiaz.com.br\/litoralsp\/wp-json\/wp\/v2\/tags?post=9813"}],"curies":[{"name":"wp","href":"https:\/\/api.w.org\/{rel}","templated":true}]}}