{"id":98403,"date":"2023-01-06T18:46:13","date_gmt":"2023-01-06T21:46:13","guid":{"rendered":"https:\/\/redenoticiaz.com.br\/litoralsp\/?p=98403"},"modified":"2023-01-06T18:46:13","modified_gmt":"2023-01-06T21:46:13","slug":"suspeito-de-estelionato-eletronico-e-preso-em-santos","status":"publish","type":"post","link":"https:\/\/redenoticiaz.com.br\/litoralsp\/2023\/01\/06\/suspeito-de-estelionato-eletronico-e-preso-em-santos","title":{"rendered":"Suspeito de estelionato eletr\u00f4nico \u00e9 preso em Santos"},"content":{"rendered":"<p>Um homem de 29 anos, suspeito de estelionato eletr\u00f4nico foi preso em flagrante na cidade Santos na tarde desta sexta-feira (6).<\/p>\n<p>De acordo com as informa\u00e7\u00f5es, o acusado \u00e9 suspeito de aplicar diversos golpes em pessoas e institui\u00e7\u00f5es de investimento atrav\u00e9s de engenharia social.<\/p>\n<p>Ainda de acordo com as informa\u00e7\u00f5es, o suspeito usava de um formul\u00e1rio que era enviado via SMS e que ap\u00f3s preenchido permitia o acesso ao Token de contas banc\u00e1rias.<\/p>\n<p>Sendo assim, as investiga\u00e7\u00f5es come\u00e7aram ap\u00f3s diversas v\u00edtimas procurarem a Pol\u00edcia e relatar os danos atrav\u00e9s do golpe eletr\u00f4nico.<\/p>\n<h2>Investiga\u00e7\u00e3o<\/h2>\n<p>As autoridades conseguiram identificar o aparelho celular do suspeito e a sua localiza\u00e7\u00e3o por meio do monitoramento de transa\u00e7\u00f5es banc\u00e1rias.<\/p>\n<p>As equipes foram at\u00e9 o bairro Chico de Paula e aguardaram o suspeito receber cart\u00f5es banc\u00e1rios fraudados em nomes de terceiros. Assim que os recebeu, foi abordado.<\/p>\n<p>Segundo a Pol\u00edcia, foram apreendidos 8 cart\u00f5es de cr\u00e9dito dentro de envelopes lacrados, 2 m\u00e1quinas de cart\u00f5es banc\u00e1rios e 5 celulares.<\/p>\n<p>A Pol\u00edcia ainda encontrou um caderno com informa\u00e7\u00f5es das v\u00edtimas e valores subtra\u00eddos, al\u00e9m de documentos pessoais em nome de terceiros e diversos chips de celular.<\/p>\n<h3>Engenharia para esconder provas<\/h3>\n<p>De acordo com os investigadores, enquanto atuavam no local, de maneira remota, os dados do notebook eram apagados.<\/p>\n<p>Ainda de acordo com as informa\u00e7\u00f5es, imediatamente a equipe desconectou os aparelhos eletr\u00f4nicos da internet, impedindo a destrui\u00e7\u00e3o de provas.<\/p>\n<p>Dito isto, todo material apreendido foi encaminhado a delegacia. O homem foi preso em flagrante pelo crime de estelionato eletr\u00f4nico.<\/p>\n<p><strong>Leia mais<\/strong><\/p>\n<p><a href=\"https:\/\/redenoticiaz.com.br\/litoralsp\/2023\/01\/06\/cameras-de-seguranca-ajudam-pm-a-prender-dupla-com-produtos-furtados-em-santos\">C\u00e2meras de seguran\u00e7a ajudam PM a prender dupla com produtos furtados em Santos<\/a><\/p>\n<p><a href=\"https:\/\/redenoticiaz.com.br\/litoralsp\/2023\/01\/06\/associacao-comercial-de-santos-lanca-revista-com-dados-sobre-a-baixada-santista\">Associa\u00e7\u00e3o Comercial de Santos lan\u00e7a revista com dados sobre a Baixada Santista<\/a><\/p>\n","protected":false},"excerpt":{"rendered":"<p>Um homem de 29 anos, suspeito de estelionato eletr\u00f4nico foi preso em flagrante na cidade Santos na tarde desta sexta-feira (6). De acordo com as informa\u00e7\u00f5es, o acusado \u00e9 suspeito de aplicar diversos golpes em pessoas e institui\u00e7\u00f5es de investimento atrav\u00e9s de engenharia social. Ainda de acordo com as informa\u00e7\u00f5es, o suspeito usava de um &hellip;<\/p>\n","protected":false},"author":12,"featured_media":98404,"comment_status":"open","ping_status":"closed","sticky":false,"template":"","format":"standard","meta":{"footnotes":""},"categories":[180],"tags":[62377,62376,62375,986],"class_list":["post-98403","post","type-post","status-publish","format-standard","has-post-thumbnail","hentry","category-santos","tag-bairro-chico-de-paula","tag-cartoes-de-credito","tag-estelionato-eletronico","tag-santos"],"yoast_head":"<!-- This site is optimized with the Yoast SEO plugin v27.5 - https:\/\/yoast.com\/product\/yoast-seo-wordpress\/ -->\n<title>Suspeito de estelionato eletr\u00f4nico \u00e9 preso em Santos - Litoral SP<\/title>\n<meta name=\"description\" content=\"Um homem de 29 anos, suspeito de estelionato eletr\u00f4nico foi preso em flagrante na cidade Santos na tarde desta sexta-feira (6).\" \/>\n<meta name=\"robots\" content=\"index, follow, max-snippet:-1, max-image-preview:large, max-video-preview:-1\" \/>\n<link rel=\"canonical\" href=\"https:\/\/redenoticiaz.com.br\/litoralsp\/2023\/01\/06\/suspeito-de-estelionato-eletronico-e-preso-em-santos\" \/>\n<meta property=\"og:locale\" content=\"pt_BR\" \/>\n<meta property=\"og:type\" content=\"article\" \/>\n<meta property=\"og:title\" content=\"Suspeito de estelionato eletr\u00f4nico \u00e9 preso em Santos - Litoral SP\" \/>\n<meta property=\"og:description\" content=\"Um homem de 29 anos, suspeito de estelionato eletr\u00f4nico foi preso em flagrante na cidade Santos na tarde desta sexta-feira (6).\" \/>\n<meta property=\"og:url\" content=\"https:\/\/redenoticiaz.com.br\/litoralsp\/2023\/01\/06\/suspeito-de-estelionato-eletronico-e-preso-em-santos\" \/>\n<meta property=\"og:site_name\" content=\"Litoral SP\" \/>\n<meta property=\"article:published_time\" content=\"2023-01-06T21:46:13+00:00\" \/>\n<meta property=\"og:image\" content=\"https:\/\/redenoticiaz.com.br\/litoralsp\/wp-content\/uploads\/sites\/3\/2023\/01\/WhatsApp-Image-2023-01-06-at-18.06.39.jpeg\" \/>\n\t<meta property=\"og:image:width\" content=\"1599\" \/>\n\t<meta property=\"og:image:height\" content=\"899\" \/>\n\t<meta property=\"og:image:type\" content=\"image\/jpeg\" \/>\n<meta name=\"author\" content=\"Gustavo Silva\" \/>\n<meta name=\"twitter:card\" content=\"summary_large_image\" \/>\n<meta name=\"twitter:label1\" content=\"Escrito por\" \/>\n\t<meta name=\"twitter:data1\" content=\"Gustavo Silva\" \/>\n\t<meta name=\"twitter:label2\" content=\"Est. tempo de leitura\" \/>\n\t<meta name=\"twitter:data2\" content=\"2 minutos\" \/>\n<script type=\"application\/ld+json\" class=\"yoast-schema-graph\">{\"@context\":\"https:\\\/\\\/schema.org\",\"@graph\":[{\"@type\":\"Article\",\"@id\":\"https:\\\/\\\/redenoticiaz.com.br\\\/litoralsp\\\/2023\\\/01\\\/06\\\/suspeito-de-estelionato-eletronico-e-preso-em-santos#article\",\"isPartOf\":{\"@id\":\"https:\\\/\\\/redenoticiaz.com.br\\\/litoralsp\\\/2023\\\/01\\\/06\\\/suspeito-de-estelionato-eletronico-e-preso-em-santos\"},\"author\":{\"name\":\"Gustavo Silva\",\"@id\":\"https:\\\/\\\/redenoticiaz.com.br\\\/litoralsp\\\/#\\\/schema\\\/person\\\/16057b37a3c0ee6b096d7f887c566e2e\"},\"headline\":\"Suspeito de estelionato eletr\u00f4nico \u00e9 preso em Santos\",\"datePublished\":\"2023-01-06T21:46:13+00:00\",\"mainEntityOfPage\":{\"@id\":\"https:\\\/\\\/redenoticiaz.com.br\\\/litoralsp\\\/2023\\\/01\\\/06\\\/suspeito-de-estelionato-eletronico-e-preso-em-santos\"},\"wordCount\":318,\"commentCount\":0,\"publisher\":{\"@id\":\"https:\\\/\\\/redenoticiaz.com.br\\\/litoralsp\\\/#organization\"},\"image\":{\"@id\":\"https:\\\/\\\/redenoticiaz.com.br\\\/litoralsp\\\/2023\\\/01\\\/06\\\/suspeito-de-estelionato-eletronico-e-preso-em-santos#primaryimage\"},\"thumbnailUrl\":\"https:\\\/\\\/redenoticiaz.com.br\\\/litoralsp\\\/wp-content\\\/uploads\\\/sites\\\/3\\\/2023\\\/01\\\/WhatsApp-Image-2023-01-06-at-18.06.39.jpeg\",\"keywords\":[\"bairro Chico de Paula\",\"cart\u00f5es de cr\u00e9dito\",\"estelionato eletr\u00f4nico\",\"Santos\"],\"articleSection\":[\"Santos\"],\"inLanguage\":\"pt-BR\",\"potentialAction\":[{\"@type\":\"CommentAction\",\"name\":\"Comment\",\"target\":[\"https:\\\/\\\/redenoticiaz.com.br\\\/litoralsp\\\/2023\\\/01\\\/06\\\/suspeito-de-estelionato-eletronico-e-preso-em-santos#respond\"]}]},{\"@type\":\"WebPage\",\"@id\":\"https:\\\/\\\/redenoticiaz.com.br\\\/litoralsp\\\/2023\\\/01\\\/06\\\/suspeito-de-estelionato-eletronico-e-preso-em-santos\",\"url\":\"https:\\\/\\\/redenoticiaz.com.br\\\/litoralsp\\\/2023\\\/01\\\/06\\\/suspeito-de-estelionato-eletronico-e-preso-em-santos\",\"name\":\"Suspeito de estelionato eletr\u00f4nico \u00e9 preso em Santos - Litoral SP\",\"isPartOf\":{\"@id\":\"https:\\\/\\\/redenoticiaz.com.br\\\/litoralsp\\\/#website\"},\"primaryImageOfPage\":{\"@id\":\"https:\\\/\\\/redenoticiaz.com.br\\\/litoralsp\\\/2023\\\/01\\\/06\\\/suspeito-de-estelionato-eletronico-e-preso-em-santos#primaryimage\"},\"image\":{\"@id\":\"https:\\\/\\\/redenoticiaz.com.br\\\/litoralsp\\\/2023\\\/01\\\/06\\\/suspeito-de-estelionato-eletronico-e-preso-em-santos#primaryimage\"},\"thumbnailUrl\":\"https:\\\/\\\/redenoticiaz.com.br\\\/litoralsp\\\/wp-content\\\/uploads\\\/sites\\\/3\\\/2023\\\/01\\\/WhatsApp-Image-2023-01-06-at-18.06.39.jpeg\",\"datePublished\":\"2023-01-06T21:46:13+00:00\",\"description\":\"Um homem de 29 anos, suspeito de estelionato eletr\u00f4nico foi preso em flagrante na cidade Santos na tarde desta sexta-feira (6).\",\"inLanguage\":\"pt-BR\",\"potentialAction\":[{\"@type\":\"ReadAction\",\"target\":[\"https:\\\/\\\/redenoticiaz.com.br\\\/litoralsp\\\/2023\\\/01\\\/06\\\/suspeito-de-estelionato-eletronico-e-preso-em-santos\"]}]},{\"@type\":\"ImageObject\",\"inLanguage\":\"pt-BR\",\"@id\":\"https:\\\/\\\/redenoticiaz.com.br\\\/litoralsp\\\/2023\\\/01\\\/06\\\/suspeito-de-estelionato-eletronico-e-preso-em-santos#primaryimage\",\"url\":\"https:\\\/\\\/redenoticiaz.com.br\\\/litoralsp\\\/wp-content\\\/uploads\\\/sites\\\/3\\\/2023\\\/01\\\/WhatsApp-Image-2023-01-06-at-18.06.39.jpeg\",\"contentUrl\":\"https:\\\/\\\/redenoticiaz.com.br\\\/litoralsp\\\/wp-content\\\/uploads\\\/sites\\\/3\\\/2023\\\/01\\\/WhatsApp-Image-2023-01-06-at-18.06.39.jpeg\",\"width\":1599,\"height\":899,\"caption\":\"Suspeito de estelionato eletr\u00f4nico \u00e9 preso em Santos\"},{\"@type\":\"WebSite\",\"@id\":\"https:\\\/\\\/redenoticiaz.com.br\\\/litoralsp\\\/#website\",\"url\":\"https:\\\/\\\/redenoticiaz.com.br\\\/litoralsp\\\/\",\"name\":\"Litoral SP\",\"description\":\"Rede NoticiaZ\",\"publisher\":{\"@id\":\"https:\\\/\\\/redenoticiaz.com.br\\\/litoralsp\\\/#organization\"},\"potentialAction\":[{\"@type\":\"SearchAction\",\"target\":{\"@type\":\"EntryPoint\",\"urlTemplate\":\"https:\\\/\\\/redenoticiaz.com.br\\\/litoralsp\\\/?s={search_term_string}\"},\"query-input\":{\"@type\":\"PropertyValueSpecification\",\"valueRequired\":true,\"valueName\":\"search_term_string\"}}],\"inLanguage\":\"pt-BR\"},{\"@type\":\"Organization\",\"@id\":\"https:\\\/\\\/redenoticiaz.com.br\\\/litoralsp\\\/#organization\",\"name\":\"Litoral SP\",\"url\":\"https:\\\/\\\/redenoticiaz.com.br\\\/litoralsp\\\/\",\"logo\":{\"@type\":\"ImageObject\",\"inLanguage\":\"pt-BR\",\"@id\":\"https:\\\/\\\/redenoticiaz.com.br\\\/litoralsp\\\/#\\\/schema\\\/logo\\\/image\\\/\",\"url\":\"https:\\\/\\\/redenoticiaz.com.br\\\/litoralsp\\\/wp-content\\\/uploads\\\/sites\\\/3\\\/2020\\\/11\\\/logo.jpg\",\"contentUrl\":\"https:\\\/\\\/redenoticiaz.com.br\\\/litoralsp\\\/wp-content\\\/uploads\\\/sites\\\/3\\\/2020\\\/11\\\/logo.jpg\",\"width\":400,\"height\":250,\"caption\":\"Litoral SP\"},\"image\":{\"@id\":\"https:\\\/\\\/redenoticiaz.com.br\\\/litoralsp\\\/#\\\/schema\\\/logo\\\/image\\\/\"}},{\"@type\":\"Person\",\"@id\":\"https:\\\/\\\/redenoticiaz.com.br\\\/litoralsp\\\/#\\\/schema\\\/person\\\/16057b37a3c0ee6b096d7f887c566e2e\",\"name\":\"Gustavo Silva\",\"image\":{\"@type\":\"ImageObject\",\"inLanguage\":\"pt-BR\",\"@id\":\"https:\\\/\\\/secure.gravatar.com\\\/avatar\\\/3ee4e82f93b26de0a7cf4ea5eb7893da637ed6bb0c9170c58065944c56e28a33?s=96&d=mm&r=g\",\"url\":\"https:\\\/\\\/secure.gravatar.com\\\/avatar\\\/3ee4e82f93b26de0a7cf4ea5eb7893da637ed6bb0c9170c58065944c56e28a33?s=96&d=mm&r=g\",\"contentUrl\":\"https:\\\/\\\/secure.gravatar.com\\\/avatar\\\/3ee4e82f93b26de0a7cf4ea5eb7893da637ed6bb0c9170c58065944c56e28a33?s=96&d=mm&r=g\",\"caption\":\"Gustavo Silva\"},\"url\":\"https:\\\/\\\/redenoticiaz.com.br\\\/litoralsp\\\/author\\\/gustavosilva\"}]}<\/script>\n<!-- \/ Yoast SEO plugin. -->","yoast_head_json":{"title":"Suspeito de estelionato eletr\u00f4nico \u00e9 preso em Santos - Litoral SP","description":"Um homem de 29 anos, suspeito de estelionato eletr\u00f4nico foi preso em flagrante na cidade Santos na tarde desta sexta-feira (6).","robots":{"index":"index","follow":"follow","max-snippet":"max-snippet:-1","max-image-preview":"max-image-preview:large","max-video-preview":"max-video-preview:-1"},"canonical":"https:\/\/redenoticiaz.com.br\/litoralsp\/2023\/01\/06\/suspeito-de-estelionato-eletronico-e-preso-em-santos","og_locale":"pt_BR","og_type":"article","og_title":"Suspeito de estelionato eletr\u00f4nico \u00e9 preso em Santos - Litoral SP","og_description":"Um homem de 29 anos, suspeito de estelionato eletr\u00f4nico foi preso em flagrante na cidade Santos na tarde desta sexta-feira (6).","og_url":"https:\/\/redenoticiaz.com.br\/litoralsp\/2023\/01\/06\/suspeito-de-estelionato-eletronico-e-preso-em-santos","og_site_name":"Litoral SP","article_published_time":"2023-01-06T21:46:13+00:00","og_image":[{"width":1599,"height":899,"url":"https:\/\/redenoticiaz.com.br\/litoralsp\/wp-content\/uploads\/sites\/3\/2023\/01\/WhatsApp-Image-2023-01-06-at-18.06.39.jpeg","type":"image\/jpeg"}],"author":"Gustavo Silva","twitter_card":"summary_large_image","twitter_misc":{"Escrito por":"Gustavo Silva","Est. tempo de leitura":"2 minutos"},"schema":{"@context":"https:\/\/schema.org","@graph":[{"@type":"Article","@id":"https:\/\/redenoticiaz.com.br\/litoralsp\/2023\/01\/06\/suspeito-de-estelionato-eletronico-e-preso-em-santos#article","isPartOf":{"@id":"https:\/\/redenoticiaz.com.br\/litoralsp\/2023\/01\/06\/suspeito-de-estelionato-eletronico-e-preso-em-santos"},"author":{"name":"Gustavo Silva","@id":"https:\/\/redenoticiaz.com.br\/litoralsp\/#\/schema\/person\/16057b37a3c0ee6b096d7f887c566e2e"},"headline":"Suspeito de estelionato eletr\u00f4nico \u00e9 preso em Santos","datePublished":"2023-01-06T21:46:13+00:00","mainEntityOfPage":{"@id":"https:\/\/redenoticiaz.com.br\/litoralsp\/2023\/01\/06\/suspeito-de-estelionato-eletronico-e-preso-em-santos"},"wordCount":318,"commentCount":0,"publisher":{"@id":"https:\/\/redenoticiaz.com.br\/litoralsp\/#organization"},"image":{"@id":"https:\/\/redenoticiaz.com.br\/litoralsp\/2023\/01\/06\/suspeito-de-estelionato-eletronico-e-preso-em-santos#primaryimage"},"thumbnailUrl":"https:\/\/redenoticiaz.com.br\/litoralsp\/wp-content\/uploads\/sites\/3\/2023\/01\/WhatsApp-Image-2023-01-06-at-18.06.39.jpeg","keywords":["bairro Chico de Paula","cart\u00f5es de cr\u00e9dito","estelionato eletr\u00f4nico","Santos"],"articleSection":["Santos"],"inLanguage":"pt-BR","potentialAction":[{"@type":"CommentAction","name":"Comment","target":["https:\/\/redenoticiaz.com.br\/litoralsp\/2023\/01\/06\/suspeito-de-estelionato-eletronico-e-preso-em-santos#respond"]}]},{"@type":"WebPage","@id":"https:\/\/redenoticiaz.com.br\/litoralsp\/2023\/01\/06\/suspeito-de-estelionato-eletronico-e-preso-em-santos","url":"https:\/\/redenoticiaz.com.br\/litoralsp\/2023\/01\/06\/suspeito-de-estelionato-eletronico-e-preso-em-santos","name":"Suspeito de estelionato eletr\u00f4nico \u00e9 preso em Santos - Litoral SP","isPartOf":{"@id":"https:\/\/redenoticiaz.com.br\/litoralsp\/#website"},"primaryImageOfPage":{"@id":"https:\/\/redenoticiaz.com.br\/litoralsp\/2023\/01\/06\/suspeito-de-estelionato-eletronico-e-preso-em-santos#primaryimage"},"image":{"@id":"https:\/\/redenoticiaz.com.br\/litoralsp\/2023\/01\/06\/suspeito-de-estelionato-eletronico-e-preso-em-santos#primaryimage"},"thumbnailUrl":"https:\/\/redenoticiaz.com.br\/litoralsp\/wp-content\/uploads\/sites\/3\/2023\/01\/WhatsApp-Image-2023-01-06-at-18.06.39.jpeg","datePublished":"2023-01-06T21:46:13+00:00","description":"Um homem de 29 anos, suspeito de estelionato eletr\u00f4nico foi preso em flagrante na cidade Santos na tarde desta sexta-feira (6).","inLanguage":"pt-BR","potentialAction":[{"@type":"ReadAction","target":["https:\/\/redenoticiaz.com.br\/litoralsp\/2023\/01\/06\/suspeito-de-estelionato-eletronico-e-preso-em-santos"]}]},{"@type":"ImageObject","inLanguage":"pt-BR","@id":"https:\/\/redenoticiaz.com.br\/litoralsp\/2023\/01\/06\/suspeito-de-estelionato-eletronico-e-preso-em-santos#primaryimage","url":"https:\/\/redenoticiaz.com.br\/litoralsp\/wp-content\/uploads\/sites\/3\/2023\/01\/WhatsApp-Image-2023-01-06-at-18.06.39.jpeg","contentUrl":"https:\/\/redenoticiaz.com.br\/litoralsp\/wp-content\/uploads\/sites\/3\/2023\/01\/WhatsApp-Image-2023-01-06-at-18.06.39.jpeg","width":1599,"height":899,"caption":"Suspeito de estelionato eletr\u00f4nico \u00e9 preso em Santos"},{"@type":"WebSite","@id":"https:\/\/redenoticiaz.com.br\/litoralsp\/#website","url":"https:\/\/redenoticiaz.com.br\/litoralsp\/","name":"Litoral SP","description":"Rede NoticiaZ","publisher":{"@id":"https:\/\/redenoticiaz.com.br\/litoralsp\/#organization"},"potentialAction":[{"@type":"SearchAction","target":{"@type":"EntryPoint","urlTemplate":"https:\/\/redenoticiaz.com.br\/litoralsp\/?s={search_term_string}"},"query-input":{"@type":"PropertyValueSpecification","valueRequired":true,"valueName":"search_term_string"}}],"inLanguage":"pt-BR"},{"@type":"Organization","@id":"https:\/\/redenoticiaz.com.br\/litoralsp\/#organization","name":"Litoral SP","url":"https:\/\/redenoticiaz.com.br\/litoralsp\/","logo":{"@type":"ImageObject","inLanguage":"pt-BR","@id":"https:\/\/redenoticiaz.com.br\/litoralsp\/#\/schema\/logo\/image\/","url":"https:\/\/redenoticiaz.com.br\/litoralsp\/wp-content\/uploads\/sites\/3\/2020\/11\/logo.jpg","contentUrl":"https:\/\/redenoticiaz.com.br\/litoralsp\/wp-content\/uploads\/sites\/3\/2020\/11\/logo.jpg","width":400,"height":250,"caption":"Litoral SP"},"image":{"@id":"https:\/\/redenoticiaz.com.br\/litoralsp\/#\/schema\/logo\/image\/"}},{"@type":"Person","@id":"https:\/\/redenoticiaz.com.br\/litoralsp\/#\/schema\/person\/16057b37a3c0ee6b096d7f887c566e2e","name":"Gustavo Silva","image":{"@type":"ImageObject","inLanguage":"pt-BR","@id":"https:\/\/secure.gravatar.com\/avatar\/3ee4e82f93b26de0a7cf4ea5eb7893da637ed6bb0c9170c58065944c56e28a33?s=96&d=mm&r=g","url":"https:\/\/secure.gravatar.com\/avatar\/3ee4e82f93b26de0a7cf4ea5eb7893da637ed6bb0c9170c58065944c56e28a33?s=96&d=mm&r=g","contentUrl":"https:\/\/secure.gravatar.com\/avatar\/3ee4e82f93b26de0a7cf4ea5eb7893da637ed6bb0c9170c58065944c56e28a33?s=96&d=mm&r=g","caption":"Gustavo Silva"},"url":"https:\/\/redenoticiaz.com.br\/litoralsp\/author\/gustavosilva"}]}},"_links":{"self":[{"href":"https:\/\/redenoticiaz.com.br\/litoralsp\/wp-json\/wp\/v2\/posts\/98403","targetHints":{"allow":["GET"]}}],"collection":[{"href":"https:\/\/redenoticiaz.com.br\/litoralsp\/wp-json\/wp\/v2\/posts"}],"about":[{"href":"https:\/\/redenoticiaz.com.br\/litoralsp\/wp-json\/wp\/v2\/types\/post"}],"author":[{"embeddable":true,"href":"https:\/\/redenoticiaz.com.br\/litoralsp\/wp-json\/wp\/v2\/users\/12"}],"replies":[{"embeddable":true,"href":"https:\/\/redenoticiaz.com.br\/litoralsp\/wp-json\/wp\/v2\/comments?post=98403"}],"version-history":[{"count":1,"href":"https:\/\/redenoticiaz.com.br\/litoralsp\/wp-json\/wp\/v2\/posts\/98403\/revisions"}],"predecessor-version":[{"id":98405,"href":"https:\/\/redenoticiaz.com.br\/litoralsp\/wp-json\/wp\/v2\/posts\/98403\/revisions\/98405"}],"wp:featuredmedia":[{"embeddable":true,"href":"https:\/\/redenoticiaz.com.br\/litoralsp\/wp-json\/wp\/v2\/media\/98404"}],"wp:attachment":[{"href":"https:\/\/redenoticiaz.com.br\/litoralsp\/wp-json\/wp\/v2\/media?parent=98403"}],"wp:term":[{"taxonomy":"category","embeddable":true,"href":"https:\/\/redenoticiaz.com.br\/litoralsp\/wp-json\/wp\/v2\/categories?post=98403"},{"taxonomy":"post_tag","embeddable":true,"href":"https:\/\/redenoticiaz.com.br\/litoralsp\/wp-json\/wp\/v2\/tags?post=98403"}],"curies":[{"name":"wp","href":"https:\/\/api.w.org\/{rel}","templated":true}]}}