{"id":98645,"date":"2023-01-11T11:08:33","date_gmt":"2023-01-11T14:08:33","guid":{"rendered":"https:\/\/redenoticiaz.com.br\/litoralsp\/?p=98645"},"modified":"2023-01-11T11:08:33","modified_gmt":"2023-01-11T14:08:33","slug":"sao-vicente-abre-inscricoes-para-concurso-publico","status":"publish","type":"post","link":"https:\/\/redenoticiaz.com.br\/litoralsp\/2023\/01\/11\/sao-vicente-abre-inscricoes-para-concurso-publico","title":{"rendered":"S\u00e3o Vicente abre inscri\u00e7\u00f5es para concurso p\u00fablico"},"content":{"rendered":"<p>Chegou a hora de quem est\u00e1 em busca de carreira p\u00fablica e estabilidade financeira. A Prefeitura de S\u00e3o Vicente lan\u00e7ou na ter\u00e7a-feira (10), tr\u00eas editais de concurso p\u00fablico. De acordo com a administra\u00e7\u00e3o, a concorr\u00eancia \u00e9 <strong>para 59 carreiras<\/strong> nas \u00e1reas de Seguran\u00e7a P\u00fablica, Sa\u00fade, Engenharia, Contabilidade e Inform\u00e1tica. Os sal\u00e1rios v\u00e3o de R$ 2.825,29 a R$ 9.772,80, j\u00e1 incluindo benef\u00edcios como abono alimenta\u00e7\u00e3o e cesta b\u00e1sica.<\/p>\n<p>A prefeitura informa que as inscri\u00e7\u00f5es est\u00e3o abertas entre os dias 10 de janeiro e 9 de fevereiro, e devem ser realizadas exclusivamente pelo <a href=\"http:\/\/www.ibamsp-concursos.org.br\">site<\/a> do Instituto Brasileiro de Administra\u00e7\u00e3o Municipal (IBAM). As taxas de inscri\u00e7\u00e3o variam de R$74 a R$114.<\/p>\n<h3>Editais<\/h3>\n<p>O Edital n\u00ba 01 oferece 22 vagas para Guardas Civis Municipais, sendo 20 para o sexo masculino e 2 para o sexo feminino.<\/p>\n<p>O Edital n\u00ba 02 tem 2 vagas para Contador, 1 vaga para Engenheiro de Seguran\u00e7a do Trabalho, 1 vaga para Engenheiro de Tr\u00e1fego e 3 vagas para T\u00e9cnico de Suporte de Inform\u00e1tica. Al\u00e9m disso, esta concorr\u00eancia forma cadastro reserva para as carreiras de: Biom\u00e9dico, Dentista, Dentista Endodontista, Dentista Especializado em PNE, Dentista Estomatologista, Dentista Periodontista, Dentista Protesista, Dentista Radiologista, Enfermeiro Intensivista, Enfermeiro PSF, Fonoaudi\u00f3logo, T\u00e9cnico de Imobiliza\u00e7\u00e3o Ortop\u00e9dica, T\u00e9cnico de Laborat\u00f3rio e Terapeuta Ocupacional.<\/p>\n<p>J\u00e1 o Edital n\u00ba 03 \u00e9 para forma\u00e7\u00e3o de cadastro reserva de m\u00e9dicos das seguintes especialidades: Anestesiologista, Cardiologista, Cirurgi\u00e3o Geral, Cirurgi\u00e3o Vascular, Cl\u00ednico Geral, M\u00e9dico do Trabalho, Endocrinologista, Endoscopista, Generalista, Ginecologista Obstetra, Hebiatra, Hematologista, Infectologista, Intensivista, Nefrologista, Neurocirurgi\u00e3o, Neurologista, Neurologista Infantil, Oftalmologista, Oncologista, Patologista, Pediatra, Neonatologista, Pneumologista, Psiquiatra, Psiquiatra Infantil, Reumatologista, Socorrista, Traumaortopedista, Ultrassonografista, Urologista.<\/p>\n<p>Os editais completos podem ser conferidos no <a href=\"http:\/\/www.saovicente.sp.gov.br\/concursos\">link<\/a>. A Prefeitura de S\u00e3o Vicente destaca que os Concursos n\u00ba 01\/2019 e n\u00ba01\/2020 seguem vigentes e que continuar\u00e1 convocando seus aprovados conforme disponibilidades financeiras e de vagas.<\/p>\n<p><strong>LEIA TAMB\u00c9M<\/strong><\/p>\n<p><a href=\"https:\/\/redenoticiaz.com.br\/litoralsp\/2023\/01\/10\/nova-corte-do-carnaval-de-santos-sera-escolhida-em-concurso\">Nova corte do Carnaval de Santos ser\u00e1 escolhida em concurso<\/a><\/p>\n","protected":false},"excerpt":{"rendered":"<p>Chegou a hora de quem est\u00e1 em busca de carreira p\u00fablica e estabilidade financeira. A Prefeitura de S\u00e3o Vicente lan\u00e7ou na ter\u00e7a-feira (10), tr\u00eas editais de concurso p\u00fablico. De acordo com a administra\u00e7\u00e3o, a concorr\u00eancia \u00e9 para 59 carreiras nas \u00e1reas de Seguran\u00e7a P\u00fablica, Sa\u00fade, Engenharia, Contabilidade e Inform\u00e1tica. Os sal\u00e1rios v\u00e3o de R$ 2.825,29 &hellip;<\/p>\n","protected":false},"author":6,"featured_media":15542,"comment_status":"open","ping_status":"closed","sticky":false,"template":"","format":"standard","meta":{"footnotes":""},"categories":[181,2795],"tags":[30173,153,29935,121,33],"class_list":["post-98645","post","type-post","status-publish","format-standard","has-post-thumbnail","hentry","category-sao-vicente","category-trabalho","tag-concurso-publico","tag-inscricoes","tag-prefeitura-de-sao-vicente","tag-processo-seletivo","tag-sao-vicente"],"yoast_head":"<!-- This site is optimized with the Yoast SEO plugin v27.4 - https:\/\/yoast.com\/product\/yoast-seo-wordpress\/ -->\n<title>S\u00e3o Vicente abre inscri\u00e7\u00f5es para concurso p\u00fablico - Litoral SP<\/title>\n<meta name=\"description\" content=\"busca de carreira p\u00fablica e estabilidade financeira. A Prefeitura de S\u00e3o Vicente lan\u00e7ou na ter\u00e7a-feira (10), tr\u00eas editais de concurso p\u00fablico.\" \/>\n<meta name=\"robots\" content=\"index, follow, max-snippet:-1, max-image-preview:large, max-video-preview:-1\" \/>\n<link rel=\"canonical\" href=\"https:\/\/redenoticiaz.com.br\/litoralsp\/2023\/01\/11\/sao-vicente-abre-inscricoes-para-concurso-publico\" \/>\n<meta property=\"og:locale\" content=\"pt_BR\" \/>\n<meta property=\"og:type\" content=\"article\" \/>\n<meta property=\"og:title\" content=\"S\u00e3o Vicente abre inscri\u00e7\u00f5es para concurso p\u00fablico - Litoral SP\" \/>\n<meta property=\"og:description\" content=\"busca de carreira p\u00fablica e estabilidade financeira. A Prefeitura de S\u00e3o Vicente lan\u00e7ou na ter\u00e7a-feira (10), tr\u00eas editais de concurso p\u00fablico.\" \/>\n<meta property=\"og:url\" content=\"https:\/\/redenoticiaz.com.br\/litoralsp\/2023\/01\/11\/sao-vicente-abre-inscricoes-para-concurso-publico\" \/>\n<meta property=\"og:site_name\" content=\"Litoral SP\" \/>\n<meta property=\"article:published_time\" content=\"2023-01-11T14:08:33+00:00\" \/>\n<meta property=\"og:image\" content=\"https:\/\/redenoticiaz.com.br\/litoralsp\/wp-content\/uploads\/sites\/3\/2021\/09\/concursao.jpeg\" \/>\n\t<meta property=\"og:image:width\" content=\"984\" \/>\n\t<meta property=\"og:image:height\" content=\"644\" \/>\n\t<meta property=\"og:image:type\" content=\"image\/jpeg\" \/>\n<meta name=\"author\" content=\"Leonardo Francisco\" \/>\n<meta name=\"twitter:card\" content=\"summary_large_image\" \/>\n<meta name=\"twitter:label1\" content=\"Escrito por\" \/>\n\t<meta name=\"twitter:data1\" content=\"Leonardo Francisco\" \/>\n\t<meta name=\"twitter:label2\" content=\"Est. tempo de leitura\" \/>\n\t<meta name=\"twitter:data2\" content=\"2 minutos\" \/>\n<script type=\"application\/ld+json\" class=\"yoast-schema-graph\">{\"@context\":\"https:\\\/\\\/schema.org\",\"@graph\":[{\"@type\":\"Article\",\"@id\":\"https:\\\/\\\/redenoticiaz.com.br\\\/litoralsp\\\/2023\\\/01\\\/11\\\/sao-vicente-abre-inscricoes-para-concurso-publico#article\",\"isPartOf\":{\"@id\":\"https:\\\/\\\/redenoticiaz.com.br\\\/litoralsp\\\/2023\\\/01\\\/11\\\/sao-vicente-abre-inscricoes-para-concurso-publico\"},\"author\":{\"name\":\"Leonardo Francisco\",\"@id\":\"https:\\\/\\\/redenoticiaz.com.br\\\/litoralsp\\\/#\\\/schema\\\/person\\\/0f0b8a5bdafefe82841e07ae8d81ecb3\"},\"headline\":\"S\u00e3o Vicente abre inscri\u00e7\u00f5es para concurso p\u00fablico\",\"datePublished\":\"2023-01-11T14:08:33+00:00\",\"mainEntityOfPage\":{\"@id\":\"https:\\\/\\\/redenoticiaz.com.br\\\/litoralsp\\\/2023\\\/01\\\/11\\\/sao-vicente-abre-inscricoes-para-concurso-publico\"},\"wordCount\":342,\"commentCount\":0,\"publisher\":{\"@id\":\"https:\\\/\\\/redenoticiaz.com.br\\\/litoralsp\\\/#organization\"},\"image\":{\"@id\":\"https:\\\/\\\/redenoticiaz.com.br\\\/litoralsp\\\/2023\\\/01\\\/11\\\/sao-vicente-abre-inscricoes-para-concurso-publico#primaryimage\"},\"thumbnailUrl\":\"https:\\\/\\\/redenoticiaz.com.br\\\/litoralsp\\\/wp-content\\\/uploads\\\/sites\\\/3\\\/2021\\\/09\\\/concursao.jpeg\",\"keywords\":[\"CONCURSO P\u00daBLICO\",\"INSCRI\u00c7\u00d5ES\",\"PREFEITURA DE S\u00c3O VICENTE\",\"processo seletivo\",\"S\u00e3o Vicente\"],\"articleSection\":[\"S\u00e3o Vicente\",\"Trabalho\"],\"inLanguage\":\"pt-BR\",\"potentialAction\":[{\"@type\":\"CommentAction\",\"name\":\"Comment\",\"target\":[\"https:\\\/\\\/redenoticiaz.com.br\\\/litoralsp\\\/2023\\\/01\\\/11\\\/sao-vicente-abre-inscricoes-para-concurso-publico#respond\"]}]},{\"@type\":\"WebPage\",\"@id\":\"https:\\\/\\\/redenoticiaz.com.br\\\/litoralsp\\\/2023\\\/01\\\/11\\\/sao-vicente-abre-inscricoes-para-concurso-publico\",\"url\":\"https:\\\/\\\/redenoticiaz.com.br\\\/litoralsp\\\/2023\\\/01\\\/11\\\/sao-vicente-abre-inscricoes-para-concurso-publico\",\"name\":\"S\u00e3o Vicente abre inscri\u00e7\u00f5es para concurso p\u00fablico - Litoral SP\",\"isPartOf\":{\"@id\":\"https:\\\/\\\/redenoticiaz.com.br\\\/litoralsp\\\/#website\"},\"primaryImageOfPage\":{\"@id\":\"https:\\\/\\\/redenoticiaz.com.br\\\/litoralsp\\\/2023\\\/01\\\/11\\\/sao-vicente-abre-inscricoes-para-concurso-publico#primaryimage\"},\"image\":{\"@id\":\"https:\\\/\\\/redenoticiaz.com.br\\\/litoralsp\\\/2023\\\/01\\\/11\\\/sao-vicente-abre-inscricoes-para-concurso-publico#primaryimage\"},\"thumbnailUrl\":\"https:\\\/\\\/redenoticiaz.com.br\\\/litoralsp\\\/wp-content\\\/uploads\\\/sites\\\/3\\\/2021\\\/09\\\/concursao.jpeg\",\"datePublished\":\"2023-01-11T14:08:33+00:00\",\"description\":\"busca de carreira p\u00fablica e estabilidade financeira. A Prefeitura de S\u00e3o Vicente lan\u00e7ou na ter\u00e7a-feira (10), tr\u00eas editais de concurso p\u00fablico.\",\"inLanguage\":\"pt-BR\",\"potentialAction\":[{\"@type\":\"ReadAction\",\"target\":[\"https:\\\/\\\/redenoticiaz.com.br\\\/litoralsp\\\/2023\\\/01\\\/11\\\/sao-vicente-abre-inscricoes-para-concurso-publico\"]}]},{\"@type\":\"ImageObject\",\"inLanguage\":\"pt-BR\",\"@id\":\"https:\\\/\\\/redenoticiaz.com.br\\\/litoralsp\\\/2023\\\/01\\\/11\\\/sao-vicente-abre-inscricoes-para-concurso-publico#primaryimage\",\"url\":\"https:\\\/\\\/redenoticiaz.com.br\\\/litoralsp\\\/wp-content\\\/uploads\\\/sites\\\/3\\\/2021\\\/09\\\/concursao.jpeg\",\"contentUrl\":\"https:\\\/\\\/redenoticiaz.com.br\\\/litoralsp\\\/wp-content\\\/uploads\\\/sites\\\/3\\\/2021\\\/09\\\/concursao.jpeg\",\"width\":984,\"height\":644,\"caption\":\"Cr\u00e9ditos: Reprodu\u00e7\u00e3o.\"},{\"@type\":\"WebSite\",\"@id\":\"https:\\\/\\\/redenoticiaz.com.br\\\/litoralsp\\\/#website\",\"url\":\"https:\\\/\\\/redenoticiaz.com.br\\\/litoralsp\\\/\",\"name\":\"Litoral SP\",\"description\":\"Rede NoticiaZ\",\"publisher\":{\"@id\":\"https:\\\/\\\/redenoticiaz.com.br\\\/litoralsp\\\/#organization\"},\"potentialAction\":[{\"@type\":\"SearchAction\",\"target\":{\"@type\":\"EntryPoint\",\"urlTemplate\":\"https:\\\/\\\/redenoticiaz.com.br\\\/litoralsp\\\/?s={search_term_string}\"},\"query-input\":{\"@type\":\"PropertyValueSpecification\",\"valueRequired\":true,\"valueName\":\"search_term_string\"}}],\"inLanguage\":\"pt-BR\"},{\"@type\":\"Organization\",\"@id\":\"https:\\\/\\\/redenoticiaz.com.br\\\/litoralsp\\\/#organization\",\"name\":\"Litoral SP\",\"url\":\"https:\\\/\\\/redenoticiaz.com.br\\\/litoralsp\\\/\",\"logo\":{\"@type\":\"ImageObject\",\"inLanguage\":\"pt-BR\",\"@id\":\"https:\\\/\\\/redenoticiaz.com.br\\\/litoralsp\\\/#\\\/schema\\\/logo\\\/image\\\/\",\"url\":\"https:\\\/\\\/redenoticiaz.com.br\\\/litoralsp\\\/wp-content\\\/uploads\\\/sites\\\/3\\\/2020\\\/11\\\/logo.jpg\",\"contentUrl\":\"https:\\\/\\\/redenoticiaz.com.br\\\/litoralsp\\\/wp-content\\\/uploads\\\/sites\\\/3\\\/2020\\\/11\\\/logo.jpg\",\"width\":400,\"height\":250,\"caption\":\"Litoral SP\"},\"image\":{\"@id\":\"https:\\\/\\\/redenoticiaz.com.br\\\/litoralsp\\\/#\\\/schema\\\/logo\\\/image\\\/\"}},{\"@type\":\"Person\",\"@id\":\"https:\\\/\\\/redenoticiaz.com.br\\\/litoralsp\\\/#\\\/schema\\\/person\\\/0f0b8a5bdafefe82841e07ae8d81ecb3\",\"name\":\"Leonardo Francisco\",\"image\":{\"@type\":\"ImageObject\",\"inLanguage\":\"pt-BR\",\"@id\":\"https:\\\/\\\/secure.gravatar.com\\\/avatar\\\/a7358cb406a99b682ec6df1e77e31ae82e63601f6784e8a3df411d72b37864da?s=96&d=mm&r=g\",\"url\":\"https:\\\/\\\/secure.gravatar.com\\\/avatar\\\/a7358cb406a99b682ec6df1e77e31ae82e63601f6784e8a3df411d72b37864da?s=96&d=mm&r=g\",\"contentUrl\":\"https:\\\/\\\/secure.gravatar.com\\\/avatar\\\/a7358cb406a99b682ec6df1e77e31ae82e63601f6784e8a3df411d72b37864da?s=96&d=mm&r=g\",\"caption\":\"Leonardo Francisco\"},\"url\":\"https:\\\/\\\/redenoticiaz.com.br\\\/litoralsp\\\/author\\\/leonardo-francisco\"}]}<\/script>\n<!-- \/ Yoast SEO plugin. -->","yoast_head_json":{"title":"S\u00e3o Vicente abre inscri\u00e7\u00f5es para concurso p\u00fablico - Litoral SP","description":"busca de carreira p\u00fablica e estabilidade financeira. A Prefeitura de S\u00e3o Vicente lan\u00e7ou na ter\u00e7a-feira (10), tr\u00eas editais de concurso p\u00fablico.","robots":{"index":"index","follow":"follow","max-snippet":"max-snippet:-1","max-image-preview":"max-image-preview:large","max-video-preview":"max-video-preview:-1"},"canonical":"https:\/\/redenoticiaz.com.br\/litoralsp\/2023\/01\/11\/sao-vicente-abre-inscricoes-para-concurso-publico","og_locale":"pt_BR","og_type":"article","og_title":"S\u00e3o Vicente abre inscri\u00e7\u00f5es para concurso p\u00fablico - Litoral SP","og_description":"busca de carreira p\u00fablica e estabilidade financeira. A Prefeitura de S\u00e3o Vicente lan\u00e7ou na ter\u00e7a-feira (10), tr\u00eas editais de concurso p\u00fablico.","og_url":"https:\/\/redenoticiaz.com.br\/litoralsp\/2023\/01\/11\/sao-vicente-abre-inscricoes-para-concurso-publico","og_site_name":"Litoral SP","article_published_time":"2023-01-11T14:08:33+00:00","og_image":[{"width":984,"height":644,"url":"https:\/\/redenoticiaz.com.br\/litoralsp\/wp-content\/uploads\/sites\/3\/2021\/09\/concursao.jpeg","type":"image\/jpeg"}],"author":"Leonardo Francisco","twitter_card":"summary_large_image","twitter_misc":{"Escrito por":"Leonardo Francisco","Est. tempo de leitura":"2 minutos"},"schema":{"@context":"https:\/\/schema.org","@graph":[{"@type":"Article","@id":"https:\/\/redenoticiaz.com.br\/litoralsp\/2023\/01\/11\/sao-vicente-abre-inscricoes-para-concurso-publico#article","isPartOf":{"@id":"https:\/\/redenoticiaz.com.br\/litoralsp\/2023\/01\/11\/sao-vicente-abre-inscricoes-para-concurso-publico"},"author":{"name":"Leonardo Francisco","@id":"https:\/\/redenoticiaz.com.br\/litoralsp\/#\/schema\/person\/0f0b8a5bdafefe82841e07ae8d81ecb3"},"headline":"S\u00e3o Vicente abre inscri\u00e7\u00f5es para concurso p\u00fablico","datePublished":"2023-01-11T14:08:33+00:00","mainEntityOfPage":{"@id":"https:\/\/redenoticiaz.com.br\/litoralsp\/2023\/01\/11\/sao-vicente-abre-inscricoes-para-concurso-publico"},"wordCount":342,"commentCount":0,"publisher":{"@id":"https:\/\/redenoticiaz.com.br\/litoralsp\/#organization"},"image":{"@id":"https:\/\/redenoticiaz.com.br\/litoralsp\/2023\/01\/11\/sao-vicente-abre-inscricoes-para-concurso-publico#primaryimage"},"thumbnailUrl":"https:\/\/redenoticiaz.com.br\/litoralsp\/wp-content\/uploads\/sites\/3\/2021\/09\/concursao.jpeg","keywords":["CONCURSO P\u00daBLICO","INSCRI\u00c7\u00d5ES","PREFEITURA DE S\u00c3O VICENTE","processo seletivo","S\u00e3o Vicente"],"articleSection":["S\u00e3o Vicente","Trabalho"],"inLanguage":"pt-BR","potentialAction":[{"@type":"CommentAction","name":"Comment","target":["https:\/\/redenoticiaz.com.br\/litoralsp\/2023\/01\/11\/sao-vicente-abre-inscricoes-para-concurso-publico#respond"]}]},{"@type":"WebPage","@id":"https:\/\/redenoticiaz.com.br\/litoralsp\/2023\/01\/11\/sao-vicente-abre-inscricoes-para-concurso-publico","url":"https:\/\/redenoticiaz.com.br\/litoralsp\/2023\/01\/11\/sao-vicente-abre-inscricoes-para-concurso-publico","name":"S\u00e3o Vicente abre inscri\u00e7\u00f5es para concurso p\u00fablico - Litoral SP","isPartOf":{"@id":"https:\/\/redenoticiaz.com.br\/litoralsp\/#website"},"primaryImageOfPage":{"@id":"https:\/\/redenoticiaz.com.br\/litoralsp\/2023\/01\/11\/sao-vicente-abre-inscricoes-para-concurso-publico#primaryimage"},"image":{"@id":"https:\/\/redenoticiaz.com.br\/litoralsp\/2023\/01\/11\/sao-vicente-abre-inscricoes-para-concurso-publico#primaryimage"},"thumbnailUrl":"https:\/\/redenoticiaz.com.br\/litoralsp\/wp-content\/uploads\/sites\/3\/2021\/09\/concursao.jpeg","datePublished":"2023-01-11T14:08:33+00:00","description":"busca de carreira p\u00fablica e estabilidade financeira. A Prefeitura de S\u00e3o Vicente lan\u00e7ou na ter\u00e7a-feira (10), tr\u00eas editais de concurso p\u00fablico.","inLanguage":"pt-BR","potentialAction":[{"@type":"ReadAction","target":["https:\/\/redenoticiaz.com.br\/litoralsp\/2023\/01\/11\/sao-vicente-abre-inscricoes-para-concurso-publico"]}]},{"@type":"ImageObject","inLanguage":"pt-BR","@id":"https:\/\/redenoticiaz.com.br\/litoralsp\/2023\/01\/11\/sao-vicente-abre-inscricoes-para-concurso-publico#primaryimage","url":"https:\/\/redenoticiaz.com.br\/litoralsp\/wp-content\/uploads\/sites\/3\/2021\/09\/concursao.jpeg","contentUrl":"https:\/\/redenoticiaz.com.br\/litoralsp\/wp-content\/uploads\/sites\/3\/2021\/09\/concursao.jpeg","width":984,"height":644,"caption":"Cr\u00e9ditos: Reprodu\u00e7\u00e3o."},{"@type":"WebSite","@id":"https:\/\/redenoticiaz.com.br\/litoralsp\/#website","url":"https:\/\/redenoticiaz.com.br\/litoralsp\/","name":"Litoral SP","description":"Rede NoticiaZ","publisher":{"@id":"https:\/\/redenoticiaz.com.br\/litoralsp\/#organization"},"potentialAction":[{"@type":"SearchAction","target":{"@type":"EntryPoint","urlTemplate":"https:\/\/redenoticiaz.com.br\/litoralsp\/?s={search_term_string}"},"query-input":{"@type":"PropertyValueSpecification","valueRequired":true,"valueName":"search_term_string"}}],"inLanguage":"pt-BR"},{"@type":"Organization","@id":"https:\/\/redenoticiaz.com.br\/litoralsp\/#organization","name":"Litoral SP","url":"https:\/\/redenoticiaz.com.br\/litoralsp\/","logo":{"@type":"ImageObject","inLanguage":"pt-BR","@id":"https:\/\/redenoticiaz.com.br\/litoralsp\/#\/schema\/logo\/image\/","url":"https:\/\/redenoticiaz.com.br\/litoralsp\/wp-content\/uploads\/sites\/3\/2020\/11\/logo.jpg","contentUrl":"https:\/\/redenoticiaz.com.br\/litoralsp\/wp-content\/uploads\/sites\/3\/2020\/11\/logo.jpg","width":400,"height":250,"caption":"Litoral SP"},"image":{"@id":"https:\/\/redenoticiaz.com.br\/litoralsp\/#\/schema\/logo\/image\/"}},{"@type":"Person","@id":"https:\/\/redenoticiaz.com.br\/litoralsp\/#\/schema\/person\/0f0b8a5bdafefe82841e07ae8d81ecb3","name":"Leonardo Francisco","image":{"@type":"ImageObject","inLanguage":"pt-BR","@id":"https:\/\/secure.gravatar.com\/avatar\/a7358cb406a99b682ec6df1e77e31ae82e63601f6784e8a3df411d72b37864da?s=96&d=mm&r=g","url":"https:\/\/secure.gravatar.com\/avatar\/a7358cb406a99b682ec6df1e77e31ae82e63601f6784e8a3df411d72b37864da?s=96&d=mm&r=g","contentUrl":"https:\/\/secure.gravatar.com\/avatar\/a7358cb406a99b682ec6df1e77e31ae82e63601f6784e8a3df411d72b37864da?s=96&d=mm&r=g","caption":"Leonardo Francisco"},"url":"https:\/\/redenoticiaz.com.br\/litoralsp\/author\/leonardo-francisco"}]}},"_links":{"self":[{"href":"https:\/\/redenoticiaz.com.br\/litoralsp\/wp-json\/wp\/v2\/posts\/98645","targetHints":{"allow":["GET"]}}],"collection":[{"href":"https:\/\/redenoticiaz.com.br\/litoralsp\/wp-json\/wp\/v2\/posts"}],"about":[{"href":"https:\/\/redenoticiaz.com.br\/litoralsp\/wp-json\/wp\/v2\/types\/post"}],"author":[{"embeddable":true,"href":"https:\/\/redenoticiaz.com.br\/litoralsp\/wp-json\/wp\/v2\/users\/6"}],"replies":[{"embeddable":true,"href":"https:\/\/redenoticiaz.com.br\/litoralsp\/wp-json\/wp\/v2\/comments?post=98645"}],"version-history":[{"count":1,"href":"https:\/\/redenoticiaz.com.br\/litoralsp\/wp-json\/wp\/v2\/posts\/98645\/revisions"}],"predecessor-version":[{"id":98646,"href":"https:\/\/redenoticiaz.com.br\/litoralsp\/wp-json\/wp\/v2\/posts\/98645\/revisions\/98646"}],"wp:featuredmedia":[{"embeddable":true,"href":"https:\/\/redenoticiaz.com.br\/litoralsp\/wp-json\/wp\/v2\/media\/15542"}],"wp:attachment":[{"href":"https:\/\/redenoticiaz.com.br\/litoralsp\/wp-json\/wp\/v2\/media?parent=98645"}],"wp:term":[{"taxonomy":"category","embeddable":true,"href":"https:\/\/redenoticiaz.com.br\/litoralsp\/wp-json\/wp\/v2\/categories?post=98645"},{"taxonomy":"post_tag","embeddable":true,"href":"https:\/\/redenoticiaz.com.br\/litoralsp\/wp-json\/wp\/v2\/tags?post=98645"}],"curies":[{"name":"wp","href":"https:\/\/api.w.org\/{rel}","templated":true}]}}