{"id":9865,"date":"2021-06-10T13:21:39","date_gmt":"2021-06-10T16:21:39","guid":{"rendered":"https:\/\/redenoticiaz.com.br\/litoralsp\/?p=9865"},"modified":"2021-06-10T13:21:58","modified_gmt":"2021-06-10T16:21:58","slug":"corpo-de-homem-e-encontrado-em-bairro-de-ilhabela","status":"publish","type":"post","link":"https:\/\/redenoticiaz.com.br\/litoralsp\/2021\/06\/10\/corpo-de-homem-e-encontrado-em-bairro-de-ilhabela","title":{"rendered":"Corpo de homem \u00e9 encontrado em bairro de Ilhabela"},"content":{"rendered":"<p>Moradores do bairro \u00c1gua Branca, em <a href=\"https:\/\/www.ilhabela.sp.gov.br\/\">Ilhabela<\/a>, foram surpreendidos e encontraram o <strong>corpo de um homem<\/strong> nesta quinta-feira (10). Eles acionaram o Corpo de Bombeiros e a Pol\u00edcia Civil para atender a ocorr\u00eancia.<\/p>\n<p>Segundo os bombeiros, a popula\u00e7\u00e3o do local acionou a equipe e relataram que sentiram um mau cheiro. Ao sa\u00edrem, encontraram o corpo embaixo de uma \u00e1rvore, mas o homem j\u00e1 estava em estado de decomposi\u00e7\u00e3o.<\/p>\n<p>O homem n\u00e3o portava documentos e foi encaminhado ao Instituto M\u00e9dico Legal (IML) sem identifica\u00e7\u00e3o. O caso est\u00e1 sendo investigado pela Pol\u00edcia Civil, que apura as circunst\u00e2ncias da morte.<\/p>\n<p><strong>LEIA TAMB\u00c9M<\/strong><\/p>\n<p><a href=\"https:\/\/redenoticiaz.com.br\/litoralsp\/2021\/06\/09\/jovem-acusado-de-matar-a-mae-queria-a-heranca-dela-aponta-mp\">Jovem acusado de matar a m\u00e3e queria a heran\u00e7a dela, aponta MP<\/a><\/p>\n","protected":false},"excerpt":{"rendered":"<p>Moradores do bairro \u00c1gua Branca, em Ilhabela, foram surpreendidos e encontraram o corpo de um homem nesta quinta-feira (10). Eles acionaram o Corpo de Bombeiros e a Pol\u00edcia Civil para atender a ocorr\u00eancia. Segundo os bombeiros, a popula\u00e7\u00e3o do local acionou a equipe e relataram que sentiram um mau cheiro. Ao sa\u00edrem, encontraram o corpo &hellip;<\/p>\n","protected":false},"author":6,"featured_media":3319,"comment_status":"open","ping_status":"closed","sticky":false,"template":"","format":"standard","meta":{"footnotes":""},"categories":[3411,10],"tags":[11644,5316,13399,3999,1762],"class_list":["post-9865","post","type-post","status-publish","format-standard","has-post-thumbnail","hentry","category-ilhabela","category-policia","tag-bairro-agua-branca","tag-corpo-de-bombeiros","tag-corpo-encontrado","tag-ilhabela","tag-policia-civil"],"yoast_head":"<!-- This site is optimized with the Yoast SEO plugin v27.5 - https:\/\/yoast.com\/product\/yoast-seo-wordpress\/ -->\n<title>Corpo de homem \u00e9 encontrado em bairro de Ilhabela - Litoral SP<\/title>\n<meta name=\"description\" content=\"Moradores do bairro \u00c1gua Branca, em Ilhabela, foram surpreendidos e encontraram o corpo de um homem nesta quinta-feira (10). Eles\" \/>\n<meta name=\"robots\" content=\"index, follow, max-snippet:-1, max-image-preview:large, max-video-preview:-1\" \/>\n<link rel=\"canonical\" href=\"https:\/\/redenoticiaz.com.br\/litoralsp\/2021\/06\/10\/corpo-de-homem-e-encontrado-em-bairro-de-ilhabela\" \/>\n<meta property=\"og:locale\" content=\"pt_BR\" \/>\n<meta property=\"og:type\" content=\"article\" \/>\n<meta property=\"og:title\" content=\"Corpo de homem \u00e9 encontrado em bairro de Ilhabela - Litoral SP\" \/>\n<meta property=\"og:description\" content=\"Moradores do bairro \u00c1gua Branca, em Ilhabela, foram surpreendidos e encontraram o corpo de um homem nesta quinta-feira (10). Eles\" \/>\n<meta property=\"og:url\" content=\"https:\/\/redenoticiaz.com.br\/litoralsp\/2021\/06\/10\/corpo-de-homem-e-encontrado-em-bairro-de-ilhabela\" \/>\n<meta property=\"og:site_name\" content=\"Litoral SP\" \/>\n<meta property=\"article:published_time\" content=\"2021-06-10T16:21:39+00:00\" \/>\n<meta property=\"article:modified_time\" content=\"2021-06-10T16:21:58+00:00\" \/>\n<meta property=\"og:image\" content=\"https:\/\/redenoticiaz.com.br\/litoralsp\/wp-content\/uploads\/sites\/3\/2021\/01\/bombeiros.jpg\" \/>\n\t<meta property=\"og:image:width\" content=\"512\" \/>\n\t<meta property=\"og:image:height\" content=\"373\" \/>\n\t<meta property=\"og:image:type\" content=\"image\/jpeg\" \/>\n<meta name=\"author\" content=\"Leonardo Francisco\" \/>\n<meta name=\"twitter:card\" content=\"summary_large_image\" \/>\n<meta name=\"twitter:label1\" content=\"Escrito por\" \/>\n\t<meta name=\"twitter:data1\" content=\"Leonardo Francisco\" \/>\n\t<meta name=\"twitter:label2\" content=\"Est. tempo de leitura\" \/>\n\t<meta name=\"twitter:data2\" content=\"1 minuto\" \/>\n<script type=\"application\/ld+json\" class=\"yoast-schema-graph\">{\"@context\":\"https:\\\/\\\/schema.org\",\"@graph\":[{\"@type\":\"Article\",\"@id\":\"https:\\\/\\\/redenoticiaz.com.br\\\/litoralsp\\\/2021\\\/06\\\/10\\\/corpo-de-homem-e-encontrado-em-bairro-de-ilhabela#article\",\"isPartOf\":{\"@id\":\"https:\\\/\\\/redenoticiaz.com.br\\\/litoralsp\\\/2021\\\/06\\\/10\\\/corpo-de-homem-e-encontrado-em-bairro-de-ilhabela\"},\"author\":{\"name\":\"Leonardo Francisco\",\"@id\":\"https:\\\/\\\/redenoticiaz.com.br\\\/litoralsp\\\/#\\\/schema\\\/person\\\/0f0b8a5bdafefe82841e07ae8d81ecb3\"},\"headline\":\"Corpo de homem \u00e9 encontrado em bairro de Ilhabela\",\"datePublished\":\"2021-06-10T16:21:39+00:00\",\"dateModified\":\"2021-06-10T16:21:58+00:00\",\"mainEntityOfPage\":{\"@id\":\"https:\\\/\\\/redenoticiaz.com.br\\\/litoralsp\\\/2021\\\/06\\\/10\\\/corpo-de-homem-e-encontrado-em-bairro-de-ilhabela\"},\"wordCount\":131,\"commentCount\":0,\"publisher\":{\"@id\":\"https:\\\/\\\/redenoticiaz.com.br\\\/litoralsp\\\/#organization\"},\"image\":{\"@id\":\"https:\\\/\\\/redenoticiaz.com.br\\\/litoralsp\\\/2021\\\/06\\\/10\\\/corpo-de-homem-e-encontrado-em-bairro-de-ilhabela#primaryimage\"},\"thumbnailUrl\":\"https:\\\/\\\/redenoticiaz.com.br\\\/litoralsp\\\/wp-content\\\/uploads\\\/sites\\\/3\\\/2021\\\/01\\\/bombeiros.jpg\",\"keywords\":[\"BAIRRO \u00c1GUA BRANCA\",\"CORPO DE BOMBEIROS\",\"CORPO ENCONTRADO\",\"ILHABELA\",\"POL\u00cdCIA CIVIL\"],\"articleSection\":[\"IlhaBela\",\"Pol\u00edcia\"],\"inLanguage\":\"pt-BR\",\"potentialAction\":[{\"@type\":\"CommentAction\",\"name\":\"Comment\",\"target\":[\"https:\\\/\\\/redenoticiaz.com.br\\\/litoralsp\\\/2021\\\/06\\\/10\\\/corpo-de-homem-e-encontrado-em-bairro-de-ilhabela#respond\"]}]},{\"@type\":\"WebPage\",\"@id\":\"https:\\\/\\\/redenoticiaz.com.br\\\/litoralsp\\\/2021\\\/06\\\/10\\\/corpo-de-homem-e-encontrado-em-bairro-de-ilhabela\",\"url\":\"https:\\\/\\\/redenoticiaz.com.br\\\/litoralsp\\\/2021\\\/06\\\/10\\\/corpo-de-homem-e-encontrado-em-bairro-de-ilhabela\",\"name\":\"Corpo de homem \u00e9 encontrado em bairro de Ilhabela - Litoral SP\",\"isPartOf\":{\"@id\":\"https:\\\/\\\/redenoticiaz.com.br\\\/litoralsp\\\/#website\"},\"primaryImageOfPage\":{\"@id\":\"https:\\\/\\\/redenoticiaz.com.br\\\/litoralsp\\\/2021\\\/06\\\/10\\\/corpo-de-homem-e-encontrado-em-bairro-de-ilhabela#primaryimage\"},\"image\":{\"@id\":\"https:\\\/\\\/redenoticiaz.com.br\\\/litoralsp\\\/2021\\\/06\\\/10\\\/corpo-de-homem-e-encontrado-em-bairro-de-ilhabela#primaryimage\"},\"thumbnailUrl\":\"https:\\\/\\\/redenoticiaz.com.br\\\/litoralsp\\\/wp-content\\\/uploads\\\/sites\\\/3\\\/2021\\\/01\\\/bombeiros.jpg\",\"datePublished\":\"2021-06-10T16:21:39+00:00\",\"dateModified\":\"2021-06-10T16:21:58+00:00\",\"description\":\"Moradores do bairro \u00c1gua Branca, em Ilhabela, foram surpreendidos e encontraram o corpo de um homem nesta quinta-feira (10). Eles\",\"inLanguage\":\"pt-BR\",\"potentialAction\":[{\"@type\":\"ReadAction\",\"target\":[\"https:\\\/\\\/redenoticiaz.com.br\\\/litoralsp\\\/2021\\\/06\\\/10\\\/corpo-de-homem-e-encontrado-em-bairro-de-ilhabela\"]}]},{\"@type\":\"ImageObject\",\"inLanguage\":\"pt-BR\",\"@id\":\"https:\\\/\\\/redenoticiaz.com.br\\\/litoralsp\\\/2021\\\/06\\\/10\\\/corpo-de-homem-e-encontrado-em-bairro-de-ilhabela#primaryimage\",\"url\":\"https:\\\/\\\/redenoticiaz.com.br\\\/litoralsp\\\/wp-content\\\/uploads\\\/sites\\\/3\\\/2021\\\/01\\\/bombeiros.jpg\",\"contentUrl\":\"https:\\\/\\\/redenoticiaz.com.br\\\/litoralsp\\\/wp-content\\\/uploads\\\/sites\\\/3\\\/2021\\\/01\\\/bombeiros.jpg\",\"width\":512,\"height\":373,\"caption\":\"Cr\u00e9ditos: Reprodu\u00e7\u00e3o\"},{\"@type\":\"WebSite\",\"@id\":\"https:\\\/\\\/redenoticiaz.com.br\\\/litoralsp\\\/#website\",\"url\":\"https:\\\/\\\/redenoticiaz.com.br\\\/litoralsp\\\/\",\"name\":\"Litoral SP\",\"description\":\"Rede NoticiaZ\",\"publisher\":{\"@id\":\"https:\\\/\\\/redenoticiaz.com.br\\\/litoralsp\\\/#organization\"},\"potentialAction\":[{\"@type\":\"SearchAction\",\"target\":{\"@type\":\"EntryPoint\",\"urlTemplate\":\"https:\\\/\\\/redenoticiaz.com.br\\\/litoralsp\\\/?s={search_term_string}\"},\"query-input\":{\"@type\":\"PropertyValueSpecification\",\"valueRequired\":true,\"valueName\":\"search_term_string\"}}],\"inLanguage\":\"pt-BR\"},{\"@type\":\"Organization\",\"@id\":\"https:\\\/\\\/redenoticiaz.com.br\\\/litoralsp\\\/#organization\",\"name\":\"Litoral SP\",\"url\":\"https:\\\/\\\/redenoticiaz.com.br\\\/litoralsp\\\/\",\"logo\":{\"@type\":\"ImageObject\",\"inLanguage\":\"pt-BR\",\"@id\":\"https:\\\/\\\/redenoticiaz.com.br\\\/litoralsp\\\/#\\\/schema\\\/logo\\\/image\\\/\",\"url\":\"https:\\\/\\\/redenoticiaz.com.br\\\/litoralsp\\\/wp-content\\\/uploads\\\/sites\\\/3\\\/2020\\\/11\\\/logo.jpg\",\"contentUrl\":\"https:\\\/\\\/redenoticiaz.com.br\\\/litoralsp\\\/wp-content\\\/uploads\\\/sites\\\/3\\\/2020\\\/11\\\/logo.jpg\",\"width\":400,\"height\":250,\"caption\":\"Litoral SP\"},\"image\":{\"@id\":\"https:\\\/\\\/redenoticiaz.com.br\\\/litoralsp\\\/#\\\/schema\\\/logo\\\/image\\\/\"}},{\"@type\":\"Person\",\"@id\":\"https:\\\/\\\/redenoticiaz.com.br\\\/litoralsp\\\/#\\\/schema\\\/person\\\/0f0b8a5bdafefe82841e07ae8d81ecb3\",\"name\":\"Leonardo Francisco\",\"image\":{\"@type\":\"ImageObject\",\"inLanguage\":\"pt-BR\",\"@id\":\"https:\\\/\\\/secure.gravatar.com\\\/avatar\\\/a7358cb406a99b682ec6df1e77e31ae82e63601f6784e8a3df411d72b37864da?s=96&d=mm&r=g\",\"url\":\"https:\\\/\\\/secure.gravatar.com\\\/avatar\\\/a7358cb406a99b682ec6df1e77e31ae82e63601f6784e8a3df411d72b37864da?s=96&d=mm&r=g\",\"contentUrl\":\"https:\\\/\\\/secure.gravatar.com\\\/avatar\\\/a7358cb406a99b682ec6df1e77e31ae82e63601f6784e8a3df411d72b37864da?s=96&d=mm&r=g\",\"caption\":\"Leonardo Francisco\"},\"url\":\"https:\\\/\\\/redenoticiaz.com.br\\\/litoralsp\\\/author\\\/leonardo-francisco\"}]}<\/script>\n<!-- \/ Yoast SEO plugin. -->","yoast_head_json":{"title":"Corpo de homem \u00e9 encontrado em bairro de Ilhabela - Litoral SP","description":"Moradores do bairro \u00c1gua Branca, em Ilhabela, foram surpreendidos e encontraram o corpo de um homem nesta quinta-feira (10). Eles","robots":{"index":"index","follow":"follow","max-snippet":"max-snippet:-1","max-image-preview":"max-image-preview:large","max-video-preview":"max-video-preview:-1"},"canonical":"https:\/\/redenoticiaz.com.br\/litoralsp\/2021\/06\/10\/corpo-de-homem-e-encontrado-em-bairro-de-ilhabela","og_locale":"pt_BR","og_type":"article","og_title":"Corpo de homem \u00e9 encontrado em bairro de Ilhabela - Litoral SP","og_description":"Moradores do bairro \u00c1gua Branca, em Ilhabela, foram surpreendidos e encontraram o corpo de um homem nesta quinta-feira (10). Eles","og_url":"https:\/\/redenoticiaz.com.br\/litoralsp\/2021\/06\/10\/corpo-de-homem-e-encontrado-em-bairro-de-ilhabela","og_site_name":"Litoral SP","article_published_time":"2021-06-10T16:21:39+00:00","article_modified_time":"2021-06-10T16:21:58+00:00","og_image":[{"width":512,"height":373,"url":"https:\/\/redenoticiaz.com.br\/litoralsp\/wp-content\/uploads\/sites\/3\/2021\/01\/bombeiros.jpg","type":"image\/jpeg"}],"author":"Leonardo Francisco","twitter_card":"summary_large_image","twitter_misc":{"Escrito por":"Leonardo Francisco","Est. tempo de leitura":"1 minuto"},"schema":{"@context":"https:\/\/schema.org","@graph":[{"@type":"Article","@id":"https:\/\/redenoticiaz.com.br\/litoralsp\/2021\/06\/10\/corpo-de-homem-e-encontrado-em-bairro-de-ilhabela#article","isPartOf":{"@id":"https:\/\/redenoticiaz.com.br\/litoralsp\/2021\/06\/10\/corpo-de-homem-e-encontrado-em-bairro-de-ilhabela"},"author":{"name":"Leonardo Francisco","@id":"https:\/\/redenoticiaz.com.br\/litoralsp\/#\/schema\/person\/0f0b8a5bdafefe82841e07ae8d81ecb3"},"headline":"Corpo de homem \u00e9 encontrado em bairro de Ilhabela","datePublished":"2021-06-10T16:21:39+00:00","dateModified":"2021-06-10T16:21:58+00:00","mainEntityOfPage":{"@id":"https:\/\/redenoticiaz.com.br\/litoralsp\/2021\/06\/10\/corpo-de-homem-e-encontrado-em-bairro-de-ilhabela"},"wordCount":131,"commentCount":0,"publisher":{"@id":"https:\/\/redenoticiaz.com.br\/litoralsp\/#organization"},"image":{"@id":"https:\/\/redenoticiaz.com.br\/litoralsp\/2021\/06\/10\/corpo-de-homem-e-encontrado-em-bairro-de-ilhabela#primaryimage"},"thumbnailUrl":"https:\/\/redenoticiaz.com.br\/litoralsp\/wp-content\/uploads\/sites\/3\/2021\/01\/bombeiros.jpg","keywords":["BAIRRO \u00c1GUA BRANCA","CORPO DE BOMBEIROS","CORPO ENCONTRADO","ILHABELA","POL\u00cdCIA CIVIL"],"articleSection":["IlhaBela","Pol\u00edcia"],"inLanguage":"pt-BR","potentialAction":[{"@type":"CommentAction","name":"Comment","target":["https:\/\/redenoticiaz.com.br\/litoralsp\/2021\/06\/10\/corpo-de-homem-e-encontrado-em-bairro-de-ilhabela#respond"]}]},{"@type":"WebPage","@id":"https:\/\/redenoticiaz.com.br\/litoralsp\/2021\/06\/10\/corpo-de-homem-e-encontrado-em-bairro-de-ilhabela","url":"https:\/\/redenoticiaz.com.br\/litoralsp\/2021\/06\/10\/corpo-de-homem-e-encontrado-em-bairro-de-ilhabela","name":"Corpo de homem \u00e9 encontrado em bairro de Ilhabela - Litoral SP","isPartOf":{"@id":"https:\/\/redenoticiaz.com.br\/litoralsp\/#website"},"primaryImageOfPage":{"@id":"https:\/\/redenoticiaz.com.br\/litoralsp\/2021\/06\/10\/corpo-de-homem-e-encontrado-em-bairro-de-ilhabela#primaryimage"},"image":{"@id":"https:\/\/redenoticiaz.com.br\/litoralsp\/2021\/06\/10\/corpo-de-homem-e-encontrado-em-bairro-de-ilhabela#primaryimage"},"thumbnailUrl":"https:\/\/redenoticiaz.com.br\/litoralsp\/wp-content\/uploads\/sites\/3\/2021\/01\/bombeiros.jpg","datePublished":"2021-06-10T16:21:39+00:00","dateModified":"2021-06-10T16:21:58+00:00","description":"Moradores do bairro \u00c1gua Branca, em Ilhabela, foram surpreendidos e encontraram o corpo de um homem nesta quinta-feira (10). Eles","inLanguage":"pt-BR","potentialAction":[{"@type":"ReadAction","target":["https:\/\/redenoticiaz.com.br\/litoralsp\/2021\/06\/10\/corpo-de-homem-e-encontrado-em-bairro-de-ilhabela"]}]},{"@type":"ImageObject","inLanguage":"pt-BR","@id":"https:\/\/redenoticiaz.com.br\/litoralsp\/2021\/06\/10\/corpo-de-homem-e-encontrado-em-bairro-de-ilhabela#primaryimage","url":"https:\/\/redenoticiaz.com.br\/litoralsp\/wp-content\/uploads\/sites\/3\/2021\/01\/bombeiros.jpg","contentUrl":"https:\/\/redenoticiaz.com.br\/litoralsp\/wp-content\/uploads\/sites\/3\/2021\/01\/bombeiros.jpg","width":512,"height":373,"caption":"Cr\u00e9ditos: Reprodu\u00e7\u00e3o"},{"@type":"WebSite","@id":"https:\/\/redenoticiaz.com.br\/litoralsp\/#website","url":"https:\/\/redenoticiaz.com.br\/litoralsp\/","name":"Litoral SP","description":"Rede NoticiaZ","publisher":{"@id":"https:\/\/redenoticiaz.com.br\/litoralsp\/#organization"},"potentialAction":[{"@type":"SearchAction","target":{"@type":"EntryPoint","urlTemplate":"https:\/\/redenoticiaz.com.br\/litoralsp\/?s={search_term_string}"},"query-input":{"@type":"PropertyValueSpecification","valueRequired":true,"valueName":"search_term_string"}}],"inLanguage":"pt-BR"},{"@type":"Organization","@id":"https:\/\/redenoticiaz.com.br\/litoralsp\/#organization","name":"Litoral SP","url":"https:\/\/redenoticiaz.com.br\/litoralsp\/","logo":{"@type":"ImageObject","inLanguage":"pt-BR","@id":"https:\/\/redenoticiaz.com.br\/litoralsp\/#\/schema\/logo\/image\/","url":"https:\/\/redenoticiaz.com.br\/litoralsp\/wp-content\/uploads\/sites\/3\/2020\/11\/logo.jpg","contentUrl":"https:\/\/redenoticiaz.com.br\/litoralsp\/wp-content\/uploads\/sites\/3\/2020\/11\/logo.jpg","width":400,"height":250,"caption":"Litoral SP"},"image":{"@id":"https:\/\/redenoticiaz.com.br\/litoralsp\/#\/schema\/logo\/image\/"}},{"@type":"Person","@id":"https:\/\/redenoticiaz.com.br\/litoralsp\/#\/schema\/person\/0f0b8a5bdafefe82841e07ae8d81ecb3","name":"Leonardo Francisco","image":{"@type":"ImageObject","inLanguage":"pt-BR","@id":"https:\/\/secure.gravatar.com\/avatar\/a7358cb406a99b682ec6df1e77e31ae82e63601f6784e8a3df411d72b37864da?s=96&d=mm&r=g","url":"https:\/\/secure.gravatar.com\/avatar\/a7358cb406a99b682ec6df1e77e31ae82e63601f6784e8a3df411d72b37864da?s=96&d=mm&r=g","contentUrl":"https:\/\/secure.gravatar.com\/avatar\/a7358cb406a99b682ec6df1e77e31ae82e63601f6784e8a3df411d72b37864da?s=96&d=mm&r=g","caption":"Leonardo Francisco"},"url":"https:\/\/redenoticiaz.com.br\/litoralsp\/author\/leonardo-francisco"}]}},"_links":{"self":[{"href":"https:\/\/redenoticiaz.com.br\/litoralsp\/wp-json\/wp\/v2\/posts\/9865","targetHints":{"allow":["GET"]}}],"collection":[{"href":"https:\/\/redenoticiaz.com.br\/litoralsp\/wp-json\/wp\/v2\/posts"}],"about":[{"href":"https:\/\/redenoticiaz.com.br\/litoralsp\/wp-json\/wp\/v2\/types\/post"}],"author":[{"embeddable":true,"href":"https:\/\/redenoticiaz.com.br\/litoralsp\/wp-json\/wp\/v2\/users\/6"}],"replies":[{"embeddable":true,"href":"https:\/\/redenoticiaz.com.br\/litoralsp\/wp-json\/wp\/v2\/comments?post=9865"}],"version-history":[{"count":1,"href":"https:\/\/redenoticiaz.com.br\/litoralsp\/wp-json\/wp\/v2\/posts\/9865\/revisions"}],"predecessor-version":[{"id":9866,"href":"https:\/\/redenoticiaz.com.br\/litoralsp\/wp-json\/wp\/v2\/posts\/9865\/revisions\/9866"}],"wp:featuredmedia":[{"embeddable":true,"href":"https:\/\/redenoticiaz.com.br\/litoralsp\/wp-json\/wp\/v2\/media\/3319"}],"wp:attachment":[{"href":"https:\/\/redenoticiaz.com.br\/litoralsp\/wp-json\/wp\/v2\/media?parent=9865"}],"wp:term":[{"taxonomy":"category","embeddable":true,"href":"https:\/\/redenoticiaz.com.br\/litoralsp\/wp-json\/wp\/v2\/categories?post=9865"},{"taxonomy":"post_tag","embeddable":true,"href":"https:\/\/redenoticiaz.com.br\/litoralsp\/wp-json\/wp\/v2\/tags?post=9865"}],"curies":[{"name":"wp","href":"https:\/\/api.w.org\/{rel}","templated":true}]}}