{"id":98663,"date":"2023-01-11T12:41:25","date_gmt":"2023-01-11T15:41:25","guid":{"rendered":"https:\/\/redenoticiaz.com.br\/litoralsp\/2023\/01\/11\/com-nova-ameaca-golpista-ministro-do-stf-proibe-bloqueio-de-vias"},"modified":"2023-01-11T12:41:42","modified_gmt":"2023-01-11T15:41:42","slug":"com-nova-ameaca-golpista-ministro-do-stf-proibe-bloqueio-de-vias","status":"publish","type":"post","link":"https:\/\/redenoticiaz.com.br\/litoralsp\/2023\/01\/11\/com-nova-ameaca-golpista-ministro-do-stf-proibe-bloqueio-de-vias","title":{"rendered":"Com nova amea\u00e7a golpista, ministro do STF pro\u00edbe bloqueio de vias"},"content":{"rendered":"<p>O ministro do Supremo Tribunal Federal (STF) Alexandre de Moraes determinou \u00e0s for\u00e7as de Seguran\u00e7a P\u00fablica de todo o pa\u00eds, que impe\u00e7am qualquer tentativa de bloqueio de vias urbanas.<\/p>\n<p>A decis\u00e3o inclui tamb\u00e9m as rodovias ou a ocupa\u00e7\u00e3o de pr\u00e9dios p\u00fablicos. Qualquer pessoa que descumprir a decis\u00e3o deve ser presa em flagrante delito.<img decoding=\"async\" src=\"https:\/\/agenciabrasil.ebc.com.br\/ebc.png?id=1503565&amp;o=node\" \/><img decoding=\"async\" src=\"https:\/\/agenciabrasil.ebc.com.br\/ebc.gif?id=1503565&amp;o=node\" \/><\/p>\n<p>De acordo com as informa\u00e7\u00f5es, Moraes atendeu a pedido formulado pelo advogado-geral da Uni\u00e3o, Jorge Messias, que solicitou as provid\u00eancias diante do conhecimento de convoca\u00e7\u00e3o para atos golpistas marcados para as 18h desta quarta-feira (11) em todo o pa\u00eds.<\/p>\n<p>Sendo assim, na peti\u00e7\u00e3o, o AGU anexou panfletos e mensagens de grupos extremistas no aplicativo de mensagens Telegram.<\/p>\n<p>Quem invadir pr\u00e9dios p\u00fablicos ou promover a interrup\u00e7\u00e3o ou dificultar o tr\u00e1fego em territ\u00f3rio nacional fica sujeito tamb\u00e9m a multa de R$ 20 mil, al\u00e9m da pris\u00e3o em flagrante. Se houver pessoa jur\u00eddica envolvida, a multa ser\u00e1 de R$ 100 mil. Qualquer ve\u00edculo que violar a proibi\u00e7\u00e3o deve ser identificado e ter a permiss\u00e3o para circular restringida.<\/p>\n<p>Enfim, as multas devem ser aplicadas n\u00e3o somente a quem participar diretamente desses atos, como tamb\u00e9m a quem\u00a0promova a incita\u00e7\u00e3o, inclusive em meios eletr\u00f4nicos, ou que preste apoio material (log\u00edstico e financeiro) a manifesta\u00e7\u00f5es que visem atacar o Estado Democr\u00e1tico de Direito.<\/p>\n<p><em>*Com informa\u00e7\u00f5es da Ag\u00eanciarBrasil<\/em><\/p>\n<p><strong>Leia mais<\/strong><\/p>\n<p><a href=\"https:\/\/redenoticiaz.com.br\/blog\/2022\/10\/31\/alexandre-de-moraes-vira-protagonista-nas-redes-gerando-mais-de-4-milhoes-de-interacoes-no-dia-de-eleicao\">Alexandre de Moraes vira protagonista nas redes gerando mais de 4 milh\u00f5es de intera\u00e7\u00f5es no dia de elei\u00e7\u00e3o<\/a><\/p>\n","protected":false},"excerpt":{"rendered":"<p>O ministro do Supremo Tribunal Federal (STF) Alexandre de Moraes determinou \u00e0s for\u00e7as de Seguran\u00e7a P\u00fablica de todo o pa\u00eds, que impe\u00e7am qualquer tentativa de bloqueio de vias urbanas. A decis\u00e3o inclui tamb\u00e9m as rodovias ou a ocupa\u00e7\u00e3o de pr\u00e9dios p\u00fablicos. Qualquer pessoa que descumprir a decis\u00e3o deve ser presa em flagrante delito. De acordo &hellip;<\/p>\n","protected":false},"author":12,"featured_media":98664,"comment_status":"open","ping_status":"closed","sticky":false,"template":"","format":"standard","meta":{"footnotes":""},"categories":[15],"tags":[30203,61251,62483,28],"class_list":["post-98663","post","type-post","status-publish","format-standard","has-post-thumbnail","hentry","category-politica","tag-alexandre-de-moraes","tag-bolsonaristas","tag-peticao-stf","tag-stf"],"yoast_head":"<!-- This site is optimized with the Yoast SEO plugin v27.5 - https:\/\/yoast.com\/product\/yoast-seo-wordpress\/ -->\n<title>Com nova amea\u00e7a golpista, ministro do STF pro\u00edbe bloqueio de vias - Litoral SP<\/title>\n<meta name=\"description\" content=\"O ministro do STF Alexandre de Moraes determinou \u00e0s for\u00e7as de Seguran\u00e7a P\u00fablica que impe\u00e7am qualquer tentativa de bloqueio de vias urbanas.\" \/>\n<meta name=\"robots\" content=\"index, follow, max-snippet:-1, max-image-preview:large, max-video-preview:-1\" \/>\n<link rel=\"canonical\" href=\"https:\/\/redenoticiaz.com.br\/litoralsp\/2023\/01\/11\/com-nova-ameaca-golpista-ministro-do-stf-proibe-bloqueio-de-vias\" \/>\n<meta property=\"og:locale\" content=\"pt_BR\" \/>\n<meta property=\"og:type\" content=\"article\" \/>\n<meta property=\"og:title\" content=\"Com nova amea\u00e7a golpista, ministro do STF pro\u00edbe bloqueio de vias - Litoral SP\" \/>\n<meta property=\"og:description\" content=\"O ministro do STF Alexandre de Moraes determinou \u00e0s for\u00e7as de Seguran\u00e7a P\u00fablica que impe\u00e7am qualquer tentativa de bloqueio de vias urbanas.\" \/>\n<meta property=\"og:url\" content=\"https:\/\/redenoticiaz.com.br\/litoralsp\/2023\/01\/11\/com-nova-ameaca-golpista-ministro-do-stf-proibe-bloqueio-de-vias\" \/>\n<meta property=\"og:site_name\" content=\"Litoral SP\" \/>\n<meta property=\"article:published_time\" content=\"2023-01-11T15:41:25+00:00\" \/>\n<meta property=\"article:modified_time\" content=\"2023-01-11T15:41:42+00:00\" \/>\n<meta property=\"og:image\" content=\"https:\/\/redenoticiaz.com.br\/litoralsp\/wp-content\/uploads\/sites\/3\/2023\/01\/posse-diretor-pf_mcamgo_abr_100120231818-13.jpg?v=1673451566\" \/>\n\t<meta property=\"og:image:width\" content=\"1170\" \/>\n\t<meta property=\"og:image:height\" content=\"700\" \/>\n\t<meta property=\"og:image:type\" content=\"image\/jpeg\" \/>\n<meta name=\"author\" content=\"Gustavo Silva\" \/>\n<meta name=\"twitter:card\" content=\"summary_large_image\" \/>\n<meta name=\"twitter:label1\" content=\"Escrito por\" \/>\n\t<meta name=\"twitter:data1\" content=\"Gustavo Silva\" \/>\n\t<meta name=\"twitter:label2\" content=\"Est. tempo de leitura\" \/>\n\t<meta name=\"twitter:data2\" content=\"2 minutos\" \/>\n<script type=\"application\/ld+json\" class=\"yoast-schema-graph\">{\"@context\":\"https:\\\/\\\/schema.org\",\"@graph\":[{\"@type\":\"Article\",\"@id\":\"https:\\\/\\\/redenoticiaz.com.br\\\/litoralsp\\\/2023\\\/01\\\/11\\\/com-nova-ameaca-golpista-ministro-do-stf-proibe-bloqueio-de-vias#article\",\"isPartOf\":{\"@id\":\"https:\\\/\\\/redenoticiaz.com.br\\\/litoralsp\\\/2023\\\/01\\\/11\\\/com-nova-ameaca-golpista-ministro-do-stf-proibe-bloqueio-de-vias\"},\"author\":{\"name\":\"Gustavo Silva\",\"@id\":\"https:\\\/\\\/redenoticiaz.com.br\\\/litoralsp\\\/#\\\/schema\\\/person\\\/16057b37a3c0ee6b096d7f887c566e2e\"},\"headline\":\"Com nova amea\u00e7a golpista, ministro do STF pro\u00edbe bloqueio de vias\",\"datePublished\":\"2023-01-11T15:41:25+00:00\",\"dateModified\":\"2023-01-11T15:41:42+00:00\",\"mainEntityOfPage\":{\"@id\":\"https:\\\/\\\/redenoticiaz.com.br\\\/litoralsp\\\/2023\\\/01\\\/11\\\/com-nova-ameaca-golpista-ministro-do-stf-proibe-bloqueio-de-vias\"},\"wordCount\":284,\"commentCount\":0,\"publisher\":{\"@id\":\"https:\\\/\\\/redenoticiaz.com.br\\\/litoralsp\\\/#organization\"},\"image\":{\"@id\":\"https:\\\/\\\/redenoticiaz.com.br\\\/litoralsp\\\/2023\\\/01\\\/11\\\/com-nova-ameaca-golpista-ministro-do-stf-proibe-bloqueio-de-vias#primaryimage\"},\"thumbnailUrl\":\"https:\\\/\\\/redenoticiaz.com.br\\\/litoralsp\\\/wp-content\\\/uploads\\\/sites\\\/3\\\/2023\\\/01\\\/posse-diretor-pf_mcamgo_abr_100120231818-13.jpg?v=1673451566\",\"keywords\":[\"ALEXANDRE DE MORAES\",\"BOLSONARISTAS\",\"peti\u00e7\u00e3o STF\",\"stf\"],\"articleSection\":[\"Pol\u00edtica\"],\"inLanguage\":\"pt-BR\",\"potentialAction\":[{\"@type\":\"CommentAction\",\"name\":\"Comment\",\"target\":[\"https:\\\/\\\/redenoticiaz.com.br\\\/litoralsp\\\/2023\\\/01\\\/11\\\/com-nova-ameaca-golpista-ministro-do-stf-proibe-bloqueio-de-vias#respond\"]}]},{\"@type\":\"WebPage\",\"@id\":\"https:\\\/\\\/redenoticiaz.com.br\\\/litoralsp\\\/2023\\\/01\\\/11\\\/com-nova-ameaca-golpista-ministro-do-stf-proibe-bloqueio-de-vias\",\"url\":\"https:\\\/\\\/redenoticiaz.com.br\\\/litoralsp\\\/2023\\\/01\\\/11\\\/com-nova-ameaca-golpista-ministro-do-stf-proibe-bloqueio-de-vias\",\"name\":\"Com nova amea\u00e7a golpista, ministro do STF pro\u00edbe bloqueio de vias - Litoral SP\",\"isPartOf\":{\"@id\":\"https:\\\/\\\/redenoticiaz.com.br\\\/litoralsp\\\/#website\"},\"primaryImageOfPage\":{\"@id\":\"https:\\\/\\\/redenoticiaz.com.br\\\/litoralsp\\\/2023\\\/01\\\/11\\\/com-nova-ameaca-golpista-ministro-do-stf-proibe-bloqueio-de-vias#primaryimage\"},\"image\":{\"@id\":\"https:\\\/\\\/redenoticiaz.com.br\\\/litoralsp\\\/2023\\\/01\\\/11\\\/com-nova-ameaca-golpista-ministro-do-stf-proibe-bloqueio-de-vias#primaryimage\"},\"thumbnailUrl\":\"https:\\\/\\\/redenoticiaz.com.br\\\/litoralsp\\\/wp-content\\\/uploads\\\/sites\\\/3\\\/2023\\\/01\\\/posse-diretor-pf_mcamgo_abr_100120231818-13.jpg?v=1673451566\",\"datePublished\":\"2023-01-11T15:41:25+00:00\",\"dateModified\":\"2023-01-11T15:41:42+00:00\",\"description\":\"O ministro do STF Alexandre de Moraes determinou \u00e0s for\u00e7as de Seguran\u00e7a P\u00fablica que impe\u00e7am qualquer tentativa de bloqueio de vias urbanas.\",\"inLanguage\":\"pt-BR\",\"potentialAction\":[{\"@type\":\"ReadAction\",\"target\":[\"https:\\\/\\\/redenoticiaz.com.br\\\/litoralsp\\\/2023\\\/01\\\/11\\\/com-nova-ameaca-golpista-ministro-do-stf-proibe-bloqueio-de-vias\"]}]},{\"@type\":\"ImageObject\",\"inLanguage\":\"pt-BR\",\"@id\":\"https:\\\/\\\/redenoticiaz.com.br\\\/litoralsp\\\/2023\\\/01\\\/11\\\/com-nova-ameaca-golpista-ministro-do-stf-proibe-bloqueio-de-vias#primaryimage\",\"url\":\"https:\\\/\\\/redenoticiaz.com.br\\\/litoralsp\\\/wp-content\\\/uploads\\\/sites\\\/3\\\/2023\\\/01\\\/posse-diretor-pf_mcamgo_abr_100120231818-13.jpg?v=1673451566\",\"contentUrl\":\"https:\\\/\\\/redenoticiaz.com.br\\\/litoralsp\\\/wp-content\\\/uploads\\\/sites\\\/3\\\/2023\\\/01\\\/posse-diretor-pf_mcamgo_abr_100120231818-13.jpg?v=1673451566\",\"width\":1170,\"height\":700,\"caption\":\"Com nova amea\u00e7a golpista, ministro do STF pro\u00edbe bloqueio de vias\"},{\"@type\":\"WebSite\",\"@id\":\"https:\\\/\\\/redenoticiaz.com.br\\\/litoralsp\\\/#website\",\"url\":\"https:\\\/\\\/redenoticiaz.com.br\\\/litoralsp\\\/\",\"name\":\"Litoral SP\",\"description\":\"Rede NoticiaZ\",\"publisher\":{\"@id\":\"https:\\\/\\\/redenoticiaz.com.br\\\/litoralsp\\\/#organization\"},\"potentialAction\":[{\"@type\":\"SearchAction\",\"target\":{\"@type\":\"EntryPoint\",\"urlTemplate\":\"https:\\\/\\\/redenoticiaz.com.br\\\/litoralsp\\\/?s={search_term_string}\"},\"query-input\":{\"@type\":\"PropertyValueSpecification\",\"valueRequired\":true,\"valueName\":\"search_term_string\"}}],\"inLanguage\":\"pt-BR\"},{\"@type\":\"Organization\",\"@id\":\"https:\\\/\\\/redenoticiaz.com.br\\\/litoralsp\\\/#organization\",\"name\":\"Litoral SP\",\"url\":\"https:\\\/\\\/redenoticiaz.com.br\\\/litoralsp\\\/\",\"logo\":{\"@type\":\"ImageObject\",\"inLanguage\":\"pt-BR\",\"@id\":\"https:\\\/\\\/redenoticiaz.com.br\\\/litoralsp\\\/#\\\/schema\\\/logo\\\/image\\\/\",\"url\":\"https:\\\/\\\/redenoticiaz.com.br\\\/litoralsp\\\/wp-content\\\/uploads\\\/sites\\\/3\\\/2020\\\/11\\\/logo.jpg\",\"contentUrl\":\"https:\\\/\\\/redenoticiaz.com.br\\\/litoralsp\\\/wp-content\\\/uploads\\\/sites\\\/3\\\/2020\\\/11\\\/logo.jpg\",\"width\":400,\"height\":250,\"caption\":\"Litoral SP\"},\"image\":{\"@id\":\"https:\\\/\\\/redenoticiaz.com.br\\\/litoralsp\\\/#\\\/schema\\\/logo\\\/image\\\/\"}},{\"@type\":\"Person\",\"@id\":\"https:\\\/\\\/redenoticiaz.com.br\\\/litoralsp\\\/#\\\/schema\\\/person\\\/16057b37a3c0ee6b096d7f887c566e2e\",\"name\":\"Gustavo Silva\",\"image\":{\"@type\":\"ImageObject\",\"inLanguage\":\"pt-BR\",\"@id\":\"https:\\\/\\\/secure.gravatar.com\\\/avatar\\\/3ee4e82f93b26de0a7cf4ea5eb7893da637ed6bb0c9170c58065944c56e28a33?s=96&d=mm&r=g\",\"url\":\"https:\\\/\\\/secure.gravatar.com\\\/avatar\\\/3ee4e82f93b26de0a7cf4ea5eb7893da637ed6bb0c9170c58065944c56e28a33?s=96&d=mm&r=g\",\"contentUrl\":\"https:\\\/\\\/secure.gravatar.com\\\/avatar\\\/3ee4e82f93b26de0a7cf4ea5eb7893da637ed6bb0c9170c58065944c56e28a33?s=96&d=mm&r=g\",\"caption\":\"Gustavo Silva\"},\"url\":\"https:\\\/\\\/redenoticiaz.com.br\\\/litoralsp\\\/author\\\/gustavosilva\"}]}<\/script>\n<!-- \/ Yoast SEO plugin. -->","yoast_head_json":{"title":"Com nova amea\u00e7a golpista, ministro do STF pro\u00edbe bloqueio de vias - Litoral SP","description":"O ministro do STF Alexandre de Moraes determinou \u00e0s for\u00e7as de Seguran\u00e7a P\u00fablica que impe\u00e7am qualquer tentativa de bloqueio de vias urbanas.","robots":{"index":"index","follow":"follow","max-snippet":"max-snippet:-1","max-image-preview":"max-image-preview:large","max-video-preview":"max-video-preview:-1"},"canonical":"https:\/\/redenoticiaz.com.br\/litoralsp\/2023\/01\/11\/com-nova-ameaca-golpista-ministro-do-stf-proibe-bloqueio-de-vias","og_locale":"pt_BR","og_type":"article","og_title":"Com nova amea\u00e7a golpista, ministro do STF pro\u00edbe bloqueio de vias - Litoral SP","og_description":"O ministro do STF Alexandre de Moraes determinou \u00e0s for\u00e7as de Seguran\u00e7a P\u00fablica que impe\u00e7am qualquer tentativa de bloqueio de vias urbanas.","og_url":"https:\/\/redenoticiaz.com.br\/litoralsp\/2023\/01\/11\/com-nova-ameaca-golpista-ministro-do-stf-proibe-bloqueio-de-vias","og_site_name":"Litoral SP","article_published_time":"2023-01-11T15:41:25+00:00","article_modified_time":"2023-01-11T15:41:42+00:00","og_image":[{"width":1170,"height":700,"url":"https:\/\/redenoticiaz.com.br\/litoralsp\/wp-content\/uploads\/sites\/3\/2023\/01\/posse-diretor-pf_mcamgo_abr_100120231818-13.jpg?v=1673451566","type":"image\/jpeg"}],"author":"Gustavo Silva","twitter_card":"summary_large_image","twitter_misc":{"Escrito por":"Gustavo Silva","Est. tempo de leitura":"2 minutos"},"schema":{"@context":"https:\/\/schema.org","@graph":[{"@type":"Article","@id":"https:\/\/redenoticiaz.com.br\/litoralsp\/2023\/01\/11\/com-nova-ameaca-golpista-ministro-do-stf-proibe-bloqueio-de-vias#article","isPartOf":{"@id":"https:\/\/redenoticiaz.com.br\/litoralsp\/2023\/01\/11\/com-nova-ameaca-golpista-ministro-do-stf-proibe-bloqueio-de-vias"},"author":{"name":"Gustavo Silva","@id":"https:\/\/redenoticiaz.com.br\/litoralsp\/#\/schema\/person\/16057b37a3c0ee6b096d7f887c566e2e"},"headline":"Com nova amea\u00e7a golpista, ministro do STF pro\u00edbe bloqueio de vias","datePublished":"2023-01-11T15:41:25+00:00","dateModified":"2023-01-11T15:41:42+00:00","mainEntityOfPage":{"@id":"https:\/\/redenoticiaz.com.br\/litoralsp\/2023\/01\/11\/com-nova-ameaca-golpista-ministro-do-stf-proibe-bloqueio-de-vias"},"wordCount":284,"commentCount":0,"publisher":{"@id":"https:\/\/redenoticiaz.com.br\/litoralsp\/#organization"},"image":{"@id":"https:\/\/redenoticiaz.com.br\/litoralsp\/2023\/01\/11\/com-nova-ameaca-golpista-ministro-do-stf-proibe-bloqueio-de-vias#primaryimage"},"thumbnailUrl":"https:\/\/redenoticiaz.com.br\/litoralsp\/wp-content\/uploads\/sites\/3\/2023\/01\/posse-diretor-pf_mcamgo_abr_100120231818-13.jpg?v=1673451566","keywords":["ALEXANDRE DE MORAES","BOLSONARISTAS","peti\u00e7\u00e3o STF","stf"],"articleSection":["Pol\u00edtica"],"inLanguage":"pt-BR","potentialAction":[{"@type":"CommentAction","name":"Comment","target":["https:\/\/redenoticiaz.com.br\/litoralsp\/2023\/01\/11\/com-nova-ameaca-golpista-ministro-do-stf-proibe-bloqueio-de-vias#respond"]}]},{"@type":"WebPage","@id":"https:\/\/redenoticiaz.com.br\/litoralsp\/2023\/01\/11\/com-nova-ameaca-golpista-ministro-do-stf-proibe-bloqueio-de-vias","url":"https:\/\/redenoticiaz.com.br\/litoralsp\/2023\/01\/11\/com-nova-ameaca-golpista-ministro-do-stf-proibe-bloqueio-de-vias","name":"Com nova amea\u00e7a golpista, ministro do STF pro\u00edbe bloqueio de vias - Litoral SP","isPartOf":{"@id":"https:\/\/redenoticiaz.com.br\/litoralsp\/#website"},"primaryImageOfPage":{"@id":"https:\/\/redenoticiaz.com.br\/litoralsp\/2023\/01\/11\/com-nova-ameaca-golpista-ministro-do-stf-proibe-bloqueio-de-vias#primaryimage"},"image":{"@id":"https:\/\/redenoticiaz.com.br\/litoralsp\/2023\/01\/11\/com-nova-ameaca-golpista-ministro-do-stf-proibe-bloqueio-de-vias#primaryimage"},"thumbnailUrl":"https:\/\/redenoticiaz.com.br\/litoralsp\/wp-content\/uploads\/sites\/3\/2023\/01\/posse-diretor-pf_mcamgo_abr_100120231818-13.jpg?v=1673451566","datePublished":"2023-01-11T15:41:25+00:00","dateModified":"2023-01-11T15:41:42+00:00","description":"O ministro do STF Alexandre de Moraes determinou \u00e0s for\u00e7as de Seguran\u00e7a P\u00fablica que impe\u00e7am qualquer tentativa de bloqueio de vias urbanas.","inLanguage":"pt-BR","potentialAction":[{"@type":"ReadAction","target":["https:\/\/redenoticiaz.com.br\/litoralsp\/2023\/01\/11\/com-nova-ameaca-golpista-ministro-do-stf-proibe-bloqueio-de-vias"]}]},{"@type":"ImageObject","inLanguage":"pt-BR","@id":"https:\/\/redenoticiaz.com.br\/litoralsp\/2023\/01\/11\/com-nova-ameaca-golpista-ministro-do-stf-proibe-bloqueio-de-vias#primaryimage","url":"https:\/\/redenoticiaz.com.br\/litoralsp\/wp-content\/uploads\/sites\/3\/2023\/01\/posse-diretor-pf_mcamgo_abr_100120231818-13.jpg?v=1673451566","contentUrl":"https:\/\/redenoticiaz.com.br\/litoralsp\/wp-content\/uploads\/sites\/3\/2023\/01\/posse-diretor-pf_mcamgo_abr_100120231818-13.jpg?v=1673451566","width":1170,"height":700,"caption":"Com nova amea\u00e7a golpista, ministro do STF pro\u00edbe bloqueio de vias"},{"@type":"WebSite","@id":"https:\/\/redenoticiaz.com.br\/litoralsp\/#website","url":"https:\/\/redenoticiaz.com.br\/litoralsp\/","name":"Litoral SP","description":"Rede NoticiaZ","publisher":{"@id":"https:\/\/redenoticiaz.com.br\/litoralsp\/#organization"},"potentialAction":[{"@type":"SearchAction","target":{"@type":"EntryPoint","urlTemplate":"https:\/\/redenoticiaz.com.br\/litoralsp\/?s={search_term_string}"},"query-input":{"@type":"PropertyValueSpecification","valueRequired":true,"valueName":"search_term_string"}}],"inLanguage":"pt-BR"},{"@type":"Organization","@id":"https:\/\/redenoticiaz.com.br\/litoralsp\/#organization","name":"Litoral SP","url":"https:\/\/redenoticiaz.com.br\/litoralsp\/","logo":{"@type":"ImageObject","inLanguage":"pt-BR","@id":"https:\/\/redenoticiaz.com.br\/litoralsp\/#\/schema\/logo\/image\/","url":"https:\/\/redenoticiaz.com.br\/litoralsp\/wp-content\/uploads\/sites\/3\/2020\/11\/logo.jpg","contentUrl":"https:\/\/redenoticiaz.com.br\/litoralsp\/wp-content\/uploads\/sites\/3\/2020\/11\/logo.jpg","width":400,"height":250,"caption":"Litoral SP"},"image":{"@id":"https:\/\/redenoticiaz.com.br\/litoralsp\/#\/schema\/logo\/image\/"}},{"@type":"Person","@id":"https:\/\/redenoticiaz.com.br\/litoralsp\/#\/schema\/person\/16057b37a3c0ee6b096d7f887c566e2e","name":"Gustavo Silva","image":{"@type":"ImageObject","inLanguage":"pt-BR","@id":"https:\/\/secure.gravatar.com\/avatar\/3ee4e82f93b26de0a7cf4ea5eb7893da637ed6bb0c9170c58065944c56e28a33?s=96&d=mm&r=g","url":"https:\/\/secure.gravatar.com\/avatar\/3ee4e82f93b26de0a7cf4ea5eb7893da637ed6bb0c9170c58065944c56e28a33?s=96&d=mm&r=g","contentUrl":"https:\/\/secure.gravatar.com\/avatar\/3ee4e82f93b26de0a7cf4ea5eb7893da637ed6bb0c9170c58065944c56e28a33?s=96&d=mm&r=g","caption":"Gustavo Silva"},"url":"https:\/\/redenoticiaz.com.br\/litoralsp\/author\/gustavosilva"}]}},"_links":{"self":[{"href":"https:\/\/redenoticiaz.com.br\/litoralsp\/wp-json\/wp\/v2\/posts\/98663","targetHints":{"allow":["GET"]}}],"collection":[{"href":"https:\/\/redenoticiaz.com.br\/litoralsp\/wp-json\/wp\/v2\/posts"}],"about":[{"href":"https:\/\/redenoticiaz.com.br\/litoralsp\/wp-json\/wp\/v2\/types\/post"}],"author":[{"embeddable":true,"href":"https:\/\/redenoticiaz.com.br\/litoralsp\/wp-json\/wp\/v2\/users\/12"}],"replies":[{"embeddable":true,"href":"https:\/\/redenoticiaz.com.br\/litoralsp\/wp-json\/wp\/v2\/comments?post=98663"}],"version-history":[{"count":0,"href":"https:\/\/redenoticiaz.com.br\/litoralsp\/wp-json\/wp\/v2\/posts\/98663\/revisions"}],"wp:featuredmedia":[{"embeddable":true,"href":"https:\/\/redenoticiaz.com.br\/litoralsp\/wp-json\/wp\/v2\/media\/98664"}],"wp:attachment":[{"href":"https:\/\/redenoticiaz.com.br\/litoralsp\/wp-json\/wp\/v2\/media?parent=98663"}],"wp:term":[{"taxonomy":"category","embeddable":true,"href":"https:\/\/redenoticiaz.com.br\/litoralsp\/wp-json\/wp\/v2\/categories?post=98663"},{"taxonomy":"post_tag","embeddable":true,"href":"https:\/\/redenoticiaz.com.br\/litoralsp\/wp-json\/wp\/v2\/tags?post=98663"}],"curies":[{"name":"wp","href":"https:\/\/api.w.org\/{rel}","templated":true}]}}