{"id":98693,"date":"2023-01-11T18:53:30","date_gmt":"2023-01-11T21:53:30","guid":{"rendered":"https:\/\/redenoticiaz.com.br\/litoralsp\/?p=98693"},"modified":"2023-01-11T18:53:45","modified_gmt":"2023-01-11T21:53:45","slug":"suzane-von-richthofen-e-solta-apos-progredir-para-regime-aberto","status":"publish","type":"post","link":"https:\/\/redenoticiaz.com.br\/litoralsp\/2023\/01\/11\/suzane-von-richthofen-e-solta-apos-progredir-para-regime-aberto","title":{"rendered":"Suzane von Richthofen \u00e9 solta ap\u00f3s progredir para regime aberto"},"content":{"rendered":"<div id=\"chunk-8f26h\">\n<div class=\"mc-column content-text active-extra-styles \" data-block-type=\"unstyled\" data-block-weight=\"45\" data-block-id=\"3\">\n<p data-track-category=\"Link no Texto\" data-track-links=\"\">Suzane von Richthofen foi solta da cadeia na tarde desta quarta-feira (11) ap\u00f3s progredir para o regime aberto.<\/p>\n<p data-track-category=\"Link no Texto\" data-track-links=\"\">De acordo com as informa\u00e7\u00f5es, ela estava cumprindo uma pena de 20 anos no pres\u00eddio em\u00a0Trememb\u00e9, no interior de S\u00e3o Paulo.<\/p>\n<p data-track-category=\"Link no Texto\" data-track-links=\"\">Ainda de acordo com as informa\u00e7\u00f5es, Suzane deixou o local por volta de 17h35 informou a Secretaria de Administra\u00e7\u00e3o Penitenci\u00e1ria (SAP).<\/p>\n<\/div>\n<\/div>\n<p class=\"content-text__container \" data-track-category=\"Link no Texto\" data-track-links=\"\">Sendo assim, sua pena foi fixada em 39 anos e seis meses de pris\u00e3o pelo seu envolvimento na morte dos pais, o casal Manfred e Mar\u00edsia Richthofen.<\/p>\n<p data-track-category=\"Link no Texto\" data-track-links=\"\">Enfim, Suzane havia conquistado ao direito do regime semiaberto em 2015 e desde ent\u00e3o tinha permiss\u00e3o de deixar a cadeia nas sa\u00eddas tempor\u00e1rias.<\/p>\n<h2 data-track-category=\"Link no Texto\">O Crime<\/h2>\n<p>Em 31 de outubro de 2002, o caso Suzane Richthofen foi noticiado em todo o Brasil. Ap\u00f3s uma breve investiga\u00e7\u00e3o, o assassinato brutal de Manfred e Mar\u00edsia Von Richthofen foi esclarecido:\u00a0o rico casal perdeu a vida atrav\u00e9s de um plano organizado pela pr\u00f3pria filha.<\/p>\n<p data-track-category=\"Link no Texto\" data-track-links=\"\"><strong>Leia mais<\/strong><\/p>\n<div id=\"chunk-fascs\">\n<div class=\"mc-column content-text active-extra-styles \" data-block-type=\"unstyled\" data-block-weight=\"39\" data-block-id=\"9\">\n<p data-track-category=\"Link no Texto\" data-track-links=\"\"><a href=\"https:\/\/redenoticiaz.com.br\/litoralsp\/2022\/05\/21\/caso-ritchthofen-pode-ter-novo-filme-produzido-no-brasil\">Caso Ritchthofen pode ter novo filme produzido no Brasil<\/a><\/p>\n<\/div>\n<\/div>\n","protected":false},"excerpt":{"rendered":"<p>Suzane von Richthofen foi solta da cadeia na tarde desta quarta-feira (11) ap\u00f3s progredir para o regime aberto. De acordo com as informa\u00e7\u00f5es, ela estava cumprindo uma pena de 20 anos no pres\u00eddio em\u00a0Trememb\u00e9, no interior de S\u00e3o Paulo. Ainda de acordo com as informa\u00e7\u00f5es, Suzane deixou o local por volta de 17h35 informou a &hellip;<\/p>\n","protected":false},"author":12,"featured_media":98694,"comment_status":"open","ping_status":"closed","sticky":false,"template":"","format":"standard","meta":{"footnotes":""},"categories":[22,10],"tags":[],"class_list":["post-98693","post","type-post","status-publish","format-standard","has-post-thumbnail","hentry","category-justica","category-policia"],"yoast_head":"<!-- This site is optimized with the Yoast SEO plugin v27.5 - https:\/\/yoast.com\/product\/yoast-seo-wordpress\/ -->\n<title>Suzane von Richthofen \u00e9 solta ap\u00f3s progredir para regime aberto - Litoral SP<\/title>\n<meta name=\"description\" content=\"Suzane von Richthofen foi solta da cadeia na tarde desta quarta-feira (11) ap\u00f3s progredir para o regime aberto.\" \/>\n<meta name=\"robots\" content=\"index, follow, max-snippet:-1, max-image-preview:large, max-video-preview:-1\" \/>\n<link rel=\"canonical\" href=\"https:\/\/redenoticiaz.com.br\/litoralsp\/2023\/01\/11\/suzane-von-richthofen-e-solta-apos-progredir-para-regime-aberto\" \/>\n<meta property=\"og:locale\" content=\"pt_BR\" \/>\n<meta property=\"og:type\" content=\"article\" \/>\n<meta property=\"og:title\" content=\"Suzane von Richthofen \u00e9 solta ap\u00f3s progredir para regime aberto - Litoral SP\" \/>\n<meta property=\"og:description\" content=\"Suzane von Richthofen foi solta da cadeia na tarde desta quarta-feira (11) ap\u00f3s progredir para o regime aberto.\" \/>\n<meta property=\"og:url\" content=\"https:\/\/redenoticiaz.com.br\/litoralsp\/2023\/01\/11\/suzane-von-richthofen-e-solta-apos-progredir-para-regime-aberto\" \/>\n<meta property=\"og:site_name\" content=\"Litoral SP\" \/>\n<meta property=\"article:published_time\" content=\"2023-01-11T21:53:30+00:00\" \/>\n<meta property=\"article:modified_time\" content=\"2023-01-11T21:53:45+00:00\" \/>\n<meta property=\"og:image\" content=\"https:\/\/redenoticiaz.com.br\/litoralsp\/wp-content\/uploads\/sites\/3\/2023\/01\/suzane201.jpg\" \/>\n\t<meta property=\"og:image:width\" content=\"680\" \/>\n\t<meta property=\"og:image:height\" content=\"453\" \/>\n\t<meta property=\"og:image:type\" content=\"image\/jpeg\" \/>\n<meta name=\"author\" content=\"Gustavo Silva\" \/>\n<meta name=\"twitter:card\" content=\"summary_large_image\" \/>\n<meta name=\"twitter:label1\" content=\"Escrito por\" \/>\n\t<meta name=\"twitter:data1\" content=\"Gustavo Silva\" \/>\n\t<meta name=\"twitter:label2\" content=\"Est. tempo de leitura\" \/>\n\t<meta name=\"twitter:data2\" content=\"1 minuto\" \/>\n<script type=\"application\/ld+json\" class=\"yoast-schema-graph\">{\"@context\":\"https:\\\/\\\/schema.org\",\"@graph\":[{\"@type\":\"Article\",\"@id\":\"https:\\\/\\\/redenoticiaz.com.br\\\/litoralsp\\\/2023\\\/01\\\/11\\\/suzane-von-richthofen-e-solta-apos-progredir-para-regime-aberto#article\",\"isPartOf\":{\"@id\":\"https:\\\/\\\/redenoticiaz.com.br\\\/litoralsp\\\/2023\\\/01\\\/11\\\/suzane-von-richthofen-e-solta-apos-progredir-para-regime-aberto\"},\"author\":{\"name\":\"Gustavo Silva\",\"@id\":\"https:\\\/\\\/redenoticiaz.com.br\\\/litoralsp\\\/#\\\/schema\\\/person\\\/16057b37a3c0ee6b096d7f887c566e2e\"},\"headline\":\"Suzane von Richthofen \u00e9 solta ap\u00f3s progredir para regime aberto\",\"datePublished\":\"2023-01-11T21:53:30+00:00\",\"dateModified\":\"2023-01-11T21:53:45+00:00\",\"mainEntityOfPage\":{\"@id\":\"https:\\\/\\\/redenoticiaz.com.br\\\/litoralsp\\\/2023\\\/01\\\/11\\\/suzane-von-richthofen-e-solta-apos-progredir-para-regime-aberto\"},\"wordCount\":191,\"commentCount\":0,\"publisher\":{\"@id\":\"https:\\\/\\\/redenoticiaz.com.br\\\/litoralsp\\\/#organization\"},\"image\":{\"@id\":\"https:\\\/\\\/redenoticiaz.com.br\\\/litoralsp\\\/2023\\\/01\\\/11\\\/suzane-von-richthofen-e-solta-apos-progredir-para-regime-aberto#primaryimage\"},\"thumbnailUrl\":\"https:\\\/\\\/redenoticiaz.com.br\\\/litoralsp\\\/wp-content\\\/uploads\\\/sites\\\/3\\\/2023\\\/01\\\/suzane201.jpg\",\"articleSection\":[\"Justi\u00e7a\",\"Pol\u00edcia\"],\"inLanguage\":\"pt-BR\",\"potentialAction\":[{\"@type\":\"CommentAction\",\"name\":\"Comment\",\"target\":[\"https:\\\/\\\/redenoticiaz.com.br\\\/litoralsp\\\/2023\\\/01\\\/11\\\/suzane-von-richthofen-e-solta-apos-progredir-para-regime-aberto#respond\"]}]},{\"@type\":\"WebPage\",\"@id\":\"https:\\\/\\\/redenoticiaz.com.br\\\/litoralsp\\\/2023\\\/01\\\/11\\\/suzane-von-richthofen-e-solta-apos-progredir-para-regime-aberto\",\"url\":\"https:\\\/\\\/redenoticiaz.com.br\\\/litoralsp\\\/2023\\\/01\\\/11\\\/suzane-von-richthofen-e-solta-apos-progredir-para-regime-aberto\",\"name\":\"Suzane von Richthofen \u00e9 solta ap\u00f3s progredir para regime aberto - Litoral SP\",\"isPartOf\":{\"@id\":\"https:\\\/\\\/redenoticiaz.com.br\\\/litoralsp\\\/#website\"},\"primaryImageOfPage\":{\"@id\":\"https:\\\/\\\/redenoticiaz.com.br\\\/litoralsp\\\/2023\\\/01\\\/11\\\/suzane-von-richthofen-e-solta-apos-progredir-para-regime-aberto#primaryimage\"},\"image\":{\"@id\":\"https:\\\/\\\/redenoticiaz.com.br\\\/litoralsp\\\/2023\\\/01\\\/11\\\/suzane-von-richthofen-e-solta-apos-progredir-para-regime-aberto#primaryimage\"},\"thumbnailUrl\":\"https:\\\/\\\/redenoticiaz.com.br\\\/litoralsp\\\/wp-content\\\/uploads\\\/sites\\\/3\\\/2023\\\/01\\\/suzane201.jpg\",\"datePublished\":\"2023-01-11T21:53:30+00:00\",\"dateModified\":\"2023-01-11T21:53:45+00:00\",\"description\":\"Suzane von Richthofen foi solta da cadeia na tarde desta quarta-feira (11) ap\u00f3s progredir para o regime aberto.\",\"inLanguage\":\"pt-BR\",\"potentialAction\":[{\"@type\":\"ReadAction\",\"target\":[\"https:\\\/\\\/redenoticiaz.com.br\\\/litoralsp\\\/2023\\\/01\\\/11\\\/suzane-von-richthofen-e-solta-apos-progredir-para-regime-aberto\"]}]},{\"@type\":\"ImageObject\",\"inLanguage\":\"pt-BR\",\"@id\":\"https:\\\/\\\/redenoticiaz.com.br\\\/litoralsp\\\/2023\\\/01\\\/11\\\/suzane-von-richthofen-e-solta-apos-progredir-para-regime-aberto#primaryimage\",\"url\":\"https:\\\/\\\/redenoticiaz.com.br\\\/litoralsp\\\/wp-content\\\/uploads\\\/sites\\\/3\\\/2023\\\/01\\\/suzane201.jpg\",\"contentUrl\":\"https:\\\/\\\/redenoticiaz.com.br\\\/litoralsp\\\/wp-content\\\/uploads\\\/sites\\\/3\\\/2023\\\/01\\\/suzane201.jpg\",\"width\":680,\"height\":453,\"caption\":\"Suzane von Richthofen \u00e9 solta ap\u00f3s progredir para regime aberto\"},{\"@type\":\"WebSite\",\"@id\":\"https:\\\/\\\/redenoticiaz.com.br\\\/litoralsp\\\/#website\",\"url\":\"https:\\\/\\\/redenoticiaz.com.br\\\/litoralsp\\\/\",\"name\":\"Litoral SP\",\"description\":\"Rede NoticiaZ\",\"publisher\":{\"@id\":\"https:\\\/\\\/redenoticiaz.com.br\\\/litoralsp\\\/#organization\"},\"potentialAction\":[{\"@type\":\"SearchAction\",\"target\":{\"@type\":\"EntryPoint\",\"urlTemplate\":\"https:\\\/\\\/redenoticiaz.com.br\\\/litoralsp\\\/?s={search_term_string}\"},\"query-input\":{\"@type\":\"PropertyValueSpecification\",\"valueRequired\":true,\"valueName\":\"search_term_string\"}}],\"inLanguage\":\"pt-BR\"},{\"@type\":\"Organization\",\"@id\":\"https:\\\/\\\/redenoticiaz.com.br\\\/litoralsp\\\/#organization\",\"name\":\"Litoral SP\",\"url\":\"https:\\\/\\\/redenoticiaz.com.br\\\/litoralsp\\\/\",\"logo\":{\"@type\":\"ImageObject\",\"inLanguage\":\"pt-BR\",\"@id\":\"https:\\\/\\\/redenoticiaz.com.br\\\/litoralsp\\\/#\\\/schema\\\/logo\\\/image\\\/\",\"url\":\"https:\\\/\\\/redenoticiaz.com.br\\\/litoralsp\\\/wp-content\\\/uploads\\\/sites\\\/3\\\/2020\\\/11\\\/logo.jpg\",\"contentUrl\":\"https:\\\/\\\/redenoticiaz.com.br\\\/litoralsp\\\/wp-content\\\/uploads\\\/sites\\\/3\\\/2020\\\/11\\\/logo.jpg\",\"width\":400,\"height\":250,\"caption\":\"Litoral SP\"},\"image\":{\"@id\":\"https:\\\/\\\/redenoticiaz.com.br\\\/litoralsp\\\/#\\\/schema\\\/logo\\\/image\\\/\"}},{\"@type\":\"Person\",\"@id\":\"https:\\\/\\\/redenoticiaz.com.br\\\/litoralsp\\\/#\\\/schema\\\/person\\\/16057b37a3c0ee6b096d7f887c566e2e\",\"name\":\"Gustavo Silva\",\"image\":{\"@type\":\"ImageObject\",\"inLanguage\":\"pt-BR\",\"@id\":\"https:\\\/\\\/secure.gravatar.com\\\/avatar\\\/3ee4e82f93b26de0a7cf4ea5eb7893da637ed6bb0c9170c58065944c56e28a33?s=96&d=mm&r=g\",\"url\":\"https:\\\/\\\/secure.gravatar.com\\\/avatar\\\/3ee4e82f93b26de0a7cf4ea5eb7893da637ed6bb0c9170c58065944c56e28a33?s=96&d=mm&r=g\",\"contentUrl\":\"https:\\\/\\\/secure.gravatar.com\\\/avatar\\\/3ee4e82f93b26de0a7cf4ea5eb7893da637ed6bb0c9170c58065944c56e28a33?s=96&d=mm&r=g\",\"caption\":\"Gustavo Silva\"},\"url\":\"https:\\\/\\\/redenoticiaz.com.br\\\/litoralsp\\\/author\\\/gustavosilva\"}]}<\/script>\n<!-- \/ Yoast SEO plugin. -->","yoast_head_json":{"title":"Suzane von Richthofen \u00e9 solta ap\u00f3s progredir para regime aberto - Litoral SP","description":"Suzane von Richthofen foi solta da cadeia na tarde desta quarta-feira (11) ap\u00f3s progredir para o regime aberto.","robots":{"index":"index","follow":"follow","max-snippet":"max-snippet:-1","max-image-preview":"max-image-preview:large","max-video-preview":"max-video-preview:-1"},"canonical":"https:\/\/redenoticiaz.com.br\/litoralsp\/2023\/01\/11\/suzane-von-richthofen-e-solta-apos-progredir-para-regime-aberto","og_locale":"pt_BR","og_type":"article","og_title":"Suzane von Richthofen \u00e9 solta ap\u00f3s progredir para regime aberto - Litoral SP","og_description":"Suzane von Richthofen foi solta da cadeia na tarde desta quarta-feira (11) ap\u00f3s progredir para o regime aberto.","og_url":"https:\/\/redenoticiaz.com.br\/litoralsp\/2023\/01\/11\/suzane-von-richthofen-e-solta-apos-progredir-para-regime-aberto","og_site_name":"Litoral SP","article_published_time":"2023-01-11T21:53:30+00:00","article_modified_time":"2023-01-11T21:53:45+00:00","og_image":[{"width":680,"height":453,"url":"https:\/\/redenoticiaz.com.br\/litoralsp\/wp-content\/uploads\/sites\/3\/2023\/01\/suzane201.jpg","type":"image\/jpeg"}],"author":"Gustavo Silva","twitter_card":"summary_large_image","twitter_misc":{"Escrito por":"Gustavo Silva","Est. tempo de leitura":"1 minuto"},"schema":{"@context":"https:\/\/schema.org","@graph":[{"@type":"Article","@id":"https:\/\/redenoticiaz.com.br\/litoralsp\/2023\/01\/11\/suzane-von-richthofen-e-solta-apos-progredir-para-regime-aberto#article","isPartOf":{"@id":"https:\/\/redenoticiaz.com.br\/litoralsp\/2023\/01\/11\/suzane-von-richthofen-e-solta-apos-progredir-para-regime-aberto"},"author":{"name":"Gustavo Silva","@id":"https:\/\/redenoticiaz.com.br\/litoralsp\/#\/schema\/person\/16057b37a3c0ee6b096d7f887c566e2e"},"headline":"Suzane von Richthofen \u00e9 solta ap\u00f3s progredir para regime aberto","datePublished":"2023-01-11T21:53:30+00:00","dateModified":"2023-01-11T21:53:45+00:00","mainEntityOfPage":{"@id":"https:\/\/redenoticiaz.com.br\/litoralsp\/2023\/01\/11\/suzane-von-richthofen-e-solta-apos-progredir-para-regime-aberto"},"wordCount":191,"commentCount":0,"publisher":{"@id":"https:\/\/redenoticiaz.com.br\/litoralsp\/#organization"},"image":{"@id":"https:\/\/redenoticiaz.com.br\/litoralsp\/2023\/01\/11\/suzane-von-richthofen-e-solta-apos-progredir-para-regime-aberto#primaryimage"},"thumbnailUrl":"https:\/\/redenoticiaz.com.br\/litoralsp\/wp-content\/uploads\/sites\/3\/2023\/01\/suzane201.jpg","articleSection":["Justi\u00e7a","Pol\u00edcia"],"inLanguage":"pt-BR","potentialAction":[{"@type":"CommentAction","name":"Comment","target":["https:\/\/redenoticiaz.com.br\/litoralsp\/2023\/01\/11\/suzane-von-richthofen-e-solta-apos-progredir-para-regime-aberto#respond"]}]},{"@type":"WebPage","@id":"https:\/\/redenoticiaz.com.br\/litoralsp\/2023\/01\/11\/suzane-von-richthofen-e-solta-apos-progredir-para-regime-aberto","url":"https:\/\/redenoticiaz.com.br\/litoralsp\/2023\/01\/11\/suzane-von-richthofen-e-solta-apos-progredir-para-regime-aberto","name":"Suzane von Richthofen \u00e9 solta ap\u00f3s progredir para regime aberto - Litoral SP","isPartOf":{"@id":"https:\/\/redenoticiaz.com.br\/litoralsp\/#website"},"primaryImageOfPage":{"@id":"https:\/\/redenoticiaz.com.br\/litoralsp\/2023\/01\/11\/suzane-von-richthofen-e-solta-apos-progredir-para-regime-aberto#primaryimage"},"image":{"@id":"https:\/\/redenoticiaz.com.br\/litoralsp\/2023\/01\/11\/suzane-von-richthofen-e-solta-apos-progredir-para-regime-aberto#primaryimage"},"thumbnailUrl":"https:\/\/redenoticiaz.com.br\/litoralsp\/wp-content\/uploads\/sites\/3\/2023\/01\/suzane201.jpg","datePublished":"2023-01-11T21:53:30+00:00","dateModified":"2023-01-11T21:53:45+00:00","description":"Suzane von Richthofen foi solta da cadeia na tarde desta quarta-feira (11) ap\u00f3s progredir para o regime aberto.","inLanguage":"pt-BR","potentialAction":[{"@type":"ReadAction","target":["https:\/\/redenoticiaz.com.br\/litoralsp\/2023\/01\/11\/suzane-von-richthofen-e-solta-apos-progredir-para-regime-aberto"]}]},{"@type":"ImageObject","inLanguage":"pt-BR","@id":"https:\/\/redenoticiaz.com.br\/litoralsp\/2023\/01\/11\/suzane-von-richthofen-e-solta-apos-progredir-para-regime-aberto#primaryimage","url":"https:\/\/redenoticiaz.com.br\/litoralsp\/wp-content\/uploads\/sites\/3\/2023\/01\/suzane201.jpg","contentUrl":"https:\/\/redenoticiaz.com.br\/litoralsp\/wp-content\/uploads\/sites\/3\/2023\/01\/suzane201.jpg","width":680,"height":453,"caption":"Suzane von Richthofen \u00e9 solta ap\u00f3s progredir para regime aberto"},{"@type":"WebSite","@id":"https:\/\/redenoticiaz.com.br\/litoralsp\/#website","url":"https:\/\/redenoticiaz.com.br\/litoralsp\/","name":"Litoral SP","description":"Rede NoticiaZ","publisher":{"@id":"https:\/\/redenoticiaz.com.br\/litoralsp\/#organization"},"potentialAction":[{"@type":"SearchAction","target":{"@type":"EntryPoint","urlTemplate":"https:\/\/redenoticiaz.com.br\/litoralsp\/?s={search_term_string}"},"query-input":{"@type":"PropertyValueSpecification","valueRequired":true,"valueName":"search_term_string"}}],"inLanguage":"pt-BR"},{"@type":"Organization","@id":"https:\/\/redenoticiaz.com.br\/litoralsp\/#organization","name":"Litoral SP","url":"https:\/\/redenoticiaz.com.br\/litoralsp\/","logo":{"@type":"ImageObject","inLanguage":"pt-BR","@id":"https:\/\/redenoticiaz.com.br\/litoralsp\/#\/schema\/logo\/image\/","url":"https:\/\/redenoticiaz.com.br\/litoralsp\/wp-content\/uploads\/sites\/3\/2020\/11\/logo.jpg","contentUrl":"https:\/\/redenoticiaz.com.br\/litoralsp\/wp-content\/uploads\/sites\/3\/2020\/11\/logo.jpg","width":400,"height":250,"caption":"Litoral SP"},"image":{"@id":"https:\/\/redenoticiaz.com.br\/litoralsp\/#\/schema\/logo\/image\/"}},{"@type":"Person","@id":"https:\/\/redenoticiaz.com.br\/litoralsp\/#\/schema\/person\/16057b37a3c0ee6b096d7f887c566e2e","name":"Gustavo Silva","image":{"@type":"ImageObject","inLanguage":"pt-BR","@id":"https:\/\/secure.gravatar.com\/avatar\/3ee4e82f93b26de0a7cf4ea5eb7893da637ed6bb0c9170c58065944c56e28a33?s=96&d=mm&r=g","url":"https:\/\/secure.gravatar.com\/avatar\/3ee4e82f93b26de0a7cf4ea5eb7893da637ed6bb0c9170c58065944c56e28a33?s=96&d=mm&r=g","contentUrl":"https:\/\/secure.gravatar.com\/avatar\/3ee4e82f93b26de0a7cf4ea5eb7893da637ed6bb0c9170c58065944c56e28a33?s=96&d=mm&r=g","caption":"Gustavo Silva"},"url":"https:\/\/redenoticiaz.com.br\/litoralsp\/author\/gustavosilva"}]}},"_links":{"self":[{"href":"https:\/\/redenoticiaz.com.br\/litoralsp\/wp-json\/wp\/v2\/posts\/98693","targetHints":{"allow":["GET"]}}],"collection":[{"href":"https:\/\/redenoticiaz.com.br\/litoralsp\/wp-json\/wp\/v2\/posts"}],"about":[{"href":"https:\/\/redenoticiaz.com.br\/litoralsp\/wp-json\/wp\/v2\/types\/post"}],"author":[{"embeddable":true,"href":"https:\/\/redenoticiaz.com.br\/litoralsp\/wp-json\/wp\/v2\/users\/12"}],"replies":[{"embeddable":true,"href":"https:\/\/redenoticiaz.com.br\/litoralsp\/wp-json\/wp\/v2\/comments?post=98693"}],"version-history":[{"count":1,"href":"https:\/\/redenoticiaz.com.br\/litoralsp\/wp-json\/wp\/v2\/posts\/98693\/revisions"}],"predecessor-version":[{"id":98695,"href":"https:\/\/redenoticiaz.com.br\/litoralsp\/wp-json\/wp\/v2\/posts\/98693\/revisions\/98695"}],"wp:featuredmedia":[{"embeddable":true,"href":"https:\/\/redenoticiaz.com.br\/litoralsp\/wp-json\/wp\/v2\/media\/98694"}],"wp:attachment":[{"href":"https:\/\/redenoticiaz.com.br\/litoralsp\/wp-json\/wp\/v2\/media?parent=98693"}],"wp:term":[{"taxonomy":"category","embeddable":true,"href":"https:\/\/redenoticiaz.com.br\/litoralsp\/wp-json\/wp\/v2\/categories?post=98693"},{"taxonomy":"post_tag","embeddable":true,"href":"https:\/\/redenoticiaz.com.br\/litoralsp\/wp-json\/wp\/v2\/tags?post=98693"}],"curies":[{"name":"wp","href":"https:\/\/api.w.org\/{rel}","templated":true}]}}