{"id":98761,"date":"2023-01-12T20:15:37","date_gmt":"2023-01-12T23:15:37","guid":{"rendered":"https:\/\/redenoticiaz.com.br\/litoralsp\/2023\/01\/12\/torres-diz-que-documento-encontrado-foi-vazado-fora-de-contexto"},"modified":"2023-01-12T20:16:18","modified_gmt":"2023-01-12T23:16:18","slug":"torres-diz-que-documento-encontrado-foi-vazado-fora-de-contexto","status":"publish","type":"post","link":"https:\/\/redenoticiaz.com.br\/litoralsp\/2023\/01\/12\/torres-diz-que-documento-encontrado-foi-vazado-fora-de-contexto","title":{"rendered":"Torres diz que documento encontrado foi vazado \u201cfora de contexto\u201d"},"content":{"rendered":"<p>Anderson Torres, ex-ministro da Justi\u00e7a declarou que um documento apreendido pela Policia Federal (PF) em sua casa foi \u201cvazado fora do contexto\u201d.<img decoding=\"async\" src=\"https:\/\/agenciabrasil.ebc.com.br\/ebc.png?id=1504057&amp;o=node\" \/><img decoding=\"async\" src=\"https:\/\/agenciabrasil.ebc.com.br\/ebc.gif?id=1504057&amp;o=node\" \/><\/p>\n<p>Torres foi\u00a0<a href=\"https:\/\/agenciabrasil.ebc.com.br\/justica\/noticia\/2023-01\/moraes-determina-prisao-de-anderson-torres\" target=\"_blank\" rel=\"noopener\">alvo de um mandado de busca<\/a>\u00a0e apreens\u00e3o e de pris\u00e3o emitido pelo ministro Alexandre de Moraes, do Supremo Tribunal Federal (STF), depois que a PF apontou omiss\u00e3o e coniv\u00eancia das autoridades de seguran\u00e7a do Governo do Distrito Federal (DF) no controle de atos antidemocr\u00e1ticos em Bras\u00edlia, no domingo (8).<\/p>\n<p>Ao deixar o Minist\u00e9rio da Justi\u00e7a e Seguran\u00e7a P\u00fablica do governo Bolsonaro, ele se tornou Secret\u00e1rio de Seguran\u00e7a P\u00fablica do DF, mas foi exonerado ap\u00f3s os protestos, que terminaram com a\u00a0<a href=\"https:\/\/agenciabrasil.ebc.com.br\/geral\/noticia\/2023-01\/manifestantes-invadem-congresso-planalto-e-stf\" target=\"_blank\" rel=\"noopener\">invas\u00e3o e depreda\u00e7\u00e3o do Congresso<\/a>, do STF e do Pal\u00e1cio do Planalto.<\/p>\n<p>A PF aprendeu na casa de Torres uma minuta de um decreto de estado de defesa para ser cumprido no Tribunal Superior Eleitoral (TSE).<\/p>\n<p>Sendo assim, o documento teria objetivo de \u201cmudar o resultado das elei\u00e7\u00f5es de 2022\u201d.<\/p>\n<p>Pelas redes sociais, Anderson Torres explicou que ministros recebem documentos, sugest\u00f5es e propostas \u201cdos mais diversos tipos\u201d.<\/p>\n<blockquote><p>\u201cO citado documento foi apanhado quando eu n\u00e3o estava l\u00e1 e vazado fora de contexto, ajudando a alimentar narrativas falaciosas contra mim&#8221;<\/p><\/blockquote>\n<p>*Com informa\u00e7\u00f5es da Ag\u00eanciaBrasil<\/p>\n<p><strong>Leia mais<\/strong><\/p>\n<p><a href=\"https:\/\/redenoticiaz.com.br\/blog\/2023\/01\/12\/governador-de-sp-se-encontra-com-lula-e-debatem-sobre-o-futuro-do-porto-de-santos\">Governador de SP se encontra com Lula e debatem sobre o futuro do Porto de Santos<\/a><\/p>\n","protected":false},"excerpt":{"rendered":"<p>Anderson Torres, ex-ministro da Justi\u00e7a declarou que um documento apreendido pela Policia Federal (PF) em sua casa foi \u201cvazado fora do contexto\u201d. Torres foi\u00a0alvo de um mandado de busca\u00a0e apreens\u00e3o e de pris\u00e3o emitido pelo ministro Alexandre de Moraes, do Supremo Tribunal Federal (STF), depois que a PF apontou omiss\u00e3o e coniv\u00eancia das autoridades de &hellip;<\/p>\n","protected":false},"author":12,"featured_media":98762,"comment_status":"open","ping_status":"closed","sticky":false,"template":"","format":"standard","meta":{"footnotes":""},"categories":[15],"tags":[62533,59750,18,62534],"class_list":["post-98761","post","type-post","status-publish","format-standard","has-post-thumbnail","hentry","category-politica","tag-anderson-torres","tag-documentos","tag-jair-bolsonaro","tag-ministro-da-justica"],"yoast_head":"<!-- This site is optimized with the Yoast SEO plugin v27.4 - https:\/\/yoast.com\/product\/yoast-seo-wordpress\/ -->\n<title>Torres diz que documento encontrado foi vazado \u201cfora de contexto\u201d - Litoral SP<\/title>\n<meta name=\"description\" content=\"Anderson Torres, ex-ministro da Justi\u00e7a declarou que um documento apreendido pela Policia Federal (PF) em sua casa foi \u201cvazado fora do contexto\u201d.\" \/>\n<meta name=\"robots\" content=\"index, follow, max-snippet:-1, max-image-preview:large, max-video-preview:-1\" \/>\n<link rel=\"canonical\" href=\"https:\/\/redenoticiaz.com.br\/litoralsp\/2023\/01\/12\/torres-diz-que-documento-encontrado-foi-vazado-fora-de-contexto\" \/>\n<meta property=\"og:locale\" content=\"pt_BR\" \/>\n<meta property=\"og:type\" content=\"article\" \/>\n<meta property=\"og:title\" content=\"Torres diz que documento encontrado foi vazado \u201cfora de contexto\u201d - Litoral SP\" \/>\n<meta property=\"og:description\" content=\"Anderson Torres, ex-ministro da Justi\u00e7a declarou que um documento apreendido pela Policia Federal (PF) em sua casa foi \u201cvazado fora do contexto\u201d.\" \/>\n<meta property=\"og:url\" content=\"https:\/\/redenoticiaz.com.br\/litoralsp\/2023\/01\/12\/torres-diz-que-documento-encontrado-foi-vazado-fora-de-contexto\" \/>\n<meta property=\"og:site_name\" content=\"Litoral SP\" \/>\n<meta property=\"article:published_time\" content=\"2023-01-12T23:15:37+00:00\" \/>\n<meta property=\"article:modified_time\" content=\"2023-01-12T23:16:18+00:00\" \/>\n<meta property=\"og:image\" content=\"https:\/\/redenoticiaz.com.br\/litoralsp\/wp-content\/uploads\/sites\/3\/2023\/01\/voz_do_brasil_abr_1910221631.jpg?v=1673565289\" \/>\n\t<meta property=\"og:image:width\" content=\"1170\" \/>\n\t<meta property=\"og:image:height\" content=\"700\" \/>\n\t<meta property=\"og:image:type\" content=\"image\/jpeg\" \/>\n<meta name=\"author\" content=\"Gustavo Silva\" \/>\n<meta name=\"twitter:card\" content=\"summary_large_image\" \/>\n<meta name=\"twitter:label1\" content=\"Escrito por\" \/>\n\t<meta name=\"twitter:data1\" content=\"Gustavo Silva\" \/>\n\t<meta name=\"twitter:label2\" content=\"Est. tempo de leitura\" \/>\n\t<meta name=\"twitter:data2\" content=\"2 minutos\" \/>\n<script type=\"application\/ld+json\" class=\"yoast-schema-graph\">{\"@context\":\"https:\\\/\\\/schema.org\",\"@graph\":[{\"@type\":\"Article\",\"@id\":\"https:\\\/\\\/redenoticiaz.com.br\\\/litoralsp\\\/2023\\\/01\\\/12\\\/torres-diz-que-documento-encontrado-foi-vazado-fora-de-contexto#article\",\"isPartOf\":{\"@id\":\"https:\\\/\\\/redenoticiaz.com.br\\\/litoralsp\\\/2023\\\/01\\\/12\\\/torres-diz-que-documento-encontrado-foi-vazado-fora-de-contexto\"},\"author\":{\"name\":\"Gustavo Silva\",\"@id\":\"https:\\\/\\\/redenoticiaz.com.br\\\/litoralsp\\\/#\\\/schema\\\/person\\\/16057b37a3c0ee6b096d7f887c566e2e\"},\"headline\":\"Torres diz que documento encontrado foi vazado \u201cfora de contexto\u201d\",\"datePublished\":\"2023-01-12T23:15:37+00:00\",\"dateModified\":\"2023-01-12T23:16:18+00:00\",\"mainEntityOfPage\":{\"@id\":\"https:\\\/\\\/redenoticiaz.com.br\\\/litoralsp\\\/2023\\\/01\\\/12\\\/torres-diz-que-documento-encontrado-foi-vazado-fora-de-contexto\"},\"wordCount\":248,\"commentCount\":0,\"publisher\":{\"@id\":\"https:\\\/\\\/redenoticiaz.com.br\\\/litoralsp\\\/#organization\"},\"image\":{\"@id\":\"https:\\\/\\\/redenoticiaz.com.br\\\/litoralsp\\\/2023\\\/01\\\/12\\\/torres-diz-que-documento-encontrado-foi-vazado-fora-de-contexto#primaryimage\"},\"thumbnailUrl\":\"https:\\\/\\\/redenoticiaz.com.br\\\/litoralsp\\\/wp-content\\\/uploads\\\/sites\\\/3\\\/2023\\\/01\\\/voz_do_brasil_abr_1910221631.jpg?v=1673565289\",\"keywords\":[\"Anderson torres\",\"DOCUMENTOS\",\"Jair Bolsonaro\",\"ministro da justi\u00e7a\"],\"articleSection\":[\"Pol\u00edtica\"],\"inLanguage\":\"pt-BR\",\"potentialAction\":[{\"@type\":\"CommentAction\",\"name\":\"Comment\",\"target\":[\"https:\\\/\\\/redenoticiaz.com.br\\\/litoralsp\\\/2023\\\/01\\\/12\\\/torres-diz-que-documento-encontrado-foi-vazado-fora-de-contexto#respond\"]}]},{\"@type\":\"WebPage\",\"@id\":\"https:\\\/\\\/redenoticiaz.com.br\\\/litoralsp\\\/2023\\\/01\\\/12\\\/torres-diz-que-documento-encontrado-foi-vazado-fora-de-contexto\",\"url\":\"https:\\\/\\\/redenoticiaz.com.br\\\/litoralsp\\\/2023\\\/01\\\/12\\\/torres-diz-que-documento-encontrado-foi-vazado-fora-de-contexto\",\"name\":\"Torres diz que documento encontrado foi vazado \u201cfora de contexto\u201d - Litoral SP\",\"isPartOf\":{\"@id\":\"https:\\\/\\\/redenoticiaz.com.br\\\/litoralsp\\\/#website\"},\"primaryImageOfPage\":{\"@id\":\"https:\\\/\\\/redenoticiaz.com.br\\\/litoralsp\\\/2023\\\/01\\\/12\\\/torres-diz-que-documento-encontrado-foi-vazado-fora-de-contexto#primaryimage\"},\"image\":{\"@id\":\"https:\\\/\\\/redenoticiaz.com.br\\\/litoralsp\\\/2023\\\/01\\\/12\\\/torres-diz-que-documento-encontrado-foi-vazado-fora-de-contexto#primaryimage\"},\"thumbnailUrl\":\"https:\\\/\\\/redenoticiaz.com.br\\\/litoralsp\\\/wp-content\\\/uploads\\\/sites\\\/3\\\/2023\\\/01\\\/voz_do_brasil_abr_1910221631.jpg?v=1673565289\",\"datePublished\":\"2023-01-12T23:15:37+00:00\",\"dateModified\":\"2023-01-12T23:16:18+00:00\",\"description\":\"Anderson Torres, ex-ministro da Justi\u00e7a declarou que um documento apreendido pela Policia Federal (PF) em sua casa foi \u201cvazado fora do contexto\u201d.\",\"inLanguage\":\"pt-BR\",\"potentialAction\":[{\"@type\":\"ReadAction\",\"target\":[\"https:\\\/\\\/redenoticiaz.com.br\\\/litoralsp\\\/2023\\\/01\\\/12\\\/torres-diz-que-documento-encontrado-foi-vazado-fora-de-contexto\"]}]},{\"@type\":\"ImageObject\",\"inLanguage\":\"pt-BR\",\"@id\":\"https:\\\/\\\/redenoticiaz.com.br\\\/litoralsp\\\/2023\\\/01\\\/12\\\/torres-diz-que-documento-encontrado-foi-vazado-fora-de-contexto#primaryimage\",\"url\":\"https:\\\/\\\/redenoticiaz.com.br\\\/litoralsp\\\/wp-content\\\/uploads\\\/sites\\\/3\\\/2023\\\/01\\\/voz_do_brasil_abr_1910221631.jpg?v=1673565289\",\"contentUrl\":\"https:\\\/\\\/redenoticiaz.com.br\\\/litoralsp\\\/wp-content\\\/uploads\\\/sites\\\/3\\\/2023\\\/01\\\/voz_do_brasil_abr_1910221631.jpg?v=1673565289\",\"width\":1170,\"height\":700,\"caption\":\"Decreto para mudar as elei\u00e7\u00f5es encontrado pela PF tinha comiss\u00e3o revisora\"},{\"@type\":\"WebSite\",\"@id\":\"https:\\\/\\\/redenoticiaz.com.br\\\/litoralsp\\\/#website\",\"url\":\"https:\\\/\\\/redenoticiaz.com.br\\\/litoralsp\\\/\",\"name\":\"Litoral SP\",\"description\":\"Rede NoticiaZ\",\"publisher\":{\"@id\":\"https:\\\/\\\/redenoticiaz.com.br\\\/litoralsp\\\/#organization\"},\"potentialAction\":[{\"@type\":\"SearchAction\",\"target\":{\"@type\":\"EntryPoint\",\"urlTemplate\":\"https:\\\/\\\/redenoticiaz.com.br\\\/litoralsp\\\/?s={search_term_string}\"},\"query-input\":{\"@type\":\"PropertyValueSpecification\",\"valueRequired\":true,\"valueName\":\"search_term_string\"}}],\"inLanguage\":\"pt-BR\"},{\"@type\":\"Organization\",\"@id\":\"https:\\\/\\\/redenoticiaz.com.br\\\/litoralsp\\\/#organization\",\"name\":\"Litoral SP\",\"url\":\"https:\\\/\\\/redenoticiaz.com.br\\\/litoralsp\\\/\",\"logo\":{\"@type\":\"ImageObject\",\"inLanguage\":\"pt-BR\",\"@id\":\"https:\\\/\\\/redenoticiaz.com.br\\\/litoralsp\\\/#\\\/schema\\\/logo\\\/image\\\/\",\"url\":\"https:\\\/\\\/redenoticiaz.com.br\\\/litoralsp\\\/wp-content\\\/uploads\\\/sites\\\/3\\\/2020\\\/11\\\/logo.jpg\",\"contentUrl\":\"https:\\\/\\\/redenoticiaz.com.br\\\/litoralsp\\\/wp-content\\\/uploads\\\/sites\\\/3\\\/2020\\\/11\\\/logo.jpg\",\"width\":400,\"height\":250,\"caption\":\"Litoral SP\"},\"image\":{\"@id\":\"https:\\\/\\\/redenoticiaz.com.br\\\/litoralsp\\\/#\\\/schema\\\/logo\\\/image\\\/\"}},{\"@type\":\"Person\",\"@id\":\"https:\\\/\\\/redenoticiaz.com.br\\\/litoralsp\\\/#\\\/schema\\\/person\\\/16057b37a3c0ee6b096d7f887c566e2e\",\"name\":\"Gustavo Silva\",\"image\":{\"@type\":\"ImageObject\",\"inLanguage\":\"pt-BR\",\"@id\":\"https:\\\/\\\/secure.gravatar.com\\\/avatar\\\/3ee4e82f93b26de0a7cf4ea5eb7893da637ed6bb0c9170c58065944c56e28a33?s=96&d=mm&r=g\",\"url\":\"https:\\\/\\\/secure.gravatar.com\\\/avatar\\\/3ee4e82f93b26de0a7cf4ea5eb7893da637ed6bb0c9170c58065944c56e28a33?s=96&d=mm&r=g\",\"contentUrl\":\"https:\\\/\\\/secure.gravatar.com\\\/avatar\\\/3ee4e82f93b26de0a7cf4ea5eb7893da637ed6bb0c9170c58065944c56e28a33?s=96&d=mm&r=g\",\"caption\":\"Gustavo Silva\"},\"url\":\"https:\\\/\\\/redenoticiaz.com.br\\\/litoralsp\\\/author\\\/gustavosilva\"}]}<\/script>\n<!-- \/ Yoast SEO plugin. -->","yoast_head_json":{"title":"Torres diz que documento encontrado foi vazado \u201cfora de contexto\u201d - Litoral SP","description":"Anderson Torres, ex-ministro da Justi\u00e7a declarou que um documento apreendido pela Policia Federal (PF) em sua casa foi \u201cvazado fora do contexto\u201d.","robots":{"index":"index","follow":"follow","max-snippet":"max-snippet:-1","max-image-preview":"max-image-preview:large","max-video-preview":"max-video-preview:-1"},"canonical":"https:\/\/redenoticiaz.com.br\/litoralsp\/2023\/01\/12\/torres-diz-que-documento-encontrado-foi-vazado-fora-de-contexto","og_locale":"pt_BR","og_type":"article","og_title":"Torres diz que documento encontrado foi vazado \u201cfora de contexto\u201d - Litoral SP","og_description":"Anderson Torres, ex-ministro da Justi\u00e7a declarou que um documento apreendido pela Policia Federal (PF) em sua casa foi \u201cvazado fora do contexto\u201d.","og_url":"https:\/\/redenoticiaz.com.br\/litoralsp\/2023\/01\/12\/torres-diz-que-documento-encontrado-foi-vazado-fora-de-contexto","og_site_name":"Litoral SP","article_published_time":"2023-01-12T23:15:37+00:00","article_modified_time":"2023-01-12T23:16:18+00:00","og_image":[{"width":1170,"height":700,"url":"https:\/\/redenoticiaz.com.br\/litoralsp\/wp-content\/uploads\/sites\/3\/2023\/01\/voz_do_brasil_abr_1910221631.jpg?v=1673565289","type":"image\/jpeg"}],"author":"Gustavo Silva","twitter_card":"summary_large_image","twitter_misc":{"Escrito por":"Gustavo Silva","Est. tempo de leitura":"2 minutos"},"schema":{"@context":"https:\/\/schema.org","@graph":[{"@type":"Article","@id":"https:\/\/redenoticiaz.com.br\/litoralsp\/2023\/01\/12\/torres-diz-que-documento-encontrado-foi-vazado-fora-de-contexto#article","isPartOf":{"@id":"https:\/\/redenoticiaz.com.br\/litoralsp\/2023\/01\/12\/torres-diz-que-documento-encontrado-foi-vazado-fora-de-contexto"},"author":{"name":"Gustavo Silva","@id":"https:\/\/redenoticiaz.com.br\/litoralsp\/#\/schema\/person\/16057b37a3c0ee6b096d7f887c566e2e"},"headline":"Torres diz que documento encontrado foi vazado \u201cfora de contexto\u201d","datePublished":"2023-01-12T23:15:37+00:00","dateModified":"2023-01-12T23:16:18+00:00","mainEntityOfPage":{"@id":"https:\/\/redenoticiaz.com.br\/litoralsp\/2023\/01\/12\/torres-diz-que-documento-encontrado-foi-vazado-fora-de-contexto"},"wordCount":248,"commentCount":0,"publisher":{"@id":"https:\/\/redenoticiaz.com.br\/litoralsp\/#organization"},"image":{"@id":"https:\/\/redenoticiaz.com.br\/litoralsp\/2023\/01\/12\/torres-diz-que-documento-encontrado-foi-vazado-fora-de-contexto#primaryimage"},"thumbnailUrl":"https:\/\/redenoticiaz.com.br\/litoralsp\/wp-content\/uploads\/sites\/3\/2023\/01\/voz_do_brasil_abr_1910221631.jpg?v=1673565289","keywords":["Anderson torres","DOCUMENTOS","Jair Bolsonaro","ministro da justi\u00e7a"],"articleSection":["Pol\u00edtica"],"inLanguage":"pt-BR","potentialAction":[{"@type":"CommentAction","name":"Comment","target":["https:\/\/redenoticiaz.com.br\/litoralsp\/2023\/01\/12\/torres-diz-que-documento-encontrado-foi-vazado-fora-de-contexto#respond"]}]},{"@type":"WebPage","@id":"https:\/\/redenoticiaz.com.br\/litoralsp\/2023\/01\/12\/torres-diz-que-documento-encontrado-foi-vazado-fora-de-contexto","url":"https:\/\/redenoticiaz.com.br\/litoralsp\/2023\/01\/12\/torres-diz-que-documento-encontrado-foi-vazado-fora-de-contexto","name":"Torres diz que documento encontrado foi vazado \u201cfora de contexto\u201d - Litoral SP","isPartOf":{"@id":"https:\/\/redenoticiaz.com.br\/litoralsp\/#website"},"primaryImageOfPage":{"@id":"https:\/\/redenoticiaz.com.br\/litoralsp\/2023\/01\/12\/torres-diz-que-documento-encontrado-foi-vazado-fora-de-contexto#primaryimage"},"image":{"@id":"https:\/\/redenoticiaz.com.br\/litoralsp\/2023\/01\/12\/torres-diz-que-documento-encontrado-foi-vazado-fora-de-contexto#primaryimage"},"thumbnailUrl":"https:\/\/redenoticiaz.com.br\/litoralsp\/wp-content\/uploads\/sites\/3\/2023\/01\/voz_do_brasil_abr_1910221631.jpg?v=1673565289","datePublished":"2023-01-12T23:15:37+00:00","dateModified":"2023-01-12T23:16:18+00:00","description":"Anderson Torres, ex-ministro da Justi\u00e7a declarou que um documento apreendido pela Policia Federal (PF) em sua casa foi \u201cvazado fora do contexto\u201d.","inLanguage":"pt-BR","potentialAction":[{"@type":"ReadAction","target":["https:\/\/redenoticiaz.com.br\/litoralsp\/2023\/01\/12\/torres-diz-que-documento-encontrado-foi-vazado-fora-de-contexto"]}]},{"@type":"ImageObject","inLanguage":"pt-BR","@id":"https:\/\/redenoticiaz.com.br\/litoralsp\/2023\/01\/12\/torres-diz-que-documento-encontrado-foi-vazado-fora-de-contexto#primaryimage","url":"https:\/\/redenoticiaz.com.br\/litoralsp\/wp-content\/uploads\/sites\/3\/2023\/01\/voz_do_brasil_abr_1910221631.jpg?v=1673565289","contentUrl":"https:\/\/redenoticiaz.com.br\/litoralsp\/wp-content\/uploads\/sites\/3\/2023\/01\/voz_do_brasil_abr_1910221631.jpg?v=1673565289","width":1170,"height":700,"caption":"Decreto para mudar as elei\u00e7\u00f5es encontrado pela PF tinha comiss\u00e3o revisora"},{"@type":"WebSite","@id":"https:\/\/redenoticiaz.com.br\/litoralsp\/#website","url":"https:\/\/redenoticiaz.com.br\/litoralsp\/","name":"Litoral SP","description":"Rede NoticiaZ","publisher":{"@id":"https:\/\/redenoticiaz.com.br\/litoralsp\/#organization"},"potentialAction":[{"@type":"SearchAction","target":{"@type":"EntryPoint","urlTemplate":"https:\/\/redenoticiaz.com.br\/litoralsp\/?s={search_term_string}"},"query-input":{"@type":"PropertyValueSpecification","valueRequired":true,"valueName":"search_term_string"}}],"inLanguage":"pt-BR"},{"@type":"Organization","@id":"https:\/\/redenoticiaz.com.br\/litoralsp\/#organization","name":"Litoral SP","url":"https:\/\/redenoticiaz.com.br\/litoralsp\/","logo":{"@type":"ImageObject","inLanguage":"pt-BR","@id":"https:\/\/redenoticiaz.com.br\/litoralsp\/#\/schema\/logo\/image\/","url":"https:\/\/redenoticiaz.com.br\/litoralsp\/wp-content\/uploads\/sites\/3\/2020\/11\/logo.jpg","contentUrl":"https:\/\/redenoticiaz.com.br\/litoralsp\/wp-content\/uploads\/sites\/3\/2020\/11\/logo.jpg","width":400,"height":250,"caption":"Litoral SP"},"image":{"@id":"https:\/\/redenoticiaz.com.br\/litoralsp\/#\/schema\/logo\/image\/"}},{"@type":"Person","@id":"https:\/\/redenoticiaz.com.br\/litoralsp\/#\/schema\/person\/16057b37a3c0ee6b096d7f887c566e2e","name":"Gustavo Silva","image":{"@type":"ImageObject","inLanguage":"pt-BR","@id":"https:\/\/secure.gravatar.com\/avatar\/3ee4e82f93b26de0a7cf4ea5eb7893da637ed6bb0c9170c58065944c56e28a33?s=96&d=mm&r=g","url":"https:\/\/secure.gravatar.com\/avatar\/3ee4e82f93b26de0a7cf4ea5eb7893da637ed6bb0c9170c58065944c56e28a33?s=96&d=mm&r=g","contentUrl":"https:\/\/secure.gravatar.com\/avatar\/3ee4e82f93b26de0a7cf4ea5eb7893da637ed6bb0c9170c58065944c56e28a33?s=96&d=mm&r=g","caption":"Gustavo Silva"},"url":"https:\/\/redenoticiaz.com.br\/litoralsp\/author\/gustavosilva"}]}},"_links":{"self":[{"href":"https:\/\/redenoticiaz.com.br\/litoralsp\/wp-json\/wp\/v2\/posts\/98761","targetHints":{"allow":["GET"]}}],"collection":[{"href":"https:\/\/redenoticiaz.com.br\/litoralsp\/wp-json\/wp\/v2\/posts"}],"about":[{"href":"https:\/\/redenoticiaz.com.br\/litoralsp\/wp-json\/wp\/v2\/types\/post"}],"author":[{"embeddable":true,"href":"https:\/\/redenoticiaz.com.br\/litoralsp\/wp-json\/wp\/v2\/users\/12"}],"replies":[{"embeddable":true,"href":"https:\/\/redenoticiaz.com.br\/litoralsp\/wp-json\/wp\/v2\/comments?post=98761"}],"version-history":[{"count":0,"href":"https:\/\/redenoticiaz.com.br\/litoralsp\/wp-json\/wp\/v2\/posts\/98761\/revisions"}],"wp:featuredmedia":[{"embeddable":true,"href":"https:\/\/redenoticiaz.com.br\/litoralsp\/wp-json\/wp\/v2\/media\/98762"}],"wp:attachment":[{"href":"https:\/\/redenoticiaz.com.br\/litoralsp\/wp-json\/wp\/v2\/media?parent=98761"}],"wp:term":[{"taxonomy":"category","embeddable":true,"href":"https:\/\/redenoticiaz.com.br\/litoralsp\/wp-json\/wp\/v2\/categories?post=98761"},{"taxonomy":"post_tag","embeddable":true,"href":"https:\/\/redenoticiaz.com.br\/litoralsp\/wp-json\/wp\/v2\/tags?post=98761"}],"curies":[{"name":"wp","href":"https:\/\/api.w.org\/{rel}","templated":true}]}}