{"id":98883,"date":"2023-01-14T20:49:11","date_gmt":"2023-01-14T23:49:11","guid":{"rendered":"https:\/\/redenoticiaz.com.br\/litoralsp\/?p=98883"},"modified":"2023-01-14T20:49:11","modified_gmt":"2023-01-14T23:49:11","slug":"palmeiras-e-sao-bento-empatam-na-estreia-no-paulistao","status":"publish","type":"post","link":"https:\/\/redenoticiaz.com.br\/litoralsp\/2023\/01\/14\/palmeiras-e-sao-bento-empatam-na-estreia-no-paulistao","title":{"rendered":"Palmeiras e S\u00e3o Bento empatam na estreia no Paulist\u00e3o"},"content":{"rendered":"<p>Enfim a bola rolou entre os grandes de S\u00e3o Paulo com a estreia do Campeonato Paulista 2023. No Allianz Parque neste s\u00e1bado (14), Palmeiras e S\u00e3o Bento se enfrentaram e o torcedor palmeirense esperava por uma vit\u00f3ria sossegada. Mas mesmo com tanta press\u00e3o do Alviverde, a rede n\u00e3o balan\u00e7ou para nenhum dos lados e o <strong>0 a 0 prevaleceu.<\/strong><\/p>\n<p>O t\u00e9cnico Abel Ferreira escalou o que tinha de melhor e mesmo sem contrata\u00e7\u00f5es, o Verd\u00e3o veio com a base campe\u00e3 brasileira de 2022 e gerou a expectativa de n\u00e3o dar chances ao Bent\u00e3o de Sorocaba. J\u00e1 os visitantes vieram com a ideia de surpreender na abertura do Paulist\u00e3o.<\/p>\n<p><span class=\"sc-dvXXZy epvZtk\">No primeiro tempo, o Palmeiras teve boas chances de abrir o placar no primeiro tempo contra o S\u00e3o Bento, mas o time de Sorocaba, de volta \u00e0 elite paulista, conseguiu se segurar. Foi do S\u00e3o Bento, inclusive, a primeira chance do jogo, com L\u00e9o Silva, de cabe\u00e7a. Weverton fez grande defesa. <\/span><\/p>\n<p><span class=\"sc-dvXXZy epvZtk\">O gol bem anulado do Palmeiras por impedimento de Jailson, aos 10, abriu uma sequ\u00eancia de oportunidades dos donos da casa. Rony fez boa jogada, aos 20, e parou em Z\u00e9 Carlos. Gustavo G\u00f3mez, aos 25, acertou a trave ap\u00f3s escanteio batido por Raphael Veiga. E, j\u00e1 nos acr\u00e9scimos, o garoto Endrick, de fora da \u00e1rea, arriscou de perna esquerda e viu grande defesa de Z\u00e9 Carlos.<\/span><\/p>\n<h3>Segundo tempo<\/h3>\n<p>A etapa final come\u00e7ou com o Bent\u00e3o assustando o Palmeiras. Fernandinho finalizou bonito e obrigou Weverton a fazer bela defesa. Passado o susto, o Palmeiras retomou a posse de bola, rondou mais a \u00e1rea dos visitantes, mas sentiu dificuldades para finalizar ao gol. E quando finalizava, pouco incomodou o goleiro Z\u00e9 Carlos.<\/p>\n<p>Aos 38 da etapa final, a rede at\u00e9 que balan\u00e7ou com Dudu. No entanto, o \u00e1rbitro de v\u00eddeo foi acionado e flagrou posi\u00e7\u00e3o irregular do atacante palmeirense e o gol foi anulado. Na reta final, Z\u00e9 Rafael teve duas finaliza\u00e7\u00f5es perigosas, mas n\u00e3o teve jeito, o 0 a 0 prevaleceu.<\/p>\n<p>O Palmeiras volta\u00a0 acampo na quinta-feira (19), \u00e0s 21h45 contra o Botafogo, que venceu a Portuguesa na estreia por 2 a 0. O duelo ser\u00e1 no Est\u00e1dio Santa Cruz, em Ribeir\u00e3o Preto. J\u00e1 o S\u00e3o Bento vai receber o Santo Andr\u00e9, que estreou com vit\u00f3ria sobre o Guarani por 1 a 0.<\/p>\n<p><strong>LEIA TAMB\u00c9M<\/strong><\/p>\n<p><a href=\"https:\/\/redenoticiaz.com.br\/litoralsp\/2023\/01\/14\/os-quatro-grandes-querem-fazer-bonito-no-paulistao-23\">Os quatro grandes querem fazer bonito no Paulist\u00e3o 23<\/a><\/p>\n<p>&nbsp;<\/p>\n","protected":false},"excerpt":{"rendered":"<p>Enfim a bola rolou entre os grandes de S\u00e3o Paulo com a estreia do Campeonato Paulista 2023. No Allianz Parque neste s\u00e1bado (14), Palmeiras e S\u00e3o Bento se enfrentaram e o torcedor palmeirense esperava por uma vit\u00f3ria sossegada. Mas mesmo com tanta press\u00e3o do Alviverde, a rede n\u00e3o balan\u00e7ou para nenhum dos lados e o &hellip;<\/p>\n","protected":false},"author":6,"featured_media":98884,"comment_status":"open","ping_status":"closed","sticky":false,"template":"","format":"standard","meta":{"footnotes":""},"categories":[35],"tags":[20729,3712,1416,60549,16644],"class_list":["post-98883","post","type-post","status-publish","format-standard","has-post-thumbnail","hentry","category-esporte","tag-allianz-parque","tag-campeonato-paulista","tag-palmeiras","tag-paulistao-2023","tag-sao-bento"],"yoast_head":"<!-- This site is optimized with the Yoast SEO plugin v27.4 - https:\/\/yoast.com\/product\/yoast-seo-wordpress\/ -->\n<title>Palmeiras e S\u00e3o Bento empatam na estreia no Paulist\u00e3o - Litoral SP<\/title>\n<meta name=\"description\" content=\"grandes de S\u00e3o Paulo com a estreia do Campeonato Paulista 2023. No Allianz Parque neste s\u00e1bado (14), Palmeiras e S\u00e3o Bento se\" \/>\n<meta name=\"robots\" content=\"index, follow, max-snippet:-1, max-image-preview:large, max-video-preview:-1\" \/>\n<link rel=\"canonical\" href=\"https:\/\/redenoticiaz.com.br\/litoralsp\/2023\/01\/14\/palmeiras-e-sao-bento-empatam-na-estreia-no-paulistao\" \/>\n<meta property=\"og:locale\" content=\"pt_BR\" \/>\n<meta property=\"og:type\" content=\"article\" \/>\n<meta property=\"og:title\" content=\"Palmeiras e S\u00e3o Bento empatam na estreia no Paulist\u00e3o - Litoral SP\" \/>\n<meta property=\"og:description\" content=\"grandes de S\u00e3o Paulo com a estreia do Campeonato Paulista 2023. No Allianz Parque neste s\u00e1bado (14), Palmeiras e S\u00e3o Bento se\" \/>\n<meta property=\"og:url\" content=\"https:\/\/redenoticiaz.com.br\/litoralsp\/2023\/01\/14\/palmeiras-e-sao-bento-empatam-na-estreia-no-paulistao\" \/>\n<meta property=\"og:site_name\" content=\"Litoral SP\" \/>\n<meta property=\"article:published_time\" content=\"2023-01-14T23:49:11+00:00\" \/>\n<meta property=\"og:image\" content=\"https:\/\/redenoticiaz.com.br\/litoralsp\/wp-content\/uploads\/sites\/3\/2023\/01\/PAL-X-SBE.jpg\" \/>\n\t<meta property=\"og:image:width\" content=\"484\" \/>\n\t<meta property=\"og:image:height\" content=\"274\" \/>\n\t<meta property=\"og:image:type\" content=\"image\/jpeg\" \/>\n<meta name=\"author\" content=\"Leonardo Francisco\" \/>\n<meta name=\"twitter:card\" content=\"summary_large_image\" \/>\n<meta name=\"twitter:label1\" content=\"Escrito por\" \/>\n\t<meta name=\"twitter:data1\" content=\"Leonardo Francisco\" \/>\n\t<meta name=\"twitter:label2\" content=\"Est. tempo de leitura\" \/>\n\t<meta name=\"twitter:data2\" content=\"3 minutos\" \/>\n<script type=\"application\/ld+json\" class=\"yoast-schema-graph\">{\"@context\":\"https:\\\/\\\/schema.org\",\"@graph\":[{\"@type\":\"Article\",\"@id\":\"https:\\\/\\\/redenoticiaz.com.br\\\/litoralsp\\\/2023\\\/01\\\/14\\\/palmeiras-e-sao-bento-empatam-na-estreia-no-paulistao#article\",\"isPartOf\":{\"@id\":\"https:\\\/\\\/redenoticiaz.com.br\\\/litoralsp\\\/2023\\\/01\\\/14\\\/palmeiras-e-sao-bento-empatam-na-estreia-no-paulistao\"},\"author\":{\"name\":\"Leonardo Francisco\",\"@id\":\"https:\\\/\\\/redenoticiaz.com.br\\\/litoralsp\\\/#\\\/schema\\\/person\\\/0f0b8a5bdafefe82841e07ae8d81ecb3\"},\"headline\":\"Palmeiras e S\u00e3o Bento empatam na estreia no Paulist\u00e3o\",\"datePublished\":\"2023-01-14T23:49:11+00:00\",\"mainEntityOfPage\":{\"@id\":\"https:\\\/\\\/redenoticiaz.com.br\\\/litoralsp\\\/2023\\\/01\\\/14\\\/palmeiras-e-sao-bento-empatam-na-estreia-no-paulistao\"},\"wordCount\":421,\"commentCount\":0,\"publisher\":{\"@id\":\"https:\\\/\\\/redenoticiaz.com.br\\\/litoralsp\\\/#organization\"},\"image\":{\"@id\":\"https:\\\/\\\/redenoticiaz.com.br\\\/litoralsp\\\/2023\\\/01\\\/14\\\/palmeiras-e-sao-bento-empatam-na-estreia-no-paulistao#primaryimage\"},\"thumbnailUrl\":\"https:\\\/\\\/redenoticiaz.com.br\\\/litoralsp\\\/wp-content\\\/uploads\\\/sites\\\/3\\\/2023\\\/01\\\/PAL-X-SBE.jpg\",\"keywords\":[\"ALLIANZ PARQUE\",\"CAMPEONATO PAULISTA\",\"Palmeiras\",\"paulist\u00e3o 2023\",\"S\u00c3O BENTO\"],\"articleSection\":[\"Esporte\"],\"inLanguage\":\"pt-BR\",\"potentialAction\":[{\"@type\":\"CommentAction\",\"name\":\"Comment\",\"target\":[\"https:\\\/\\\/redenoticiaz.com.br\\\/litoralsp\\\/2023\\\/01\\\/14\\\/palmeiras-e-sao-bento-empatam-na-estreia-no-paulistao#respond\"]}]},{\"@type\":\"WebPage\",\"@id\":\"https:\\\/\\\/redenoticiaz.com.br\\\/litoralsp\\\/2023\\\/01\\\/14\\\/palmeiras-e-sao-bento-empatam-na-estreia-no-paulistao\",\"url\":\"https:\\\/\\\/redenoticiaz.com.br\\\/litoralsp\\\/2023\\\/01\\\/14\\\/palmeiras-e-sao-bento-empatam-na-estreia-no-paulistao\",\"name\":\"Palmeiras e S\u00e3o Bento empatam na estreia no Paulist\u00e3o - Litoral SP\",\"isPartOf\":{\"@id\":\"https:\\\/\\\/redenoticiaz.com.br\\\/litoralsp\\\/#website\"},\"primaryImageOfPage\":{\"@id\":\"https:\\\/\\\/redenoticiaz.com.br\\\/litoralsp\\\/2023\\\/01\\\/14\\\/palmeiras-e-sao-bento-empatam-na-estreia-no-paulistao#primaryimage\"},\"image\":{\"@id\":\"https:\\\/\\\/redenoticiaz.com.br\\\/litoralsp\\\/2023\\\/01\\\/14\\\/palmeiras-e-sao-bento-empatam-na-estreia-no-paulistao#primaryimage\"},\"thumbnailUrl\":\"https:\\\/\\\/redenoticiaz.com.br\\\/litoralsp\\\/wp-content\\\/uploads\\\/sites\\\/3\\\/2023\\\/01\\\/PAL-X-SBE.jpg\",\"datePublished\":\"2023-01-14T23:49:11+00:00\",\"description\":\"grandes de S\u00e3o Paulo com a estreia do Campeonato Paulista 2023. No Allianz Parque neste s\u00e1bado (14), Palmeiras e S\u00e3o Bento se\",\"inLanguage\":\"pt-BR\",\"potentialAction\":[{\"@type\":\"ReadAction\",\"target\":[\"https:\\\/\\\/redenoticiaz.com.br\\\/litoralsp\\\/2023\\\/01\\\/14\\\/palmeiras-e-sao-bento-empatam-na-estreia-no-paulistao\"]}]},{\"@type\":\"ImageObject\",\"inLanguage\":\"pt-BR\",\"@id\":\"https:\\\/\\\/redenoticiaz.com.br\\\/litoralsp\\\/2023\\\/01\\\/14\\\/palmeiras-e-sao-bento-empatam-na-estreia-no-paulistao#primaryimage\",\"url\":\"https:\\\/\\\/redenoticiaz.com.br\\\/litoralsp\\\/wp-content\\\/uploads\\\/sites\\\/3\\\/2023\\\/01\\\/PAL-X-SBE.jpg\",\"contentUrl\":\"https:\\\/\\\/redenoticiaz.com.br\\\/litoralsp\\\/wp-content\\\/uploads\\\/sites\\\/3\\\/2023\\\/01\\\/PAL-X-SBE.jpg\",\"width\":484,\"height\":274,\"caption\":\"Cr\u00e9ditos: Reprodu\u00e7\u00e3o\"},{\"@type\":\"WebSite\",\"@id\":\"https:\\\/\\\/redenoticiaz.com.br\\\/litoralsp\\\/#website\",\"url\":\"https:\\\/\\\/redenoticiaz.com.br\\\/litoralsp\\\/\",\"name\":\"Litoral SP\",\"description\":\"Rede NoticiaZ\",\"publisher\":{\"@id\":\"https:\\\/\\\/redenoticiaz.com.br\\\/litoralsp\\\/#organization\"},\"potentialAction\":[{\"@type\":\"SearchAction\",\"target\":{\"@type\":\"EntryPoint\",\"urlTemplate\":\"https:\\\/\\\/redenoticiaz.com.br\\\/litoralsp\\\/?s={search_term_string}\"},\"query-input\":{\"@type\":\"PropertyValueSpecification\",\"valueRequired\":true,\"valueName\":\"search_term_string\"}}],\"inLanguage\":\"pt-BR\"},{\"@type\":\"Organization\",\"@id\":\"https:\\\/\\\/redenoticiaz.com.br\\\/litoralsp\\\/#organization\",\"name\":\"Litoral SP\",\"url\":\"https:\\\/\\\/redenoticiaz.com.br\\\/litoralsp\\\/\",\"logo\":{\"@type\":\"ImageObject\",\"inLanguage\":\"pt-BR\",\"@id\":\"https:\\\/\\\/redenoticiaz.com.br\\\/litoralsp\\\/#\\\/schema\\\/logo\\\/image\\\/\",\"url\":\"https:\\\/\\\/redenoticiaz.com.br\\\/litoralsp\\\/wp-content\\\/uploads\\\/sites\\\/3\\\/2020\\\/11\\\/logo.jpg\",\"contentUrl\":\"https:\\\/\\\/redenoticiaz.com.br\\\/litoralsp\\\/wp-content\\\/uploads\\\/sites\\\/3\\\/2020\\\/11\\\/logo.jpg\",\"width\":400,\"height\":250,\"caption\":\"Litoral SP\"},\"image\":{\"@id\":\"https:\\\/\\\/redenoticiaz.com.br\\\/litoralsp\\\/#\\\/schema\\\/logo\\\/image\\\/\"}},{\"@type\":\"Person\",\"@id\":\"https:\\\/\\\/redenoticiaz.com.br\\\/litoralsp\\\/#\\\/schema\\\/person\\\/0f0b8a5bdafefe82841e07ae8d81ecb3\",\"name\":\"Leonardo Francisco\",\"image\":{\"@type\":\"ImageObject\",\"inLanguage\":\"pt-BR\",\"@id\":\"https:\\\/\\\/secure.gravatar.com\\\/avatar\\\/a7358cb406a99b682ec6df1e77e31ae82e63601f6784e8a3df411d72b37864da?s=96&d=mm&r=g\",\"url\":\"https:\\\/\\\/secure.gravatar.com\\\/avatar\\\/a7358cb406a99b682ec6df1e77e31ae82e63601f6784e8a3df411d72b37864da?s=96&d=mm&r=g\",\"contentUrl\":\"https:\\\/\\\/secure.gravatar.com\\\/avatar\\\/a7358cb406a99b682ec6df1e77e31ae82e63601f6784e8a3df411d72b37864da?s=96&d=mm&r=g\",\"caption\":\"Leonardo Francisco\"},\"url\":\"https:\\\/\\\/redenoticiaz.com.br\\\/litoralsp\\\/author\\\/leonardo-francisco\"}]}<\/script>\n<!-- \/ Yoast SEO plugin. -->","yoast_head_json":{"title":"Palmeiras e S\u00e3o Bento empatam na estreia no Paulist\u00e3o - Litoral SP","description":"grandes de S\u00e3o Paulo com a estreia do Campeonato Paulista 2023. No Allianz Parque neste s\u00e1bado (14), Palmeiras e S\u00e3o Bento se","robots":{"index":"index","follow":"follow","max-snippet":"max-snippet:-1","max-image-preview":"max-image-preview:large","max-video-preview":"max-video-preview:-1"},"canonical":"https:\/\/redenoticiaz.com.br\/litoralsp\/2023\/01\/14\/palmeiras-e-sao-bento-empatam-na-estreia-no-paulistao","og_locale":"pt_BR","og_type":"article","og_title":"Palmeiras e S\u00e3o Bento empatam na estreia no Paulist\u00e3o - Litoral SP","og_description":"grandes de S\u00e3o Paulo com a estreia do Campeonato Paulista 2023. No Allianz Parque neste s\u00e1bado (14), Palmeiras e S\u00e3o Bento se","og_url":"https:\/\/redenoticiaz.com.br\/litoralsp\/2023\/01\/14\/palmeiras-e-sao-bento-empatam-na-estreia-no-paulistao","og_site_name":"Litoral SP","article_published_time":"2023-01-14T23:49:11+00:00","og_image":[{"width":484,"height":274,"url":"https:\/\/redenoticiaz.com.br\/litoralsp\/wp-content\/uploads\/sites\/3\/2023\/01\/PAL-X-SBE.jpg","type":"image\/jpeg"}],"author":"Leonardo Francisco","twitter_card":"summary_large_image","twitter_misc":{"Escrito por":"Leonardo Francisco","Est. tempo de leitura":"3 minutos"},"schema":{"@context":"https:\/\/schema.org","@graph":[{"@type":"Article","@id":"https:\/\/redenoticiaz.com.br\/litoralsp\/2023\/01\/14\/palmeiras-e-sao-bento-empatam-na-estreia-no-paulistao#article","isPartOf":{"@id":"https:\/\/redenoticiaz.com.br\/litoralsp\/2023\/01\/14\/palmeiras-e-sao-bento-empatam-na-estreia-no-paulistao"},"author":{"name":"Leonardo Francisco","@id":"https:\/\/redenoticiaz.com.br\/litoralsp\/#\/schema\/person\/0f0b8a5bdafefe82841e07ae8d81ecb3"},"headline":"Palmeiras e S\u00e3o Bento empatam na estreia no Paulist\u00e3o","datePublished":"2023-01-14T23:49:11+00:00","mainEntityOfPage":{"@id":"https:\/\/redenoticiaz.com.br\/litoralsp\/2023\/01\/14\/palmeiras-e-sao-bento-empatam-na-estreia-no-paulistao"},"wordCount":421,"commentCount":0,"publisher":{"@id":"https:\/\/redenoticiaz.com.br\/litoralsp\/#organization"},"image":{"@id":"https:\/\/redenoticiaz.com.br\/litoralsp\/2023\/01\/14\/palmeiras-e-sao-bento-empatam-na-estreia-no-paulistao#primaryimage"},"thumbnailUrl":"https:\/\/redenoticiaz.com.br\/litoralsp\/wp-content\/uploads\/sites\/3\/2023\/01\/PAL-X-SBE.jpg","keywords":["ALLIANZ PARQUE","CAMPEONATO PAULISTA","Palmeiras","paulist\u00e3o 2023","S\u00c3O BENTO"],"articleSection":["Esporte"],"inLanguage":"pt-BR","potentialAction":[{"@type":"CommentAction","name":"Comment","target":["https:\/\/redenoticiaz.com.br\/litoralsp\/2023\/01\/14\/palmeiras-e-sao-bento-empatam-na-estreia-no-paulistao#respond"]}]},{"@type":"WebPage","@id":"https:\/\/redenoticiaz.com.br\/litoralsp\/2023\/01\/14\/palmeiras-e-sao-bento-empatam-na-estreia-no-paulistao","url":"https:\/\/redenoticiaz.com.br\/litoralsp\/2023\/01\/14\/palmeiras-e-sao-bento-empatam-na-estreia-no-paulistao","name":"Palmeiras e S\u00e3o Bento empatam na estreia no Paulist\u00e3o - Litoral SP","isPartOf":{"@id":"https:\/\/redenoticiaz.com.br\/litoralsp\/#website"},"primaryImageOfPage":{"@id":"https:\/\/redenoticiaz.com.br\/litoralsp\/2023\/01\/14\/palmeiras-e-sao-bento-empatam-na-estreia-no-paulistao#primaryimage"},"image":{"@id":"https:\/\/redenoticiaz.com.br\/litoralsp\/2023\/01\/14\/palmeiras-e-sao-bento-empatam-na-estreia-no-paulistao#primaryimage"},"thumbnailUrl":"https:\/\/redenoticiaz.com.br\/litoralsp\/wp-content\/uploads\/sites\/3\/2023\/01\/PAL-X-SBE.jpg","datePublished":"2023-01-14T23:49:11+00:00","description":"grandes de S\u00e3o Paulo com a estreia do Campeonato Paulista 2023. No Allianz Parque neste s\u00e1bado (14), Palmeiras e S\u00e3o Bento se","inLanguage":"pt-BR","potentialAction":[{"@type":"ReadAction","target":["https:\/\/redenoticiaz.com.br\/litoralsp\/2023\/01\/14\/palmeiras-e-sao-bento-empatam-na-estreia-no-paulistao"]}]},{"@type":"ImageObject","inLanguage":"pt-BR","@id":"https:\/\/redenoticiaz.com.br\/litoralsp\/2023\/01\/14\/palmeiras-e-sao-bento-empatam-na-estreia-no-paulistao#primaryimage","url":"https:\/\/redenoticiaz.com.br\/litoralsp\/wp-content\/uploads\/sites\/3\/2023\/01\/PAL-X-SBE.jpg","contentUrl":"https:\/\/redenoticiaz.com.br\/litoralsp\/wp-content\/uploads\/sites\/3\/2023\/01\/PAL-X-SBE.jpg","width":484,"height":274,"caption":"Cr\u00e9ditos: Reprodu\u00e7\u00e3o"},{"@type":"WebSite","@id":"https:\/\/redenoticiaz.com.br\/litoralsp\/#website","url":"https:\/\/redenoticiaz.com.br\/litoralsp\/","name":"Litoral SP","description":"Rede NoticiaZ","publisher":{"@id":"https:\/\/redenoticiaz.com.br\/litoralsp\/#organization"},"potentialAction":[{"@type":"SearchAction","target":{"@type":"EntryPoint","urlTemplate":"https:\/\/redenoticiaz.com.br\/litoralsp\/?s={search_term_string}"},"query-input":{"@type":"PropertyValueSpecification","valueRequired":true,"valueName":"search_term_string"}}],"inLanguage":"pt-BR"},{"@type":"Organization","@id":"https:\/\/redenoticiaz.com.br\/litoralsp\/#organization","name":"Litoral SP","url":"https:\/\/redenoticiaz.com.br\/litoralsp\/","logo":{"@type":"ImageObject","inLanguage":"pt-BR","@id":"https:\/\/redenoticiaz.com.br\/litoralsp\/#\/schema\/logo\/image\/","url":"https:\/\/redenoticiaz.com.br\/litoralsp\/wp-content\/uploads\/sites\/3\/2020\/11\/logo.jpg","contentUrl":"https:\/\/redenoticiaz.com.br\/litoralsp\/wp-content\/uploads\/sites\/3\/2020\/11\/logo.jpg","width":400,"height":250,"caption":"Litoral SP"},"image":{"@id":"https:\/\/redenoticiaz.com.br\/litoralsp\/#\/schema\/logo\/image\/"}},{"@type":"Person","@id":"https:\/\/redenoticiaz.com.br\/litoralsp\/#\/schema\/person\/0f0b8a5bdafefe82841e07ae8d81ecb3","name":"Leonardo Francisco","image":{"@type":"ImageObject","inLanguage":"pt-BR","@id":"https:\/\/secure.gravatar.com\/avatar\/a7358cb406a99b682ec6df1e77e31ae82e63601f6784e8a3df411d72b37864da?s=96&d=mm&r=g","url":"https:\/\/secure.gravatar.com\/avatar\/a7358cb406a99b682ec6df1e77e31ae82e63601f6784e8a3df411d72b37864da?s=96&d=mm&r=g","contentUrl":"https:\/\/secure.gravatar.com\/avatar\/a7358cb406a99b682ec6df1e77e31ae82e63601f6784e8a3df411d72b37864da?s=96&d=mm&r=g","caption":"Leonardo Francisco"},"url":"https:\/\/redenoticiaz.com.br\/litoralsp\/author\/leonardo-francisco"}]}},"_links":{"self":[{"href":"https:\/\/redenoticiaz.com.br\/litoralsp\/wp-json\/wp\/v2\/posts\/98883","targetHints":{"allow":["GET"]}}],"collection":[{"href":"https:\/\/redenoticiaz.com.br\/litoralsp\/wp-json\/wp\/v2\/posts"}],"about":[{"href":"https:\/\/redenoticiaz.com.br\/litoralsp\/wp-json\/wp\/v2\/types\/post"}],"author":[{"embeddable":true,"href":"https:\/\/redenoticiaz.com.br\/litoralsp\/wp-json\/wp\/v2\/users\/6"}],"replies":[{"embeddable":true,"href":"https:\/\/redenoticiaz.com.br\/litoralsp\/wp-json\/wp\/v2\/comments?post=98883"}],"version-history":[{"count":2,"href":"https:\/\/redenoticiaz.com.br\/litoralsp\/wp-json\/wp\/v2\/posts\/98883\/revisions"}],"predecessor-version":[{"id":98886,"href":"https:\/\/redenoticiaz.com.br\/litoralsp\/wp-json\/wp\/v2\/posts\/98883\/revisions\/98886"}],"wp:featuredmedia":[{"embeddable":true,"href":"https:\/\/redenoticiaz.com.br\/litoralsp\/wp-json\/wp\/v2\/media\/98884"}],"wp:attachment":[{"href":"https:\/\/redenoticiaz.com.br\/litoralsp\/wp-json\/wp\/v2\/media?parent=98883"}],"wp:term":[{"taxonomy":"category","embeddable":true,"href":"https:\/\/redenoticiaz.com.br\/litoralsp\/wp-json\/wp\/v2\/categories?post=98883"},{"taxonomy":"post_tag","embeddable":true,"href":"https:\/\/redenoticiaz.com.br\/litoralsp\/wp-json\/wp\/v2\/tags?post=98883"}],"curies":[{"name":"wp","href":"https:\/\/api.w.org\/{rel}","templated":true}]}}