{"id":99001,"date":"2023-01-16T17:46:19","date_gmt":"2023-01-16T20:46:19","guid":{"rendered":"https:\/\/redenoticiaz.com.br\/litoralsp\/2023\/01\/16\/apos-afastamento-rodrigo-constantino-e-zoe-martinez-sao-demitidos-da-jovem-pan"},"modified":"2023-01-16T17:48:22","modified_gmt":"2023-01-16T20:48:22","slug":"apos-afastamento-rodrigo-constantino-e-zoe-martinez-sao-demitidos-da-jovem-pan","status":"publish","type":"post","link":"https:\/\/redenoticiaz.com.br\/litoralsp\/2023\/01\/16\/apos-afastamento-rodrigo-constantino-e-zoe-martinez-sao-demitidos-da-jovem-pan","title":{"rendered":"Ap\u00f3s afastamento, Rodrigo Constantino e Zoe Martinez s\u00e3o demitidos da Jovem Pan"},"content":{"rendered":"<p>Ap\u00f3s afastamento, Rodrigo Constantino e Zoe Martinez foram demitidos da R\u00e1dio e da TV Jovem Pan nesta segunda-feira (16).<\/p>\n<p>De acordo com as informa\u00e7\u00f5es, os comentaristas estavam afastados do cargo de comentaristas desde que o MPF instaurou inqu\u00e9rito para investigar dissemina\u00e7\u00e3o de fake news.<\/p>\n<p>Ainda de acordo com as informa\u00e7\u00f5es, o MPF divulgou nota no \u00faltimo dia 9 afirmando que est\u00e1 investigando o canal.<\/p>\n<blockquote><p>Foi realizado um levantamento ao longo dos \u00faltimos meses que detectou que a Jovem Pan, a princ\u00edpio, tem veiculado sistematicamente fake news e discursos que atentam contra a ordem institucional, em um per\u00edodo que coincide com a escalada de movimentos golpistas e violentos em todo o pa\u00eds\u201d<\/p><\/blockquote>\n<p>Sendo assim, a portaria ainda afirma que os comentaristas da emissora minimizam o &#8220;teor de ruptura institucional\u201d durante a cobertura dos atos de vandalismo ocorridos em Bras\u00edlia em 8 de janeiro e tentaram justificar as motiva\u00e7\u00f5es dos manifestantes golpistas que invadiram e depredaram a sede dos tr\u00eas poderes.<\/p>\n<h2>Demiss\u00f5es<\/h2>\n<p>A Jovem Pan passa por um per\u00edodo turbulento ap\u00f3s a perda de Jair Bolsonaro (PL) nas \u00faltimas elei\u00e7\u00f5es. Comentaristas, apresentadores e at\u00e9 o Presidente da emissora se afastaram ou foram demitidos.<\/p>\n<p>Leia mais<\/p>\n<p><a href=\"https:\/\/redenoticiaz.com.br\/blog\/2022\/10\/31\/jovem-pan-demite-diversos-colunistas-apos-fim-das-eleicoes\">Jovem Pan demite diversos colunistas ap\u00f3s fim das elei\u00e7\u00f5es<\/a><\/p>\n","protected":false},"excerpt":{"rendered":"<p>Ap\u00f3s afastamento, Rodrigo Constantino e Zoe Martinez foram demitidos da R\u00e1dio e da TV Jovem Pan nesta segunda-feira (16). De acordo com as informa\u00e7\u00f5es, os comentaristas estavam afastados do cargo de comentaristas desde que o MPF instaurou inqu\u00e9rito para investigar dissemina\u00e7\u00e3o de fake news. Ainda de acordo com as informa\u00e7\u00f5es, o MPF divulgou nota no &hellip;<\/p>\n","protected":false},"author":12,"featured_media":99002,"comment_status":"open","ping_status":"closed","sticky":false,"template":"","format":"standard","meta":{"footnotes":""},"categories":[170,15],"tags":[38060,62617,62618,62619],"class_list":["post-99001","post","type-post","status-publish","format-standard","has-post-thumbnail","hentry","category-entretenimento","category-politica","tag-jovem-pan","tag-radio-jovem-pan","tag-rodrigo-constantino","tag-zoe-martinez"],"yoast_head":"<!-- This site is optimized with the Yoast SEO plugin v27.5 - https:\/\/yoast.com\/product\/yoast-seo-wordpress\/ -->\n<title>Ap\u00f3s afastamento, Rodrigo Constantino e Zoe Martinez s\u00e3o demitidos da Jovem Pan - Litoral SP<\/title>\n<meta name=\"description\" content=\"Ap\u00f3s afastamento, Rodrigo Constantino e Zoe Martinez foram demitidos da R\u00e1dio e da TV Jovem Pan nesta segunda-feira (16).\" \/>\n<meta name=\"robots\" content=\"index, follow, max-snippet:-1, max-image-preview:large, max-video-preview:-1\" \/>\n<link rel=\"canonical\" href=\"https:\/\/redenoticiaz.com.br\/litoralsp\/2023\/01\/16\/apos-afastamento-rodrigo-constantino-e-zoe-martinez-sao-demitidos-da-jovem-pan\" \/>\n<meta property=\"og:locale\" content=\"pt_BR\" \/>\n<meta property=\"og:type\" content=\"article\" \/>\n<meta property=\"og:title\" content=\"Ap\u00f3s afastamento, Rodrigo Constantino e Zoe Martinez s\u00e3o demitidos da Jovem Pan - Litoral SP\" \/>\n<meta property=\"og:description\" content=\"Ap\u00f3s afastamento, Rodrigo Constantino e Zoe Martinez foram demitidos da R\u00e1dio e da TV Jovem Pan nesta segunda-feira (16).\" \/>\n<meta property=\"og:url\" content=\"https:\/\/redenoticiaz.com.br\/litoralsp\/2023\/01\/16\/apos-afastamento-rodrigo-constantino-e-zoe-martinez-sao-demitidos-da-jovem-pan\" \/>\n<meta property=\"og:site_name\" content=\"Litoral SP\" \/>\n<meta property=\"article:published_time\" content=\"2023-01-16T20:46:19+00:00\" \/>\n<meta property=\"article:modified_time\" content=\"2023-01-16T20:48:22+00:00\" \/>\n<meta property=\"og:image\" content=\"https:\/\/redenoticiaz.com.br\/litoralsp\/wp-content\/uploads\/sites\/3\/2023\/01\/1_montagem_com_foto_constantino_e_zoe-27273244.jpg?v=1673901920\" \/>\n\t<meta property=\"og:image:width\" content=\"675\" \/>\n\t<meta property=\"og:image:height\" content=\"450\" \/>\n\t<meta property=\"og:image:type\" content=\"image\/jpeg\" \/>\n<meta name=\"author\" content=\"Gustavo Silva\" \/>\n<meta name=\"twitter:card\" content=\"summary_large_image\" \/>\n<meta name=\"twitter:label1\" content=\"Escrito por\" \/>\n\t<meta name=\"twitter:data1\" content=\"Gustavo Silva\" \/>\n\t<meta name=\"twitter:label2\" content=\"Est. tempo de leitura\" \/>\n\t<meta name=\"twitter:data2\" content=\"2 minutos\" \/>\n<script type=\"application\/ld+json\" class=\"yoast-schema-graph\">{\"@context\":\"https:\\\/\\\/schema.org\",\"@graph\":[{\"@type\":\"Article\",\"@id\":\"https:\\\/\\\/redenoticiaz.com.br\\\/litoralsp\\\/2023\\\/01\\\/16\\\/apos-afastamento-rodrigo-constantino-e-zoe-martinez-sao-demitidos-da-jovem-pan#article\",\"isPartOf\":{\"@id\":\"https:\\\/\\\/redenoticiaz.com.br\\\/litoralsp\\\/2023\\\/01\\\/16\\\/apos-afastamento-rodrigo-constantino-e-zoe-martinez-sao-demitidos-da-jovem-pan\"},\"author\":{\"name\":\"Gustavo Silva\",\"@id\":\"https:\\\/\\\/redenoticiaz.com.br\\\/litoralsp\\\/#\\\/schema\\\/person\\\/16057b37a3c0ee6b096d7f887c566e2e\"},\"headline\":\"Ap\u00f3s afastamento, Rodrigo Constantino e Zoe Martinez s\u00e3o demitidos da Jovem Pan\",\"datePublished\":\"2023-01-16T20:46:19+00:00\",\"dateModified\":\"2023-01-16T20:48:22+00:00\",\"mainEntityOfPage\":{\"@id\":\"https:\\\/\\\/redenoticiaz.com.br\\\/litoralsp\\\/2023\\\/01\\\/16\\\/apos-afastamento-rodrigo-constantino-e-zoe-martinez-sao-demitidos-da-jovem-pan\"},\"wordCount\":231,\"commentCount\":0,\"publisher\":{\"@id\":\"https:\\\/\\\/redenoticiaz.com.br\\\/litoralsp\\\/#organization\"},\"image\":{\"@id\":\"https:\\\/\\\/redenoticiaz.com.br\\\/litoralsp\\\/2023\\\/01\\\/16\\\/apos-afastamento-rodrigo-constantino-e-zoe-martinez-sao-demitidos-da-jovem-pan#primaryimage\"},\"thumbnailUrl\":\"https:\\\/\\\/redenoticiaz.com.br\\\/litoralsp\\\/wp-content\\\/uploads\\\/sites\\\/3\\\/2023\\\/01\\\/1_montagem_com_foto_constantino_e_zoe-27273244.jpg?v=1673901920\",\"keywords\":[\"JOVEM PAN\",\"r\u00e1dio jovem pan\",\"Rodrigo Constantino\",\"zoe martinez\"],\"articleSection\":[\"Entretenimento\",\"Pol\u00edtica\"],\"inLanguage\":\"pt-BR\",\"potentialAction\":[{\"@type\":\"CommentAction\",\"name\":\"Comment\",\"target\":[\"https:\\\/\\\/redenoticiaz.com.br\\\/litoralsp\\\/2023\\\/01\\\/16\\\/apos-afastamento-rodrigo-constantino-e-zoe-martinez-sao-demitidos-da-jovem-pan#respond\"]}]},{\"@type\":\"WebPage\",\"@id\":\"https:\\\/\\\/redenoticiaz.com.br\\\/litoralsp\\\/2023\\\/01\\\/16\\\/apos-afastamento-rodrigo-constantino-e-zoe-martinez-sao-demitidos-da-jovem-pan\",\"url\":\"https:\\\/\\\/redenoticiaz.com.br\\\/litoralsp\\\/2023\\\/01\\\/16\\\/apos-afastamento-rodrigo-constantino-e-zoe-martinez-sao-demitidos-da-jovem-pan\",\"name\":\"Ap\u00f3s afastamento, Rodrigo Constantino e Zoe Martinez s\u00e3o demitidos da Jovem Pan - Litoral SP\",\"isPartOf\":{\"@id\":\"https:\\\/\\\/redenoticiaz.com.br\\\/litoralsp\\\/#website\"},\"primaryImageOfPage\":{\"@id\":\"https:\\\/\\\/redenoticiaz.com.br\\\/litoralsp\\\/2023\\\/01\\\/16\\\/apos-afastamento-rodrigo-constantino-e-zoe-martinez-sao-demitidos-da-jovem-pan#primaryimage\"},\"image\":{\"@id\":\"https:\\\/\\\/redenoticiaz.com.br\\\/litoralsp\\\/2023\\\/01\\\/16\\\/apos-afastamento-rodrigo-constantino-e-zoe-martinez-sao-demitidos-da-jovem-pan#primaryimage\"},\"thumbnailUrl\":\"https:\\\/\\\/redenoticiaz.com.br\\\/litoralsp\\\/wp-content\\\/uploads\\\/sites\\\/3\\\/2023\\\/01\\\/1_montagem_com_foto_constantino_e_zoe-27273244.jpg?v=1673901920\",\"datePublished\":\"2023-01-16T20:46:19+00:00\",\"dateModified\":\"2023-01-16T20:48:22+00:00\",\"description\":\"Ap\u00f3s afastamento, Rodrigo Constantino e Zoe Martinez foram demitidos da R\u00e1dio e da TV Jovem Pan nesta segunda-feira (16).\",\"inLanguage\":\"pt-BR\",\"potentialAction\":[{\"@type\":\"ReadAction\",\"target\":[\"https:\\\/\\\/redenoticiaz.com.br\\\/litoralsp\\\/2023\\\/01\\\/16\\\/apos-afastamento-rodrigo-constantino-e-zoe-martinez-sao-demitidos-da-jovem-pan\"]}]},{\"@type\":\"ImageObject\",\"inLanguage\":\"pt-BR\",\"@id\":\"https:\\\/\\\/redenoticiaz.com.br\\\/litoralsp\\\/2023\\\/01\\\/16\\\/apos-afastamento-rodrigo-constantino-e-zoe-martinez-sao-demitidos-da-jovem-pan#primaryimage\",\"url\":\"https:\\\/\\\/redenoticiaz.com.br\\\/litoralsp\\\/wp-content\\\/uploads\\\/sites\\\/3\\\/2023\\\/01\\\/1_montagem_com_foto_constantino_e_zoe-27273244.jpg?v=1673901920\",\"contentUrl\":\"https:\\\/\\\/redenoticiaz.com.br\\\/litoralsp\\\/wp-content\\\/uploads\\\/sites\\\/3\\\/2023\\\/01\\\/1_montagem_com_foto_constantino_e_zoe-27273244.jpg?v=1673901920\",\"width\":675,\"height\":450,\"caption\":\"Ap\u00f3s afastamento, Rodrigo Constantino e Zoe Martinez s\u00e3o demitidos da Jovem Pan\"},{\"@type\":\"WebSite\",\"@id\":\"https:\\\/\\\/redenoticiaz.com.br\\\/litoralsp\\\/#website\",\"url\":\"https:\\\/\\\/redenoticiaz.com.br\\\/litoralsp\\\/\",\"name\":\"Litoral SP\",\"description\":\"Rede NoticiaZ\",\"publisher\":{\"@id\":\"https:\\\/\\\/redenoticiaz.com.br\\\/litoralsp\\\/#organization\"},\"potentialAction\":[{\"@type\":\"SearchAction\",\"target\":{\"@type\":\"EntryPoint\",\"urlTemplate\":\"https:\\\/\\\/redenoticiaz.com.br\\\/litoralsp\\\/?s={search_term_string}\"},\"query-input\":{\"@type\":\"PropertyValueSpecification\",\"valueRequired\":true,\"valueName\":\"search_term_string\"}}],\"inLanguage\":\"pt-BR\"},{\"@type\":\"Organization\",\"@id\":\"https:\\\/\\\/redenoticiaz.com.br\\\/litoralsp\\\/#organization\",\"name\":\"Litoral SP\",\"url\":\"https:\\\/\\\/redenoticiaz.com.br\\\/litoralsp\\\/\",\"logo\":{\"@type\":\"ImageObject\",\"inLanguage\":\"pt-BR\",\"@id\":\"https:\\\/\\\/redenoticiaz.com.br\\\/litoralsp\\\/#\\\/schema\\\/logo\\\/image\\\/\",\"url\":\"https:\\\/\\\/redenoticiaz.com.br\\\/litoralsp\\\/wp-content\\\/uploads\\\/sites\\\/3\\\/2020\\\/11\\\/logo.jpg\",\"contentUrl\":\"https:\\\/\\\/redenoticiaz.com.br\\\/litoralsp\\\/wp-content\\\/uploads\\\/sites\\\/3\\\/2020\\\/11\\\/logo.jpg\",\"width\":400,\"height\":250,\"caption\":\"Litoral SP\"},\"image\":{\"@id\":\"https:\\\/\\\/redenoticiaz.com.br\\\/litoralsp\\\/#\\\/schema\\\/logo\\\/image\\\/\"}},{\"@type\":\"Person\",\"@id\":\"https:\\\/\\\/redenoticiaz.com.br\\\/litoralsp\\\/#\\\/schema\\\/person\\\/16057b37a3c0ee6b096d7f887c566e2e\",\"name\":\"Gustavo Silva\",\"image\":{\"@type\":\"ImageObject\",\"inLanguage\":\"pt-BR\",\"@id\":\"https:\\\/\\\/secure.gravatar.com\\\/avatar\\\/3ee4e82f93b26de0a7cf4ea5eb7893da637ed6bb0c9170c58065944c56e28a33?s=96&d=mm&r=g\",\"url\":\"https:\\\/\\\/secure.gravatar.com\\\/avatar\\\/3ee4e82f93b26de0a7cf4ea5eb7893da637ed6bb0c9170c58065944c56e28a33?s=96&d=mm&r=g\",\"contentUrl\":\"https:\\\/\\\/secure.gravatar.com\\\/avatar\\\/3ee4e82f93b26de0a7cf4ea5eb7893da637ed6bb0c9170c58065944c56e28a33?s=96&d=mm&r=g\",\"caption\":\"Gustavo Silva\"},\"url\":\"https:\\\/\\\/redenoticiaz.com.br\\\/litoralsp\\\/author\\\/gustavosilva\"}]}<\/script>\n<!-- \/ Yoast SEO plugin. -->","yoast_head_json":{"title":"Ap\u00f3s afastamento, Rodrigo Constantino e Zoe Martinez s\u00e3o demitidos da Jovem Pan - Litoral SP","description":"Ap\u00f3s afastamento, Rodrigo Constantino e Zoe Martinez foram demitidos da R\u00e1dio e da TV Jovem Pan nesta segunda-feira (16).","robots":{"index":"index","follow":"follow","max-snippet":"max-snippet:-1","max-image-preview":"max-image-preview:large","max-video-preview":"max-video-preview:-1"},"canonical":"https:\/\/redenoticiaz.com.br\/litoralsp\/2023\/01\/16\/apos-afastamento-rodrigo-constantino-e-zoe-martinez-sao-demitidos-da-jovem-pan","og_locale":"pt_BR","og_type":"article","og_title":"Ap\u00f3s afastamento, Rodrigo Constantino e Zoe Martinez s\u00e3o demitidos da Jovem Pan - Litoral SP","og_description":"Ap\u00f3s afastamento, Rodrigo Constantino e Zoe Martinez foram demitidos da R\u00e1dio e da TV Jovem Pan nesta segunda-feira (16).","og_url":"https:\/\/redenoticiaz.com.br\/litoralsp\/2023\/01\/16\/apos-afastamento-rodrigo-constantino-e-zoe-martinez-sao-demitidos-da-jovem-pan","og_site_name":"Litoral SP","article_published_time":"2023-01-16T20:46:19+00:00","article_modified_time":"2023-01-16T20:48:22+00:00","og_image":[{"width":675,"height":450,"url":"https:\/\/redenoticiaz.com.br\/litoralsp\/wp-content\/uploads\/sites\/3\/2023\/01\/1_montagem_com_foto_constantino_e_zoe-27273244.jpg?v=1673901920","type":"image\/jpeg"}],"author":"Gustavo Silva","twitter_card":"summary_large_image","twitter_misc":{"Escrito por":"Gustavo Silva","Est. tempo de leitura":"2 minutos"},"schema":{"@context":"https:\/\/schema.org","@graph":[{"@type":"Article","@id":"https:\/\/redenoticiaz.com.br\/litoralsp\/2023\/01\/16\/apos-afastamento-rodrigo-constantino-e-zoe-martinez-sao-demitidos-da-jovem-pan#article","isPartOf":{"@id":"https:\/\/redenoticiaz.com.br\/litoralsp\/2023\/01\/16\/apos-afastamento-rodrigo-constantino-e-zoe-martinez-sao-demitidos-da-jovem-pan"},"author":{"name":"Gustavo Silva","@id":"https:\/\/redenoticiaz.com.br\/litoralsp\/#\/schema\/person\/16057b37a3c0ee6b096d7f887c566e2e"},"headline":"Ap\u00f3s afastamento, Rodrigo Constantino e Zoe Martinez s\u00e3o demitidos da Jovem Pan","datePublished":"2023-01-16T20:46:19+00:00","dateModified":"2023-01-16T20:48:22+00:00","mainEntityOfPage":{"@id":"https:\/\/redenoticiaz.com.br\/litoralsp\/2023\/01\/16\/apos-afastamento-rodrigo-constantino-e-zoe-martinez-sao-demitidos-da-jovem-pan"},"wordCount":231,"commentCount":0,"publisher":{"@id":"https:\/\/redenoticiaz.com.br\/litoralsp\/#organization"},"image":{"@id":"https:\/\/redenoticiaz.com.br\/litoralsp\/2023\/01\/16\/apos-afastamento-rodrigo-constantino-e-zoe-martinez-sao-demitidos-da-jovem-pan#primaryimage"},"thumbnailUrl":"https:\/\/redenoticiaz.com.br\/litoralsp\/wp-content\/uploads\/sites\/3\/2023\/01\/1_montagem_com_foto_constantino_e_zoe-27273244.jpg?v=1673901920","keywords":["JOVEM PAN","r\u00e1dio jovem pan","Rodrigo Constantino","zoe martinez"],"articleSection":["Entretenimento","Pol\u00edtica"],"inLanguage":"pt-BR","potentialAction":[{"@type":"CommentAction","name":"Comment","target":["https:\/\/redenoticiaz.com.br\/litoralsp\/2023\/01\/16\/apos-afastamento-rodrigo-constantino-e-zoe-martinez-sao-demitidos-da-jovem-pan#respond"]}]},{"@type":"WebPage","@id":"https:\/\/redenoticiaz.com.br\/litoralsp\/2023\/01\/16\/apos-afastamento-rodrigo-constantino-e-zoe-martinez-sao-demitidos-da-jovem-pan","url":"https:\/\/redenoticiaz.com.br\/litoralsp\/2023\/01\/16\/apos-afastamento-rodrigo-constantino-e-zoe-martinez-sao-demitidos-da-jovem-pan","name":"Ap\u00f3s afastamento, Rodrigo Constantino e Zoe Martinez s\u00e3o demitidos da Jovem Pan - Litoral SP","isPartOf":{"@id":"https:\/\/redenoticiaz.com.br\/litoralsp\/#website"},"primaryImageOfPage":{"@id":"https:\/\/redenoticiaz.com.br\/litoralsp\/2023\/01\/16\/apos-afastamento-rodrigo-constantino-e-zoe-martinez-sao-demitidos-da-jovem-pan#primaryimage"},"image":{"@id":"https:\/\/redenoticiaz.com.br\/litoralsp\/2023\/01\/16\/apos-afastamento-rodrigo-constantino-e-zoe-martinez-sao-demitidos-da-jovem-pan#primaryimage"},"thumbnailUrl":"https:\/\/redenoticiaz.com.br\/litoralsp\/wp-content\/uploads\/sites\/3\/2023\/01\/1_montagem_com_foto_constantino_e_zoe-27273244.jpg?v=1673901920","datePublished":"2023-01-16T20:46:19+00:00","dateModified":"2023-01-16T20:48:22+00:00","description":"Ap\u00f3s afastamento, Rodrigo Constantino e Zoe Martinez foram demitidos da R\u00e1dio e da TV Jovem Pan nesta segunda-feira (16).","inLanguage":"pt-BR","potentialAction":[{"@type":"ReadAction","target":["https:\/\/redenoticiaz.com.br\/litoralsp\/2023\/01\/16\/apos-afastamento-rodrigo-constantino-e-zoe-martinez-sao-demitidos-da-jovem-pan"]}]},{"@type":"ImageObject","inLanguage":"pt-BR","@id":"https:\/\/redenoticiaz.com.br\/litoralsp\/2023\/01\/16\/apos-afastamento-rodrigo-constantino-e-zoe-martinez-sao-demitidos-da-jovem-pan#primaryimage","url":"https:\/\/redenoticiaz.com.br\/litoralsp\/wp-content\/uploads\/sites\/3\/2023\/01\/1_montagem_com_foto_constantino_e_zoe-27273244.jpg?v=1673901920","contentUrl":"https:\/\/redenoticiaz.com.br\/litoralsp\/wp-content\/uploads\/sites\/3\/2023\/01\/1_montagem_com_foto_constantino_e_zoe-27273244.jpg?v=1673901920","width":675,"height":450,"caption":"Ap\u00f3s afastamento, Rodrigo Constantino e Zoe Martinez s\u00e3o demitidos da Jovem Pan"},{"@type":"WebSite","@id":"https:\/\/redenoticiaz.com.br\/litoralsp\/#website","url":"https:\/\/redenoticiaz.com.br\/litoralsp\/","name":"Litoral SP","description":"Rede NoticiaZ","publisher":{"@id":"https:\/\/redenoticiaz.com.br\/litoralsp\/#organization"},"potentialAction":[{"@type":"SearchAction","target":{"@type":"EntryPoint","urlTemplate":"https:\/\/redenoticiaz.com.br\/litoralsp\/?s={search_term_string}"},"query-input":{"@type":"PropertyValueSpecification","valueRequired":true,"valueName":"search_term_string"}}],"inLanguage":"pt-BR"},{"@type":"Organization","@id":"https:\/\/redenoticiaz.com.br\/litoralsp\/#organization","name":"Litoral SP","url":"https:\/\/redenoticiaz.com.br\/litoralsp\/","logo":{"@type":"ImageObject","inLanguage":"pt-BR","@id":"https:\/\/redenoticiaz.com.br\/litoralsp\/#\/schema\/logo\/image\/","url":"https:\/\/redenoticiaz.com.br\/litoralsp\/wp-content\/uploads\/sites\/3\/2020\/11\/logo.jpg","contentUrl":"https:\/\/redenoticiaz.com.br\/litoralsp\/wp-content\/uploads\/sites\/3\/2020\/11\/logo.jpg","width":400,"height":250,"caption":"Litoral SP"},"image":{"@id":"https:\/\/redenoticiaz.com.br\/litoralsp\/#\/schema\/logo\/image\/"}},{"@type":"Person","@id":"https:\/\/redenoticiaz.com.br\/litoralsp\/#\/schema\/person\/16057b37a3c0ee6b096d7f887c566e2e","name":"Gustavo Silva","image":{"@type":"ImageObject","inLanguage":"pt-BR","@id":"https:\/\/secure.gravatar.com\/avatar\/3ee4e82f93b26de0a7cf4ea5eb7893da637ed6bb0c9170c58065944c56e28a33?s=96&d=mm&r=g","url":"https:\/\/secure.gravatar.com\/avatar\/3ee4e82f93b26de0a7cf4ea5eb7893da637ed6bb0c9170c58065944c56e28a33?s=96&d=mm&r=g","contentUrl":"https:\/\/secure.gravatar.com\/avatar\/3ee4e82f93b26de0a7cf4ea5eb7893da637ed6bb0c9170c58065944c56e28a33?s=96&d=mm&r=g","caption":"Gustavo Silva"},"url":"https:\/\/redenoticiaz.com.br\/litoralsp\/author\/gustavosilva"}]}},"_links":{"self":[{"href":"https:\/\/redenoticiaz.com.br\/litoralsp\/wp-json\/wp\/v2\/posts\/99001","targetHints":{"allow":["GET"]}}],"collection":[{"href":"https:\/\/redenoticiaz.com.br\/litoralsp\/wp-json\/wp\/v2\/posts"}],"about":[{"href":"https:\/\/redenoticiaz.com.br\/litoralsp\/wp-json\/wp\/v2\/types\/post"}],"author":[{"embeddable":true,"href":"https:\/\/redenoticiaz.com.br\/litoralsp\/wp-json\/wp\/v2\/users\/12"}],"replies":[{"embeddable":true,"href":"https:\/\/redenoticiaz.com.br\/litoralsp\/wp-json\/wp\/v2\/comments?post=99001"}],"version-history":[{"count":0,"href":"https:\/\/redenoticiaz.com.br\/litoralsp\/wp-json\/wp\/v2\/posts\/99001\/revisions"}],"wp:featuredmedia":[{"embeddable":true,"href":"https:\/\/redenoticiaz.com.br\/litoralsp\/wp-json\/wp\/v2\/media\/99002"}],"wp:attachment":[{"href":"https:\/\/redenoticiaz.com.br\/litoralsp\/wp-json\/wp\/v2\/media?parent=99001"}],"wp:term":[{"taxonomy":"category","embeddable":true,"href":"https:\/\/redenoticiaz.com.br\/litoralsp\/wp-json\/wp\/v2\/categories?post=99001"},{"taxonomy":"post_tag","embeddable":true,"href":"https:\/\/redenoticiaz.com.br\/litoralsp\/wp-json\/wp\/v2\/tags?post=99001"}],"curies":[{"name":"wp","href":"https:\/\/api.w.org\/{rel}","templated":true}]}}