{"id":99006,"date":"2023-01-16T21:29:49","date_gmt":"2023-01-17T00:29:49","guid":{"rendered":"https:\/\/redenoticiaz.com.br\/litoralsp\/?p=99006"},"modified":"2023-01-16T21:29:49","modified_gmt":"2023-01-17T00:29:49","slug":"dupla-suspeita-de-trafico-de-drogas-e-presa-em-praia-grande","status":"publish","type":"post","link":"https:\/\/redenoticiaz.com.br\/litoralsp\/2023\/01\/16\/dupla-suspeita-de-trafico-de-drogas-e-presa-em-praia-grande","title":{"rendered":"Dupla suspeita de tr\u00e1fico de drogas \u00e9 presa em Praia Grande"},"content":{"rendered":"<p>Uma dupla suspeita de tr\u00e1fico de drogas foi presa em Praia Grande na tarde desta segunda-feira (16) por policiais Civis da Delegacia de Investiga\u00e7\u00f5es Gerais.<\/p>\n<p>De acordo com as informa\u00e7\u00f5es, a dupla de homens foi presa enquanto faziam a contabilidade da venda de entorpecentes no bairro Jardim Primavera.<\/p>\n<p>Ainda de acordo com as informa\u00e7\u00f5es, os investigadores descobriram atrav\u00e9s de investiga\u00e7\u00f5es o local que era utilizado pelos traficantes para prepararem as drogas para venda.<\/p>\n<p>Sendo assim, eles foram at\u00e9 o local e surpreenderam os suspeitos que estavam em posse de 61 pinos com coca\u00edna, 37 por\u00e7\u00f5es de maconha e 35 pedras de crack.<\/p>\n<p>Enfim, no local foram apreendidos tamb\u00e9m 1 celular, 1 balan\u00e7a de precis\u00e3o, duas facas, rolos de pl\u00e1stico filme e R$ 153,00 oriundos da venda dos il\u00edcitos.<\/p>\n<p>Os suspeitos confessaram os crimes ap\u00f3s serem indagados por policiais civis e um terceiro homem acabou sendo identificado em campo.<\/p>\n<p>Lavrados os procedimentos legais referentes \u00e0 pris\u00e3o em flagrante, os suspeitos foram conduzidos ao sistema penitenci\u00e1rio.<\/p>\n<p>Leia mais<\/p>\n<p><a href=\"https:\/\/redenoticiaz.com.br\/litoralsp\/2023\/01\/12\/policia-civil-recupera-carga-roubada-e-prende-receptador-em-praia-grande\">Pol\u00edcia Civil recupera carga roubada e prende receptador em Praia Grande<\/a><\/p>\n","protected":false},"excerpt":{"rendered":"<p>Uma dupla suspeita de tr\u00e1fico de drogas foi presa em Praia Grande na tarde desta segunda-feira (16) por policiais Civis da Delegacia de Investiga\u00e7\u00f5es Gerais. De acordo com as informa\u00e7\u00f5es, a dupla de homens foi presa enquanto faziam a contabilidade da venda de entorpecentes no bairro Jardim Primavera. Ainda de acordo com as informa\u00e7\u00f5es, os &hellip;<\/p>\n","protected":false},"author":12,"featured_media":99009,"comment_status":"open","ping_status":"closed","sticky":false,"template":"","format":"standard","meta":{"footnotes":""},"categories":[182],"tags":[72,1968,62623,1101,61],"class_list":["post-99006","post","type-post","status-publish","format-standard","has-post-thumbnail","hentry","category-praia-grande","tag-drogas","tag-flagrante","tag-policias-civis","tag-praia-grande","tag-trafico-de-drogas"],"yoast_head":"<!-- This site is optimized with the Yoast SEO plugin v27.5 - https:\/\/yoast.com\/product\/yoast-seo-wordpress\/ -->\n<title>Dupla suspeita de tr\u00e1fico de drogas \u00e9 presa em Praia Grande - Litoral SP<\/title>\n<meta name=\"description\" content=\"Uma dupla suspeita de tr\u00e1fico de drogas foi presa em Praia Grande na tarde desta segunda-feira (16) por policiais Civis da DIG.\" \/>\n<meta name=\"robots\" content=\"index, follow, max-snippet:-1, max-image-preview:large, max-video-preview:-1\" \/>\n<link rel=\"canonical\" href=\"https:\/\/redenoticiaz.com.br\/litoralsp\/2023\/01\/16\/dupla-suspeita-de-trafico-de-drogas-e-presa-em-praia-grande\" \/>\n<meta property=\"og:locale\" content=\"pt_BR\" \/>\n<meta property=\"og:type\" content=\"article\" \/>\n<meta property=\"og:title\" content=\"Dupla suspeita de tr\u00e1fico de drogas \u00e9 presa em Praia Grande - Litoral SP\" \/>\n<meta property=\"og:description\" content=\"Uma dupla suspeita de tr\u00e1fico de drogas foi presa em Praia Grande na tarde desta segunda-feira (16) por policiais Civis da DIG.\" \/>\n<meta property=\"og:url\" content=\"https:\/\/redenoticiaz.com.br\/litoralsp\/2023\/01\/16\/dupla-suspeita-de-trafico-de-drogas-e-presa-em-praia-grande\" \/>\n<meta property=\"og:site_name\" content=\"Litoral SP\" \/>\n<meta property=\"article:published_time\" content=\"2023-01-17T00:29:49+00:00\" \/>\n<meta property=\"og:image\" content=\"https:\/\/redenoticiaz.com.br\/litoralsp\/wp-content\/uploads\/sites\/3\/2023\/01\/WhatsApp-Image-2023-01-16-at-19.32.08.jpeg\" \/>\n\t<meta property=\"og:image:width\" content=\"1024\" \/>\n\t<meta property=\"og:image:height\" content=\"534\" \/>\n\t<meta property=\"og:image:type\" content=\"image\/jpeg\" \/>\n<meta name=\"author\" content=\"Gustavo Silva\" \/>\n<meta name=\"twitter:card\" content=\"summary_large_image\" \/>\n<meta name=\"twitter:label1\" content=\"Escrito por\" \/>\n\t<meta name=\"twitter:data1\" content=\"Gustavo Silva\" \/>\n\t<meta name=\"twitter:label2\" content=\"Est. tempo de leitura\" \/>\n\t<meta name=\"twitter:data2\" content=\"1 minuto\" \/>\n<script type=\"application\/ld+json\" class=\"yoast-schema-graph\">{\"@context\":\"https:\\\/\\\/schema.org\",\"@graph\":[{\"@type\":\"Article\",\"@id\":\"https:\\\/\\\/redenoticiaz.com.br\\\/litoralsp\\\/2023\\\/01\\\/16\\\/dupla-suspeita-de-trafico-de-drogas-e-presa-em-praia-grande#article\",\"isPartOf\":{\"@id\":\"https:\\\/\\\/redenoticiaz.com.br\\\/litoralsp\\\/2023\\\/01\\\/16\\\/dupla-suspeita-de-trafico-de-drogas-e-presa-em-praia-grande\"},\"author\":{\"name\":\"Gustavo Silva\",\"@id\":\"https:\\\/\\\/redenoticiaz.com.br\\\/litoralsp\\\/#\\\/schema\\\/person\\\/16057b37a3c0ee6b096d7f887c566e2e\"},\"headline\":\"Dupla suspeita de tr\u00e1fico de drogas \u00e9 presa em Praia Grande\",\"datePublished\":\"2023-01-17T00:29:49+00:00\",\"mainEntityOfPage\":{\"@id\":\"https:\\\/\\\/redenoticiaz.com.br\\\/litoralsp\\\/2023\\\/01\\\/16\\\/dupla-suspeita-de-trafico-de-drogas-e-presa-em-praia-grande\"},\"wordCount\":197,\"commentCount\":0,\"publisher\":{\"@id\":\"https:\\\/\\\/redenoticiaz.com.br\\\/litoralsp\\\/#organization\"},\"image\":{\"@id\":\"https:\\\/\\\/redenoticiaz.com.br\\\/litoralsp\\\/2023\\\/01\\\/16\\\/dupla-suspeita-de-trafico-de-drogas-e-presa-em-praia-grande#primaryimage\"},\"thumbnailUrl\":\"https:\\\/\\\/redenoticiaz.com.br\\\/litoralsp\\\/wp-content\\\/uploads\\\/sites\\\/3\\\/2023\\\/01\\\/WhatsApp-Image-2023-01-16-at-19.32.08.jpeg\",\"keywords\":[\"drogas\",\"FLAGRANTE\",\"policias civis\",\"PRAIA GRANDE\",\"TR\u00c1FICO DE DROGAS\"],\"articleSection\":[\"Praia Grande\"],\"inLanguage\":\"pt-BR\",\"potentialAction\":[{\"@type\":\"CommentAction\",\"name\":\"Comment\",\"target\":[\"https:\\\/\\\/redenoticiaz.com.br\\\/litoralsp\\\/2023\\\/01\\\/16\\\/dupla-suspeita-de-trafico-de-drogas-e-presa-em-praia-grande#respond\"]}]},{\"@type\":\"WebPage\",\"@id\":\"https:\\\/\\\/redenoticiaz.com.br\\\/litoralsp\\\/2023\\\/01\\\/16\\\/dupla-suspeita-de-trafico-de-drogas-e-presa-em-praia-grande\",\"url\":\"https:\\\/\\\/redenoticiaz.com.br\\\/litoralsp\\\/2023\\\/01\\\/16\\\/dupla-suspeita-de-trafico-de-drogas-e-presa-em-praia-grande\",\"name\":\"Dupla suspeita de tr\u00e1fico de drogas \u00e9 presa em Praia Grande - Litoral SP\",\"isPartOf\":{\"@id\":\"https:\\\/\\\/redenoticiaz.com.br\\\/litoralsp\\\/#website\"},\"primaryImageOfPage\":{\"@id\":\"https:\\\/\\\/redenoticiaz.com.br\\\/litoralsp\\\/2023\\\/01\\\/16\\\/dupla-suspeita-de-trafico-de-drogas-e-presa-em-praia-grande#primaryimage\"},\"image\":{\"@id\":\"https:\\\/\\\/redenoticiaz.com.br\\\/litoralsp\\\/2023\\\/01\\\/16\\\/dupla-suspeita-de-trafico-de-drogas-e-presa-em-praia-grande#primaryimage\"},\"thumbnailUrl\":\"https:\\\/\\\/redenoticiaz.com.br\\\/litoralsp\\\/wp-content\\\/uploads\\\/sites\\\/3\\\/2023\\\/01\\\/WhatsApp-Image-2023-01-16-at-19.32.08.jpeg\",\"datePublished\":\"2023-01-17T00:29:49+00:00\",\"description\":\"Uma dupla suspeita de tr\u00e1fico de drogas foi presa em Praia Grande na tarde desta segunda-feira (16) por policiais Civis da DIG.\",\"inLanguage\":\"pt-BR\",\"potentialAction\":[{\"@type\":\"ReadAction\",\"target\":[\"https:\\\/\\\/redenoticiaz.com.br\\\/litoralsp\\\/2023\\\/01\\\/16\\\/dupla-suspeita-de-trafico-de-drogas-e-presa-em-praia-grande\"]}]},{\"@type\":\"ImageObject\",\"inLanguage\":\"pt-BR\",\"@id\":\"https:\\\/\\\/redenoticiaz.com.br\\\/litoralsp\\\/2023\\\/01\\\/16\\\/dupla-suspeita-de-trafico-de-drogas-e-presa-em-praia-grande#primaryimage\",\"url\":\"https:\\\/\\\/redenoticiaz.com.br\\\/litoralsp\\\/wp-content\\\/uploads\\\/sites\\\/3\\\/2023\\\/01\\\/WhatsApp-Image-2023-01-16-at-19.32.08.jpeg\",\"contentUrl\":\"https:\\\/\\\/redenoticiaz.com.br\\\/litoralsp\\\/wp-content\\\/uploads\\\/sites\\\/3\\\/2023\\\/01\\\/WhatsApp-Image-2023-01-16-at-19.32.08.jpeg\",\"width\":1024,\"height\":534,\"caption\":\"Dupla suspeita de tr\u00e1fico de drogas \u00e9 presa em Praia Grande\"},{\"@type\":\"WebSite\",\"@id\":\"https:\\\/\\\/redenoticiaz.com.br\\\/litoralsp\\\/#website\",\"url\":\"https:\\\/\\\/redenoticiaz.com.br\\\/litoralsp\\\/\",\"name\":\"Litoral SP\",\"description\":\"Rede NoticiaZ\",\"publisher\":{\"@id\":\"https:\\\/\\\/redenoticiaz.com.br\\\/litoralsp\\\/#organization\"},\"potentialAction\":[{\"@type\":\"SearchAction\",\"target\":{\"@type\":\"EntryPoint\",\"urlTemplate\":\"https:\\\/\\\/redenoticiaz.com.br\\\/litoralsp\\\/?s={search_term_string}\"},\"query-input\":{\"@type\":\"PropertyValueSpecification\",\"valueRequired\":true,\"valueName\":\"search_term_string\"}}],\"inLanguage\":\"pt-BR\"},{\"@type\":\"Organization\",\"@id\":\"https:\\\/\\\/redenoticiaz.com.br\\\/litoralsp\\\/#organization\",\"name\":\"Litoral SP\",\"url\":\"https:\\\/\\\/redenoticiaz.com.br\\\/litoralsp\\\/\",\"logo\":{\"@type\":\"ImageObject\",\"inLanguage\":\"pt-BR\",\"@id\":\"https:\\\/\\\/redenoticiaz.com.br\\\/litoralsp\\\/#\\\/schema\\\/logo\\\/image\\\/\",\"url\":\"https:\\\/\\\/redenoticiaz.com.br\\\/litoralsp\\\/wp-content\\\/uploads\\\/sites\\\/3\\\/2020\\\/11\\\/logo.jpg\",\"contentUrl\":\"https:\\\/\\\/redenoticiaz.com.br\\\/litoralsp\\\/wp-content\\\/uploads\\\/sites\\\/3\\\/2020\\\/11\\\/logo.jpg\",\"width\":400,\"height\":250,\"caption\":\"Litoral SP\"},\"image\":{\"@id\":\"https:\\\/\\\/redenoticiaz.com.br\\\/litoralsp\\\/#\\\/schema\\\/logo\\\/image\\\/\"}},{\"@type\":\"Person\",\"@id\":\"https:\\\/\\\/redenoticiaz.com.br\\\/litoralsp\\\/#\\\/schema\\\/person\\\/16057b37a3c0ee6b096d7f887c566e2e\",\"name\":\"Gustavo Silva\",\"image\":{\"@type\":\"ImageObject\",\"inLanguage\":\"pt-BR\",\"@id\":\"https:\\\/\\\/secure.gravatar.com\\\/avatar\\\/3ee4e82f93b26de0a7cf4ea5eb7893da637ed6bb0c9170c58065944c56e28a33?s=96&d=mm&r=g\",\"url\":\"https:\\\/\\\/secure.gravatar.com\\\/avatar\\\/3ee4e82f93b26de0a7cf4ea5eb7893da637ed6bb0c9170c58065944c56e28a33?s=96&d=mm&r=g\",\"contentUrl\":\"https:\\\/\\\/secure.gravatar.com\\\/avatar\\\/3ee4e82f93b26de0a7cf4ea5eb7893da637ed6bb0c9170c58065944c56e28a33?s=96&d=mm&r=g\",\"caption\":\"Gustavo Silva\"},\"url\":\"https:\\\/\\\/redenoticiaz.com.br\\\/litoralsp\\\/author\\\/gustavosilva\"}]}<\/script>\n<!-- \/ Yoast SEO plugin. -->","yoast_head_json":{"title":"Dupla suspeita de tr\u00e1fico de drogas \u00e9 presa em Praia Grande - Litoral SP","description":"Uma dupla suspeita de tr\u00e1fico de drogas foi presa em Praia Grande na tarde desta segunda-feira (16) por policiais Civis da DIG.","robots":{"index":"index","follow":"follow","max-snippet":"max-snippet:-1","max-image-preview":"max-image-preview:large","max-video-preview":"max-video-preview:-1"},"canonical":"https:\/\/redenoticiaz.com.br\/litoralsp\/2023\/01\/16\/dupla-suspeita-de-trafico-de-drogas-e-presa-em-praia-grande","og_locale":"pt_BR","og_type":"article","og_title":"Dupla suspeita de tr\u00e1fico de drogas \u00e9 presa em Praia Grande - Litoral SP","og_description":"Uma dupla suspeita de tr\u00e1fico de drogas foi presa em Praia Grande na tarde desta segunda-feira (16) por policiais Civis da DIG.","og_url":"https:\/\/redenoticiaz.com.br\/litoralsp\/2023\/01\/16\/dupla-suspeita-de-trafico-de-drogas-e-presa-em-praia-grande","og_site_name":"Litoral SP","article_published_time":"2023-01-17T00:29:49+00:00","og_image":[{"width":1024,"height":534,"url":"https:\/\/redenoticiaz.com.br\/litoralsp\/wp-content\/uploads\/sites\/3\/2023\/01\/WhatsApp-Image-2023-01-16-at-19.32.08.jpeg","type":"image\/jpeg"}],"author":"Gustavo Silva","twitter_card":"summary_large_image","twitter_misc":{"Escrito por":"Gustavo Silva","Est. tempo de leitura":"1 minuto"},"schema":{"@context":"https:\/\/schema.org","@graph":[{"@type":"Article","@id":"https:\/\/redenoticiaz.com.br\/litoralsp\/2023\/01\/16\/dupla-suspeita-de-trafico-de-drogas-e-presa-em-praia-grande#article","isPartOf":{"@id":"https:\/\/redenoticiaz.com.br\/litoralsp\/2023\/01\/16\/dupla-suspeita-de-trafico-de-drogas-e-presa-em-praia-grande"},"author":{"name":"Gustavo Silva","@id":"https:\/\/redenoticiaz.com.br\/litoralsp\/#\/schema\/person\/16057b37a3c0ee6b096d7f887c566e2e"},"headline":"Dupla suspeita de tr\u00e1fico de drogas \u00e9 presa em Praia Grande","datePublished":"2023-01-17T00:29:49+00:00","mainEntityOfPage":{"@id":"https:\/\/redenoticiaz.com.br\/litoralsp\/2023\/01\/16\/dupla-suspeita-de-trafico-de-drogas-e-presa-em-praia-grande"},"wordCount":197,"commentCount":0,"publisher":{"@id":"https:\/\/redenoticiaz.com.br\/litoralsp\/#organization"},"image":{"@id":"https:\/\/redenoticiaz.com.br\/litoralsp\/2023\/01\/16\/dupla-suspeita-de-trafico-de-drogas-e-presa-em-praia-grande#primaryimage"},"thumbnailUrl":"https:\/\/redenoticiaz.com.br\/litoralsp\/wp-content\/uploads\/sites\/3\/2023\/01\/WhatsApp-Image-2023-01-16-at-19.32.08.jpeg","keywords":["drogas","FLAGRANTE","policias civis","PRAIA GRANDE","TR\u00c1FICO DE DROGAS"],"articleSection":["Praia Grande"],"inLanguage":"pt-BR","potentialAction":[{"@type":"CommentAction","name":"Comment","target":["https:\/\/redenoticiaz.com.br\/litoralsp\/2023\/01\/16\/dupla-suspeita-de-trafico-de-drogas-e-presa-em-praia-grande#respond"]}]},{"@type":"WebPage","@id":"https:\/\/redenoticiaz.com.br\/litoralsp\/2023\/01\/16\/dupla-suspeita-de-trafico-de-drogas-e-presa-em-praia-grande","url":"https:\/\/redenoticiaz.com.br\/litoralsp\/2023\/01\/16\/dupla-suspeita-de-trafico-de-drogas-e-presa-em-praia-grande","name":"Dupla suspeita de tr\u00e1fico de drogas \u00e9 presa em Praia Grande - Litoral SP","isPartOf":{"@id":"https:\/\/redenoticiaz.com.br\/litoralsp\/#website"},"primaryImageOfPage":{"@id":"https:\/\/redenoticiaz.com.br\/litoralsp\/2023\/01\/16\/dupla-suspeita-de-trafico-de-drogas-e-presa-em-praia-grande#primaryimage"},"image":{"@id":"https:\/\/redenoticiaz.com.br\/litoralsp\/2023\/01\/16\/dupla-suspeita-de-trafico-de-drogas-e-presa-em-praia-grande#primaryimage"},"thumbnailUrl":"https:\/\/redenoticiaz.com.br\/litoralsp\/wp-content\/uploads\/sites\/3\/2023\/01\/WhatsApp-Image-2023-01-16-at-19.32.08.jpeg","datePublished":"2023-01-17T00:29:49+00:00","description":"Uma dupla suspeita de tr\u00e1fico de drogas foi presa em Praia Grande na tarde desta segunda-feira (16) por policiais Civis da DIG.","inLanguage":"pt-BR","potentialAction":[{"@type":"ReadAction","target":["https:\/\/redenoticiaz.com.br\/litoralsp\/2023\/01\/16\/dupla-suspeita-de-trafico-de-drogas-e-presa-em-praia-grande"]}]},{"@type":"ImageObject","inLanguage":"pt-BR","@id":"https:\/\/redenoticiaz.com.br\/litoralsp\/2023\/01\/16\/dupla-suspeita-de-trafico-de-drogas-e-presa-em-praia-grande#primaryimage","url":"https:\/\/redenoticiaz.com.br\/litoralsp\/wp-content\/uploads\/sites\/3\/2023\/01\/WhatsApp-Image-2023-01-16-at-19.32.08.jpeg","contentUrl":"https:\/\/redenoticiaz.com.br\/litoralsp\/wp-content\/uploads\/sites\/3\/2023\/01\/WhatsApp-Image-2023-01-16-at-19.32.08.jpeg","width":1024,"height":534,"caption":"Dupla suspeita de tr\u00e1fico de drogas \u00e9 presa em Praia Grande"},{"@type":"WebSite","@id":"https:\/\/redenoticiaz.com.br\/litoralsp\/#website","url":"https:\/\/redenoticiaz.com.br\/litoralsp\/","name":"Litoral SP","description":"Rede NoticiaZ","publisher":{"@id":"https:\/\/redenoticiaz.com.br\/litoralsp\/#organization"},"potentialAction":[{"@type":"SearchAction","target":{"@type":"EntryPoint","urlTemplate":"https:\/\/redenoticiaz.com.br\/litoralsp\/?s={search_term_string}"},"query-input":{"@type":"PropertyValueSpecification","valueRequired":true,"valueName":"search_term_string"}}],"inLanguage":"pt-BR"},{"@type":"Organization","@id":"https:\/\/redenoticiaz.com.br\/litoralsp\/#organization","name":"Litoral SP","url":"https:\/\/redenoticiaz.com.br\/litoralsp\/","logo":{"@type":"ImageObject","inLanguage":"pt-BR","@id":"https:\/\/redenoticiaz.com.br\/litoralsp\/#\/schema\/logo\/image\/","url":"https:\/\/redenoticiaz.com.br\/litoralsp\/wp-content\/uploads\/sites\/3\/2020\/11\/logo.jpg","contentUrl":"https:\/\/redenoticiaz.com.br\/litoralsp\/wp-content\/uploads\/sites\/3\/2020\/11\/logo.jpg","width":400,"height":250,"caption":"Litoral SP"},"image":{"@id":"https:\/\/redenoticiaz.com.br\/litoralsp\/#\/schema\/logo\/image\/"}},{"@type":"Person","@id":"https:\/\/redenoticiaz.com.br\/litoralsp\/#\/schema\/person\/16057b37a3c0ee6b096d7f887c566e2e","name":"Gustavo Silva","image":{"@type":"ImageObject","inLanguage":"pt-BR","@id":"https:\/\/secure.gravatar.com\/avatar\/3ee4e82f93b26de0a7cf4ea5eb7893da637ed6bb0c9170c58065944c56e28a33?s=96&d=mm&r=g","url":"https:\/\/secure.gravatar.com\/avatar\/3ee4e82f93b26de0a7cf4ea5eb7893da637ed6bb0c9170c58065944c56e28a33?s=96&d=mm&r=g","contentUrl":"https:\/\/secure.gravatar.com\/avatar\/3ee4e82f93b26de0a7cf4ea5eb7893da637ed6bb0c9170c58065944c56e28a33?s=96&d=mm&r=g","caption":"Gustavo Silva"},"url":"https:\/\/redenoticiaz.com.br\/litoralsp\/author\/gustavosilva"}]}},"_links":{"self":[{"href":"https:\/\/redenoticiaz.com.br\/litoralsp\/wp-json\/wp\/v2\/posts\/99006","targetHints":{"allow":["GET"]}}],"collection":[{"href":"https:\/\/redenoticiaz.com.br\/litoralsp\/wp-json\/wp\/v2\/posts"}],"about":[{"href":"https:\/\/redenoticiaz.com.br\/litoralsp\/wp-json\/wp\/v2\/types\/post"}],"author":[{"embeddable":true,"href":"https:\/\/redenoticiaz.com.br\/litoralsp\/wp-json\/wp\/v2\/users\/12"}],"replies":[{"embeddable":true,"href":"https:\/\/redenoticiaz.com.br\/litoralsp\/wp-json\/wp\/v2\/comments?post=99006"}],"version-history":[{"count":1,"href":"https:\/\/redenoticiaz.com.br\/litoralsp\/wp-json\/wp\/v2\/posts\/99006\/revisions"}],"predecessor-version":[{"id":99010,"href":"https:\/\/redenoticiaz.com.br\/litoralsp\/wp-json\/wp\/v2\/posts\/99006\/revisions\/99010"}],"wp:featuredmedia":[{"embeddable":true,"href":"https:\/\/redenoticiaz.com.br\/litoralsp\/wp-json\/wp\/v2\/media\/99009"}],"wp:attachment":[{"href":"https:\/\/redenoticiaz.com.br\/litoralsp\/wp-json\/wp\/v2\/media?parent=99006"}],"wp:term":[{"taxonomy":"category","embeddable":true,"href":"https:\/\/redenoticiaz.com.br\/litoralsp\/wp-json\/wp\/v2\/categories?post=99006"},{"taxonomy":"post_tag","embeddable":true,"href":"https:\/\/redenoticiaz.com.br\/litoralsp\/wp-json\/wp\/v2\/tags?post=99006"}],"curies":[{"name":"wp","href":"https:\/\/api.w.org\/{rel}","templated":true}]}}