{"id":99007,"date":"2023-01-21T09:00:02","date_gmt":"2023-01-21T12:00:02","guid":{"rendered":"https:\/\/redenoticiaz.com.br\/litoralsp\/?p=99007"},"modified":"2023-01-16T21:23:46","modified_gmt":"2023-01-17T00:23:46","slug":"entenda-a-relacao-entre-testosterona-e-obesidade","status":"publish","type":"post","link":"https:\/\/redenoticiaz.com.br\/litoralsp\/2023\/01\/21\/entenda-a-relacao-entre-testosterona-e-obesidade","title":{"rendered":"Entenda a rela\u00e7\u00e3o entre testosterona e obesidade"},"content":{"rendered":"<p>O mundo de hoje est\u00e1 obeso. No Brasil, a popula\u00e7\u00e3o acima do peso e em outras partes dos pa\u00edses do ocidente tamb\u00e9m sofre com a <strong>obesidade<\/strong>. Por isso o alerta com a alimenta\u00e7\u00e3o e com as atividades f\u00edsicas precisam ser executadas diariamente.<\/p>\n<p>A grande oferta de comida industrializada e o desest\u00edmulo a pr\u00e1tica de atividade f\u00edsica, proporcionado pelo avan\u00e7o tecnol\u00f3gico, s\u00e3o os pilares mais importantes para o crescimento da obesidade. No entanto, existem outros fatores como a aus\u00eancia de exerc\u00edcios e tamb\u00e9m a rela\u00e7\u00e3o entre obesidade e testosterona.<\/p>\n<p>A obesidade afeta homens e mulheres igualmente. Mas voc\u00ea pode se surpreender ao saber que os homens carregam um fardo particular, j\u00e1 que a obesidade afeta especialmente os horm\u00f4nios masculinos, a sexualidade e a sa\u00fade da pr\u00f3stata. A testosterona \u00e9 o principal horm\u00f4nio masculino.<\/p>\n<h3>Gordura visceral<\/h3>\n<p>O m\u00e9dico nutr\u00f3logo e endocrinologista Dr. Ronan Araujo explica que a gordura visceral est\u00e1 diretamente associada \u00e0 produ\u00e7\u00e3o de testosterona e vitalidade, ou seja, as pessoas com uma maior quantidade de gordura visceral, tendem a ter desequil\u00edbrios hormonais e n\u00edveis reduzidos de qualidade de vida.<\/p>\n<p>Dessa forma, \u00e9 poss\u00edvel perceber que muito obesos apresentam sintomas da defici\u00eancia de testosterona, tais como menor resist\u00eancia f\u00edsica, massa muscular diminu\u00edda, desinteresse sexual, ginecomastia (aumento mam\u00e1rio nos homens), redu\u00e7\u00e3o de pelos e m\u00e1 qualidade do sono, independente da idade em algumas ocasi\u00f5es.<\/p>\n<p>Uma das explica\u00e7\u00f5es mais plaus\u00edveis para este mecanismo, \u00e9 o aumento da convers\u00e3o de testosterona em estradiol, processo chamado de aromatiza\u00e7\u00e3o, que acontece de forma eficaz dentro dos adip\u00f3citos (c\u00e9lulas de gordura).<\/p>\n<p>Tanto a gordura visceral, quanto a gordura subcut\u00e2nea, est\u00e3o associadas a altera\u00e7\u00f5es do perfil hormonal em homens e mulheres. Enquanto as mulheres obesas, tem excesso de horm\u00f4nio masculino, os homens obesos ficam recheados de estr\u00f3genos (horm\u00f4nios femininos).<\/p>\n<h3>Excesso vira o perigo<\/h3>\n<p>E n\u00e3o \u00e9 segredo que a obesidade faz mal \u00e0 sa\u00fade. O Dr. Ronan Araujo comenta que o excesso de gordura corporal aumenta os n\u00edveis de colesterol LDL (&#8220;ruim&#8221;) e triglicer\u00eddeos, ao mesmo tempo, em que reduz os n\u00edveis de colesterol HDL (&#8220;bom&#8221;). A obesidade prejudica a capacidade de resposta do corpo \u00e0 insulina, elevando os n\u00edveis de a\u00e7\u00facar no sangue e insulina.<\/p>\n<p>Mas a obesidade faz mais do que produzir n\u00fameros ruins: ela tamb\u00e9m leva a problemas de sa\u00fade, aumentando o risco de ataque card\u00edaco, derrame, hipertens\u00e3o, diabetes, c\u00e1lculos biliares, c\u00e2ncer, osteoartrite, apneia obstrutiva do sono, f\u00edgado gorduroso e depress\u00e3o. Em suma, a obesidade \u00e9 uma assassina; na verdade, a obesidade e a falta de exerc\u00edcio s\u00e3o respons\u00e1veis por cerca de 1.000 mortes di\u00e1rias, se as tend\u00eancias atuais continuarem, logo ultrapassar\u00e3o o tabagismo como as principais causas evit\u00e1veis de morte.<\/p>\n<p>A obesidade moderada est\u00e1 relacionada com uma redu\u00e7\u00e3o significativa da testosterona total devido ao aumento da resist\u00eancia \u00e0 insulina ligada \u00e0 globulina de liga\u00e7\u00e3o ao horm\u00f4nio sexual. A obesidade mais severa tamb\u00e9m se associa a n\u00edveis baixos da testosterona livre em raz\u00e3o da supress\u00e3o do eixo HPT. A defici\u00eancia na testosterona acarreta no aumento de gordura corporal, criando um c\u00edrculo vicioso de problemas metab\u00f3licos.<\/p>\n<p>&#8220;Al\u00e9m de representar desafios sociais e ambientais significativos, a obesidade est\u00e1 associada a uma infinidade de resultados adversos \u00e0 sa\u00fade, incluindo doen\u00e7as cardiovasculares, apneia do sono, osteoartrite, aumento do risco de certos tipos de c\u00e2ncer e, nos homens, n\u00edveis reduzidos de testosterona.&#8221; alerta Ronan Araujo.<\/p>\n<h3><strong>Tratamento contra obesidade e reposi\u00e7\u00e3o hormonal com testosterona<\/strong><\/h3>\n<p>Quando se trata de emagrecimento, \u00e9 importante analisar todas as \u00e1reas para que o processo seja realizado de maneira saud\u00e1vel e efetiva. Envolve desde mudan\u00e7a de h\u00e1bitos e mentalidade, an\u00e1lise de n\u00edveis hormonais, composi\u00e7\u00e3o corporal e at\u00e9 a compreens\u00e3o da biologia da obesidade e seu perfil metab\u00f3lico. Tudo isso precisa ser considerado para que o emagrecimento aconte\u00e7a da melhor forma poss\u00edvel, sem riscos \u00e0 sa\u00fade. Assim, \u00e9 fundamental procurar por orienta\u00e7\u00e3o especializada para alcan\u00e7ar os resultados desejados.<\/p>\n<p>O tratamento da obesidade pode ser feito com dieta para emagrecer e com a pr\u00e1tica regular de exerc\u00edcios f\u00edsicos, ou at\u00e9 mesmo com uso de rem\u00e9dios indicados pelo m\u00e9dico para ajudar a reduzir o apetite e a compuls\u00e3o alimentar.<\/p>\n<p>A reposi\u00e7\u00e3o hormonal com testosterona, por exemplo, regula o metabolismo de carboidratos, prote\u00ednas e gorduras, e a terapia com testosterona em homens com defici\u00eancia de testosterona resulta na normaliza\u00e7\u00e3o da utiliza\u00e7\u00e3o de glicose e aumento da oxida\u00e7\u00e3o lip\u00eddica. Al\u00e9m disso, a terapia com testosterona melhora a fun\u00e7\u00e3o er\u00e9til e aumenta o vigor e reduz a fadiga, promovendo com isso uma melhor disposi\u00e7\u00e3o para realizar exerc\u00edcios.<\/p>\n<p>Vem sendo tamb\u00e9m muito eficaz um tratamento para a obesidade atrav\u00e9s de uma mol\u00e9cula chamada semaglutida 2,4mg, que inicialmente era utilizada para o tratamento de Diabetes Tipo 2. Tratamento injet\u00e1vel aplicado semanalmente.<\/p>\n<p>A semaglutida age estimulando a produ\u00e7\u00e3o de insulina pelo p\u00e2ncreas, o que permite reduzir os n\u00edveis de a\u00e7\u00facar no sangue, al\u00e9m agir em \u00e1reas do c\u00e9rebro envolvidas na regula\u00e7\u00e3o do apetite e promover a saciedade, fazendo com que se tenha uma redu\u00e7\u00e3o da quantidade de calorias ingeridas diariamente e, por isso, este medicamento tamb\u00e9m ajuda no emagrecimento, nos casos de obesidade ou sobrepeso.<\/p>\n<p>Qualquer tratamento contra a obesidade deve ser acompanhado por uma orienta\u00e7\u00e3o e um acompanhamento m\u00e9dico. A reposi\u00e7\u00e3o hormonal, por exemplo, pode auxiliar no controle do peso, mas \u00e9 importante que seja feita sob supervis\u00e3o para garantir os melhores resultados poss\u00edveis. &#8220;Al\u00e9m disso, o tratamento precisa ser adaptado \u00e0s necessidades individuais de cada paciente, pois o que funciona para uma pessoa pode n\u00e3o funcionar para outra. \u00c9 importante buscar orienta\u00e7\u00e3o profissional para garantir o sucesso do tratamento.&#8221; finaliza o Dr. Ronan Araujo.<\/p>\n<p><strong>LEIA TAMB\u00c9M<\/strong><\/p>\n<p><a href=\"https:\/\/redenoticiaz.com.br\/blog\/2023\/01\/07\/anvisa-aprova-primeiro-tratamento-semanal-contra-obesidade-no-brasil\">Anvisa aprova primeiro tratamento semanal contra obesidade no Brasil<\/a><\/p>\n","protected":false},"excerpt":{"rendered":"<p>O mundo de hoje est\u00e1 obeso. No Brasil, a popula\u00e7\u00e3o acima do peso e em outras partes dos pa\u00edses do ocidente tamb\u00e9m sofre com a obesidade. Por isso o alerta com a alimenta\u00e7\u00e3o e com as atividades f\u00edsicas precisam ser executadas diariamente. A grande oferta de comida industrializada e o desest\u00edmulo a pr\u00e1tica de atividade &hellip;<\/p>\n","protected":false},"author":6,"featured_media":99008,"comment_status":"open","ping_status":"closed","sticky":false,"template":"","format":"standard","meta":{"footnotes":""},"categories":[23],"tags":[62621,12260,56840,96,62622],"class_list":["post-99007","post","type-post","status-publish","format-standard","has-post-thumbnail","hentry","category-saude","tag-acima-do-peso","tag-cuidados","tag-obesidade","tag-saude","tag-testosterona"],"yoast_head":"<!-- This site is optimized with the Yoast SEO plugin v27.4 - https:\/\/yoast.com\/product\/yoast-seo-wordpress\/ -->\n<title>Entenda a rela\u00e7\u00e3o entre testosterona e obesidade - Litoral SP<\/title>\n<meta name=\"description\" content=\"crescimento da obesidade. No entanto, existem outros fatores como a aus\u00eancia de exerc\u00edcios e tamb\u00e9m a rela\u00e7\u00e3o entre obesidade e testosterona.\" \/>\n<meta name=\"robots\" content=\"index, follow, max-snippet:-1, max-image-preview:large, max-video-preview:-1\" \/>\n<link rel=\"canonical\" href=\"https:\/\/redenoticiaz.com.br\/litoralsp\/2023\/01\/21\/entenda-a-relacao-entre-testosterona-e-obesidade\" \/>\n<meta property=\"og:locale\" content=\"pt_BR\" \/>\n<meta property=\"og:type\" content=\"article\" \/>\n<meta property=\"og:title\" content=\"Entenda a rela\u00e7\u00e3o entre testosterona e obesidade - Litoral SP\" \/>\n<meta property=\"og:description\" content=\"crescimento da obesidade. No entanto, existem outros fatores como a aus\u00eancia de exerc\u00edcios e tamb\u00e9m a rela\u00e7\u00e3o entre obesidade e testosterona.\" \/>\n<meta property=\"og:url\" content=\"https:\/\/redenoticiaz.com.br\/litoralsp\/2023\/01\/21\/entenda-a-relacao-entre-testosterona-e-obesidade\" \/>\n<meta property=\"og:site_name\" content=\"Litoral SP\" \/>\n<meta property=\"article:published_time\" content=\"2023-01-21T12:00:02+00:00\" \/>\n<meta property=\"og:image\" content=\"https:\/\/redenoticiaz.com.br\/litoralsp\/wp-content\/uploads\/sites\/3\/2023\/02\/Cabo-de-ponte-se-rompe-e-dezenas-de-pessoas-caem-no-rio.jpg\" \/>\n\t<meta property=\"og:image:width\" content=\"1200\" \/>\n\t<meta property=\"og:image:height\" content=\"628\" \/>\n\t<meta property=\"og:image:type\" content=\"image\/jpeg\" \/>\n<meta name=\"author\" content=\"Leonardo Francisco\" \/>\n<meta name=\"twitter:card\" content=\"summary_large_image\" \/>\n<meta name=\"twitter:label1\" content=\"Escrito por\" \/>\n\t<meta name=\"twitter:data1\" content=\"Leonardo Francisco\" \/>\n\t<meta name=\"twitter:label2\" content=\"Est. tempo de leitura\" \/>\n\t<meta name=\"twitter:data2\" content=\"6 minutos\" \/>\n<script type=\"application\/ld+json\" class=\"yoast-schema-graph\">{\"@context\":\"https:\\\/\\\/schema.org\",\"@graph\":[{\"@type\":\"Article\",\"@id\":\"https:\\\/\\\/redenoticiaz.com.br\\\/litoralsp\\\/2023\\\/01\\\/21\\\/entenda-a-relacao-entre-testosterona-e-obesidade#article\",\"isPartOf\":{\"@id\":\"https:\\\/\\\/redenoticiaz.com.br\\\/litoralsp\\\/2023\\\/01\\\/21\\\/entenda-a-relacao-entre-testosterona-e-obesidade\"},\"author\":{\"name\":\"Leonardo Francisco\",\"@id\":\"https:\\\/\\\/redenoticiaz.com.br\\\/litoralsp\\\/#\\\/schema\\\/person\\\/0f0b8a5bdafefe82841e07ae8d81ecb3\"},\"headline\":\"Entenda a rela\u00e7\u00e3o entre testosterona e obesidade\",\"datePublished\":\"2023-01-21T12:00:02+00:00\",\"mainEntityOfPage\":{\"@id\":\"https:\\\/\\\/redenoticiaz.com.br\\\/litoralsp\\\/2023\\\/01\\\/21\\\/entenda-a-relacao-entre-testosterona-e-obesidade\"},\"wordCount\":1048,\"commentCount\":0,\"publisher\":{\"@id\":\"https:\\\/\\\/redenoticiaz.com.br\\\/litoralsp\\\/#organization\"},\"image\":{\"@id\":\"https:\\\/\\\/redenoticiaz.com.br\\\/litoralsp\\\/2023\\\/01\\\/21\\\/entenda-a-relacao-entre-testosterona-e-obesidade#primaryimage\"},\"thumbnailUrl\":\"https:\\\/\\\/redenoticiaz.com.br\\\/litoralsp\\\/wp-content\\\/uploads\\\/sites\\\/3\\\/2023\\\/01\\\/9d49e13c8d43776f065cfd20e1c45665low.jpeg?v=1673914762\",\"keywords\":[\"ACIMA DO PESO\",\"CUIDADOS\",\"OBESIDADE\",\"saude\",\"TESTOSTERONA\"],\"articleSection\":[\"Sa\u00fade\"],\"inLanguage\":\"pt-BR\",\"potentialAction\":[{\"@type\":\"CommentAction\",\"name\":\"Comment\",\"target\":[\"https:\\\/\\\/redenoticiaz.com.br\\\/litoralsp\\\/2023\\\/01\\\/21\\\/entenda-a-relacao-entre-testosterona-e-obesidade#respond\"]}]},{\"@type\":\"WebPage\",\"@id\":\"https:\\\/\\\/redenoticiaz.com.br\\\/litoralsp\\\/2023\\\/01\\\/21\\\/entenda-a-relacao-entre-testosterona-e-obesidade\",\"url\":\"https:\\\/\\\/redenoticiaz.com.br\\\/litoralsp\\\/2023\\\/01\\\/21\\\/entenda-a-relacao-entre-testosterona-e-obesidade\",\"name\":\"Entenda a rela\u00e7\u00e3o entre testosterona e obesidade - Litoral SP\",\"isPartOf\":{\"@id\":\"https:\\\/\\\/redenoticiaz.com.br\\\/litoralsp\\\/#website\"},\"primaryImageOfPage\":{\"@id\":\"https:\\\/\\\/redenoticiaz.com.br\\\/litoralsp\\\/2023\\\/01\\\/21\\\/entenda-a-relacao-entre-testosterona-e-obesidade#primaryimage\"},\"image\":{\"@id\":\"https:\\\/\\\/redenoticiaz.com.br\\\/litoralsp\\\/2023\\\/01\\\/21\\\/entenda-a-relacao-entre-testosterona-e-obesidade#primaryimage\"},\"thumbnailUrl\":\"https:\\\/\\\/redenoticiaz.com.br\\\/litoralsp\\\/wp-content\\\/uploads\\\/sites\\\/3\\\/2023\\\/01\\\/9d49e13c8d43776f065cfd20e1c45665low.jpeg?v=1673914762\",\"datePublished\":\"2023-01-21T12:00:02+00:00\",\"description\":\"crescimento da obesidade. No entanto, existem outros fatores como a aus\u00eancia de exerc\u00edcios e tamb\u00e9m a rela\u00e7\u00e3o entre obesidade e testosterona.\",\"inLanguage\":\"pt-BR\",\"potentialAction\":[{\"@type\":\"ReadAction\",\"target\":[\"https:\\\/\\\/redenoticiaz.com.br\\\/litoralsp\\\/2023\\\/01\\\/21\\\/entenda-a-relacao-entre-testosterona-e-obesidade\"]}]},{\"@type\":\"ImageObject\",\"inLanguage\":\"pt-BR\",\"@id\":\"https:\\\/\\\/redenoticiaz.com.br\\\/litoralsp\\\/2023\\\/01\\\/21\\\/entenda-a-relacao-entre-testosterona-e-obesidade#primaryimage\",\"url\":\"https:\\\/\\\/redenoticiaz.com.br\\\/litoralsp\\\/wp-content\\\/uploads\\\/sites\\\/3\\\/2023\\\/01\\\/9d49e13c8d43776f065cfd20e1c45665low.jpeg?v=1673914762\",\"contentUrl\":\"https:\\\/\\\/redenoticiaz.com.br\\\/litoralsp\\\/wp-content\\\/uploads\\\/sites\\\/3\\\/2023\\\/01\\\/9d49e13c8d43776f065cfd20e1c45665low.jpeg?v=1673914762\",\"width\":724,\"height\":483,\"caption\":\"Cr\u00e9ditos: Divulga\u00e7\u00e3o\"},{\"@type\":\"WebSite\",\"@id\":\"https:\\\/\\\/redenoticiaz.com.br\\\/litoralsp\\\/#website\",\"url\":\"https:\\\/\\\/redenoticiaz.com.br\\\/litoralsp\\\/\",\"name\":\"Litoral SP\",\"description\":\"Rede NoticiaZ\",\"publisher\":{\"@id\":\"https:\\\/\\\/redenoticiaz.com.br\\\/litoralsp\\\/#organization\"},\"potentialAction\":[{\"@type\":\"SearchAction\",\"target\":{\"@type\":\"EntryPoint\",\"urlTemplate\":\"https:\\\/\\\/redenoticiaz.com.br\\\/litoralsp\\\/?s={search_term_string}\"},\"query-input\":{\"@type\":\"PropertyValueSpecification\",\"valueRequired\":true,\"valueName\":\"search_term_string\"}}],\"inLanguage\":\"pt-BR\"},{\"@type\":\"Organization\",\"@id\":\"https:\\\/\\\/redenoticiaz.com.br\\\/litoralsp\\\/#organization\",\"name\":\"Litoral SP\",\"url\":\"https:\\\/\\\/redenoticiaz.com.br\\\/litoralsp\\\/\",\"logo\":{\"@type\":\"ImageObject\",\"inLanguage\":\"pt-BR\",\"@id\":\"https:\\\/\\\/redenoticiaz.com.br\\\/litoralsp\\\/#\\\/schema\\\/logo\\\/image\\\/\",\"url\":\"https:\\\/\\\/redenoticiaz.com.br\\\/litoralsp\\\/wp-content\\\/uploads\\\/sites\\\/3\\\/2020\\\/11\\\/logo.jpg\",\"contentUrl\":\"https:\\\/\\\/redenoticiaz.com.br\\\/litoralsp\\\/wp-content\\\/uploads\\\/sites\\\/3\\\/2020\\\/11\\\/logo.jpg\",\"width\":400,\"height\":250,\"caption\":\"Litoral SP\"},\"image\":{\"@id\":\"https:\\\/\\\/redenoticiaz.com.br\\\/litoralsp\\\/#\\\/schema\\\/logo\\\/image\\\/\"}},{\"@type\":\"Person\",\"@id\":\"https:\\\/\\\/redenoticiaz.com.br\\\/litoralsp\\\/#\\\/schema\\\/person\\\/0f0b8a5bdafefe82841e07ae8d81ecb3\",\"name\":\"Leonardo Francisco\",\"image\":{\"@type\":\"ImageObject\",\"inLanguage\":\"pt-BR\",\"@id\":\"https:\\\/\\\/secure.gravatar.com\\\/avatar\\\/a7358cb406a99b682ec6df1e77e31ae82e63601f6784e8a3df411d72b37864da?s=96&d=mm&r=g\",\"url\":\"https:\\\/\\\/secure.gravatar.com\\\/avatar\\\/a7358cb406a99b682ec6df1e77e31ae82e63601f6784e8a3df411d72b37864da?s=96&d=mm&r=g\",\"contentUrl\":\"https:\\\/\\\/secure.gravatar.com\\\/avatar\\\/a7358cb406a99b682ec6df1e77e31ae82e63601f6784e8a3df411d72b37864da?s=96&d=mm&r=g\",\"caption\":\"Leonardo Francisco\"},\"url\":\"https:\\\/\\\/redenoticiaz.com.br\\\/litoralsp\\\/author\\\/leonardo-francisco\"}]}<\/script>\n<!-- \/ Yoast SEO plugin. -->","yoast_head_json":{"title":"Entenda a rela\u00e7\u00e3o entre testosterona e obesidade - Litoral SP","description":"crescimento da obesidade. No entanto, existem outros fatores como a aus\u00eancia de exerc\u00edcios e tamb\u00e9m a rela\u00e7\u00e3o entre obesidade e testosterona.","robots":{"index":"index","follow":"follow","max-snippet":"max-snippet:-1","max-image-preview":"max-image-preview:large","max-video-preview":"max-video-preview:-1"},"canonical":"https:\/\/redenoticiaz.com.br\/litoralsp\/2023\/01\/21\/entenda-a-relacao-entre-testosterona-e-obesidade","og_locale":"pt_BR","og_type":"article","og_title":"Entenda a rela\u00e7\u00e3o entre testosterona e obesidade - Litoral SP","og_description":"crescimento da obesidade. No entanto, existem outros fatores como a aus\u00eancia de exerc\u00edcios e tamb\u00e9m a rela\u00e7\u00e3o entre obesidade e testosterona.","og_url":"https:\/\/redenoticiaz.com.br\/litoralsp\/2023\/01\/21\/entenda-a-relacao-entre-testosterona-e-obesidade","og_site_name":"Litoral SP","article_published_time":"2023-01-21T12:00:02+00:00","og_image":[{"width":1200,"height":628,"url":"https:\/\/redenoticiaz.com.br\/litoralsp\/wp-content\/uploads\/sites\/3\/2023\/02\/Cabo-de-ponte-se-rompe-e-dezenas-de-pessoas-caem-no-rio.jpg","type":"image\/jpeg"}],"author":"Leonardo Francisco","twitter_card":"summary_large_image","twitter_misc":{"Escrito por":"Leonardo Francisco","Est. tempo de leitura":"6 minutos"},"schema":{"@context":"https:\/\/schema.org","@graph":[{"@type":"Article","@id":"https:\/\/redenoticiaz.com.br\/litoralsp\/2023\/01\/21\/entenda-a-relacao-entre-testosterona-e-obesidade#article","isPartOf":{"@id":"https:\/\/redenoticiaz.com.br\/litoralsp\/2023\/01\/21\/entenda-a-relacao-entre-testosterona-e-obesidade"},"author":{"name":"Leonardo Francisco","@id":"https:\/\/redenoticiaz.com.br\/litoralsp\/#\/schema\/person\/0f0b8a5bdafefe82841e07ae8d81ecb3"},"headline":"Entenda a rela\u00e7\u00e3o entre testosterona e obesidade","datePublished":"2023-01-21T12:00:02+00:00","mainEntityOfPage":{"@id":"https:\/\/redenoticiaz.com.br\/litoralsp\/2023\/01\/21\/entenda-a-relacao-entre-testosterona-e-obesidade"},"wordCount":1048,"commentCount":0,"publisher":{"@id":"https:\/\/redenoticiaz.com.br\/litoralsp\/#organization"},"image":{"@id":"https:\/\/redenoticiaz.com.br\/litoralsp\/2023\/01\/21\/entenda-a-relacao-entre-testosterona-e-obesidade#primaryimage"},"thumbnailUrl":"https:\/\/redenoticiaz.com.br\/litoralsp\/wp-content\/uploads\/sites\/3\/2023\/01\/9d49e13c8d43776f065cfd20e1c45665low.jpeg?v=1673914762","keywords":["ACIMA DO PESO","CUIDADOS","OBESIDADE","saude","TESTOSTERONA"],"articleSection":["Sa\u00fade"],"inLanguage":"pt-BR","potentialAction":[{"@type":"CommentAction","name":"Comment","target":["https:\/\/redenoticiaz.com.br\/litoralsp\/2023\/01\/21\/entenda-a-relacao-entre-testosterona-e-obesidade#respond"]}]},{"@type":"WebPage","@id":"https:\/\/redenoticiaz.com.br\/litoralsp\/2023\/01\/21\/entenda-a-relacao-entre-testosterona-e-obesidade","url":"https:\/\/redenoticiaz.com.br\/litoralsp\/2023\/01\/21\/entenda-a-relacao-entre-testosterona-e-obesidade","name":"Entenda a rela\u00e7\u00e3o entre testosterona e obesidade - Litoral SP","isPartOf":{"@id":"https:\/\/redenoticiaz.com.br\/litoralsp\/#website"},"primaryImageOfPage":{"@id":"https:\/\/redenoticiaz.com.br\/litoralsp\/2023\/01\/21\/entenda-a-relacao-entre-testosterona-e-obesidade#primaryimage"},"image":{"@id":"https:\/\/redenoticiaz.com.br\/litoralsp\/2023\/01\/21\/entenda-a-relacao-entre-testosterona-e-obesidade#primaryimage"},"thumbnailUrl":"https:\/\/redenoticiaz.com.br\/litoralsp\/wp-content\/uploads\/sites\/3\/2023\/01\/9d49e13c8d43776f065cfd20e1c45665low.jpeg?v=1673914762","datePublished":"2023-01-21T12:00:02+00:00","description":"crescimento da obesidade. No entanto, existem outros fatores como a aus\u00eancia de exerc\u00edcios e tamb\u00e9m a rela\u00e7\u00e3o entre obesidade e testosterona.","inLanguage":"pt-BR","potentialAction":[{"@type":"ReadAction","target":["https:\/\/redenoticiaz.com.br\/litoralsp\/2023\/01\/21\/entenda-a-relacao-entre-testosterona-e-obesidade"]}]},{"@type":"ImageObject","inLanguage":"pt-BR","@id":"https:\/\/redenoticiaz.com.br\/litoralsp\/2023\/01\/21\/entenda-a-relacao-entre-testosterona-e-obesidade#primaryimage","url":"https:\/\/redenoticiaz.com.br\/litoralsp\/wp-content\/uploads\/sites\/3\/2023\/01\/9d49e13c8d43776f065cfd20e1c45665low.jpeg?v=1673914762","contentUrl":"https:\/\/redenoticiaz.com.br\/litoralsp\/wp-content\/uploads\/sites\/3\/2023\/01\/9d49e13c8d43776f065cfd20e1c45665low.jpeg?v=1673914762","width":724,"height":483,"caption":"Cr\u00e9ditos: Divulga\u00e7\u00e3o"},{"@type":"WebSite","@id":"https:\/\/redenoticiaz.com.br\/litoralsp\/#website","url":"https:\/\/redenoticiaz.com.br\/litoralsp\/","name":"Litoral SP","description":"Rede NoticiaZ","publisher":{"@id":"https:\/\/redenoticiaz.com.br\/litoralsp\/#organization"},"potentialAction":[{"@type":"SearchAction","target":{"@type":"EntryPoint","urlTemplate":"https:\/\/redenoticiaz.com.br\/litoralsp\/?s={search_term_string}"},"query-input":{"@type":"PropertyValueSpecification","valueRequired":true,"valueName":"search_term_string"}}],"inLanguage":"pt-BR"},{"@type":"Organization","@id":"https:\/\/redenoticiaz.com.br\/litoralsp\/#organization","name":"Litoral SP","url":"https:\/\/redenoticiaz.com.br\/litoralsp\/","logo":{"@type":"ImageObject","inLanguage":"pt-BR","@id":"https:\/\/redenoticiaz.com.br\/litoralsp\/#\/schema\/logo\/image\/","url":"https:\/\/redenoticiaz.com.br\/litoralsp\/wp-content\/uploads\/sites\/3\/2020\/11\/logo.jpg","contentUrl":"https:\/\/redenoticiaz.com.br\/litoralsp\/wp-content\/uploads\/sites\/3\/2020\/11\/logo.jpg","width":400,"height":250,"caption":"Litoral SP"},"image":{"@id":"https:\/\/redenoticiaz.com.br\/litoralsp\/#\/schema\/logo\/image\/"}},{"@type":"Person","@id":"https:\/\/redenoticiaz.com.br\/litoralsp\/#\/schema\/person\/0f0b8a5bdafefe82841e07ae8d81ecb3","name":"Leonardo Francisco","image":{"@type":"ImageObject","inLanguage":"pt-BR","@id":"https:\/\/secure.gravatar.com\/avatar\/a7358cb406a99b682ec6df1e77e31ae82e63601f6784e8a3df411d72b37864da?s=96&d=mm&r=g","url":"https:\/\/secure.gravatar.com\/avatar\/a7358cb406a99b682ec6df1e77e31ae82e63601f6784e8a3df411d72b37864da?s=96&d=mm&r=g","contentUrl":"https:\/\/secure.gravatar.com\/avatar\/a7358cb406a99b682ec6df1e77e31ae82e63601f6784e8a3df411d72b37864da?s=96&d=mm&r=g","caption":"Leonardo Francisco"},"url":"https:\/\/redenoticiaz.com.br\/litoralsp\/author\/leonardo-francisco"}]}},"_links":{"self":[{"href":"https:\/\/redenoticiaz.com.br\/litoralsp\/wp-json\/wp\/v2\/posts\/99007","targetHints":{"allow":["GET"]}}],"collection":[{"href":"https:\/\/redenoticiaz.com.br\/litoralsp\/wp-json\/wp\/v2\/posts"}],"about":[{"href":"https:\/\/redenoticiaz.com.br\/litoralsp\/wp-json\/wp\/v2\/types\/post"}],"author":[{"embeddable":true,"href":"https:\/\/redenoticiaz.com.br\/litoralsp\/wp-json\/wp\/v2\/users\/6"}],"replies":[{"embeddable":true,"href":"https:\/\/redenoticiaz.com.br\/litoralsp\/wp-json\/wp\/v2\/comments?post=99007"}],"version-history":[{"count":1,"href":"https:\/\/redenoticiaz.com.br\/litoralsp\/wp-json\/wp\/v2\/posts\/99007\/revisions"}],"predecessor-version":[{"id":99015,"href":"https:\/\/redenoticiaz.com.br\/litoralsp\/wp-json\/wp\/v2\/posts\/99007\/revisions\/99015"}],"wp:featuredmedia":[{"embeddable":true,"href":"https:\/\/redenoticiaz.com.br\/litoralsp\/wp-json\/wp\/v2\/media\/99008"}],"wp:attachment":[{"href":"https:\/\/redenoticiaz.com.br\/litoralsp\/wp-json\/wp\/v2\/media?parent=99007"}],"wp:term":[{"taxonomy":"category","embeddable":true,"href":"https:\/\/redenoticiaz.com.br\/litoralsp\/wp-json\/wp\/v2\/categories?post=99007"},{"taxonomy":"post_tag","embeddable":true,"href":"https:\/\/redenoticiaz.com.br\/litoralsp\/wp-json\/wp\/v2\/tags?post=99007"}],"curies":[{"name":"wp","href":"https:\/\/api.w.org\/{rel}","templated":true}]}}