{"id":99011,"date":"2023-01-21T10:00:26","date_gmt":"2023-01-21T13:00:26","guid":{"rendered":"https:\/\/redenoticiaz.com.br\/litoralsp\/?p=99011"},"modified":"2023-01-16T21:35:54","modified_gmt":"2023-01-17T00:35:54","slug":"taxacao-de-super-ricos-tiraria-2-bilhoes-de-pessoas-da-pobreza","status":"publish","type":"post","link":"https:\/\/redenoticiaz.com.br\/litoralsp\/2023\/01\/21\/taxacao-de-super-ricos-tiraria-2-bilhoes-de-pessoas-da-pobreza","title":{"rendered":"Taxa\u00e7\u00e3o de super-ricos tiraria 2 bilh\u00f5es de pessoas da pobreza"},"content":{"rendered":"<p>Nos \u00faltimos dois anos, o 1% mais rico do mundo acumulou quase duas vezes a riqueza obtida pelo restante do planeta. O dado consta no relat\u00f3rio anual da organiza\u00e7\u00e3o n\u00e3o governamental Oxfam sobre desigualdade, tradicionalmente lan\u00e7ado por ocasi\u00e3o do F\u00f3rum Econ\u00f4mico Mundial, em Davos, na Su\u00ed\u00e7a. Esta edi\u00e7\u00e3o prop\u00f5e aumento na taxa\u00e7\u00e3o de super-ricos como forma de arrecadar recursos que seriam suficientes para tirar 2 bilh\u00f5es de pessoas da pobreza.<img decoding=\"async\" src=\"https:\/\/agenciabrasil.ebc.com.br\/ebc.png?id=1504603&amp;o=node\" \/><img decoding=\"async\" src=\"https:\/\/agenciabrasil.ebc.com.br\/ebc.gif?id=1504603&amp;o=node\" \/><\/p>\n<p>\u201cNeste ano, especificamente, um dos destaques deste relat\u00f3rio \u00e9 a gente ter pela primeira vez em 25 anos, ao mesmo tempo, um grande aumento da extrema riqueza e da extrema pobreza\u201d, aponta Jefferson Nascimento,\u00a0 Coordenador de Justi\u00e7a Social e Econ\u00f4mica da Oxfam Brasil. A organiza\u00e7\u00e3o defende, portanto, \u201cum amplo e sist\u00eamico aumento na tributa\u00e7\u00e3o dos super-ricos para recuperar parte dos ganhos obtidos por meio de lucros excessivos durante a crise iniciada em 2020, por conta da pandemia\u201d.<\/p>\n<p>A proposta \u00e9 de um imposto anual de at\u00e9 5% sobre a riqueza dos super-ricos. Segundo a Oxfam, esse percentual poderia arrecadar US$ 1,7 trilh\u00e3o por ano. Entre as medidas poss\u00edveis de serem implementadas com esses recursos seriam: financiar apelos humanit\u00e1rios, desenvolvimento de um plano para acabar com a fome no planeta em 10 anos; apoiar pa\u00edses mais pobres que s\u00e3o devastados por eventos clim\u00e1ticos; e garantir sa\u00fade p\u00fablica global e prote\u00e7\u00e3o social.<\/p>\n<p>Nascimento destaca que o tema da tributa\u00e7\u00e3o ganhou for\u00e7a com o avan\u00e7o das desigualdades, especialmente no contexto da pandemia de covid-19. \u201cA gente tem visto diversos pa\u00edses, inclusive com troca de governo por conta do debate sobre a reforma tribut\u00e1ria, como o caso da Col\u00f4mbia, o tema sendo pautado tamb\u00e9m no Chile, o pr\u00f3prio governo [Joe] Biden falando da necessidade de ter taxa\u00e7\u00e3o de mais ricos. \u00c9 um debate que est\u00e1 espraiando pelo mundo\u201d, avaliou.<\/p>\n<p>Os impactos clim\u00e1ticos como express\u00e3o da desigualdade global tamb\u00e9m \u00e9 um ponto de destaque do relat\u00f3rio. De acordo com o documento, \u201cum bilion\u00e1rio emite 1 milh\u00e3o de vezes mais carbono do que uma pessoa m\u00e9dia e tem duas vezes mais probabilidades do que o investidor m\u00e9dio de investir em ind\u00fastrias poluidoras, como as de combust\u00edveis f\u00f3sseis\u201d.<\/p>\n<p><em>*Com informa\u00e7\u00f5es da Ag\u00eancia Brasil<\/em><\/p>\n<p><strong>Leia mais<\/strong><\/p>\n<p><a href=\"https:\/\/redenoticiaz.com.br\/blog\/2021\/04\/22\/brasil-pode-ter-mais-de-60-milhoes-na-pobreza\">Brasil pode ter mais de 60 milh\u00f5es na pobreza<\/a><\/p>\n","protected":false},"excerpt":{"rendered":"<p>Nos \u00faltimos dois anos, o 1% mais rico do mundo acumulou quase duas vezes a riqueza obtida pelo restante do planeta. O dado consta no relat\u00f3rio anual da organiza\u00e7\u00e3o n\u00e3o governamental Oxfam sobre desigualdade, tradicionalmente lan\u00e7ado por ocasi\u00e3o do F\u00f3rum Econ\u00f4mico Mundial, em Davos, na Su\u00ed\u00e7a. Esta edi\u00e7\u00e3o prop\u00f5e aumento na taxa\u00e7\u00e3o de super-ricos como &hellip;<\/p>\n","protected":false},"author":12,"featured_media":99012,"comment_status":"open","ping_status":"closed","sticky":false,"template":"","format":"standard","meta":{"footnotes":""},"categories":[97],"tags":[62624,19930,62625,62626],"class_list":["post-99011","post","type-post","status-publish","format-standard","has-post-thumbnail","hentry","category-economia","tag-2-bilhoes-de-pessoas","tag-pobreza","tag-taxa-ricos","tag-taxacao-de-ricos"],"yoast_head":"<!-- This site is optimized with the Yoast SEO plugin v27.5 - https:\/\/yoast.com\/product\/yoast-seo-wordpress\/ -->\n<title>Taxa\u00e7\u00e3o de super-ricos tiraria 2 bilh\u00f5es de pessoas da pobreza - Litoral SP<\/title>\n<meta name=\"description\" content=\"Nos \u00faltimos dois anos, o 1% mais rico do mundo acumulou quase duas vezes a riqueza obtida pelo restante do planeta.\" \/>\n<meta name=\"robots\" content=\"index, follow, max-snippet:-1, max-image-preview:large, max-video-preview:-1\" \/>\n<link rel=\"canonical\" href=\"https:\/\/redenoticiaz.com.br\/litoralsp\/2023\/01\/21\/taxacao-de-super-ricos-tiraria-2-bilhoes-de-pessoas-da-pobreza\" \/>\n<meta property=\"og:locale\" content=\"pt_BR\" \/>\n<meta property=\"og:type\" content=\"article\" \/>\n<meta property=\"og:title\" content=\"Taxa\u00e7\u00e3o de super-ricos tiraria 2 bilh\u00f5es de pessoas da pobreza - Litoral SP\" \/>\n<meta property=\"og:description\" content=\"Nos \u00faltimos dois anos, o 1% mais rico do mundo acumulou quase duas vezes a riqueza obtida pelo restante do planeta.\" \/>\n<meta property=\"og:url\" content=\"https:\/\/redenoticiaz.com.br\/litoralsp\/2023\/01\/21\/taxacao-de-super-ricos-tiraria-2-bilhoes-de-pessoas-da-pobreza\" \/>\n<meta property=\"og:site_name\" content=\"Litoral SP\" \/>\n<meta property=\"article:published_time\" content=\"2023-01-21T13:00:26+00:00\" \/>\n<meta property=\"og:image\" content=\"https:\/\/redenoticiaz.com.br\/litoralsp\/wp-content\/uploads\/sites\/3\/2023\/01\/pobreza.jpg?v=1673915668\" \/>\n\t<meta property=\"og:image:width\" content=\"1170\" \/>\n\t<meta property=\"og:image:height\" content=\"700\" \/>\n\t<meta property=\"og:image:type\" content=\"image\/jpeg\" \/>\n<meta name=\"author\" content=\"Gustavo Silva\" \/>\n<meta name=\"twitter:card\" content=\"summary_large_image\" \/>\n<meta name=\"twitter:label1\" content=\"Escrito por\" \/>\n\t<meta name=\"twitter:data1\" content=\"Gustavo Silva\" \/>\n\t<meta name=\"twitter:label2\" content=\"Est. tempo de leitura\" \/>\n\t<meta name=\"twitter:data2\" content=\"3 minutos\" \/>\n<script type=\"application\/ld+json\" class=\"yoast-schema-graph\">{\"@context\":\"https:\\\/\\\/schema.org\",\"@graph\":[{\"@type\":\"Article\",\"@id\":\"https:\\\/\\\/redenoticiaz.com.br\\\/litoralsp\\\/2023\\\/01\\\/21\\\/taxacao-de-super-ricos-tiraria-2-bilhoes-de-pessoas-da-pobreza#article\",\"isPartOf\":{\"@id\":\"https:\\\/\\\/redenoticiaz.com.br\\\/litoralsp\\\/2023\\\/01\\\/21\\\/taxacao-de-super-ricos-tiraria-2-bilhoes-de-pessoas-da-pobreza\"},\"author\":{\"name\":\"Gustavo Silva\",\"@id\":\"https:\\\/\\\/redenoticiaz.com.br\\\/litoralsp\\\/#\\\/schema\\\/person\\\/16057b37a3c0ee6b096d7f887c566e2e\"},\"headline\":\"Taxa\u00e7\u00e3o de super-ricos tiraria 2 bilh\u00f5es de pessoas da pobreza\",\"datePublished\":\"2023-01-21T13:00:26+00:00\",\"mainEntityOfPage\":{\"@id\":\"https:\\\/\\\/redenoticiaz.com.br\\\/litoralsp\\\/2023\\\/01\\\/21\\\/taxacao-de-super-ricos-tiraria-2-bilhoes-de-pessoas-da-pobreza\"},\"wordCount\":415,\"commentCount\":0,\"publisher\":{\"@id\":\"https:\\\/\\\/redenoticiaz.com.br\\\/litoralsp\\\/#organization\"},\"image\":{\"@id\":\"https:\\\/\\\/redenoticiaz.com.br\\\/litoralsp\\\/2023\\\/01\\\/21\\\/taxacao-de-super-ricos-tiraria-2-bilhoes-de-pessoas-da-pobreza#primaryimage\"},\"thumbnailUrl\":\"https:\\\/\\\/redenoticiaz.com.br\\\/litoralsp\\\/wp-content\\\/uploads\\\/sites\\\/3\\\/2023\\\/01\\\/pobreza.jpg?v=1673915668\",\"keywords\":[\"2 bilh\u00f5es de pessoas\",\"POBREZA\",\"taxa ricos\",\"taxa\u00e7\u00e3o de ricos\"],\"articleSection\":[\"Economia\"],\"inLanguage\":\"pt-BR\",\"potentialAction\":[{\"@type\":\"CommentAction\",\"name\":\"Comment\",\"target\":[\"https:\\\/\\\/redenoticiaz.com.br\\\/litoralsp\\\/2023\\\/01\\\/21\\\/taxacao-de-super-ricos-tiraria-2-bilhoes-de-pessoas-da-pobreza#respond\"]}]},{\"@type\":\"WebPage\",\"@id\":\"https:\\\/\\\/redenoticiaz.com.br\\\/litoralsp\\\/2023\\\/01\\\/21\\\/taxacao-de-super-ricos-tiraria-2-bilhoes-de-pessoas-da-pobreza\",\"url\":\"https:\\\/\\\/redenoticiaz.com.br\\\/litoralsp\\\/2023\\\/01\\\/21\\\/taxacao-de-super-ricos-tiraria-2-bilhoes-de-pessoas-da-pobreza\",\"name\":\"Taxa\u00e7\u00e3o de super-ricos tiraria 2 bilh\u00f5es de pessoas da pobreza - Litoral SP\",\"isPartOf\":{\"@id\":\"https:\\\/\\\/redenoticiaz.com.br\\\/litoralsp\\\/#website\"},\"primaryImageOfPage\":{\"@id\":\"https:\\\/\\\/redenoticiaz.com.br\\\/litoralsp\\\/2023\\\/01\\\/21\\\/taxacao-de-super-ricos-tiraria-2-bilhoes-de-pessoas-da-pobreza#primaryimage\"},\"image\":{\"@id\":\"https:\\\/\\\/redenoticiaz.com.br\\\/litoralsp\\\/2023\\\/01\\\/21\\\/taxacao-de-super-ricos-tiraria-2-bilhoes-de-pessoas-da-pobreza#primaryimage\"},\"thumbnailUrl\":\"https:\\\/\\\/redenoticiaz.com.br\\\/litoralsp\\\/wp-content\\\/uploads\\\/sites\\\/3\\\/2023\\\/01\\\/pobreza.jpg?v=1673915668\",\"datePublished\":\"2023-01-21T13:00:26+00:00\",\"description\":\"Nos \u00faltimos dois anos, o 1% mais rico do mundo acumulou quase duas vezes a riqueza obtida pelo restante do planeta.\",\"inLanguage\":\"pt-BR\",\"potentialAction\":[{\"@type\":\"ReadAction\",\"target\":[\"https:\\\/\\\/redenoticiaz.com.br\\\/litoralsp\\\/2023\\\/01\\\/21\\\/taxacao-de-super-ricos-tiraria-2-bilhoes-de-pessoas-da-pobreza\"]}]},{\"@type\":\"ImageObject\",\"inLanguage\":\"pt-BR\",\"@id\":\"https:\\\/\\\/redenoticiaz.com.br\\\/litoralsp\\\/2023\\\/01\\\/21\\\/taxacao-de-super-ricos-tiraria-2-bilhoes-de-pessoas-da-pobreza#primaryimage\",\"url\":\"https:\\\/\\\/redenoticiaz.com.br\\\/litoralsp\\\/wp-content\\\/uploads\\\/sites\\\/3\\\/2023\\\/01\\\/pobreza.jpg?v=1673915668\",\"contentUrl\":\"https:\\\/\\\/redenoticiaz.com.br\\\/litoralsp\\\/wp-content\\\/uploads\\\/sites\\\/3\\\/2023\\\/01\\\/pobreza.jpg?v=1673915668\",\"width\":1170,\"height\":700,\"caption\":\"Taxa\u00e7\u00e3o de super-ricos tiraria 2 bilh\u00f5es de pessoas da pobreza\"},{\"@type\":\"WebSite\",\"@id\":\"https:\\\/\\\/redenoticiaz.com.br\\\/litoralsp\\\/#website\",\"url\":\"https:\\\/\\\/redenoticiaz.com.br\\\/litoralsp\\\/\",\"name\":\"Litoral SP\",\"description\":\"Rede NoticiaZ\",\"publisher\":{\"@id\":\"https:\\\/\\\/redenoticiaz.com.br\\\/litoralsp\\\/#organization\"},\"potentialAction\":[{\"@type\":\"SearchAction\",\"target\":{\"@type\":\"EntryPoint\",\"urlTemplate\":\"https:\\\/\\\/redenoticiaz.com.br\\\/litoralsp\\\/?s={search_term_string}\"},\"query-input\":{\"@type\":\"PropertyValueSpecification\",\"valueRequired\":true,\"valueName\":\"search_term_string\"}}],\"inLanguage\":\"pt-BR\"},{\"@type\":\"Organization\",\"@id\":\"https:\\\/\\\/redenoticiaz.com.br\\\/litoralsp\\\/#organization\",\"name\":\"Litoral SP\",\"url\":\"https:\\\/\\\/redenoticiaz.com.br\\\/litoralsp\\\/\",\"logo\":{\"@type\":\"ImageObject\",\"inLanguage\":\"pt-BR\",\"@id\":\"https:\\\/\\\/redenoticiaz.com.br\\\/litoralsp\\\/#\\\/schema\\\/logo\\\/image\\\/\",\"url\":\"https:\\\/\\\/redenoticiaz.com.br\\\/litoralsp\\\/wp-content\\\/uploads\\\/sites\\\/3\\\/2020\\\/11\\\/logo.jpg\",\"contentUrl\":\"https:\\\/\\\/redenoticiaz.com.br\\\/litoralsp\\\/wp-content\\\/uploads\\\/sites\\\/3\\\/2020\\\/11\\\/logo.jpg\",\"width\":400,\"height\":250,\"caption\":\"Litoral SP\"},\"image\":{\"@id\":\"https:\\\/\\\/redenoticiaz.com.br\\\/litoralsp\\\/#\\\/schema\\\/logo\\\/image\\\/\"}},{\"@type\":\"Person\",\"@id\":\"https:\\\/\\\/redenoticiaz.com.br\\\/litoralsp\\\/#\\\/schema\\\/person\\\/16057b37a3c0ee6b096d7f887c566e2e\",\"name\":\"Gustavo Silva\",\"image\":{\"@type\":\"ImageObject\",\"inLanguage\":\"pt-BR\",\"@id\":\"https:\\\/\\\/secure.gravatar.com\\\/avatar\\\/3ee4e82f93b26de0a7cf4ea5eb7893da637ed6bb0c9170c58065944c56e28a33?s=96&d=mm&r=g\",\"url\":\"https:\\\/\\\/secure.gravatar.com\\\/avatar\\\/3ee4e82f93b26de0a7cf4ea5eb7893da637ed6bb0c9170c58065944c56e28a33?s=96&d=mm&r=g\",\"contentUrl\":\"https:\\\/\\\/secure.gravatar.com\\\/avatar\\\/3ee4e82f93b26de0a7cf4ea5eb7893da637ed6bb0c9170c58065944c56e28a33?s=96&d=mm&r=g\",\"caption\":\"Gustavo Silva\"},\"url\":\"https:\\\/\\\/redenoticiaz.com.br\\\/litoralsp\\\/author\\\/gustavosilva\"}]}<\/script>\n<!-- \/ Yoast SEO plugin. -->","yoast_head_json":{"title":"Taxa\u00e7\u00e3o de super-ricos tiraria 2 bilh\u00f5es de pessoas da pobreza - Litoral SP","description":"Nos \u00faltimos dois anos, o 1% mais rico do mundo acumulou quase duas vezes a riqueza obtida pelo restante do planeta.","robots":{"index":"index","follow":"follow","max-snippet":"max-snippet:-1","max-image-preview":"max-image-preview:large","max-video-preview":"max-video-preview:-1"},"canonical":"https:\/\/redenoticiaz.com.br\/litoralsp\/2023\/01\/21\/taxacao-de-super-ricos-tiraria-2-bilhoes-de-pessoas-da-pobreza","og_locale":"pt_BR","og_type":"article","og_title":"Taxa\u00e7\u00e3o de super-ricos tiraria 2 bilh\u00f5es de pessoas da pobreza - Litoral SP","og_description":"Nos \u00faltimos dois anos, o 1% mais rico do mundo acumulou quase duas vezes a riqueza obtida pelo restante do planeta.","og_url":"https:\/\/redenoticiaz.com.br\/litoralsp\/2023\/01\/21\/taxacao-de-super-ricos-tiraria-2-bilhoes-de-pessoas-da-pobreza","og_site_name":"Litoral SP","article_published_time":"2023-01-21T13:00:26+00:00","og_image":[{"width":1170,"height":700,"url":"https:\/\/redenoticiaz.com.br\/litoralsp\/wp-content\/uploads\/sites\/3\/2023\/01\/pobreza.jpg?v=1673915668","type":"image\/jpeg"}],"author":"Gustavo Silva","twitter_card":"summary_large_image","twitter_misc":{"Escrito por":"Gustavo Silva","Est. tempo de leitura":"3 minutos"},"schema":{"@context":"https:\/\/schema.org","@graph":[{"@type":"Article","@id":"https:\/\/redenoticiaz.com.br\/litoralsp\/2023\/01\/21\/taxacao-de-super-ricos-tiraria-2-bilhoes-de-pessoas-da-pobreza#article","isPartOf":{"@id":"https:\/\/redenoticiaz.com.br\/litoralsp\/2023\/01\/21\/taxacao-de-super-ricos-tiraria-2-bilhoes-de-pessoas-da-pobreza"},"author":{"name":"Gustavo Silva","@id":"https:\/\/redenoticiaz.com.br\/litoralsp\/#\/schema\/person\/16057b37a3c0ee6b096d7f887c566e2e"},"headline":"Taxa\u00e7\u00e3o de super-ricos tiraria 2 bilh\u00f5es de pessoas da pobreza","datePublished":"2023-01-21T13:00:26+00:00","mainEntityOfPage":{"@id":"https:\/\/redenoticiaz.com.br\/litoralsp\/2023\/01\/21\/taxacao-de-super-ricos-tiraria-2-bilhoes-de-pessoas-da-pobreza"},"wordCount":415,"commentCount":0,"publisher":{"@id":"https:\/\/redenoticiaz.com.br\/litoralsp\/#organization"},"image":{"@id":"https:\/\/redenoticiaz.com.br\/litoralsp\/2023\/01\/21\/taxacao-de-super-ricos-tiraria-2-bilhoes-de-pessoas-da-pobreza#primaryimage"},"thumbnailUrl":"https:\/\/redenoticiaz.com.br\/litoralsp\/wp-content\/uploads\/sites\/3\/2023\/01\/pobreza.jpg?v=1673915668","keywords":["2 bilh\u00f5es de pessoas","POBREZA","taxa ricos","taxa\u00e7\u00e3o de ricos"],"articleSection":["Economia"],"inLanguage":"pt-BR","potentialAction":[{"@type":"CommentAction","name":"Comment","target":["https:\/\/redenoticiaz.com.br\/litoralsp\/2023\/01\/21\/taxacao-de-super-ricos-tiraria-2-bilhoes-de-pessoas-da-pobreza#respond"]}]},{"@type":"WebPage","@id":"https:\/\/redenoticiaz.com.br\/litoralsp\/2023\/01\/21\/taxacao-de-super-ricos-tiraria-2-bilhoes-de-pessoas-da-pobreza","url":"https:\/\/redenoticiaz.com.br\/litoralsp\/2023\/01\/21\/taxacao-de-super-ricos-tiraria-2-bilhoes-de-pessoas-da-pobreza","name":"Taxa\u00e7\u00e3o de super-ricos tiraria 2 bilh\u00f5es de pessoas da pobreza - Litoral SP","isPartOf":{"@id":"https:\/\/redenoticiaz.com.br\/litoralsp\/#website"},"primaryImageOfPage":{"@id":"https:\/\/redenoticiaz.com.br\/litoralsp\/2023\/01\/21\/taxacao-de-super-ricos-tiraria-2-bilhoes-de-pessoas-da-pobreza#primaryimage"},"image":{"@id":"https:\/\/redenoticiaz.com.br\/litoralsp\/2023\/01\/21\/taxacao-de-super-ricos-tiraria-2-bilhoes-de-pessoas-da-pobreza#primaryimage"},"thumbnailUrl":"https:\/\/redenoticiaz.com.br\/litoralsp\/wp-content\/uploads\/sites\/3\/2023\/01\/pobreza.jpg?v=1673915668","datePublished":"2023-01-21T13:00:26+00:00","description":"Nos \u00faltimos dois anos, o 1% mais rico do mundo acumulou quase duas vezes a riqueza obtida pelo restante do planeta.","inLanguage":"pt-BR","potentialAction":[{"@type":"ReadAction","target":["https:\/\/redenoticiaz.com.br\/litoralsp\/2023\/01\/21\/taxacao-de-super-ricos-tiraria-2-bilhoes-de-pessoas-da-pobreza"]}]},{"@type":"ImageObject","inLanguage":"pt-BR","@id":"https:\/\/redenoticiaz.com.br\/litoralsp\/2023\/01\/21\/taxacao-de-super-ricos-tiraria-2-bilhoes-de-pessoas-da-pobreza#primaryimage","url":"https:\/\/redenoticiaz.com.br\/litoralsp\/wp-content\/uploads\/sites\/3\/2023\/01\/pobreza.jpg?v=1673915668","contentUrl":"https:\/\/redenoticiaz.com.br\/litoralsp\/wp-content\/uploads\/sites\/3\/2023\/01\/pobreza.jpg?v=1673915668","width":1170,"height":700,"caption":"Taxa\u00e7\u00e3o de super-ricos tiraria 2 bilh\u00f5es de pessoas da pobreza"},{"@type":"WebSite","@id":"https:\/\/redenoticiaz.com.br\/litoralsp\/#website","url":"https:\/\/redenoticiaz.com.br\/litoralsp\/","name":"Litoral SP","description":"Rede NoticiaZ","publisher":{"@id":"https:\/\/redenoticiaz.com.br\/litoralsp\/#organization"},"potentialAction":[{"@type":"SearchAction","target":{"@type":"EntryPoint","urlTemplate":"https:\/\/redenoticiaz.com.br\/litoralsp\/?s={search_term_string}"},"query-input":{"@type":"PropertyValueSpecification","valueRequired":true,"valueName":"search_term_string"}}],"inLanguage":"pt-BR"},{"@type":"Organization","@id":"https:\/\/redenoticiaz.com.br\/litoralsp\/#organization","name":"Litoral SP","url":"https:\/\/redenoticiaz.com.br\/litoralsp\/","logo":{"@type":"ImageObject","inLanguage":"pt-BR","@id":"https:\/\/redenoticiaz.com.br\/litoralsp\/#\/schema\/logo\/image\/","url":"https:\/\/redenoticiaz.com.br\/litoralsp\/wp-content\/uploads\/sites\/3\/2020\/11\/logo.jpg","contentUrl":"https:\/\/redenoticiaz.com.br\/litoralsp\/wp-content\/uploads\/sites\/3\/2020\/11\/logo.jpg","width":400,"height":250,"caption":"Litoral SP"},"image":{"@id":"https:\/\/redenoticiaz.com.br\/litoralsp\/#\/schema\/logo\/image\/"}},{"@type":"Person","@id":"https:\/\/redenoticiaz.com.br\/litoralsp\/#\/schema\/person\/16057b37a3c0ee6b096d7f887c566e2e","name":"Gustavo Silva","image":{"@type":"ImageObject","inLanguage":"pt-BR","@id":"https:\/\/secure.gravatar.com\/avatar\/3ee4e82f93b26de0a7cf4ea5eb7893da637ed6bb0c9170c58065944c56e28a33?s=96&d=mm&r=g","url":"https:\/\/secure.gravatar.com\/avatar\/3ee4e82f93b26de0a7cf4ea5eb7893da637ed6bb0c9170c58065944c56e28a33?s=96&d=mm&r=g","contentUrl":"https:\/\/secure.gravatar.com\/avatar\/3ee4e82f93b26de0a7cf4ea5eb7893da637ed6bb0c9170c58065944c56e28a33?s=96&d=mm&r=g","caption":"Gustavo Silva"},"url":"https:\/\/redenoticiaz.com.br\/litoralsp\/author\/gustavosilva"}]}},"_links":{"self":[{"href":"https:\/\/redenoticiaz.com.br\/litoralsp\/wp-json\/wp\/v2\/posts\/99011","targetHints":{"allow":["GET"]}}],"collection":[{"href":"https:\/\/redenoticiaz.com.br\/litoralsp\/wp-json\/wp\/v2\/posts"}],"about":[{"href":"https:\/\/redenoticiaz.com.br\/litoralsp\/wp-json\/wp\/v2\/types\/post"}],"author":[{"embeddable":true,"href":"https:\/\/redenoticiaz.com.br\/litoralsp\/wp-json\/wp\/v2\/users\/12"}],"replies":[{"embeddable":true,"href":"https:\/\/redenoticiaz.com.br\/litoralsp\/wp-json\/wp\/v2\/comments?post=99011"}],"version-history":[{"count":0,"href":"https:\/\/redenoticiaz.com.br\/litoralsp\/wp-json\/wp\/v2\/posts\/99011\/revisions"}],"wp:featuredmedia":[{"embeddable":true,"href":"https:\/\/redenoticiaz.com.br\/litoralsp\/wp-json\/wp\/v2\/media\/99012"}],"wp:attachment":[{"href":"https:\/\/redenoticiaz.com.br\/litoralsp\/wp-json\/wp\/v2\/media?parent=99011"}],"wp:term":[{"taxonomy":"category","embeddable":true,"href":"https:\/\/redenoticiaz.com.br\/litoralsp\/wp-json\/wp\/v2\/categories?post=99011"},{"taxonomy":"post_tag","embeddable":true,"href":"https:\/\/redenoticiaz.com.br\/litoralsp\/wp-json\/wp\/v2\/tags?post=99011"}],"curies":[{"name":"wp","href":"https:\/\/api.w.org\/{rel}","templated":true}]}}