{"id":99013,"date":"2023-01-21T11:00:06","date_gmt":"2023-01-21T14:00:06","guid":{"rendered":"https:\/\/redenoticiaz.com.br\/litoralsp\/?p=99013"},"modified":"2023-01-16T21:38:47","modified_gmt":"2023-01-17T00:38:47","slug":"chuvas-melhoram-nivel-dos-reservatorios-de-sao-paulo-diz-sabesp","status":"publish","type":"post","link":"https:\/\/redenoticiaz.com.br\/litoralsp\/2023\/01\/21\/chuvas-melhoram-nivel-dos-reservatorios-de-sao-paulo-diz-sabesp","title":{"rendered":"Chuvas melhoram n\u00edvel dos reservat\u00f3rios de S\u00e3o Paulo, diz Sabesp"},"content":{"rendered":"<p>As fortes chuvas que t\u00eam atingido o estado de S\u00e3o Paulo desde dezembro do ano passado melhoraram o n\u00edvel dos reservat\u00f3rios. Principalmente do Cantareira, sistema que abastece a regi\u00e3o da Grande S\u00e3o Paulo e que hoje estava operando com 48,5% de sua capacidade.<\/p>\n<p>De acordo com as informa\u00e7\u00f5es, h\u00e1 um m\u00eas, o n\u00edvel do reservat\u00f3rio estava em 38,3%, em n\u00edvel de alerta. Isso \u00e9 o que aponta a situa\u00e7\u00e3o dos mananciais, que \u00e9 publicada diariamente no <em>site<\/em> da Companhia de Saneamento B\u00e1sico do Estado de S\u00e3o Paulo (Sabesp).<\/p>\n<p>Ainda de acordo com as informa\u00e7\u00f5es, apesar de ainda estar distante do n\u00edvel normal, que \u00e9 estabelecido acima dos 60%, hoje o Cantareira opera em n\u00edvel de aten\u00e7\u00e3o, uma situa\u00e7\u00e3o bem melhor do que havia h\u00e1 um m\u00eas. A situa\u00e7\u00e3o tamb\u00e9m \u00e9 bem mais confort\u00e1vel ao que era registrado h\u00e1 um ano, quando o sistema estava operando com 29,6% de sua capacidade.<\/p>\n<p>Sendo assim, desde o dia 1\u00ba de janeiro at\u00e9 hoje (16), o Cantareira ganhou 6,3% de sua capacidade, variando sempre positivamente a cada dia. A capacidade m\u00e1xima do Sistema Cantareira (volume \u00fatil, sem considerar a reserva t\u00e9cnica) \u00e9 982 bilh\u00f5es de litros. Hoje, esse volume \u00fatil estava em 476,3 bilh\u00f5es de litros. Esse \u00e9 o maior volume operado pelo sistema desde janeiro de 2017, quando o Cantareira contava com cerca de 49,6% de sua capacidade.<\/p>\n<p><em>*com informa\u00e7\u00f5es da Ag\u00eanciaBrasil<\/em><\/p>\n<p><strong>Leia mais<\/strong><\/p>\n<p><a href=\"https:\/\/redenoticiaz.com.br\/blog\/2023\/01\/11\/defesa-civil-de-cabreuva-faz-operacao-devido-a-chuvas-de-verao\">Defesa Civil de Cabre\u00fava faz opera\u00e7\u00e3o devido a chuvas de ver\u00e3o<\/a><\/p>\n","protected":false},"excerpt":{"rendered":"<p>As fortes chuvas que t\u00eam atingido o estado de S\u00e3o Paulo desde dezembro do ano passado melhoraram o n\u00edvel dos reservat\u00f3rios. Principalmente do Cantareira, sistema que abastece a regi\u00e3o da Grande S\u00e3o Paulo e que hoje estava operando com 48,5% de sua capacidade. De acordo com as informa\u00e7\u00f5es, h\u00e1 um m\u00eas, o n\u00edvel do reservat\u00f3rio &hellip;<\/p>\n","protected":false},"author":12,"featured_media":99014,"comment_status":"open","ping_status":"closed","sticky":false,"template":"","format":"standard","meta":{"footnotes":""},"categories":[26798],"tags":[1149,62627,62628,7351,65],"class_list":["post-99013","post","type-post","status-publish","format-standard","has-post-thumbnail","hentry","category-climatologia","tag-chuvas","tag-reservatorio","tag-reservatorios","tag-sabesp","tag-sao-paulo"],"yoast_head":"<!-- This site is optimized with the Yoast SEO plugin v27.4 - https:\/\/yoast.com\/product\/yoast-seo-wordpress\/ -->\n<title>Chuvas melhoram n\u00edvel dos reservat\u00f3rios de S\u00e3o Paulo, diz Sabesp - Litoral SP<\/title>\n<meta name=\"description\" content=\"As fortes chuvas que t\u00eam atingido o estado de S\u00e3o Paulo desde dezembro do ano passado melhoraram o n\u00edvel dos reservat\u00f3rios.\" \/>\n<meta name=\"robots\" content=\"index, follow, max-snippet:-1, max-image-preview:large, max-video-preview:-1\" \/>\n<link rel=\"canonical\" href=\"https:\/\/redenoticiaz.com.br\/litoralsp\/2023\/01\/21\/chuvas-melhoram-nivel-dos-reservatorios-de-sao-paulo-diz-sabesp\" \/>\n<meta property=\"og:locale\" content=\"pt_BR\" \/>\n<meta property=\"og:type\" content=\"article\" \/>\n<meta property=\"og:title\" content=\"Chuvas melhoram n\u00edvel dos reservat\u00f3rios de S\u00e3o Paulo, diz Sabesp - Litoral SP\" \/>\n<meta property=\"og:description\" content=\"As fortes chuvas que t\u00eam atingido o estado de S\u00e3o Paulo desde dezembro do ano passado melhoraram o n\u00edvel dos reservat\u00f3rios.\" \/>\n<meta property=\"og:url\" content=\"https:\/\/redenoticiaz.com.br\/litoralsp\/2023\/01\/21\/chuvas-melhoram-nivel-dos-reservatorios-de-sao-paulo-diz-sabesp\" \/>\n<meta property=\"og:site_name\" content=\"Litoral SP\" \/>\n<meta property=\"article:published_time\" content=\"2023-01-21T14:00:06+00:00\" \/>\n<meta property=\"og:image\" content=\"https:\/\/redenoticiaz.com.br\/litoralsp\/wp-content\/uploads\/sites\/3\/2023\/01\/sistema_cantareira.jpg?v=1673915858\" \/>\n\t<meta property=\"og:image:width\" content=\"1170\" \/>\n\t<meta property=\"og:image:height\" content=\"700\" \/>\n\t<meta property=\"og:image:type\" content=\"image\/jpeg\" \/>\n<meta name=\"author\" content=\"Gustavo Silva\" \/>\n<meta name=\"twitter:card\" content=\"summary_large_image\" \/>\n<meta name=\"twitter:label1\" content=\"Escrito por\" \/>\n\t<meta name=\"twitter:data1\" content=\"Gustavo Silva\" \/>\n\t<meta name=\"twitter:label2\" content=\"Est. tempo de leitura\" \/>\n\t<meta name=\"twitter:data2\" content=\"2 minutos\" \/>\n<script type=\"application\/ld+json\" class=\"yoast-schema-graph\">{\"@context\":\"https:\\\/\\\/schema.org\",\"@graph\":[{\"@type\":\"Article\",\"@id\":\"https:\\\/\\\/redenoticiaz.com.br\\\/litoralsp\\\/2023\\\/01\\\/21\\\/chuvas-melhoram-nivel-dos-reservatorios-de-sao-paulo-diz-sabesp#article\",\"isPartOf\":{\"@id\":\"https:\\\/\\\/redenoticiaz.com.br\\\/litoralsp\\\/2023\\\/01\\\/21\\\/chuvas-melhoram-nivel-dos-reservatorios-de-sao-paulo-diz-sabesp\"},\"author\":{\"name\":\"Gustavo Silva\",\"@id\":\"https:\\\/\\\/redenoticiaz.com.br\\\/litoralsp\\\/#\\\/schema\\\/person\\\/16057b37a3c0ee6b096d7f887c566e2e\"},\"headline\":\"Chuvas melhoram n\u00edvel dos reservat\u00f3rios de S\u00e3o Paulo, diz Sabesp\",\"datePublished\":\"2023-01-21T14:00:06+00:00\",\"mainEntityOfPage\":{\"@id\":\"https:\\\/\\\/redenoticiaz.com.br\\\/litoralsp\\\/2023\\\/01\\\/21\\\/chuvas-melhoram-nivel-dos-reservatorios-de-sao-paulo-diz-sabesp\"},\"wordCount\":270,\"commentCount\":0,\"publisher\":{\"@id\":\"https:\\\/\\\/redenoticiaz.com.br\\\/litoralsp\\\/#organization\"},\"image\":{\"@id\":\"https:\\\/\\\/redenoticiaz.com.br\\\/litoralsp\\\/2023\\\/01\\\/21\\\/chuvas-melhoram-nivel-dos-reservatorios-de-sao-paulo-diz-sabesp#primaryimage\"},\"thumbnailUrl\":\"https:\\\/\\\/redenoticiaz.com.br\\\/litoralsp\\\/wp-content\\\/uploads\\\/sites\\\/3\\\/2023\\\/01\\\/sistema_cantareira.jpg?v=1673915858\",\"keywords\":[\"Chuvas\",\"RESERVAT\u00d3RIO\",\"RESERVAT\u00d3RIOS\",\"SABESP\",\"S\u00e3o Paulo\"],\"articleSection\":[\"Climatologia\"],\"inLanguage\":\"pt-BR\",\"potentialAction\":[{\"@type\":\"CommentAction\",\"name\":\"Comment\",\"target\":[\"https:\\\/\\\/redenoticiaz.com.br\\\/litoralsp\\\/2023\\\/01\\\/21\\\/chuvas-melhoram-nivel-dos-reservatorios-de-sao-paulo-diz-sabesp#respond\"]}]},{\"@type\":\"WebPage\",\"@id\":\"https:\\\/\\\/redenoticiaz.com.br\\\/litoralsp\\\/2023\\\/01\\\/21\\\/chuvas-melhoram-nivel-dos-reservatorios-de-sao-paulo-diz-sabesp\",\"url\":\"https:\\\/\\\/redenoticiaz.com.br\\\/litoralsp\\\/2023\\\/01\\\/21\\\/chuvas-melhoram-nivel-dos-reservatorios-de-sao-paulo-diz-sabesp\",\"name\":\"Chuvas melhoram n\u00edvel dos reservat\u00f3rios de S\u00e3o Paulo, diz Sabesp - Litoral SP\",\"isPartOf\":{\"@id\":\"https:\\\/\\\/redenoticiaz.com.br\\\/litoralsp\\\/#website\"},\"primaryImageOfPage\":{\"@id\":\"https:\\\/\\\/redenoticiaz.com.br\\\/litoralsp\\\/2023\\\/01\\\/21\\\/chuvas-melhoram-nivel-dos-reservatorios-de-sao-paulo-diz-sabesp#primaryimage\"},\"image\":{\"@id\":\"https:\\\/\\\/redenoticiaz.com.br\\\/litoralsp\\\/2023\\\/01\\\/21\\\/chuvas-melhoram-nivel-dos-reservatorios-de-sao-paulo-diz-sabesp#primaryimage\"},\"thumbnailUrl\":\"https:\\\/\\\/redenoticiaz.com.br\\\/litoralsp\\\/wp-content\\\/uploads\\\/sites\\\/3\\\/2023\\\/01\\\/sistema_cantareira.jpg?v=1673915858\",\"datePublished\":\"2023-01-21T14:00:06+00:00\",\"description\":\"As fortes chuvas que t\u00eam atingido o estado de S\u00e3o Paulo desde dezembro do ano passado melhoraram o n\u00edvel dos reservat\u00f3rios.\",\"inLanguage\":\"pt-BR\",\"potentialAction\":[{\"@type\":\"ReadAction\",\"target\":[\"https:\\\/\\\/redenoticiaz.com.br\\\/litoralsp\\\/2023\\\/01\\\/21\\\/chuvas-melhoram-nivel-dos-reservatorios-de-sao-paulo-diz-sabesp\"]}]},{\"@type\":\"ImageObject\",\"inLanguage\":\"pt-BR\",\"@id\":\"https:\\\/\\\/redenoticiaz.com.br\\\/litoralsp\\\/2023\\\/01\\\/21\\\/chuvas-melhoram-nivel-dos-reservatorios-de-sao-paulo-diz-sabesp#primaryimage\",\"url\":\"https:\\\/\\\/redenoticiaz.com.br\\\/litoralsp\\\/wp-content\\\/uploads\\\/sites\\\/3\\\/2023\\\/01\\\/sistema_cantareira.jpg?v=1673915858\",\"contentUrl\":\"https:\\\/\\\/redenoticiaz.com.br\\\/litoralsp\\\/wp-content\\\/uploads\\\/sites\\\/3\\\/2023\\\/01\\\/sistema_cantareira.jpg?v=1673915858\",\"width\":1170,\"height\":700,\"caption\":\"O Sistema Cantareira est\u00e1 com o n\u00edvel mais baixo dos \u00faltimos 10 anos.\"},{\"@type\":\"WebSite\",\"@id\":\"https:\\\/\\\/redenoticiaz.com.br\\\/litoralsp\\\/#website\",\"url\":\"https:\\\/\\\/redenoticiaz.com.br\\\/litoralsp\\\/\",\"name\":\"Litoral SP\",\"description\":\"Rede NoticiaZ\",\"publisher\":{\"@id\":\"https:\\\/\\\/redenoticiaz.com.br\\\/litoralsp\\\/#organization\"},\"potentialAction\":[{\"@type\":\"SearchAction\",\"target\":{\"@type\":\"EntryPoint\",\"urlTemplate\":\"https:\\\/\\\/redenoticiaz.com.br\\\/litoralsp\\\/?s={search_term_string}\"},\"query-input\":{\"@type\":\"PropertyValueSpecification\",\"valueRequired\":true,\"valueName\":\"search_term_string\"}}],\"inLanguage\":\"pt-BR\"},{\"@type\":\"Organization\",\"@id\":\"https:\\\/\\\/redenoticiaz.com.br\\\/litoralsp\\\/#organization\",\"name\":\"Litoral SP\",\"url\":\"https:\\\/\\\/redenoticiaz.com.br\\\/litoralsp\\\/\",\"logo\":{\"@type\":\"ImageObject\",\"inLanguage\":\"pt-BR\",\"@id\":\"https:\\\/\\\/redenoticiaz.com.br\\\/litoralsp\\\/#\\\/schema\\\/logo\\\/image\\\/\",\"url\":\"https:\\\/\\\/redenoticiaz.com.br\\\/litoralsp\\\/wp-content\\\/uploads\\\/sites\\\/3\\\/2020\\\/11\\\/logo.jpg\",\"contentUrl\":\"https:\\\/\\\/redenoticiaz.com.br\\\/litoralsp\\\/wp-content\\\/uploads\\\/sites\\\/3\\\/2020\\\/11\\\/logo.jpg\",\"width\":400,\"height\":250,\"caption\":\"Litoral SP\"},\"image\":{\"@id\":\"https:\\\/\\\/redenoticiaz.com.br\\\/litoralsp\\\/#\\\/schema\\\/logo\\\/image\\\/\"}},{\"@type\":\"Person\",\"@id\":\"https:\\\/\\\/redenoticiaz.com.br\\\/litoralsp\\\/#\\\/schema\\\/person\\\/16057b37a3c0ee6b096d7f887c566e2e\",\"name\":\"Gustavo Silva\",\"image\":{\"@type\":\"ImageObject\",\"inLanguage\":\"pt-BR\",\"@id\":\"https:\\\/\\\/secure.gravatar.com\\\/avatar\\\/3ee4e82f93b26de0a7cf4ea5eb7893da637ed6bb0c9170c58065944c56e28a33?s=96&d=mm&r=g\",\"url\":\"https:\\\/\\\/secure.gravatar.com\\\/avatar\\\/3ee4e82f93b26de0a7cf4ea5eb7893da637ed6bb0c9170c58065944c56e28a33?s=96&d=mm&r=g\",\"contentUrl\":\"https:\\\/\\\/secure.gravatar.com\\\/avatar\\\/3ee4e82f93b26de0a7cf4ea5eb7893da637ed6bb0c9170c58065944c56e28a33?s=96&d=mm&r=g\",\"caption\":\"Gustavo Silva\"},\"url\":\"https:\\\/\\\/redenoticiaz.com.br\\\/litoralsp\\\/author\\\/gustavosilva\"}]}<\/script>\n<!-- \/ Yoast SEO plugin. -->","yoast_head_json":{"title":"Chuvas melhoram n\u00edvel dos reservat\u00f3rios de S\u00e3o Paulo, diz Sabesp - Litoral SP","description":"As fortes chuvas que t\u00eam atingido o estado de S\u00e3o Paulo desde dezembro do ano passado melhoraram o n\u00edvel dos reservat\u00f3rios.","robots":{"index":"index","follow":"follow","max-snippet":"max-snippet:-1","max-image-preview":"max-image-preview:large","max-video-preview":"max-video-preview:-1"},"canonical":"https:\/\/redenoticiaz.com.br\/litoralsp\/2023\/01\/21\/chuvas-melhoram-nivel-dos-reservatorios-de-sao-paulo-diz-sabesp","og_locale":"pt_BR","og_type":"article","og_title":"Chuvas melhoram n\u00edvel dos reservat\u00f3rios de S\u00e3o Paulo, diz Sabesp - Litoral SP","og_description":"As fortes chuvas que t\u00eam atingido o estado de S\u00e3o Paulo desde dezembro do ano passado melhoraram o n\u00edvel dos reservat\u00f3rios.","og_url":"https:\/\/redenoticiaz.com.br\/litoralsp\/2023\/01\/21\/chuvas-melhoram-nivel-dos-reservatorios-de-sao-paulo-diz-sabesp","og_site_name":"Litoral SP","article_published_time":"2023-01-21T14:00:06+00:00","og_image":[{"width":1170,"height":700,"url":"https:\/\/redenoticiaz.com.br\/litoralsp\/wp-content\/uploads\/sites\/3\/2023\/01\/sistema_cantareira.jpg?v=1673915858","type":"image\/jpeg"}],"author":"Gustavo Silva","twitter_card":"summary_large_image","twitter_misc":{"Escrito por":"Gustavo Silva","Est. tempo de leitura":"2 minutos"},"schema":{"@context":"https:\/\/schema.org","@graph":[{"@type":"Article","@id":"https:\/\/redenoticiaz.com.br\/litoralsp\/2023\/01\/21\/chuvas-melhoram-nivel-dos-reservatorios-de-sao-paulo-diz-sabesp#article","isPartOf":{"@id":"https:\/\/redenoticiaz.com.br\/litoralsp\/2023\/01\/21\/chuvas-melhoram-nivel-dos-reservatorios-de-sao-paulo-diz-sabesp"},"author":{"name":"Gustavo Silva","@id":"https:\/\/redenoticiaz.com.br\/litoralsp\/#\/schema\/person\/16057b37a3c0ee6b096d7f887c566e2e"},"headline":"Chuvas melhoram n\u00edvel dos reservat\u00f3rios de S\u00e3o Paulo, diz Sabesp","datePublished":"2023-01-21T14:00:06+00:00","mainEntityOfPage":{"@id":"https:\/\/redenoticiaz.com.br\/litoralsp\/2023\/01\/21\/chuvas-melhoram-nivel-dos-reservatorios-de-sao-paulo-diz-sabesp"},"wordCount":270,"commentCount":0,"publisher":{"@id":"https:\/\/redenoticiaz.com.br\/litoralsp\/#organization"},"image":{"@id":"https:\/\/redenoticiaz.com.br\/litoralsp\/2023\/01\/21\/chuvas-melhoram-nivel-dos-reservatorios-de-sao-paulo-diz-sabesp#primaryimage"},"thumbnailUrl":"https:\/\/redenoticiaz.com.br\/litoralsp\/wp-content\/uploads\/sites\/3\/2023\/01\/sistema_cantareira.jpg?v=1673915858","keywords":["Chuvas","RESERVAT\u00d3RIO","RESERVAT\u00d3RIOS","SABESP","S\u00e3o Paulo"],"articleSection":["Climatologia"],"inLanguage":"pt-BR","potentialAction":[{"@type":"CommentAction","name":"Comment","target":["https:\/\/redenoticiaz.com.br\/litoralsp\/2023\/01\/21\/chuvas-melhoram-nivel-dos-reservatorios-de-sao-paulo-diz-sabesp#respond"]}]},{"@type":"WebPage","@id":"https:\/\/redenoticiaz.com.br\/litoralsp\/2023\/01\/21\/chuvas-melhoram-nivel-dos-reservatorios-de-sao-paulo-diz-sabesp","url":"https:\/\/redenoticiaz.com.br\/litoralsp\/2023\/01\/21\/chuvas-melhoram-nivel-dos-reservatorios-de-sao-paulo-diz-sabesp","name":"Chuvas melhoram n\u00edvel dos reservat\u00f3rios de S\u00e3o Paulo, diz Sabesp - Litoral SP","isPartOf":{"@id":"https:\/\/redenoticiaz.com.br\/litoralsp\/#website"},"primaryImageOfPage":{"@id":"https:\/\/redenoticiaz.com.br\/litoralsp\/2023\/01\/21\/chuvas-melhoram-nivel-dos-reservatorios-de-sao-paulo-diz-sabesp#primaryimage"},"image":{"@id":"https:\/\/redenoticiaz.com.br\/litoralsp\/2023\/01\/21\/chuvas-melhoram-nivel-dos-reservatorios-de-sao-paulo-diz-sabesp#primaryimage"},"thumbnailUrl":"https:\/\/redenoticiaz.com.br\/litoralsp\/wp-content\/uploads\/sites\/3\/2023\/01\/sistema_cantareira.jpg?v=1673915858","datePublished":"2023-01-21T14:00:06+00:00","description":"As fortes chuvas que t\u00eam atingido o estado de S\u00e3o Paulo desde dezembro do ano passado melhoraram o n\u00edvel dos reservat\u00f3rios.","inLanguage":"pt-BR","potentialAction":[{"@type":"ReadAction","target":["https:\/\/redenoticiaz.com.br\/litoralsp\/2023\/01\/21\/chuvas-melhoram-nivel-dos-reservatorios-de-sao-paulo-diz-sabesp"]}]},{"@type":"ImageObject","inLanguage":"pt-BR","@id":"https:\/\/redenoticiaz.com.br\/litoralsp\/2023\/01\/21\/chuvas-melhoram-nivel-dos-reservatorios-de-sao-paulo-diz-sabesp#primaryimage","url":"https:\/\/redenoticiaz.com.br\/litoralsp\/wp-content\/uploads\/sites\/3\/2023\/01\/sistema_cantareira.jpg?v=1673915858","contentUrl":"https:\/\/redenoticiaz.com.br\/litoralsp\/wp-content\/uploads\/sites\/3\/2023\/01\/sistema_cantareira.jpg?v=1673915858","width":1170,"height":700,"caption":"O Sistema Cantareira est\u00e1 com o n\u00edvel mais baixo dos \u00faltimos 10 anos."},{"@type":"WebSite","@id":"https:\/\/redenoticiaz.com.br\/litoralsp\/#website","url":"https:\/\/redenoticiaz.com.br\/litoralsp\/","name":"Litoral SP","description":"Rede NoticiaZ","publisher":{"@id":"https:\/\/redenoticiaz.com.br\/litoralsp\/#organization"},"potentialAction":[{"@type":"SearchAction","target":{"@type":"EntryPoint","urlTemplate":"https:\/\/redenoticiaz.com.br\/litoralsp\/?s={search_term_string}"},"query-input":{"@type":"PropertyValueSpecification","valueRequired":true,"valueName":"search_term_string"}}],"inLanguage":"pt-BR"},{"@type":"Organization","@id":"https:\/\/redenoticiaz.com.br\/litoralsp\/#organization","name":"Litoral SP","url":"https:\/\/redenoticiaz.com.br\/litoralsp\/","logo":{"@type":"ImageObject","inLanguage":"pt-BR","@id":"https:\/\/redenoticiaz.com.br\/litoralsp\/#\/schema\/logo\/image\/","url":"https:\/\/redenoticiaz.com.br\/litoralsp\/wp-content\/uploads\/sites\/3\/2020\/11\/logo.jpg","contentUrl":"https:\/\/redenoticiaz.com.br\/litoralsp\/wp-content\/uploads\/sites\/3\/2020\/11\/logo.jpg","width":400,"height":250,"caption":"Litoral SP"},"image":{"@id":"https:\/\/redenoticiaz.com.br\/litoralsp\/#\/schema\/logo\/image\/"}},{"@type":"Person","@id":"https:\/\/redenoticiaz.com.br\/litoralsp\/#\/schema\/person\/16057b37a3c0ee6b096d7f887c566e2e","name":"Gustavo Silva","image":{"@type":"ImageObject","inLanguage":"pt-BR","@id":"https:\/\/secure.gravatar.com\/avatar\/3ee4e82f93b26de0a7cf4ea5eb7893da637ed6bb0c9170c58065944c56e28a33?s=96&d=mm&r=g","url":"https:\/\/secure.gravatar.com\/avatar\/3ee4e82f93b26de0a7cf4ea5eb7893da637ed6bb0c9170c58065944c56e28a33?s=96&d=mm&r=g","contentUrl":"https:\/\/secure.gravatar.com\/avatar\/3ee4e82f93b26de0a7cf4ea5eb7893da637ed6bb0c9170c58065944c56e28a33?s=96&d=mm&r=g","caption":"Gustavo Silva"},"url":"https:\/\/redenoticiaz.com.br\/litoralsp\/author\/gustavosilva"}]}},"_links":{"self":[{"href":"https:\/\/redenoticiaz.com.br\/litoralsp\/wp-json\/wp\/v2\/posts\/99013","targetHints":{"allow":["GET"]}}],"collection":[{"href":"https:\/\/redenoticiaz.com.br\/litoralsp\/wp-json\/wp\/v2\/posts"}],"about":[{"href":"https:\/\/redenoticiaz.com.br\/litoralsp\/wp-json\/wp\/v2\/types\/post"}],"author":[{"embeddable":true,"href":"https:\/\/redenoticiaz.com.br\/litoralsp\/wp-json\/wp\/v2\/users\/12"}],"replies":[{"embeddable":true,"href":"https:\/\/redenoticiaz.com.br\/litoralsp\/wp-json\/wp\/v2\/comments?post=99013"}],"version-history":[{"count":0,"href":"https:\/\/redenoticiaz.com.br\/litoralsp\/wp-json\/wp\/v2\/posts\/99013\/revisions"}],"wp:featuredmedia":[{"embeddable":true,"href":"https:\/\/redenoticiaz.com.br\/litoralsp\/wp-json\/wp\/v2\/media\/99014"}],"wp:attachment":[{"href":"https:\/\/redenoticiaz.com.br\/litoralsp\/wp-json\/wp\/v2\/media?parent=99013"}],"wp:term":[{"taxonomy":"category","embeddable":true,"href":"https:\/\/redenoticiaz.com.br\/litoralsp\/wp-json\/wp\/v2\/categories?post=99013"},{"taxonomy":"post_tag","embeddable":true,"href":"https:\/\/redenoticiaz.com.br\/litoralsp\/wp-json\/wp\/v2\/tags?post=99013"}],"curies":[{"name":"wp","href":"https:\/\/api.w.org\/{rel}","templated":true}]}}