{"id":99226,"date":"2023-01-19T23:50:39","date_gmt":"2023-01-20T02:50:39","guid":{"rendered":"https:\/\/redenoticiaz.com.br\/litoralsp\/2023\/01\/19\/palmeiras-conta-com-golaco-de-raphael-veiga-para-vencer-a-primeira-no-paulistao"},"modified":"2023-01-19T23:50:39","modified_gmt":"2023-01-20T02:50:39","slug":"palmeiras-conta-com-golaco-de-raphael-veiga-para-vencer-a-primeira-no-paulistao","status":"publish","type":"post","link":"https:\/\/redenoticiaz.com.br\/litoralsp\/2023\/01\/19\/palmeiras-conta-com-golaco-de-raphael-veiga-para-vencer-a-primeira-no-paulistao","title":{"rendered":"Palmeiras conta com gola\u00e7o de Raphael Veiga para vencer a primeira no Paulist\u00e3o"},"content":{"rendered":"<p>Nesta quinta-feira (19), o Palmeiras conseguiu a primeira vit\u00f3ria no Campeonato Paulista. Jogando no est\u00e1dio Santa Cruz, em Ribeir\u00e3o Preto, o Verd\u00e3o sofreu contra o Botafogo-SP, viu o Weverton ser her\u00f3i e ainda contou com o protagonismo de Raphael Veiga para <strong>conquistar os tr\u00eas pontos<\/strong>.<\/p>\n<p><span class=\"sc-dvXXZy epvZtk\">O primeiro tempo foi movimentado no est\u00e1dio Santa Cruz. Enquanto o Palmeiras teve mais posse de bola, o Botafogo-SP deu sustos em contra-ataques e jogadas a\u00e9reas. No momento em que tinha mais dificuldades, o Verd\u00e3o fez seu gol, gra\u00e7as \u00e0 bel\u00edssima finaliza\u00e7\u00e3o de fora da \u00e1rea de Raphael Veiga, que acertou o \u00e2ngulo. Na sequ\u00eancia do 1 a 0, o time de Ribeir\u00e3o Preto teve duas chances consecutivas de cabe\u00e7a para tentar empatar, e Weverton fez boas defesas. O goleiro palmeirense foi um dos destaques da etapa inicial. <\/span><\/p>\n<p>J\u00e1 no segundo tempo, <span class=\"sc-dvXXZy epvZtk\">o Botafogo-SP se manteve no ataque depois do intervalo e dando trabalho para a defesa palmeirense. Nem as modifica\u00e7\u00f5es promovidas por Abel Ferreira deram for\u00e7a ofensiva ao Verd\u00e3o, que correu atr\u00e1s dos donos da casa durante a maior parte da segunda etapa. Salatiel, Osman e Robinho criaram oportunidades, mas o Pantera n\u00e3o conseguiu empatar o confronto.<\/span><\/p>\n<h3>Futuro<\/h3>\n<p><span class=\"sc-dvXXZy epvZtk\">O Palmeiras agora soma quatro pontos e divide a lideran\u00e7a do Grupo D com o S\u00e3o Bernardo, mas em desvantagem no saldo de gols. O Botafogo-SP continua com tr\u00eas pontos, mas caiu para a vice-lideran\u00e7a do Grupo A.<\/span><\/p>\n<p><span class=\"sc-dvXXZy epvZtk\">O Palmeiras volta a campo pelo Paulist\u00e3o no pr\u00f3ximo domingo (22). O time de Abel Ferreira recebe o S\u00e3o Paulo, \u00e0s 16h, no Allianz Parque. O Botafogo-SP tamb\u00e9m joga no domingo, mas \u00e0s 20h30, quando recebe o Mirassol em Ribeir\u00e3o Preto. <\/span><\/p>\n<p><strong>LEIA TAMB\u00c9M<\/strong><\/p>\n<p><a href=\"https:\/\/redenoticiaz.com.br\/blog\/2023\/01\/19\/sao-paulo-vence-de-virada-o-botafogo-fora-de-casa-e-com-um-a-menos\">S\u00e3o Paulo vence de virada o Botafogo fora de casa e com um a menos<\/a><\/p>\n","protected":false},"excerpt":{"rendered":"<p>Nesta quinta-feira (19), o Palmeiras conseguiu a primeira vit\u00f3ria no Campeonato Paulista. Jogando no est\u00e1dio Santa Cruz, em Ribeir\u00e3o Preto, o Verd\u00e3o sofreu contra o Botafogo-SP, viu o Weverton ser her\u00f3i e ainda contou com o protagonismo de Raphael Veiga para conquistar os tr\u00eas pontos. O primeiro tempo foi movimentado no est\u00e1dio Santa Cruz. Enquanto &hellip;<\/p>\n","protected":false},"author":6,"featured_media":99227,"comment_status":"open","ping_status":"closed","sticky":false,"template":"","format":"standard","meta":{"footnotes":""},"categories":[35],"tags":[52341,3712,62721,1416,60549,27862,10254],"class_list":["post-99226","post","type-post","status-publish","format-standard","has-post-thumbnail","hentry","category-esporte","tag-botafogo-sp","tag-campeonato-paulista","tag-estadio-santa-cruz","tag-palmeiras","tag-paulistao-2023","tag-raphael-veiga","tag-ribeirao-preto"],"yoast_head":"<!-- This site is optimized with the Yoast SEO plugin v27.5 - https:\/\/yoast.com\/product\/yoast-seo-wordpress\/ -->\n<title>Palmeiras conta com gola\u00e7o de Raphael Veiga para vencer a primeira no Paulist\u00e3o - Litoral SP<\/title>\n<meta name=\"description\" content=\"Ribeir\u00e3o Preto, o Verd\u00e3o sofreu contra o Botafogo-SP, viu o Weverton ser her\u00f3i e ainda contou com o protagonismo de Raphael Veiga para\" \/>\n<meta name=\"robots\" content=\"index, follow, max-snippet:-1, max-image-preview:large, max-video-preview:-1\" \/>\n<link rel=\"canonical\" href=\"https:\/\/redenoticiaz.com.br\/litoralsp\/2023\/01\/19\/palmeiras-conta-com-golaco-de-raphael-veiga-para-vencer-a-primeira-no-paulistao\" \/>\n<meta property=\"og:locale\" content=\"pt_BR\" \/>\n<meta property=\"og:type\" content=\"article\" \/>\n<meta property=\"og:title\" content=\"Palmeiras conta com gola\u00e7o de Raphael Veiga para vencer a primeira no Paulist\u00e3o - Litoral SP\" \/>\n<meta property=\"og:description\" content=\"Ribeir\u00e3o Preto, o Verd\u00e3o sofreu contra o Botafogo-SP, viu o Weverton ser her\u00f3i e ainda contou com o protagonismo de Raphael Veiga para\" \/>\n<meta property=\"og:url\" content=\"https:\/\/redenoticiaz.com.br\/litoralsp\/2023\/01\/19\/palmeiras-conta-com-golaco-de-raphael-veiga-para-vencer-a-primeira-no-paulistao\" \/>\n<meta property=\"og:site_name\" content=\"Litoral SP\" \/>\n<meta property=\"article:published_time\" content=\"2023-01-20T02:50:39+00:00\" \/>\n<meta property=\"og:image\" content=\"https:\/\/redenoticiaz.com.br\/litoralsp\/wp-content\/uploads\/sites\/3\/2023\/02\/WhatsApp-Image-2023-02-23-at-14.24.09.jpeg\" \/>\n\t<meta property=\"og:image:width\" content=\"1280\" \/>\n\t<meta property=\"og:image:height\" content=\"720\" \/>\n\t<meta property=\"og:image:type\" content=\"image\/jpeg\" \/>\n<meta name=\"author\" content=\"Leonardo Francisco\" \/>\n<meta name=\"twitter:card\" content=\"summary_large_image\" \/>\n<meta name=\"twitter:label1\" content=\"Escrito por\" \/>\n\t<meta name=\"twitter:data1\" content=\"Leonardo Francisco\" \/>\n\t<meta name=\"twitter:label2\" content=\"Est. tempo de leitura\" \/>\n\t<meta name=\"twitter:data2\" content=\"2 minutos\" \/>\n<script type=\"application\/ld+json\" class=\"yoast-schema-graph\">{\"@context\":\"https:\\\/\\\/schema.org\",\"@graph\":[{\"@type\":\"Article\",\"@id\":\"https:\\\/\\\/redenoticiaz.com.br\\\/litoralsp\\\/2023\\\/01\\\/19\\\/palmeiras-conta-com-golaco-de-raphael-veiga-para-vencer-a-primeira-no-paulistao#article\",\"isPartOf\":{\"@id\":\"https:\\\/\\\/redenoticiaz.com.br\\\/litoralsp\\\/2023\\\/01\\\/19\\\/palmeiras-conta-com-golaco-de-raphael-veiga-para-vencer-a-primeira-no-paulistao\"},\"author\":{\"name\":\"Leonardo Francisco\",\"@id\":\"https:\\\/\\\/redenoticiaz.com.br\\\/litoralsp\\\/#\\\/schema\\\/person\\\/0f0b8a5bdafefe82841e07ae8d81ecb3\"},\"headline\":\"Palmeiras conta com gola\u00e7o de Raphael Veiga para vencer a primeira no Paulist\u00e3o\",\"datePublished\":\"2023-01-20T02:50:39+00:00\",\"mainEntityOfPage\":{\"@id\":\"https:\\\/\\\/redenoticiaz.com.br\\\/litoralsp\\\/2023\\\/01\\\/19\\\/palmeiras-conta-com-golaco-de-raphael-veiga-para-vencer-a-primeira-no-paulistao\"},\"wordCount\":331,\"commentCount\":0,\"publisher\":{\"@id\":\"https:\\\/\\\/redenoticiaz.com.br\\\/litoralsp\\\/#organization\"},\"image\":{\"@id\":\"https:\\\/\\\/redenoticiaz.com.br\\\/litoralsp\\\/2023\\\/01\\\/19\\\/palmeiras-conta-com-golaco-de-raphael-veiga-para-vencer-a-primeira-no-paulistao#primaryimage\"},\"thumbnailUrl\":\"https:\\\/\\\/redenoticiaz.com.br\\\/litoralsp\\\/wp-content\\\/uploads\\\/sites\\\/3\\\/2023\\\/01\\\/BOTSPXPAL.jpg?v=1674182989\",\"keywords\":[\"Botafogo-SP\",\"CAMPEONATO PAULISTA\",\"EST\u00c1DIO SANTA CRUZ\",\"Palmeiras\",\"paulist\u00e3o 2023\",\"RAPHAEL VEIGA\",\"RIBEIR\u00c3O PRETO\"],\"articleSection\":[\"Esporte\"],\"inLanguage\":\"pt-BR\",\"potentialAction\":[{\"@type\":\"CommentAction\",\"name\":\"Comment\",\"target\":[\"https:\\\/\\\/redenoticiaz.com.br\\\/litoralsp\\\/2023\\\/01\\\/19\\\/palmeiras-conta-com-golaco-de-raphael-veiga-para-vencer-a-primeira-no-paulistao#respond\"]}]},{\"@type\":\"WebPage\",\"@id\":\"https:\\\/\\\/redenoticiaz.com.br\\\/litoralsp\\\/2023\\\/01\\\/19\\\/palmeiras-conta-com-golaco-de-raphael-veiga-para-vencer-a-primeira-no-paulistao\",\"url\":\"https:\\\/\\\/redenoticiaz.com.br\\\/litoralsp\\\/2023\\\/01\\\/19\\\/palmeiras-conta-com-golaco-de-raphael-veiga-para-vencer-a-primeira-no-paulistao\",\"name\":\"Palmeiras conta com gola\u00e7o de Raphael Veiga para vencer a primeira no Paulist\u00e3o - Litoral SP\",\"isPartOf\":{\"@id\":\"https:\\\/\\\/redenoticiaz.com.br\\\/litoralsp\\\/#website\"},\"primaryImageOfPage\":{\"@id\":\"https:\\\/\\\/redenoticiaz.com.br\\\/litoralsp\\\/2023\\\/01\\\/19\\\/palmeiras-conta-com-golaco-de-raphael-veiga-para-vencer-a-primeira-no-paulistao#primaryimage\"},\"image\":{\"@id\":\"https:\\\/\\\/redenoticiaz.com.br\\\/litoralsp\\\/2023\\\/01\\\/19\\\/palmeiras-conta-com-golaco-de-raphael-veiga-para-vencer-a-primeira-no-paulistao#primaryimage\"},\"thumbnailUrl\":\"https:\\\/\\\/redenoticiaz.com.br\\\/litoralsp\\\/wp-content\\\/uploads\\\/sites\\\/3\\\/2023\\\/01\\\/BOTSPXPAL.jpg?v=1674182989\",\"datePublished\":\"2023-01-20T02:50:39+00:00\",\"description\":\"Ribeir\u00e3o Preto, o Verd\u00e3o sofreu contra o Botafogo-SP, viu o Weverton ser her\u00f3i e ainda contou com o protagonismo de Raphael Veiga para\",\"inLanguage\":\"pt-BR\",\"potentialAction\":[{\"@type\":\"ReadAction\",\"target\":[\"https:\\\/\\\/redenoticiaz.com.br\\\/litoralsp\\\/2023\\\/01\\\/19\\\/palmeiras-conta-com-golaco-de-raphael-veiga-para-vencer-a-primeira-no-paulistao\"]}]},{\"@type\":\"ImageObject\",\"inLanguage\":\"pt-BR\",\"@id\":\"https:\\\/\\\/redenoticiaz.com.br\\\/litoralsp\\\/2023\\\/01\\\/19\\\/palmeiras-conta-com-golaco-de-raphael-veiga-para-vencer-a-primeira-no-paulistao#primaryimage\",\"url\":\"https:\\\/\\\/redenoticiaz.com.br\\\/litoralsp\\\/wp-content\\\/uploads\\\/sites\\\/3\\\/2023\\\/01\\\/BOTSPXPAL.jpg?v=1674182989\",\"contentUrl\":\"https:\\\/\\\/redenoticiaz.com.br\\\/litoralsp\\\/wp-content\\\/uploads\\\/sites\\\/3\\\/2023\\\/01\\\/BOTSPXPAL.jpg?v=1674182989\",\"width\":554,\"height\":324,\"caption\":\"Cr\u00e9ditos: Divulga\u00e7\u00e3o\\\/Ag\u00eancia Botafogo\"},{\"@type\":\"WebSite\",\"@id\":\"https:\\\/\\\/redenoticiaz.com.br\\\/litoralsp\\\/#website\",\"url\":\"https:\\\/\\\/redenoticiaz.com.br\\\/litoralsp\\\/\",\"name\":\"Litoral SP\",\"description\":\"Rede NoticiaZ\",\"publisher\":{\"@id\":\"https:\\\/\\\/redenoticiaz.com.br\\\/litoralsp\\\/#organization\"},\"potentialAction\":[{\"@type\":\"SearchAction\",\"target\":{\"@type\":\"EntryPoint\",\"urlTemplate\":\"https:\\\/\\\/redenoticiaz.com.br\\\/litoralsp\\\/?s={search_term_string}\"},\"query-input\":{\"@type\":\"PropertyValueSpecification\",\"valueRequired\":true,\"valueName\":\"search_term_string\"}}],\"inLanguage\":\"pt-BR\"},{\"@type\":\"Organization\",\"@id\":\"https:\\\/\\\/redenoticiaz.com.br\\\/litoralsp\\\/#organization\",\"name\":\"Litoral SP\",\"url\":\"https:\\\/\\\/redenoticiaz.com.br\\\/litoralsp\\\/\",\"logo\":{\"@type\":\"ImageObject\",\"inLanguage\":\"pt-BR\",\"@id\":\"https:\\\/\\\/redenoticiaz.com.br\\\/litoralsp\\\/#\\\/schema\\\/logo\\\/image\\\/\",\"url\":\"https:\\\/\\\/redenoticiaz.com.br\\\/litoralsp\\\/wp-content\\\/uploads\\\/sites\\\/3\\\/2020\\\/11\\\/logo.jpg\",\"contentUrl\":\"https:\\\/\\\/redenoticiaz.com.br\\\/litoralsp\\\/wp-content\\\/uploads\\\/sites\\\/3\\\/2020\\\/11\\\/logo.jpg\",\"width\":400,\"height\":250,\"caption\":\"Litoral SP\"},\"image\":{\"@id\":\"https:\\\/\\\/redenoticiaz.com.br\\\/litoralsp\\\/#\\\/schema\\\/logo\\\/image\\\/\"}},{\"@type\":\"Person\",\"@id\":\"https:\\\/\\\/redenoticiaz.com.br\\\/litoralsp\\\/#\\\/schema\\\/person\\\/0f0b8a5bdafefe82841e07ae8d81ecb3\",\"name\":\"Leonardo Francisco\",\"image\":{\"@type\":\"ImageObject\",\"inLanguage\":\"pt-BR\",\"@id\":\"https:\\\/\\\/secure.gravatar.com\\\/avatar\\\/a7358cb406a99b682ec6df1e77e31ae82e63601f6784e8a3df411d72b37864da?s=96&d=mm&r=g\",\"url\":\"https:\\\/\\\/secure.gravatar.com\\\/avatar\\\/a7358cb406a99b682ec6df1e77e31ae82e63601f6784e8a3df411d72b37864da?s=96&d=mm&r=g\",\"contentUrl\":\"https:\\\/\\\/secure.gravatar.com\\\/avatar\\\/a7358cb406a99b682ec6df1e77e31ae82e63601f6784e8a3df411d72b37864da?s=96&d=mm&r=g\",\"caption\":\"Leonardo Francisco\"},\"url\":\"https:\\\/\\\/redenoticiaz.com.br\\\/litoralsp\\\/author\\\/leonardo-francisco\"}]}<\/script>\n<!-- \/ Yoast SEO plugin. -->","yoast_head_json":{"title":"Palmeiras conta com gola\u00e7o de Raphael Veiga para vencer a primeira no Paulist\u00e3o - Litoral SP","description":"Ribeir\u00e3o Preto, o Verd\u00e3o sofreu contra o Botafogo-SP, viu o Weverton ser her\u00f3i e ainda contou com o protagonismo de Raphael Veiga para","robots":{"index":"index","follow":"follow","max-snippet":"max-snippet:-1","max-image-preview":"max-image-preview:large","max-video-preview":"max-video-preview:-1"},"canonical":"https:\/\/redenoticiaz.com.br\/litoralsp\/2023\/01\/19\/palmeiras-conta-com-golaco-de-raphael-veiga-para-vencer-a-primeira-no-paulistao","og_locale":"pt_BR","og_type":"article","og_title":"Palmeiras conta com gola\u00e7o de Raphael Veiga para vencer a primeira no Paulist\u00e3o - Litoral SP","og_description":"Ribeir\u00e3o Preto, o Verd\u00e3o sofreu contra o Botafogo-SP, viu o Weverton ser her\u00f3i e ainda contou com o protagonismo de Raphael Veiga para","og_url":"https:\/\/redenoticiaz.com.br\/litoralsp\/2023\/01\/19\/palmeiras-conta-com-golaco-de-raphael-veiga-para-vencer-a-primeira-no-paulistao","og_site_name":"Litoral SP","article_published_time":"2023-01-20T02:50:39+00:00","og_image":[{"width":1280,"height":720,"url":"https:\/\/redenoticiaz.com.br\/litoralsp\/wp-content\/uploads\/sites\/3\/2023\/02\/WhatsApp-Image-2023-02-23-at-14.24.09.jpeg","type":"image\/jpeg"}],"author":"Leonardo Francisco","twitter_card":"summary_large_image","twitter_misc":{"Escrito por":"Leonardo Francisco","Est. tempo de leitura":"2 minutos"},"schema":{"@context":"https:\/\/schema.org","@graph":[{"@type":"Article","@id":"https:\/\/redenoticiaz.com.br\/litoralsp\/2023\/01\/19\/palmeiras-conta-com-golaco-de-raphael-veiga-para-vencer-a-primeira-no-paulistao#article","isPartOf":{"@id":"https:\/\/redenoticiaz.com.br\/litoralsp\/2023\/01\/19\/palmeiras-conta-com-golaco-de-raphael-veiga-para-vencer-a-primeira-no-paulistao"},"author":{"name":"Leonardo Francisco","@id":"https:\/\/redenoticiaz.com.br\/litoralsp\/#\/schema\/person\/0f0b8a5bdafefe82841e07ae8d81ecb3"},"headline":"Palmeiras conta com gola\u00e7o de Raphael Veiga para vencer a primeira no Paulist\u00e3o","datePublished":"2023-01-20T02:50:39+00:00","mainEntityOfPage":{"@id":"https:\/\/redenoticiaz.com.br\/litoralsp\/2023\/01\/19\/palmeiras-conta-com-golaco-de-raphael-veiga-para-vencer-a-primeira-no-paulistao"},"wordCount":331,"commentCount":0,"publisher":{"@id":"https:\/\/redenoticiaz.com.br\/litoralsp\/#organization"},"image":{"@id":"https:\/\/redenoticiaz.com.br\/litoralsp\/2023\/01\/19\/palmeiras-conta-com-golaco-de-raphael-veiga-para-vencer-a-primeira-no-paulistao#primaryimage"},"thumbnailUrl":"https:\/\/redenoticiaz.com.br\/litoralsp\/wp-content\/uploads\/sites\/3\/2023\/01\/BOTSPXPAL.jpg?v=1674182989","keywords":["Botafogo-SP","CAMPEONATO PAULISTA","EST\u00c1DIO SANTA CRUZ","Palmeiras","paulist\u00e3o 2023","RAPHAEL VEIGA","RIBEIR\u00c3O PRETO"],"articleSection":["Esporte"],"inLanguage":"pt-BR","potentialAction":[{"@type":"CommentAction","name":"Comment","target":["https:\/\/redenoticiaz.com.br\/litoralsp\/2023\/01\/19\/palmeiras-conta-com-golaco-de-raphael-veiga-para-vencer-a-primeira-no-paulistao#respond"]}]},{"@type":"WebPage","@id":"https:\/\/redenoticiaz.com.br\/litoralsp\/2023\/01\/19\/palmeiras-conta-com-golaco-de-raphael-veiga-para-vencer-a-primeira-no-paulistao","url":"https:\/\/redenoticiaz.com.br\/litoralsp\/2023\/01\/19\/palmeiras-conta-com-golaco-de-raphael-veiga-para-vencer-a-primeira-no-paulistao","name":"Palmeiras conta com gola\u00e7o de Raphael Veiga para vencer a primeira no Paulist\u00e3o - Litoral SP","isPartOf":{"@id":"https:\/\/redenoticiaz.com.br\/litoralsp\/#website"},"primaryImageOfPage":{"@id":"https:\/\/redenoticiaz.com.br\/litoralsp\/2023\/01\/19\/palmeiras-conta-com-golaco-de-raphael-veiga-para-vencer-a-primeira-no-paulistao#primaryimage"},"image":{"@id":"https:\/\/redenoticiaz.com.br\/litoralsp\/2023\/01\/19\/palmeiras-conta-com-golaco-de-raphael-veiga-para-vencer-a-primeira-no-paulistao#primaryimage"},"thumbnailUrl":"https:\/\/redenoticiaz.com.br\/litoralsp\/wp-content\/uploads\/sites\/3\/2023\/01\/BOTSPXPAL.jpg?v=1674182989","datePublished":"2023-01-20T02:50:39+00:00","description":"Ribeir\u00e3o Preto, o Verd\u00e3o sofreu contra o Botafogo-SP, viu o Weverton ser her\u00f3i e ainda contou com o protagonismo de Raphael Veiga para","inLanguage":"pt-BR","potentialAction":[{"@type":"ReadAction","target":["https:\/\/redenoticiaz.com.br\/litoralsp\/2023\/01\/19\/palmeiras-conta-com-golaco-de-raphael-veiga-para-vencer-a-primeira-no-paulistao"]}]},{"@type":"ImageObject","inLanguage":"pt-BR","@id":"https:\/\/redenoticiaz.com.br\/litoralsp\/2023\/01\/19\/palmeiras-conta-com-golaco-de-raphael-veiga-para-vencer-a-primeira-no-paulistao#primaryimage","url":"https:\/\/redenoticiaz.com.br\/litoralsp\/wp-content\/uploads\/sites\/3\/2023\/01\/BOTSPXPAL.jpg?v=1674182989","contentUrl":"https:\/\/redenoticiaz.com.br\/litoralsp\/wp-content\/uploads\/sites\/3\/2023\/01\/BOTSPXPAL.jpg?v=1674182989","width":554,"height":324,"caption":"Cr\u00e9ditos: Divulga\u00e7\u00e3o\/Ag\u00eancia Botafogo"},{"@type":"WebSite","@id":"https:\/\/redenoticiaz.com.br\/litoralsp\/#website","url":"https:\/\/redenoticiaz.com.br\/litoralsp\/","name":"Litoral SP","description":"Rede NoticiaZ","publisher":{"@id":"https:\/\/redenoticiaz.com.br\/litoralsp\/#organization"},"potentialAction":[{"@type":"SearchAction","target":{"@type":"EntryPoint","urlTemplate":"https:\/\/redenoticiaz.com.br\/litoralsp\/?s={search_term_string}"},"query-input":{"@type":"PropertyValueSpecification","valueRequired":true,"valueName":"search_term_string"}}],"inLanguage":"pt-BR"},{"@type":"Organization","@id":"https:\/\/redenoticiaz.com.br\/litoralsp\/#organization","name":"Litoral SP","url":"https:\/\/redenoticiaz.com.br\/litoralsp\/","logo":{"@type":"ImageObject","inLanguage":"pt-BR","@id":"https:\/\/redenoticiaz.com.br\/litoralsp\/#\/schema\/logo\/image\/","url":"https:\/\/redenoticiaz.com.br\/litoralsp\/wp-content\/uploads\/sites\/3\/2020\/11\/logo.jpg","contentUrl":"https:\/\/redenoticiaz.com.br\/litoralsp\/wp-content\/uploads\/sites\/3\/2020\/11\/logo.jpg","width":400,"height":250,"caption":"Litoral SP"},"image":{"@id":"https:\/\/redenoticiaz.com.br\/litoralsp\/#\/schema\/logo\/image\/"}},{"@type":"Person","@id":"https:\/\/redenoticiaz.com.br\/litoralsp\/#\/schema\/person\/0f0b8a5bdafefe82841e07ae8d81ecb3","name":"Leonardo Francisco","image":{"@type":"ImageObject","inLanguage":"pt-BR","@id":"https:\/\/secure.gravatar.com\/avatar\/a7358cb406a99b682ec6df1e77e31ae82e63601f6784e8a3df411d72b37864da?s=96&d=mm&r=g","url":"https:\/\/secure.gravatar.com\/avatar\/a7358cb406a99b682ec6df1e77e31ae82e63601f6784e8a3df411d72b37864da?s=96&d=mm&r=g","contentUrl":"https:\/\/secure.gravatar.com\/avatar\/a7358cb406a99b682ec6df1e77e31ae82e63601f6784e8a3df411d72b37864da?s=96&d=mm&r=g","caption":"Leonardo Francisco"},"url":"https:\/\/redenoticiaz.com.br\/litoralsp\/author\/leonardo-francisco"}]}},"_links":{"self":[{"href":"https:\/\/redenoticiaz.com.br\/litoralsp\/wp-json\/wp\/v2\/posts\/99226","targetHints":{"allow":["GET"]}}],"collection":[{"href":"https:\/\/redenoticiaz.com.br\/litoralsp\/wp-json\/wp\/v2\/posts"}],"about":[{"href":"https:\/\/redenoticiaz.com.br\/litoralsp\/wp-json\/wp\/v2\/types\/post"}],"author":[{"embeddable":true,"href":"https:\/\/redenoticiaz.com.br\/litoralsp\/wp-json\/wp\/v2\/users\/6"}],"replies":[{"embeddable":true,"href":"https:\/\/redenoticiaz.com.br\/litoralsp\/wp-json\/wp\/v2\/comments?post=99226"}],"version-history":[{"count":0,"href":"https:\/\/redenoticiaz.com.br\/litoralsp\/wp-json\/wp\/v2\/posts\/99226\/revisions"}],"wp:featuredmedia":[{"embeddable":true,"href":"https:\/\/redenoticiaz.com.br\/litoralsp\/wp-json\/wp\/v2\/media\/99227"}],"wp:attachment":[{"href":"https:\/\/redenoticiaz.com.br\/litoralsp\/wp-json\/wp\/v2\/media?parent=99226"}],"wp:term":[{"taxonomy":"category","embeddable":true,"href":"https:\/\/redenoticiaz.com.br\/litoralsp\/wp-json\/wp\/v2\/categories?post=99226"},{"taxonomy":"post_tag","embeddable":true,"href":"https:\/\/redenoticiaz.com.br\/litoralsp\/wp-json\/wp\/v2\/tags?post=99226"}],"curies":[{"name":"wp","href":"https:\/\/api.w.org\/{rel}","templated":true}]}}