{"id":99336,"date":"2023-01-22T17:19:10","date_gmt":"2023-01-22T20:19:10","guid":{"rendered":"https:\/\/redenoticiaz.com.br\/litoralsp\/?p=99336"},"modified":"2023-01-22T17:19:10","modified_gmt":"2023-01-22T20:19:10","slug":"corpo-de-homem-e-encontrado-com-corte-profundo-na-cabeca","status":"publish","type":"post","link":"https:\/\/redenoticiaz.com.br\/litoralsp\/2023\/01\/22\/corpo-de-homem-e-encontrado-com-corte-profundo-na-cabeca","title":{"rendered":"Corpo de homem \u00e9 encontrado com corte profundo na cabe\u00e7a"},"content":{"rendered":"<p>O corpo de um homem foi encontrado com um corte profundo na cabe\u00e7a e enrolado em um len\u00e7ol meio da rua em Praia Grande.<\/p>\n<p>A v\u00edtima aparenta ter 40 anos, 1,70 de altura, \u00e9 pardo e calvo e o crime j\u00e1 est\u00e1 sendo investigado pela equipe da DIG da cidade.<\/p>\n<div class=\"wall protected-content\">\n<div id=\"chunk-1ouf4\">\n<div class=\"mc-column content-text active-extra-styles \" data-block-type=\"unstyled\" data-block-weight=\"50\" data-block-id=\"4\">\n<p class=\"content-text__container \" data-track-category=\"Link no Texto\" data-track-links=\"\">Ainda de acordo com as autoridades, a v\u00edtima estava com as suas m\u00e3os amarradas e com muita areia espalhada pelo corpo e pelo rosto.<\/p>\n<p data-track-category=\"Link no Texto\" data-track-links=\"\">Sendo assim, a pol\u00edcia encontrou sacos de areia pr\u00f3ximos ao corpo, o que indica que a v\u00edtima foi morta em um local e transportada para a rua posteriormente.<\/p>\n<\/div>\n<\/div>\n<\/div>\n<p data-track-category=\"Link no Texto\" data-track-links=\"\">No boletim de ocorr\u00eancia registrado pelas autoridades, consta que existem poucas c\u00e2meras de monitoramento pr\u00f3ximas ao local de onde o homem foi encontrado.<\/p>\n<div class=\"wall protected-content\">\n<div id=\"chunk-1ouf4\">\n<div id=\"chunk-3ufkc\">\n<div class=\"mc-column content-text active-extra-styles \" data-block-type=\"unstyled\" data-block-weight=\"24\" data-block-id=\"8\">\n<p class=\"content-text__container \" data-track-category=\"Link no Texto\" data-track-links=\"\">O caso foi registrado como homic\u00eddio no 3\u00b0 Distrito Policial (DP) de Praia Grande e \u00e9 investigado pelo setor de homic\u00eddios da DIG da cidade.<\/p>\n<p data-track-category=\"Link no Texto\" data-track-links=\"\"><strong>Leia mais<\/strong><\/p>\n<p data-track-category=\"Link no Texto\" data-track-links=\"\"><a href=\"https:\/\/redenoticiaz.com.br\/litoralsp\/2023\/01\/20\/dupla-responsavel-por-invadir-redes-sociais-de-secretario-em-praia-grande-e-presa\">Dupla respons\u00e1vel por invadir redes sociais de Secret\u00e1rio em Praia Grande \u00e9 presa<\/a><\/p>\n<\/div>\n<\/div>\n<\/div>\n<\/div>\n","protected":false},"excerpt":{"rendered":"<p>O corpo de um homem foi encontrado com um corte profundo na cabe\u00e7a e enrolado em um len\u00e7ol meio da rua em Praia Grande. A v\u00edtima aparenta ter 40 anos, 1,70 de altura, \u00e9 pardo e calvo e o crime j\u00e1 est\u00e1 sendo investigado pela equipe da DIG da cidade. Ainda de acordo com as &hellip;<\/p>\n","protected":false},"author":12,"featured_media":99337,"comment_status":"open","ping_status":"closed","sticky":false,"template":"","format":"standard","meta":{"footnotes":""},"categories":[182],"tags":[13399,19061,28334,1101],"class_list":["post-99336","post","type-post","status-publish","format-standard","has-post-thumbnail","hentry","category-praia-grande","tag-corpo-encontrado","tag-homem-morto","tag-ocian","tag-praia-grande"],"yoast_head":"<!-- This site is optimized with the Yoast SEO plugin v27.5 - https:\/\/yoast.com\/product\/yoast-seo-wordpress\/ -->\n<title>Corpo de homem \u00e9 encontrado com corte profundo na cabe\u00e7a - Litoral SP<\/title>\n<meta name=\"description\" content=\"O corpo de um homem foi encontrado com um corte profundo na cabe\u00e7a e enrolado em um len\u00e7ol meio da rua em Praia Grande.\" \/>\n<meta name=\"robots\" content=\"index, follow, max-snippet:-1, max-image-preview:large, max-video-preview:-1\" \/>\n<link rel=\"canonical\" href=\"https:\/\/redenoticiaz.com.br\/litoralsp\/2023\/01\/22\/corpo-de-homem-e-encontrado-com-corte-profundo-na-cabeca\" \/>\n<meta property=\"og:locale\" content=\"pt_BR\" \/>\n<meta property=\"og:type\" content=\"article\" \/>\n<meta property=\"og:title\" content=\"Corpo de homem \u00e9 encontrado com corte profundo na cabe\u00e7a - Litoral SP\" \/>\n<meta property=\"og:description\" content=\"O corpo de um homem foi encontrado com um corte profundo na cabe\u00e7a e enrolado em um len\u00e7ol meio da rua em Praia Grande.\" \/>\n<meta property=\"og:url\" content=\"https:\/\/redenoticiaz.com.br\/litoralsp\/2023\/01\/22\/corpo-de-homem-e-encontrado-com-corte-profundo-na-cabeca\" \/>\n<meta property=\"og:site_name\" content=\"Litoral SP\" \/>\n<meta property=\"article:published_time\" content=\"2023-01-22T20:19:10+00:00\" \/>\n<meta property=\"og:image\" content=\"https:\/\/redenoticiaz.com.br\/litoralsp\/wp-content\/uploads\/sites\/3\/2023\/01\/corpo1.jpg\" \/>\n\t<meta property=\"og:image:width\" content=\"984\" \/>\n\t<meta property=\"og:image:height\" content=\"657\" \/>\n\t<meta property=\"og:image:type\" content=\"image\/jpeg\" \/>\n<meta name=\"author\" content=\"Gustavo Silva\" \/>\n<meta name=\"twitter:card\" content=\"summary_large_image\" \/>\n<meta name=\"twitter:label1\" content=\"Escrito por\" \/>\n\t<meta name=\"twitter:data1\" content=\"Gustavo Silva\" \/>\n\t<meta name=\"twitter:label2\" content=\"Est. tempo de leitura\" \/>\n\t<meta name=\"twitter:data2\" content=\"1 minuto\" \/>\n<script type=\"application\/ld+json\" class=\"yoast-schema-graph\">{\"@context\":\"https:\\\/\\\/schema.org\",\"@graph\":[{\"@type\":\"Article\",\"@id\":\"https:\\\/\\\/redenoticiaz.com.br\\\/litoralsp\\\/2023\\\/01\\\/22\\\/corpo-de-homem-e-encontrado-com-corte-profundo-na-cabeca#article\",\"isPartOf\":{\"@id\":\"https:\\\/\\\/redenoticiaz.com.br\\\/litoralsp\\\/2023\\\/01\\\/22\\\/corpo-de-homem-e-encontrado-com-corte-profundo-na-cabeca\"},\"author\":{\"name\":\"Gustavo Silva\",\"@id\":\"https:\\\/\\\/redenoticiaz.com.br\\\/litoralsp\\\/#\\\/schema\\\/person\\\/16057b37a3c0ee6b096d7f887c566e2e\"},\"headline\":\"Corpo de homem \u00e9 encontrado com corte profundo na cabe\u00e7a\",\"datePublished\":\"2023-01-22T20:19:10+00:00\",\"mainEntityOfPage\":{\"@id\":\"https:\\\/\\\/redenoticiaz.com.br\\\/litoralsp\\\/2023\\\/01\\\/22\\\/corpo-de-homem-e-encontrado-com-corte-profundo-na-cabeca\"},\"wordCount\":184,\"commentCount\":0,\"publisher\":{\"@id\":\"https:\\\/\\\/redenoticiaz.com.br\\\/litoralsp\\\/#organization\"},\"image\":{\"@id\":\"https:\\\/\\\/redenoticiaz.com.br\\\/litoralsp\\\/2023\\\/01\\\/22\\\/corpo-de-homem-e-encontrado-com-corte-profundo-na-cabeca#primaryimage\"},\"thumbnailUrl\":\"https:\\\/\\\/redenoticiaz.com.br\\\/litoralsp\\\/wp-content\\\/uploads\\\/sites\\\/3\\\/2023\\\/01\\\/corpo1.jpg\",\"keywords\":[\"CORPO ENCONTRADO\",\"HOMEM MORTO\",\"OCIAN\",\"PRAIA GRANDE\"],\"articleSection\":[\"Praia Grande\"],\"inLanguage\":\"pt-BR\",\"potentialAction\":[{\"@type\":\"CommentAction\",\"name\":\"Comment\",\"target\":[\"https:\\\/\\\/redenoticiaz.com.br\\\/litoralsp\\\/2023\\\/01\\\/22\\\/corpo-de-homem-e-encontrado-com-corte-profundo-na-cabeca#respond\"]}]},{\"@type\":\"WebPage\",\"@id\":\"https:\\\/\\\/redenoticiaz.com.br\\\/litoralsp\\\/2023\\\/01\\\/22\\\/corpo-de-homem-e-encontrado-com-corte-profundo-na-cabeca\",\"url\":\"https:\\\/\\\/redenoticiaz.com.br\\\/litoralsp\\\/2023\\\/01\\\/22\\\/corpo-de-homem-e-encontrado-com-corte-profundo-na-cabeca\",\"name\":\"Corpo de homem \u00e9 encontrado com corte profundo na cabe\u00e7a - Litoral SP\",\"isPartOf\":{\"@id\":\"https:\\\/\\\/redenoticiaz.com.br\\\/litoralsp\\\/#website\"},\"primaryImageOfPage\":{\"@id\":\"https:\\\/\\\/redenoticiaz.com.br\\\/litoralsp\\\/2023\\\/01\\\/22\\\/corpo-de-homem-e-encontrado-com-corte-profundo-na-cabeca#primaryimage\"},\"image\":{\"@id\":\"https:\\\/\\\/redenoticiaz.com.br\\\/litoralsp\\\/2023\\\/01\\\/22\\\/corpo-de-homem-e-encontrado-com-corte-profundo-na-cabeca#primaryimage\"},\"thumbnailUrl\":\"https:\\\/\\\/redenoticiaz.com.br\\\/litoralsp\\\/wp-content\\\/uploads\\\/sites\\\/3\\\/2023\\\/01\\\/corpo1.jpg\",\"datePublished\":\"2023-01-22T20:19:10+00:00\",\"description\":\"O corpo de um homem foi encontrado com um corte profundo na cabe\u00e7a e enrolado em um len\u00e7ol meio da rua em Praia Grande.\",\"inLanguage\":\"pt-BR\",\"potentialAction\":[{\"@type\":\"ReadAction\",\"target\":[\"https:\\\/\\\/redenoticiaz.com.br\\\/litoralsp\\\/2023\\\/01\\\/22\\\/corpo-de-homem-e-encontrado-com-corte-profundo-na-cabeca\"]}]},{\"@type\":\"ImageObject\",\"inLanguage\":\"pt-BR\",\"@id\":\"https:\\\/\\\/redenoticiaz.com.br\\\/litoralsp\\\/2023\\\/01\\\/22\\\/corpo-de-homem-e-encontrado-com-corte-profundo-na-cabeca#primaryimage\",\"url\":\"https:\\\/\\\/redenoticiaz.com.br\\\/litoralsp\\\/wp-content\\\/uploads\\\/sites\\\/3\\\/2023\\\/01\\\/corpo1.jpg\",\"contentUrl\":\"https:\\\/\\\/redenoticiaz.com.br\\\/litoralsp\\\/wp-content\\\/uploads\\\/sites\\\/3\\\/2023\\\/01\\\/corpo1.jpg\",\"width\":984,\"height\":657,\"caption\":\"Corpo de homem \u00e9 encontrado com corte profundo na cabe\u00e7a\"},{\"@type\":\"WebSite\",\"@id\":\"https:\\\/\\\/redenoticiaz.com.br\\\/litoralsp\\\/#website\",\"url\":\"https:\\\/\\\/redenoticiaz.com.br\\\/litoralsp\\\/\",\"name\":\"Litoral SP\",\"description\":\"Rede NoticiaZ\",\"publisher\":{\"@id\":\"https:\\\/\\\/redenoticiaz.com.br\\\/litoralsp\\\/#organization\"},\"potentialAction\":[{\"@type\":\"SearchAction\",\"target\":{\"@type\":\"EntryPoint\",\"urlTemplate\":\"https:\\\/\\\/redenoticiaz.com.br\\\/litoralsp\\\/?s={search_term_string}\"},\"query-input\":{\"@type\":\"PropertyValueSpecification\",\"valueRequired\":true,\"valueName\":\"search_term_string\"}}],\"inLanguage\":\"pt-BR\"},{\"@type\":\"Organization\",\"@id\":\"https:\\\/\\\/redenoticiaz.com.br\\\/litoralsp\\\/#organization\",\"name\":\"Litoral SP\",\"url\":\"https:\\\/\\\/redenoticiaz.com.br\\\/litoralsp\\\/\",\"logo\":{\"@type\":\"ImageObject\",\"inLanguage\":\"pt-BR\",\"@id\":\"https:\\\/\\\/redenoticiaz.com.br\\\/litoralsp\\\/#\\\/schema\\\/logo\\\/image\\\/\",\"url\":\"https:\\\/\\\/redenoticiaz.com.br\\\/litoralsp\\\/wp-content\\\/uploads\\\/sites\\\/3\\\/2020\\\/11\\\/logo.jpg\",\"contentUrl\":\"https:\\\/\\\/redenoticiaz.com.br\\\/litoralsp\\\/wp-content\\\/uploads\\\/sites\\\/3\\\/2020\\\/11\\\/logo.jpg\",\"width\":400,\"height\":250,\"caption\":\"Litoral SP\"},\"image\":{\"@id\":\"https:\\\/\\\/redenoticiaz.com.br\\\/litoralsp\\\/#\\\/schema\\\/logo\\\/image\\\/\"}},{\"@type\":\"Person\",\"@id\":\"https:\\\/\\\/redenoticiaz.com.br\\\/litoralsp\\\/#\\\/schema\\\/person\\\/16057b37a3c0ee6b096d7f887c566e2e\",\"name\":\"Gustavo Silva\",\"image\":{\"@type\":\"ImageObject\",\"inLanguage\":\"pt-BR\",\"@id\":\"https:\\\/\\\/secure.gravatar.com\\\/avatar\\\/3ee4e82f93b26de0a7cf4ea5eb7893da637ed6bb0c9170c58065944c56e28a33?s=96&d=mm&r=g\",\"url\":\"https:\\\/\\\/secure.gravatar.com\\\/avatar\\\/3ee4e82f93b26de0a7cf4ea5eb7893da637ed6bb0c9170c58065944c56e28a33?s=96&d=mm&r=g\",\"contentUrl\":\"https:\\\/\\\/secure.gravatar.com\\\/avatar\\\/3ee4e82f93b26de0a7cf4ea5eb7893da637ed6bb0c9170c58065944c56e28a33?s=96&d=mm&r=g\",\"caption\":\"Gustavo Silva\"},\"url\":\"https:\\\/\\\/redenoticiaz.com.br\\\/litoralsp\\\/author\\\/gustavosilva\"}]}<\/script>\n<!-- \/ Yoast SEO plugin. -->","yoast_head_json":{"title":"Corpo de homem \u00e9 encontrado com corte profundo na cabe\u00e7a - Litoral SP","description":"O corpo de um homem foi encontrado com um corte profundo na cabe\u00e7a e enrolado em um len\u00e7ol meio da rua em Praia Grande.","robots":{"index":"index","follow":"follow","max-snippet":"max-snippet:-1","max-image-preview":"max-image-preview:large","max-video-preview":"max-video-preview:-1"},"canonical":"https:\/\/redenoticiaz.com.br\/litoralsp\/2023\/01\/22\/corpo-de-homem-e-encontrado-com-corte-profundo-na-cabeca","og_locale":"pt_BR","og_type":"article","og_title":"Corpo de homem \u00e9 encontrado com corte profundo na cabe\u00e7a - Litoral SP","og_description":"O corpo de um homem foi encontrado com um corte profundo na cabe\u00e7a e enrolado em um len\u00e7ol meio da rua em Praia Grande.","og_url":"https:\/\/redenoticiaz.com.br\/litoralsp\/2023\/01\/22\/corpo-de-homem-e-encontrado-com-corte-profundo-na-cabeca","og_site_name":"Litoral SP","article_published_time":"2023-01-22T20:19:10+00:00","og_image":[{"width":984,"height":657,"url":"https:\/\/redenoticiaz.com.br\/litoralsp\/wp-content\/uploads\/sites\/3\/2023\/01\/corpo1.jpg","type":"image\/jpeg"}],"author":"Gustavo Silva","twitter_card":"summary_large_image","twitter_misc":{"Escrito por":"Gustavo Silva","Est. tempo de leitura":"1 minuto"},"schema":{"@context":"https:\/\/schema.org","@graph":[{"@type":"Article","@id":"https:\/\/redenoticiaz.com.br\/litoralsp\/2023\/01\/22\/corpo-de-homem-e-encontrado-com-corte-profundo-na-cabeca#article","isPartOf":{"@id":"https:\/\/redenoticiaz.com.br\/litoralsp\/2023\/01\/22\/corpo-de-homem-e-encontrado-com-corte-profundo-na-cabeca"},"author":{"name":"Gustavo Silva","@id":"https:\/\/redenoticiaz.com.br\/litoralsp\/#\/schema\/person\/16057b37a3c0ee6b096d7f887c566e2e"},"headline":"Corpo de homem \u00e9 encontrado com corte profundo na cabe\u00e7a","datePublished":"2023-01-22T20:19:10+00:00","mainEntityOfPage":{"@id":"https:\/\/redenoticiaz.com.br\/litoralsp\/2023\/01\/22\/corpo-de-homem-e-encontrado-com-corte-profundo-na-cabeca"},"wordCount":184,"commentCount":0,"publisher":{"@id":"https:\/\/redenoticiaz.com.br\/litoralsp\/#organization"},"image":{"@id":"https:\/\/redenoticiaz.com.br\/litoralsp\/2023\/01\/22\/corpo-de-homem-e-encontrado-com-corte-profundo-na-cabeca#primaryimage"},"thumbnailUrl":"https:\/\/redenoticiaz.com.br\/litoralsp\/wp-content\/uploads\/sites\/3\/2023\/01\/corpo1.jpg","keywords":["CORPO ENCONTRADO","HOMEM MORTO","OCIAN","PRAIA GRANDE"],"articleSection":["Praia Grande"],"inLanguage":"pt-BR","potentialAction":[{"@type":"CommentAction","name":"Comment","target":["https:\/\/redenoticiaz.com.br\/litoralsp\/2023\/01\/22\/corpo-de-homem-e-encontrado-com-corte-profundo-na-cabeca#respond"]}]},{"@type":"WebPage","@id":"https:\/\/redenoticiaz.com.br\/litoralsp\/2023\/01\/22\/corpo-de-homem-e-encontrado-com-corte-profundo-na-cabeca","url":"https:\/\/redenoticiaz.com.br\/litoralsp\/2023\/01\/22\/corpo-de-homem-e-encontrado-com-corte-profundo-na-cabeca","name":"Corpo de homem \u00e9 encontrado com corte profundo na cabe\u00e7a - Litoral SP","isPartOf":{"@id":"https:\/\/redenoticiaz.com.br\/litoralsp\/#website"},"primaryImageOfPage":{"@id":"https:\/\/redenoticiaz.com.br\/litoralsp\/2023\/01\/22\/corpo-de-homem-e-encontrado-com-corte-profundo-na-cabeca#primaryimage"},"image":{"@id":"https:\/\/redenoticiaz.com.br\/litoralsp\/2023\/01\/22\/corpo-de-homem-e-encontrado-com-corte-profundo-na-cabeca#primaryimage"},"thumbnailUrl":"https:\/\/redenoticiaz.com.br\/litoralsp\/wp-content\/uploads\/sites\/3\/2023\/01\/corpo1.jpg","datePublished":"2023-01-22T20:19:10+00:00","description":"O corpo de um homem foi encontrado com um corte profundo na cabe\u00e7a e enrolado em um len\u00e7ol meio da rua em Praia Grande.","inLanguage":"pt-BR","potentialAction":[{"@type":"ReadAction","target":["https:\/\/redenoticiaz.com.br\/litoralsp\/2023\/01\/22\/corpo-de-homem-e-encontrado-com-corte-profundo-na-cabeca"]}]},{"@type":"ImageObject","inLanguage":"pt-BR","@id":"https:\/\/redenoticiaz.com.br\/litoralsp\/2023\/01\/22\/corpo-de-homem-e-encontrado-com-corte-profundo-na-cabeca#primaryimage","url":"https:\/\/redenoticiaz.com.br\/litoralsp\/wp-content\/uploads\/sites\/3\/2023\/01\/corpo1.jpg","contentUrl":"https:\/\/redenoticiaz.com.br\/litoralsp\/wp-content\/uploads\/sites\/3\/2023\/01\/corpo1.jpg","width":984,"height":657,"caption":"Corpo de homem \u00e9 encontrado com corte profundo na cabe\u00e7a"},{"@type":"WebSite","@id":"https:\/\/redenoticiaz.com.br\/litoralsp\/#website","url":"https:\/\/redenoticiaz.com.br\/litoralsp\/","name":"Litoral SP","description":"Rede NoticiaZ","publisher":{"@id":"https:\/\/redenoticiaz.com.br\/litoralsp\/#organization"},"potentialAction":[{"@type":"SearchAction","target":{"@type":"EntryPoint","urlTemplate":"https:\/\/redenoticiaz.com.br\/litoralsp\/?s={search_term_string}"},"query-input":{"@type":"PropertyValueSpecification","valueRequired":true,"valueName":"search_term_string"}}],"inLanguage":"pt-BR"},{"@type":"Organization","@id":"https:\/\/redenoticiaz.com.br\/litoralsp\/#organization","name":"Litoral SP","url":"https:\/\/redenoticiaz.com.br\/litoralsp\/","logo":{"@type":"ImageObject","inLanguage":"pt-BR","@id":"https:\/\/redenoticiaz.com.br\/litoralsp\/#\/schema\/logo\/image\/","url":"https:\/\/redenoticiaz.com.br\/litoralsp\/wp-content\/uploads\/sites\/3\/2020\/11\/logo.jpg","contentUrl":"https:\/\/redenoticiaz.com.br\/litoralsp\/wp-content\/uploads\/sites\/3\/2020\/11\/logo.jpg","width":400,"height":250,"caption":"Litoral SP"},"image":{"@id":"https:\/\/redenoticiaz.com.br\/litoralsp\/#\/schema\/logo\/image\/"}},{"@type":"Person","@id":"https:\/\/redenoticiaz.com.br\/litoralsp\/#\/schema\/person\/16057b37a3c0ee6b096d7f887c566e2e","name":"Gustavo Silva","image":{"@type":"ImageObject","inLanguage":"pt-BR","@id":"https:\/\/secure.gravatar.com\/avatar\/3ee4e82f93b26de0a7cf4ea5eb7893da637ed6bb0c9170c58065944c56e28a33?s=96&d=mm&r=g","url":"https:\/\/secure.gravatar.com\/avatar\/3ee4e82f93b26de0a7cf4ea5eb7893da637ed6bb0c9170c58065944c56e28a33?s=96&d=mm&r=g","contentUrl":"https:\/\/secure.gravatar.com\/avatar\/3ee4e82f93b26de0a7cf4ea5eb7893da637ed6bb0c9170c58065944c56e28a33?s=96&d=mm&r=g","caption":"Gustavo Silva"},"url":"https:\/\/redenoticiaz.com.br\/litoralsp\/author\/gustavosilva"}]}},"_links":{"self":[{"href":"https:\/\/redenoticiaz.com.br\/litoralsp\/wp-json\/wp\/v2\/posts\/99336","targetHints":{"allow":["GET"]}}],"collection":[{"href":"https:\/\/redenoticiaz.com.br\/litoralsp\/wp-json\/wp\/v2\/posts"}],"about":[{"href":"https:\/\/redenoticiaz.com.br\/litoralsp\/wp-json\/wp\/v2\/types\/post"}],"author":[{"embeddable":true,"href":"https:\/\/redenoticiaz.com.br\/litoralsp\/wp-json\/wp\/v2\/users\/12"}],"replies":[{"embeddable":true,"href":"https:\/\/redenoticiaz.com.br\/litoralsp\/wp-json\/wp\/v2\/comments?post=99336"}],"version-history":[{"count":1,"href":"https:\/\/redenoticiaz.com.br\/litoralsp\/wp-json\/wp\/v2\/posts\/99336\/revisions"}],"predecessor-version":[{"id":99338,"href":"https:\/\/redenoticiaz.com.br\/litoralsp\/wp-json\/wp\/v2\/posts\/99336\/revisions\/99338"}],"wp:featuredmedia":[{"embeddable":true,"href":"https:\/\/redenoticiaz.com.br\/litoralsp\/wp-json\/wp\/v2\/media\/99337"}],"wp:attachment":[{"href":"https:\/\/redenoticiaz.com.br\/litoralsp\/wp-json\/wp\/v2\/media?parent=99336"}],"wp:term":[{"taxonomy":"category","embeddable":true,"href":"https:\/\/redenoticiaz.com.br\/litoralsp\/wp-json\/wp\/v2\/categories?post=99336"},{"taxonomy":"post_tag","embeddable":true,"href":"https:\/\/redenoticiaz.com.br\/litoralsp\/wp-json\/wp\/v2\/tags?post=99336"}],"curies":[{"name":"wp","href":"https:\/\/api.w.org\/{rel}","templated":true}]}}