{"id":99371,"date":"2023-01-23T11:49:06","date_gmt":"2023-01-23T14:49:06","guid":{"rendered":"https:\/\/redenoticiaz.com.br\/litoralsp\/?p=99371"},"modified":"2023-01-23T11:49:06","modified_gmt":"2023-01-23T14:49:06","slug":"sao-vicente-anuncia-construcao-de-complexo-materno-infantil","status":"publish","type":"post","link":"https:\/\/redenoticiaz.com.br\/litoralsp\/2023\/01\/23\/sao-vicente-anuncia-construcao-de-complexo-materno-infantil","title":{"rendered":"S\u00e3o Vicente anuncia constru\u00e7\u00e3o de Complexo Materno Infantil"},"content":{"rendered":"<p>No domingo (22), S\u00e3o Vicente celebrou o anivers\u00e1rio de 491 anos de exist\u00eancia e diversos an\u00fancios de obras e investimentos foram anunciados. Entre eles, um projeto que promete melhorar a sa\u00fade, especialmente para beb\u00eas e crian\u00e7as pequenas. Foi anunciada a <strong>constru\u00e7\u00e3o do Complexo Materno Infantil<\/strong>.<\/p>\n<p>O an\u00fancio foi feito durante o evento &#8216;Avenida da Fam\u00edlia&#8217;, no s\u00e1bado (21) e s\u00e9rie de atra\u00e7\u00f5es especiais que contou com atividades esportivas, oficinas, presen\u00e7a de super-her\u00f3is e muita divers\u00e3o, das 9h \u00e0s 13h. A Pedra Fundamental foi descerrada por volta das 11h30.<\/p>\n<p>De acordo com a prefeitura, a obra est\u00e1 estimada em R$ 56 milh\u00f5es e ela ser\u00e1 custeada inteiramente pela Funda\u00e7\u00e3o Lus\u00edada, vencedora do processo licitat\u00f3rio. Como contrapartida, a unidade ser\u00e1 oferecida como campo de est\u00e1gio aos alunos da institui\u00e7\u00e3o. A constru\u00e7\u00e3o da nova unidade deve ser conclu\u00edda em at\u00e9 18 meses.<\/p>\n<p>Situado na Avenida Capit\u00e3o Mor-Aguiar, 631, Parque Bitaru, o Complexo Materno Infantil ter\u00e1 cinco andares e mais de 7 mil metros quadrados, e contar\u00e1 com mais de 90 leitos.<\/p>\n<p>&#8220;\u00c9 um presente para os mais de 370 mil vicentinos que aqui habitam. Assumimos em meio \u00e0 pandemia, com setores sucateados e servi\u00e7os paralisados. Ap\u00f3s meses de estudo e negocia\u00e7\u00f5es, temos orgulho em afirmar que esse projeto sair\u00e1 do papel e, com o apoio da Funda\u00e7\u00e3o Lus\u00edada, sem nenhum custo ao Munic\u00edpio. N\u00e3o resolvemos todos os problemas da noite para o dia, mas com muita dedica\u00e7\u00e3o esse projeto sai do papel e o Complexo Materno Infantil municipal passa a se tornar realidade em S\u00e3o Vicente. Para que as novas gera\u00e7\u00f5es de vicentinos possam nascer aqui na nossa terra com conforto, carinho e seguran\u00e7a, assim como as mam\u00e3es, que n\u00e3o precisar\u00e3o mais sair de S\u00e3o Vicente para terem seus beb\u00eas&#8221;, ressalta o prefeito Kayo Amado (Podemos).<\/p>\n<h3>Esperan\u00e7a<\/h3>\n<p>A secret\u00e1ria de Sa\u00fade, Michelle Santos, salientou que este \u00e9 mais um passo fundamental para a reestrutura\u00e7\u00e3o no sistema de sa\u00fade da Cidade.<\/p>\n<p>&#8220;Assim que assumimos, realizamos an\u00e1lises minuciosas de toda a rede, tra\u00e7ando um verdadeiro raio-x da Sa\u00fade no Munic\u00edpio. Com os problemas detectados, diversas a\u00e7\u00f5es foram colocadas em pr\u00e1tica, a come\u00e7ar pelo equil\u00edbrio das contas. J\u00e1 entregamos a primeira fase do Hospital do Vicentino e, agora, avan\u00e7amos mais alguns degraus com essa novidade. Um marco hist\u00f3rico. Vamos juntos fazer uma nova hist\u00f3ria na sa\u00fade da mulher e da crian\u00e7a no munic\u00edpio&#8221;.<\/p>\n<p>Nascido em S\u00e3o Vicente, o presidente da Funda\u00e7\u00e3o Lus\u00edada, tamb\u00e9m n\u00e3o escondeu a emo\u00e7\u00e3o em reafirmar essa parceria entre a Prefeitura e a institui\u00e7\u00e3o. &#8220;Nossa finalidade \u00e9 fazer o bem. Com essa maternidade, certamente reduziremos a mortalidade infantil, oferecendo conforto e estrutura \u00e0s mam\u00e3es. Esse \u00e9 o maior presente de anivers\u00e1rio que podemos dar a S\u00e3o Vicente&#8221;.<\/p>\n<h3>Programa Nova Sa\u00fade S\u00e3o Vicente<\/h3>\n<p>A constru\u00e7\u00e3o do novo Complexo simboliza mais um avan\u00e7o do Programa Nova Sa\u00fade S\u00e3o Vicente, que visa reestruturar o atendimento p\u00fablico da sa\u00fade municipal.<\/p>\n<p>A popula\u00e7\u00e3o p\u00f4de come\u00e7ar a vivenciar essa mudan\u00e7a de cen\u00e1rio com a entrega da primeira fase do Hospital do Vicentino, realizada em junho de 2022. Para a unidade foram transferidos os pacientes em ala de interna\u00e7\u00e3o que estavam no Crei, assim como a realiza\u00e7\u00e3o de cirurgias. O Crei atualmente atende apenas casos de urg\u00eancia e emerg\u00eancia, at\u00e9 ser demolido, outro projeto que est\u00e1 prestes a se tornar realidade.<\/p>\n<p>No lugar do Crei ser\u00e1 constru\u00edda uma nova Unidade de Pronto Atendimento Central. Enquanto isso, de forma tempor\u00e1ria, os casos de urg\u00eancia e emerg\u00eancia ser\u00e3o atendidos no Centro Martim Afonso, na Linha Amarela.<\/p>\n<p>O PS do Rio Branco, que tamb\u00e9m ser\u00e1 inaugurado neste m\u00eas, significa outro avan\u00e7o dentro do Programa, levando para a \u00c1rea Continental um equipamento novo, e que contar\u00e1 com especialidades como pediatria e ortopedia pela primeira vez naquela regi\u00e3o.<\/p>\n<p><strong>LEIA TAMB\u00c9M<\/strong><\/p>\n<p><a href=\"https:\/\/redenoticiaz.com.br\/litoralsp\/2023\/01\/22\/ultrassom-vira-alternativa-para-o-diagnostico-do-cancer-de-pele\">Ultrassom vira alternativa para o diagn\u00f3stico do c\u00e2ncer de pele<\/a><\/p>\n","protected":false},"excerpt":{"rendered":"<p>No domingo (22), S\u00e3o Vicente celebrou o anivers\u00e1rio de 491 anos de exist\u00eancia e diversos an\u00fancios de obras e investimentos foram anunciados. Entre eles, um projeto que promete melhorar a sa\u00fade, especialmente para beb\u00eas e crian\u00e7as pequenas. Foi anunciada a constru\u00e7\u00e3o do Complexo Materno Infantil. O an\u00fancio foi feito durante o evento &#8216;Avenida da Fam\u00edlia&#8217;, &hellip;<\/p>\n","protected":false},"author":6,"featured_media":99372,"comment_status":"open","ping_status":"closed","sticky":false,"template":"","format":"standard","meta":{"footnotes":""},"categories":[1579,181,23],"tags":[62784,1948,14382,33,62785],"class_list":["post-99371","post","type-post","status-publish","format-standard","has-post-thumbnail","hentry","category-obras","category-sao-vicente","category-saude","tag-complexo-maternal-infantil","tag-obras","tag-parque-bitaru","tag-sao-vicente","tag-saude-humanizada"],"yoast_head":"<!-- This site is optimized with the Yoast SEO plugin v27.4 - https:\/\/yoast.com\/product\/yoast-seo-wordpress\/ -->\n<title>S\u00e3o Vicente anuncia constru\u00e7\u00e3o de Complexo Materno Infantil - Litoral SP<\/title>\n<meta name=\"description\" content=\"promete melhorar a sa\u00fade, especialmente para beb\u00eas e crian\u00e7as pequenas. Foi anunciada a constru\u00e7\u00e3o do Complexo Materno Infantil.\" \/>\n<meta name=\"robots\" content=\"index, follow, max-snippet:-1, max-image-preview:large, max-video-preview:-1\" \/>\n<link rel=\"canonical\" href=\"https:\/\/redenoticiaz.com.br\/litoralsp\/2023\/01\/23\/sao-vicente-anuncia-construcao-de-complexo-materno-infantil\" \/>\n<meta property=\"og:locale\" content=\"pt_BR\" \/>\n<meta property=\"og:type\" content=\"article\" \/>\n<meta property=\"og:title\" content=\"S\u00e3o Vicente anuncia constru\u00e7\u00e3o de Complexo Materno Infantil - Litoral SP\" \/>\n<meta property=\"og:description\" content=\"promete melhorar a sa\u00fade, especialmente para beb\u00eas e crian\u00e7as pequenas. Foi anunciada a constru\u00e7\u00e3o do Complexo Materno Infantil.\" \/>\n<meta property=\"og:url\" content=\"https:\/\/redenoticiaz.com.br\/litoralsp\/2023\/01\/23\/sao-vicente-anuncia-construcao-de-complexo-materno-infantil\" \/>\n<meta property=\"og:site_name\" content=\"Litoral SP\" \/>\n<meta property=\"article:published_time\" content=\"2023-01-23T14:49:06+00:00\" \/>\n<meta property=\"og:image\" content=\"https:\/\/redenoticiaz.com.br\/litoralsp\/wp-content\/uploads\/sites\/3\/2023\/01\/Design-sem-nome-1.jpg\" \/>\n\t<meta property=\"og:image:width\" content=\"915\" \/>\n\t<meta property=\"og:image:height\" content=\"609\" \/>\n\t<meta property=\"og:image:type\" content=\"image\/jpeg\" \/>\n<meta name=\"author\" content=\"Leonardo Francisco\" \/>\n<meta name=\"twitter:card\" content=\"summary_large_image\" \/>\n<meta name=\"twitter:label1\" content=\"Escrito por\" \/>\n\t<meta name=\"twitter:data1\" content=\"Leonardo Francisco\" \/>\n\t<meta name=\"twitter:label2\" content=\"Est. tempo de leitura\" \/>\n\t<meta name=\"twitter:data2\" content=\"4 minutos\" \/>\n<script type=\"application\/ld+json\" class=\"yoast-schema-graph\">{\"@context\":\"https:\\\/\\\/schema.org\",\"@graph\":[{\"@type\":\"Article\",\"@id\":\"https:\\\/\\\/redenoticiaz.com.br\\\/litoralsp\\\/2023\\\/01\\\/23\\\/sao-vicente-anuncia-construcao-de-complexo-materno-infantil#article\",\"isPartOf\":{\"@id\":\"https:\\\/\\\/redenoticiaz.com.br\\\/litoralsp\\\/2023\\\/01\\\/23\\\/sao-vicente-anuncia-construcao-de-complexo-materno-infantil\"},\"author\":{\"name\":\"Leonardo Francisco\",\"@id\":\"https:\\\/\\\/redenoticiaz.com.br\\\/litoralsp\\\/#\\\/schema\\\/person\\\/0f0b8a5bdafefe82841e07ae8d81ecb3\"},\"headline\":\"S\u00e3o Vicente anuncia constru\u00e7\u00e3o de Complexo Materno Infantil\",\"datePublished\":\"2023-01-23T14:49:06+00:00\",\"mainEntityOfPage\":{\"@id\":\"https:\\\/\\\/redenoticiaz.com.br\\\/litoralsp\\\/2023\\\/01\\\/23\\\/sao-vicente-anuncia-construcao-de-complexo-materno-infantil\"},\"wordCount\":719,\"commentCount\":0,\"publisher\":{\"@id\":\"https:\\\/\\\/redenoticiaz.com.br\\\/litoralsp\\\/#organization\"},\"image\":{\"@id\":\"https:\\\/\\\/redenoticiaz.com.br\\\/litoralsp\\\/2023\\\/01\\\/23\\\/sao-vicente-anuncia-construcao-de-complexo-materno-infantil#primaryimage\"},\"thumbnailUrl\":\"https:\\\/\\\/redenoticiaz.com.br\\\/litoralsp\\\/wp-content\\\/uploads\\\/sites\\\/3\\\/2023\\\/01\\\/Design-sem-nome-1.jpg\",\"keywords\":[\"COMPLEXO MATERNAL INFANTIL\",\"obras\",\"PARQUE BITARU\",\"S\u00e3o Vicente\",\"SA\u00daDE HUMANIZADA\"],\"articleSection\":[\"Obras\",\"S\u00e3o Vicente\",\"Sa\u00fade\"],\"inLanguage\":\"pt-BR\",\"potentialAction\":[{\"@type\":\"CommentAction\",\"name\":\"Comment\",\"target\":[\"https:\\\/\\\/redenoticiaz.com.br\\\/litoralsp\\\/2023\\\/01\\\/23\\\/sao-vicente-anuncia-construcao-de-complexo-materno-infantil#respond\"]}]},{\"@type\":\"WebPage\",\"@id\":\"https:\\\/\\\/redenoticiaz.com.br\\\/litoralsp\\\/2023\\\/01\\\/23\\\/sao-vicente-anuncia-construcao-de-complexo-materno-infantil\",\"url\":\"https:\\\/\\\/redenoticiaz.com.br\\\/litoralsp\\\/2023\\\/01\\\/23\\\/sao-vicente-anuncia-construcao-de-complexo-materno-infantil\",\"name\":\"S\u00e3o Vicente anuncia constru\u00e7\u00e3o de Complexo Materno Infantil - Litoral SP\",\"isPartOf\":{\"@id\":\"https:\\\/\\\/redenoticiaz.com.br\\\/litoralsp\\\/#website\"},\"primaryImageOfPage\":{\"@id\":\"https:\\\/\\\/redenoticiaz.com.br\\\/litoralsp\\\/2023\\\/01\\\/23\\\/sao-vicente-anuncia-construcao-de-complexo-materno-infantil#primaryimage\"},\"image\":{\"@id\":\"https:\\\/\\\/redenoticiaz.com.br\\\/litoralsp\\\/2023\\\/01\\\/23\\\/sao-vicente-anuncia-construcao-de-complexo-materno-infantil#primaryimage\"},\"thumbnailUrl\":\"https:\\\/\\\/redenoticiaz.com.br\\\/litoralsp\\\/wp-content\\\/uploads\\\/sites\\\/3\\\/2023\\\/01\\\/Design-sem-nome-1.jpg\",\"datePublished\":\"2023-01-23T14:49:06+00:00\",\"description\":\"promete melhorar a sa\u00fade, especialmente para beb\u00eas e crian\u00e7as pequenas. Foi anunciada a constru\u00e7\u00e3o do Complexo Materno Infantil.\",\"inLanguage\":\"pt-BR\",\"potentialAction\":[{\"@type\":\"ReadAction\",\"target\":[\"https:\\\/\\\/redenoticiaz.com.br\\\/litoralsp\\\/2023\\\/01\\\/23\\\/sao-vicente-anuncia-construcao-de-complexo-materno-infantil\"]}]},{\"@type\":\"ImageObject\",\"inLanguage\":\"pt-BR\",\"@id\":\"https:\\\/\\\/redenoticiaz.com.br\\\/litoralsp\\\/2023\\\/01\\\/23\\\/sao-vicente-anuncia-construcao-de-complexo-materno-infantil#primaryimage\",\"url\":\"https:\\\/\\\/redenoticiaz.com.br\\\/litoralsp\\\/wp-content\\\/uploads\\\/sites\\\/3\\\/2023\\\/01\\\/Design-sem-nome-1.jpg\",\"contentUrl\":\"https:\\\/\\\/redenoticiaz.com.br\\\/litoralsp\\\/wp-content\\\/uploads\\\/sites\\\/3\\\/2023\\\/01\\\/Design-sem-nome-1.jpg\",\"width\":915,\"height\":609,\"caption\":\"Cr\u00e9ditos: Divulga\u00e7\u00e3o\\\/Prefeitura de S\u00e3o Vicente\"},{\"@type\":\"WebSite\",\"@id\":\"https:\\\/\\\/redenoticiaz.com.br\\\/litoralsp\\\/#website\",\"url\":\"https:\\\/\\\/redenoticiaz.com.br\\\/litoralsp\\\/\",\"name\":\"Litoral SP\",\"description\":\"Rede NoticiaZ\",\"publisher\":{\"@id\":\"https:\\\/\\\/redenoticiaz.com.br\\\/litoralsp\\\/#organization\"},\"potentialAction\":[{\"@type\":\"SearchAction\",\"target\":{\"@type\":\"EntryPoint\",\"urlTemplate\":\"https:\\\/\\\/redenoticiaz.com.br\\\/litoralsp\\\/?s={search_term_string}\"},\"query-input\":{\"@type\":\"PropertyValueSpecification\",\"valueRequired\":true,\"valueName\":\"search_term_string\"}}],\"inLanguage\":\"pt-BR\"},{\"@type\":\"Organization\",\"@id\":\"https:\\\/\\\/redenoticiaz.com.br\\\/litoralsp\\\/#organization\",\"name\":\"Litoral SP\",\"url\":\"https:\\\/\\\/redenoticiaz.com.br\\\/litoralsp\\\/\",\"logo\":{\"@type\":\"ImageObject\",\"inLanguage\":\"pt-BR\",\"@id\":\"https:\\\/\\\/redenoticiaz.com.br\\\/litoralsp\\\/#\\\/schema\\\/logo\\\/image\\\/\",\"url\":\"https:\\\/\\\/redenoticiaz.com.br\\\/litoralsp\\\/wp-content\\\/uploads\\\/sites\\\/3\\\/2020\\\/11\\\/logo.jpg\",\"contentUrl\":\"https:\\\/\\\/redenoticiaz.com.br\\\/litoralsp\\\/wp-content\\\/uploads\\\/sites\\\/3\\\/2020\\\/11\\\/logo.jpg\",\"width\":400,\"height\":250,\"caption\":\"Litoral SP\"},\"image\":{\"@id\":\"https:\\\/\\\/redenoticiaz.com.br\\\/litoralsp\\\/#\\\/schema\\\/logo\\\/image\\\/\"}},{\"@type\":\"Person\",\"@id\":\"https:\\\/\\\/redenoticiaz.com.br\\\/litoralsp\\\/#\\\/schema\\\/person\\\/0f0b8a5bdafefe82841e07ae8d81ecb3\",\"name\":\"Leonardo Francisco\",\"image\":{\"@type\":\"ImageObject\",\"inLanguage\":\"pt-BR\",\"@id\":\"https:\\\/\\\/secure.gravatar.com\\\/avatar\\\/a7358cb406a99b682ec6df1e77e31ae82e63601f6784e8a3df411d72b37864da?s=96&d=mm&r=g\",\"url\":\"https:\\\/\\\/secure.gravatar.com\\\/avatar\\\/a7358cb406a99b682ec6df1e77e31ae82e63601f6784e8a3df411d72b37864da?s=96&d=mm&r=g\",\"contentUrl\":\"https:\\\/\\\/secure.gravatar.com\\\/avatar\\\/a7358cb406a99b682ec6df1e77e31ae82e63601f6784e8a3df411d72b37864da?s=96&d=mm&r=g\",\"caption\":\"Leonardo Francisco\"},\"url\":\"https:\\\/\\\/redenoticiaz.com.br\\\/litoralsp\\\/author\\\/leonardo-francisco\"}]}<\/script>\n<!-- \/ Yoast SEO plugin. -->","yoast_head_json":{"title":"S\u00e3o Vicente anuncia constru\u00e7\u00e3o de Complexo Materno Infantil - Litoral SP","description":"promete melhorar a sa\u00fade, especialmente para beb\u00eas e crian\u00e7as pequenas. Foi anunciada a constru\u00e7\u00e3o do Complexo Materno Infantil.","robots":{"index":"index","follow":"follow","max-snippet":"max-snippet:-1","max-image-preview":"max-image-preview:large","max-video-preview":"max-video-preview:-1"},"canonical":"https:\/\/redenoticiaz.com.br\/litoralsp\/2023\/01\/23\/sao-vicente-anuncia-construcao-de-complexo-materno-infantil","og_locale":"pt_BR","og_type":"article","og_title":"S\u00e3o Vicente anuncia constru\u00e7\u00e3o de Complexo Materno Infantil - Litoral SP","og_description":"promete melhorar a sa\u00fade, especialmente para beb\u00eas e crian\u00e7as pequenas. Foi anunciada a constru\u00e7\u00e3o do Complexo Materno Infantil.","og_url":"https:\/\/redenoticiaz.com.br\/litoralsp\/2023\/01\/23\/sao-vicente-anuncia-construcao-de-complexo-materno-infantil","og_site_name":"Litoral SP","article_published_time":"2023-01-23T14:49:06+00:00","og_image":[{"width":915,"height":609,"url":"https:\/\/redenoticiaz.com.br\/litoralsp\/wp-content\/uploads\/sites\/3\/2023\/01\/Design-sem-nome-1.jpg","type":"image\/jpeg"}],"author":"Leonardo Francisco","twitter_card":"summary_large_image","twitter_misc":{"Escrito por":"Leonardo Francisco","Est. tempo de leitura":"4 minutos"},"schema":{"@context":"https:\/\/schema.org","@graph":[{"@type":"Article","@id":"https:\/\/redenoticiaz.com.br\/litoralsp\/2023\/01\/23\/sao-vicente-anuncia-construcao-de-complexo-materno-infantil#article","isPartOf":{"@id":"https:\/\/redenoticiaz.com.br\/litoralsp\/2023\/01\/23\/sao-vicente-anuncia-construcao-de-complexo-materno-infantil"},"author":{"name":"Leonardo Francisco","@id":"https:\/\/redenoticiaz.com.br\/litoralsp\/#\/schema\/person\/0f0b8a5bdafefe82841e07ae8d81ecb3"},"headline":"S\u00e3o Vicente anuncia constru\u00e7\u00e3o de Complexo Materno Infantil","datePublished":"2023-01-23T14:49:06+00:00","mainEntityOfPage":{"@id":"https:\/\/redenoticiaz.com.br\/litoralsp\/2023\/01\/23\/sao-vicente-anuncia-construcao-de-complexo-materno-infantil"},"wordCount":719,"commentCount":0,"publisher":{"@id":"https:\/\/redenoticiaz.com.br\/litoralsp\/#organization"},"image":{"@id":"https:\/\/redenoticiaz.com.br\/litoralsp\/2023\/01\/23\/sao-vicente-anuncia-construcao-de-complexo-materno-infantil#primaryimage"},"thumbnailUrl":"https:\/\/redenoticiaz.com.br\/litoralsp\/wp-content\/uploads\/sites\/3\/2023\/01\/Design-sem-nome-1.jpg","keywords":["COMPLEXO MATERNAL INFANTIL","obras","PARQUE BITARU","S\u00e3o Vicente","SA\u00daDE HUMANIZADA"],"articleSection":["Obras","S\u00e3o Vicente","Sa\u00fade"],"inLanguage":"pt-BR","potentialAction":[{"@type":"CommentAction","name":"Comment","target":["https:\/\/redenoticiaz.com.br\/litoralsp\/2023\/01\/23\/sao-vicente-anuncia-construcao-de-complexo-materno-infantil#respond"]}]},{"@type":"WebPage","@id":"https:\/\/redenoticiaz.com.br\/litoralsp\/2023\/01\/23\/sao-vicente-anuncia-construcao-de-complexo-materno-infantil","url":"https:\/\/redenoticiaz.com.br\/litoralsp\/2023\/01\/23\/sao-vicente-anuncia-construcao-de-complexo-materno-infantil","name":"S\u00e3o Vicente anuncia constru\u00e7\u00e3o de Complexo Materno Infantil - Litoral SP","isPartOf":{"@id":"https:\/\/redenoticiaz.com.br\/litoralsp\/#website"},"primaryImageOfPage":{"@id":"https:\/\/redenoticiaz.com.br\/litoralsp\/2023\/01\/23\/sao-vicente-anuncia-construcao-de-complexo-materno-infantil#primaryimage"},"image":{"@id":"https:\/\/redenoticiaz.com.br\/litoralsp\/2023\/01\/23\/sao-vicente-anuncia-construcao-de-complexo-materno-infantil#primaryimage"},"thumbnailUrl":"https:\/\/redenoticiaz.com.br\/litoralsp\/wp-content\/uploads\/sites\/3\/2023\/01\/Design-sem-nome-1.jpg","datePublished":"2023-01-23T14:49:06+00:00","description":"promete melhorar a sa\u00fade, especialmente para beb\u00eas e crian\u00e7as pequenas. Foi anunciada a constru\u00e7\u00e3o do Complexo Materno Infantil.","inLanguage":"pt-BR","potentialAction":[{"@type":"ReadAction","target":["https:\/\/redenoticiaz.com.br\/litoralsp\/2023\/01\/23\/sao-vicente-anuncia-construcao-de-complexo-materno-infantil"]}]},{"@type":"ImageObject","inLanguage":"pt-BR","@id":"https:\/\/redenoticiaz.com.br\/litoralsp\/2023\/01\/23\/sao-vicente-anuncia-construcao-de-complexo-materno-infantil#primaryimage","url":"https:\/\/redenoticiaz.com.br\/litoralsp\/wp-content\/uploads\/sites\/3\/2023\/01\/Design-sem-nome-1.jpg","contentUrl":"https:\/\/redenoticiaz.com.br\/litoralsp\/wp-content\/uploads\/sites\/3\/2023\/01\/Design-sem-nome-1.jpg","width":915,"height":609,"caption":"Cr\u00e9ditos: Divulga\u00e7\u00e3o\/Prefeitura de S\u00e3o Vicente"},{"@type":"WebSite","@id":"https:\/\/redenoticiaz.com.br\/litoralsp\/#website","url":"https:\/\/redenoticiaz.com.br\/litoralsp\/","name":"Litoral SP","description":"Rede NoticiaZ","publisher":{"@id":"https:\/\/redenoticiaz.com.br\/litoralsp\/#organization"},"potentialAction":[{"@type":"SearchAction","target":{"@type":"EntryPoint","urlTemplate":"https:\/\/redenoticiaz.com.br\/litoralsp\/?s={search_term_string}"},"query-input":{"@type":"PropertyValueSpecification","valueRequired":true,"valueName":"search_term_string"}}],"inLanguage":"pt-BR"},{"@type":"Organization","@id":"https:\/\/redenoticiaz.com.br\/litoralsp\/#organization","name":"Litoral SP","url":"https:\/\/redenoticiaz.com.br\/litoralsp\/","logo":{"@type":"ImageObject","inLanguage":"pt-BR","@id":"https:\/\/redenoticiaz.com.br\/litoralsp\/#\/schema\/logo\/image\/","url":"https:\/\/redenoticiaz.com.br\/litoralsp\/wp-content\/uploads\/sites\/3\/2020\/11\/logo.jpg","contentUrl":"https:\/\/redenoticiaz.com.br\/litoralsp\/wp-content\/uploads\/sites\/3\/2020\/11\/logo.jpg","width":400,"height":250,"caption":"Litoral SP"},"image":{"@id":"https:\/\/redenoticiaz.com.br\/litoralsp\/#\/schema\/logo\/image\/"}},{"@type":"Person","@id":"https:\/\/redenoticiaz.com.br\/litoralsp\/#\/schema\/person\/0f0b8a5bdafefe82841e07ae8d81ecb3","name":"Leonardo Francisco","image":{"@type":"ImageObject","inLanguage":"pt-BR","@id":"https:\/\/secure.gravatar.com\/avatar\/a7358cb406a99b682ec6df1e77e31ae82e63601f6784e8a3df411d72b37864da?s=96&d=mm&r=g","url":"https:\/\/secure.gravatar.com\/avatar\/a7358cb406a99b682ec6df1e77e31ae82e63601f6784e8a3df411d72b37864da?s=96&d=mm&r=g","contentUrl":"https:\/\/secure.gravatar.com\/avatar\/a7358cb406a99b682ec6df1e77e31ae82e63601f6784e8a3df411d72b37864da?s=96&d=mm&r=g","caption":"Leonardo Francisco"},"url":"https:\/\/redenoticiaz.com.br\/litoralsp\/author\/leonardo-francisco"}]}},"_links":{"self":[{"href":"https:\/\/redenoticiaz.com.br\/litoralsp\/wp-json\/wp\/v2\/posts\/99371","targetHints":{"allow":["GET"]}}],"collection":[{"href":"https:\/\/redenoticiaz.com.br\/litoralsp\/wp-json\/wp\/v2\/posts"}],"about":[{"href":"https:\/\/redenoticiaz.com.br\/litoralsp\/wp-json\/wp\/v2\/types\/post"}],"author":[{"embeddable":true,"href":"https:\/\/redenoticiaz.com.br\/litoralsp\/wp-json\/wp\/v2\/users\/6"}],"replies":[{"embeddable":true,"href":"https:\/\/redenoticiaz.com.br\/litoralsp\/wp-json\/wp\/v2\/comments?post=99371"}],"version-history":[{"count":2,"href":"https:\/\/redenoticiaz.com.br\/litoralsp\/wp-json\/wp\/v2\/posts\/99371\/revisions"}],"predecessor-version":[{"id":99374,"href":"https:\/\/redenoticiaz.com.br\/litoralsp\/wp-json\/wp\/v2\/posts\/99371\/revisions\/99374"}],"wp:featuredmedia":[{"embeddable":true,"href":"https:\/\/redenoticiaz.com.br\/litoralsp\/wp-json\/wp\/v2\/media\/99372"}],"wp:attachment":[{"href":"https:\/\/redenoticiaz.com.br\/litoralsp\/wp-json\/wp\/v2\/media?parent=99371"}],"wp:term":[{"taxonomy":"category","embeddable":true,"href":"https:\/\/redenoticiaz.com.br\/litoralsp\/wp-json\/wp\/v2\/categories?post=99371"},{"taxonomy":"post_tag","embeddable":true,"href":"https:\/\/redenoticiaz.com.br\/litoralsp\/wp-json\/wp\/v2\/tags?post=99371"}],"curies":[{"name":"wp","href":"https:\/\/api.w.org\/{rel}","templated":true}]}}