{"id":99470,"date":"2023-01-24T14:12:43","date_gmt":"2023-01-24T17:12:43","guid":{"rendered":"https:\/\/redenoticiaz.com.br\/litoralsp\/?p=99470"},"modified":"2023-01-24T14:12:43","modified_gmt":"2023-01-24T17:12:43","slug":"equipe-do-samu-de-praia-grande-realiza-parto-de-bebe-na-ambulancia","status":"publish","type":"post","link":"https:\/\/redenoticiaz.com.br\/litoralsp\/2023\/01\/24\/equipe-do-samu-de-praia-grande-realiza-parto-de-bebe-na-ambulancia","title":{"rendered":"Equipe do SAMU de Praia Grande realiza parto de beb\u00ea na ambul\u00e2ncia"},"content":{"rendered":"<p>Uma equipe do SAMU de Praia Grande realizou o parto de um beb\u00ea na ambul\u00e2ncia e emocionou os pais da crian\u00e7a.<\/p>\n<p>De acordo com as informa\u00e7\u00f5es, os profissionais foram verdadeiros anjos que a ajudaram em um dos momentos mais tensos de sua vida.<\/p>\n<p>&#8220;Devo a vida dele a esses \u00a0profissionais incr\u00edveis. Jamais esquecerei do que fizeram por n\u00f3s\u201d.<\/p>\n<p>Carolina da Silva Rocha, de 24 \u00a0anos, deu \u00e0 luz ao pequeno Abrah\u00e3o em um parto realizado pela a m\u00e9dica, \u00a0Cristiane Gon\u00e7alves.<\/p>\n<p>Auxiliaram na a\u00e7\u00e3o a enfermeira Adriana Oliveira, e o condutor, \u00a0Adriano Carvalho.<\/p>\n<h2>Tens\u00e3o<\/h2>\n<p>Tudo come\u00e7ou \u00a0quando a unidade m\u00f3vel atendeu a ocorr\u00eancia no Bairro Anhanguera para \u00a0efetuar o transporte de Caroline para o Hospital Irm\u00e3 Dulce.<\/p>\n<p>No meio \u00a0do trajeto, j\u00e1 na Via Expressa Sul, o quadro gestacional evoluiu \u00a0rapidamente. Os profissionais avaliaram a situa\u00e7\u00e3o e definiram que \u00a0seria necess\u00e1rio realizar o procedimento no pr\u00f3prio ve\u00edculo. O parto \u00a0iniciou com a ambul\u00e2ncia ainda em movimento.<\/p>\n<p>A unidade m\u00f3vel do Samu \u00e9 equipada e conta com modernos materiais. O \u00a0fato \u00e9 determinante para que os socorristas possam efetuar com sucesso \u00a0procedimentos como o parto do Abrah\u00e3o.<\/p>\n<p>O pai do pequeno Abrah\u00e3o, Edson de S\u00e1 e Silva, n\u00e3o poupou elogios aos \u00a0tr\u00eas profissionais e o atendimento prestado pelo Samu. Emocionado, \u00a0fazia quest\u00e3o de agradecer a todo momento pela atua\u00e7\u00e3o exitosa dos \u00a0socorristas.<\/p>\n<blockquote><p>\u201cQuando o Abrah\u00e3o for mais velho, vamos contar essa hist\u00f3ria para ele, \u00a0sempre com um cap\u00edtulo especial para esses tr\u00eas anjos do Samu\u201d<\/p><\/blockquote>\n<p><strong>Leia mais<\/strong><\/p>\n<p><a href=\"https:\/\/redenoticiaz.com.br\/litoralsp\/2023\/01\/24\/predio-evacuado-de-praia-grande-continua-interditado\">Pr\u00e9dio evacuado de Praia Grande continua interditado<\/a><\/p>\n","protected":false},"excerpt":{"rendered":"<p>Uma equipe do SAMU de Praia Grande realizou o parto de um beb\u00ea na ambul\u00e2ncia e emocionou os pais da crian\u00e7a. De acordo com as informa\u00e7\u00f5es, os profissionais foram verdadeiros anjos que a ajudaram em um dos momentos mais tensos de sua vida. &#8220;Devo a vida dele a esses \u00a0profissionais incr\u00edveis. Jamais esquecerei do que &hellip;<\/p>\n","protected":false},"author":12,"featured_media":99471,"comment_status":"open","ping_status":"closed","sticky":false,"template":"","format":"standard","meta":{"footnotes":""},"categories":[182],"tags":[33714,51286,1101,3143],"class_list":["post-99470","post","type-post","status-publish","format-standard","has-post-thumbnail","hentry","category-praia-grande","tag-ambulancia","tag-bebe-salvo","tag-praia-grande","tag-samu"],"yoast_head":"<!-- This site is optimized with the Yoast SEO plugin v27.4 - https:\/\/yoast.com\/product\/yoast-seo-wordpress\/ -->\n<title>Equipe do SAMU de Praia Grande realiza parto de beb\u00ea na ambul\u00e2ncia - Litoral SP<\/title>\n<meta name=\"description\" content=\"Uma equipe do SAMU de Praia Grande realizou o parto de um beb\u00ea na ambul\u00e2ncia e emocionou os pais da crian\u00e7a.\" \/>\n<meta name=\"robots\" content=\"index, follow, max-snippet:-1, max-image-preview:large, max-video-preview:-1\" \/>\n<link rel=\"canonical\" href=\"https:\/\/redenoticiaz.com.br\/litoralsp\/2023\/01\/24\/equipe-do-samu-de-praia-grande-realiza-parto-de-bebe-na-ambulancia\" \/>\n<meta property=\"og:locale\" content=\"pt_BR\" \/>\n<meta property=\"og:type\" content=\"article\" \/>\n<meta property=\"og:title\" content=\"Equipe do SAMU de Praia Grande realiza parto de beb\u00ea na ambul\u00e2ncia - Litoral SP\" \/>\n<meta property=\"og:description\" content=\"Uma equipe do SAMU de Praia Grande realizou o parto de um beb\u00ea na ambul\u00e2ncia e emocionou os pais da crian\u00e7a.\" \/>\n<meta property=\"og:url\" content=\"https:\/\/redenoticiaz.com.br\/litoralsp\/2023\/01\/24\/equipe-do-samu-de-praia-grande-realiza-parto-de-bebe-na-ambulancia\" \/>\n<meta property=\"og:site_name\" content=\"Litoral SP\" \/>\n<meta property=\"article:published_time\" content=\"2023-01-24T17:12:43+00:00\" \/>\n<meta property=\"og:image\" content=\"https:\/\/redenoticiaz.com.br\/litoralsp\/wp-content\/uploads\/sites\/3\/2023\/01\/Samu-foto-Jairo-Marques-1-575x383-1.jpg\" \/>\n\t<meta property=\"og:image:width\" content=\"575\" \/>\n\t<meta property=\"og:image:height\" content=\"383\" \/>\n\t<meta property=\"og:image:type\" content=\"image\/jpeg\" \/>\n<meta name=\"author\" content=\"Gustavo Silva\" \/>\n<meta name=\"twitter:card\" content=\"summary_large_image\" \/>\n<meta name=\"twitter:label1\" content=\"Escrito por\" \/>\n\t<meta name=\"twitter:data1\" content=\"Gustavo Silva\" \/>\n\t<meta name=\"twitter:label2\" content=\"Est. tempo de leitura\" \/>\n\t<meta name=\"twitter:data2\" content=\"2 minutos\" \/>\n<script type=\"application\/ld+json\" class=\"yoast-schema-graph\">{\"@context\":\"https:\\\/\\\/schema.org\",\"@graph\":[{\"@type\":\"Article\",\"@id\":\"https:\\\/\\\/redenoticiaz.com.br\\\/litoralsp\\\/2023\\\/01\\\/24\\\/equipe-do-samu-de-praia-grande-realiza-parto-de-bebe-na-ambulancia#article\",\"isPartOf\":{\"@id\":\"https:\\\/\\\/redenoticiaz.com.br\\\/litoralsp\\\/2023\\\/01\\\/24\\\/equipe-do-samu-de-praia-grande-realiza-parto-de-bebe-na-ambulancia\"},\"author\":{\"name\":\"Gustavo Silva\",\"@id\":\"https:\\\/\\\/redenoticiaz.com.br\\\/litoralsp\\\/#\\\/schema\\\/person\\\/16057b37a3c0ee6b096d7f887c566e2e\"},\"headline\":\"Equipe do SAMU de Praia Grande realiza parto de beb\u00ea na ambul\u00e2ncia\",\"datePublished\":\"2023-01-24T17:12:43+00:00\",\"mainEntityOfPage\":{\"@id\":\"https:\\\/\\\/redenoticiaz.com.br\\\/litoralsp\\\/2023\\\/01\\\/24\\\/equipe-do-samu-de-praia-grande-realiza-parto-de-bebe-na-ambulancia\"},\"wordCount\":291,\"commentCount\":0,\"publisher\":{\"@id\":\"https:\\\/\\\/redenoticiaz.com.br\\\/litoralsp\\\/#organization\"},\"image\":{\"@id\":\"https:\\\/\\\/redenoticiaz.com.br\\\/litoralsp\\\/2023\\\/01\\\/24\\\/equipe-do-samu-de-praia-grande-realiza-parto-de-bebe-na-ambulancia#primaryimage\"},\"thumbnailUrl\":\"https:\\\/\\\/redenoticiaz.com.br\\\/litoralsp\\\/wp-content\\\/uploads\\\/sites\\\/3\\\/2023\\\/01\\\/Samu-foto-Jairo-Marques-1-575x383-1.jpg\",\"keywords\":[\"AMBUL\u00c2NCIA\",\"BEB\u00ca SALVO\",\"PRAIA GRANDE\",\"SAMU\"],\"articleSection\":[\"Praia Grande\"],\"inLanguage\":\"pt-BR\",\"potentialAction\":[{\"@type\":\"CommentAction\",\"name\":\"Comment\",\"target\":[\"https:\\\/\\\/redenoticiaz.com.br\\\/litoralsp\\\/2023\\\/01\\\/24\\\/equipe-do-samu-de-praia-grande-realiza-parto-de-bebe-na-ambulancia#respond\"]}]},{\"@type\":\"WebPage\",\"@id\":\"https:\\\/\\\/redenoticiaz.com.br\\\/litoralsp\\\/2023\\\/01\\\/24\\\/equipe-do-samu-de-praia-grande-realiza-parto-de-bebe-na-ambulancia\",\"url\":\"https:\\\/\\\/redenoticiaz.com.br\\\/litoralsp\\\/2023\\\/01\\\/24\\\/equipe-do-samu-de-praia-grande-realiza-parto-de-bebe-na-ambulancia\",\"name\":\"Equipe do SAMU de Praia Grande realiza parto de beb\u00ea na ambul\u00e2ncia - Litoral SP\",\"isPartOf\":{\"@id\":\"https:\\\/\\\/redenoticiaz.com.br\\\/litoralsp\\\/#website\"},\"primaryImageOfPage\":{\"@id\":\"https:\\\/\\\/redenoticiaz.com.br\\\/litoralsp\\\/2023\\\/01\\\/24\\\/equipe-do-samu-de-praia-grande-realiza-parto-de-bebe-na-ambulancia#primaryimage\"},\"image\":{\"@id\":\"https:\\\/\\\/redenoticiaz.com.br\\\/litoralsp\\\/2023\\\/01\\\/24\\\/equipe-do-samu-de-praia-grande-realiza-parto-de-bebe-na-ambulancia#primaryimage\"},\"thumbnailUrl\":\"https:\\\/\\\/redenoticiaz.com.br\\\/litoralsp\\\/wp-content\\\/uploads\\\/sites\\\/3\\\/2023\\\/01\\\/Samu-foto-Jairo-Marques-1-575x383-1.jpg\",\"datePublished\":\"2023-01-24T17:12:43+00:00\",\"description\":\"Uma equipe do SAMU de Praia Grande realizou o parto de um beb\u00ea na ambul\u00e2ncia e emocionou os pais da crian\u00e7a.\",\"inLanguage\":\"pt-BR\",\"potentialAction\":[{\"@type\":\"ReadAction\",\"target\":[\"https:\\\/\\\/redenoticiaz.com.br\\\/litoralsp\\\/2023\\\/01\\\/24\\\/equipe-do-samu-de-praia-grande-realiza-parto-de-bebe-na-ambulancia\"]}]},{\"@type\":\"ImageObject\",\"inLanguage\":\"pt-BR\",\"@id\":\"https:\\\/\\\/redenoticiaz.com.br\\\/litoralsp\\\/2023\\\/01\\\/24\\\/equipe-do-samu-de-praia-grande-realiza-parto-de-bebe-na-ambulancia#primaryimage\",\"url\":\"https:\\\/\\\/redenoticiaz.com.br\\\/litoralsp\\\/wp-content\\\/uploads\\\/sites\\\/3\\\/2023\\\/01\\\/Samu-foto-Jairo-Marques-1-575x383-1.jpg\",\"contentUrl\":\"https:\\\/\\\/redenoticiaz.com.br\\\/litoralsp\\\/wp-content\\\/uploads\\\/sites\\\/3\\\/2023\\\/01\\\/Samu-foto-Jairo-Marques-1-575x383-1.jpg\",\"width\":575,\"height\":383,\"caption\":\"Equipe do SAMU de Praia Grande realiza parto de beb\u00ea na ambul\u00e2ncia\"},{\"@type\":\"WebSite\",\"@id\":\"https:\\\/\\\/redenoticiaz.com.br\\\/litoralsp\\\/#website\",\"url\":\"https:\\\/\\\/redenoticiaz.com.br\\\/litoralsp\\\/\",\"name\":\"Litoral SP\",\"description\":\"Rede NoticiaZ\",\"publisher\":{\"@id\":\"https:\\\/\\\/redenoticiaz.com.br\\\/litoralsp\\\/#organization\"},\"potentialAction\":[{\"@type\":\"SearchAction\",\"target\":{\"@type\":\"EntryPoint\",\"urlTemplate\":\"https:\\\/\\\/redenoticiaz.com.br\\\/litoralsp\\\/?s={search_term_string}\"},\"query-input\":{\"@type\":\"PropertyValueSpecification\",\"valueRequired\":true,\"valueName\":\"search_term_string\"}}],\"inLanguage\":\"pt-BR\"},{\"@type\":\"Organization\",\"@id\":\"https:\\\/\\\/redenoticiaz.com.br\\\/litoralsp\\\/#organization\",\"name\":\"Litoral SP\",\"url\":\"https:\\\/\\\/redenoticiaz.com.br\\\/litoralsp\\\/\",\"logo\":{\"@type\":\"ImageObject\",\"inLanguage\":\"pt-BR\",\"@id\":\"https:\\\/\\\/redenoticiaz.com.br\\\/litoralsp\\\/#\\\/schema\\\/logo\\\/image\\\/\",\"url\":\"https:\\\/\\\/redenoticiaz.com.br\\\/litoralsp\\\/wp-content\\\/uploads\\\/sites\\\/3\\\/2020\\\/11\\\/logo.jpg\",\"contentUrl\":\"https:\\\/\\\/redenoticiaz.com.br\\\/litoralsp\\\/wp-content\\\/uploads\\\/sites\\\/3\\\/2020\\\/11\\\/logo.jpg\",\"width\":400,\"height\":250,\"caption\":\"Litoral SP\"},\"image\":{\"@id\":\"https:\\\/\\\/redenoticiaz.com.br\\\/litoralsp\\\/#\\\/schema\\\/logo\\\/image\\\/\"}},{\"@type\":\"Person\",\"@id\":\"https:\\\/\\\/redenoticiaz.com.br\\\/litoralsp\\\/#\\\/schema\\\/person\\\/16057b37a3c0ee6b096d7f887c566e2e\",\"name\":\"Gustavo Silva\",\"image\":{\"@type\":\"ImageObject\",\"inLanguage\":\"pt-BR\",\"@id\":\"https:\\\/\\\/secure.gravatar.com\\\/avatar\\\/3ee4e82f93b26de0a7cf4ea5eb7893da637ed6bb0c9170c58065944c56e28a33?s=96&d=mm&r=g\",\"url\":\"https:\\\/\\\/secure.gravatar.com\\\/avatar\\\/3ee4e82f93b26de0a7cf4ea5eb7893da637ed6bb0c9170c58065944c56e28a33?s=96&d=mm&r=g\",\"contentUrl\":\"https:\\\/\\\/secure.gravatar.com\\\/avatar\\\/3ee4e82f93b26de0a7cf4ea5eb7893da637ed6bb0c9170c58065944c56e28a33?s=96&d=mm&r=g\",\"caption\":\"Gustavo Silva\"},\"url\":\"https:\\\/\\\/redenoticiaz.com.br\\\/litoralsp\\\/author\\\/gustavosilva\"}]}<\/script>\n<!-- \/ Yoast SEO plugin. -->","yoast_head_json":{"title":"Equipe do SAMU de Praia Grande realiza parto de beb\u00ea na ambul\u00e2ncia - Litoral SP","description":"Uma equipe do SAMU de Praia Grande realizou o parto de um beb\u00ea na ambul\u00e2ncia e emocionou os pais da crian\u00e7a.","robots":{"index":"index","follow":"follow","max-snippet":"max-snippet:-1","max-image-preview":"max-image-preview:large","max-video-preview":"max-video-preview:-1"},"canonical":"https:\/\/redenoticiaz.com.br\/litoralsp\/2023\/01\/24\/equipe-do-samu-de-praia-grande-realiza-parto-de-bebe-na-ambulancia","og_locale":"pt_BR","og_type":"article","og_title":"Equipe do SAMU de Praia Grande realiza parto de beb\u00ea na ambul\u00e2ncia - Litoral SP","og_description":"Uma equipe do SAMU de Praia Grande realizou o parto de um beb\u00ea na ambul\u00e2ncia e emocionou os pais da crian\u00e7a.","og_url":"https:\/\/redenoticiaz.com.br\/litoralsp\/2023\/01\/24\/equipe-do-samu-de-praia-grande-realiza-parto-de-bebe-na-ambulancia","og_site_name":"Litoral SP","article_published_time":"2023-01-24T17:12:43+00:00","og_image":[{"width":575,"height":383,"url":"https:\/\/redenoticiaz.com.br\/litoralsp\/wp-content\/uploads\/sites\/3\/2023\/01\/Samu-foto-Jairo-Marques-1-575x383-1.jpg","type":"image\/jpeg"}],"author":"Gustavo Silva","twitter_card":"summary_large_image","twitter_misc":{"Escrito por":"Gustavo Silva","Est. tempo de leitura":"2 minutos"},"schema":{"@context":"https:\/\/schema.org","@graph":[{"@type":"Article","@id":"https:\/\/redenoticiaz.com.br\/litoralsp\/2023\/01\/24\/equipe-do-samu-de-praia-grande-realiza-parto-de-bebe-na-ambulancia#article","isPartOf":{"@id":"https:\/\/redenoticiaz.com.br\/litoralsp\/2023\/01\/24\/equipe-do-samu-de-praia-grande-realiza-parto-de-bebe-na-ambulancia"},"author":{"name":"Gustavo Silva","@id":"https:\/\/redenoticiaz.com.br\/litoralsp\/#\/schema\/person\/16057b37a3c0ee6b096d7f887c566e2e"},"headline":"Equipe do SAMU de Praia Grande realiza parto de beb\u00ea na ambul\u00e2ncia","datePublished":"2023-01-24T17:12:43+00:00","mainEntityOfPage":{"@id":"https:\/\/redenoticiaz.com.br\/litoralsp\/2023\/01\/24\/equipe-do-samu-de-praia-grande-realiza-parto-de-bebe-na-ambulancia"},"wordCount":291,"commentCount":0,"publisher":{"@id":"https:\/\/redenoticiaz.com.br\/litoralsp\/#organization"},"image":{"@id":"https:\/\/redenoticiaz.com.br\/litoralsp\/2023\/01\/24\/equipe-do-samu-de-praia-grande-realiza-parto-de-bebe-na-ambulancia#primaryimage"},"thumbnailUrl":"https:\/\/redenoticiaz.com.br\/litoralsp\/wp-content\/uploads\/sites\/3\/2023\/01\/Samu-foto-Jairo-Marques-1-575x383-1.jpg","keywords":["AMBUL\u00c2NCIA","BEB\u00ca SALVO","PRAIA GRANDE","SAMU"],"articleSection":["Praia Grande"],"inLanguage":"pt-BR","potentialAction":[{"@type":"CommentAction","name":"Comment","target":["https:\/\/redenoticiaz.com.br\/litoralsp\/2023\/01\/24\/equipe-do-samu-de-praia-grande-realiza-parto-de-bebe-na-ambulancia#respond"]}]},{"@type":"WebPage","@id":"https:\/\/redenoticiaz.com.br\/litoralsp\/2023\/01\/24\/equipe-do-samu-de-praia-grande-realiza-parto-de-bebe-na-ambulancia","url":"https:\/\/redenoticiaz.com.br\/litoralsp\/2023\/01\/24\/equipe-do-samu-de-praia-grande-realiza-parto-de-bebe-na-ambulancia","name":"Equipe do SAMU de Praia Grande realiza parto de beb\u00ea na ambul\u00e2ncia - Litoral SP","isPartOf":{"@id":"https:\/\/redenoticiaz.com.br\/litoralsp\/#website"},"primaryImageOfPage":{"@id":"https:\/\/redenoticiaz.com.br\/litoralsp\/2023\/01\/24\/equipe-do-samu-de-praia-grande-realiza-parto-de-bebe-na-ambulancia#primaryimage"},"image":{"@id":"https:\/\/redenoticiaz.com.br\/litoralsp\/2023\/01\/24\/equipe-do-samu-de-praia-grande-realiza-parto-de-bebe-na-ambulancia#primaryimage"},"thumbnailUrl":"https:\/\/redenoticiaz.com.br\/litoralsp\/wp-content\/uploads\/sites\/3\/2023\/01\/Samu-foto-Jairo-Marques-1-575x383-1.jpg","datePublished":"2023-01-24T17:12:43+00:00","description":"Uma equipe do SAMU de Praia Grande realizou o parto de um beb\u00ea na ambul\u00e2ncia e emocionou os pais da crian\u00e7a.","inLanguage":"pt-BR","potentialAction":[{"@type":"ReadAction","target":["https:\/\/redenoticiaz.com.br\/litoralsp\/2023\/01\/24\/equipe-do-samu-de-praia-grande-realiza-parto-de-bebe-na-ambulancia"]}]},{"@type":"ImageObject","inLanguage":"pt-BR","@id":"https:\/\/redenoticiaz.com.br\/litoralsp\/2023\/01\/24\/equipe-do-samu-de-praia-grande-realiza-parto-de-bebe-na-ambulancia#primaryimage","url":"https:\/\/redenoticiaz.com.br\/litoralsp\/wp-content\/uploads\/sites\/3\/2023\/01\/Samu-foto-Jairo-Marques-1-575x383-1.jpg","contentUrl":"https:\/\/redenoticiaz.com.br\/litoralsp\/wp-content\/uploads\/sites\/3\/2023\/01\/Samu-foto-Jairo-Marques-1-575x383-1.jpg","width":575,"height":383,"caption":"Equipe do SAMU de Praia Grande realiza parto de beb\u00ea na ambul\u00e2ncia"},{"@type":"WebSite","@id":"https:\/\/redenoticiaz.com.br\/litoralsp\/#website","url":"https:\/\/redenoticiaz.com.br\/litoralsp\/","name":"Litoral SP","description":"Rede NoticiaZ","publisher":{"@id":"https:\/\/redenoticiaz.com.br\/litoralsp\/#organization"},"potentialAction":[{"@type":"SearchAction","target":{"@type":"EntryPoint","urlTemplate":"https:\/\/redenoticiaz.com.br\/litoralsp\/?s={search_term_string}"},"query-input":{"@type":"PropertyValueSpecification","valueRequired":true,"valueName":"search_term_string"}}],"inLanguage":"pt-BR"},{"@type":"Organization","@id":"https:\/\/redenoticiaz.com.br\/litoralsp\/#organization","name":"Litoral SP","url":"https:\/\/redenoticiaz.com.br\/litoralsp\/","logo":{"@type":"ImageObject","inLanguage":"pt-BR","@id":"https:\/\/redenoticiaz.com.br\/litoralsp\/#\/schema\/logo\/image\/","url":"https:\/\/redenoticiaz.com.br\/litoralsp\/wp-content\/uploads\/sites\/3\/2020\/11\/logo.jpg","contentUrl":"https:\/\/redenoticiaz.com.br\/litoralsp\/wp-content\/uploads\/sites\/3\/2020\/11\/logo.jpg","width":400,"height":250,"caption":"Litoral SP"},"image":{"@id":"https:\/\/redenoticiaz.com.br\/litoralsp\/#\/schema\/logo\/image\/"}},{"@type":"Person","@id":"https:\/\/redenoticiaz.com.br\/litoralsp\/#\/schema\/person\/16057b37a3c0ee6b096d7f887c566e2e","name":"Gustavo Silva","image":{"@type":"ImageObject","inLanguage":"pt-BR","@id":"https:\/\/secure.gravatar.com\/avatar\/3ee4e82f93b26de0a7cf4ea5eb7893da637ed6bb0c9170c58065944c56e28a33?s=96&d=mm&r=g","url":"https:\/\/secure.gravatar.com\/avatar\/3ee4e82f93b26de0a7cf4ea5eb7893da637ed6bb0c9170c58065944c56e28a33?s=96&d=mm&r=g","contentUrl":"https:\/\/secure.gravatar.com\/avatar\/3ee4e82f93b26de0a7cf4ea5eb7893da637ed6bb0c9170c58065944c56e28a33?s=96&d=mm&r=g","caption":"Gustavo Silva"},"url":"https:\/\/redenoticiaz.com.br\/litoralsp\/author\/gustavosilva"}]}},"_links":{"self":[{"href":"https:\/\/redenoticiaz.com.br\/litoralsp\/wp-json\/wp\/v2\/posts\/99470","targetHints":{"allow":["GET"]}}],"collection":[{"href":"https:\/\/redenoticiaz.com.br\/litoralsp\/wp-json\/wp\/v2\/posts"}],"about":[{"href":"https:\/\/redenoticiaz.com.br\/litoralsp\/wp-json\/wp\/v2\/types\/post"}],"author":[{"embeddable":true,"href":"https:\/\/redenoticiaz.com.br\/litoralsp\/wp-json\/wp\/v2\/users\/12"}],"replies":[{"embeddable":true,"href":"https:\/\/redenoticiaz.com.br\/litoralsp\/wp-json\/wp\/v2\/comments?post=99470"}],"version-history":[{"count":1,"href":"https:\/\/redenoticiaz.com.br\/litoralsp\/wp-json\/wp\/v2\/posts\/99470\/revisions"}],"predecessor-version":[{"id":99472,"href":"https:\/\/redenoticiaz.com.br\/litoralsp\/wp-json\/wp\/v2\/posts\/99470\/revisions\/99472"}],"wp:featuredmedia":[{"embeddable":true,"href":"https:\/\/redenoticiaz.com.br\/litoralsp\/wp-json\/wp\/v2\/media\/99471"}],"wp:attachment":[{"href":"https:\/\/redenoticiaz.com.br\/litoralsp\/wp-json\/wp\/v2\/media?parent=99470"}],"wp:term":[{"taxonomy":"category","embeddable":true,"href":"https:\/\/redenoticiaz.com.br\/litoralsp\/wp-json\/wp\/v2\/categories?post=99470"},{"taxonomy":"post_tag","embeddable":true,"href":"https:\/\/redenoticiaz.com.br\/litoralsp\/wp-json\/wp\/v2\/tags?post=99470"}],"curies":[{"name":"wp","href":"https:\/\/api.w.org\/{rel}","templated":true}]}}