{"id":99473,"date":"2023-01-24T14:33:38","date_gmt":"2023-01-24T17:33:38","guid":{"rendered":"https:\/\/redenoticiaz.com.br\/litoralsp\/?p=99473"},"modified":"2023-01-24T14:55:11","modified_gmt":"2023-01-24T17:55:11","slug":"casais-sao-sequestrados-e-ficam-em-cativeiro-como-refens","status":"publish","type":"post","link":"https:\/\/redenoticiaz.com.br\/litoralsp\/2023\/01\/24\/casais-sao-sequestrados-e-ficam-em-cativeiro-como-refens","title":{"rendered":"Casais s\u00e3o sequestrados e ficam em cativeiro como ref\u00e9ns"},"content":{"rendered":"<p>Dois casais foram sequestrados na rodovia C\u00f4nego Dom\u00eanico Rangoni, na altura de Cubat\u00e3o e feitos ref\u00e9n.<\/p>\n<p>De acordo com as informa\u00e7\u00f5es, os casais foram parados por um carro com um giroflex, que levou ambos para um cativeiro. Eles s\u00f3 foram soltos ap\u00f3s pagamentos via PIX.<\/p>\n<p>Ainda de acordo com as informa\u00e7\u00f5es, os casais foram sequestrados em momentos diferentes e n\u00e3o se conhecem. As v\u00edtimas s\u00e3o dois homens de 33 e 39 anos e duas mulheres de 22 e 32.<\/p>\n<h2>Primeiro Sequestro<\/h2>\n<p>O primeiro casal foi sequestrado \u00e1s 2h15 na rodovia C\u00f4nego Dom\u00eanico Rangoni quando saiam de Guaruj\u00e1 e iam para a capital paulista.<\/p>\n<div id=\"chunk-2b3t5\">\n<div class=\"mc-column content-text active-extra-styles \" data-block-type=\"unstyled\" data-block-weight=\"58\" data-block-id=\"3\"><\/div>\n<\/div>\n<p class=\"content-text__container \" data-track-category=\"Link no Texto\" data-track-links=\"\">Os criminosos usaram um carro com dispositivos de alarme sonora e ilumina\u00e7\u00e3o vermelha como se fossem policiais. Ap\u00f3s pararem o carro, desceram com fuzis e pistolas.<\/p>\n<p data-track-category=\"Link no Texto\" data-track-links=\"\">Enfim, foram levados a uma casa de madeira e no local foram obrigados a realizar transfer\u00eancias banc\u00e1rias e passar a senha de cart\u00f5es de cr\u00e9dito e dados pessoais.<\/p>\n<div class=\"wall protected-content\">\n<div id=\"chunk-8lc60\">\n<div class=\"mc-column content-text active-extra-styles \" data-block-type=\"unstyled\" data-block-weight=\"35\" data-block-id=\"5\">\n<h3 class=\"content-text__container \" data-track-category=\"Link no Texto\">Segundo Sequestro<\/h3>\n<p data-track-category=\"Link no Texto\" data-track-links=\"\">O segundo casal foi sequestrado por volta de 4 horas da manh\u00e3 e foram encaminhados a um local onde tamb\u00e9m foram obrigados a fazer transa\u00e7\u00f5es banc\u00e1rias.<\/p>\n<\/div>\n<\/div>\n<\/div>\n<div id=\"chunk-b2mbh\">\n<div class=\"content-ads content-ads--reveal\" data-block-type=\"ads\" data-block-id=\"11\">\n<h4 class=\"content-text__container \" data-track-category=\"Link no Texto\">Libertados<\/h4>\n<p data-track-category=\"Link no Texto\" data-track-links=\"\">De acordo com as informa\u00e7\u00f5es, ambos os casais foram libertados nesta ter\u00e7a-feira por volta de 06h00, e foram deixados as margens da rodovia C\u00f4nego Dom\u00eanico Rangoni, em Cubat\u00e3o.<\/p>\n<p data-track-category=\"Link no Texto\" data-track-links=\"\">Eles pediram ajuda em uma empresa portu\u00e1ria, em seguida foram levados \u00e0 Delegacia Sede de Cubat\u00e3o para prestar depoimento. O valor das transa\u00e7\u00f5es feitas pelas v\u00edtimas n\u00e3o foi informado.<\/p>\n<p data-track-category=\"Link no Texto\" data-track-links=\"\"><strong>Leia mais<\/strong><\/p>\n<p data-track-category=\"Link no Texto\" data-track-links=\"\"><a href=\"https:\/\/redenoticiaz.com.br\/litoralsp\/2023\/01\/05\/homem-encontrado-morto-embaixo-de-ponte-de-cubatao-era-suspeito-de-estuprar-adolescente\">Homem encontrado morto embaixo de ponte de Cubat\u00e3o era suspeito de estuprar adolescente<\/a><\/p>\n<\/div>\n<\/div>\n","protected":false},"excerpt":{"rendered":"<p>Dois casais foram sequestrados na rodovia C\u00f4nego Dom\u00eanico Rangoni, na altura de Cubat\u00e3o e feitos ref\u00e9n. De acordo com as informa\u00e7\u00f5es, os casais foram parados por um carro com um giroflex, que levou ambos para um cativeiro. Eles s\u00f3 foram soltos ap\u00f3s pagamentos via PIX. Ainda de acordo com as informa\u00e7\u00f5es, os casais foram sequestrados &hellip;<\/p>\n","protected":false},"author":12,"featured_media":99474,"comment_status":"open","ping_status":"closed","sticky":false,"template":"","format":"standard","meta":{"footnotes":""},"categories":[186],"tags":[60161,1024,32238,1764],"class_list":["post-99473","post","type-post","status-publish","format-standard","has-post-thumbnail","hentry","category-cubatao","tag-conego-domenico-rangoni","tag-cubatao","tag-rodovia","tag-sequestro"],"yoast_head":"<!-- This site is optimized with the Yoast SEO plugin v27.5 - https:\/\/yoast.com\/product\/yoast-seo-wordpress\/ -->\n<title>Casais s\u00e3o sequestrados e ficam em cativeiro como ref\u00e9ns - Litoral SP<\/title>\n<meta name=\"description\" content=\"Dois casais foram sequestrados na rodovia C\u00f4nego Dom\u00eanico Rangoni, na altura de Cubat\u00e3o e feitos ref\u00e9ns ap\u00f3s ficarem em cativeiro.\" \/>\n<meta name=\"robots\" content=\"index, follow, max-snippet:-1, max-image-preview:large, max-video-preview:-1\" \/>\n<link rel=\"canonical\" href=\"https:\/\/redenoticiaz.com.br\/litoralsp\/2023\/01\/24\/casais-sao-sequestrados-e-ficam-em-cativeiro-como-refens\" \/>\n<meta property=\"og:locale\" content=\"pt_BR\" \/>\n<meta property=\"og:type\" content=\"article\" \/>\n<meta property=\"og:title\" content=\"Casais s\u00e3o sequestrados e ficam em cativeiro como ref\u00e9ns - Litoral SP\" \/>\n<meta property=\"og:description\" content=\"Dois casais foram sequestrados na rodovia C\u00f4nego Dom\u00eanico Rangoni, na altura de Cubat\u00e3o e feitos ref\u00e9ns ap\u00f3s ficarem em cativeiro.\" \/>\n<meta property=\"og:url\" content=\"https:\/\/redenoticiaz.com.br\/litoralsp\/2023\/01\/24\/casais-sao-sequestrados-e-ficam-em-cativeiro-como-refens\" \/>\n<meta property=\"og:site_name\" content=\"Litoral SP\" \/>\n<meta property=\"article:published_time\" content=\"2023-01-24T17:33:38+00:00\" \/>\n<meta property=\"article:modified_time\" content=\"2023-01-24T17:55:11+00:00\" \/>\n<meta property=\"og:image\" content=\"https:\/\/redenoticiaz.com.br\/litoralsp\/wp-content\/uploads\/sites\/3\/2023\/01\/cativeiro.jpg\" \/>\n\t<meta property=\"og:image:width\" content=\"984\" \/>\n\t<meta property=\"og:image:height\" content=\"570\" \/>\n\t<meta property=\"og:image:type\" content=\"image\/jpeg\" \/>\n<meta name=\"author\" content=\"Gustavo Silva\" \/>\n<meta name=\"twitter:card\" content=\"summary_large_image\" \/>\n<meta name=\"twitter:label1\" content=\"Escrito por\" \/>\n\t<meta name=\"twitter:data1\" content=\"Gustavo Silva\" \/>\n\t<meta name=\"twitter:label2\" content=\"Est. tempo de leitura\" \/>\n\t<meta name=\"twitter:data2\" content=\"2 minutos\" \/>\n<script type=\"application\/ld+json\" class=\"yoast-schema-graph\">{\"@context\":\"https:\\\/\\\/schema.org\",\"@graph\":[{\"@type\":\"Article\",\"@id\":\"https:\\\/\\\/redenoticiaz.com.br\\\/litoralsp\\\/2023\\\/01\\\/24\\\/casais-sao-sequestrados-e-ficam-em-cativeiro-como-refens#article\",\"isPartOf\":{\"@id\":\"https:\\\/\\\/redenoticiaz.com.br\\\/litoralsp\\\/2023\\\/01\\\/24\\\/casais-sao-sequestrados-e-ficam-em-cativeiro-como-refens\"},\"author\":{\"name\":\"Gustavo Silva\",\"@id\":\"https:\\\/\\\/redenoticiaz.com.br\\\/litoralsp\\\/#\\\/schema\\\/person\\\/16057b37a3c0ee6b096d7f887c566e2e\"},\"headline\":\"Casais s\u00e3o sequestrados e ficam em cativeiro como ref\u00e9ns\",\"datePublished\":\"2023-01-24T17:33:38+00:00\",\"dateModified\":\"2023-01-24T17:55:11+00:00\",\"mainEntityOfPage\":{\"@id\":\"https:\\\/\\\/redenoticiaz.com.br\\\/litoralsp\\\/2023\\\/01\\\/24\\\/casais-sao-sequestrados-e-ficam-em-cativeiro-como-refens\"},\"wordCount\":295,\"commentCount\":0,\"publisher\":{\"@id\":\"https:\\\/\\\/redenoticiaz.com.br\\\/litoralsp\\\/#organization\"},\"image\":{\"@id\":\"https:\\\/\\\/redenoticiaz.com.br\\\/litoralsp\\\/2023\\\/01\\\/24\\\/casais-sao-sequestrados-e-ficam-em-cativeiro-como-refens#primaryimage\"},\"thumbnailUrl\":\"https:\\\/\\\/redenoticiaz.com.br\\\/litoralsp\\\/wp-content\\\/uploads\\\/sites\\\/3\\\/2023\\\/01\\\/cativeiro.jpg\",\"keywords\":[\"C\u00f4nego Dom\u00eanico Rangoni\",\"CUBAT\u00c3O\",\"RODOVIA\",\"SEQUESTRO\"],\"articleSection\":[\"Cubat\u00e3o\"],\"inLanguage\":\"pt-BR\",\"potentialAction\":[{\"@type\":\"CommentAction\",\"name\":\"Comment\",\"target\":[\"https:\\\/\\\/redenoticiaz.com.br\\\/litoralsp\\\/2023\\\/01\\\/24\\\/casais-sao-sequestrados-e-ficam-em-cativeiro-como-refens#respond\"]}]},{\"@type\":\"WebPage\",\"@id\":\"https:\\\/\\\/redenoticiaz.com.br\\\/litoralsp\\\/2023\\\/01\\\/24\\\/casais-sao-sequestrados-e-ficam-em-cativeiro-como-refens\",\"url\":\"https:\\\/\\\/redenoticiaz.com.br\\\/litoralsp\\\/2023\\\/01\\\/24\\\/casais-sao-sequestrados-e-ficam-em-cativeiro-como-refens\",\"name\":\"Casais s\u00e3o sequestrados e ficam em cativeiro como ref\u00e9ns - Litoral SP\",\"isPartOf\":{\"@id\":\"https:\\\/\\\/redenoticiaz.com.br\\\/litoralsp\\\/#website\"},\"primaryImageOfPage\":{\"@id\":\"https:\\\/\\\/redenoticiaz.com.br\\\/litoralsp\\\/2023\\\/01\\\/24\\\/casais-sao-sequestrados-e-ficam-em-cativeiro-como-refens#primaryimage\"},\"image\":{\"@id\":\"https:\\\/\\\/redenoticiaz.com.br\\\/litoralsp\\\/2023\\\/01\\\/24\\\/casais-sao-sequestrados-e-ficam-em-cativeiro-como-refens#primaryimage\"},\"thumbnailUrl\":\"https:\\\/\\\/redenoticiaz.com.br\\\/litoralsp\\\/wp-content\\\/uploads\\\/sites\\\/3\\\/2023\\\/01\\\/cativeiro.jpg\",\"datePublished\":\"2023-01-24T17:33:38+00:00\",\"dateModified\":\"2023-01-24T17:55:11+00:00\",\"description\":\"Dois casais foram sequestrados na rodovia C\u00f4nego Dom\u00eanico Rangoni, na altura de Cubat\u00e3o e feitos ref\u00e9ns ap\u00f3s ficarem em cativeiro.\",\"inLanguage\":\"pt-BR\",\"potentialAction\":[{\"@type\":\"ReadAction\",\"target\":[\"https:\\\/\\\/redenoticiaz.com.br\\\/litoralsp\\\/2023\\\/01\\\/24\\\/casais-sao-sequestrados-e-ficam-em-cativeiro-como-refens\"]}]},{\"@type\":\"ImageObject\",\"inLanguage\":\"pt-BR\",\"@id\":\"https:\\\/\\\/redenoticiaz.com.br\\\/litoralsp\\\/2023\\\/01\\\/24\\\/casais-sao-sequestrados-e-ficam-em-cativeiro-como-refens#primaryimage\",\"url\":\"https:\\\/\\\/redenoticiaz.com.br\\\/litoralsp\\\/wp-content\\\/uploads\\\/sites\\\/3\\\/2023\\\/01\\\/cativeiro.jpg\",\"contentUrl\":\"https:\\\/\\\/redenoticiaz.com.br\\\/litoralsp\\\/wp-content\\\/uploads\\\/sites\\\/3\\\/2023\\\/01\\\/cativeiro.jpg\",\"width\":984,\"height\":570,\"caption\":\"Casais s\u00e3o sequestrados e ficam em cativeiro como ref\u00e9ns\"},{\"@type\":\"WebSite\",\"@id\":\"https:\\\/\\\/redenoticiaz.com.br\\\/litoralsp\\\/#website\",\"url\":\"https:\\\/\\\/redenoticiaz.com.br\\\/litoralsp\\\/\",\"name\":\"Litoral SP\",\"description\":\"Rede NoticiaZ\",\"publisher\":{\"@id\":\"https:\\\/\\\/redenoticiaz.com.br\\\/litoralsp\\\/#organization\"},\"potentialAction\":[{\"@type\":\"SearchAction\",\"target\":{\"@type\":\"EntryPoint\",\"urlTemplate\":\"https:\\\/\\\/redenoticiaz.com.br\\\/litoralsp\\\/?s={search_term_string}\"},\"query-input\":{\"@type\":\"PropertyValueSpecification\",\"valueRequired\":true,\"valueName\":\"search_term_string\"}}],\"inLanguage\":\"pt-BR\"},{\"@type\":\"Organization\",\"@id\":\"https:\\\/\\\/redenoticiaz.com.br\\\/litoralsp\\\/#organization\",\"name\":\"Litoral SP\",\"url\":\"https:\\\/\\\/redenoticiaz.com.br\\\/litoralsp\\\/\",\"logo\":{\"@type\":\"ImageObject\",\"inLanguage\":\"pt-BR\",\"@id\":\"https:\\\/\\\/redenoticiaz.com.br\\\/litoralsp\\\/#\\\/schema\\\/logo\\\/image\\\/\",\"url\":\"https:\\\/\\\/redenoticiaz.com.br\\\/litoralsp\\\/wp-content\\\/uploads\\\/sites\\\/3\\\/2020\\\/11\\\/logo.jpg\",\"contentUrl\":\"https:\\\/\\\/redenoticiaz.com.br\\\/litoralsp\\\/wp-content\\\/uploads\\\/sites\\\/3\\\/2020\\\/11\\\/logo.jpg\",\"width\":400,\"height\":250,\"caption\":\"Litoral SP\"},\"image\":{\"@id\":\"https:\\\/\\\/redenoticiaz.com.br\\\/litoralsp\\\/#\\\/schema\\\/logo\\\/image\\\/\"}},{\"@type\":\"Person\",\"@id\":\"https:\\\/\\\/redenoticiaz.com.br\\\/litoralsp\\\/#\\\/schema\\\/person\\\/16057b37a3c0ee6b096d7f887c566e2e\",\"name\":\"Gustavo Silva\",\"image\":{\"@type\":\"ImageObject\",\"inLanguage\":\"pt-BR\",\"@id\":\"https:\\\/\\\/secure.gravatar.com\\\/avatar\\\/3ee4e82f93b26de0a7cf4ea5eb7893da637ed6bb0c9170c58065944c56e28a33?s=96&d=mm&r=g\",\"url\":\"https:\\\/\\\/secure.gravatar.com\\\/avatar\\\/3ee4e82f93b26de0a7cf4ea5eb7893da637ed6bb0c9170c58065944c56e28a33?s=96&d=mm&r=g\",\"contentUrl\":\"https:\\\/\\\/secure.gravatar.com\\\/avatar\\\/3ee4e82f93b26de0a7cf4ea5eb7893da637ed6bb0c9170c58065944c56e28a33?s=96&d=mm&r=g\",\"caption\":\"Gustavo Silva\"},\"url\":\"https:\\\/\\\/redenoticiaz.com.br\\\/litoralsp\\\/author\\\/gustavosilva\"}]}<\/script>\n<!-- \/ Yoast SEO plugin. -->","yoast_head_json":{"title":"Casais s\u00e3o sequestrados e ficam em cativeiro como ref\u00e9ns - Litoral SP","description":"Dois casais foram sequestrados na rodovia C\u00f4nego Dom\u00eanico Rangoni, na altura de Cubat\u00e3o e feitos ref\u00e9ns ap\u00f3s ficarem em cativeiro.","robots":{"index":"index","follow":"follow","max-snippet":"max-snippet:-1","max-image-preview":"max-image-preview:large","max-video-preview":"max-video-preview:-1"},"canonical":"https:\/\/redenoticiaz.com.br\/litoralsp\/2023\/01\/24\/casais-sao-sequestrados-e-ficam-em-cativeiro-como-refens","og_locale":"pt_BR","og_type":"article","og_title":"Casais s\u00e3o sequestrados e ficam em cativeiro como ref\u00e9ns - Litoral SP","og_description":"Dois casais foram sequestrados na rodovia C\u00f4nego Dom\u00eanico Rangoni, na altura de Cubat\u00e3o e feitos ref\u00e9ns ap\u00f3s ficarem em cativeiro.","og_url":"https:\/\/redenoticiaz.com.br\/litoralsp\/2023\/01\/24\/casais-sao-sequestrados-e-ficam-em-cativeiro-como-refens","og_site_name":"Litoral SP","article_published_time":"2023-01-24T17:33:38+00:00","article_modified_time":"2023-01-24T17:55:11+00:00","og_image":[{"width":984,"height":570,"url":"https:\/\/redenoticiaz.com.br\/litoralsp\/wp-content\/uploads\/sites\/3\/2023\/01\/cativeiro.jpg","type":"image\/jpeg"}],"author":"Gustavo Silva","twitter_card":"summary_large_image","twitter_misc":{"Escrito por":"Gustavo Silva","Est. tempo de leitura":"2 minutos"},"schema":{"@context":"https:\/\/schema.org","@graph":[{"@type":"Article","@id":"https:\/\/redenoticiaz.com.br\/litoralsp\/2023\/01\/24\/casais-sao-sequestrados-e-ficam-em-cativeiro-como-refens#article","isPartOf":{"@id":"https:\/\/redenoticiaz.com.br\/litoralsp\/2023\/01\/24\/casais-sao-sequestrados-e-ficam-em-cativeiro-como-refens"},"author":{"name":"Gustavo Silva","@id":"https:\/\/redenoticiaz.com.br\/litoralsp\/#\/schema\/person\/16057b37a3c0ee6b096d7f887c566e2e"},"headline":"Casais s\u00e3o sequestrados e ficam em cativeiro como ref\u00e9ns","datePublished":"2023-01-24T17:33:38+00:00","dateModified":"2023-01-24T17:55:11+00:00","mainEntityOfPage":{"@id":"https:\/\/redenoticiaz.com.br\/litoralsp\/2023\/01\/24\/casais-sao-sequestrados-e-ficam-em-cativeiro-como-refens"},"wordCount":295,"commentCount":0,"publisher":{"@id":"https:\/\/redenoticiaz.com.br\/litoralsp\/#organization"},"image":{"@id":"https:\/\/redenoticiaz.com.br\/litoralsp\/2023\/01\/24\/casais-sao-sequestrados-e-ficam-em-cativeiro-como-refens#primaryimage"},"thumbnailUrl":"https:\/\/redenoticiaz.com.br\/litoralsp\/wp-content\/uploads\/sites\/3\/2023\/01\/cativeiro.jpg","keywords":["C\u00f4nego Dom\u00eanico Rangoni","CUBAT\u00c3O","RODOVIA","SEQUESTRO"],"articleSection":["Cubat\u00e3o"],"inLanguage":"pt-BR","potentialAction":[{"@type":"CommentAction","name":"Comment","target":["https:\/\/redenoticiaz.com.br\/litoralsp\/2023\/01\/24\/casais-sao-sequestrados-e-ficam-em-cativeiro-como-refens#respond"]}]},{"@type":"WebPage","@id":"https:\/\/redenoticiaz.com.br\/litoralsp\/2023\/01\/24\/casais-sao-sequestrados-e-ficam-em-cativeiro-como-refens","url":"https:\/\/redenoticiaz.com.br\/litoralsp\/2023\/01\/24\/casais-sao-sequestrados-e-ficam-em-cativeiro-como-refens","name":"Casais s\u00e3o sequestrados e ficam em cativeiro como ref\u00e9ns - Litoral SP","isPartOf":{"@id":"https:\/\/redenoticiaz.com.br\/litoralsp\/#website"},"primaryImageOfPage":{"@id":"https:\/\/redenoticiaz.com.br\/litoralsp\/2023\/01\/24\/casais-sao-sequestrados-e-ficam-em-cativeiro-como-refens#primaryimage"},"image":{"@id":"https:\/\/redenoticiaz.com.br\/litoralsp\/2023\/01\/24\/casais-sao-sequestrados-e-ficam-em-cativeiro-como-refens#primaryimage"},"thumbnailUrl":"https:\/\/redenoticiaz.com.br\/litoralsp\/wp-content\/uploads\/sites\/3\/2023\/01\/cativeiro.jpg","datePublished":"2023-01-24T17:33:38+00:00","dateModified":"2023-01-24T17:55:11+00:00","description":"Dois casais foram sequestrados na rodovia C\u00f4nego Dom\u00eanico Rangoni, na altura de Cubat\u00e3o e feitos ref\u00e9ns ap\u00f3s ficarem em cativeiro.","inLanguage":"pt-BR","potentialAction":[{"@type":"ReadAction","target":["https:\/\/redenoticiaz.com.br\/litoralsp\/2023\/01\/24\/casais-sao-sequestrados-e-ficam-em-cativeiro-como-refens"]}]},{"@type":"ImageObject","inLanguage":"pt-BR","@id":"https:\/\/redenoticiaz.com.br\/litoralsp\/2023\/01\/24\/casais-sao-sequestrados-e-ficam-em-cativeiro-como-refens#primaryimage","url":"https:\/\/redenoticiaz.com.br\/litoralsp\/wp-content\/uploads\/sites\/3\/2023\/01\/cativeiro.jpg","contentUrl":"https:\/\/redenoticiaz.com.br\/litoralsp\/wp-content\/uploads\/sites\/3\/2023\/01\/cativeiro.jpg","width":984,"height":570,"caption":"Casais s\u00e3o sequestrados e ficam em cativeiro como ref\u00e9ns"},{"@type":"WebSite","@id":"https:\/\/redenoticiaz.com.br\/litoralsp\/#website","url":"https:\/\/redenoticiaz.com.br\/litoralsp\/","name":"Litoral SP","description":"Rede NoticiaZ","publisher":{"@id":"https:\/\/redenoticiaz.com.br\/litoralsp\/#organization"},"potentialAction":[{"@type":"SearchAction","target":{"@type":"EntryPoint","urlTemplate":"https:\/\/redenoticiaz.com.br\/litoralsp\/?s={search_term_string}"},"query-input":{"@type":"PropertyValueSpecification","valueRequired":true,"valueName":"search_term_string"}}],"inLanguage":"pt-BR"},{"@type":"Organization","@id":"https:\/\/redenoticiaz.com.br\/litoralsp\/#organization","name":"Litoral SP","url":"https:\/\/redenoticiaz.com.br\/litoralsp\/","logo":{"@type":"ImageObject","inLanguage":"pt-BR","@id":"https:\/\/redenoticiaz.com.br\/litoralsp\/#\/schema\/logo\/image\/","url":"https:\/\/redenoticiaz.com.br\/litoralsp\/wp-content\/uploads\/sites\/3\/2020\/11\/logo.jpg","contentUrl":"https:\/\/redenoticiaz.com.br\/litoralsp\/wp-content\/uploads\/sites\/3\/2020\/11\/logo.jpg","width":400,"height":250,"caption":"Litoral SP"},"image":{"@id":"https:\/\/redenoticiaz.com.br\/litoralsp\/#\/schema\/logo\/image\/"}},{"@type":"Person","@id":"https:\/\/redenoticiaz.com.br\/litoralsp\/#\/schema\/person\/16057b37a3c0ee6b096d7f887c566e2e","name":"Gustavo Silva","image":{"@type":"ImageObject","inLanguage":"pt-BR","@id":"https:\/\/secure.gravatar.com\/avatar\/3ee4e82f93b26de0a7cf4ea5eb7893da637ed6bb0c9170c58065944c56e28a33?s=96&d=mm&r=g","url":"https:\/\/secure.gravatar.com\/avatar\/3ee4e82f93b26de0a7cf4ea5eb7893da637ed6bb0c9170c58065944c56e28a33?s=96&d=mm&r=g","contentUrl":"https:\/\/secure.gravatar.com\/avatar\/3ee4e82f93b26de0a7cf4ea5eb7893da637ed6bb0c9170c58065944c56e28a33?s=96&d=mm&r=g","caption":"Gustavo Silva"},"url":"https:\/\/redenoticiaz.com.br\/litoralsp\/author\/gustavosilva"}]}},"_links":{"self":[{"href":"https:\/\/redenoticiaz.com.br\/litoralsp\/wp-json\/wp\/v2\/posts\/99473","targetHints":{"allow":["GET"]}}],"collection":[{"href":"https:\/\/redenoticiaz.com.br\/litoralsp\/wp-json\/wp\/v2\/posts"}],"about":[{"href":"https:\/\/redenoticiaz.com.br\/litoralsp\/wp-json\/wp\/v2\/types\/post"}],"author":[{"embeddable":true,"href":"https:\/\/redenoticiaz.com.br\/litoralsp\/wp-json\/wp\/v2\/users\/12"}],"replies":[{"embeddable":true,"href":"https:\/\/redenoticiaz.com.br\/litoralsp\/wp-json\/wp\/v2\/comments?post=99473"}],"version-history":[{"count":2,"href":"https:\/\/redenoticiaz.com.br\/litoralsp\/wp-json\/wp\/v2\/posts\/99473\/revisions"}],"predecessor-version":[{"id":99480,"href":"https:\/\/redenoticiaz.com.br\/litoralsp\/wp-json\/wp\/v2\/posts\/99473\/revisions\/99480"}],"wp:featuredmedia":[{"embeddable":true,"href":"https:\/\/redenoticiaz.com.br\/litoralsp\/wp-json\/wp\/v2\/media\/99474"}],"wp:attachment":[{"href":"https:\/\/redenoticiaz.com.br\/litoralsp\/wp-json\/wp\/v2\/media?parent=99473"}],"wp:term":[{"taxonomy":"category","embeddable":true,"href":"https:\/\/redenoticiaz.com.br\/litoralsp\/wp-json\/wp\/v2\/categories?post=99473"},{"taxonomy":"post_tag","embeddable":true,"href":"https:\/\/redenoticiaz.com.br\/litoralsp\/wp-json\/wp\/v2\/tags?post=99473"}],"curies":[{"name":"wp","href":"https:\/\/api.w.org\/{rel}","templated":true}]}}