{"id":99509,"date":"2023-01-25T09:30:41","date_gmt":"2023-01-25T12:30:41","guid":{"rendered":"https:\/\/redenoticiaz.com.br\/litoralsp\/2023\/01\/25\/sao-paulo-completa-469-anos-grandiosa-a-5-cidade-mais-cara-da-america-latina-ainda-oferece-desigualdade"},"modified":"2023-01-25T09:30:41","modified_gmt":"2023-01-25T12:30:41","slug":"sao-paulo-completa-469-anos-grandiosa-a-5-cidade-mais-cara-da-america-latina-ainda-oferece-desigualdade","status":"publish","type":"post","link":"https:\/\/redenoticiaz.com.br\/litoralsp\/2023\/01\/25\/sao-paulo-completa-469-anos-grandiosa-a-5-cidade-mais-cara-da-america-latina-ainda-oferece-desigualdade","title":{"rendered":"S\u00e3o Paulo completa 469 anos: Grandiosa, a 5\u00b0 cidade mais cara da Am\u00e9rica Latina, ainda oferece desigualdade"},"content":{"rendered":"<p>Um brinde a<strong> S\u00e3o Paulo, <\/strong>nesta quarta-feira (25), a cidade completa<strong> 469 anos.<\/strong>\u00a0A capital que chama aten\u00e7\u00e3o pela sua grandeza tamb\u00e9m aponta diante das ruas a sua desigualdade; uma cidade de extremos, mas mesmo com muito a melhorar ela cativa quem a conhece.<\/p>\n<p>Uma <strong>cidade tur\u00edstica<\/strong>, segundo dados do Observat\u00f3rio do\u00a0Turismo e Eventos da prefeitura de S\u00e3o Paulo, a cidade<b>\u00a0atrai<\/b>\u00a0mais de 15 milh\u00f5es de\u00a0<b>turistas<\/b>, sendo quase 20% estrangeiros.<\/p>\n<h3>Cultura, lazer e gastronomia s\u00e3o destaque<\/h3>\n<p>A cultura est\u00e1 por toda cidade, suas ruas e monumentos contam sua hist\u00f3ria, como o bairro da Liberdade, Centro, Avenida Paulista, al\u00e9m dos museus e casas de cultura. Algumas como: Pinacoteca, Museu da Lingua Portuguesa, Museu do Futebol, MASP, Museu da Bolsa de Valores, oferecem uma vez por semana,<strong> entrada gratuita.<\/strong><\/p>\n<p>O <strong>verde<\/strong> existe no meio do cinza, os parques est\u00e3o por todo lado. O parque da Luz que fica ao lado da esta\u00e7\u00e3o do metro com mesmo nome. Outro parque acompanha a rodovia Ayrton Cena, a qual \u00e9 o Parque Ecol\u00f3gico do Tiet\u00ea. Coladinho no Sesc Itaquera, o Parque do Carmo tem como destaque as cerejeiras que florescem uma vez ao ano.<\/p>\n<p>No meio da selva de pedra, o Parque da \u00c1gua Branca, traz um respiro, com muita vegeta\u00e7\u00e3o voc\u00ea pode encontrar animais andando solto pelo local. Por \u00faltimo a Paulista tamb\u00e9m tem o seu ponto verde, Parque Trianon ocupa atualmente dois quarteir\u00f5es da avenida.<\/p>\n<p>A cidade tamb\u00e9m \u00e9 considerada o maior polo gastron\u00f4mico. O t\u00edtulo\u00a0de capital mundial da\u00a0<b>gastronomia, <\/b>aconteceu\u00a0durante a abertura do 10\u00ba Cihat (Congresso Internacional de Hospedagem,\u00a0<b>Gastronomia<\/b>\u00a0e Turismo), no Memorial da\u00a0<b>Am\u00e9rica Latina<\/b>. Por outro lado, nas ruas e becos a muitos que passam fome.<\/p>\n<p>Gigante, com 25 mil quil\u00f4metros de rua, a capital Paulista tem o maior Hospital da America Latina &#8211; Hospital das Cl\u00ednicas, diariamente recebe cerca de 40 mil pessoas. Seu complexo cheio de tecnologia, sa\u00fade de ponta, conte\u00fado, filas para atendimento m\u00e9dico.<\/p>\n<p>A mudan\u00e7a nesse territ\u00f3rio da <strong>desigualdade<\/strong> acontece com, solidariedade, frente de trabalho justa e educa\u00e7\u00e3o de qualidade para, assim, ter uma S\u00e3o Paulo para todos.<\/p>\n<h3>A\u00a05\u00aa cidade mais cara da Am\u00e9rica Latina<\/h3>\n<p>Levando em considera\u00e7\u00e3o o valor dos alugu\u00e9is, dos produtos nos supermercados, do valor das comidas em restaurantes, e o poder de compra local,\u00a0<strong>S\u00e3o Paulo \u00e9 a quinta cidade com maior custo de vida da Am\u00e9rica Latina.<\/strong><\/p>\n<p>Na lista, a capital paulista fica atr\u00e1s de Montevid\u00e9u, no Uruguai; Santiago, no Chile; Georgetown, na Guiana; e Caracas, na Venezuela.<\/p>\n<p>J\u00e1 quando olhamos apenas para Brasil, a cidade fica em primeiro lugar, seguido por Rio de Janeiro (RJ); Bras\u00edlia (DF); Campinas (SP); Florian\u00f3polis.<\/p>\n<p>VEJA TAMB\u00c9M:\u00a0<a href=\"https:\/\/redenoticiaz.com.br\/barretos-regiao\/sp\/2023\/01\/22\/sao-paulo-entra-na-lista-dos-top-10-destinos-tendencia-no-mundo-para-viajar-em-2023\">S\u00e3o Paulo entra na lista dos top 10 destinos tend\u00eancia no mundo para viajar em 2023<\/a><\/p>\n<p>&nbsp;<\/p>\n","protected":false},"excerpt":{"rendered":"<p>Um brinde a S\u00e3o Paulo, nesta quarta-feira (25), a cidade completa 469 anos.\u00a0A capital que chama aten\u00e7\u00e3o pela sua grandeza tamb\u00e9m aponta diante das ruas a sua desigualdade; uma cidade de extremos, mas mesmo com muito a melhorar ela cativa quem a conhece. Uma cidade tur\u00edstica, segundo dados do Observat\u00f3rio do\u00a0Turismo e Eventos da prefeitura &hellip;<\/p>\n","protected":false},"author":15,"featured_media":99510,"comment_status":"open","ping_status":"closed","sticky":false,"template":"","format":"standard","meta":{"footnotes":""},"categories":[2,169,3385,23],"tags":[62853,62854,1300,62855,23869,105,65],"class_list":["post-99509","post","type-post","status-publish","format-standard","has-post-thumbnail","hentry","category-cidades","category-cultura","category-gastronomia","category-saude","tag-469-anos","tag-cidade-mais-cara-da-america-latina","tag-cultura","tag-desigualdade","tag-gastronomia","tag-lazer","tag-sao-paulo"],"yoast_head":"<!-- This site is optimized with the Yoast SEO plugin v27.5 - https:\/\/yoast.com\/product\/yoast-seo-wordpress\/ -->\n<title>S\u00e3o Paulo completa 469 anos: Grandiosa, a 5\u00b0 cidade mais cara da Am\u00e9rica Latina, ainda oferece desigualdade - Litoral SP<\/title>\n<meta name=\"description\" content=\"Um brinde a S\u00e3o Paulo, nesta quarta-feira (25), a cidade completa 469 anos. A capital que chama aten\u00e7\u00e3o pela sua grandeza tamb\u00e9m aponta...\" \/>\n<meta name=\"robots\" content=\"index, follow, max-snippet:-1, max-image-preview:large, max-video-preview:-1\" \/>\n<link rel=\"canonical\" href=\"https:\/\/redenoticiaz.com.br\/litoralsp\/2023\/01\/25\/sao-paulo-completa-469-anos-grandiosa-a-5-cidade-mais-cara-da-america-latina-ainda-oferece-desigualdade\" \/>\n<meta property=\"og:locale\" content=\"pt_BR\" \/>\n<meta property=\"og:type\" content=\"article\" \/>\n<meta property=\"og:title\" content=\"S\u00e3o Paulo completa 469 anos: Grandiosa, a 5\u00b0 cidade mais cara da Am\u00e9rica Latina, ainda oferece desigualdade - Litoral SP\" \/>\n<meta property=\"og:description\" content=\"Um brinde a S\u00e3o Paulo, nesta quarta-feira (25), a cidade completa 469 anos. A capital que chama aten\u00e7\u00e3o pela sua grandeza tamb\u00e9m aponta...\" \/>\n<meta property=\"og:url\" content=\"https:\/\/redenoticiaz.com.br\/litoralsp\/2023\/01\/25\/sao-paulo-completa-469-anos-grandiosa-a-5-cidade-mais-cara-da-america-latina-ainda-oferece-desigualdade\" \/>\n<meta property=\"og:site_name\" content=\"Litoral SP\" \/>\n<meta property=\"article:published_time\" content=\"2023-01-25T12:30:41+00:00\" \/>\n<meta property=\"og:image\" content=\"https:\/\/redenoticiaz.com.br\/litoralsp\/wp-content\/uploads\/sites\/3\/2023\/01\/Sao-Paulo-completa-469-anosGrandiosa-a-5\u00b0-cidade-mais-cara-da-America-Latina-ainda-oferece-desigualdade.jpeg\" \/>\n\t<meta property=\"og:image:width\" content=\"736\" \/>\n\t<meta property=\"og:image:height\" content=\"490\" \/>\n\t<meta property=\"og:image:type\" content=\"image\/jpeg\" \/>\n<meta name=\"twitter:card\" content=\"summary_large_image\" \/>\n<meta name=\"twitter:label1\" content=\"Escrito por\" \/>\n\t<meta name=\"twitter:data1\" content=\"\" \/>\n\t<meta name=\"twitter:label2\" content=\"Est. tempo de leitura\" \/>\n\t<meta name=\"twitter:data2\" content=\"3 minutos\" \/>\n<script type=\"application\/ld+json\" class=\"yoast-schema-graph\">{\"@context\":\"https:\\\/\\\/schema.org\",\"@graph\":[{\"@type\":\"Article\",\"@id\":\"https:\\\/\\\/redenoticiaz.com.br\\\/litoralsp\\\/2023\\\/01\\\/25\\\/sao-paulo-completa-469-anos-grandiosa-a-5-cidade-mais-cara-da-america-latina-ainda-oferece-desigualdade#article\",\"isPartOf\":{\"@id\":\"https:\\\/\\\/redenoticiaz.com.br\\\/litoralsp\\\/2023\\\/01\\\/25\\\/sao-paulo-completa-469-anos-grandiosa-a-5-cidade-mais-cara-da-america-latina-ainda-oferece-desigualdade\"},\"author\":{\"name\":\"\",\"@id\":\"\"},\"headline\":\"S\u00e3o Paulo completa 469 anos: Grandiosa, a 5\u00b0 cidade mais cara da Am\u00e9rica Latina, ainda oferece desigualdade\",\"datePublished\":\"2023-01-25T12:30:41+00:00\",\"mainEntityOfPage\":{\"@id\":\"https:\\\/\\\/redenoticiaz.com.br\\\/litoralsp\\\/2023\\\/01\\\/25\\\/sao-paulo-completa-469-anos-grandiosa-a-5-cidade-mais-cara-da-america-latina-ainda-oferece-desigualdade\"},\"wordCount\":501,\"commentCount\":0,\"publisher\":{\"@id\":\"https:\\\/\\\/redenoticiaz.com.br\\\/litoralsp\\\/#organization\"},\"image\":{\"@id\":\"https:\\\/\\\/redenoticiaz.com.br\\\/litoralsp\\\/2023\\\/01\\\/25\\\/sao-paulo-completa-469-anos-grandiosa-a-5-cidade-mais-cara-da-america-latina-ainda-oferece-desigualdade#primaryimage\"},\"thumbnailUrl\":\"https:\\\/\\\/redenoticiaz.com.br\\\/litoralsp\\\/wp-content\\\/uploads\\\/sites\\\/3\\\/2023\\\/01\\\/Sao-Paulo-completa-469-anosGrandiosa-a-5\u00b0-cidade-mais-cara-da-America-Latina-ainda-oferece-desigualdade.jpeg\",\"keywords\":[\"469 ANOS\",\"CIDADE MAIS CARA DA AM\u00c9RICA LATINA\",\"CULTURA\",\"DESIGUALDADE\",\"GASTRONOMIA\",\"LAZER\",\"S\u00e3o Paulo\"],\"articleSection\":[\"Cidades\",\"Cultura\",\"Gastronomia\",\"Sa\u00fade\"],\"inLanguage\":\"pt-BR\",\"potentialAction\":[{\"@type\":\"CommentAction\",\"name\":\"Comment\",\"target\":[\"https:\\\/\\\/redenoticiaz.com.br\\\/litoralsp\\\/2023\\\/01\\\/25\\\/sao-paulo-completa-469-anos-grandiosa-a-5-cidade-mais-cara-da-america-latina-ainda-oferece-desigualdade#respond\"]}]},{\"@type\":\"WebPage\",\"@id\":\"https:\\\/\\\/redenoticiaz.com.br\\\/litoralsp\\\/2023\\\/01\\\/25\\\/sao-paulo-completa-469-anos-grandiosa-a-5-cidade-mais-cara-da-america-latina-ainda-oferece-desigualdade\",\"url\":\"https:\\\/\\\/redenoticiaz.com.br\\\/litoralsp\\\/2023\\\/01\\\/25\\\/sao-paulo-completa-469-anos-grandiosa-a-5-cidade-mais-cara-da-america-latina-ainda-oferece-desigualdade\",\"name\":\"S\u00e3o Paulo completa 469 anos: Grandiosa, a 5\u00b0 cidade mais cara da Am\u00e9rica Latina, ainda oferece desigualdade - Litoral SP\",\"isPartOf\":{\"@id\":\"https:\\\/\\\/redenoticiaz.com.br\\\/litoralsp\\\/#website\"},\"primaryImageOfPage\":{\"@id\":\"https:\\\/\\\/redenoticiaz.com.br\\\/litoralsp\\\/2023\\\/01\\\/25\\\/sao-paulo-completa-469-anos-grandiosa-a-5-cidade-mais-cara-da-america-latina-ainda-oferece-desigualdade#primaryimage\"},\"image\":{\"@id\":\"https:\\\/\\\/redenoticiaz.com.br\\\/litoralsp\\\/2023\\\/01\\\/25\\\/sao-paulo-completa-469-anos-grandiosa-a-5-cidade-mais-cara-da-america-latina-ainda-oferece-desigualdade#primaryimage\"},\"thumbnailUrl\":\"https:\\\/\\\/redenoticiaz.com.br\\\/litoralsp\\\/wp-content\\\/uploads\\\/sites\\\/3\\\/2023\\\/01\\\/Sao-Paulo-completa-469-anosGrandiosa-a-5\u00b0-cidade-mais-cara-da-America-Latina-ainda-oferece-desigualdade.jpeg\",\"datePublished\":\"2023-01-25T12:30:41+00:00\",\"description\":\"Um brinde a S\u00e3o Paulo, nesta quarta-feira (25), a cidade completa 469 anos. A capital que chama aten\u00e7\u00e3o pela sua grandeza tamb\u00e9m aponta...\",\"inLanguage\":\"pt-BR\",\"potentialAction\":[{\"@type\":\"ReadAction\",\"target\":[\"https:\\\/\\\/redenoticiaz.com.br\\\/litoralsp\\\/2023\\\/01\\\/25\\\/sao-paulo-completa-469-anos-grandiosa-a-5-cidade-mais-cara-da-america-latina-ainda-oferece-desigualdade\"]}]},{\"@type\":\"ImageObject\",\"inLanguage\":\"pt-BR\",\"@id\":\"https:\\\/\\\/redenoticiaz.com.br\\\/litoralsp\\\/2023\\\/01\\\/25\\\/sao-paulo-completa-469-anos-grandiosa-a-5-cidade-mais-cara-da-america-latina-ainda-oferece-desigualdade#primaryimage\",\"url\":\"https:\\\/\\\/redenoticiaz.com.br\\\/litoralsp\\\/wp-content\\\/uploads\\\/sites\\\/3\\\/2023\\\/01\\\/Sao-Paulo-completa-469-anosGrandiosa-a-5\u00b0-cidade-mais-cara-da-America-Latina-ainda-oferece-desigualdade.jpeg\",\"contentUrl\":\"https:\\\/\\\/redenoticiaz.com.br\\\/litoralsp\\\/wp-content\\\/uploads\\\/sites\\\/3\\\/2023\\\/01\\\/Sao-Paulo-completa-469-anosGrandiosa-a-5\u00b0-cidade-mais-cara-da-America-Latina-ainda-oferece-desigualdade.jpeg\",\"width\":736,\"height\":490,\"caption\":\"S\u00e3o Paulo tem 25 mil quil\u00f4metros de rua.\"},{\"@type\":\"WebSite\",\"@id\":\"https:\\\/\\\/redenoticiaz.com.br\\\/litoralsp\\\/#website\",\"url\":\"https:\\\/\\\/redenoticiaz.com.br\\\/litoralsp\\\/\",\"name\":\"Litoral SP\",\"description\":\"Rede NoticiaZ\",\"publisher\":{\"@id\":\"https:\\\/\\\/redenoticiaz.com.br\\\/litoralsp\\\/#organization\"},\"potentialAction\":[{\"@type\":\"SearchAction\",\"target\":{\"@type\":\"EntryPoint\",\"urlTemplate\":\"https:\\\/\\\/redenoticiaz.com.br\\\/litoralsp\\\/?s={search_term_string}\"},\"query-input\":{\"@type\":\"PropertyValueSpecification\",\"valueRequired\":true,\"valueName\":\"search_term_string\"}}],\"inLanguage\":\"pt-BR\"},{\"@type\":\"Organization\",\"@id\":\"https:\\\/\\\/redenoticiaz.com.br\\\/litoralsp\\\/#organization\",\"name\":\"Litoral SP\",\"url\":\"https:\\\/\\\/redenoticiaz.com.br\\\/litoralsp\\\/\",\"logo\":{\"@type\":\"ImageObject\",\"inLanguage\":\"pt-BR\",\"@id\":\"https:\\\/\\\/redenoticiaz.com.br\\\/litoralsp\\\/#\\\/schema\\\/logo\\\/image\\\/\",\"url\":\"https:\\\/\\\/redenoticiaz.com.br\\\/litoralsp\\\/wp-content\\\/uploads\\\/sites\\\/3\\\/2020\\\/11\\\/logo.jpg\",\"contentUrl\":\"https:\\\/\\\/redenoticiaz.com.br\\\/litoralsp\\\/wp-content\\\/uploads\\\/sites\\\/3\\\/2020\\\/11\\\/logo.jpg\",\"width\":400,\"height\":250,\"caption\":\"Litoral SP\"},\"image\":{\"@id\":\"https:\\\/\\\/redenoticiaz.com.br\\\/litoralsp\\\/#\\\/schema\\\/logo\\\/image\\\/\"}},{\"@type\":\"Person\",\"@id\":\"\",\"url\":\"https:\\\/\\\/redenoticiaz.com.br\\\/litoralsp\\\/author\"}]}<\/script>\n<!-- \/ Yoast SEO plugin. -->","yoast_head_json":{"title":"S\u00e3o Paulo completa 469 anos: Grandiosa, a 5\u00b0 cidade mais cara da Am\u00e9rica Latina, ainda oferece desigualdade - Litoral SP","description":"Um brinde a S\u00e3o Paulo, nesta quarta-feira (25), a cidade completa 469 anos. A capital que chama aten\u00e7\u00e3o pela sua grandeza tamb\u00e9m aponta...","robots":{"index":"index","follow":"follow","max-snippet":"max-snippet:-1","max-image-preview":"max-image-preview:large","max-video-preview":"max-video-preview:-1"},"canonical":"https:\/\/redenoticiaz.com.br\/litoralsp\/2023\/01\/25\/sao-paulo-completa-469-anos-grandiosa-a-5-cidade-mais-cara-da-america-latina-ainda-oferece-desigualdade","og_locale":"pt_BR","og_type":"article","og_title":"S\u00e3o Paulo completa 469 anos: Grandiosa, a 5\u00b0 cidade mais cara da Am\u00e9rica Latina, ainda oferece desigualdade - Litoral SP","og_description":"Um brinde a S\u00e3o Paulo, nesta quarta-feira (25), a cidade completa 469 anos. A capital que chama aten\u00e7\u00e3o pela sua grandeza tamb\u00e9m aponta...","og_url":"https:\/\/redenoticiaz.com.br\/litoralsp\/2023\/01\/25\/sao-paulo-completa-469-anos-grandiosa-a-5-cidade-mais-cara-da-america-latina-ainda-oferece-desigualdade","og_site_name":"Litoral SP","article_published_time":"2023-01-25T12:30:41+00:00","og_image":[{"width":736,"height":490,"url":"https:\/\/redenoticiaz.com.br\/litoralsp\/wp-content\/uploads\/sites\/3\/2023\/01\/Sao-Paulo-completa-469-anosGrandiosa-a-5\u00b0-cidade-mais-cara-da-America-Latina-ainda-oferece-desigualdade.jpeg","type":"image\/jpeg"}],"twitter_card":"summary_large_image","twitter_misc":{"Escrito por":"","Est. tempo de leitura":"3 minutos"},"schema":{"@context":"https:\/\/schema.org","@graph":[{"@type":"Article","@id":"https:\/\/redenoticiaz.com.br\/litoralsp\/2023\/01\/25\/sao-paulo-completa-469-anos-grandiosa-a-5-cidade-mais-cara-da-america-latina-ainda-oferece-desigualdade#article","isPartOf":{"@id":"https:\/\/redenoticiaz.com.br\/litoralsp\/2023\/01\/25\/sao-paulo-completa-469-anos-grandiosa-a-5-cidade-mais-cara-da-america-latina-ainda-oferece-desigualdade"},"author":{"name":"","@id":""},"headline":"S\u00e3o Paulo completa 469 anos: Grandiosa, a 5\u00b0 cidade mais cara da Am\u00e9rica Latina, ainda oferece desigualdade","datePublished":"2023-01-25T12:30:41+00:00","mainEntityOfPage":{"@id":"https:\/\/redenoticiaz.com.br\/litoralsp\/2023\/01\/25\/sao-paulo-completa-469-anos-grandiosa-a-5-cidade-mais-cara-da-america-latina-ainda-oferece-desigualdade"},"wordCount":501,"commentCount":0,"publisher":{"@id":"https:\/\/redenoticiaz.com.br\/litoralsp\/#organization"},"image":{"@id":"https:\/\/redenoticiaz.com.br\/litoralsp\/2023\/01\/25\/sao-paulo-completa-469-anos-grandiosa-a-5-cidade-mais-cara-da-america-latina-ainda-oferece-desigualdade#primaryimage"},"thumbnailUrl":"https:\/\/redenoticiaz.com.br\/litoralsp\/wp-content\/uploads\/sites\/3\/2023\/01\/Sao-Paulo-completa-469-anosGrandiosa-a-5\u00b0-cidade-mais-cara-da-America-Latina-ainda-oferece-desigualdade.jpeg","keywords":["469 ANOS","CIDADE MAIS CARA DA AM\u00c9RICA LATINA","CULTURA","DESIGUALDADE","GASTRONOMIA","LAZER","S\u00e3o Paulo"],"articleSection":["Cidades","Cultura","Gastronomia","Sa\u00fade"],"inLanguage":"pt-BR","potentialAction":[{"@type":"CommentAction","name":"Comment","target":["https:\/\/redenoticiaz.com.br\/litoralsp\/2023\/01\/25\/sao-paulo-completa-469-anos-grandiosa-a-5-cidade-mais-cara-da-america-latina-ainda-oferece-desigualdade#respond"]}]},{"@type":"WebPage","@id":"https:\/\/redenoticiaz.com.br\/litoralsp\/2023\/01\/25\/sao-paulo-completa-469-anos-grandiosa-a-5-cidade-mais-cara-da-america-latina-ainda-oferece-desigualdade","url":"https:\/\/redenoticiaz.com.br\/litoralsp\/2023\/01\/25\/sao-paulo-completa-469-anos-grandiosa-a-5-cidade-mais-cara-da-america-latina-ainda-oferece-desigualdade","name":"S\u00e3o Paulo completa 469 anos: Grandiosa, a 5\u00b0 cidade mais cara da Am\u00e9rica Latina, ainda oferece desigualdade - Litoral SP","isPartOf":{"@id":"https:\/\/redenoticiaz.com.br\/litoralsp\/#website"},"primaryImageOfPage":{"@id":"https:\/\/redenoticiaz.com.br\/litoralsp\/2023\/01\/25\/sao-paulo-completa-469-anos-grandiosa-a-5-cidade-mais-cara-da-america-latina-ainda-oferece-desigualdade#primaryimage"},"image":{"@id":"https:\/\/redenoticiaz.com.br\/litoralsp\/2023\/01\/25\/sao-paulo-completa-469-anos-grandiosa-a-5-cidade-mais-cara-da-america-latina-ainda-oferece-desigualdade#primaryimage"},"thumbnailUrl":"https:\/\/redenoticiaz.com.br\/litoralsp\/wp-content\/uploads\/sites\/3\/2023\/01\/Sao-Paulo-completa-469-anosGrandiosa-a-5\u00b0-cidade-mais-cara-da-America-Latina-ainda-oferece-desigualdade.jpeg","datePublished":"2023-01-25T12:30:41+00:00","description":"Um brinde a S\u00e3o Paulo, nesta quarta-feira (25), a cidade completa 469 anos. A capital que chama aten\u00e7\u00e3o pela sua grandeza tamb\u00e9m aponta...","inLanguage":"pt-BR","potentialAction":[{"@type":"ReadAction","target":["https:\/\/redenoticiaz.com.br\/litoralsp\/2023\/01\/25\/sao-paulo-completa-469-anos-grandiosa-a-5-cidade-mais-cara-da-america-latina-ainda-oferece-desigualdade"]}]},{"@type":"ImageObject","inLanguage":"pt-BR","@id":"https:\/\/redenoticiaz.com.br\/litoralsp\/2023\/01\/25\/sao-paulo-completa-469-anos-grandiosa-a-5-cidade-mais-cara-da-america-latina-ainda-oferece-desigualdade#primaryimage","url":"https:\/\/redenoticiaz.com.br\/litoralsp\/wp-content\/uploads\/sites\/3\/2023\/01\/Sao-Paulo-completa-469-anosGrandiosa-a-5\u00b0-cidade-mais-cara-da-America-Latina-ainda-oferece-desigualdade.jpeg","contentUrl":"https:\/\/redenoticiaz.com.br\/litoralsp\/wp-content\/uploads\/sites\/3\/2023\/01\/Sao-Paulo-completa-469-anosGrandiosa-a-5\u00b0-cidade-mais-cara-da-America-Latina-ainda-oferece-desigualdade.jpeg","width":736,"height":490,"caption":"S\u00e3o Paulo tem 25 mil quil\u00f4metros de rua."},{"@type":"WebSite","@id":"https:\/\/redenoticiaz.com.br\/litoralsp\/#website","url":"https:\/\/redenoticiaz.com.br\/litoralsp\/","name":"Litoral SP","description":"Rede NoticiaZ","publisher":{"@id":"https:\/\/redenoticiaz.com.br\/litoralsp\/#organization"},"potentialAction":[{"@type":"SearchAction","target":{"@type":"EntryPoint","urlTemplate":"https:\/\/redenoticiaz.com.br\/litoralsp\/?s={search_term_string}"},"query-input":{"@type":"PropertyValueSpecification","valueRequired":true,"valueName":"search_term_string"}}],"inLanguage":"pt-BR"},{"@type":"Organization","@id":"https:\/\/redenoticiaz.com.br\/litoralsp\/#organization","name":"Litoral SP","url":"https:\/\/redenoticiaz.com.br\/litoralsp\/","logo":{"@type":"ImageObject","inLanguage":"pt-BR","@id":"https:\/\/redenoticiaz.com.br\/litoralsp\/#\/schema\/logo\/image\/","url":"https:\/\/redenoticiaz.com.br\/litoralsp\/wp-content\/uploads\/sites\/3\/2020\/11\/logo.jpg","contentUrl":"https:\/\/redenoticiaz.com.br\/litoralsp\/wp-content\/uploads\/sites\/3\/2020\/11\/logo.jpg","width":400,"height":250,"caption":"Litoral SP"},"image":{"@id":"https:\/\/redenoticiaz.com.br\/litoralsp\/#\/schema\/logo\/image\/"}},{"@type":"Person","@id":"","url":"https:\/\/redenoticiaz.com.br\/litoralsp\/author"}]}},"_links":{"self":[{"href":"https:\/\/redenoticiaz.com.br\/litoralsp\/wp-json\/wp\/v2\/posts\/99509","targetHints":{"allow":["GET"]}}],"collection":[{"href":"https:\/\/redenoticiaz.com.br\/litoralsp\/wp-json\/wp\/v2\/posts"}],"about":[{"href":"https:\/\/redenoticiaz.com.br\/litoralsp\/wp-json\/wp\/v2\/types\/post"}],"author":[{"embeddable":true,"href":"https:\/\/redenoticiaz.com.br\/litoralsp\/wp-json\/wp\/v2\/users\/15"}],"replies":[{"embeddable":true,"href":"https:\/\/redenoticiaz.com.br\/litoralsp\/wp-json\/wp\/v2\/comments?post=99509"}],"version-history":[{"count":0,"href":"https:\/\/redenoticiaz.com.br\/litoralsp\/wp-json\/wp\/v2\/posts\/99509\/revisions"}],"wp:featuredmedia":[{"embeddable":true,"href":"https:\/\/redenoticiaz.com.br\/litoralsp\/wp-json\/wp\/v2\/media\/99510"}],"wp:attachment":[{"href":"https:\/\/redenoticiaz.com.br\/litoralsp\/wp-json\/wp\/v2\/media?parent=99509"}],"wp:term":[{"taxonomy":"category","embeddable":true,"href":"https:\/\/redenoticiaz.com.br\/litoralsp\/wp-json\/wp\/v2\/categories?post=99509"},{"taxonomy":"post_tag","embeddable":true,"href":"https:\/\/redenoticiaz.com.br\/litoralsp\/wp-json\/wp\/v2\/tags?post=99509"}],"curies":[{"name":"wp","href":"https:\/\/api.w.org\/{rel}","templated":true}]}}