{"id":99564,"date":"2023-01-26T08:18:18","date_gmt":"2023-01-26T11:18:18","guid":{"rendered":"https:\/\/redenoticiaz.com.br\/litoralsp\/2023\/01\/26\/video-imagens-mostram-detalhes-da-invasao-e-depredacao-dos-atos-antidemocraticos-em-brasilia"},"modified":"2023-01-26T08:26:31","modified_gmt":"2023-01-26T11:26:31","slug":"video-imagens-mostram-detalhes-da-invasao-e-depredacao-dos-atos-antidemocraticos-em-brasilia","status":"publish","type":"post","link":"https:\/\/redenoticiaz.com.br\/litoralsp\/2023\/01\/26\/video-imagens-mostram-detalhes-da-invasao-e-depredacao-dos-atos-antidemocraticos-em-brasilia","title":{"rendered":"V\u00cdDEO \u2013 Imagens mostram detalhes da invas\u00e3o e depreda\u00e7\u00e3o dos atos antidemocr\u00e1ticos em Bras\u00edlia"},"content":{"rendered":"<p>Foram mostradas nessa quarta-feira (25), <strong>novas imagens dos ataques e das manifesta\u00e7\u00f5es antidemocr\u00e1ticas<\/strong> que depredaram os im\u00f3veis dos tr\u00eas poderes. A a\u00e7\u00e3o ocorreu no dia 8 de janeiro, uma semana depois da posse do presidente Luiz In\u00e1cio Lula da Silva (PT). A estimativa \u00e9 que 3,8 mil pessoas teriam participado dos atos antidemocr\u00e1ticos.<\/p>\n<p>Os v\u00eddeos est\u00e3o em poder da Pol\u00edcia Federal (PF) para auxiliar\u00a0na investiga\u00e7\u00e3o dos fatos e na identifica\u00e7\u00e3o dos v\u00e2ndalos.<\/p>\n<p>Eles captaram os momentos que antecederam a depreda\u00e7\u00e3o do Supremo e\u00a0mostram a a\u00e7\u00e3o dos agentes da Pol\u00edcia Judici\u00e1ria para tentar conter os manifestantes, que tentaram entrar simultaneamente pela frente e pelo lado do edif\u00edcio-sede.<\/p>\n<p>Tamb\u00e9m \u00e9 poss\u00edvel ver\u00a0o recuo da tropa ap\u00f3s a invas\u00e3o e o momento da retomada da situa\u00e7\u00e3o, que contou com ajuda de policiais do Batalh\u00e3o de Opera\u00e7\u00f5es Especiais (BOPE) da Policia Militar do Distrito Federal e do Comando de Opera\u00e7\u00f5es T\u00e1ticas (COT), grupo de elite da PF.<\/p>\n<p>Imagens feitas pela <strong>Ag\u00eancia Brasil<\/strong> no dia dos ataques mostram a depreda\u00e7\u00e3o do pr\u00e9dio do Supremo.<\/p>\n<h3>Veja os v\u00eddeos:<\/h3>\n<div class=\"wp-playlist wp-video-playlist wp-playlist-light\">\n\t\t<video controls=\"controls\" preload=\"none\" width=\"640\"\n\t\t height=\"524\"\t><\/video>\n\t<div class=\"wp-playlist-next\"><\/div>\n\t<div class=\"wp-playlist-prev\"><\/div>\n\t<noscript>\n\t<ol>\n\t\t<li><a href='https:\/\/redenoticiaz.com.br\/litoralsp\/wp-content\/uploads\/sites\/3\/2023\/01\/videoplayback.mp4'>manifesta\u00e7\u00e3o antidemocr\u00e1tica<\/a><\/li><li><a href='https:\/\/redenoticiaz.com.br\/litoralsp\/wp-content\/uploads\/sites\/3\/2023\/01\/videoplayback-inv.mp4'>invas\u00e3o antidemocr\u00e1tica<\/a><\/li><li><a href='https:\/\/redenoticiaz.com.br\/litoralsp\/wp-content\/uploads\/sites\/3\/2023\/01\/videoplayback-conf.mp4'>confus\u00e3o bras\u00edlia<\/a><\/li>\t<\/ol>\n\t<\/noscript>\n\t<script type=\"application\/json\" class=\"wp-playlist-script\">{\"type\":\"video\",\"tracklist\":true,\"tracknumbers\":true,\"images\":true,\"artists\":true,\"tracks\":[{\"src\":\"https:\/\/redenoticiaz.com.br\/litoralsp\/wp-content\/uploads\/sites\/3\/2023\/01\/videoplayback.mp4\",\"type\":\"video\/mp4\",\"title\":\"manifesta\\u00e7\\u00e3o antidemocr\\u00e1tica\",\"caption\":\"\",\"description\":\"\",\"meta\":{\"length_formatted\":\"0:24\"},\"dimensions\":{\"original\":{\"width\":440,\"height\":360},\"resized\":{\"width\":640,\"height\":524}},\"image\":{\"src\":\"https:\/\/redenoticiaz.com.br\/litoralsp\/wp-includes\/images\/media\/video.svg\",\"width\":48,\"height\":64},\"thumb\":{\"src\":\"https:\/\/redenoticiaz.com.br\/litoralsp\/wp-includes\/images\/media\/video.svg\",\"width\":48,\"height\":64}},{\"src\":\"https:\/\/redenoticiaz.com.br\/litoralsp\/wp-content\/uploads\/sites\/3\/2023\/01\/videoplayback-inv.mp4\",\"type\":\"video\/mp4\",\"title\":\"invas\\u00e3o antidemocr\\u00e1tica\",\"caption\":\"\",\"description\":\"\",\"meta\":{\"length_formatted\":\"1:30\"},\"dimensions\":{\"original\":{\"width\":640,\"height\":360},\"resized\":{\"width\":640,\"height\":360}},\"image\":{\"src\":\"https:\/\/redenoticiaz.com.br\/litoralsp\/wp-includes\/images\/media\/video.svg\",\"width\":48,\"height\":64},\"thumb\":{\"src\":\"https:\/\/redenoticiaz.com.br\/litoralsp\/wp-includes\/images\/media\/video.svg\",\"width\":48,\"height\":64}},{\"src\":\"https:\/\/redenoticiaz.com.br\/litoralsp\/wp-content\/uploads\/sites\/3\/2023\/01\/videoplayback-conf.mp4\",\"type\":\"video\/mp4\",\"title\":\"confus\\u00e3o bras\\u00edlia\",\"caption\":\"\",\"description\":\"\",\"meta\":{\"length_formatted\":\"0:38\"},\"dimensions\":{\"original\":{\"width\":440,\"height\":360},\"resized\":{\"width\":640,\"height\":524}},\"image\":{\"src\":\"https:\/\/redenoticiaz.com.br\/litoralsp\/wp-includes\/images\/media\/video.svg\",\"width\":48,\"height\":64},\"thumb\":{\"src\":\"https:\/\/redenoticiaz.com.br\/litoralsp\/wp-includes\/images\/media\/video.svg\",\"width\":48,\"height\":64}}]}<\/script>\n<\/div>\n\t\n<p>Um dos v\u00eddeos que fazem parte da investiga\u00e7\u00e3o mostra que policiais n\u00e3o conseguiram impedir que golpistas chegassem ao Supremo. Uma barreira de prote\u00e7\u00e3o e um veiculo blindado (caveir\u00e3o) foram utilizados pela PM, mas os golpistas conseguiram romper a barreira e ir em dire\u00e7\u00e3o ao STF.<\/p>\n<p>Ao chegarem ao Supremo, os manifestantes foram recebidos com bombas de efeito moral, granadas de fuma\u00e7a e tiros de borracha. Contudo, homens da Policia Judici\u00e1ria tamb\u00e9m n\u00e3o conseguiram conter os golpistas e decidiram recuar para tentar proteger outras instala\u00e7\u00f5es da Corte, como os anexos 1 e 2, onde est\u00e3o localizados os setores administrativos e os gabinetes dos ministros. A estrat\u00e9gia foi impedir que os golpistas acessassem o subsolo do pr\u00e9dio. No local, oito golpistas foram presos pelas equipes do STF.<\/p>\n<p>V\u00eddeo feito por uma c\u00e2mera instalada na roupa de um dos seguran\u00e7as durante a a\u00e7\u00e3o\u00a0mostra a vis\u00e3o dos agentes. \u00c9 poss\u00edvel ouvir os tiros de festim, o barulho das bombas de efeito moral e os gritos de ordem dos golpistas.<\/p>\n<p>At\u00e9 o momento, a apura\u00e7\u00e3o preliminar dos fatos mostra que os golpistas tinham conhecimento pr\u00e9vio da localiza\u00e7\u00e3o das instala\u00e7\u00f5es do STF e usaram t\u00e1ticas de resist\u00eancia contra a pol\u00edcia, como uso de hidrantes e macas de brigadistas para quebrar c\u00e2meras de seguran\u00e7a e n\u00e3o serem identificados, uso da mangueira de inc\u00eandio para encharcar o local para amenizar os efeitos das bombas de g\u00e1s, al\u00e9m do uso de m\u00e1scaras de g\u00e1s, estilingues e de bandeiras do Brasil contra tiros de bala de borracha.<\/p>\n<h3>Descumprimento de acordo<\/h3>\n<p>Os mesmos investigadores apontam que a libera\u00e7\u00e3o da Esplanada dos Minist\u00e9rios pelo governo do Distrito Federal foi decisiva para invas\u00e3o do pr\u00e9dio. Um documento assinado por\u00a0STF, \u00a0PF,\u00a0PRF, \u00a0Detran e\u00a0C\u00e2mara dos Deputados previa o fechamento da avenida no caso da presen\u00e7a de manifestantes no local.<\/p>\n<p>Outro fator avaliado foi a falta de conten\u00e7\u00e3o dos protestos na Alameda dos Estados, localizada em frente ao Congresso Nacional.<\/p>\n<p>Logo ap\u00f3s a depreda\u00e7\u00e3o, o STF iniciou a reforma do edif\u00edcio-sede, onde est\u00e1 localizado o plen\u00e1rio da Corte. No dia 1\u00ba de fevereiro, a reforma deve ser finalizada e os ministros far\u00e3o a primeira sess\u00e3o presencial ap\u00f3s os atos golpistas.<\/p>\n<h3>Atos antidemocr\u00e1ticos<\/h3>\n<p>Desde que o presidente Luiz In\u00e1cio Lula da Silva foi eleito em segundo turno, no final de outubro, apoiadores do ex-presidente Jair Bolsonaro demonstram inconformismo com o resultado do pleito e pedem um golpe militar no pa\u00eds, para depor o governo eleito democraticamente.<\/p>\n<p>As manifesta\u00e7\u00f5es dos \u00faltimos meses inclu\u00edram acampamentos em diversos quart\u00e9is generais do pa\u00eds e culminaram com a invas\u00e3o e depreda\u00e7\u00e3o das sedes do Pal\u00e1cio do Planalto, do Supremo Tribunal Federal e do Congresso Nacional, em Bras\u00edlia, no dia 8 de janeiro.<\/p>\n<p><strong>LEIA TAMB\u00c9M<\/strong><\/p>\n<p><a href=\"https:\/\/redenoticiaz.com.br\/blog\/2023\/01\/20\/operacao-da-pf-cumpre-mandados-contra-envolvidos-em-atos-golpistas\">Opera\u00e7\u00e3o da PF cumpre mandados contra envolvidos em atos golpistas<\/a><\/p>\n","protected":false},"excerpt":{"rendered":"<p>Foram mostradas nessa quarta-feira (25), novas imagens dos ataques e das manifesta\u00e7\u00f5es antidemocr\u00e1ticas que depredaram os im\u00f3veis dos tr\u00eas poderes. A a\u00e7\u00e3o ocorreu no dia 8 de janeiro, uma semana depois da posse do presidente Luiz In\u00e1cio Lula da Silva (PT). A estimativa \u00e9 que 3,8 mil pessoas teriam participado dos atos antidemocr\u00e1ticos. Os v\u00eddeos &hellip;<\/p>\n","protected":false},"author":6,"featured_media":99565,"comment_status":"open","ping_status":"closed","sticky":false,"template":"","format":"standard","meta":{"footnotes":""},"categories":[10,15],"tags":[30715,15434,62883,33286],"class_list":["post-99564","post","type-post","status-publish","format-standard","has-post-thumbnail","hentry","category-policia","category-politica","tag-atos-antidemocraticos","tag-brasilia","tag-depredacoes","tag-manifestacoes"],"yoast_head":"<!-- This site is optimized with the Yoast SEO plugin v27.4 - https:\/\/yoast.com\/product\/yoast-seo-wordpress\/ -->\n<title>V\u00cdDEO \u2013 Imagens mostram detalhes da invas\u00e3o e depreda\u00e7\u00e3o dos atos antidemocr\u00e1ticos em Bras\u00edlia - Litoral SP<\/title>\n<meta name=\"description\" content=\"presidente Luiz In\u00e1cio Lula da Silva (PT). A estimativa \u00e9 que 3,8 mil pessoas teriam participado dos atos antidemocr\u00e1ticos.\" \/>\n<meta name=\"robots\" content=\"index, follow, max-snippet:-1, max-image-preview:large, max-video-preview:-1\" \/>\n<link rel=\"canonical\" href=\"https:\/\/redenoticiaz.com.br\/litoralsp\/2023\/01\/26\/video-imagens-mostram-detalhes-da-invasao-e-depredacao-dos-atos-antidemocraticos-em-brasilia\" \/>\n<meta property=\"og:locale\" content=\"pt_BR\" \/>\n<meta property=\"og:type\" content=\"article\" \/>\n<meta property=\"og:title\" content=\"V\u00cdDEO \u2013 Imagens mostram detalhes da invas\u00e3o e depreda\u00e7\u00e3o dos atos antidemocr\u00e1ticos em Bras\u00edlia - Litoral SP\" \/>\n<meta property=\"og:description\" content=\"presidente Luiz In\u00e1cio Lula da Silva (PT). A estimativa \u00e9 que 3,8 mil pessoas teriam participado dos atos antidemocr\u00e1ticos.\" \/>\n<meta property=\"og:url\" content=\"https:\/\/redenoticiaz.com.br\/litoralsp\/2023\/01\/26\/video-imagens-mostram-detalhes-da-invasao-e-depredacao-dos-atos-antidemocraticos-em-brasilia\" \/>\n<meta property=\"og:site_name\" content=\"Litoral SP\" \/>\n<meta property=\"article:published_time\" content=\"2023-01-26T11:18:18+00:00\" \/>\n<meta property=\"article:modified_time\" content=\"2023-01-26T11:26:31+00:00\" \/>\n<meta name=\"author\" content=\"Leonardo Francisco\" \/>\n<meta name=\"twitter:card\" content=\"summary_large_image\" \/>\n<meta name=\"twitter:image\" content=\"https:\/\/redenoticiaz.com.br\/litoralsp\/wp-content\/uploads\/sites\/3\/2023\/01\/manifestacao_mcamgo_abr_080120231818-5.jpg?v=1674731775\" \/>\n<meta name=\"twitter:label1\" content=\"Escrito por\" \/>\n\t<meta name=\"twitter:data1\" content=\"Leonardo Francisco\" \/>\n\t<meta name=\"twitter:label2\" content=\"Est. tempo de leitura\" \/>\n\t<meta name=\"twitter:data2\" content=\"4 minutos\" \/>\n<script type=\"application\/ld+json\" class=\"yoast-schema-graph\">{\"@context\":\"https:\\\/\\\/schema.org\",\"@graph\":[{\"@type\":\"Article\",\"@id\":\"https:\\\/\\\/redenoticiaz.com.br\\\/litoralsp\\\/2023\\\/01\\\/26\\\/video-imagens-mostram-detalhes-da-invasao-e-depredacao-dos-atos-antidemocraticos-em-brasilia#article\",\"isPartOf\":{\"@id\":\"https:\\\/\\\/redenoticiaz.com.br\\\/litoralsp\\\/2023\\\/01\\\/26\\\/video-imagens-mostram-detalhes-da-invasao-e-depredacao-dos-atos-antidemocraticos-em-brasilia\"},\"author\":{\"name\":\"Leonardo Francisco\",\"@id\":\"https:\\\/\\\/redenoticiaz.com.br\\\/litoralsp\\\/#\\\/schema\\\/person\\\/0f0b8a5bdafefe82841e07ae8d81ecb3\"},\"headline\":\"V\u00cdDEO \u2013 Imagens mostram detalhes da invas\u00e3o e depreda\u00e7\u00e3o dos atos antidemocr\u00e1ticos em Bras\u00edlia\",\"datePublished\":\"2023-01-26T11:18:18+00:00\",\"dateModified\":\"2023-01-26T11:26:31+00:00\",\"mainEntityOfPage\":{\"@id\":\"https:\\\/\\\/redenoticiaz.com.br\\\/litoralsp\\\/2023\\\/01\\\/26\\\/video-imagens-mostram-detalhes-da-invasao-e-depredacao-dos-atos-antidemocraticos-em-brasilia\"},\"wordCount\":736,\"commentCount\":0,\"publisher\":{\"@id\":\"https:\\\/\\\/redenoticiaz.com.br\\\/litoralsp\\\/#organization\"},\"image\":{\"@id\":\"https:\\\/\\\/redenoticiaz.com.br\\\/litoralsp\\\/2023\\\/01\\\/26\\\/video-imagens-mostram-detalhes-da-invasao-e-depredacao-dos-atos-antidemocraticos-em-brasilia#primaryimage\"},\"thumbnailUrl\":\"https:\\\/\\\/redenoticiaz.com.br\\\/litoralsp\\\/wp-content\\\/uploads\\\/sites\\\/3\\\/2023\\\/01\\\/manifestacao_mcamgo_abr_080120231818-5.jpg?v=1674731775\",\"keywords\":[\"ATOS ANTIDEMOCR\u00c1TICOS\",\"BRAS\u00cdLIA\",\"DEPREDA\u00c7\u00d5ES\",\"MANIFESTA\u00c7\u00d5ES\"],\"articleSection\":[\"Pol\u00edcia\",\"Pol\u00edtica\"],\"inLanguage\":\"pt-BR\",\"potentialAction\":[{\"@type\":\"CommentAction\",\"name\":\"Comment\",\"target\":[\"https:\\\/\\\/redenoticiaz.com.br\\\/litoralsp\\\/2023\\\/01\\\/26\\\/video-imagens-mostram-detalhes-da-invasao-e-depredacao-dos-atos-antidemocraticos-em-brasilia#respond\"]}]},{\"@type\":\"WebPage\",\"@id\":\"https:\\\/\\\/redenoticiaz.com.br\\\/litoralsp\\\/2023\\\/01\\\/26\\\/video-imagens-mostram-detalhes-da-invasao-e-depredacao-dos-atos-antidemocraticos-em-brasilia\",\"url\":\"https:\\\/\\\/redenoticiaz.com.br\\\/litoralsp\\\/2023\\\/01\\\/26\\\/video-imagens-mostram-detalhes-da-invasao-e-depredacao-dos-atos-antidemocraticos-em-brasilia\",\"name\":\"V\u00cdDEO \u2013 Imagens mostram detalhes da invas\u00e3o e depreda\u00e7\u00e3o dos atos antidemocr\u00e1ticos em Bras\u00edlia - Litoral SP\",\"isPartOf\":{\"@id\":\"https:\\\/\\\/redenoticiaz.com.br\\\/litoralsp\\\/#website\"},\"primaryImageOfPage\":{\"@id\":\"https:\\\/\\\/redenoticiaz.com.br\\\/litoralsp\\\/2023\\\/01\\\/26\\\/video-imagens-mostram-detalhes-da-invasao-e-depredacao-dos-atos-antidemocraticos-em-brasilia#primaryimage\"},\"image\":{\"@id\":\"https:\\\/\\\/redenoticiaz.com.br\\\/litoralsp\\\/2023\\\/01\\\/26\\\/video-imagens-mostram-detalhes-da-invasao-e-depredacao-dos-atos-antidemocraticos-em-brasilia#primaryimage\"},\"thumbnailUrl\":\"https:\\\/\\\/redenoticiaz.com.br\\\/litoralsp\\\/wp-content\\\/uploads\\\/sites\\\/3\\\/2023\\\/01\\\/manifestacao_mcamgo_abr_080120231818-5.jpg?v=1674731775\",\"datePublished\":\"2023-01-26T11:18:18+00:00\",\"dateModified\":\"2023-01-26T11:26:31+00:00\",\"description\":\"presidente Luiz In\u00e1cio Lula da Silva (PT). A estimativa \u00e9 que 3,8 mil pessoas teriam participado dos atos antidemocr\u00e1ticos.\",\"inLanguage\":\"pt-BR\",\"potentialAction\":[{\"@type\":\"ReadAction\",\"target\":[\"https:\\\/\\\/redenoticiaz.com.br\\\/litoralsp\\\/2023\\\/01\\\/26\\\/video-imagens-mostram-detalhes-da-invasao-e-depredacao-dos-atos-antidemocraticos-em-brasilia\"]}]},{\"@type\":\"ImageObject\",\"inLanguage\":\"pt-BR\",\"@id\":\"https:\\\/\\\/redenoticiaz.com.br\\\/litoralsp\\\/2023\\\/01\\\/26\\\/video-imagens-mostram-detalhes-da-invasao-e-depredacao-dos-atos-antidemocraticos-em-brasilia#primaryimage\",\"url\":\"https:\\\/\\\/redenoticiaz.com.br\\\/litoralsp\\\/wp-content\\\/uploads\\\/sites\\\/3\\\/2023\\\/01\\\/manifestacao_mcamgo_abr_080120231818-5.jpg?v=1674731775\",\"contentUrl\":\"https:\\\/\\\/redenoticiaz.com.br\\\/litoralsp\\\/wp-content\\\/uploads\\\/sites\\\/3\\\/2023\\\/01\\\/manifestacao_mcamgo_abr_080120231818-5.jpg?v=1674731775\",\"width\":1170,\"height\":700,\"caption\":\"Manifestantes invadem Congresso, STF e Pal\u00e1cio do Planalto. Cr\u00e9ditos: Divulga\u00e7\u00e3o\\\/Ag\u00eancia Brasil\"},{\"@type\":\"WebSite\",\"@id\":\"https:\\\/\\\/redenoticiaz.com.br\\\/litoralsp\\\/#website\",\"url\":\"https:\\\/\\\/redenoticiaz.com.br\\\/litoralsp\\\/\",\"name\":\"Litoral SP\",\"description\":\"Rede NoticiaZ\",\"publisher\":{\"@id\":\"https:\\\/\\\/redenoticiaz.com.br\\\/litoralsp\\\/#organization\"},\"potentialAction\":[{\"@type\":\"SearchAction\",\"target\":{\"@type\":\"EntryPoint\",\"urlTemplate\":\"https:\\\/\\\/redenoticiaz.com.br\\\/litoralsp\\\/?s={search_term_string}\"},\"query-input\":{\"@type\":\"PropertyValueSpecification\",\"valueRequired\":true,\"valueName\":\"search_term_string\"}}],\"inLanguage\":\"pt-BR\"},{\"@type\":\"Organization\",\"@id\":\"https:\\\/\\\/redenoticiaz.com.br\\\/litoralsp\\\/#organization\",\"name\":\"Litoral SP\",\"url\":\"https:\\\/\\\/redenoticiaz.com.br\\\/litoralsp\\\/\",\"logo\":{\"@type\":\"ImageObject\",\"inLanguage\":\"pt-BR\",\"@id\":\"https:\\\/\\\/redenoticiaz.com.br\\\/litoralsp\\\/#\\\/schema\\\/logo\\\/image\\\/\",\"url\":\"https:\\\/\\\/redenoticiaz.com.br\\\/litoralsp\\\/wp-content\\\/uploads\\\/sites\\\/3\\\/2020\\\/11\\\/logo.jpg\",\"contentUrl\":\"https:\\\/\\\/redenoticiaz.com.br\\\/litoralsp\\\/wp-content\\\/uploads\\\/sites\\\/3\\\/2020\\\/11\\\/logo.jpg\",\"width\":400,\"height\":250,\"caption\":\"Litoral SP\"},\"image\":{\"@id\":\"https:\\\/\\\/redenoticiaz.com.br\\\/litoralsp\\\/#\\\/schema\\\/logo\\\/image\\\/\"}},{\"@type\":\"Person\",\"@id\":\"https:\\\/\\\/redenoticiaz.com.br\\\/litoralsp\\\/#\\\/schema\\\/person\\\/0f0b8a5bdafefe82841e07ae8d81ecb3\",\"name\":\"Leonardo Francisco\",\"image\":{\"@type\":\"ImageObject\",\"inLanguage\":\"pt-BR\",\"@id\":\"https:\\\/\\\/secure.gravatar.com\\\/avatar\\\/a7358cb406a99b682ec6df1e77e31ae82e63601f6784e8a3df411d72b37864da?s=96&d=mm&r=g\",\"url\":\"https:\\\/\\\/secure.gravatar.com\\\/avatar\\\/a7358cb406a99b682ec6df1e77e31ae82e63601f6784e8a3df411d72b37864da?s=96&d=mm&r=g\",\"contentUrl\":\"https:\\\/\\\/secure.gravatar.com\\\/avatar\\\/a7358cb406a99b682ec6df1e77e31ae82e63601f6784e8a3df411d72b37864da?s=96&d=mm&r=g\",\"caption\":\"Leonardo Francisco\"},\"url\":\"https:\\\/\\\/redenoticiaz.com.br\\\/litoralsp\\\/author\\\/leonardo-francisco\"}]}<\/script>\n<!-- \/ Yoast SEO plugin. -->","yoast_head_json":{"title":"V\u00cdDEO \u2013 Imagens mostram detalhes da invas\u00e3o e depreda\u00e7\u00e3o dos atos antidemocr\u00e1ticos em Bras\u00edlia - Litoral SP","description":"presidente Luiz In\u00e1cio Lula da Silva (PT). A estimativa \u00e9 que 3,8 mil pessoas teriam participado dos atos antidemocr\u00e1ticos.","robots":{"index":"index","follow":"follow","max-snippet":"max-snippet:-1","max-image-preview":"max-image-preview:large","max-video-preview":"max-video-preview:-1"},"canonical":"https:\/\/redenoticiaz.com.br\/litoralsp\/2023\/01\/26\/video-imagens-mostram-detalhes-da-invasao-e-depredacao-dos-atos-antidemocraticos-em-brasilia","og_locale":"pt_BR","og_type":"article","og_title":"V\u00cdDEO \u2013 Imagens mostram detalhes da invas\u00e3o e depreda\u00e7\u00e3o dos atos antidemocr\u00e1ticos em Bras\u00edlia - Litoral SP","og_description":"presidente Luiz In\u00e1cio Lula da Silva (PT). A estimativa \u00e9 que 3,8 mil pessoas teriam participado dos atos antidemocr\u00e1ticos.","og_url":"https:\/\/redenoticiaz.com.br\/litoralsp\/2023\/01\/26\/video-imagens-mostram-detalhes-da-invasao-e-depredacao-dos-atos-antidemocraticos-em-brasilia","og_site_name":"Litoral SP","article_published_time":"2023-01-26T11:18:18+00:00","article_modified_time":"2023-01-26T11:26:31+00:00","author":"Leonardo Francisco","twitter_card":"summary_large_image","twitter_image":"https:\/\/redenoticiaz.com.br\/litoralsp\/wp-content\/uploads\/sites\/3\/2023\/01\/manifestacao_mcamgo_abr_080120231818-5.jpg?v=1674731775","twitter_misc":{"Escrito por":"Leonardo Francisco","Est. tempo de leitura":"4 minutos"},"schema":{"@context":"https:\/\/schema.org","@graph":[{"@type":"Article","@id":"https:\/\/redenoticiaz.com.br\/litoralsp\/2023\/01\/26\/video-imagens-mostram-detalhes-da-invasao-e-depredacao-dos-atos-antidemocraticos-em-brasilia#article","isPartOf":{"@id":"https:\/\/redenoticiaz.com.br\/litoralsp\/2023\/01\/26\/video-imagens-mostram-detalhes-da-invasao-e-depredacao-dos-atos-antidemocraticos-em-brasilia"},"author":{"name":"Leonardo Francisco","@id":"https:\/\/redenoticiaz.com.br\/litoralsp\/#\/schema\/person\/0f0b8a5bdafefe82841e07ae8d81ecb3"},"headline":"V\u00cdDEO \u2013 Imagens mostram detalhes da invas\u00e3o e depreda\u00e7\u00e3o dos atos antidemocr\u00e1ticos em Bras\u00edlia","datePublished":"2023-01-26T11:18:18+00:00","dateModified":"2023-01-26T11:26:31+00:00","mainEntityOfPage":{"@id":"https:\/\/redenoticiaz.com.br\/litoralsp\/2023\/01\/26\/video-imagens-mostram-detalhes-da-invasao-e-depredacao-dos-atos-antidemocraticos-em-brasilia"},"wordCount":736,"commentCount":0,"publisher":{"@id":"https:\/\/redenoticiaz.com.br\/litoralsp\/#organization"},"image":{"@id":"https:\/\/redenoticiaz.com.br\/litoralsp\/2023\/01\/26\/video-imagens-mostram-detalhes-da-invasao-e-depredacao-dos-atos-antidemocraticos-em-brasilia#primaryimage"},"thumbnailUrl":"https:\/\/redenoticiaz.com.br\/litoralsp\/wp-content\/uploads\/sites\/3\/2023\/01\/manifestacao_mcamgo_abr_080120231818-5.jpg?v=1674731775","keywords":["ATOS ANTIDEMOCR\u00c1TICOS","BRAS\u00cdLIA","DEPREDA\u00c7\u00d5ES","MANIFESTA\u00c7\u00d5ES"],"articleSection":["Pol\u00edcia","Pol\u00edtica"],"inLanguage":"pt-BR","potentialAction":[{"@type":"CommentAction","name":"Comment","target":["https:\/\/redenoticiaz.com.br\/litoralsp\/2023\/01\/26\/video-imagens-mostram-detalhes-da-invasao-e-depredacao-dos-atos-antidemocraticos-em-brasilia#respond"]}]},{"@type":"WebPage","@id":"https:\/\/redenoticiaz.com.br\/litoralsp\/2023\/01\/26\/video-imagens-mostram-detalhes-da-invasao-e-depredacao-dos-atos-antidemocraticos-em-brasilia","url":"https:\/\/redenoticiaz.com.br\/litoralsp\/2023\/01\/26\/video-imagens-mostram-detalhes-da-invasao-e-depredacao-dos-atos-antidemocraticos-em-brasilia","name":"V\u00cdDEO \u2013 Imagens mostram detalhes da invas\u00e3o e depreda\u00e7\u00e3o dos atos antidemocr\u00e1ticos em Bras\u00edlia - Litoral SP","isPartOf":{"@id":"https:\/\/redenoticiaz.com.br\/litoralsp\/#website"},"primaryImageOfPage":{"@id":"https:\/\/redenoticiaz.com.br\/litoralsp\/2023\/01\/26\/video-imagens-mostram-detalhes-da-invasao-e-depredacao-dos-atos-antidemocraticos-em-brasilia#primaryimage"},"image":{"@id":"https:\/\/redenoticiaz.com.br\/litoralsp\/2023\/01\/26\/video-imagens-mostram-detalhes-da-invasao-e-depredacao-dos-atos-antidemocraticos-em-brasilia#primaryimage"},"thumbnailUrl":"https:\/\/redenoticiaz.com.br\/litoralsp\/wp-content\/uploads\/sites\/3\/2023\/01\/manifestacao_mcamgo_abr_080120231818-5.jpg?v=1674731775","datePublished":"2023-01-26T11:18:18+00:00","dateModified":"2023-01-26T11:26:31+00:00","description":"presidente Luiz In\u00e1cio Lula da Silva (PT). A estimativa \u00e9 que 3,8 mil pessoas teriam participado dos atos antidemocr\u00e1ticos.","inLanguage":"pt-BR","potentialAction":[{"@type":"ReadAction","target":["https:\/\/redenoticiaz.com.br\/litoralsp\/2023\/01\/26\/video-imagens-mostram-detalhes-da-invasao-e-depredacao-dos-atos-antidemocraticos-em-brasilia"]}]},{"@type":"ImageObject","inLanguage":"pt-BR","@id":"https:\/\/redenoticiaz.com.br\/litoralsp\/2023\/01\/26\/video-imagens-mostram-detalhes-da-invasao-e-depredacao-dos-atos-antidemocraticos-em-brasilia#primaryimage","url":"https:\/\/redenoticiaz.com.br\/litoralsp\/wp-content\/uploads\/sites\/3\/2023\/01\/manifestacao_mcamgo_abr_080120231818-5.jpg?v=1674731775","contentUrl":"https:\/\/redenoticiaz.com.br\/litoralsp\/wp-content\/uploads\/sites\/3\/2023\/01\/manifestacao_mcamgo_abr_080120231818-5.jpg?v=1674731775","width":1170,"height":700,"caption":"Manifestantes invadem Congresso, STF e Pal\u00e1cio do Planalto. Cr\u00e9ditos: Divulga\u00e7\u00e3o\/Ag\u00eancia Brasil"},{"@type":"WebSite","@id":"https:\/\/redenoticiaz.com.br\/litoralsp\/#website","url":"https:\/\/redenoticiaz.com.br\/litoralsp\/","name":"Litoral SP","description":"Rede NoticiaZ","publisher":{"@id":"https:\/\/redenoticiaz.com.br\/litoralsp\/#organization"},"potentialAction":[{"@type":"SearchAction","target":{"@type":"EntryPoint","urlTemplate":"https:\/\/redenoticiaz.com.br\/litoralsp\/?s={search_term_string}"},"query-input":{"@type":"PropertyValueSpecification","valueRequired":true,"valueName":"search_term_string"}}],"inLanguage":"pt-BR"},{"@type":"Organization","@id":"https:\/\/redenoticiaz.com.br\/litoralsp\/#organization","name":"Litoral SP","url":"https:\/\/redenoticiaz.com.br\/litoralsp\/","logo":{"@type":"ImageObject","inLanguage":"pt-BR","@id":"https:\/\/redenoticiaz.com.br\/litoralsp\/#\/schema\/logo\/image\/","url":"https:\/\/redenoticiaz.com.br\/litoralsp\/wp-content\/uploads\/sites\/3\/2020\/11\/logo.jpg","contentUrl":"https:\/\/redenoticiaz.com.br\/litoralsp\/wp-content\/uploads\/sites\/3\/2020\/11\/logo.jpg","width":400,"height":250,"caption":"Litoral SP"},"image":{"@id":"https:\/\/redenoticiaz.com.br\/litoralsp\/#\/schema\/logo\/image\/"}},{"@type":"Person","@id":"https:\/\/redenoticiaz.com.br\/litoralsp\/#\/schema\/person\/0f0b8a5bdafefe82841e07ae8d81ecb3","name":"Leonardo Francisco","image":{"@type":"ImageObject","inLanguage":"pt-BR","@id":"https:\/\/secure.gravatar.com\/avatar\/a7358cb406a99b682ec6df1e77e31ae82e63601f6784e8a3df411d72b37864da?s=96&d=mm&r=g","url":"https:\/\/secure.gravatar.com\/avatar\/a7358cb406a99b682ec6df1e77e31ae82e63601f6784e8a3df411d72b37864da?s=96&d=mm&r=g","contentUrl":"https:\/\/secure.gravatar.com\/avatar\/a7358cb406a99b682ec6df1e77e31ae82e63601f6784e8a3df411d72b37864da?s=96&d=mm&r=g","caption":"Leonardo Francisco"},"url":"https:\/\/redenoticiaz.com.br\/litoralsp\/author\/leonardo-francisco"}]}},"_links":{"self":[{"href":"https:\/\/redenoticiaz.com.br\/litoralsp\/wp-json\/wp\/v2\/posts\/99564","targetHints":{"allow":["GET"]}}],"collection":[{"href":"https:\/\/redenoticiaz.com.br\/litoralsp\/wp-json\/wp\/v2\/posts"}],"about":[{"href":"https:\/\/redenoticiaz.com.br\/litoralsp\/wp-json\/wp\/v2\/types\/post"}],"author":[{"embeddable":true,"href":"https:\/\/redenoticiaz.com.br\/litoralsp\/wp-json\/wp\/v2\/users\/6"}],"replies":[{"embeddable":true,"href":"https:\/\/redenoticiaz.com.br\/litoralsp\/wp-json\/wp\/v2\/comments?post=99564"}],"version-history":[{"count":2,"href":"https:\/\/redenoticiaz.com.br\/litoralsp\/wp-json\/wp\/v2\/posts\/99564\/revisions"}],"predecessor-version":[{"id":99570,"href":"https:\/\/redenoticiaz.com.br\/litoralsp\/wp-json\/wp\/v2\/posts\/99564\/revisions\/99570"}],"wp:featuredmedia":[{"embeddable":true,"href":"https:\/\/redenoticiaz.com.br\/litoralsp\/wp-json\/wp\/v2\/media\/99565"}],"wp:attachment":[{"href":"https:\/\/redenoticiaz.com.br\/litoralsp\/wp-json\/wp\/v2\/media?parent=99564"}],"wp:term":[{"taxonomy":"category","embeddable":true,"href":"https:\/\/redenoticiaz.com.br\/litoralsp\/wp-json\/wp\/v2\/categories?post=99564"},{"taxonomy":"post_tag","embeddable":true,"href":"https:\/\/redenoticiaz.com.br\/litoralsp\/wp-json\/wp\/v2\/tags?post=99564"}],"curies":[{"name":"wp","href":"https:\/\/api.w.org\/{rel}","templated":true}]}}